{"id":51885,"date":"2016-09-01T00:06:52","date_gmt":"2016-09-01T05:06:52","guid":{"rendered":"http:\/\/www.reconoce.mx\/?p=51885"},"modified":"2016-09-01T22:12:58","modified_gmt":"2016-09-02T03:12:58","slug":"mis-mejores-dias-recuerdos-bellamente-filmados-de-la-juventud","status":"publish","type":"post","link":"https:\/\/www.reconoce.mx\/?p=51885","title":{"rendered":"\u00abMis mejores d\u00edas\u00bb, recuerdos bellamente filmados de la juventud"},"content":{"rendered":"<p><strong> Por <a title=\"@AsfaltosTweets\" href=\"http:\/\/twitter.com\/AsfaltosTweets\" target=\"_blank\">Asfaltos<\/a>.<\/strong><\/p>\n<p>\u00a1Ah, la juventud, divino tesoro! \u00bfQui\u00e9n no se ha puesto de melanc\u00f3lico de tan solo recordar aquellos d\u00edas que se fueron para no volver jam\u00e1s? Aquellos a\u00f1os de la infancia, en los que lo \u00fanico que nos importaba era divertirnos, jugar y pas\u00e1rnosla bien; o la juventud, en la que con la punzada cualquier chica o chico nos volv\u00eda absolutamente locos. Qu\u00e9 va, yo no extra\u00f1o nada de cuando cerca de los 20 me enamor\u00e9 por primera vez&#8230; va, para qu\u00e9 enga\u00f1arnos, s\u00ed, lo extra\u00f1o y mucho.<\/p>\n<p><img loading=\"lazy\" decoding=\"async\" class=\"aligncenter size-full wp-image-51886\" src=\"http:\/\/www.reconoce.mx\/wp-content\/uploads\/2016\/09\/CquQH7iUkAA5TS7.jpg-medium.jpg\" alt=\"CquQH7iUkAA5TS7.jpg medium\" width=\"810\" height=\"1200\" srcset=\"https:\/\/www.reconoce.mx\/wp-content\/uploads\/2016\/09\/CquQH7iUkAA5TS7.jpg-medium.jpg 810w, https:\/\/www.reconoce.mx\/wp-content\/uploads\/2016\/09\/CquQH7iUkAA5TS7.jpg-medium-203x300.jpg 203w, https:\/\/www.reconoce.mx\/wp-content\/uploads\/2016\/09\/CquQH7iUkAA5TS7.jpg-medium-768x1138.jpg 768w, https:\/\/www.reconoce.mx\/wp-content\/uploads\/2016\/09\/CquQH7iUkAA5TS7.jpg-medium-691x1024.jpg 691w, https:\/\/www.reconoce.mx\/wp-content\/uploads\/2016\/09\/CquQH7iUkAA5TS7.jpg-medium-150x222.jpg 150w, https:\/\/www.reconoce.mx\/wp-content\/uploads\/2016\/09\/CquQH7iUkAA5TS7.jpg-medium-700x1037.jpg 700w, https:\/\/www.reconoce.mx\/wp-content\/uploads\/2016\/09\/CquQH7iUkAA5TS7.jpg-medium-658x975.jpg 658w, https:\/\/www.reconoce.mx\/wp-content\/uploads\/2016\/09\/CquQH7iUkAA5TS7.jpg-medium-300x444.jpg 300w\" sizes=\"auto, (max-width: 810px) 100vw, 810px\" \/><\/p>\n<p>La historia de Paul Dedalus, quien se despide de una novia, amante o amiga, da inicio precisamente en ese recuerdo del ayer, comenzando por una dif\u00edcil infancia en la que deja patente lo mucho que odia a su madre, as\u00ed como lo tremendamente indiferente que le resulta su padre. Es as\u00ed que alist\u00e1ndose a dejar atr\u00e1s Tayikist\u00e1n, fijando rumbo a su natal Francia, basta con oir mencionar una vez m\u00e1s el nombre de la capital Par\u00eds para activarle una serie de recuerdos que llevar\u00e1n a Dedalus a recordar precisamente \u00abMis mejores d\u00edas\u00bb.<\/p>\n<p>Bellamente filmada, con un concepto en el de vez a vez los personajes nos hablan a nosotros como lo hacen con el propio Dedalus quien los recrea con su memoria, \u00abMis mejores d\u00edas\u00bb es una cinta preciosa en la que los recuerdos toman forma para adentrarnos de manera perfecta en una historia que no deja de atrapar nunca nuestra atenci\u00f3n. Es una pel\u00edcula que atrapa y que cautiva.<\/p>\n<p><img loading=\"lazy\" decoding=\"async\" src=\"http:\/\/www.reconoce.mx\/wp-content\/uploads\/2016\/09\/mejoresdias-2.png\" alt=\"mejoresdias-2\" width=\"590\" height=\"380\" class=\"aligncenter size-full wp-image-51893\" srcset=\"https:\/\/www.reconoce.mx\/wp-content\/uploads\/2016\/09\/mejoresdias-2.png 590w, https:\/\/www.reconoce.mx\/wp-content\/uploads\/2016\/09\/mejoresdias-2-300x193.png 300w, https:\/\/www.reconoce.mx\/wp-content\/uploads\/2016\/09\/mejoresdias-2-150x97.png 150w\" sizes=\"auto, (max-width: 590px) 100vw, 590px\" \/><\/p>\n<p>S\u00ed, como en cualquier otra juventud, hay excesos, fiestas, amigos, chicas y chicos, sin embargo, como tambi\u00e9n en cualquier otra juventud, hay un gran amor que es el que nos daremos cuenta que mueve los recuerdos de Paul Dedalus as\u00ed como los hilos de la historia en la cinta. Bien avanzada la cintam se nos deja evidente que el meollo del asunto es precisamente un gran amor que gana protagonismo. Ah\u00ed descubrimos tambi\u00e9n que la raz\u00f3n por la que si bien al principio parece no ser un gran asunto para Dedalus regresar a Francia y sobre todo a Par\u00eds, en realidad s\u00ed lo es y mucho.<\/p>\n<p>En la transici\u00f3n entre la infancia y la juventud, \u00abMis mejores d\u00edas\u00bb acierta en compartirnos sensaciones que nos har\u00e1n recrear vivencias personales que al final nos ligar\u00e1n con lo plasmado en pantalla, para de ese modo involucrarnos de manera perfecta con los personajes y conectar con lo presentado en la cinta. Todos los personajes presentes, en mayor o menor medida, logran conectarse con nosotros de modo tal que s\u00ed nos importa lo que les va a suceder a cada uno de ellos, y en especial a los dos principales.<\/p>\n<p><iframe loading=\"lazy\" src=\"https:\/\/www.youtube.com\/embed\/2vROYEVKeQ0\" width=\"590\" height=\"332\" frameborder=\"0\" allowfullscreen=\"allowfullscreen\"><\/iframe><\/p>\n<p>\u00a1Qu\u00e9 buenas actuaciones de los jovens\u00edsimos <strong>Quentin Dolmaire<\/strong> y <strong>Lou Roy-Lecollinet<\/strong>! Dirigidos de igual gran manera por el galardonad\u00edsimo <strong>Arnaud Desplechin<\/strong>, \u00abMis mejores d\u00edas\u00bb es sin duda una de esas recomendaciones de cine que no podemos dejar ir. \u00bfQuieren pasar un gran momento, no despegarse de la pantalla y adem\u00e1s reactivar alguno que otro recuerdo a nivel personal les haga pensar precisamente en sus mejores d\u00edas? No dejen de ir al cine a ver esta gran pel\u00edcula que estrenan este fin de semana los buenazos de <strong>:ND Mantarraya<\/strong>.<\/p>\n<p style=\"text-align: right;\">Con im\u00e1genes cortes\u00eda de <strong>:ND Mantarraya<\/strong>.<\/p>\n<p>&nbsp;<\/p>\n<p>&nbsp;<\/p>\n","protected":false},"excerpt":{"rendered":"<p>\u00a1Ah, la juventud, divino tesoro! \u00bfQui\u00e9n no se ha puesto de melanc\u00f3lico de tan solo recordar aquellos d\u00edas que se fueron para no volver jam\u00e1s? Aquellos a\u00f1os de la infancia, en los que lo \u00fanico que nos importaba era divertirnos, jugar y pas\u00e1rnosla bien; o la juventud, en la que con la punzada cualquier chica o chico nos volv\u00eda absolutamente locos.<\/p>\n","protected":false},"author":2,"featured_media":51892,"comment_status":"open","ping_status":"open","sticky":false,"template":"","format":"standard","meta":{"footnotes":""},"categories":[24,1,17],"tags":[],"class_list":["post-51885","post","type-post","status-publish","format-standard","has-post-thumbnail","hentry","category-cine","category-cultura","category-principal"],"yoast_head":"<!-- This site is optimized with the Yoast SEO plugin v24.7 - https:\/\/yoast.com\/wordpress\/plugins\/seo\/ -->\n<title>&quot;Mis mejores d\u00edas&quot;, recuerdos bellamente filmados de la juventud &#171; Reconoce MX<\/title>\n<meta name=\"robots\" content=\"index, follow, max-snippet:-1, max-image-preview:large, max-video-preview:-1\" \/>\n<link rel=\"canonical\" href=\"https:\/\/www.reconoce.mx\/?p=51885\" \/>\n<meta property=\"og:locale\" content=\"es_ES\" \/>\n<meta property=\"og:type\" content=\"article\" \/>\n<meta property=\"og:title\" content=\"&quot;Mis mejores d\u00edas&quot;, recuerdos bellamente filmados de la juventud &#171; Reconoce MX\" \/>\n<meta property=\"og:description\" content=\"\u00a1Ah, la juventud, divino tesoro! \u00bfQui\u00e9n no se ha puesto de melanc\u00f3lico de tan solo recordar aquellos d\u00edas que se fueron para no volver jam\u00e1s? Aquellos a\u00f1os de la infancia, en los que lo \u00fanico que nos importaba era divertirnos, jugar y pas\u00e1rnosla bien; o la juventud, en la que con la punzada cualquier chica o chico nos volv\u00eda absolutamente locos.\" \/>\n<meta property=\"og:url\" content=\"https:\/\/www.reconoce.mx\/?p=51885\" \/>\n<meta property=\"og:site_name\" content=\"Reconoce MX\" \/>\n<meta property=\"article:publisher\" content=\"https:\/\/es-la.facebook.com\/ReconoceMX\/\" \/>\n<meta property=\"article:published_time\" content=\"2016-09-01T05:06:52+00:00\" \/>\n<meta property=\"article:modified_time\" content=\"2016-09-02T03:12:58+00:00\" \/>\n<meta property=\"og:image\" content=\"https:\/\/www.reconoce.mx\/wp-content\/uploads\/2016\/09\/mejoresdias-1.png\" \/>\n\t<meta property=\"og:image:width\" content=\"590\" \/>\n\t<meta property=\"og:image:height\" content=\"380\" \/>\n\t<meta property=\"og:image:type\" content=\"image\/png\" \/>\n<meta name=\"author\" content=\"Reconoce MX\" \/>\n<meta name=\"twitter:card\" content=\"summary_large_image\" \/>\n<meta name=\"twitter:creator\" content=\"@reconocemx\" \/>\n<meta name=\"twitter:site\" content=\"@reconocemx\" \/>\n<meta name=\"twitter:label1\" content=\"Escrito por\" \/>\n\t<meta name=\"twitter:data1\" content=\"Reconoce MX\" \/>\n\t<meta name=\"twitter:label2\" content=\"Tiempo de lectura\" \/>\n\t<meta name=\"twitter:data2\" content=\"3 minutos\" \/>\n<script type=\"application\/ld+json\" class=\"yoast-schema-graph\">{\"@context\":\"https:\/\/schema.org\",\"@graph\":[{\"@type\":\"Article\",\"@id\":\"https:\/\/www.reconoce.mx\/?p=51885#article\",\"isPartOf\":{\"@id\":\"https:\/\/www.reconoce.mx\/?p=51885\"},\"author\":{\"name\":\"Reconoce MX\",\"@id\":\"http:\/\/www.reconoce.mx\/#\/schema\/person\/2117e997d7051dc15d6880eaf9bca0b2\"},\"headline\":\"\u00abMis mejores d\u00edas\u00bb, recuerdos bellamente filmados de la juventud\",\"datePublished\":\"2016-09-01T05:06:52+00:00\",\"dateModified\":\"2016-09-02T03:12:58+00:00\",\"mainEntityOfPage\":{\"@id\":\"https:\/\/www.reconoce.mx\/?p=51885\"},\"wordCount\":586,\"commentCount\":0,\"publisher\":{\"@id\":\"http:\/\/www.reconoce.mx\/#organization\"},\"image\":{\"@id\":\"https:\/\/www.reconoce.mx\/?p=51885#primaryimage\"},\"thumbnailUrl\":\"https:\/\/www.reconoce.mx\/wp-content\/uploads\/2016\/09\/mejoresdias-1.png\",\"articleSection\":[\"Cine\",\"Cultura\",\"Principal\"],\"inLanguage\":\"es\",\"potentialAction\":[{\"@type\":\"CommentAction\",\"name\":\"Comment\",\"target\":[\"https:\/\/www.reconoce.mx\/?p=51885#respond\"]}]},{\"@type\":\"WebPage\",\"@id\":\"https:\/\/www.reconoce.mx\/?p=51885\",\"url\":\"https:\/\/www.reconoce.mx\/?p=51885\",\"name\":\"\\\"Mis mejores d\u00edas\\\", recuerdos bellamente filmados de la juventud &#171; Reconoce MX\",\"isPartOf\":{\"@id\":\"http:\/\/www.reconoce.mx\/#website\"},\"primaryImageOfPage\":{\"@id\":\"https:\/\/www.reconoce.mx\/?p=51885#primaryimage\"},\"image\":{\"@id\":\"https:\/\/www.reconoce.mx\/?p=51885#primaryimage\"},\"thumbnailUrl\":\"https:\/\/www.reconoce.mx\/wp-content\/uploads\/2016\/09\/mejoresdias-1.png\",\"datePublished\":\"2016-09-01T05:06:52+00:00\",\"dateModified\":\"2016-09-02T03:12:58+00:00\",\"breadcrumb\":{\"@id\":\"https:\/\/www.reconoce.mx\/?p=51885#breadcrumb\"},\"inLanguage\":\"es\",\"potentialAction\":[{\"@type\":\"ReadAction\",\"target\":[\"https:\/\/www.reconoce.mx\/?p=51885\"]}]},{\"@type\":\"ImageObject\",\"inLanguage\":\"es\",\"@id\":\"https:\/\/www.reconoce.mx\/?p=51885#primaryimage\",\"url\":\"https:\/\/www.reconoce.mx\/wp-content\/uploads\/2016\/09\/mejoresdias-1.png\",\"contentUrl\":\"https:\/\/www.reconoce.mx\/wp-content\/uploads\/2016\/09\/mejoresdias-1.png\",\"width\":590,\"height\":380},{\"@type\":\"BreadcrumbList\",\"@id\":\"https:\/\/www.reconoce.mx\/?p=51885#breadcrumb\",\"itemListElement\":[{\"@type\":\"ListItem\",\"position\":1,\"name\":\"Portada\",\"item\":\"http:\/\/www.reconoce.mx\/\"},{\"@type\":\"ListItem\",\"position\":2,\"name\":\"\u00abMis mejores d\u00edas\u00bb, recuerdos bellamente filmados de la juventud\"}]},{\"@type\":\"WebSite\",\"@id\":\"http:\/\/www.reconoce.mx\/#website\",\"url\":\"http:\/\/www.reconoce.mx\/\",\"name\":\"Reconoce MX\",\"description\":\"En Reconoce MX difundimos arte, cultura y conciencia social en M\u00e9xico. Tu ciudad en otra perspectiva.\",\"publisher\":{\"@id\":\"http:\/\/www.reconoce.mx\/#organization\"},\"potentialAction\":[{\"@type\":\"SearchAction\",\"target\":{\"@type\":\"EntryPoint\",\"urlTemplate\":\"http:\/\/www.reconoce.mx\/?s={search_term_string}\"},\"query-input\":{\"@type\":\"PropertyValueSpecification\",\"valueRequired\":true,\"valueName\":\"search_term_string\"}}],\"inLanguage\":\"es\"},{\"@type\":\"Organization\",\"@id\":\"http:\/\/www.reconoce.mx\/#organization\",\"name\":\"Reconoce MX\",\"url\":\"http:\/\/www.reconoce.mx\/\",\"logo\":{\"@type\":\"ImageObject\",\"inLanguage\":\"es\",\"@id\":\"http:\/\/www.reconoce.mx\/#\/schema\/logo\/image\/\",\"url\":\"https:\/\/www.reconoce.mx\/wp-content\/uploads\/2019\/03\/logorcmx-good-1.png\",\"contentUrl\":\"https:\/\/www.reconoce.mx\/wp-content\/uploads\/2019\/03\/logorcmx-good-1.png\",\"width\":280,\"height\":90,\"caption\":\"Reconoce MX\"},\"image\":{\"@id\":\"http:\/\/www.reconoce.mx\/#\/schema\/logo\/image\/\"},\"sameAs\":[\"https:\/\/es-la.facebook.com\/ReconoceMX\/\",\"https:\/\/x.com\/reconocemx\",\"http:\/\/@reconocemx\"]},{\"@type\":\"Person\",\"@id\":\"http:\/\/www.reconoce.mx\/#\/schema\/person\/2117e997d7051dc15d6880eaf9bca0b2\",\"name\":\"Reconoce MX\",\"image\":{\"@type\":\"ImageObject\",\"inLanguage\":\"es\",\"@id\":\"http:\/\/www.reconoce.mx\/#\/schema\/person\/image\/\",\"url\":\"https:\/\/secure.gravatar.com\/avatar\/6c8d4dc7569ca1c90c5fdcc349f839d5ddef6fe1e70b4337ead2ef1a4c43fc3a?s=96&d=identicon&r=g\",\"contentUrl\":\"https:\/\/secure.gravatar.com\/avatar\/6c8d4dc7569ca1c90c5fdcc349f839d5ddef6fe1e70b4337ead2ef1a4c43fc3a?s=96&d=identicon&r=g\",\"caption\":\"Reconoce MX\"},\"description\":\"Reconoce MX es un proyecto de difusi\u00f3n art\u00edstica, cultural y de conciencia social que est\u00e1 enfocado a difundir y fomentar el entretenimiento alternativo de calidad para todo el p\u00fablico que comparta el mismo entusiasmo.\",\"sameAs\":[\"http:\/\/www.reconoce.mx\"],\"url\":\"https:\/\/www.reconoce.mx\/?author=2\"}]}<\/script>\n<!-- \/ Yoast SEO plugin. -->","yoast_head_json":{"title":"\"Mis mejores d\u00edas\", recuerdos bellamente filmados de la juventud &#171; Reconoce MX","robots":{"index":"index","follow":"follow","max-snippet":"max-snippet:-1","max-image-preview":"max-image-preview:large","max-video-preview":"max-video-preview:-1"},"canonical":"https:\/\/www.reconoce.mx\/?p=51885","og_locale":"es_ES","og_type":"article","og_title":"\"Mis mejores d\u00edas\", recuerdos bellamente filmados de la juventud &#171; Reconoce MX","og_description":"\u00a1Ah, la juventud, divino tesoro! \u00bfQui\u00e9n no se ha puesto de melanc\u00f3lico de tan solo recordar aquellos d\u00edas que se fueron para no volver jam\u00e1s? Aquellos a\u00f1os de la infancia, en los que lo \u00fanico que nos importaba era divertirnos, jugar y pas\u00e1rnosla bien; o la juventud, en la que con la punzada cualquier chica o chico nos volv\u00eda absolutamente locos.","og_url":"https:\/\/www.reconoce.mx\/?p=51885","og_site_name":"Reconoce MX","article_publisher":"https:\/\/es-la.facebook.com\/ReconoceMX\/","article_published_time":"2016-09-01T05:06:52+00:00","article_modified_time":"2016-09-02T03:12:58+00:00","og_image":[{"width":590,"height":380,"url":"https:\/\/www.reconoce.mx\/wp-content\/uploads\/2016\/09\/mejoresdias-1.png","type":"image\/png"}],"author":"Reconoce MX","twitter_card":"summary_large_image","twitter_creator":"@reconocemx","twitter_site":"@reconocemx","twitter_misc":{"Escrito por":"Reconoce MX","Tiempo de lectura":"3 minutos"},"schema":{"@context":"https:\/\/schema.org","@graph":[{"@type":"Article","@id":"https:\/\/www.reconoce.mx\/?p=51885#article","isPartOf":{"@id":"https:\/\/www.reconoce.mx\/?p=51885"},"author":{"name":"Reconoce MX","@id":"http:\/\/www.reconoce.mx\/#\/schema\/person\/2117e997d7051dc15d6880eaf9bca0b2"},"headline":"\u00abMis mejores d\u00edas\u00bb, recuerdos bellamente filmados de la juventud","datePublished":"2016-09-01T05:06:52+00:00","dateModified":"2016-09-02T03:12:58+00:00","mainEntityOfPage":{"@id":"https:\/\/www.reconoce.mx\/?p=51885"},"wordCount":586,"commentCount":0,"publisher":{"@id":"http:\/\/www.reconoce.mx\/#organization"},"image":{"@id":"https:\/\/www.reconoce.mx\/?p=51885#primaryimage"},"thumbnailUrl":"https:\/\/www.reconoce.mx\/wp-content\/uploads\/2016\/09\/mejoresdias-1.png","articleSection":["Cine","Cultura","Principal"],"inLanguage":"es","potentialAction":[{"@type":"CommentAction","name":"Comment","target":["https:\/\/www.reconoce.mx\/?p=51885#respond"]}]},{"@type":"WebPage","@id":"https:\/\/www.reconoce.mx\/?p=51885","url":"https:\/\/www.reconoce.mx\/?p=51885","name":"\"Mis mejores d\u00edas\", recuerdos bellamente filmados de la juventud &#171; Reconoce MX","isPartOf":{"@id":"http:\/\/www.reconoce.mx\/#website"},"primaryImageOfPage":{"@id":"https:\/\/www.reconoce.mx\/?p=51885#primaryimage"},"image":{"@id":"https:\/\/www.reconoce.mx\/?p=51885#primaryimage"},"thumbnailUrl":"https:\/\/www.reconoce.mx\/wp-content\/uploads\/2016\/09\/mejoresdias-1.png","datePublished":"2016-09-01T05:06:52+00:00","dateModified":"2016-09-02T03:12:58+00:00","breadcrumb":{"@id":"https:\/\/www.reconoce.mx\/?p=51885#breadcrumb"},"inLanguage":"es","potentialAction":[{"@type":"ReadAction","target":["https:\/\/www.reconoce.mx\/?p=51885"]}]},{"@type":"ImageObject","inLanguage":"es","@id":"https:\/\/www.reconoce.mx\/?p=51885#primaryimage","url":"https:\/\/www.reconoce.mx\/wp-content\/uploads\/2016\/09\/mejoresdias-1.png","contentUrl":"https:\/\/www.reconoce.mx\/wp-content\/uploads\/2016\/09\/mejoresdias-1.png","width":590,"height":380},{"@type":"BreadcrumbList","@id":"https:\/\/www.reconoce.mx\/?p=51885#breadcrumb","itemListElement":[{"@type":"ListItem","position":1,"name":"Portada","item":"http:\/\/www.reconoce.mx\/"},{"@type":"ListItem","position":2,"name":"\u00abMis mejores d\u00edas\u00bb, recuerdos bellamente filmados de la juventud"}]},{"@type":"WebSite","@id":"http:\/\/www.reconoce.mx\/#website","url":"http:\/\/www.reconoce.mx\/","name":"Reconoce MX","description":"En Reconoce MX difundimos arte, cultura y conciencia social en M\u00e9xico. Tu ciudad en otra perspectiva.","publisher":{"@id":"http:\/\/www.reconoce.mx\/#organization"},"potentialAction":[{"@type":"SearchAction","target":{"@type":"EntryPoint","urlTemplate":"http:\/\/www.reconoce.mx\/?s={search_term_string}"},"query-input":{"@type":"PropertyValueSpecification","valueRequired":true,"valueName":"search_term_string"}}],"inLanguage":"es"},{"@type":"Organization","@id":"http:\/\/www.reconoce.mx\/#organization","name":"Reconoce MX","url":"http:\/\/www.reconoce.mx\/","logo":{"@type":"ImageObject","inLanguage":"es","@id":"http:\/\/www.reconoce.mx\/#\/schema\/logo\/image\/","url":"https:\/\/www.reconoce.mx\/wp-content\/uploads\/2019\/03\/logorcmx-good-1.png","contentUrl":"https:\/\/www.reconoce.mx\/wp-content\/uploads\/2019\/03\/logorcmx-good-1.png","width":280,"height":90,"caption":"Reconoce MX"},"image":{"@id":"http:\/\/www.reconoce.mx\/#\/schema\/logo\/image\/"},"sameAs":["https:\/\/es-la.facebook.com\/ReconoceMX\/","https:\/\/x.com\/reconocemx","http:\/\/@reconocemx"]},{"@type":"Person","@id":"http:\/\/www.reconoce.mx\/#\/schema\/person\/2117e997d7051dc15d6880eaf9bca0b2","name":"Reconoce MX","image":{"@type":"ImageObject","inLanguage":"es","@id":"http:\/\/www.reconoce.mx\/#\/schema\/person\/image\/","url":"https:\/\/secure.gravatar.com\/avatar\/6c8d4dc7569ca1c90c5fdcc349f839d5ddef6fe1e70b4337ead2ef1a4c43fc3a?s=96&d=identicon&r=g","contentUrl":"https:\/\/secure.gravatar.com\/avatar\/6c8d4dc7569ca1c90c5fdcc349f839d5ddef6fe1e70b4337ead2ef1a4c43fc3a?s=96&d=identicon&r=g","caption":"Reconoce MX"},"description":"Reconoce MX es un proyecto de difusi\u00f3n art\u00edstica, cultural y de conciencia social que est\u00e1 enfocado a difundir y fomentar el entretenimiento alternativo de calidad para todo el p\u00fablico que comparta el mismo entusiasmo.","sameAs":["http:\/\/www.reconoce.mx"],"url":"https:\/\/www.reconoce.mx\/?author=2"}]}},"_links":{"self":[{"href":"https:\/\/www.reconoce.mx\/index.php?rest_route=\/wp\/v2\/posts\/51885","targetHints":{"allow":["GET"]}}],"collection":[{"href":"https:\/\/www.reconoce.mx\/index.php?rest_route=\/wp\/v2\/posts"}],"about":[{"href":"https:\/\/www.reconoce.mx\/index.php?rest_route=\/wp\/v2\/types\/post"}],"author":[{"embeddable":true,"href":"https:\/\/www.reconoce.mx\/index.php?rest_route=\/wp\/v2\/users\/2"}],"replies":[{"embeddable":true,"href":"https:\/\/www.reconoce.mx\/index.php?rest_route=%2Fwp%2Fv2%2Fcomments&post=51885"}],"version-history":[{"count":5,"href":"https:\/\/www.reconoce.mx\/index.php?rest_route=\/wp\/v2\/posts\/51885\/revisions"}],"predecessor-version":[{"id":51895,"href":"https:\/\/www.reconoce.mx\/index.php?rest_route=\/wp\/v2\/posts\/51885\/revisions\/51895"}],"wp:featuredmedia":[{"embeddable":true,"href":"https:\/\/www.reconoce.mx\/index.php?rest_route=\/wp\/v2\/media\/51892"}],"wp:attachment":[{"href":"https:\/\/www.reconoce.mx\/index.php?rest_route=%2Fwp%2Fv2%2Fmedia&parent=51885"}],"wp:term":[{"taxonomy":"category","embeddable":true,"href":"https:\/\/www.reconoce.mx\/index.php?rest_route=%2Fwp%2Fv2%2Fcategories&post=51885"},{"taxonomy":"post_tag","embeddable":true,"href":"https:\/\/www.reconoce.mx\/index.php?rest_route=%2Fwp%2Fv2%2Ftags&post=51885"}],"curies":[{"name":"wp","href":"https:\/\/api.w.org\/{rel}","templated":true}]}}