{"id":56304,"date":"2016-12-29T00:05:42","date_gmt":"2016-12-29T06:05:42","guid":{"rendered":"http:\/\/www.reconoce.mx\/?p=56304"},"modified":"2018-12-27T00:34:30","modified_gmt":"2018-12-27T06:34:30","slug":"mis-cinco-jueves-independiente-de-2016","status":"publish","type":"post","link":"https:\/\/www.reconoce.mx\/?p=56304","title":{"rendered":"Mis CINCO \u2018Jueves independiente\u2019 de 2016"},"content":{"rendered":"<p><a href=\"http:\/\/www.reconoce.mx\/category\/cultura\/musica\/jueves-indie\/\"><img loading=\"lazy\" decoding=\"async\" class=\"aligncenter size-full wp-image-38360\" src=\"http:\/\/www.reconoce.mx\/wp-content\/uploads\/2015\/06\/Jueves.png\" alt=\"Martes\" width=\"550\" height=\"70\" \/><\/a><strong><br \/>\nPor <a title=\"@AsfaltosTweets\" href=\"http:\/\/twitter.com\/AsfaltosTweets\" target=\"_blank\" rel=\"noopener\">Asfaltos<\/a><\/strong>.<\/p>\n<p>Aunque no lo parezca, cada recuento de fin de a\u00f1o es un ejercicio dif\u00edcil de realizar. Imaginen ustedes que semanalmente, \u00abreligiosamente\u00bb, tienen que ir eligiendo una rola que consideren novedosa y valiosa para compartir. Despu\u00e9s de ese ejercicio, que en 2016 nuevamente puedo presumir no dej\u00e9 de realizar en ninguna semana, tienen que hacer un peque\u00f1o filtro y seleccionar finalmente CINCO, s\u00f3lo CINCO canciones que crean que marcaron un a\u00f1o, en este caso 2016. Bien, si a esa complejidad le suman que los\u00a0<a title=\"Jueves independiente\" href=\"http:\/\/www.reconoce.mx\/category\/cultura\/musica\/jueves-indie\/\" target=\"_blank\" rel=\"noopener\">Jueves independiente<\/a> revisan semanalmente la escena musical fuera de M\u00e9xico&#8230; ah\u00ed lo tienen, est\u00e1 dif\u00edcil.<\/p>\n<p>Por quinto a\u00f1o consecutivo, sin embargo, ac\u00e1 van \u00abMis CINCO &#8216;Jueves independiente&#8217; de 2016\u00bb; pero antes, como siempre, algunas aclaraciones pertinentes pa&#8217; no levantar \u00absuspicacias\u00bb (<em>if any<\/em>). 1) El siguiente listado no constituye un compendio de \u00ablas mejores canciones internacionales\u00bb de 2016. 2) Se trata \u00fanica y exclusivamente de una selecci\u00f3n de las cinco canciones extranjeras (sobre todo sudamericanas, donde me enfoqu\u00e9 este a\u00f1o en particular) que considero las m\u00e1s relevantes que compart\u00ed semanalmente en esta secci\u00f3n durante el presente a\u00f1o. 3) Y vale, nada m\u00e1s por aclarar dos reglas de los <a title=\"Jueves independiente\" href=\"http:\/\/www.reconoce.mx\/category\/cultura\/musica\/jueves-indie\/\" target=\"_blank\" rel=\"noopener\">Jueves independiente<\/a>: ning\u00fan grupo repite y se tratan de opciones independientes y con pocos reflectores (en la mayor\u00eda de los casos).<\/p>\n<p>Una vez aclarado lo siguiente (y por orden de menci\u00f3n cronol\u00f3gica), a continuaci\u00f3n <strong>Mis CINCO \u00ab<a title=\"Jueves independiente\" href=\"http:\/\/www.reconoce.mx\/category\/cultura\/musica\/jueves-indie\/\" target=\"_blank\" rel=\"noopener\">Jueves independiente<\/a>\u00bb de 2016<\/strong>:<\/p>\n<h2>\u2018La nevera\u2019, de Edson Velandia<\/h2>\n<style>.embed-container { position: relative; padding-bottom: 56.25%; height: 0; overflow: hidden; max-width: 100%; } .embed-container iframe, .embed-container object, .embed-container embed { position: absolute; top: 0; left: 0; width: 100%; height: 100%; }<\/style>\n<div class='embed-container'><iframe src='https:\/\/www.youtube.com\/embed\/6V-j4PFSHVQ' frameborder='0' allowfullscreen><\/iframe><\/div>\n<p>&nbsp;<\/p>\n<p>Desde Colombia, en una aventura en solitario, la primera rola que destaco de 2016 es responsabilidad de <strong>Edson Velandia<\/strong>. De Bucaramanga, Colombia, este importante m\u00fasico se ha destacado siempre por una inquietud musical que le ha llevado por diversas agrupaciones en donde ha regado su talento. Con un gusto particular por el cine y el teatro, lo que se destaca en el videoclip que tambi\u00e9n les comparto, <strong>Edson Velandia<\/strong> es el responsable de la maravilla sonora que me signific\u00f3 \u00abLa nevera\u00bb. Con una musicalizaci\u00f3n sencilla, lo que me encanta de \u00abLa nevera\u00bb es esa imaginaci\u00f3n y locura que se plasman en una letra que de inmediato se queda pegada; y sobre todo, que en conjunto, provoca bailar. A\u00f1\u00e1danle a la propuesta, adem\u00e1s, un poco de humor y ah\u00ed lo tienen. La canci\u00f3n es indudablemente una marca de lo que encontrar\u00e1n en este listado: originalidad. (<a href=\"http:\/\/www.reconoce.mx\/la-nevera-de-edson-velandia\/\" target=\"_blank\" rel=\"noopener\">Ac\u00e1 mi texto original<\/a>).<\/p>\n<h2>\u2018Interstellar\u2019, de Kali Mutsa<\/h2>\n<p><iframe loading=\"lazy\" src=\"https:\/\/w.soundcloud.com\/player\/?url=https%3A\/\/api.soundcloud.com\/tracks\/277209553&amp;color=ff5500&amp;auto_play=false&amp;hide_related=false&amp;show_comments=true&amp;show_user=true&amp;show_reposts=false\" width=\"100%\" height=\"166\" frameborder=\"no\" scrolling=\"no\"><\/iframe><\/p>\n<p><strong>Celine Reymond<\/strong> es el nombre de la chilena responsable de <strong>Kali Mutsa<\/strong>, proyecto solista de esta conocida actriz que incursiona tambi\u00e9n en la m\u00fasica. Si se han de replicar sonidos e influencias de moda, yo soy de la idea de que por lo menos se les dote de sabor local, para enriquecerlos, para darles algo de originalidad. Eso es lo que sucede con Kali Mutsa, quien influenciada por el pop y la electr\u00f3nica, busc\u00f3 entre sus propias ra\u00edces para entregarnos una melod\u00eda que mezcla de gran modo el folclor de su propio origen. La melod\u00eda, como notan bien, combina elementos muy enriquecedores que la vuelven \u00fanica. Cautivante, provocadora, hipnotizante, as\u00ed me parece el viaje al que nos invita \u00abInterstellar\u00bb de <strong>Kali Mutsa<\/strong>; mismo, que si son atentos, escuchar\u00e1n como primero nos lleva por el inmenso universo sonoro que le rodea, para hacia al final irnos remitiendo a su tierra, a su hogar. (<a href=\"http:\/\/www.reconoce.mx\/interstellar-de-kali-mutsa\/\" target=\"_blank\" rel=\"noopener\">Ac\u00e1 mi texto original<\/a>).<\/p>\n<h2>\u2018Drag\u00f3n guardi\u00e1n\u2019, de Diamantina<\/h2>\n<p><iframe loading=\"lazy\" src=\"https:\/\/w.soundcloud.com\/player\/?url=https%3A\/\/api.soundcloud.com\/tracks\/282654260&amp;color=ff5500&amp;auto_play=false&amp;hide_related=false&amp;show_comments=true&amp;show_user=true&amp;show_reposts=false\" width=\"100%\" height=\"166\" frameborder=\"no\" scrolling=\"no\"><\/iframe><\/p>\n<p>De Chile brincamos a Argentina, donde para seguir con el viaje de la anterior rola, nos subimos a la espalda de un drag\u00f3n al estilo de \u00abDragon Ball\u00bb, pero en este caso llamado \u00abDrag\u00f3n guardi\u00e1n\u00bb de <strong>Diamantina<\/strong>. Con 6 a\u00f1os de existencia, y con una m\u00e1s amplia carrera en la m\u00fasica, el proyecto solista de Alejandra Papini llamado Diamantina es el responsable de uno de los proyectos que m\u00e1s hice sonar en mis aud\u00edfonos este a\u00f1o. Elementos org\u00e1nicos y sobre todo electr\u00f3nicos, dan forma a un proyecto en el que la psicodelia y el pop se conjuntan de gran manera. Con gran madurez, con un sonido muy s\u00f3lido, el viaje que realizamos sobre \u00abDiablo guard\u00edan\u00bb es provocativo. Id\u00f3neo para amanecer bailando a la primera luz de 2017 en alg\u00fan sitio tan paradisiaco como una playa&#8230; h\u00e1ganlo y ver\u00e1n c\u00f3mo empiezan el a\u00f1o de manera tremenda.. (<a href=\"http:\/\/www.reconoce.mx\/dragon-guardian-de-diamantina\/\" target=\"_blank\" rel=\"noopener\">Ac\u00e1 mi texto original<\/a>).<\/p>\n<h2>\u2018Navegar\u2019, de Congelador<\/h2>\n<style>.embed-container { position: relative; padding-bottom: 56.25%; height: 0; overflow: hidden; max-width: 100%; } .embed-container iframe, .embed-container object, .embed-container embed { position: absolute; top: 0; left: 0; width: 100%; height: 100%; }<\/style>\n<div class='embed-container'><iframe src='https:\/\/www.youtube.com\/embed\/hxKsRm6XzeI' frameborder='0' allowfullscreen><\/iframe><\/div>\n<p>&nbsp;<\/p>\n<p>Cr\u00e9anme cuando les digo que en esta recopilaci\u00f3n, como a lo largo del a\u00f1o, trat\u00e9 de ser lo m\u00e1s plural posible en cuanto a los pa\u00edses de los que extraje mi selecci\u00f3n musical. Sin embargo, si me leen semanalmente, sabr\u00e1n que uno de los pa\u00edses de los que m\u00e1s me nutr\u00ed fue Chile. Por eso ac\u00e1 la segunda rola de aquel pa\u00eds que se col\u00f3 en lo que m\u00e1s me emocion\u00f3 este 2016. El turno es pues del grupo con m\u00e1s tiempo de existir. 20, \u00a120 a\u00f1os son los que tiene Congelador! Sin embargo, como lo dice su nombre, despu\u00e9s de tres a\u00f1os en el \u00eddem, <strong>Rodrigo Santis<\/strong> (voz y guitarra), <strong>Jorge Santis<\/strong> (bater\u00eda), <strong>Walter Roblero<\/strong> (bajo) y ahora tambi\u00e9n <strong>Estefan\u00eda Romero-Cors<\/strong> (voz y teclado), regresaron y lo hicieron de manera enorme. Sin querer, y siendo precisamente <strong>Congelador<\/strong> uno de los grupos fundadores de <strong>Quemasucabeza<\/strong>, ac\u00e1 un reconocimiento que se suma al <strong>Premio a la M\u00fasica Nacional 2016<\/strong> que se le otorg\u00f3 en su pa\u00eds natal a aquel sello chileno por su gran labor. \u00abDivagar, sobre el mundo&#8230;\u00bb, esa es la invitaci\u00f3n a la que nos invita <strong>Congelador<\/strong> en su emotivo regreso; y s\u00ed, eso es lo que hace uno cuando se le pone play a \u00abNavegar\u00bb. (<a href=\"http:\/\/www.reconoce.mx\/navegar-de-congelador\/\" target=\"_blank\" rel=\"noopener\">Ac\u00e1 mi texto original<\/a>).<\/p>\n<h2>\u2018Cataratas\u2019, de Fraaek<\/h2>\n<p><iframe loading=\"lazy\" src=\"https:\/\/w.soundcloud.com\/player\/?url=https%3A\/\/api.soundcloud.com\/tracks\/282040685&amp;color=ff5500&amp;auto_play=false&amp;hide_related=false&amp;show_comments=true&amp;show_user=true&amp;show_reposts=false\" width=\"100%\" height=\"166\" frameborder=\"no\" scrolling=\"no\"><\/iframe><\/p>\n<p>Pocas veces volteamos musicalmente hacia uno de nuestros dos vecinos inmediatos al sur de la frontera; me refiero a Guatemala. Este a\u00f1o lo hice, y me encontr\u00e9 sin saberlo, con uno de mis descubrimientos favoritos de 2016. Se trata del trabajo de los guatemaltecos de <strong>Fraaek<\/strong>, quienes en el tenor de lo que les he compartido el d\u00eda de hoy, nos regalan tambi\u00e9n su muy particular interpretaci\u00f3n de un viaje sonoro alucinante. Con una musicalizaci\u00f3n muy buena, en la que se mezclan secuencias y sintetizadores con percusiones s\u00f3lidas y la voz hiponotizante de Mabe, \u00abCataratas\u00bb de <strong>Fraaek<\/strong> les aseguro que les pondr\u00e1 la piel chinita por las sensaciones que es capaz de provocar de manera natural por el talento que destila. Lo afirmaba en aquella vez que se los present\u00e9, y lo sostengo, si estos chicos hubieran nacido en cualquier otro pa\u00eds, ser\u00edan considerados de lo mejor en la m\u00fasica este a\u00f1o. Esperemos escuchar m\u00e1s de los <strong>Fraaek<\/strong>, y sobre todo, verlos en Ciudad de M\u00e9xico muy pronto. (<a href=\"http:\/\/www.reconoce.mx\/cataratas-de-fraaek\/\" target=\"_blank\" rel=\"noopener\">Ac\u00e1 mi texto original<\/a>).<\/p>\n<h2 style=\"text-align: center;\"><strong><a href=\"http:\/\/www.reconoce.mx\/jueves-independiente-mis-cinco-de-2012\/\" target=\"_blank\" rel=\"noopener\">2012<\/a> | <a href=\"http:\/\/www.reconoce.mx\/jueves-independiente-mis-cinco-de-2013\/\" target=\"_blank\" rel=\"noopener\">2013<\/a> | <a href=\"http:\/\/www.reconoce.mx\/jueves-independiente-mis-cinco-de-2014\/\" target=\"_blank\" rel=\"noopener\">2014<\/a> | <a href=\"http:\/\/www.reconoce.mx\/mis-cinco-jueves-independiente-de-2015\/\" target=\"_blank\" rel=\"noopener\">2015<\/a> | 2016 | <a href=\"http:\/\/www.reconoce.mx\/mis-cinco-jueves-independiente-de-2017\/\" target=\"_blank\" rel=\"noopener\">2017<\/a> | <a href=\"http:\/\/www.reconoce.mx\/mis-cinco-jueves-independiente-de-2018\/\" target=\"_blank\" rel=\"noopener\">2018<\/a><\/strong><\/h2>\n<p style=\"text-align: right;\">Foto: <strong>Bj\u00f8rn Egil Johansen<\/strong>.<\/p>\n<p>&nbsp;<\/p>\n<p>&nbsp;<\/p>\n","protected":false},"excerpt":{"rendered":"<p>Aunque no lo parezca, cada recuento de fin de a\u00f1o es un ejercicio dif\u00edcil de realizar. Imaginen ustedes que semanalmente, \u00abreligiosamente\u00bb, tienen que ir eligiendo una rola que consideren novedosa y valiosa para compartir. <\/p>\n","protected":false},"author":2,"featured_media":56306,"comment_status":"open","ping_status":"open","sticky":false,"template":"","format":"standard","meta":{"footnotes":""},"categories":[1,430,18,17],"tags":[],"class_list":["post-56304","post","type-post","status-publish","format-standard","has-post-thumbnail","hentry","category-cultura","category-jueves-indie","category-musica","category-principal"],"yoast_head":"<!-- This site is optimized with the Yoast SEO plugin v24.7 - https:\/\/yoast.com\/wordpress\/plugins\/seo\/ -->\n<title>Mis CINCO \u2018Jueves independiente\u2019 de 2016 &#171; Reconoce MX<\/title>\n<meta name=\"robots\" content=\"index, follow, max-snippet:-1, max-image-preview:large, max-video-preview:-1\" \/>\n<link rel=\"canonical\" href=\"https:\/\/www.reconoce.mx\/?p=56304\" \/>\n<meta property=\"og:locale\" content=\"es_ES\" \/>\n<meta property=\"og:type\" content=\"article\" \/>\n<meta property=\"og:title\" content=\"Mis CINCO \u2018Jueves independiente\u2019 de 2016 &#171; Reconoce MX\" \/>\n<meta property=\"og:description\" content=\"Aunque no lo parezca, cada recuento de fin de a\u00f1o es un ejercicio dif\u00edcil de realizar. Imaginen ustedes que semanalmente, &quot;religiosamente&quot;, tienen que ir eligiendo una rola que consideren novedosa y valiosa para compartir.\" \/>\n<meta property=\"og:url\" content=\"https:\/\/www.reconoce.mx\/?p=56304\" \/>\n<meta property=\"og:site_name\" content=\"Reconoce MX\" \/>\n<meta property=\"article:publisher\" content=\"https:\/\/es-la.facebook.com\/ReconoceMX\/\" \/>\n<meta property=\"article:published_time\" content=\"2016-12-29T06:05:42+00:00\" \/>\n<meta property=\"article:modified_time\" content=\"2018-12-27T06:34:30+00:00\" \/>\n<meta property=\"og:image\" content=\"https:\/\/www.reconoce.mx\/wp-content\/uploads\/2016\/12\/vinyl-2.png\" \/>\n\t<meta property=\"og:image:width\" content=\"590\" \/>\n\t<meta property=\"og:image:height\" content=\"380\" \/>\n\t<meta property=\"og:image:type\" content=\"image\/png\" \/>\n<meta name=\"author\" content=\"Reconoce MX\" \/>\n<meta name=\"twitter:card\" content=\"summary_large_image\" \/>\n<meta name=\"twitter:creator\" content=\"@reconocemx\" \/>\n<meta name=\"twitter:site\" content=\"@reconocemx\" \/>\n<meta name=\"twitter:label1\" content=\"Escrito por\" \/>\n\t<meta name=\"twitter:data1\" content=\"Reconoce MX\" \/>\n\t<meta name=\"twitter:label2\" content=\"Tiempo de lectura\" \/>\n\t<meta name=\"twitter:data2\" content=\"6 minutos\" \/>\n<script type=\"application\/ld+json\" class=\"yoast-schema-graph\">{\"@context\":\"https:\/\/schema.org\",\"@graph\":[{\"@type\":\"Article\",\"@id\":\"https:\/\/www.reconoce.mx\/?p=56304#article\",\"isPartOf\":{\"@id\":\"https:\/\/www.reconoce.mx\/?p=56304\"},\"author\":{\"name\":\"Reconoce MX\",\"@id\":\"https:\/\/www.reconoce.mx\/#\/schema\/person\/2117e997d7051dc15d6880eaf9bca0b2\"},\"headline\":\"Mis CINCO \u2018Jueves independiente\u2019 de 2016\",\"datePublished\":\"2016-12-29T06:05:42+00:00\",\"dateModified\":\"2018-12-27T06:34:30+00:00\",\"mainEntityOfPage\":{\"@id\":\"https:\/\/www.reconoce.mx\/?p=56304\"},\"wordCount\":1174,\"commentCount\":0,\"publisher\":{\"@id\":\"https:\/\/www.reconoce.mx\/#organization\"},\"image\":{\"@id\":\"https:\/\/www.reconoce.mx\/?p=56304#primaryimage\"},\"thumbnailUrl\":\"https:\/\/www.reconoce.mx\/wp-content\/uploads\/2016\/12\/vinyl-2.png\",\"articleSection\":[\"Cultura\",\"Jueves indie\",\"M\u00fasica\",\"Principal\"],\"inLanguage\":\"es\",\"potentialAction\":[{\"@type\":\"CommentAction\",\"name\":\"Comment\",\"target\":[\"https:\/\/www.reconoce.mx\/?p=56304#respond\"]}]},{\"@type\":\"WebPage\",\"@id\":\"https:\/\/www.reconoce.mx\/?p=56304\",\"url\":\"https:\/\/www.reconoce.mx\/?p=56304\",\"name\":\"Mis CINCO \u2018Jueves independiente\u2019 de 2016 &#171; Reconoce MX\",\"isPartOf\":{\"@id\":\"https:\/\/www.reconoce.mx\/#website\"},\"primaryImageOfPage\":{\"@id\":\"https:\/\/www.reconoce.mx\/?p=56304#primaryimage\"},\"image\":{\"@id\":\"https:\/\/www.reconoce.mx\/?p=56304#primaryimage\"},\"thumbnailUrl\":\"https:\/\/www.reconoce.mx\/wp-content\/uploads\/2016\/12\/vinyl-2.png\",\"datePublished\":\"2016-12-29T06:05:42+00:00\",\"dateModified\":\"2018-12-27T06:34:30+00:00\",\"breadcrumb\":{\"@id\":\"https:\/\/www.reconoce.mx\/?p=56304#breadcrumb\"},\"inLanguage\":\"es\",\"potentialAction\":[{\"@type\":\"ReadAction\",\"target\":[\"https:\/\/www.reconoce.mx\/?p=56304\"]}]},{\"@type\":\"ImageObject\",\"inLanguage\":\"es\",\"@id\":\"https:\/\/www.reconoce.mx\/?p=56304#primaryimage\",\"url\":\"https:\/\/www.reconoce.mx\/wp-content\/uploads\/2016\/12\/vinyl-2.png\",\"contentUrl\":\"https:\/\/www.reconoce.mx\/wp-content\/uploads\/2016\/12\/vinyl-2.png\",\"width\":590,\"height\":380},{\"@type\":\"BreadcrumbList\",\"@id\":\"https:\/\/www.reconoce.mx\/?p=56304#breadcrumb\",\"itemListElement\":[{\"@type\":\"ListItem\",\"position\":1,\"name\":\"Portada\",\"item\":\"https:\/\/www.reconoce.mx\/\"},{\"@type\":\"ListItem\",\"position\":2,\"name\":\"Mis CINCO \u2018Jueves independiente\u2019 de 2016\"}]},{\"@type\":\"WebSite\",\"@id\":\"https:\/\/www.reconoce.mx\/#website\",\"url\":\"https:\/\/www.reconoce.mx\/\",\"name\":\"Reconoce MX\",\"description\":\"En Reconoce MX difundimos arte, cultura y conciencia social en M\u00e9xico. Tu ciudad en otra perspectiva.\",\"publisher\":{\"@id\":\"https:\/\/www.reconoce.mx\/#organization\"},\"potentialAction\":[{\"@type\":\"SearchAction\",\"target\":{\"@type\":\"EntryPoint\",\"urlTemplate\":\"https:\/\/www.reconoce.mx\/?s={search_term_string}\"},\"query-input\":{\"@type\":\"PropertyValueSpecification\",\"valueRequired\":true,\"valueName\":\"search_term_string\"}}],\"inLanguage\":\"es\"},{\"@type\":\"Organization\",\"@id\":\"https:\/\/www.reconoce.mx\/#organization\",\"name\":\"Reconoce MX\",\"url\":\"https:\/\/www.reconoce.mx\/\",\"logo\":{\"@type\":\"ImageObject\",\"inLanguage\":\"es\",\"@id\":\"https:\/\/www.reconoce.mx\/#\/schema\/logo\/image\/\",\"url\":\"https:\/\/www.reconoce.mx\/wp-content\/uploads\/2019\/03\/logorcmx-good-1.png\",\"contentUrl\":\"https:\/\/www.reconoce.mx\/wp-content\/uploads\/2019\/03\/logorcmx-good-1.png\",\"width\":280,\"height\":90,\"caption\":\"Reconoce MX\"},\"image\":{\"@id\":\"https:\/\/www.reconoce.mx\/#\/schema\/logo\/image\/\"},\"sameAs\":[\"https:\/\/es-la.facebook.com\/ReconoceMX\/\",\"https:\/\/x.com\/reconocemx\",\"http:\/\/@reconocemx\"]},{\"@type\":\"Person\",\"@id\":\"https:\/\/www.reconoce.mx\/#\/schema\/person\/2117e997d7051dc15d6880eaf9bca0b2\",\"name\":\"Reconoce MX\",\"image\":{\"@type\":\"ImageObject\",\"inLanguage\":\"es\",\"@id\":\"https:\/\/www.reconoce.mx\/#\/schema\/person\/image\/\",\"url\":\"https:\/\/secure.gravatar.com\/avatar\/6c8d4dc7569ca1c90c5fdcc349f839d5ddef6fe1e70b4337ead2ef1a4c43fc3a?s=96&d=identicon&r=g\",\"contentUrl\":\"https:\/\/secure.gravatar.com\/avatar\/6c8d4dc7569ca1c90c5fdcc349f839d5ddef6fe1e70b4337ead2ef1a4c43fc3a?s=96&d=identicon&r=g\",\"caption\":\"Reconoce MX\"},\"description\":\"Reconoce MX es un proyecto de difusi\u00f3n art\u00edstica, cultural y de conciencia social que est\u00e1 enfocado a difundir y fomentar el entretenimiento alternativo de calidad para todo el p\u00fablico que comparta el mismo entusiasmo.\",\"sameAs\":[\"http:\/\/www.reconoce.mx\"],\"url\":\"https:\/\/www.reconoce.mx\/?author=2\"}]}<\/script>\n<!-- \/ Yoast SEO plugin. -->","yoast_head_json":{"title":"Mis CINCO \u2018Jueves independiente\u2019 de 2016 &#171; Reconoce MX","robots":{"index":"index","follow":"follow","max-snippet":"max-snippet:-1","max-image-preview":"max-image-preview:large","max-video-preview":"max-video-preview:-1"},"canonical":"https:\/\/www.reconoce.mx\/?p=56304","og_locale":"es_ES","og_type":"article","og_title":"Mis CINCO \u2018Jueves independiente\u2019 de 2016 &#171; Reconoce MX","og_description":"Aunque no lo parezca, cada recuento de fin de a\u00f1o es un ejercicio dif\u00edcil de realizar. Imaginen ustedes que semanalmente, \"religiosamente\", tienen que ir eligiendo una rola que consideren novedosa y valiosa para compartir.","og_url":"https:\/\/www.reconoce.mx\/?p=56304","og_site_name":"Reconoce MX","article_publisher":"https:\/\/es-la.facebook.com\/ReconoceMX\/","article_published_time":"2016-12-29T06:05:42+00:00","article_modified_time":"2018-12-27T06:34:30+00:00","og_image":[{"width":590,"height":380,"url":"https:\/\/www.reconoce.mx\/wp-content\/uploads\/2016\/12\/vinyl-2.png","type":"image\/png"}],"author":"Reconoce MX","twitter_card":"summary_large_image","twitter_creator":"@reconocemx","twitter_site":"@reconocemx","twitter_misc":{"Escrito por":"Reconoce MX","Tiempo de lectura":"6 minutos"},"schema":{"@context":"https:\/\/schema.org","@graph":[{"@type":"Article","@id":"https:\/\/www.reconoce.mx\/?p=56304#article","isPartOf":{"@id":"https:\/\/www.reconoce.mx\/?p=56304"},"author":{"name":"Reconoce MX","@id":"https:\/\/www.reconoce.mx\/#\/schema\/person\/2117e997d7051dc15d6880eaf9bca0b2"},"headline":"Mis CINCO \u2018Jueves independiente\u2019 de 2016","datePublished":"2016-12-29T06:05:42+00:00","dateModified":"2018-12-27T06:34:30+00:00","mainEntityOfPage":{"@id":"https:\/\/www.reconoce.mx\/?p=56304"},"wordCount":1174,"commentCount":0,"publisher":{"@id":"https:\/\/www.reconoce.mx\/#organization"},"image":{"@id":"https:\/\/www.reconoce.mx\/?p=56304#primaryimage"},"thumbnailUrl":"https:\/\/www.reconoce.mx\/wp-content\/uploads\/2016\/12\/vinyl-2.png","articleSection":["Cultura","Jueves indie","M\u00fasica","Principal"],"inLanguage":"es","potentialAction":[{"@type":"CommentAction","name":"Comment","target":["https:\/\/www.reconoce.mx\/?p=56304#respond"]}]},{"@type":"WebPage","@id":"https:\/\/www.reconoce.mx\/?p=56304","url":"https:\/\/www.reconoce.mx\/?p=56304","name":"Mis CINCO \u2018Jueves independiente\u2019 de 2016 &#171; Reconoce MX","isPartOf":{"@id":"https:\/\/www.reconoce.mx\/#website"},"primaryImageOfPage":{"@id":"https:\/\/www.reconoce.mx\/?p=56304#primaryimage"},"image":{"@id":"https:\/\/www.reconoce.mx\/?p=56304#primaryimage"},"thumbnailUrl":"https:\/\/www.reconoce.mx\/wp-content\/uploads\/2016\/12\/vinyl-2.png","datePublished":"2016-12-29T06:05:42+00:00","dateModified":"2018-12-27T06:34:30+00:00","breadcrumb":{"@id":"https:\/\/www.reconoce.mx\/?p=56304#breadcrumb"},"inLanguage":"es","potentialAction":[{"@type":"ReadAction","target":["https:\/\/www.reconoce.mx\/?p=56304"]}]},{"@type":"ImageObject","inLanguage":"es","@id":"https:\/\/www.reconoce.mx\/?p=56304#primaryimage","url":"https:\/\/www.reconoce.mx\/wp-content\/uploads\/2016\/12\/vinyl-2.png","contentUrl":"https:\/\/www.reconoce.mx\/wp-content\/uploads\/2016\/12\/vinyl-2.png","width":590,"height":380},{"@type":"BreadcrumbList","@id":"https:\/\/www.reconoce.mx\/?p=56304#breadcrumb","itemListElement":[{"@type":"ListItem","position":1,"name":"Portada","item":"https:\/\/www.reconoce.mx\/"},{"@type":"ListItem","position":2,"name":"Mis CINCO \u2018Jueves independiente\u2019 de 2016"}]},{"@type":"WebSite","@id":"https:\/\/www.reconoce.mx\/#website","url":"https:\/\/www.reconoce.mx\/","name":"Reconoce MX","description":"En Reconoce MX difundimos arte, cultura y conciencia social en M\u00e9xico. Tu ciudad en otra perspectiva.","publisher":{"@id":"https:\/\/www.reconoce.mx\/#organization"},"potentialAction":[{"@type":"SearchAction","target":{"@type":"EntryPoint","urlTemplate":"https:\/\/www.reconoce.mx\/?s={search_term_string}"},"query-input":{"@type":"PropertyValueSpecification","valueRequired":true,"valueName":"search_term_string"}}],"inLanguage":"es"},{"@type":"Organization","@id":"https:\/\/www.reconoce.mx\/#organization","name":"Reconoce MX","url":"https:\/\/www.reconoce.mx\/","logo":{"@type":"ImageObject","inLanguage":"es","@id":"https:\/\/www.reconoce.mx\/#\/schema\/logo\/image\/","url":"https:\/\/www.reconoce.mx\/wp-content\/uploads\/2019\/03\/logorcmx-good-1.png","contentUrl":"https:\/\/www.reconoce.mx\/wp-content\/uploads\/2019\/03\/logorcmx-good-1.png","width":280,"height":90,"caption":"Reconoce MX"},"image":{"@id":"https:\/\/www.reconoce.mx\/#\/schema\/logo\/image\/"},"sameAs":["https:\/\/es-la.facebook.com\/ReconoceMX\/","https:\/\/x.com\/reconocemx","http:\/\/@reconocemx"]},{"@type":"Person","@id":"https:\/\/www.reconoce.mx\/#\/schema\/person\/2117e997d7051dc15d6880eaf9bca0b2","name":"Reconoce MX","image":{"@type":"ImageObject","inLanguage":"es","@id":"https:\/\/www.reconoce.mx\/#\/schema\/person\/image\/","url":"https:\/\/secure.gravatar.com\/avatar\/6c8d4dc7569ca1c90c5fdcc349f839d5ddef6fe1e70b4337ead2ef1a4c43fc3a?s=96&d=identicon&r=g","contentUrl":"https:\/\/secure.gravatar.com\/avatar\/6c8d4dc7569ca1c90c5fdcc349f839d5ddef6fe1e70b4337ead2ef1a4c43fc3a?s=96&d=identicon&r=g","caption":"Reconoce MX"},"description":"Reconoce MX es un proyecto de difusi\u00f3n art\u00edstica, cultural y de conciencia social que est\u00e1 enfocado a difundir y fomentar el entretenimiento alternativo de calidad para todo el p\u00fablico que comparta el mismo entusiasmo.","sameAs":["http:\/\/www.reconoce.mx"],"url":"https:\/\/www.reconoce.mx\/?author=2"}]}},"_links":{"self":[{"href":"https:\/\/www.reconoce.mx\/index.php?rest_route=\/wp\/v2\/posts\/56304","targetHints":{"allow":["GET"]}}],"collection":[{"href":"https:\/\/www.reconoce.mx\/index.php?rest_route=\/wp\/v2\/posts"}],"about":[{"href":"https:\/\/www.reconoce.mx\/index.php?rest_route=\/wp\/v2\/types\/post"}],"author":[{"embeddable":true,"href":"https:\/\/www.reconoce.mx\/index.php?rest_route=\/wp\/v2\/users\/2"}],"replies":[{"embeddable":true,"href":"https:\/\/www.reconoce.mx\/index.php?rest_route=%2Fwp%2Fv2%2Fcomments&post=56304"}],"version-history":[{"count":29,"href":"https:\/\/www.reconoce.mx\/index.php?rest_route=\/wp\/v2\/posts\/56304\/revisions"}],"predecessor-version":[{"id":79374,"href":"https:\/\/www.reconoce.mx\/index.php?rest_route=\/wp\/v2\/posts\/56304\/revisions\/79374"}],"wp:featuredmedia":[{"embeddable":true,"href":"https:\/\/www.reconoce.mx\/index.php?rest_route=\/wp\/v2\/media\/56306"}],"wp:attachment":[{"href":"https:\/\/www.reconoce.mx\/index.php?rest_route=%2Fwp%2Fv2%2Fmedia&parent=56304"}],"wp:term":[{"taxonomy":"category","embeddable":true,"href":"https:\/\/www.reconoce.mx\/index.php?rest_route=%2Fwp%2Fv2%2Fcategories&post=56304"},{"taxonomy":"post_tag","embeddable":true,"href":"https:\/\/www.reconoce.mx\/index.php?rest_route=%2Fwp%2Fv2%2Ftags&post=56304"}],"curies":[{"name":"wp","href":"https:\/\/api.w.org\/{rel}","templated":true}]}}