{"id":58554,"date":"2017-03-08T00:04:38","date_gmt":"2017-03-08T06:04:38","guid":{"rendered":"http:\/\/www.reconoce.mx\/?p=58554"},"modified":"2017-03-06T09:15:45","modified_gmt":"2017-03-06T15:15:45","slug":"elparquevl17-para-los-rockstars-mas-pequenos","status":"publish","type":"post","link":"https:\/\/www.reconoce.mx\/?p=58554","title":{"rendered":"#ElParqueVL17: Para los &#8216;rockstars&#8217; m\u00e1s peque\u00f1os"},"content":{"rendered":"<p><strong>Por <a title=\"@AsfaltosTweets\" href=\"http:\/\/twitter.com\/AsfaltosTweets\" target=\"_blank\">Asfaltos<\/a><\/strong>.<\/p>\n<p>Una de las novedades presentes en la decimoctava edici\u00f3n del <strong>Festival Vive Latino<\/strong>, es la presentaci\u00f3n de un sitio donde los padres asistentes podr\u00e1n introducir a sus hijos en la cultura del rock: <a href=\"https:\/\/twitter.com\/search?f=tweets&amp;q=ElParqueVL17&amp;src=typd\" target=\"_blank\">#ElParqueVL17<\/a>. Por vez primera se estar\u00e1n realizando actividades y secciones especiales que redondear\u00e1n una perfecta jornada familiar en el que es el festival musical m\u00e1s importante de M\u00e9xico, y sin duda uno de los m\u00e1s relevantes en Am\u00e9rica Latina.<\/p>\n<style>.embed-container { position: relative; padding-bottom: 56.25%; height: 0; overflow: hidden; max-width: 100%; } .embed-container iframe, .embed-container object, .embed-container embed { position: absolute; top: 0; left: 0; width: 100%; height: 100%; }<\/style>\n<div class=\"embed-container\"><iframe loading=\"lazy\" src=\"https:\/\/www.youtube.com\/embed\/BuGgu-m5veo\" width=\"300\" height=\"150\" frameborder=\"0\" allowfullscreen=\"allowfullscreen\"><\/iframe><\/div>\n<p>&nbsp;<\/p>\n<p>A continuaci\u00f3n algunas de las secciones que han sido reveladas como parte de <a href=\"https:\/\/twitter.com\/search?f=tweets&amp;q=ElParqueVL17&amp;src=typd\" target=\"_blank\">#ElParqueVL17<\/a>:<\/p>\n<h2><strong>Divi\u00e9rtete<\/strong><\/h2>\n<p>Aqu\u00ed los ni\u00f1os de todas las edades podr\u00e1n crearse su propio look, desenvolverse en las artes y las manualidades, y mucho m\u00e1s. Se trata de que los m\u00e1s peque\u00f1os puedan convertirse f\u00edsicamente en un rockstar. Una est\u00e9tica infantil, una cabina fotogr\u00e1fica, una mini feria y un cuenta cuentos forman parte de la experiencia en esta secci\u00f3n.<\/p>\n<h2><strong>Refr\u00e9scate<\/strong><\/h2>\n<p>Ser\u00e1 esta zona en la que se colocar\u00e1n dispensadores de agua potable para su consumo de manera gratuita; es decir, ac\u00e1 se podr\u00e1 dar uno un respiro y refresh necesario entre las sombras de los \u00e1rboles.<\/p>\n<h2><strong>Rel\u00e1jate<\/strong><\/h2>\n<p>Espacio para relajarse bajo la sombra de los \u00e1rboles, en donde llenarse de energ\u00eda para continuar en el festival musical, es sin duda mantra y menester. Es una opci\u00f3n m\u00e1s para saber que ya no hay que \u00abdejar de ir al Vive\u00bb por no poderle encargar a nadie a los hijos. Se trata de involucrarlos y pasar el d\u00eda junto a ellos.<\/p>\n<h2><strong>Act\u00edvate<\/strong><\/h2>\n<p>Si de plano como buenos ni\u00f1os la energ\u00eda les sobra, el \u00e1rea ideal es \u00e9sta, donde un muro de escalada, un tumbling y una alberca de pelotas forman parte de las actividades.<\/p>\n<h2><strong>Insp\u00edrate<\/strong><\/h2>\n<p>Para los creativos, una zona donde la inspiraci\u00f3n es obligaci\u00f3n. Un espacio para la pintura, el dibujo y las artes pl\u00e1sticas en general, ser\u00e1 lo que los chicos podr\u00e1n disfrutar en el \u00e1rea de serigraf\u00eda. Atentos, que un buen recuerdo del festival podr\u00eda ser sin duda una playera personalizada. Tambi\u00e9n, por si lo de rockstars va m\u00e1s en serio, \u00bfqu\u00e9 tal una zona donde puedan jugar al air guitar y convertirse por unos momentos en sus guitarristas favoritos?<\/p>\n<p>\u00bfHay precio especial para los ni\u00f1os? S\u00ed, desde luego. Los d\u00edas s\u00e1bado, de 10:00 a 18:00 horas en taquillas del <strong>Palacio de los Deportes<\/strong>, hay que asistir con una fotocopia de alg\u00fan documento que acredite la edad del menor (credencial escolar vigente, pasaporte, cartilla del seguro social, entre otras), y as\u00ed poder conseguir su entrada general por d\u00eda a un costo de $500.00, o el boleto platino por d\u00eda a un precio de $650.00.<\/p>\n<p>El <strong>Festival Vive Latino<\/strong> se llevar\u00e1 a cabo los d\u00edas el s\u00e1bado 18 y domingo 19 de marzo en el <strong>Foro Sol<\/strong>. Boletos a la venta a trav\u00e9s del <a href=\"http:\/\/www.ticketmaster.com.mx\/Vive-Latino-boletos\/artist\/1209767\" target=\"_blank\">Sistema Ticketmaster<\/a>.<\/p>\n<p style=\"text-align: right;\">Con informaci\u00f3n cortes\u00eda de <strong>Terr\u00edcolas Imb\u00e9ciles<\/strong>.<\/p>\n<p>&nbsp;<\/p>\n<p>&nbsp;<\/p>\n","protected":false},"excerpt":{"rendered":"<p>Una de las novedades presentes en la decimoctava edici\u00f3n del Festival Vive Latino, es la presentaci\u00f3n de un sitio donde los padres asistentes podr\u00e1n introducir a sus hijos en la cultura del rock: #ElParqueVL17.<\/p>\n","protected":false},"author":2,"featured_media":58558,"comment_status":"open","ping_status":"open","sticky":false,"template":"","format":"standard","meta":{"footnotes":""},"categories":[1,18,17],"tags":[],"class_list":["post-58554","post","type-post","status-publish","format-standard","has-post-thumbnail","hentry","category-cultura","category-musica","category-principal"],"yoast_head":"<!-- This site is optimized with the Yoast SEO plugin v24.7 - https:\/\/yoast.com\/wordpress\/plugins\/seo\/ -->\n<title>#ElParqueVL17: Para los &#039;rockstars&#039; m\u00e1s peque\u00f1os &#171; Reconoce MX<\/title>\n<meta name=\"robots\" content=\"index, follow, max-snippet:-1, max-image-preview:large, max-video-preview:-1\" \/>\n<link rel=\"canonical\" href=\"http:\/\/www.reconoce.mx\/?p=58554\" \/>\n<meta property=\"og:locale\" content=\"es_ES\" \/>\n<meta property=\"og:type\" content=\"article\" \/>\n<meta property=\"og:title\" content=\"#ElParqueVL17: Para los &#039;rockstars&#039; m\u00e1s peque\u00f1os &#171; Reconoce MX\" \/>\n<meta property=\"og:description\" content=\"Una de las novedades presentes en la decimoctava edici\u00f3n del Festival Vive Latino, es la presentaci\u00f3n de un sitio donde los padres asistentes podr\u00e1n introducir a sus hijos en la cultura del rock: #ElParqueVL17.\" \/>\n<meta property=\"og:url\" content=\"http:\/\/www.reconoce.mx\/?p=58554\" \/>\n<meta property=\"og:site_name\" content=\"Reconoce MX\" \/>\n<meta property=\"article:publisher\" content=\"https:\/\/es-la.facebook.com\/ReconoceMX\/\" \/>\n<meta property=\"article:published_time\" content=\"2017-03-08T06:04:38+00:00\" \/>\n<meta property=\"og:image\" content=\"http:\/\/www.reconoce.mx\/wp-content\/uploads\/2017\/03\/vive-latino-el-parque.png\" \/>\n\t<meta property=\"og:image:width\" content=\"590\" \/>\n\t<meta property=\"og:image:height\" content=\"380\" \/>\n\t<meta property=\"og:image:type\" content=\"image\/png\" \/>\n<meta name=\"author\" content=\"Reconoce MX\" \/>\n<meta name=\"twitter:card\" content=\"summary_large_image\" \/>\n<meta name=\"twitter:creator\" content=\"@reconocemx\" \/>\n<meta name=\"twitter:site\" content=\"@reconocemx\" \/>\n<meta name=\"twitter:label1\" content=\"Escrito por\" \/>\n\t<meta name=\"twitter:data1\" content=\"Reconoce MX\" \/>\n\t<meta name=\"twitter:label2\" content=\"Tiempo de lectura\" \/>\n\t<meta name=\"twitter:data2\" content=\"3 minutos\" \/>\n<script type=\"application\/ld+json\" class=\"yoast-schema-graph\">{\"@context\":\"https:\/\/schema.org\",\"@graph\":[{\"@type\":\"Article\",\"@id\":\"http:\/\/www.reconoce.mx\/?p=58554#article\",\"isPartOf\":{\"@id\":\"http:\/\/www.reconoce.mx\/?p=58554\"},\"author\":{\"name\":\"Reconoce MX\",\"@id\":\"http:\/\/www.reconoce.mx\/#\/schema\/person\/2117e997d7051dc15d6880eaf9bca0b2\"},\"headline\":\"#ElParqueVL17: Para los &#8216;rockstars&#8217; m\u00e1s peque\u00f1os\",\"datePublished\":\"2017-03-08T06:04:38+00:00\",\"mainEntityOfPage\":{\"@id\":\"http:\/\/www.reconoce.mx\/?p=58554\"},\"wordCount\":525,\"commentCount\":0,\"publisher\":{\"@id\":\"http:\/\/www.reconoce.mx\/#organization\"},\"image\":{\"@id\":\"http:\/\/www.reconoce.mx\/?p=58554#primaryimage\"},\"thumbnailUrl\":\"https:\/\/www.reconoce.mx\/wp-content\/uploads\/2017\/03\/vive-latino-el-parque.png\",\"articleSection\":[\"Cultura\",\"M\u00fasica\",\"Principal\"],\"inLanguage\":\"es\",\"potentialAction\":[{\"@type\":\"CommentAction\",\"name\":\"Comment\",\"target\":[\"http:\/\/www.reconoce.mx\/?p=58554#respond\"]}]},{\"@type\":\"WebPage\",\"@id\":\"http:\/\/www.reconoce.mx\/?p=58554\",\"url\":\"http:\/\/www.reconoce.mx\/?p=58554\",\"name\":\"#ElParqueVL17: Para los 'rockstars' m\u00e1s peque\u00f1os &#171; Reconoce MX\",\"isPartOf\":{\"@id\":\"http:\/\/www.reconoce.mx\/#website\"},\"primaryImageOfPage\":{\"@id\":\"http:\/\/www.reconoce.mx\/?p=58554#primaryimage\"},\"image\":{\"@id\":\"http:\/\/www.reconoce.mx\/?p=58554#primaryimage\"},\"thumbnailUrl\":\"https:\/\/www.reconoce.mx\/wp-content\/uploads\/2017\/03\/vive-latino-el-parque.png\",\"datePublished\":\"2017-03-08T06:04:38+00:00\",\"breadcrumb\":{\"@id\":\"http:\/\/www.reconoce.mx\/?p=58554#breadcrumb\"},\"inLanguage\":\"es\",\"potentialAction\":[{\"@type\":\"ReadAction\",\"target\":[\"http:\/\/www.reconoce.mx\/?p=58554\"]}]},{\"@type\":\"ImageObject\",\"inLanguage\":\"es\",\"@id\":\"http:\/\/www.reconoce.mx\/?p=58554#primaryimage\",\"url\":\"https:\/\/www.reconoce.mx\/wp-content\/uploads\/2017\/03\/vive-latino-el-parque.png\",\"contentUrl\":\"https:\/\/www.reconoce.mx\/wp-content\/uploads\/2017\/03\/vive-latino-el-parque.png\",\"width\":590,\"height\":380},{\"@type\":\"BreadcrumbList\",\"@id\":\"http:\/\/www.reconoce.mx\/?p=58554#breadcrumb\",\"itemListElement\":[{\"@type\":\"ListItem\",\"position\":1,\"name\":\"Portada\",\"item\":\"http:\/\/www.reconoce.mx\/\"},{\"@type\":\"ListItem\",\"position\":2,\"name\":\"#ElParqueVL17: Para los &#8216;rockstars&#8217; m\u00e1s peque\u00f1os\"}]},{\"@type\":\"WebSite\",\"@id\":\"http:\/\/www.reconoce.mx\/#website\",\"url\":\"http:\/\/www.reconoce.mx\/\",\"name\":\"Reconoce MX\",\"description\":\"En Reconoce MX difundimos arte, cultura y conciencia social en M\u00e9xico. Tu ciudad en otra perspectiva.\",\"publisher\":{\"@id\":\"http:\/\/www.reconoce.mx\/#organization\"},\"potentialAction\":[{\"@type\":\"SearchAction\",\"target\":{\"@type\":\"EntryPoint\",\"urlTemplate\":\"http:\/\/www.reconoce.mx\/?s={search_term_string}\"},\"query-input\":{\"@type\":\"PropertyValueSpecification\",\"valueRequired\":true,\"valueName\":\"search_term_string\"}}],\"inLanguage\":\"es\"},{\"@type\":\"Organization\",\"@id\":\"http:\/\/www.reconoce.mx\/#organization\",\"name\":\"Reconoce MX\",\"url\":\"http:\/\/www.reconoce.mx\/\",\"logo\":{\"@type\":\"ImageObject\",\"inLanguage\":\"es\",\"@id\":\"http:\/\/www.reconoce.mx\/#\/schema\/logo\/image\/\",\"url\":\"https:\/\/www.reconoce.mx\/wp-content\/uploads\/2019\/03\/logorcmx-good-1.png\",\"contentUrl\":\"https:\/\/www.reconoce.mx\/wp-content\/uploads\/2019\/03\/logorcmx-good-1.png\",\"width\":280,\"height\":90,\"caption\":\"Reconoce MX\"},\"image\":{\"@id\":\"http:\/\/www.reconoce.mx\/#\/schema\/logo\/image\/\"},\"sameAs\":[\"https:\/\/es-la.facebook.com\/ReconoceMX\/\",\"https:\/\/x.com\/reconocemx\",\"http:\/\/@reconocemx\"]},{\"@type\":\"Person\",\"@id\":\"http:\/\/www.reconoce.mx\/#\/schema\/person\/2117e997d7051dc15d6880eaf9bca0b2\",\"name\":\"Reconoce MX\",\"image\":{\"@type\":\"ImageObject\",\"inLanguage\":\"es\",\"@id\":\"http:\/\/www.reconoce.mx\/#\/schema\/person\/image\/\",\"url\":\"https:\/\/secure.gravatar.com\/avatar\/6c8d4dc7569ca1c90c5fdcc349f839d5ddef6fe1e70b4337ead2ef1a4c43fc3a?s=96&d=identicon&r=g\",\"contentUrl\":\"https:\/\/secure.gravatar.com\/avatar\/6c8d4dc7569ca1c90c5fdcc349f839d5ddef6fe1e70b4337ead2ef1a4c43fc3a?s=96&d=identicon&r=g\",\"caption\":\"Reconoce MX\"},\"description\":\"Reconoce MX es un proyecto de difusi\u00f3n art\u00edstica, cultural y de conciencia social que est\u00e1 enfocado a difundir y fomentar el entretenimiento alternativo de calidad para todo el p\u00fablico que comparta el mismo entusiasmo.\",\"sameAs\":[\"http:\/\/www.reconoce.mx\"],\"url\":\"https:\/\/www.reconoce.mx\/?author=2\"}]}<\/script>\n<!-- \/ Yoast SEO plugin. -->","yoast_head_json":{"title":"#ElParqueVL17: Para los 'rockstars' m\u00e1s peque\u00f1os &#171; Reconoce MX","robots":{"index":"index","follow":"follow","max-snippet":"max-snippet:-1","max-image-preview":"max-image-preview:large","max-video-preview":"max-video-preview:-1"},"canonical":"http:\/\/www.reconoce.mx\/?p=58554","og_locale":"es_ES","og_type":"article","og_title":"#ElParqueVL17: Para los 'rockstars' m\u00e1s peque\u00f1os &#171; Reconoce MX","og_description":"Una de las novedades presentes en la decimoctava edici\u00f3n del Festival Vive Latino, es la presentaci\u00f3n de un sitio donde los padres asistentes podr\u00e1n introducir a sus hijos en la cultura del rock: #ElParqueVL17.","og_url":"http:\/\/www.reconoce.mx\/?p=58554","og_site_name":"Reconoce MX","article_publisher":"https:\/\/es-la.facebook.com\/ReconoceMX\/","article_published_time":"2017-03-08T06:04:38+00:00","og_image":[{"width":590,"height":380,"url":"http:\/\/www.reconoce.mx\/wp-content\/uploads\/2017\/03\/vive-latino-el-parque.png","type":"image\/png"}],"author":"Reconoce MX","twitter_card":"summary_large_image","twitter_creator":"@reconocemx","twitter_site":"@reconocemx","twitter_misc":{"Escrito por":"Reconoce MX","Tiempo de lectura":"3 minutos"},"schema":{"@context":"https:\/\/schema.org","@graph":[{"@type":"Article","@id":"http:\/\/www.reconoce.mx\/?p=58554#article","isPartOf":{"@id":"http:\/\/www.reconoce.mx\/?p=58554"},"author":{"name":"Reconoce MX","@id":"http:\/\/www.reconoce.mx\/#\/schema\/person\/2117e997d7051dc15d6880eaf9bca0b2"},"headline":"#ElParqueVL17: Para los &#8216;rockstars&#8217; m\u00e1s peque\u00f1os","datePublished":"2017-03-08T06:04:38+00:00","mainEntityOfPage":{"@id":"http:\/\/www.reconoce.mx\/?p=58554"},"wordCount":525,"commentCount":0,"publisher":{"@id":"http:\/\/www.reconoce.mx\/#organization"},"image":{"@id":"http:\/\/www.reconoce.mx\/?p=58554#primaryimage"},"thumbnailUrl":"https:\/\/www.reconoce.mx\/wp-content\/uploads\/2017\/03\/vive-latino-el-parque.png","articleSection":["Cultura","M\u00fasica","Principal"],"inLanguage":"es","potentialAction":[{"@type":"CommentAction","name":"Comment","target":["http:\/\/www.reconoce.mx\/?p=58554#respond"]}]},{"@type":"WebPage","@id":"http:\/\/www.reconoce.mx\/?p=58554","url":"http:\/\/www.reconoce.mx\/?p=58554","name":"#ElParqueVL17: Para los 'rockstars' m\u00e1s peque\u00f1os &#171; Reconoce MX","isPartOf":{"@id":"http:\/\/www.reconoce.mx\/#website"},"primaryImageOfPage":{"@id":"http:\/\/www.reconoce.mx\/?p=58554#primaryimage"},"image":{"@id":"http:\/\/www.reconoce.mx\/?p=58554#primaryimage"},"thumbnailUrl":"https:\/\/www.reconoce.mx\/wp-content\/uploads\/2017\/03\/vive-latino-el-parque.png","datePublished":"2017-03-08T06:04:38+00:00","breadcrumb":{"@id":"http:\/\/www.reconoce.mx\/?p=58554#breadcrumb"},"inLanguage":"es","potentialAction":[{"@type":"ReadAction","target":["http:\/\/www.reconoce.mx\/?p=58554"]}]},{"@type":"ImageObject","inLanguage":"es","@id":"http:\/\/www.reconoce.mx\/?p=58554#primaryimage","url":"https:\/\/www.reconoce.mx\/wp-content\/uploads\/2017\/03\/vive-latino-el-parque.png","contentUrl":"https:\/\/www.reconoce.mx\/wp-content\/uploads\/2017\/03\/vive-latino-el-parque.png","width":590,"height":380},{"@type":"BreadcrumbList","@id":"http:\/\/www.reconoce.mx\/?p=58554#breadcrumb","itemListElement":[{"@type":"ListItem","position":1,"name":"Portada","item":"http:\/\/www.reconoce.mx\/"},{"@type":"ListItem","position":2,"name":"#ElParqueVL17: Para los &#8216;rockstars&#8217; m\u00e1s peque\u00f1os"}]},{"@type":"WebSite","@id":"http:\/\/www.reconoce.mx\/#website","url":"http:\/\/www.reconoce.mx\/","name":"Reconoce MX","description":"En Reconoce MX difundimos arte, cultura y conciencia social en M\u00e9xico. Tu ciudad en otra perspectiva.","publisher":{"@id":"http:\/\/www.reconoce.mx\/#organization"},"potentialAction":[{"@type":"SearchAction","target":{"@type":"EntryPoint","urlTemplate":"http:\/\/www.reconoce.mx\/?s={search_term_string}"},"query-input":{"@type":"PropertyValueSpecification","valueRequired":true,"valueName":"search_term_string"}}],"inLanguage":"es"},{"@type":"Organization","@id":"http:\/\/www.reconoce.mx\/#organization","name":"Reconoce MX","url":"http:\/\/www.reconoce.mx\/","logo":{"@type":"ImageObject","inLanguage":"es","@id":"http:\/\/www.reconoce.mx\/#\/schema\/logo\/image\/","url":"https:\/\/www.reconoce.mx\/wp-content\/uploads\/2019\/03\/logorcmx-good-1.png","contentUrl":"https:\/\/www.reconoce.mx\/wp-content\/uploads\/2019\/03\/logorcmx-good-1.png","width":280,"height":90,"caption":"Reconoce MX"},"image":{"@id":"http:\/\/www.reconoce.mx\/#\/schema\/logo\/image\/"},"sameAs":["https:\/\/es-la.facebook.com\/ReconoceMX\/","https:\/\/x.com\/reconocemx","http:\/\/@reconocemx"]},{"@type":"Person","@id":"http:\/\/www.reconoce.mx\/#\/schema\/person\/2117e997d7051dc15d6880eaf9bca0b2","name":"Reconoce MX","image":{"@type":"ImageObject","inLanguage":"es","@id":"http:\/\/www.reconoce.mx\/#\/schema\/person\/image\/","url":"https:\/\/secure.gravatar.com\/avatar\/6c8d4dc7569ca1c90c5fdcc349f839d5ddef6fe1e70b4337ead2ef1a4c43fc3a?s=96&d=identicon&r=g","contentUrl":"https:\/\/secure.gravatar.com\/avatar\/6c8d4dc7569ca1c90c5fdcc349f839d5ddef6fe1e70b4337ead2ef1a4c43fc3a?s=96&d=identicon&r=g","caption":"Reconoce MX"},"description":"Reconoce MX es un proyecto de difusi\u00f3n art\u00edstica, cultural y de conciencia social que est\u00e1 enfocado a difundir y fomentar el entretenimiento alternativo de calidad para todo el p\u00fablico que comparta el mismo entusiasmo.","sameAs":["http:\/\/www.reconoce.mx"],"url":"https:\/\/www.reconoce.mx\/?author=2"}]}},"_links":{"self":[{"href":"https:\/\/www.reconoce.mx\/index.php?rest_route=\/wp\/v2\/posts\/58554","targetHints":{"allow":["GET"]}}],"collection":[{"href":"https:\/\/www.reconoce.mx\/index.php?rest_route=\/wp\/v2\/posts"}],"about":[{"href":"https:\/\/www.reconoce.mx\/index.php?rest_route=\/wp\/v2\/types\/post"}],"author":[{"embeddable":true,"href":"https:\/\/www.reconoce.mx\/index.php?rest_route=\/wp\/v2\/users\/2"}],"replies":[{"embeddable":true,"href":"https:\/\/www.reconoce.mx\/index.php?rest_route=%2Fwp%2Fv2%2Fcomments&post=58554"}],"version-history":[{"count":5,"href":"https:\/\/www.reconoce.mx\/index.php?rest_route=\/wp\/v2\/posts\/58554\/revisions"}],"predecessor-version":[{"id":58580,"href":"https:\/\/www.reconoce.mx\/index.php?rest_route=\/wp\/v2\/posts\/58554\/revisions\/58580"}],"wp:featuredmedia":[{"embeddable":true,"href":"https:\/\/www.reconoce.mx\/index.php?rest_route=\/wp\/v2\/media\/58558"}],"wp:attachment":[{"href":"https:\/\/www.reconoce.mx\/index.php?rest_route=%2Fwp%2Fv2%2Fmedia&parent=58554"}],"wp:term":[{"taxonomy":"category","embeddable":true,"href":"https:\/\/www.reconoce.mx\/index.php?rest_route=%2Fwp%2Fv2%2Fcategories&post=58554"},{"taxonomy":"post_tag","embeddable":true,"href":"https:\/\/www.reconoce.mx\/index.php?rest_route=%2Fwp%2Fv2%2Ftags&post=58554"}],"curies":[{"name":"wp","href":"https:\/\/api.w.org\/{rel}","templated":true}]}}