{"id":60841,"date":"2017-05-16T00:04:31","date_gmt":"2017-05-16T05:04:31","guid":{"rendered":"http:\/\/www.reconoce.mx\/?p=60841"},"modified":"2017-05-16T14:57:45","modified_gmt":"2017-05-16T19:57:45","slug":"festival-internacional-de-cine-de-xalapa-alistan-1-a-edicion","status":"publish","type":"post","link":"https:\/\/www.reconoce.mx\/?p=60841","title":{"rendered":"Festival Internacional de Cine de Xalapa: alistan 1.\u00aa edici\u00f3n"},"content":{"rendered":"<p><strong>Por <a href=\"https:\/\/twitter.com\/asfaltostweets\" target=\"_blank\" rel=\"noopener noreferrer\">Asfaltos<\/a><\/strong>.<\/p>\n<p>Un festival de cine m\u00e1s se une a la larga lista de festivales de este tipo en M\u00e9xico; y s\u00ed, lo aplaudimos. Se trata nada mas y nada menos del que ser\u00e1 el primer <strong>Festival Internacional de Cine de Xalapa<\/strong> (FICX) en Xalapa, Veracruz.<\/p>\n<p><a href=\"http:\/\/www.reconoce.mx\/wp-content\/uploads\/2017\/05\/unnamed3.jpg\"><img loading=\"lazy\" decoding=\"async\" class=\"aligncenter size-full wp-image-60843\" src=\"http:\/\/www.reconoce.mx\/wp-content\/uploads\/2017\/05\/unnamed3.jpg\" alt=\"\" width=\"960\" height=\"720\" srcset=\"https:\/\/www.reconoce.mx\/wp-content\/uploads\/2017\/05\/unnamed3.jpg 960w, https:\/\/www.reconoce.mx\/wp-content\/uploads\/2017\/05\/unnamed3-300x225.jpg 300w, https:\/\/www.reconoce.mx\/wp-content\/uploads\/2017\/05\/unnamed3-768x576.jpg 768w, https:\/\/www.reconoce.mx\/wp-content\/uploads\/2017\/05\/unnamed3-150x113.jpg 150w, https:\/\/www.reconoce.mx\/wp-content\/uploads\/2017\/05\/unnamed3-700x525.jpg 700w, https:\/\/www.reconoce.mx\/wp-content\/uploads\/2017\/05\/unnamed3-658x494.jpg 658w\" sizes=\"auto, (max-width: 960px) 100vw, 960px\" \/><\/a><\/p>\n<p>En un estado golpeado por la violencia y la corrupci\u00f3n, el primer <strong>Festival Internacional de Cine de Xalapa<\/strong> pretende ser un b\u00e1lsamo para sus habitantes. El <strong>FICX<\/strong> se celebrar\u00e1 del 25 al 28 de agosto en la ciudad de Xalapa.<\/p>\n<p>Caracterizado por la intenci\u00f3n de desarrollar a los j\u00f3venes interesados en acercarse al s\u00e9ptimo arte, el <strong>FICX<\/strong> celebrar\u00e1 cuatro d\u00edas intensos en los que se realizar\u00e1n talleres relacionados al cine, impartidos por cineastas reconocidos. Algunos de los involucrados anunciados son <strong>Carlos Bolado<\/strong> (\u00abColosio: El asesinato\u00bb, \u00abBajo California: El l\u00edmite del tiempo\u00bb), <strong>Paulino Partida<\/strong> (\u00abMr. Pig\u00bb) y <strong>Guillermo Dorantes<\/strong> (\u00abDesierto Adentro\u00bb, \u00abClub de Cuervos\u00bb), entre otros.<\/p>\n<p>El pa\u00eds invitado de esta primera edici\u00f3n ser\u00e1 Argentina, mismo que proveer\u00e1 realizadores que participar\u00e1n en el festival. La cinta inaugural, la argentino-canadiense \u00abEl lado oscuro del coraz\u00f3n\u00bb de <strong>Eliseo Subiela<\/strong>, se exhibir\u00e1 en el <strong>Teatro del Estado<\/strong>.<\/p>\n<p><iframe id='audio_18074423' frameborder='0' allowfullscreen='' scrolling='no' height='200' src='http:\/\/mx.ivoox.com\/es\/player_ej_18074423_4_1.html?c1=A81F25' style='border:1px solid #EEE; box-sizing:border-box; width:100%;'><\/iframe><\/p>\n<h1><strong>FICX abre convocatoria para cortometrajes<\/strong><\/h1>\n<p>En el marco del primer <strong>Festival Internacional de Cine de Xalapa<\/strong> se presentar\u00e1 una <strong>Selecci\u00f3n Oficial<\/strong> integrada por cortometrajes, mismos para los cuales se ha abierto una convocatoria abierta hasta el pr\u00f3ximo 1 de julio. Los cortometrajes podr\u00e1n contender por alguno de los premios que el evento dar\u00e1, del que se destaca uno econ\u00f3mico de $2,500.00 d\u00f3lares en efectivo al \u00abMejor cortometraje\u00bb.<\/p>\n<p>Los trabajos seleccionados en cada una de las tres categor\u00edas participantes (Ficci\u00f3n, Documental, Animaci\u00f3n) <strong>Festival Internacional de Cine de Xalapa<\/strong> se presentar\u00e1n durante la jornada del festival en el marco del festival en <strong>Cin\u00e9polis Plaza Museo<\/strong> de Xalapa, Veracruz<\/p>\n<p>Para m\u00e1s informaci\u00f3n sobre los requisitos e inscripci\u00f3n, consulta el <a href=\"https:\/\/filmfreeway.com\/festival\/XalapaInternationalFilmFestival\" target=\"_blank\" rel=\"noopener noreferrer\">sitio oficial<\/a>.<\/p>\n<p style=\"text-align: right;\">Con informaci\u00f3n e im\u00e1genes cortes\u00eda del <strong>FICX<\/strong>.<\/p>\n<p>&nbsp;<\/p>\n<p>&nbsp;<\/p>\n","protected":false},"excerpt":{"rendered":"<p>Un festival de cine m\u00e1s se une a la larga lista de festivales de este tipo en M\u00e9xico; y s\u00ed, lo aplaudimos.<\/p>\n","protected":false},"author":2,"featured_media":60842,"comment_status":"open","ping_status":"open","sticky":false,"template":"","format":"standard","meta":{"footnotes":""},"categories":[24,1,17],"tags":[],"class_list":["post-60841","post","type-post","status-publish","format-standard","has-post-thumbnail","hentry","category-cine","category-cultura","category-principal"],"yoast_head":"<!-- This site is optimized with the Yoast SEO plugin v24.7 - https:\/\/yoast.com\/wordpress\/plugins\/seo\/ -->\n<title>Festival Internacional de Cine de Xalapa: alistan 1.\u00aa edici\u00f3n &#171; Reconoce MX<\/title>\n<meta name=\"robots\" content=\"index, follow, max-snippet:-1, max-image-preview:large, max-video-preview:-1\" \/>\n<link rel=\"canonical\" href=\"https:\/\/www.reconoce.mx\/?p=60841\" \/>\n<meta property=\"og:locale\" content=\"es_ES\" \/>\n<meta property=\"og:type\" content=\"article\" \/>\n<meta property=\"og:title\" content=\"Festival Internacional de Cine de Xalapa: alistan 1.\u00aa edici\u00f3n &#171; Reconoce MX\" \/>\n<meta property=\"og:description\" content=\"Un festival de cine m\u00e1s se une a la larga lista de festivales de este tipo en M\u00e9xico; y s\u00ed, lo aplaudimos.\" \/>\n<meta property=\"og:url\" content=\"https:\/\/www.reconoce.mx\/?p=60841\" \/>\n<meta property=\"og:site_name\" content=\"Reconoce MX\" \/>\n<meta property=\"article:publisher\" content=\"https:\/\/es-la.facebook.com\/ReconoceMX\/\" \/>\n<meta property=\"article:published_time\" content=\"2017-05-16T05:04:31+00:00\" \/>\n<meta property=\"article:modified_time\" content=\"2017-05-16T19:57:45+00:00\" \/>\n<meta property=\"og:image\" content=\"https:\/\/www.reconoce.mx\/wp-content\/uploads\/2017\/05\/ficxalapa.png\" \/>\n\t<meta property=\"og:image:width\" content=\"590\" \/>\n\t<meta property=\"og:image:height\" content=\"380\" \/>\n\t<meta property=\"og:image:type\" content=\"image\/png\" \/>\n<meta name=\"author\" content=\"Reconoce MX\" \/>\n<meta name=\"twitter:card\" content=\"summary_large_image\" \/>\n<meta name=\"twitter:creator\" content=\"@reconocemx\" \/>\n<meta name=\"twitter:site\" content=\"@reconocemx\" \/>\n<meta name=\"twitter:label1\" content=\"Escrito por\" \/>\n\t<meta name=\"twitter:data1\" content=\"Reconoce MX\" \/>\n\t<meta name=\"twitter:label2\" content=\"Tiempo de lectura\" \/>\n\t<meta name=\"twitter:data2\" content=\"2 minutos\" \/>\n<script type=\"application\/ld+json\" class=\"yoast-schema-graph\">{\"@context\":\"https:\/\/schema.org\",\"@graph\":[{\"@type\":\"Article\",\"@id\":\"https:\/\/www.reconoce.mx\/?p=60841#article\",\"isPartOf\":{\"@id\":\"https:\/\/www.reconoce.mx\/?p=60841\"},\"author\":{\"name\":\"Reconoce MX\",\"@id\":\"https:\/\/www.reconoce.mx\/#\/schema\/person\/2117e997d7051dc15d6880eaf9bca0b2\"},\"headline\":\"Festival Internacional de Cine de Xalapa: alistan 1.\u00aa edici\u00f3n\",\"datePublished\":\"2017-05-16T05:04:31+00:00\",\"dateModified\":\"2017-05-16T19:57:45+00:00\",\"mainEntityOfPage\":{\"@id\":\"https:\/\/www.reconoce.mx\/?p=60841\"},\"wordCount\":351,\"commentCount\":0,\"publisher\":{\"@id\":\"https:\/\/www.reconoce.mx\/#organization\"},\"image\":{\"@id\":\"https:\/\/www.reconoce.mx\/?p=60841#primaryimage\"},\"thumbnailUrl\":\"https:\/\/www.reconoce.mx\/wp-content\/uploads\/2017\/05\/ficxalapa.png\",\"articleSection\":[\"Cine\",\"Cultura\",\"Principal\"],\"inLanguage\":\"es\",\"potentialAction\":[{\"@type\":\"CommentAction\",\"name\":\"Comment\",\"target\":[\"https:\/\/www.reconoce.mx\/?p=60841#respond\"]}]},{\"@type\":\"WebPage\",\"@id\":\"https:\/\/www.reconoce.mx\/?p=60841\",\"url\":\"https:\/\/www.reconoce.mx\/?p=60841\",\"name\":\"Festival Internacional de Cine de Xalapa: alistan 1.\u00aa edici\u00f3n &#171; Reconoce MX\",\"isPartOf\":{\"@id\":\"https:\/\/www.reconoce.mx\/#website\"},\"primaryImageOfPage\":{\"@id\":\"https:\/\/www.reconoce.mx\/?p=60841#primaryimage\"},\"image\":{\"@id\":\"https:\/\/www.reconoce.mx\/?p=60841#primaryimage\"},\"thumbnailUrl\":\"https:\/\/www.reconoce.mx\/wp-content\/uploads\/2017\/05\/ficxalapa.png\",\"datePublished\":\"2017-05-16T05:04:31+00:00\",\"dateModified\":\"2017-05-16T19:57:45+00:00\",\"breadcrumb\":{\"@id\":\"https:\/\/www.reconoce.mx\/?p=60841#breadcrumb\"},\"inLanguage\":\"es\",\"potentialAction\":[{\"@type\":\"ReadAction\",\"target\":[\"https:\/\/www.reconoce.mx\/?p=60841\"]}]},{\"@type\":\"ImageObject\",\"inLanguage\":\"es\",\"@id\":\"https:\/\/www.reconoce.mx\/?p=60841#primaryimage\",\"url\":\"https:\/\/www.reconoce.mx\/wp-content\/uploads\/2017\/05\/ficxalapa.png\",\"contentUrl\":\"https:\/\/www.reconoce.mx\/wp-content\/uploads\/2017\/05\/ficxalapa.png\",\"width\":590,\"height\":380},{\"@type\":\"BreadcrumbList\",\"@id\":\"https:\/\/www.reconoce.mx\/?p=60841#breadcrumb\",\"itemListElement\":[{\"@type\":\"ListItem\",\"position\":1,\"name\":\"Portada\",\"item\":\"https:\/\/www.reconoce.mx\/\"},{\"@type\":\"ListItem\",\"position\":2,\"name\":\"Festival Internacional de Cine de Xalapa: alistan 1.\u00aa edici\u00f3n\"}]},{\"@type\":\"WebSite\",\"@id\":\"https:\/\/www.reconoce.mx\/#website\",\"url\":\"https:\/\/www.reconoce.mx\/\",\"name\":\"Reconoce MX\",\"description\":\"En Reconoce MX difundimos arte, cultura y conciencia social en M\u00e9xico. Tu ciudad en otra perspectiva.\",\"publisher\":{\"@id\":\"https:\/\/www.reconoce.mx\/#organization\"},\"potentialAction\":[{\"@type\":\"SearchAction\",\"target\":{\"@type\":\"EntryPoint\",\"urlTemplate\":\"https:\/\/www.reconoce.mx\/?s={search_term_string}\"},\"query-input\":{\"@type\":\"PropertyValueSpecification\",\"valueRequired\":true,\"valueName\":\"search_term_string\"}}],\"inLanguage\":\"es\"},{\"@type\":\"Organization\",\"@id\":\"https:\/\/www.reconoce.mx\/#organization\",\"name\":\"Reconoce MX\",\"url\":\"https:\/\/www.reconoce.mx\/\",\"logo\":{\"@type\":\"ImageObject\",\"inLanguage\":\"es\",\"@id\":\"https:\/\/www.reconoce.mx\/#\/schema\/logo\/image\/\",\"url\":\"https:\/\/www.reconoce.mx\/wp-content\/uploads\/2019\/03\/logorcmx-good-1.png\",\"contentUrl\":\"https:\/\/www.reconoce.mx\/wp-content\/uploads\/2019\/03\/logorcmx-good-1.png\",\"width\":280,\"height\":90,\"caption\":\"Reconoce MX\"},\"image\":{\"@id\":\"https:\/\/www.reconoce.mx\/#\/schema\/logo\/image\/\"},\"sameAs\":[\"https:\/\/es-la.facebook.com\/ReconoceMX\/\",\"https:\/\/x.com\/reconocemx\",\"http:\/\/@reconocemx\"]},{\"@type\":\"Person\",\"@id\":\"https:\/\/www.reconoce.mx\/#\/schema\/person\/2117e997d7051dc15d6880eaf9bca0b2\",\"name\":\"Reconoce MX\",\"image\":{\"@type\":\"ImageObject\",\"inLanguage\":\"es\",\"@id\":\"https:\/\/www.reconoce.mx\/#\/schema\/person\/image\/\",\"url\":\"https:\/\/secure.gravatar.com\/avatar\/6c8d4dc7569ca1c90c5fdcc349f839d5ddef6fe1e70b4337ead2ef1a4c43fc3a?s=96&d=identicon&r=g\",\"contentUrl\":\"https:\/\/secure.gravatar.com\/avatar\/6c8d4dc7569ca1c90c5fdcc349f839d5ddef6fe1e70b4337ead2ef1a4c43fc3a?s=96&d=identicon&r=g\",\"caption\":\"Reconoce MX\"},\"description\":\"Reconoce MX es un proyecto de difusi\u00f3n art\u00edstica, cultural y de conciencia social que est\u00e1 enfocado a difundir y fomentar el entretenimiento alternativo de calidad para todo el p\u00fablico que comparta el mismo entusiasmo.\",\"sameAs\":[\"http:\/\/www.reconoce.mx\"],\"url\":\"https:\/\/www.reconoce.mx\/?author=2\"}]}<\/script>\n<!-- \/ Yoast SEO plugin. -->","yoast_head_json":{"title":"Festival Internacional de Cine de Xalapa: alistan 1.\u00aa edici\u00f3n &#171; Reconoce MX","robots":{"index":"index","follow":"follow","max-snippet":"max-snippet:-1","max-image-preview":"max-image-preview:large","max-video-preview":"max-video-preview:-1"},"canonical":"https:\/\/www.reconoce.mx\/?p=60841","og_locale":"es_ES","og_type":"article","og_title":"Festival Internacional de Cine de Xalapa: alistan 1.\u00aa edici\u00f3n &#171; Reconoce MX","og_description":"Un festival de cine m\u00e1s se une a la larga lista de festivales de este tipo en M\u00e9xico; y s\u00ed, lo aplaudimos.","og_url":"https:\/\/www.reconoce.mx\/?p=60841","og_site_name":"Reconoce MX","article_publisher":"https:\/\/es-la.facebook.com\/ReconoceMX\/","article_published_time":"2017-05-16T05:04:31+00:00","article_modified_time":"2017-05-16T19:57:45+00:00","og_image":[{"width":590,"height":380,"url":"https:\/\/www.reconoce.mx\/wp-content\/uploads\/2017\/05\/ficxalapa.png","type":"image\/png"}],"author":"Reconoce MX","twitter_card":"summary_large_image","twitter_creator":"@reconocemx","twitter_site":"@reconocemx","twitter_misc":{"Escrito por":"Reconoce MX","Tiempo de lectura":"2 minutos"},"schema":{"@context":"https:\/\/schema.org","@graph":[{"@type":"Article","@id":"https:\/\/www.reconoce.mx\/?p=60841#article","isPartOf":{"@id":"https:\/\/www.reconoce.mx\/?p=60841"},"author":{"name":"Reconoce MX","@id":"https:\/\/www.reconoce.mx\/#\/schema\/person\/2117e997d7051dc15d6880eaf9bca0b2"},"headline":"Festival Internacional de Cine de Xalapa: alistan 1.\u00aa edici\u00f3n","datePublished":"2017-05-16T05:04:31+00:00","dateModified":"2017-05-16T19:57:45+00:00","mainEntityOfPage":{"@id":"https:\/\/www.reconoce.mx\/?p=60841"},"wordCount":351,"commentCount":0,"publisher":{"@id":"https:\/\/www.reconoce.mx\/#organization"},"image":{"@id":"https:\/\/www.reconoce.mx\/?p=60841#primaryimage"},"thumbnailUrl":"https:\/\/www.reconoce.mx\/wp-content\/uploads\/2017\/05\/ficxalapa.png","articleSection":["Cine","Cultura","Principal"],"inLanguage":"es","potentialAction":[{"@type":"CommentAction","name":"Comment","target":["https:\/\/www.reconoce.mx\/?p=60841#respond"]}]},{"@type":"WebPage","@id":"https:\/\/www.reconoce.mx\/?p=60841","url":"https:\/\/www.reconoce.mx\/?p=60841","name":"Festival Internacional de Cine de Xalapa: alistan 1.\u00aa edici\u00f3n &#171; Reconoce MX","isPartOf":{"@id":"https:\/\/www.reconoce.mx\/#website"},"primaryImageOfPage":{"@id":"https:\/\/www.reconoce.mx\/?p=60841#primaryimage"},"image":{"@id":"https:\/\/www.reconoce.mx\/?p=60841#primaryimage"},"thumbnailUrl":"https:\/\/www.reconoce.mx\/wp-content\/uploads\/2017\/05\/ficxalapa.png","datePublished":"2017-05-16T05:04:31+00:00","dateModified":"2017-05-16T19:57:45+00:00","breadcrumb":{"@id":"https:\/\/www.reconoce.mx\/?p=60841#breadcrumb"},"inLanguage":"es","potentialAction":[{"@type":"ReadAction","target":["https:\/\/www.reconoce.mx\/?p=60841"]}]},{"@type":"ImageObject","inLanguage":"es","@id":"https:\/\/www.reconoce.mx\/?p=60841#primaryimage","url":"https:\/\/www.reconoce.mx\/wp-content\/uploads\/2017\/05\/ficxalapa.png","contentUrl":"https:\/\/www.reconoce.mx\/wp-content\/uploads\/2017\/05\/ficxalapa.png","width":590,"height":380},{"@type":"BreadcrumbList","@id":"https:\/\/www.reconoce.mx\/?p=60841#breadcrumb","itemListElement":[{"@type":"ListItem","position":1,"name":"Portada","item":"https:\/\/www.reconoce.mx\/"},{"@type":"ListItem","position":2,"name":"Festival Internacional de Cine de Xalapa: alistan 1.\u00aa edici\u00f3n"}]},{"@type":"WebSite","@id":"https:\/\/www.reconoce.mx\/#website","url":"https:\/\/www.reconoce.mx\/","name":"Reconoce MX","description":"En Reconoce MX difundimos arte, cultura y conciencia social en M\u00e9xico. Tu ciudad en otra perspectiva.","publisher":{"@id":"https:\/\/www.reconoce.mx\/#organization"},"potentialAction":[{"@type":"SearchAction","target":{"@type":"EntryPoint","urlTemplate":"https:\/\/www.reconoce.mx\/?s={search_term_string}"},"query-input":{"@type":"PropertyValueSpecification","valueRequired":true,"valueName":"search_term_string"}}],"inLanguage":"es"},{"@type":"Organization","@id":"https:\/\/www.reconoce.mx\/#organization","name":"Reconoce MX","url":"https:\/\/www.reconoce.mx\/","logo":{"@type":"ImageObject","inLanguage":"es","@id":"https:\/\/www.reconoce.mx\/#\/schema\/logo\/image\/","url":"https:\/\/www.reconoce.mx\/wp-content\/uploads\/2019\/03\/logorcmx-good-1.png","contentUrl":"https:\/\/www.reconoce.mx\/wp-content\/uploads\/2019\/03\/logorcmx-good-1.png","width":280,"height":90,"caption":"Reconoce MX"},"image":{"@id":"https:\/\/www.reconoce.mx\/#\/schema\/logo\/image\/"},"sameAs":["https:\/\/es-la.facebook.com\/ReconoceMX\/","https:\/\/x.com\/reconocemx","http:\/\/@reconocemx"]},{"@type":"Person","@id":"https:\/\/www.reconoce.mx\/#\/schema\/person\/2117e997d7051dc15d6880eaf9bca0b2","name":"Reconoce MX","image":{"@type":"ImageObject","inLanguage":"es","@id":"https:\/\/www.reconoce.mx\/#\/schema\/person\/image\/","url":"https:\/\/secure.gravatar.com\/avatar\/6c8d4dc7569ca1c90c5fdcc349f839d5ddef6fe1e70b4337ead2ef1a4c43fc3a?s=96&d=identicon&r=g","contentUrl":"https:\/\/secure.gravatar.com\/avatar\/6c8d4dc7569ca1c90c5fdcc349f839d5ddef6fe1e70b4337ead2ef1a4c43fc3a?s=96&d=identicon&r=g","caption":"Reconoce MX"},"description":"Reconoce MX es un proyecto de difusi\u00f3n art\u00edstica, cultural y de conciencia social que est\u00e1 enfocado a difundir y fomentar el entretenimiento alternativo de calidad para todo el p\u00fablico que comparta el mismo entusiasmo.","sameAs":["http:\/\/www.reconoce.mx"],"url":"https:\/\/www.reconoce.mx\/?author=2"}]}},"_links":{"self":[{"href":"https:\/\/www.reconoce.mx\/index.php?rest_route=\/wp\/v2\/posts\/60841","targetHints":{"allow":["GET"]}}],"collection":[{"href":"https:\/\/www.reconoce.mx\/index.php?rest_route=\/wp\/v2\/posts"}],"about":[{"href":"https:\/\/www.reconoce.mx\/index.php?rest_route=\/wp\/v2\/types\/post"}],"author":[{"embeddable":true,"href":"https:\/\/www.reconoce.mx\/index.php?rest_route=\/wp\/v2\/users\/2"}],"replies":[{"embeddable":true,"href":"https:\/\/www.reconoce.mx\/index.php?rest_route=%2Fwp%2Fv2%2Fcomments&post=60841"}],"version-history":[{"count":6,"href":"https:\/\/www.reconoce.mx\/index.php?rest_route=\/wp\/v2\/posts\/60841\/revisions"}],"predecessor-version":[{"id":60854,"href":"https:\/\/www.reconoce.mx\/index.php?rest_route=\/wp\/v2\/posts\/60841\/revisions\/60854"}],"wp:featuredmedia":[{"embeddable":true,"href":"https:\/\/www.reconoce.mx\/index.php?rest_route=\/wp\/v2\/media\/60842"}],"wp:attachment":[{"href":"https:\/\/www.reconoce.mx\/index.php?rest_route=%2Fwp%2Fv2%2Fmedia&parent=60841"}],"wp:term":[{"taxonomy":"category","embeddable":true,"href":"https:\/\/www.reconoce.mx\/index.php?rest_route=%2Fwp%2Fv2%2Fcategories&post=60841"},{"taxonomy":"post_tag","embeddable":true,"href":"https:\/\/www.reconoce.mx\/index.php?rest_route=%2Fwp%2Fv2%2Ftags&post=60841"}],"curies":[{"name":"wp","href":"https:\/\/api.w.org\/{rel}","templated":true}]}}