{"id":61091,"date":"2017-05-17T00:03:50","date_gmt":"2017-05-17T05:03:50","guid":{"rendered":"http:\/\/www.reconoce.mx\/?p=61091"},"modified":"2017-05-16T18:44:32","modified_gmt":"2017-05-16T23:44:32","slug":"giff2017-presencia-en-el-70-festival-de-cannes","status":"publish","type":"post","link":"https:\/\/www.reconoce.mx\/?p=61091","title":{"rendered":"#GIFF2017: Presencia en el 70\u00b0 Festival de Cannes"},"content":{"rendered":"<p><strong> Por <a title=\"@AsfaltosTweets\" href=\"http:\/\/twitter.com\/AsfaltosTweets\" target=\"_blank\" rel=\"noopener noreferrer\" data-slimstat-type=\"0\" data-slimstat-callback=\"false\" data-slimstat-tracking=\"true\">Asfaltos<\/a><\/strong>.<\/p>\n<p>En el marco de su 20\u00b0 aniversario, el <strong>Festival Internacional de Cine de Guanajuato<\/strong> (GIFF) celebra tambi\u00e9n 10 a\u00f1os de alianza exclusiva con la <strong>Cin\u00e9fondation del Festival de Cannes<\/strong>. Tambi\u00e9n, por doceavo a\u00f1o consecutivo, el <strong>GIFF<\/strong> presenta un programa especial de cortometrajes en el <strong>Short Film Corner<\/strong>; ser\u00e1 anfitri\u00f3n del ya tradicional \u201cHappy Hour\u201d; y a trav\u00e9s del programa <strong>Epicentro<\/strong>, estar\u00e1 presente en la secci\u00f3n <strong>Next del March\u00e9 Du Film<\/strong> que este a\u00f1o se enfoca en Realidad Virtual.<\/p>\n<p><a href=\"http:\/\/www.reconoce.mx\/wp-content\/uploads\/2017\/05\/Postal-Giff-en-Cannes-2017.jpg\"><img loading=\"lazy\" decoding=\"async\" class=\"aligncenter size-full wp-image-61094\" src=\"http:\/\/www.reconoce.mx\/wp-content\/uploads\/2017\/05\/Postal-Giff-en-Cannes-2017.jpg\" alt=\"\" width=\"1654\" height=\"1654\" srcset=\"https:\/\/www.reconoce.mx\/wp-content\/uploads\/2017\/05\/Postal-Giff-en-Cannes-2017.jpg 1654w, https:\/\/www.reconoce.mx\/wp-content\/uploads\/2017\/05\/Postal-Giff-en-Cannes-2017-150x150.jpg 150w, https:\/\/www.reconoce.mx\/wp-content\/uploads\/2017\/05\/Postal-Giff-en-Cannes-2017-300x300.jpg 300w, https:\/\/www.reconoce.mx\/wp-content\/uploads\/2017\/05\/Postal-Giff-en-Cannes-2017-768x768.jpg 768w, https:\/\/www.reconoce.mx\/wp-content\/uploads\/2017\/05\/Postal-Giff-en-Cannes-2017-1024x1024.jpg 1024w, https:\/\/www.reconoce.mx\/wp-content\/uploads\/2017\/05\/Postal-Giff-en-Cannes-2017-65x65.jpg 65w, https:\/\/www.reconoce.mx\/wp-content\/uploads\/2017\/05\/Postal-Giff-en-Cannes-2017-700x700.jpg 700w, https:\/\/www.reconoce.mx\/wp-content\/uploads\/2017\/05\/Postal-Giff-en-Cannes-2017-658x658.jpg 658w\" sizes=\"auto, (max-width: 1654px) 100vw, 1654px\" \/><\/a><\/p>\n<p>Desde hoy 17 y hasta el pr\u00f3ximo 28 de mayo, en la ciudad de Cannes, Francia, se realiza la 70.\u00aa edici\u00f3n de uno de los festivales de cine m\u00e1s importantes en el mundo: el <strong>Festival de Cannes<\/strong>. El <strong>GIFF<\/strong> contin\u00faa con su presencia sirviendo como embajador del cine mexicano.<\/p>\n<p>20 a\u00f1os se cumplir\u00e1n de la alianza entre el <strong>GIFF<\/strong> y la <strong>Cin\u00e9fondation del Festival de Cannes<\/strong>, \u00e1rea que impulsa a las futuras promesas del cine a nivel mundial. La Alianza lleva a doce cineastas que viajan a Guanajuato a la <strong>Residencia MexiCannes<\/strong> tras concluir su estancia en Par\u00eds para recibir asesor\u00edas y vinculaci\u00f3n con la \u00e9lite cinematogr\u00e1fica y buscar coproducciones entre sus pa\u00edses de origen y M\u00e9xico.<\/p>\n<p>Adem\u00e1s, por doceavo a\u00f1o consecutivo, el <strong>GIFF<\/strong> presentar\u00e1 un programa especial de cortometrajes en el <strong>Short Film Corner<\/strong>, espacio en el que profesionales se re\u00fanen, intercambian y promueven cortometrajes. El <strong>GIFF<\/strong> fue de los primeros festivales en el mundo en llevar un programa especial a esta secci\u00f3n.<\/p>\n<p>La selecci\u00f3n 2017 est\u00e1 conformada por documentales que fueron parte de \u00abIdentidad y Pertenencia\u00bb en 2016; as\u00ed como el cortometraje ganador del \u00abRally Universitario\u00bb\u201d en 2016; y seis cortometrajes que formaron parte de la \u00abSelecci\u00f3n Oficial\u00bb del <strong>GIFF<\/strong> en su d\u00e9cimo novena edici\u00f3n. Adem\u00e1s, ocho realizadores acompa\u00f1ar\u00e1n a sus respectivos proyectos con la posibilidad de acercarse a diversos distribuidores de cine y festivales de todo el mundo.<\/p>\n<p><a href=\"http:\/\/www.reconoce.mx\/wp-content\/uploads\/2017\/05\/Los-caminos-de-gto-llevan-a-Cannes.jpg\"><img loading=\"lazy\" decoding=\"async\" class=\"aligncenter size-full wp-image-61093\" src=\"http:\/\/www.reconoce.mx\/wp-content\/uploads\/2017\/05\/Los-caminos-de-gto-llevan-a-Cannes.jpg\" alt=\"\" width=\"1160\" height=\"1874\" srcset=\"https:\/\/www.reconoce.mx\/wp-content\/uploads\/2017\/05\/Los-caminos-de-gto-llevan-a-Cannes.jpg 1160w, https:\/\/www.reconoce.mx\/wp-content\/uploads\/2017\/05\/Los-caminos-de-gto-llevan-a-Cannes-186x300.jpg 186w, https:\/\/www.reconoce.mx\/wp-content\/uploads\/2017\/05\/Los-caminos-de-gto-llevan-a-Cannes-768x1241.jpg 768w, https:\/\/www.reconoce.mx\/wp-content\/uploads\/2017\/05\/Los-caminos-de-gto-llevan-a-Cannes-634x1024.jpg 634w, https:\/\/www.reconoce.mx\/wp-content\/uploads\/2017\/05\/Los-caminos-de-gto-llevan-a-Cannes-150x242.jpg 150w, https:\/\/www.reconoce.mx\/wp-content\/uploads\/2017\/05\/Los-caminos-de-gto-llevan-a-Cannes-700x1131.jpg 700w, https:\/\/www.reconoce.mx\/wp-content\/uploads\/2017\/05\/Los-caminos-de-gto-llevan-a-Cannes-658x1063.jpg 658w, https:\/\/www.reconoce.mx\/wp-content\/uploads\/2017\/05\/Los-caminos-de-gto-llevan-a-Cannes-300x485.jpg 300w\" sizes=\"auto, (max-width: 1160px) 100vw, 1160px\" \/><\/a><\/p>\n<p style=\"text-align: right;\">Abajo: <strong>Jos\u00e9 Javier Orozco S\u00e1mano<\/strong>, <strong>Jocelyn Mart\u00ednez Arg\u00fcello<\/strong>, <strong>Paulina Vaqueiro Soriello<\/strong>.<br \/>\nArriba: <strong>Luis Adri\u00e1n Bedolla \u00c1lvarez<\/strong> y <strong>Omar Guti\u00e9rrez Ner<\/strong>i.<\/p>\n<p>A continuaci\u00f3n la \u00abSelecci\u00f3n Especial GIFF Short Film Corner\u00bb:<\/p>\n<h2><strong>Programa Identidad y Pertenencia + Rally Universitario<\/strong><\/h2>\n<ul>\n<li>\u00abSangre de mi tierra\u00bb, de <strong>Luis \u00c1ngel Salda\u00f1a Ram\u00edrez<\/strong><\/li>\n<li>\u00abDestinos entretejidos\u00bb, de <strong>Luis Adri\u00e1n Bedolla<\/strong><\/li>\n<li>\u00abEn tus zapatos\u00bb, de <strong>Elizabeth de Jes\u00fas Torres<\/strong><\/li>\n<li>\u00ab\u00bfC\u00f3mo fue tu d\u00eda hoy?\u00bb, de <strong>Alejandro Mayorqu\u00edn<\/strong><\/li>\n<li>\u00abEl Diablito\u00bb, de <strong>Andrea Ram\u00edrez Vera<\/strong><\/li>\n<\/ul>\n<h2><strong>Cortometrajes de la Selecci\u00f3n Oficial GIFF 2016<\/strong><\/h2>\n<ul>\n<li>\u00abCasucka\u00bb, de <strong>Iv\u00e1n Puig<\/strong> y <strong>Dalia Huerta<\/strong><\/li>\n<li>\u00abDomingo\u00bb, de <strong>Erika Oregel<\/strong><\/li>\n<li>\u00abDobro\u00bb, de <strong>Marta Hernaiz<\/strong><\/li>\n<li>\u00abLos gatos\u00bb, de <strong>Alejandro R\u00edos<\/strong><\/li>\n<li>\u00abImpar\u00bb, de <strong>Rafael Ruiz Espejo<\/strong><\/li>\n<li>\u00abAurelia y Pedro\u00bb, de <strong>Jos\u00e9 Pemar<\/strong> y<strong> Omar Robles<\/strong><\/li>\n<\/ul>\n<p>Como colof\u00f3n, el <strong>GIFF<\/strong> volver\u00e1 a ser anfitri\u00f3n del ya tradicional c\u00f3ctel \u00abHappy hour\u00bb que se realiza en el marco del <strong>Short Film Corner<\/strong> para generar alianzas con instituciones f\u00edlmicas, ejecutivos, productores y personalidades de la industria en el mundo en beneficio del cine mexicano. Y tamibi\u00e9n, a trav\u00e9s del programa <strong>Epicentro<\/strong>, estar\u00e1 presente en la secci\u00f3n <strong>Next del March\u00e9 Du Film<\/strong> que este a\u00f1o se enfoca en Realidad Virtual.<\/p>\n<p>La 70 edici\u00f3n del <strong>Festival de Cannes<\/strong> se realizar\u00e1 del 17 al 28 de mayo de 2017. El<strong> Festival Internacional de Cine Guanajuato<\/strong> se celebrar\u00e1 del 21 al 25 de julio de 2017, en San Miguel de Allende, y del 26 al 30 de julio de 2017, en Guanajuato capital.<\/p>\n<p style=\"text-align: right;\">Con im\u00e1genes e informaci\u00f3n cortes\u00eda del <strong>GIFF<\/strong>.<\/p>\n<p>&nbsp;<\/p>\n<p>&nbsp;<\/p>\n","protected":false},"excerpt":{"rendered":"<p>En el marco de su 20\u00b0 aniversario, el Festival Internacional de Cine de Guanajuato (GIFF) celebra tambi\u00e9n 10 a\u00f1os de alianza exclusiva con la Cin\u00e9fondation del Festival de Cannes. <\/p>\n","protected":false},"author":2,"featured_media":61092,"comment_status":"open","ping_status":"open","sticky":false,"template":"","format":"standard","meta":{"footnotes":""},"categories":[24,1,17],"tags":[],"class_list":["post-61091","post","type-post","status-publish","format-standard","has-post-thumbnail","hentry","category-cine","category-cultura","category-principal"],"yoast_head":"<!-- This site is optimized with the Yoast SEO plugin v24.7 - https:\/\/yoast.com\/wordpress\/plugins\/seo\/ -->\n<title>#GIFF2017: Presencia en el 70\u00b0 Festival de Cannes &#171; Reconoce MX<\/title>\n<meta name=\"robots\" content=\"index, follow, max-snippet:-1, max-image-preview:large, max-video-preview:-1\" \/>\n<link rel=\"canonical\" href=\"https:\/\/www.reconoce.mx\/?p=61091\" \/>\n<meta property=\"og:locale\" content=\"es_ES\" \/>\n<meta property=\"og:type\" content=\"article\" \/>\n<meta property=\"og:title\" content=\"#GIFF2017: Presencia en el 70\u00b0 Festival de Cannes &#171; Reconoce MX\" \/>\n<meta property=\"og:description\" content=\"En el marco de su 20\u00b0 aniversario, el Festival Internacional de Cine de Guanajuato (GIFF) celebra tambi\u00e9n 10 a\u00f1os de alianza exclusiva con la Cin\u00e9fondation del Festival de Cannes.\" \/>\n<meta property=\"og:url\" content=\"https:\/\/www.reconoce.mx\/?p=61091\" \/>\n<meta property=\"og:site_name\" content=\"Reconoce MX\" \/>\n<meta property=\"article:publisher\" content=\"https:\/\/es-la.facebook.com\/ReconoceMX\/\" \/>\n<meta property=\"article:published_time\" content=\"2017-05-17T05:03:50+00:00\" \/>\n<meta property=\"og:image\" content=\"https:\/\/www.reconoce.mx\/wp-content\/uploads\/2017\/05\/giff-cannes-1.png\" \/>\n\t<meta property=\"og:image:width\" content=\"590\" \/>\n\t<meta property=\"og:image:height\" content=\"380\" \/>\n\t<meta property=\"og:image:type\" content=\"image\/png\" \/>\n<meta name=\"author\" content=\"Reconoce MX\" \/>\n<meta name=\"twitter:card\" content=\"summary_large_image\" \/>\n<meta name=\"twitter:creator\" content=\"@reconocemx\" \/>\n<meta name=\"twitter:site\" content=\"@reconocemx\" \/>\n<meta name=\"twitter:label1\" content=\"Escrito por\" \/>\n\t<meta name=\"twitter:data1\" content=\"Reconoce MX\" \/>\n\t<meta name=\"twitter:label2\" content=\"Tiempo de lectura\" \/>\n\t<meta name=\"twitter:data2\" content=\"3 minutos\" \/>\n<script type=\"application\/ld+json\" class=\"yoast-schema-graph\">{\"@context\":\"https:\/\/schema.org\",\"@graph\":[{\"@type\":\"Article\",\"@id\":\"https:\/\/www.reconoce.mx\/?p=61091#article\",\"isPartOf\":{\"@id\":\"https:\/\/www.reconoce.mx\/?p=61091\"},\"author\":{\"name\":\"Reconoce MX\",\"@id\":\"https:\/\/www.reconoce.mx\/#\/schema\/person\/2117e997d7051dc15d6880eaf9bca0b2\"},\"headline\":\"#GIFF2017: Presencia en el 70\u00b0 Festival de Cannes\",\"datePublished\":\"2017-05-17T05:03:50+00:00\",\"mainEntityOfPage\":{\"@id\":\"https:\/\/www.reconoce.mx\/?p=61091\"},\"wordCount\":603,\"commentCount\":0,\"publisher\":{\"@id\":\"https:\/\/www.reconoce.mx\/#organization\"},\"image\":{\"@id\":\"https:\/\/www.reconoce.mx\/?p=61091#primaryimage\"},\"thumbnailUrl\":\"https:\/\/www.reconoce.mx\/wp-content\/uploads\/2017\/05\/giff-cannes-1.png\",\"articleSection\":[\"Cine\",\"Cultura\",\"Principal\"],\"inLanguage\":\"es\",\"potentialAction\":[{\"@type\":\"CommentAction\",\"name\":\"Comment\",\"target\":[\"https:\/\/www.reconoce.mx\/?p=61091#respond\"]}]},{\"@type\":\"WebPage\",\"@id\":\"https:\/\/www.reconoce.mx\/?p=61091\",\"url\":\"https:\/\/www.reconoce.mx\/?p=61091\",\"name\":\"#GIFF2017: Presencia en el 70\u00b0 Festival de Cannes &#171; Reconoce MX\",\"isPartOf\":{\"@id\":\"https:\/\/www.reconoce.mx\/#website\"},\"primaryImageOfPage\":{\"@id\":\"https:\/\/www.reconoce.mx\/?p=61091#primaryimage\"},\"image\":{\"@id\":\"https:\/\/www.reconoce.mx\/?p=61091#primaryimage\"},\"thumbnailUrl\":\"https:\/\/www.reconoce.mx\/wp-content\/uploads\/2017\/05\/giff-cannes-1.png\",\"datePublished\":\"2017-05-17T05:03:50+00:00\",\"breadcrumb\":{\"@id\":\"https:\/\/www.reconoce.mx\/?p=61091#breadcrumb\"},\"inLanguage\":\"es\",\"potentialAction\":[{\"@type\":\"ReadAction\",\"target\":[\"https:\/\/www.reconoce.mx\/?p=61091\"]}]},{\"@type\":\"ImageObject\",\"inLanguage\":\"es\",\"@id\":\"https:\/\/www.reconoce.mx\/?p=61091#primaryimage\",\"url\":\"https:\/\/www.reconoce.mx\/wp-content\/uploads\/2017\/05\/giff-cannes-1.png\",\"contentUrl\":\"https:\/\/www.reconoce.mx\/wp-content\/uploads\/2017\/05\/giff-cannes-1.png\",\"width\":590,\"height\":380},{\"@type\":\"BreadcrumbList\",\"@id\":\"https:\/\/www.reconoce.mx\/?p=61091#breadcrumb\",\"itemListElement\":[{\"@type\":\"ListItem\",\"position\":1,\"name\":\"Portada\",\"item\":\"https:\/\/www.reconoce.mx\/\"},{\"@type\":\"ListItem\",\"position\":2,\"name\":\"#GIFF2017: Presencia en el 70\u00b0 Festival de Cannes\"}]},{\"@type\":\"WebSite\",\"@id\":\"https:\/\/www.reconoce.mx\/#website\",\"url\":\"https:\/\/www.reconoce.mx\/\",\"name\":\"Reconoce MX\",\"description\":\"En Reconoce MX difundimos arte, cultura y conciencia social en M\u00e9xico. Tu ciudad en otra perspectiva.\",\"publisher\":{\"@id\":\"https:\/\/www.reconoce.mx\/#organization\"},\"potentialAction\":[{\"@type\":\"SearchAction\",\"target\":{\"@type\":\"EntryPoint\",\"urlTemplate\":\"https:\/\/www.reconoce.mx\/?s={search_term_string}\"},\"query-input\":{\"@type\":\"PropertyValueSpecification\",\"valueRequired\":true,\"valueName\":\"search_term_string\"}}],\"inLanguage\":\"es\"},{\"@type\":\"Organization\",\"@id\":\"https:\/\/www.reconoce.mx\/#organization\",\"name\":\"Reconoce MX\",\"url\":\"https:\/\/www.reconoce.mx\/\",\"logo\":{\"@type\":\"ImageObject\",\"inLanguage\":\"es\",\"@id\":\"https:\/\/www.reconoce.mx\/#\/schema\/logo\/image\/\",\"url\":\"https:\/\/www.reconoce.mx\/wp-content\/uploads\/2019\/03\/logorcmx-good-1.png\",\"contentUrl\":\"https:\/\/www.reconoce.mx\/wp-content\/uploads\/2019\/03\/logorcmx-good-1.png\",\"width\":280,\"height\":90,\"caption\":\"Reconoce MX\"},\"image\":{\"@id\":\"https:\/\/www.reconoce.mx\/#\/schema\/logo\/image\/\"},\"sameAs\":[\"https:\/\/es-la.facebook.com\/ReconoceMX\/\",\"https:\/\/x.com\/reconocemx\",\"http:\/\/@reconocemx\"]},{\"@type\":\"Person\",\"@id\":\"https:\/\/www.reconoce.mx\/#\/schema\/person\/2117e997d7051dc15d6880eaf9bca0b2\",\"name\":\"Reconoce MX\",\"image\":{\"@type\":\"ImageObject\",\"inLanguage\":\"es\",\"@id\":\"https:\/\/www.reconoce.mx\/#\/schema\/person\/image\/\",\"url\":\"https:\/\/secure.gravatar.com\/avatar\/6c8d4dc7569ca1c90c5fdcc349f839d5ddef6fe1e70b4337ead2ef1a4c43fc3a?s=96&d=identicon&r=g\",\"contentUrl\":\"https:\/\/secure.gravatar.com\/avatar\/6c8d4dc7569ca1c90c5fdcc349f839d5ddef6fe1e70b4337ead2ef1a4c43fc3a?s=96&d=identicon&r=g\",\"caption\":\"Reconoce MX\"},\"description\":\"Reconoce MX es un proyecto de difusi\u00f3n art\u00edstica, cultural y de conciencia social que est\u00e1 enfocado a difundir y fomentar el entretenimiento alternativo de calidad para todo el p\u00fablico que comparta el mismo entusiasmo.\",\"sameAs\":[\"http:\/\/www.reconoce.mx\"],\"url\":\"https:\/\/www.reconoce.mx\/?author=2\"}]}<\/script>\n<!-- \/ Yoast SEO plugin. -->","yoast_head_json":{"title":"#GIFF2017: Presencia en el 70\u00b0 Festival de Cannes &#171; Reconoce MX","robots":{"index":"index","follow":"follow","max-snippet":"max-snippet:-1","max-image-preview":"max-image-preview:large","max-video-preview":"max-video-preview:-1"},"canonical":"https:\/\/www.reconoce.mx\/?p=61091","og_locale":"es_ES","og_type":"article","og_title":"#GIFF2017: Presencia en el 70\u00b0 Festival de Cannes &#171; Reconoce MX","og_description":"En el marco de su 20\u00b0 aniversario, el Festival Internacional de Cine de Guanajuato (GIFF) celebra tambi\u00e9n 10 a\u00f1os de alianza exclusiva con la Cin\u00e9fondation del Festival de Cannes.","og_url":"https:\/\/www.reconoce.mx\/?p=61091","og_site_name":"Reconoce MX","article_publisher":"https:\/\/es-la.facebook.com\/ReconoceMX\/","article_published_time":"2017-05-17T05:03:50+00:00","og_image":[{"width":590,"height":380,"url":"https:\/\/www.reconoce.mx\/wp-content\/uploads\/2017\/05\/giff-cannes-1.png","type":"image\/png"}],"author":"Reconoce MX","twitter_card":"summary_large_image","twitter_creator":"@reconocemx","twitter_site":"@reconocemx","twitter_misc":{"Escrito por":"Reconoce MX","Tiempo de lectura":"3 minutos"},"schema":{"@context":"https:\/\/schema.org","@graph":[{"@type":"Article","@id":"https:\/\/www.reconoce.mx\/?p=61091#article","isPartOf":{"@id":"https:\/\/www.reconoce.mx\/?p=61091"},"author":{"name":"Reconoce MX","@id":"https:\/\/www.reconoce.mx\/#\/schema\/person\/2117e997d7051dc15d6880eaf9bca0b2"},"headline":"#GIFF2017: Presencia en el 70\u00b0 Festival de Cannes","datePublished":"2017-05-17T05:03:50+00:00","mainEntityOfPage":{"@id":"https:\/\/www.reconoce.mx\/?p=61091"},"wordCount":603,"commentCount":0,"publisher":{"@id":"https:\/\/www.reconoce.mx\/#organization"},"image":{"@id":"https:\/\/www.reconoce.mx\/?p=61091#primaryimage"},"thumbnailUrl":"https:\/\/www.reconoce.mx\/wp-content\/uploads\/2017\/05\/giff-cannes-1.png","articleSection":["Cine","Cultura","Principal"],"inLanguage":"es","potentialAction":[{"@type":"CommentAction","name":"Comment","target":["https:\/\/www.reconoce.mx\/?p=61091#respond"]}]},{"@type":"WebPage","@id":"https:\/\/www.reconoce.mx\/?p=61091","url":"https:\/\/www.reconoce.mx\/?p=61091","name":"#GIFF2017: Presencia en el 70\u00b0 Festival de Cannes &#171; Reconoce MX","isPartOf":{"@id":"https:\/\/www.reconoce.mx\/#website"},"primaryImageOfPage":{"@id":"https:\/\/www.reconoce.mx\/?p=61091#primaryimage"},"image":{"@id":"https:\/\/www.reconoce.mx\/?p=61091#primaryimage"},"thumbnailUrl":"https:\/\/www.reconoce.mx\/wp-content\/uploads\/2017\/05\/giff-cannes-1.png","datePublished":"2017-05-17T05:03:50+00:00","breadcrumb":{"@id":"https:\/\/www.reconoce.mx\/?p=61091#breadcrumb"},"inLanguage":"es","potentialAction":[{"@type":"ReadAction","target":["https:\/\/www.reconoce.mx\/?p=61091"]}]},{"@type":"ImageObject","inLanguage":"es","@id":"https:\/\/www.reconoce.mx\/?p=61091#primaryimage","url":"https:\/\/www.reconoce.mx\/wp-content\/uploads\/2017\/05\/giff-cannes-1.png","contentUrl":"https:\/\/www.reconoce.mx\/wp-content\/uploads\/2017\/05\/giff-cannes-1.png","width":590,"height":380},{"@type":"BreadcrumbList","@id":"https:\/\/www.reconoce.mx\/?p=61091#breadcrumb","itemListElement":[{"@type":"ListItem","position":1,"name":"Portada","item":"https:\/\/www.reconoce.mx\/"},{"@type":"ListItem","position":2,"name":"#GIFF2017: Presencia en el 70\u00b0 Festival de Cannes"}]},{"@type":"WebSite","@id":"https:\/\/www.reconoce.mx\/#website","url":"https:\/\/www.reconoce.mx\/","name":"Reconoce MX","description":"En Reconoce MX difundimos arte, cultura y conciencia social en M\u00e9xico. Tu ciudad en otra perspectiva.","publisher":{"@id":"https:\/\/www.reconoce.mx\/#organization"},"potentialAction":[{"@type":"SearchAction","target":{"@type":"EntryPoint","urlTemplate":"https:\/\/www.reconoce.mx\/?s={search_term_string}"},"query-input":{"@type":"PropertyValueSpecification","valueRequired":true,"valueName":"search_term_string"}}],"inLanguage":"es"},{"@type":"Organization","@id":"https:\/\/www.reconoce.mx\/#organization","name":"Reconoce MX","url":"https:\/\/www.reconoce.mx\/","logo":{"@type":"ImageObject","inLanguage":"es","@id":"https:\/\/www.reconoce.mx\/#\/schema\/logo\/image\/","url":"https:\/\/www.reconoce.mx\/wp-content\/uploads\/2019\/03\/logorcmx-good-1.png","contentUrl":"https:\/\/www.reconoce.mx\/wp-content\/uploads\/2019\/03\/logorcmx-good-1.png","width":280,"height":90,"caption":"Reconoce MX"},"image":{"@id":"https:\/\/www.reconoce.mx\/#\/schema\/logo\/image\/"},"sameAs":["https:\/\/es-la.facebook.com\/ReconoceMX\/","https:\/\/x.com\/reconocemx","http:\/\/@reconocemx"]},{"@type":"Person","@id":"https:\/\/www.reconoce.mx\/#\/schema\/person\/2117e997d7051dc15d6880eaf9bca0b2","name":"Reconoce MX","image":{"@type":"ImageObject","inLanguage":"es","@id":"https:\/\/www.reconoce.mx\/#\/schema\/person\/image\/","url":"https:\/\/secure.gravatar.com\/avatar\/6c8d4dc7569ca1c90c5fdcc349f839d5ddef6fe1e70b4337ead2ef1a4c43fc3a?s=96&d=identicon&r=g","contentUrl":"https:\/\/secure.gravatar.com\/avatar\/6c8d4dc7569ca1c90c5fdcc349f839d5ddef6fe1e70b4337ead2ef1a4c43fc3a?s=96&d=identicon&r=g","caption":"Reconoce MX"},"description":"Reconoce MX es un proyecto de difusi\u00f3n art\u00edstica, cultural y de conciencia social que est\u00e1 enfocado a difundir y fomentar el entretenimiento alternativo de calidad para todo el p\u00fablico que comparta el mismo entusiasmo.","sameAs":["http:\/\/www.reconoce.mx"],"url":"https:\/\/www.reconoce.mx\/?author=2"}]}},"_links":{"self":[{"href":"https:\/\/www.reconoce.mx\/index.php?rest_route=\/wp\/v2\/posts\/61091","targetHints":{"allow":["GET"]}}],"collection":[{"href":"https:\/\/www.reconoce.mx\/index.php?rest_route=\/wp\/v2\/posts"}],"about":[{"href":"https:\/\/www.reconoce.mx\/index.php?rest_route=\/wp\/v2\/types\/post"}],"author":[{"embeddable":true,"href":"https:\/\/www.reconoce.mx\/index.php?rest_route=\/wp\/v2\/users\/2"}],"replies":[{"embeddable":true,"href":"https:\/\/www.reconoce.mx\/index.php?rest_route=%2Fwp%2Fv2%2Fcomments&post=61091"}],"version-history":[{"count":3,"href":"https:\/\/www.reconoce.mx\/index.php?rest_route=\/wp\/v2\/posts\/61091\/revisions"}],"predecessor-version":[{"id":61097,"href":"https:\/\/www.reconoce.mx\/index.php?rest_route=\/wp\/v2\/posts\/61091\/revisions\/61097"}],"wp:featuredmedia":[{"embeddable":true,"href":"https:\/\/www.reconoce.mx\/index.php?rest_route=\/wp\/v2\/media\/61092"}],"wp:attachment":[{"href":"https:\/\/www.reconoce.mx\/index.php?rest_route=%2Fwp%2Fv2%2Fmedia&parent=61091"}],"wp:term":[{"taxonomy":"category","embeddable":true,"href":"https:\/\/www.reconoce.mx\/index.php?rest_route=%2Fwp%2Fv2%2Fcategories&post=61091"},{"taxonomy":"post_tag","embeddable":true,"href":"https:\/\/www.reconoce.mx\/index.php?rest_route=%2Fwp%2Fv2%2Ftags&post=61091"}],"curies":[{"name":"wp","href":"https:\/\/api.w.org\/{rel}","templated":true}]}}