{"id":61098,"date":"2017-05-19T00:03:53","date_gmt":"2017-05-19T05:03:53","guid":{"rendered":"http:\/\/www.reconoce.mx\/?p=61098"},"modified":"2017-05-19T14:47:01","modified_gmt":"2017-05-19T19:47:01","slug":"el-plaza-condesa-cartelera-del-19-al-25-de-mayo","status":"publish","type":"post","link":"https:\/\/www.reconoce.mx\/?p=61098","title":{"rendered":"El Plaza Condesa: Cartelera del 19 al 25 de mayo"},"content":{"rendered":"<p><strong>Por <a title=\"@AsfaltosTweets\" href=\"http:\/\/twitter.com\/AsfaltosTweets\" target=\"_blank\" rel=\"noopener noreferrer\">Asfaltos<\/a><\/strong>.<\/p>\n<p>Construido entre 1952 y 1973,<strong> El Plaza Condesa<\/strong> es hoy uno de los foros musicales m\u00e1s importantes de nuestro pa\u00eds y la capital. Ubicado en un sitio privilegiado, en la colonia Condesa rodeado de los parques Espa\u00f1a y M\u00e9xico, as\u00ed como rodeado de librer\u00edas, restaurantes y galer\u00edas de arte, la historia de <strong>El Plaza<\/strong> como foro musical inici\u00f3 el 14 de septiembre de 2011, d\u00eda en el que fue reinaugurado tras una importante remodelaci\u00f3n.<\/p>\n<p>En el mejor \u00e1nimo de que pasen un gran momento, ustedes amantes de la m\u00fasica, les comaprtimos de manera semanal la cartelera de <strong>El Plaza Condesa<\/strong>.<\/p>\n<h1><strong>Oh Wonder<br \/>\n<\/strong><\/h1>\n<p>\/\/ mayo 19, viernes, 21:00h<br \/>\n\/\/ precios: balc\u00f3n $750.00; palco $650.00; pista $480.00<\/p>\n<p><a href=\"http:\/\/www.reconoce.mx\/wp-content\/uploads\/2017\/05\/OW-arte-nuevo.jpg\"><img loading=\"lazy\" decoding=\"async\" class=\"aligncenter size-full wp-image-61105\" src=\"http:\/\/www.reconoce.mx\/wp-content\/uploads\/2017\/05\/OW-arte-nuevo.jpg\" alt=\"\" width=\"1497\" height=\"2302\" srcset=\"https:\/\/www.reconoce.mx\/wp-content\/uploads\/2017\/05\/OW-arte-nuevo.jpg 1497w, https:\/\/www.reconoce.mx\/wp-content\/uploads\/2017\/05\/OW-arte-nuevo-195x300.jpg 195w, https:\/\/www.reconoce.mx\/wp-content\/uploads\/2017\/05\/OW-arte-nuevo-768x1181.jpg 768w, https:\/\/www.reconoce.mx\/wp-content\/uploads\/2017\/05\/OW-arte-nuevo-666x1024.jpg 666w, https:\/\/www.reconoce.mx\/wp-content\/uploads\/2017\/05\/OW-arte-nuevo-150x231.jpg 150w, https:\/\/www.reconoce.mx\/wp-content\/uploads\/2017\/05\/OW-arte-nuevo-700x1076.jpg 700w, https:\/\/www.reconoce.mx\/wp-content\/uploads\/2017\/05\/OW-arte-nuevo-658x1012.jpg 658w, https:\/\/www.reconoce.mx\/wp-content\/uploads\/2017\/05\/OW-arte-nuevo-300x461.jpg 300w\" sizes=\"auto, (max-width: 1497px) 100vw, 1497px\" \/><\/a><br \/>\n<strong>Oh Wonder<\/strong>, el d\u00fao londinense integrado por Josephine Vander Gucht y Anthony West, es ya un referente internacional de la nueva generaci\u00f3n de m\u00fasicos surgidos del viejo continente. Este 2017 llegan por primera vez a Ciudad de M\u00e9xico para conquistar el coraz\u00f3n del p\u00fablico capitalino hoy 19 de mayo en <strong>El Plaza Condesa<\/strong>.<\/p>\n<p>Desde el lanzamiento de su \u00e1lbum debut, titulado \u00abOh Wonder\u00bb (2015), la agrupaci\u00f3n ha vivido un sorpresivo y exponencial \u00e9xito no s\u00f3lo en su ciudad natal sino a nivel internacional con sus canciones pop alternativo y suaves notas de r&amp;b.<\/p>\n<p>Anthony y Josephine escribieron y grabaron su \u00e1lbum hom\u00f3nimo de una forma poco convencional. A partir de septiembre del 2014 y hasta septiembre del 2015 lanzaron una canci\u00f3n nueva el primer d\u00eda de cada mes. Todas las canciones publicadas se reunieron en un \u00e1lbum que se puso a la venta el 4 de septiembre de 2015, junto con dos canciones extra que no fueron publicadas en ninguno de los meses anteriores.<\/p>\n<p>R\u00e1pidamente el \u00e1lbum se coloc\u00f3 con gran \u00e9xito en las listas de popularidad del Reino Unido as\u00ed como en los servicios de streaming. Esta placa alcanz\u00f3 el puesto 26 de los <strong>Official UK Charts<\/strong>, el puesto n\u00famero 16 en las listas canadienses y el 80 en la <strong>Billboard<\/strong> estadounidense.<\/p>\n<p>Los boletos para descubrir en vivo a una de las bandas m\u00e1s sobresalientes del pop ingl\u00e9s est\u00e1n disponibles en taquillas y la red <a href=\"http:\/\/www.ticketmaster.com.mx\/oh-wonder-mexico-distrito-federal-19-05-2017\/event\/140052487B46138C\" target=\"_blank\" rel=\"noopener noreferrer\">Ticketmaster<\/a>.<\/p>\n<h1><strong>Dashboard Confessional<br \/>\n<\/strong><\/h1>\n<p>\/\/ mayo 20, s\u00e1bado, 20:00h<br \/>\n\/\/ precios: balc\u00f3n $970.00; palco $870.00; pista $690.00<\/p>\n<p><a href=\"http:\/\/www.reconoce.mx\/wp-content\/uploads\/2017\/05\/DASHBOARD_CONFESSIONAL_baja.jpg\"><img loading=\"lazy\" decoding=\"async\" class=\"aligncenter size-full wp-image-61104\" src=\"http:\/\/www.reconoce.mx\/wp-content\/uploads\/2017\/05\/DASHBOARD_CONFESSIONAL_baja.jpg\" alt=\"\" width=\"2588\" height=\"4000\" srcset=\"https:\/\/www.reconoce.mx\/wp-content\/uploads\/2017\/05\/DASHBOARD_CONFESSIONAL_baja.jpg 2588w, https:\/\/www.reconoce.mx\/wp-content\/uploads\/2017\/05\/DASHBOARD_CONFESSIONAL_baja-194x300.jpg 194w, https:\/\/www.reconoce.mx\/wp-content\/uploads\/2017\/05\/DASHBOARD_CONFESSIONAL_baja-768x1187.jpg 768w, https:\/\/www.reconoce.mx\/wp-content\/uploads\/2017\/05\/DASHBOARD_CONFESSIONAL_baja-663x1024.jpg 663w, https:\/\/www.reconoce.mx\/wp-content\/uploads\/2017\/05\/DASHBOARD_CONFESSIONAL_baja-150x232.jpg 150w, https:\/\/www.reconoce.mx\/wp-content\/uploads\/2017\/05\/DASHBOARD_CONFESSIONAL_baja-700x1082.jpg 700w, https:\/\/www.reconoce.mx\/wp-content\/uploads\/2017\/05\/DASHBOARD_CONFESSIONAL_baja-658x1017.jpg 658w, https:\/\/www.reconoce.mx\/wp-content\/uploads\/2017\/05\/DASHBOARD_CONFESSIONAL_baja-300x464.jpg 300w\" sizes=\"auto, (max-width: 2588px) 100vw, 2588px\" \/><\/a><br \/>\n<strong>Dashboard Confessional<\/strong> regresa a tierra azteca luego de su exitoso debut en el <strong>Festival Corona Capital 2016<\/strong> para ofrecer una excitante presentaci\u00f3n en Ciudad de M\u00e9xico el pr\u00f3ximo 20 de mayo.<\/p>\n<p>La agrupaci\u00f3n de origen estadounidense liderada por el m\u00fasico, compositor y guitarrista Chris Carrabba, es considerada una de las bandas alternativas m\u00e1s grandes de los 2000.<\/p>\n<p>Aclamada por la cr\u00edtica y acogida por una legi\u00f3n de fans, la banda de rock alternativo, <strong>Dashboard Confessional<\/strong>, ha marcado a m\u00e1s de una generaci\u00f3n que adopt\u00f3 sus \u00e1lbumes y arras\u00f3 con los boletos de sus shows en cuanta ciudad se presentaron; su \u00faltima gira culmin\u00f3 con el letrero de \u00ablocalidades agotadas\u00bb en el <strong>Madison Square Garden<\/strong> de Nueva York.<\/p>\n<p>Desde su aparici\u00f3n en 1999, han sido acreedores al premio de <strong>MTV2<\/strong> en los <strong>Video Music Awards<\/strong> de 2002 por su canci\u00f3n \u00abScreaming Infidelities\u00bb, misma que alcanz\u00f3 el puesto n\u00famero 5 en el Top 200 de <strong>Billboard<\/strong>; han participado en la banda sonora de \u00abJennifer&#8217;s Body\u00bb con su canci\u00f3n \u00abFinishing School\u00bb. Tambi\u00e9n cuentan con un disco de platino y tres discos de oro por sus altas ventas.<\/p>\n<p>Los boletos est\u00e1n disponibles en taquillas y la red <a href=\"http:\/\/www.ticketmaster.com.mx\/dashboard-confessional-mexico-distrito-federal-20-05-2017\/event\/14005286F318E8B6\" target=\"_blank\" rel=\"noopener noreferrer\">Ticketmaster<\/a>.<\/p>\n<h1><strong>Sweet California<br \/>\n<\/strong><\/h1>\n<p>\/\/ mayo 24, mi\u00e9rcoles, 20:00h<br \/>\n\/\/ precios: balc\u00f3n $700.00; palco $600.00; pista $400.00<\/p>\n<p><a href=\"http:\/\/www.reconoce.mx\/wp-content\/uploads\/2017\/05\/Arte-Sweet-California.jpg\"><img loading=\"lazy\" decoding=\"async\" class=\"aligncenter size-full wp-image-61103\" src=\"http:\/\/www.reconoce.mx\/wp-content\/uploads\/2017\/05\/Arte-Sweet-California.jpg\" alt=\"\" width=\"1146\" height=\"1772\" srcset=\"https:\/\/www.reconoce.mx\/wp-content\/uploads\/2017\/05\/Arte-Sweet-California.jpg 1146w, https:\/\/www.reconoce.mx\/wp-content\/uploads\/2017\/05\/Arte-Sweet-California-194x300.jpg 194w, https:\/\/www.reconoce.mx\/wp-content\/uploads\/2017\/05\/Arte-Sweet-California-768x1188.jpg 768w, https:\/\/www.reconoce.mx\/wp-content\/uploads\/2017\/05\/Arte-Sweet-California-662x1024.jpg 662w, https:\/\/www.reconoce.mx\/wp-content\/uploads\/2017\/05\/Arte-Sweet-California-150x232.jpg 150w, https:\/\/www.reconoce.mx\/wp-content\/uploads\/2017\/05\/Arte-Sweet-California-700x1082.jpg 700w, https:\/\/www.reconoce.mx\/wp-content\/uploads\/2017\/05\/Arte-Sweet-California-658x1017.jpg 658w, https:\/\/www.reconoce.mx\/wp-content\/uploads\/2017\/05\/Arte-Sweet-California-300x464.jpg 300w\" sizes=\"auto, (max-width: 1146px) 100vw, 1146px\" \/><\/a><br \/>\nEl tr\u00edo espa\u00f1ol <strong>Sweet California<\/strong> llegar\u00e1 a Ciudad de M\u00e9xico este pr\u00f3ximo 24 de mayo para una \u00edntima presentaci\u00f3n en <strong>El Plaza Condesa<\/strong>, lo anterior como parte de la gira \u00abLadies Tour 2017\u00bb.<\/p>\n<p><strong>Sweet California<\/strong> es una <em>girl band<\/em> espa\u00f1ola formada en 2013. La agrupaci\u00f3n destaca por su estilo fresco y juvenil, melenas de colores y las voces \u00fanicas de Sonia G\u00f3mez, Tamy Nsue y Alba Reig. Su m\u00fasica es ecl\u00e9ctica pero con una clara influencia del pop internacional, sobre todo de habla inglesa, lengua con la cual sostienen cerca del 80% de las letras de sus canciones mientras que el 20% restante son temas en espa\u00f1ol, su lengua natal.<\/p>\n<p>Actualmente cuentan con tres discos de estudio: \u00abBreak of Day\u00bb (2014), \u00abHead for the stars\u00bb (2015) y \u00ab3\u00bb (2016), as\u00ed como el relanzamiento de \u00abHead for the stars 2.0\u00bb (2016), \u00e1lbum que sirvi\u00f3 como parte aguas en la historia de la banda con lanzamiento de Tamy Nsue en sustituci\u00f3n de Roc\u00edo Cabrera, miembro fundador.<\/p>\n<p>A la fecha suman m\u00e1s de 100 mil discos vendidos, han sido acreedoras a un premio <strong>MTV<\/strong> a mejor artista espa\u00f1ol y se han convertido en la <em>girl band<\/em> con m\u00e1s \u00e9xito de Espa\u00f1a. Este 2017 aterrizan en Ciudad de M\u00e9xico como parte de la gira \u00abLadies Tour 2017&#8243;\u201d con la que buscan conquistar el coraz\u00f3n del p\u00fablico mexicano con sus temas ya cl\u00e1sicos, \u00abWonderwoman\u00bb, \u00abComprende (It\u2019s over)\u00bb, \u00abVuelvo a ser la rara\u00bb y \u00abGood Lovin\u00bb, s\u00f3lo por mencionar algunos.<\/p>\n<p>Los boletos est\u00e1n disponibles en taquillas y la red <a href=\"http:\/\/www.ticketmaster.com.mx\/sweet-california-mexico-distrito-federal-24-05-2017\/event\/14005286BDAF8EE9\" target=\"_blank\" rel=\"noopener noreferrer\">Ticketmaster<\/a>.<\/p>\n<h1><strong>Silverstein<br \/>\n<\/strong><\/h1>\n<p>\/\/ mayo 25, jueves, 20:00h<br \/>\n\/\/ precios: vip $650.00; pista general $550.00<\/p>\n<p><a href=\"http:\/\/www.reconoce.mx\/wp-content\/uploads\/2017\/05\/20170524_Silverstein_C3Stage.jpg\"><img loading=\"lazy\" decoding=\"async\" class=\"aligncenter size-full wp-image-61102\" src=\"http:\/\/www.reconoce.mx\/wp-content\/uploads\/2017\/05\/20170524_Silverstein_C3Stage.jpg\" alt=\"\" width=\"1407\" height=\"2048\" srcset=\"https:\/\/www.reconoce.mx\/wp-content\/uploads\/2017\/05\/20170524_Silverstein_C3Stage.jpg 1407w, https:\/\/www.reconoce.mx\/wp-content\/uploads\/2017\/05\/20170524_Silverstein_C3Stage-206x300.jpg 206w, https:\/\/www.reconoce.mx\/wp-content\/uploads\/2017\/05\/20170524_Silverstein_C3Stage-768x1118.jpg 768w, https:\/\/www.reconoce.mx\/wp-content\/uploads\/2017\/05\/20170524_Silverstein_C3Stage-704x1024.jpg 704w, https:\/\/www.reconoce.mx\/wp-content\/uploads\/2017\/05\/20170524_Silverstein_C3Stage-150x218.jpg 150w, https:\/\/www.reconoce.mx\/wp-content\/uploads\/2017\/05\/20170524_Silverstein_C3Stage-700x1019.jpg 700w, https:\/\/www.reconoce.mx\/wp-content\/uploads\/2017\/05\/20170524_Silverstein_C3Stage-658x958.jpg 658w, https:\/\/www.reconoce.mx\/wp-content\/uploads\/2017\/05\/20170524_Silverstein_C3Stage-300x437.jpg 300w\" sizes=\"auto, (max-width: 1407px) 100vw, 1407px\" \/><\/a><br \/>\nTres bandas representativas del g\u00e9nero <em>post hardcore<\/em>, encabezadas por <strong>Silverstein<\/strong>, <strong>The Word Alive<\/strong> y <strong>For the Fallen Dreams<\/strong> se presentar\u00e1n este 25 de mayo en <strong>El Plaza<\/strong>.<\/p>\n<p><strong>Silverstein<\/strong>, la agrupaci\u00f3n canadiense de <em>post-hardcore<\/em>, regresa a nuestro pa\u00eds tras much\u00edsimos a\u00f1os de ausencia. Luego de su \u00faltima visita a nuestro pa\u00eds en mayo del 2014 a lado de \u00abA Day To Remember\u00bb, <strong>Silverstein<\/strong> est\u00e1 de regreso con material discogr\u00e1fico: \u00abI Am Alive in Everything I Touch\u00bb.<\/p>\n<p>Los boletos est\u00e1n disponibles en taquillas y la red <a href=\"http:\/\/www.ticketmaster.com.mx\/silverstein-the-word-alive-for-the-mexico-distrito-federal-25-05-2017\/event\/1400526893B51DE5?artistid=887758&amp;majorcatid=10001&amp;minorcatid=826\" target=\"_blank\" rel=\"noopener noreferrer\">Ticketmaster<\/a>.<\/p>\n<p><strong>El Plaza Condesa<\/strong> se encuentra ubicado en Juan Escutia #4, Condesa, Cuauht\u00e9moc, Ciudad de M\u00e9xico.<\/p>\n<p>&nbsp;<\/p>\n<p>&nbsp;<\/p>\n","protected":false},"excerpt":{"rendered":"<p>En el mejor \u00e1nimo de que pasen un gran momento, ustedes amantes de la m\u00fasica, les compartimos de manera semanal la cartelera de El Plaza Condesa.<\/p>\n","protected":false},"author":2,"featured_media":43737,"comment_status":"open","ping_status":"open","sticky":false,"template":"","format":"standard","meta":{"footnotes":""},"categories":[1,18,17],"tags":[],"class_list":["post-61098","post","type-post","status-publish","format-standard","has-post-thumbnail","hentry","category-cultura","category-musica","category-principal"],"yoast_head":"<!-- This site is optimized with the Yoast SEO plugin v24.7 - https:\/\/yoast.com\/wordpress\/plugins\/seo\/ -->\n<title>El Plaza Condesa: Cartelera del 19 al 25 de mayo &#171; Reconoce MX<\/title>\n<meta name=\"robots\" content=\"index, follow, max-snippet:-1, max-image-preview:large, max-video-preview:-1\" \/>\n<link rel=\"canonical\" href=\"https:\/\/www.reconoce.mx\/?p=61098\" \/>\n<meta property=\"og:locale\" content=\"es_ES\" \/>\n<meta property=\"og:type\" content=\"article\" \/>\n<meta property=\"og:title\" content=\"El Plaza Condesa: Cartelera del 19 al 25 de mayo &#171; Reconoce MX\" \/>\n<meta property=\"og:description\" content=\"En el mejor \u00e1nimo de que pasen un gran momento, ustedes amantes de la m\u00fasica, les compartimos de manera semanal la cartelera de El Plaza Condesa.\" \/>\n<meta property=\"og:url\" content=\"https:\/\/www.reconoce.mx\/?p=61098\" \/>\n<meta property=\"og:site_name\" content=\"Reconoce MX\" \/>\n<meta property=\"article:publisher\" content=\"https:\/\/es-la.facebook.com\/ReconoceMX\/\" \/>\n<meta property=\"article:published_time\" content=\"2017-05-19T05:03:53+00:00\" \/>\n<meta property=\"article:modified_time\" content=\"2017-05-19T19:47:01+00:00\" \/>\n<meta property=\"og:image\" content=\"https:\/\/www.reconoce.mx\/wp-content\/uploads\/2016\/01\/elplaza-condesa.png\" \/>\n\t<meta property=\"og:image:width\" content=\"570\" \/>\n\t<meta property=\"og:image:height\" content=\"360\" \/>\n\t<meta property=\"og:image:type\" content=\"image\/png\" \/>\n<meta name=\"author\" content=\"Reconoce MX\" \/>\n<meta name=\"twitter:card\" content=\"summary_large_image\" \/>\n<meta name=\"twitter:creator\" content=\"@reconocemx\" \/>\n<meta name=\"twitter:site\" content=\"@reconocemx\" \/>\n<meta name=\"twitter:label1\" content=\"Escrito por\" \/>\n\t<meta name=\"twitter:data1\" content=\"Reconoce MX\" \/>\n\t<meta name=\"twitter:label2\" content=\"Tiempo de lectura\" \/>\n\t<meta name=\"twitter:data2\" content=\"5 minutos\" \/>\n<script type=\"application\/ld+json\" class=\"yoast-schema-graph\">{\"@context\":\"https:\/\/schema.org\",\"@graph\":[{\"@type\":\"Article\",\"@id\":\"https:\/\/www.reconoce.mx\/?p=61098#article\",\"isPartOf\":{\"@id\":\"https:\/\/www.reconoce.mx\/?p=61098\"},\"author\":{\"name\":\"Reconoce MX\",\"@id\":\"https:\/\/www.reconoce.mx\/#\/schema\/person\/2117e997d7051dc15d6880eaf9bca0b2\"},\"headline\":\"El Plaza Condesa: Cartelera del 19 al 25 de mayo\",\"datePublished\":\"2017-05-19T05:03:53+00:00\",\"dateModified\":\"2017-05-19T19:47:01+00:00\",\"mainEntityOfPage\":{\"@id\":\"https:\/\/www.reconoce.mx\/?p=61098\"},\"wordCount\":977,\"commentCount\":0,\"publisher\":{\"@id\":\"https:\/\/www.reconoce.mx\/#organization\"},\"image\":{\"@id\":\"https:\/\/www.reconoce.mx\/?p=61098#primaryimage\"},\"thumbnailUrl\":\"https:\/\/www.reconoce.mx\/wp-content\/uploads\/2016\/01\/elplaza-condesa.png\",\"articleSection\":[\"Cultura\",\"M\u00fasica\",\"Principal\"],\"inLanguage\":\"es\",\"potentialAction\":[{\"@type\":\"CommentAction\",\"name\":\"Comment\",\"target\":[\"https:\/\/www.reconoce.mx\/?p=61098#respond\"]}]},{\"@type\":\"WebPage\",\"@id\":\"https:\/\/www.reconoce.mx\/?p=61098\",\"url\":\"https:\/\/www.reconoce.mx\/?p=61098\",\"name\":\"El Plaza Condesa: Cartelera del 19 al 25 de mayo &#171; Reconoce MX\",\"isPartOf\":{\"@id\":\"https:\/\/www.reconoce.mx\/#website\"},\"primaryImageOfPage\":{\"@id\":\"https:\/\/www.reconoce.mx\/?p=61098#primaryimage\"},\"image\":{\"@id\":\"https:\/\/www.reconoce.mx\/?p=61098#primaryimage\"},\"thumbnailUrl\":\"https:\/\/www.reconoce.mx\/wp-content\/uploads\/2016\/01\/elplaza-condesa.png\",\"datePublished\":\"2017-05-19T05:03:53+00:00\",\"dateModified\":\"2017-05-19T19:47:01+00:00\",\"breadcrumb\":{\"@id\":\"https:\/\/www.reconoce.mx\/?p=61098#breadcrumb\"},\"inLanguage\":\"es\",\"potentialAction\":[{\"@type\":\"ReadAction\",\"target\":[\"https:\/\/www.reconoce.mx\/?p=61098\"]}]},{\"@type\":\"ImageObject\",\"inLanguage\":\"es\",\"@id\":\"https:\/\/www.reconoce.mx\/?p=61098#primaryimage\",\"url\":\"https:\/\/www.reconoce.mx\/wp-content\/uploads\/2016\/01\/elplaza-condesa.png\",\"contentUrl\":\"https:\/\/www.reconoce.mx\/wp-content\/uploads\/2016\/01\/elplaza-condesa.png\",\"width\":570,\"height\":360},{\"@type\":\"BreadcrumbList\",\"@id\":\"https:\/\/www.reconoce.mx\/?p=61098#breadcrumb\",\"itemListElement\":[{\"@type\":\"ListItem\",\"position\":1,\"name\":\"Portada\",\"item\":\"https:\/\/www.reconoce.mx\/\"},{\"@type\":\"ListItem\",\"position\":2,\"name\":\"El Plaza Condesa: Cartelera del 19 al 25 de mayo\"}]},{\"@type\":\"WebSite\",\"@id\":\"https:\/\/www.reconoce.mx\/#website\",\"url\":\"https:\/\/www.reconoce.mx\/\",\"name\":\"Reconoce MX\",\"description\":\"En Reconoce MX difundimos arte, cultura y conciencia social en M\u00e9xico. Tu ciudad en otra perspectiva.\",\"publisher\":{\"@id\":\"https:\/\/www.reconoce.mx\/#organization\"},\"potentialAction\":[{\"@type\":\"SearchAction\",\"target\":{\"@type\":\"EntryPoint\",\"urlTemplate\":\"https:\/\/www.reconoce.mx\/?s={search_term_string}\"},\"query-input\":{\"@type\":\"PropertyValueSpecification\",\"valueRequired\":true,\"valueName\":\"search_term_string\"}}],\"inLanguage\":\"es\"},{\"@type\":\"Organization\",\"@id\":\"https:\/\/www.reconoce.mx\/#organization\",\"name\":\"Reconoce MX\",\"url\":\"https:\/\/www.reconoce.mx\/\",\"logo\":{\"@type\":\"ImageObject\",\"inLanguage\":\"es\",\"@id\":\"https:\/\/www.reconoce.mx\/#\/schema\/logo\/image\/\",\"url\":\"https:\/\/www.reconoce.mx\/wp-content\/uploads\/2019\/03\/logorcmx-good-1.png\",\"contentUrl\":\"https:\/\/www.reconoce.mx\/wp-content\/uploads\/2019\/03\/logorcmx-good-1.png\",\"width\":280,\"height\":90,\"caption\":\"Reconoce MX\"},\"image\":{\"@id\":\"https:\/\/www.reconoce.mx\/#\/schema\/logo\/image\/\"},\"sameAs\":[\"https:\/\/es-la.facebook.com\/ReconoceMX\/\",\"https:\/\/x.com\/reconocemx\",\"http:\/\/@reconocemx\"]},{\"@type\":\"Person\",\"@id\":\"https:\/\/www.reconoce.mx\/#\/schema\/person\/2117e997d7051dc15d6880eaf9bca0b2\",\"name\":\"Reconoce MX\",\"image\":{\"@type\":\"ImageObject\",\"inLanguage\":\"es\",\"@id\":\"https:\/\/www.reconoce.mx\/#\/schema\/person\/image\/\",\"url\":\"https:\/\/secure.gravatar.com\/avatar\/6c8d4dc7569ca1c90c5fdcc349f839d5ddef6fe1e70b4337ead2ef1a4c43fc3a?s=96&d=identicon&r=g\",\"contentUrl\":\"https:\/\/secure.gravatar.com\/avatar\/6c8d4dc7569ca1c90c5fdcc349f839d5ddef6fe1e70b4337ead2ef1a4c43fc3a?s=96&d=identicon&r=g\",\"caption\":\"Reconoce MX\"},\"description\":\"Reconoce MX es un proyecto de difusi\u00f3n art\u00edstica, cultural y de conciencia social que est\u00e1 enfocado a difundir y fomentar el entretenimiento alternativo de calidad para todo el p\u00fablico que comparta el mismo entusiasmo.\",\"sameAs\":[\"http:\/\/www.reconoce.mx\"],\"url\":\"https:\/\/www.reconoce.mx\/?author=2\"}]}<\/script>\n<!-- \/ Yoast SEO plugin. -->","yoast_head_json":{"title":"El Plaza Condesa: Cartelera del 19 al 25 de mayo &#171; Reconoce MX","robots":{"index":"index","follow":"follow","max-snippet":"max-snippet:-1","max-image-preview":"max-image-preview:large","max-video-preview":"max-video-preview:-1"},"canonical":"https:\/\/www.reconoce.mx\/?p=61098","og_locale":"es_ES","og_type":"article","og_title":"El Plaza Condesa: Cartelera del 19 al 25 de mayo &#171; Reconoce MX","og_description":"En el mejor \u00e1nimo de que pasen un gran momento, ustedes amantes de la m\u00fasica, les compartimos de manera semanal la cartelera de El Plaza Condesa.","og_url":"https:\/\/www.reconoce.mx\/?p=61098","og_site_name":"Reconoce MX","article_publisher":"https:\/\/es-la.facebook.com\/ReconoceMX\/","article_published_time":"2017-05-19T05:03:53+00:00","article_modified_time":"2017-05-19T19:47:01+00:00","og_image":[{"width":570,"height":360,"url":"https:\/\/www.reconoce.mx\/wp-content\/uploads\/2016\/01\/elplaza-condesa.png","type":"image\/png"}],"author":"Reconoce MX","twitter_card":"summary_large_image","twitter_creator":"@reconocemx","twitter_site":"@reconocemx","twitter_misc":{"Escrito por":"Reconoce MX","Tiempo de lectura":"5 minutos"},"schema":{"@context":"https:\/\/schema.org","@graph":[{"@type":"Article","@id":"https:\/\/www.reconoce.mx\/?p=61098#article","isPartOf":{"@id":"https:\/\/www.reconoce.mx\/?p=61098"},"author":{"name":"Reconoce MX","@id":"https:\/\/www.reconoce.mx\/#\/schema\/person\/2117e997d7051dc15d6880eaf9bca0b2"},"headline":"El Plaza Condesa: Cartelera del 19 al 25 de mayo","datePublished":"2017-05-19T05:03:53+00:00","dateModified":"2017-05-19T19:47:01+00:00","mainEntityOfPage":{"@id":"https:\/\/www.reconoce.mx\/?p=61098"},"wordCount":977,"commentCount":0,"publisher":{"@id":"https:\/\/www.reconoce.mx\/#organization"},"image":{"@id":"https:\/\/www.reconoce.mx\/?p=61098#primaryimage"},"thumbnailUrl":"https:\/\/www.reconoce.mx\/wp-content\/uploads\/2016\/01\/elplaza-condesa.png","articleSection":["Cultura","M\u00fasica","Principal"],"inLanguage":"es","potentialAction":[{"@type":"CommentAction","name":"Comment","target":["https:\/\/www.reconoce.mx\/?p=61098#respond"]}]},{"@type":"WebPage","@id":"https:\/\/www.reconoce.mx\/?p=61098","url":"https:\/\/www.reconoce.mx\/?p=61098","name":"El Plaza Condesa: Cartelera del 19 al 25 de mayo &#171; Reconoce MX","isPartOf":{"@id":"https:\/\/www.reconoce.mx\/#website"},"primaryImageOfPage":{"@id":"https:\/\/www.reconoce.mx\/?p=61098#primaryimage"},"image":{"@id":"https:\/\/www.reconoce.mx\/?p=61098#primaryimage"},"thumbnailUrl":"https:\/\/www.reconoce.mx\/wp-content\/uploads\/2016\/01\/elplaza-condesa.png","datePublished":"2017-05-19T05:03:53+00:00","dateModified":"2017-05-19T19:47:01+00:00","breadcrumb":{"@id":"https:\/\/www.reconoce.mx\/?p=61098#breadcrumb"},"inLanguage":"es","potentialAction":[{"@type":"ReadAction","target":["https:\/\/www.reconoce.mx\/?p=61098"]}]},{"@type":"ImageObject","inLanguage":"es","@id":"https:\/\/www.reconoce.mx\/?p=61098#primaryimage","url":"https:\/\/www.reconoce.mx\/wp-content\/uploads\/2016\/01\/elplaza-condesa.png","contentUrl":"https:\/\/www.reconoce.mx\/wp-content\/uploads\/2016\/01\/elplaza-condesa.png","width":570,"height":360},{"@type":"BreadcrumbList","@id":"https:\/\/www.reconoce.mx\/?p=61098#breadcrumb","itemListElement":[{"@type":"ListItem","position":1,"name":"Portada","item":"https:\/\/www.reconoce.mx\/"},{"@type":"ListItem","position":2,"name":"El Plaza Condesa: Cartelera del 19 al 25 de mayo"}]},{"@type":"WebSite","@id":"https:\/\/www.reconoce.mx\/#website","url":"https:\/\/www.reconoce.mx\/","name":"Reconoce MX","description":"En Reconoce MX difundimos arte, cultura y conciencia social en M\u00e9xico. Tu ciudad en otra perspectiva.","publisher":{"@id":"https:\/\/www.reconoce.mx\/#organization"},"potentialAction":[{"@type":"SearchAction","target":{"@type":"EntryPoint","urlTemplate":"https:\/\/www.reconoce.mx\/?s={search_term_string}"},"query-input":{"@type":"PropertyValueSpecification","valueRequired":true,"valueName":"search_term_string"}}],"inLanguage":"es"},{"@type":"Organization","@id":"https:\/\/www.reconoce.mx\/#organization","name":"Reconoce MX","url":"https:\/\/www.reconoce.mx\/","logo":{"@type":"ImageObject","inLanguage":"es","@id":"https:\/\/www.reconoce.mx\/#\/schema\/logo\/image\/","url":"https:\/\/www.reconoce.mx\/wp-content\/uploads\/2019\/03\/logorcmx-good-1.png","contentUrl":"https:\/\/www.reconoce.mx\/wp-content\/uploads\/2019\/03\/logorcmx-good-1.png","width":280,"height":90,"caption":"Reconoce MX"},"image":{"@id":"https:\/\/www.reconoce.mx\/#\/schema\/logo\/image\/"},"sameAs":["https:\/\/es-la.facebook.com\/ReconoceMX\/","https:\/\/x.com\/reconocemx","http:\/\/@reconocemx"]},{"@type":"Person","@id":"https:\/\/www.reconoce.mx\/#\/schema\/person\/2117e997d7051dc15d6880eaf9bca0b2","name":"Reconoce MX","image":{"@type":"ImageObject","inLanguage":"es","@id":"https:\/\/www.reconoce.mx\/#\/schema\/person\/image\/","url":"https:\/\/secure.gravatar.com\/avatar\/6c8d4dc7569ca1c90c5fdcc349f839d5ddef6fe1e70b4337ead2ef1a4c43fc3a?s=96&d=identicon&r=g","contentUrl":"https:\/\/secure.gravatar.com\/avatar\/6c8d4dc7569ca1c90c5fdcc349f839d5ddef6fe1e70b4337ead2ef1a4c43fc3a?s=96&d=identicon&r=g","caption":"Reconoce MX"},"description":"Reconoce MX es un proyecto de difusi\u00f3n art\u00edstica, cultural y de conciencia social que est\u00e1 enfocado a difundir y fomentar el entretenimiento alternativo de calidad para todo el p\u00fablico que comparta el mismo entusiasmo.","sameAs":["http:\/\/www.reconoce.mx"],"url":"https:\/\/www.reconoce.mx\/?author=2"}]}},"_links":{"self":[{"href":"https:\/\/www.reconoce.mx\/index.php?rest_route=\/wp\/v2\/posts\/61098","targetHints":{"allow":["GET"]}}],"collection":[{"href":"https:\/\/www.reconoce.mx\/index.php?rest_route=\/wp\/v2\/posts"}],"about":[{"href":"https:\/\/www.reconoce.mx\/index.php?rest_route=\/wp\/v2\/types\/post"}],"author":[{"embeddable":true,"href":"https:\/\/www.reconoce.mx\/index.php?rest_route=\/wp\/v2\/users\/2"}],"replies":[{"embeddable":true,"href":"https:\/\/www.reconoce.mx\/index.php?rest_route=%2Fwp%2Fv2%2Fcomments&post=61098"}],"version-history":[{"count":5,"href":"https:\/\/www.reconoce.mx\/index.php?rest_route=\/wp\/v2\/posts\/61098\/revisions"}],"predecessor-version":[{"id":61107,"href":"https:\/\/www.reconoce.mx\/index.php?rest_route=\/wp\/v2\/posts\/61098\/revisions\/61107"}],"wp:featuredmedia":[{"embeddable":true,"href":"https:\/\/www.reconoce.mx\/index.php?rest_route=\/wp\/v2\/media\/43737"}],"wp:attachment":[{"href":"https:\/\/www.reconoce.mx\/index.php?rest_route=%2Fwp%2Fv2%2Fmedia&parent=61098"}],"wp:term":[{"taxonomy":"category","embeddable":true,"href":"https:\/\/www.reconoce.mx\/index.php?rest_route=%2Fwp%2Fv2%2Fcategories&post=61098"},{"taxonomy":"post_tag","embeddable":true,"href":"https:\/\/www.reconoce.mx\/index.php?rest_route=%2Fwp%2Fv2%2Ftags&post=61098"}],"curies":[{"name":"wp","href":"https:\/\/api.w.org\/{rel}","templated":true}]}}