{"id":61150,"date":"2017-05-15T00:02:16","date_gmt":"2017-05-15T05:02:16","guid":{"rendered":"http:\/\/www.reconoce.mx\/?p=61150"},"modified":"2017-05-22T21:36:55","modified_gmt":"2017-05-23T02:36:55","slug":"5rolasparalasemana-del-15-al-19-de-mayo","status":"publish","type":"post","link":"https:\/\/www.reconoce.mx\/?p=61150","title":{"rendered":"#5RolasParaLaSemana del 15 al 19 de mayo"},"content":{"rendered":"<p><strong>Por <a title=\"@AsfaltosTweets\" href=\"http:\/\/twitter.com\/AsfaltosTweets\" target=\"_blank\" rel=\"noopener noreferrer\">Asfaltos<\/a><\/strong>.<\/p>\n<p>Lunes, lunes de las <a href=\"http:\/\/www.reconoce.mx\/category\/cultura\/musica\/5rolasparalasemana\/\" target=\"_blank\" rel=\"noopener noreferrer\">#5RolasParaLaSemana<\/a>. Ya lo saben, las <a href=\"http:\/\/www.reconoce.mx\/category\/cultura\/musica\/5rolasparalasemana\/\" target=\"_blank\" rel=\"noopener noreferrer\">#5RolasParaLaSemana<\/a> son este breve y conciso <em>tracklist<\/em> en el que me permito compartir con ustedes las novedades musicales de la escena nacional que semanalmente se dan a conocer. S\u00ed, como ya lo he advertido tambi\u00e9n, se encontrar\u00e1n con alguna que otra canci\u00f3n de fuera de nuestras fronteras; eso s\u00ed, de todas las rolas elegidas les aseguro que se encontrar\u00e1n con alguna que se insertar\u00e1 en su imaginario sonoro. Sin m\u00e1s, \u00a1qu\u00e9 vengan las <a href=\"http:\/\/www.reconoce.mx\/category\/cultura\/musica\/5rolasparalasemana\/\" target=\"_blank\" rel=\"noopener noreferrer\">#5RolasParaLaSemana<\/a> de la tercera semana de mayo de 2017!<\/p>\n<p><iframe loading=\"lazy\" src=\"http:\/\/www.deezer.com\/plugins\/player?format=square&amp;autoplay=false&amp;playlist=false&amp;width=300&amp;height=300&amp;color=007FEB&amp;layout=dark&amp;size=medium&amp;type=playlist&amp;id=3124181846&amp;app_id=1\" width=\"300\" height=\"300\" frameborder=\"0\" scrolling=\"no\"><\/iframe><\/p>\n<h2><strong>\u00abCabr\u00f3n\u00bb, de Carmen Costa feat. Mar\u00eda Daniela<\/strong><\/h2>\n<p><a href=\"http:\/\/www.reconoce.mx\/wp-content\/uploads\/2017\/05\/CCcabron-1.jpg\"><img loading=\"lazy\" decoding=\"async\" class=\"aligncenter size-full wp-image-61154\" src=\"http:\/\/www.reconoce.mx\/wp-content\/uploads\/2017\/05\/CCcabron-1.jpg\" alt=\"\" width=\"1500\" height=\"1500\" srcset=\"https:\/\/www.reconoce.mx\/wp-content\/uploads\/2017\/05\/CCcabron-1.jpg 1500w, https:\/\/www.reconoce.mx\/wp-content\/uploads\/2017\/05\/CCcabron-1-150x150.jpg 150w, https:\/\/www.reconoce.mx\/wp-content\/uploads\/2017\/05\/CCcabron-1-300x300.jpg 300w, https:\/\/www.reconoce.mx\/wp-content\/uploads\/2017\/05\/CCcabron-1-768x768.jpg 768w, https:\/\/www.reconoce.mx\/wp-content\/uploads\/2017\/05\/CCcabron-1-1024x1024.jpg 1024w, https:\/\/www.reconoce.mx\/wp-content\/uploads\/2017\/05\/CCcabron-1-65x65.jpg 65w, https:\/\/www.reconoce.mx\/wp-content\/uploads\/2017\/05\/CCcabron-1-700x700.jpg 700w, https:\/\/www.reconoce.mx\/wp-content\/uploads\/2017\/05\/CCcabron-1-658x658.jpg 658w\" sizes=\"auto, (max-width: 1500px) 100vw, 1500px\" \/><\/a><\/p>\n<p>En la semana del <a href=\"http:\/\/www.reconoce.mx\/festivalmarvincdmx-conoce-los-horarios-de-la-7-a-edicion\/\" target=\"_blank\" rel=\"noopener noreferrer\">#FestivalMarvinCDMX<\/a>, uno de sus grupos estelares nos regala una nueva melod\u00eda. <a href=\"http:\/\/mx.ivoox.com\/es\/podcastrcmxitinerante-especial-2-rumbo-al-festivalmarvin-2017-audios-mp3_rf_18520090_1.html\" target=\"_blank\" rel=\"noopener noreferrer\">Como hab\u00edamos platicado ya en nuestro #PodcastRCMXitinerante<\/a>, <strong>Carmen Costa<\/strong> estaba por estrenar su m\u00e1s reciente sencillo acompa\u00f1ado de <strong>Mar\u00eda Daniela<\/strong>; s\u00ed, la <strong>Mar\u00eda Daniela<\/strong> de <strong>Mar\u00eda Daniela y su Sonido Lasser<\/strong>. En entrevista con <strong>Man\u00fa Charriton<\/strong>, productor del <a href=\"http:\/\/www.reconoce.mx\/festivalmarvincdmx-conoce-los-horarios-de-la-7-a-edicion\/\" target=\"_blank\" rel=\"noopener noreferrer\">#FestivalMarvinCDMX<\/a>, pero en este caso en su faceta de m\u00fasico l\u00edder de <strong>Carmen Costa<\/strong>, nos anticipaba que el sencillo junto a <strong>Mar\u00eda Daniela<\/strong> \u00abes una canci\u00f3n impresionante\u00bb. De acuerdo a sus palabras, su tambi\u00e9n amigo y colega <strong>AJ D\u00e1vila<\/strong> se expresaba de esta melod\u00eda como una potencial \u00abcanci\u00f3n del a\u00f1o, la verdad, \u00e9l est\u00e1 muy entusiasmado\u00bb. Con un sonido que evoca al rock alternativo de finales de los 80 y principios de los 90, \u00abCabr\u00f3n\u00bb es una divertida melod\u00eda que fusiona en un di\u00e1logo a los dos cantantes que tienen todo el potencial de ser los responsables de una melod\u00eda pegajosa que funcione de gran manera en los shows en vivo. <strong>Carmen Costa<\/strong> tocar\u00e1n en Ciudad de M\u00e9xico el 20 de mayo en el <a href=\"http:\/\/www.reconoce.mx\/festivalmarvincdmx-conoce-los-horarios-de-la-7-a-edicion\/\" target=\"_blank\" rel=\"noopener noreferrer\">#FestivalMarvinCDMX<\/a>, en Morelia el 26 de mayo en <strong>Jeudi 27<\/strong>, en Guadalajara el 27 de mayo en <strong>FIMPRO<\/strong> y del 8 de junio al 1 de julio como parte de la gira <strong>Circuito Indio<\/strong>.<\/p>\n<h2><strong>\u00abQue se te olvide\u00bb, de Galgo<\/strong><\/h2>\n<p><a href=\"http:\/\/www.reconoce.mx\/wp-content\/uploads\/2017\/05\/unnamed.png\"><img loading=\"lazy\" decoding=\"async\" class=\"aligncenter size-full wp-image-61157\" src=\"http:\/\/www.reconoce.mx\/wp-content\/uploads\/2017\/05\/unnamed.png\" alt=\"\" width=\"1000\" height=\"500\" srcset=\"https:\/\/www.reconoce.mx\/wp-content\/uploads\/2017\/05\/unnamed.png 1000w, https:\/\/www.reconoce.mx\/wp-content\/uploads\/2017\/05\/unnamed-300x150.png 300w, https:\/\/www.reconoce.mx\/wp-content\/uploads\/2017\/05\/unnamed-768x384.png 768w, https:\/\/www.reconoce.mx\/wp-content\/uploads\/2017\/05\/unnamed-150x75.png 150w, https:\/\/www.reconoce.mx\/wp-content\/uploads\/2017\/05\/unnamed-700x350.png 700w, https:\/\/www.reconoce.mx\/wp-content\/uploads\/2017\/05\/unnamed-658x329.png 658w\" sizes=\"auto, (max-width: 1000px) 100vw, 1000px\" \/><\/a><\/p>\n<p>Un grupo que ha estado muy emocionado por su reciente sencillo es el tr\u00edo tapat\u00edo de indie-pop, <strong>Galgo<\/strong>. Agradeciendo su trabajo al lado de la gente de <strong>Malfi Co.<\/strong>, los <strong>Galgo<\/strong> que empezaron en 2011 como parte de la escena musical independiente nacional, est\u00e1n de estreno con su m\u00e1s reciente melod\u00eda que a merced de que ustedes la califiquen: estremece y emociona. S\u00ed, <strong>Galgo<\/strong> funciona para estos d\u00edas bipolares en donde la lluvia de repente se hace presente, y con ayuda de aud\u00edfonos, entre la multitud, uno se va abriendo caso entre la lluvia y las diversas historias que confluyen en un mismo sitio. Hagan la prueba, escuchen el \u00abQue se te olvide\u00bb en un momento de paz, con los ojos cerrados y despu\u00e9s de haber respirado muy prfoundamente&#8230; \u00bfLo notan? Su EP \u00abAfraid to make you dance\u00bb (2012) fue la carta de presentaci\u00f3n que les abrir\u00eda el camino para grabar \u00abDonde Luc\u00eda\u00bb (2013) y posteriormente \u00abUn d\u00eda con m\u00e1s calma \/ AM\u00bb (2016). Sin embargo, como la vida misma, algo repentino sucedi\u00f3 y lo que podr\u00eda desalentar a muchos grupos, fortaleci\u00f3 a los <strong>Galgo<\/strong> que est\u00e1n de vuelta pidi\u00e9ndonos \u00abque no te acuerdes donde guardas las derrotas, que no te quede espacio para la tristeza mientras caminas a la oscuridad\u00bb. Emotiva melod\u00eda con la que esperamos tener ya de vuelta y por mucho tiempo m\u00e1s a los <strong>Galgo<\/strong>.<\/p>\n<h2><strong>\u00abHablar de ti\u00bb, de Gepe<\/strong><\/h2>\n<p><a href=\"http:\/\/www.reconoce.mx\/wp-content\/uploads\/2017\/05\/Gepe-single-Hablar-de-ti-2017-1.jpg\"><img loading=\"lazy\" decoding=\"async\" class=\"aligncenter size-full wp-image-61155\" src=\"http:\/\/www.reconoce.mx\/wp-content\/uploads\/2017\/05\/Gepe-single-Hablar-de-ti-2017-1.jpg\" alt=\"\" width=\"2400\" height=\"2400\" srcset=\"https:\/\/www.reconoce.mx\/wp-content\/uploads\/2017\/05\/Gepe-single-Hablar-de-ti-2017-1.jpg 2400w, https:\/\/www.reconoce.mx\/wp-content\/uploads\/2017\/05\/Gepe-single-Hablar-de-ti-2017-1-150x150.jpg 150w, https:\/\/www.reconoce.mx\/wp-content\/uploads\/2017\/05\/Gepe-single-Hablar-de-ti-2017-1-300x300.jpg 300w, https:\/\/www.reconoce.mx\/wp-content\/uploads\/2017\/05\/Gepe-single-Hablar-de-ti-2017-1-768x768.jpg 768w, https:\/\/www.reconoce.mx\/wp-content\/uploads\/2017\/05\/Gepe-single-Hablar-de-ti-2017-1-1024x1024.jpg 1024w, https:\/\/www.reconoce.mx\/wp-content\/uploads\/2017\/05\/Gepe-single-Hablar-de-ti-2017-1-65x65.jpg 65w, https:\/\/www.reconoce.mx\/wp-content\/uploads\/2017\/05\/Gepe-single-Hablar-de-ti-2017-1-700x700.jpg 700w, https:\/\/www.reconoce.mx\/wp-content\/uploads\/2017\/05\/Gepe-single-Hablar-de-ti-2017-1-658x658.jpg 658w\" sizes=\"auto, (max-width: 2400px) 100vw, 2400px\" \/><\/a><\/p>\n<p>A la mitad de este listado toca el turno de un regreso que llega m\u00e1s pronto de lo que esper\u00e1bamos. Y es que si bien no han pasado ni 2 a\u00f1os de su m\u00e1s reciente \u00abEstilo libre\u00bb (2015), <strong>Gepe<\/strong> est\u00e1 de vuelta \u00a1y lo aplaudimos enormemente! El chileno, uno de los favoritos en la escena musical nacional, regresa con el primer sencillo del que ser\u00e1 su sexto \u00e1lbum, mismo que podremos descubrir de manera completa a finales del presente mes. Con ese toque de romanticismo que le caracteriza, con esa simpleza de sonido, <strong>Gepe<\/strong> est\u00e1 de regreso con una balada pop que atrapa desde el inicio por lo dulce y armonioso de su sonido. \u00abHablar de ti\u00bb atrapa por lo rom\u00e1ntico de su letra, por la suave melod\u00eda, por el sonido siempre preciso de un <strong>Gepe<\/strong> en todo su esplendor. El nuevo sencillo es el primer adelanto del pr\u00f3ximo \u00abCiencia exacta\u00bb (2017) que al parecer ser\u00e1 un trabajo a\u00fan m\u00e1s \u00edntimo y rom\u00e1ntico que el anterior. Se antoja, pues, para espacios m\u00e1s cerrados y cercanos donde degustar una copa al ritmo de la m\u00fasica del chileno. El regreso de <strong>Gepe<\/strong> estar\u00e1 acompa\u00f1ado de <strong>Cristi\u00e1n Heyne<\/strong> -con quien ya tiene un largo historial de colaboraci\u00f3n-, as\u00ed como de <strong>Fernando Herrara<\/strong> y el propio <strong>Gepe<\/strong> como productores. \u00abCiencia exacta\u00bb estrenar\u00e1 en plataformas digitales el viernes 26 de mayo bajo el sello <strong>Quemasucabeza<\/strong>. \u00a1Atentos!<\/p>\n<h2><strong>\u00abEn estos tiempos\u00bb, de Miss Blanc<\/strong><\/h2>\n<p><a href=\"http:\/\/www.reconoce.mx\/wp-content\/uploads\/2017\/05\/C_Fw0roVwAAo7bo.jpg\"><img loading=\"lazy\" decoding=\"async\" class=\"aligncenter size-full wp-image-61153\" src=\"http:\/\/www.reconoce.mx\/wp-content\/uploads\/2017\/05\/C_Fw0roVwAAo7bo.jpg\" alt=\"\" width=\"1200\" height=\"1200\" srcset=\"https:\/\/www.reconoce.mx\/wp-content\/uploads\/2017\/05\/C_Fw0roVwAAo7bo.jpg 1200w, https:\/\/www.reconoce.mx\/wp-content\/uploads\/2017\/05\/C_Fw0roVwAAo7bo-150x150.jpg 150w, https:\/\/www.reconoce.mx\/wp-content\/uploads\/2017\/05\/C_Fw0roVwAAo7bo-300x300.jpg 300w, https:\/\/www.reconoce.mx\/wp-content\/uploads\/2017\/05\/C_Fw0roVwAAo7bo-768x768.jpg 768w, https:\/\/www.reconoce.mx\/wp-content\/uploads\/2017\/05\/C_Fw0roVwAAo7bo-1024x1024.jpg 1024w, https:\/\/www.reconoce.mx\/wp-content\/uploads\/2017\/05\/C_Fw0roVwAAo7bo-65x65.jpg 65w, https:\/\/www.reconoce.mx\/wp-content\/uploads\/2017\/05\/C_Fw0roVwAAo7bo-700x700.jpg 700w, https:\/\/www.reconoce.mx\/wp-content\/uploads\/2017\/05\/C_Fw0roVwAAo7bo-658x658.jpg 658w\" sizes=\"auto, (max-width: 1200px) 100vw, 1200px\" \/><\/a><\/p>\n<p>La compositora, cantante y productora Michelle Blanc, art\u00edsticamente conocida como <strong>Miss Blanc<\/strong>, regresa con un nuevo sencillo con su muy particular estilo. Y s\u00ed, si se los presento antes de llegar al final del listado sonoro, es porque el trabajo de <strong>Miss Blanc<\/strong> es de lo m\u00e1s destacado en la semana, y tambi\u00e9n hay que decir que en los \u00faltimos meses en la escena musical. Su propuesta distinta al com\u00fan denominador resulta refrescante, misma propuesta que termina por englobar en todo un concepto que aterriza de gran manera como si de un <em>performance <\/em>se tratara. Y es que para la m\u00fasico que ha tocado en shows de artistas s\u00faper populares del g\u00e9nero pop, no hay mayor asunto que subirse al escenario y tocar su muy personal m\u00fasica como se le da la gana sin tener que seguir alg\u00fan estereotipo o regla. Si ya con \u00ab<a href=\"http:\/\/www.reconoce.mx\/lo-amo-de-miss-blanc\/\" target=\"_blank\" rel=\"noopener noreferrer\">Lo amo<\/a>\u00bb quedaba claro que su propuesta era finalmente una extensi\u00f3n de su personaje <strong>Miss Blanc<\/strong>, con \u00abEn estos tiempos\u00bb la idea se refuerza; pues se trata casi como si la m\u00fasico fuera nuestra amiga, y en un grupo de chicas, se confesara sobre los muchos asuntos que acechan a una mujer como ella en un tiempo y espacio como el nuestro. Puede que exagere un poco, pero en verdad la propuesta de <strong>Miss Blanc<\/strong> con \u00abEn estos tiempos\u00bb, me atrapa por el hecho de que adem\u00e1s de cantarnos una canci\u00f3n, nos cuenta una historia que termina por involucrarnos en su muy particular mundo. Me muero de ganas por escuchar el que se anticipa ser\u00e1 un \u00e1lbum conceptual con mucho por disfrutar. Enhorabuena por <strong>Miss Blanc<\/strong>, \u00a1m\u00e1s difusi\u00f3n para ella!<\/p>\n<h2><strong>\u00abLluvia\u00bb, de Baltazar<\/strong><\/h2>\n<p><a href=\"http:\/\/www.reconoce.mx\/wp-content\/uploads\/2017\/05\/Lluvia.jpg\"><img loading=\"lazy\" decoding=\"async\" class=\"aligncenter size-full wp-image-61156\" src=\"http:\/\/www.reconoce.mx\/wp-content\/uploads\/2017\/05\/Lluvia.jpg\" alt=\"\" width=\"800\" height=\"800\" srcset=\"https:\/\/www.reconoce.mx\/wp-content\/uploads\/2017\/05\/Lluvia.jpg 800w, https:\/\/www.reconoce.mx\/wp-content\/uploads\/2017\/05\/Lluvia-150x150.jpg 150w, https:\/\/www.reconoce.mx\/wp-content\/uploads\/2017\/05\/Lluvia-300x300.jpg 300w, https:\/\/www.reconoce.mx\/wp-content\/uploads\/2017\/05\/Lluvia-768x768.jpg 768w, https:\/\/www.reconoce.mx\/wp-content\/uploads\/2017\/05\/Lluvia-65x65.jpg 65w, https:\/\/www.reconoce.mx\/wp-content\/uploads\/2017\/05\/Lluvia-700x700.jpg 700w, https:\/\/www.reconoce.mx\/wp-content\/uploads\/2017\/05\/Lluvia-658x658.jpg 658w\" sizes=\"auto, (max-width: 800px) 100vw, 800px\" \/><\/a><\/p>\n<p>Y finalmente, como propuesta principal de la semana, el trabajo de una banda jalisciense (\u00bfse dan cuenta de que este listado est\u00e1 dominado pr\u00e1cticamente por los tapat\u00edos?). Se trata de \u00abLluvia\u00bb, de <strong>Baltazar<\/strong>, sencillo que resulta el primer avance del tercer EP literalmente num\u00e9rico que cierra una trilog\u00eda que incluye \u00abI\u00bb (2014), \u00abII\u00bb (2015) y finalmente el pr\u00f3ximo a estrenarse \u00abIII\u00bb (2017). JP Corcuera, Roberto Agrendano y Luis Eduardo L\u00f3pez est\u00e1n de vuelta con una canci\u00f3n que termina por involucrarnos en su muy particular mundo; uno del que no queremos escapar por las atm\u00f3sferas de su sonido que atrapa desde el inicio. Con diversos efectos, lindas guitarras y una s\u00f3lida percusi\u00f3n, \u00abLluvia\u00bb encanta por la magia detr\u00e1s de \u00e9sta. La verdad es que se trata de una de esas propuestas que si bien abundan por el tipo de sonido, no dejan de emocionar por la enso\u00f1aci\u00f3n que tambi\u00e9n propone en su armado sonoro. De mis favoritas en lo que va del a\u00f1o, sin duda, gran trabajo de los <strong>Baltazar<\/strong> que esperamos escuchar pronto en vivo.<\/p>\n<p style=\"text-align: right;\">Foto: <strong>Holger Prothmann<\/strong>.<\/p>\n<p>&nbsp;<\/p>\n<p>&nbsp;<\/p>\n","protected":false},"excerpt":{"rendered":"<p>Lunes, lunes de las #5RolasParaLaSemana. Ya lo saben, las #5RolasParaLaSemana son este breve y conciso tracklist en el que me permito compartir con ustedes las novedades musicales de la escena nacional que semanalmente se dan a conocer.<\/p>\n","protected":false},"author":2,"featured_media":52739,"comment_status":"open","ping_status":"open","sticky":false,"template":"","format":"standard","meta":{"footnotes":""},"categories":[2652,1,18,17],"tags":[],"class_list":["post-61150","post","type-post","status-publish","format-standard","has-post-thumbnail","hentry","category-5rolasparalasemana","category-cultura","category-musica","category-principal"],"yoast_head":"<!-- This site is optimized with the Yoast SEO plugin v24.7 - https:\/\/yoast.com\/wordpress\/plugins\/seo\/ -->\n<title>#5RolasParaLaSemana del 15 al 19 de mayo &#171; Reconoce MX<\/title>\n<meta name=\"robots\" content=\"index, follow, max-snippet:-1, max-image-preview:large, max-video-preview:-1\" \/>\n<link rel=\"canonical\" href=\"https:\/\/www.reconoce.mx\/?p=61150\" \/>\n<meta property=\"og:locale\" content=\"es_ES\" \/>\n<meta property=\"og:type\" content=\"article\" \/>\n<meta property=\"og:title\" content=\"#5RolasParaLaSemana del 15 al 19 de mayo &#171; Reconoce MX\" \/>\n<meta property=\"og:description\" content=\"Lunes, lunes de las #5RolasParaLaSemana. Ya lo saben, las #5RolasParaLaSemana son este breve y conciso tracklist en el que me permito compartir con ustedes las novedades musicales de la escena nacional que semanalmente se dan a conocer.\" \/>\n<meta property=\"og:url\" content=\"https:\/\/www.reconoce.mx\/?p=61150\" \/>\n<meta property=\"og:site_name\" content=\"Reconoce MX\" \/>\n<meta property=\"article:publisher\" content=\"https:\/\/es-la.facebook.com\/ReconoceMX\/\" \/>\n<meta property=\"article:published_time\" content=\"2017-05-15T05:02:16+00:00\" \/>\n<meta property=\"article:modified_time\" content=\"2017-05-23T02:36:55+00:00\" \/>\n<meta property=\"og:image\" content=\"https:\/\/www.reconoce.mx\/wp-content\/uploads\/2016\/09\/5RolasParaLaSemana-cover.png\" \/>\n\t<meta property=\"og:image:width\" content=\"590\" \/>\n\t<meta property=\"og:image:height\" content=\"380\" \/>\n\t<meta property=\"og:image:type\" content=\"image\/png\" \/>\n<meta name=\"author\" content=\"Reconoce MX\" \/>\n<meta name=\"twitter:card\" content=\"summary_large_image\" \/>\n<meta name=\"twitter:creator\" content=\"@reconocemx\" \/>\n<meta name=\"twitter:site\" content=\"@reconocemx\" \/>\n<meta name=\"twitter:label1\" content=\"Escrito por\" \/>\n\t<meta name=\"twitter:data1\" content=\"Reconoce MX\" \/>\n\t<meta name=\"twitter:label2\" content=\"Tiempo de lectura\" \/>\n\t<meta name=\"twitter:data2\" content=\"7 minutos\" \/>\n<script type=\"application\/ld+json\" class=\"yoast-schema-graph\">{\"@context\":\"https:\/\/schema.org\",\"@graph\":[{\"@type\":\"Article\",\"@id\":\"https:\/\/www.reconoce.mx\/?p=61150#article\",\"isPartOf\":{\"@id\":\"https:\/\/www.reconoce.mx\/?p=61150\"},\"author\":{\"name\":\"Reconoce MX\",\"@id\":\"https:\/\/www.reconoce.mx\/#\/schema\/person\/2117e997d7051dc15d6880eaf9bca0b2\"},\"headline\":\"#5RolasParaLaSemana del 15 al 19 de mayo\",\"datePublished\":\"2017-05-15T05:02:16+00:00\",\"dateModified\":\"2017-05-23T02:36:55+00:00\",\"mainEntityOfPage\":{\"@id\":\"https:\/\/www.reconoce.mx\/?p=61150\"},\"wordCount\":1322,\"commentCount\":0,\"publisher\":{\"@id\":\"https:\/\/www.reconoce.mx\/#organization\"},\"image\":{\"@id\":\"https:\/\/www.reconoce.mx\/?p=61150#primaryimage\"},\"thumbnailUrl\":\"https:\/\/www.reconoce.mx\/wp-content\/uploads\/2016\/09\/5RolasParaLaSemana-cover.png\",\"articleSection\":[\"#5RolasParaLaSemana\",\"Cultura\",\"M\u00fasica\",\"Principal\"],\"inLanguage\":\"es\",\"potentialAction\":[{\"@type\":\"CommentAction\",\"name\":\"Comment\",\"target\":[\"https:\/\/www.reconoce.mx\/?p=61150#respond\"]}]},{\"@type\":\"WebPage\",\"@id\":\"https:\/\/www.reconoce.mx\/?p=61150\",\"url\":\"https:\/\/www.reconoce.mx\/?p=61150\",\"name\":\"#5RolasParaLaSemana del 15 al 19 de mayo &#171; Reconoce MX\",\"isPartOf\":{\"@id\":\"https:\/\/www.reconoce.mx\/#website\"},\"primaryImageOfPage\":{\"@id\":\"https:\/\/www.reconoce.mx\/?p=61150#primaryimage\"},\"image\":{\"@id\":\"https:\/\/www.reconoce.mx\/?p=61150#primaryimage\"},\"thumbnailUrl\":\"https:\/\/www.reconoce.mx\/wp-content\/uploads\/2016\/09\/5RolasParaLaSemana-cover.png\",\"datePublished\":\"2017-05-15T05:02:16+00:00\",\"dateModified\":\"2017-05-23T02:36:55+00:00\",\"breadcrumb\":{\"@id\":\"https:\/\/www.reconoce.mx\/?p=61150#breadcrumb\"},\"inLanguage\":\"es\",\"potentialAction\":[{\"@type\":\"ReadAction\",\"target\":[\"https:\/\/www.reconoce.mx\/?p=61150\"]}]},{\"@type\":\"ImageObject\",\"inLanguage\":\"es\",\"@id\":\"https:\/\/www.reconoce.mx\/?p=61150#primaryimage\",\"url\":\"https:\/\/www.reconoce.mx\/wp-content\/uploads\/2016\/09\/5RolasParaLaSemana-cover.png\",\"contentUrl\":\"https:\/\/www.reconoce.mx\/wp-content\/uploads\/2016\/09\/5RolasParaLaSemana-cover.png\",\"width\":590,\"height\":380},{\"@type\":\"BreadcrumbList\",\"@id\":\"https:\/\/www.reconoce.mx\/?p=61150#breadcrumb\",\"itemListElement\":[{\"@type\":\"ListItem\",\"position\":1,\"name\":\"Portada\",\"item\":\"https:\/\/www.reconoce.mx\/\"},{\"@type\":\"ListItem\",\"position\":2,\"name\":\"#5RolasParaLaSemana del 15 al 19 de mayo\"}]},{\"@type\":\"WebSite\",\"@id\":\"https:\/\/www.reconoce.mx\/#website\",\"url\":\"https:\/\/www.reconoce.mx\/\",\"name\":\"Reconoce MX\",\"description\":\"En Reconoce MX difundimos arte, cultura y conciencia social en M\u00e9xico. Tu ciudad en otra perspectiva.\",\"publisher\":{\"@id\":\"https:\/\/www.reconoce.mx\/#organization\"},\"potentialAction\":[{\"@type\":\"SearchAction\",\"target\":{\"@type\":\"EntryPoint\",\"urlTemplate\":\"https:\/\/www.reconoce.mx\/?s={search_term_string}\"},\"query-input\":{\"@type\":\"PropertyValueSpecification\",\"valueRequired\":true,\"valueName\":\"search_term_string\"}}],\"inLanguage\":\"es\"},{\"@type\":\"Organization\",\"@id\":\"https:\/\/www.reconoce.mx\/#organization\",\"name\":\"Reconoce MX\",\"url\":\"https:\/\/www.reconoce.mx\/\",\"logo\":{\"@type\":\"ImageObject\",\"inLanguage\":\"es\",\"@id\":\"https:\/\/www.reconoce.mx\/#\/schema\/logo\/image\/\",\"url\":\"https:\/\/www.reconoce.mx\/wp-content\/uploads\/2019\/03\/logorcmx-good-1.png\",\"contentUrl\":\"https:\/\/www.reconoce.mx\/wp-content\/uploads\/2019\/03\/logorcmx-good-1.png\",\"width\":280,\"height\":90,\"caption\":\"Reconoce MX\"},\"image\":{\"@id\":\"https:\/\/www.reconoce.mx\/#\/schema\/logo\/image\/\"},\"sameAs\":[\"https:\/\/es-la.facebook.com\/ReconoceMX\/\",\"https:\/\/x.com\/reconocemx\",\"http:\/\/@reconocemx\"]},{\"@type\":\"Person\",\"@id\":\"https:\/\/www.reconoce.mx\/#\/schema\/person\/2117e997d7051dc15d6880eaf9bca0b2\",\"name\":\"Reconoce MX\",\"image\":{\"@type\":\"ImageObject\",\"inLanguage\":\"es\",\"@id\":\"https:\/\/www.reconoce.mx\/#\/schema\/person\/image\/\",\"url\":\"https:\/\/secure.gravatar.com\/avatar\/6c8d4dc7569ca1c90c5fdcc349f839d5ddef6fe1e70b4337ead2ef1a4c43fc3a?s=96&d=identicon&r=g\",\"contentUrl\":\"https:\/\/secure.gravatar.com\/avatar\/6c8d4dc7569ca1c90c5fdcc349f839d5ddef6fe1e70b4337ead2ef1a4c43fc3a?s=96&d=identicon&r=g\",\"caption\":\"Reconoce MX\"},\"description\":\"Reconoce MX es un proyecto de difusi\u00f3n art\u00edstica, cultural y de conciencia social que est\u00e1 enfocado a difundir y fomentar el entretenimiento alternativo de calidad para todo el p\u00fablico que comparta el mismo entusiasmo.\",\"sameAs\":[\"http:\/\/www.reconoce.mx\"],\"url\":\"https:\/\/www.reconoce.mx\/?author=2\"}]}<\/script>\n<!-- \/ Yoast SEO plugin. -->","yoast_head_json":{"title":"#5RolasParaLaSemana del 15 al 19 de mayo &#171; Reconoce MX","robots":{"index":"index","follow":"follow","max-snippet":"max-snippet:-1","max-image-preview":"max-image-preview:large","max-video-preview":"max-video-preview:-1"},"canonical":"https:\/\/www.reconoce.mx\/?p=61150","og_locale":"es_ES","og_type":"article","og_title":"#5RolasParaLaSemana del 15 al 19 de mayo &#171; Reconoce MX","og_description":"Lunes, lunes de las #5RolasParaLaSemana. Ya lo saben, las #5RolasParaLaSemana son este breve y conciso tracklist en el que me permito compartir con ustedes las novedades musicales de la escena nacional que semanalmente se dan a conocer.","og_url":"https:\/\/www.reconoce.mx\/?p=61150","og_site_name":"Reconoce MX","article_publisher":"https:\/\/es-la.facebook.com\/ReconoceMX\/","article_published_time":"2017-05-15T05:02:16+00:00","article_modified_time":"2017-05-23T02:36:55+00:00","og_image":[{"width":590,"height":380,"url":"https:\/\/www.reconoce.mx\/wp-content\/uploads\/2016\/09\/5RolasParaLaSemana-cover.png","type":"image\/png"}],"author":"Reconoce MX","twitter_card":"summary_large_image","twitter_creator":"@reconocemx","twitter_site":"@reconocemx","twitter_misc":{"Escrito por":"Reconoce MX","Tiempo de lectura":"7 minutos"},"schema":{"@context":"https:\/\/schema.org","@graph":[{"@type":"Article","@id":"https:\/\/www.reconoce.mx\/?p=61150#article","isPartOf":{"@id":"https:\/\/www.reconoce.mx\/?p=61150"},"author":{"name":"Reconoce MX","@id":"https:\/\/www.reconoce.mx\/#\/schema\/person\/2117e997d7051dc15d6880eaf9bca0b2"},"headline":"#5RolasParaLaSemana del 15 al 19 de mayo","datePublished":"2017-05-15T05:02:16+00:00","dateModified":"2017-05-23T02:36:55+00:00","mainEntityOfPage":{"@id":"https:\/\/www.reconoce.mx\/?p=61150"},"wordCount":1322,"commentCount":0,"publisher":{"@id":"https:\/\/www.reconoce.mx\/#organization"},"image":{"@id":"https:\/\/www.reconoce.mx\/?p=61150#primaryimage"},"thumbnailUrl":"https:\/\/www.reconoce.mx\/wp-content\/uploads\/2016\/09\/5RolasParaLaSemana-cover.png","articleSection":["#5RolasParaLaSemana","Cultura","M\u00fasica","Principal"],"inLanguage":"es","potentialAction":[{"@type":"CommentAction","name":"Comment","target":["https:\/\/www.reconoce.mx\/?p=61150#respond"]}]},{"@type":"WebPage","@id":"https:\/\/www.reconoce.mx\/?p=61150","url":"https:\/\/www.reconoce.mx\/?p=61150","name":"#5RolasParaLaSemana del 15 al 19 de mayo &#171; Reconoce MX","isPartOf":{"@id":"https:\/\/www.reconoce.mx\/#website"},"primaryImageOfPage":{"@id":"https:\/\/www.reconoce.mx\/?p=61150#primaryimage"},"image":{"@id":"https:\/\/www.reconoce.mx\/?p=61150#primaryimage"},"thumbnailUrl":"https:\/\/www.reconoce.mx\/wp-content\/uploads\/2016\/09\/5RolasParaLaSemana-cover.png","datePublished":"2017-05-15T05:02:16+00:00","dateModified":"2017-05-23T02:36:55+00:00","breadcrumb":{"@id":"https:\/\/www.reconoce.mx\/?p=61150#breadcrumb"},"inLanguage":"es","potentialAction":[{"@type":"ReadAction","target":["https:\/\/www.reconoce.mx\/?p=61150"]}]},{"@type":"ImageObject","inLanguage":"es","@id":"https:\/\/www.reconoce.mx\/?p=61150#primaryimage","url":"https:\/\/www.reconoce.mx\/wp-content\/uploads\/2016\/09\/5RolasParaLaSemana-cover.png","contentUrl":"https:\/\/www.reconoce.mx\/wp-content\/uploads\/2016\/09\/5RolasParaLaSemana-cover.png","width":590,"height":380},{"@type":"BreadcrumbList","@id":"https:\/\/www.reconoce.mx\/?p=61150#breadcrumb","itemListElement":[{"@type":"ListItem","position":1,"name":"Portada","item":"https:\/\/www.reconoce.mx\/"},{"@type":"ListItem","position":2,"name":"#5RolasParaLaSemana del 15 al 19 de mayo"}]},{"@type":"WebSite","@id":"https:\/\/www.reconoce.mx\/#website","url":"https:\/\/www.reconoce.mx\/","name":"Reconoce MX","description":"En Reconoce MX difundimos arte, cultura y conciencia social en M\u00e9xico. Tu ciudad en otra perspectiva.","publisher":{"@id":"https:\/\/www.reconoce.mx\/#organization"},"potentialAction":[{"@type":"SearchAction","target":{"@type":"EntryPoint","urlTemplate":"https:\/\/www.reconoce.mx\/?s={search_term_string}"},"query-input":{"@type":"PropertyValueSpecification","valueRequired":true,"valueName":"search_term_string"}}],"inLanguage":"es"},{"@type":"Organization","@id":"https:\/\/www.reconoce.mx\/#organization","name":"Reconoce MX","url":"https:\/\/www.reconoce.mx\/","logo":{"@type":"ImageObject","inLanguage":"es","@id":"https:\/\/www.reconoce.mx\/#\/schema\/logo\/image\/","url":"https:\/\/www.reconoce.mx\/wp-content\/uploads\/2019\/03\/logorcmx-good-1.png","contentUrl":"https:\/\/www.reconoce.mx\/wp-content\/uploads\/2019\/03\/logorcmx-good-1.png","width":280,"height":90,"caption":"Reconoce MX"},"image":{"@id":"https:\/\/www.reconoce.mx\/#\/schema\/logo\/image\/"},"sameAs":["https:\/\/es-la.facebook.com\/ReconoceMX\/","https:\/\/x.com\/reconocemx","http:\/\/@reconocemx"]},{"@type":"Person","@id":"https:\/\/www.reconoce.mx\/#\/schema\/person\/2117e997d7051dc15d6880eaf9bca0b2","name":"Reconoce MX","image":{"@type":"ImageObject","inLanguage":"es","@id":"https:\/\/www.reconoce.mx\/#\/schema\/person\/image\/","url":"https:\/\/secure.gravatar.com\/avatar\/6c8d4dc7569ca1c90c5fdcc349f839d5ddef6fe1e70b4337ead2ef1a4c43fc3a?s=96&d=identicon&r=g","contentUrl":"https:\/\/secure.gravatar.com\/avatar\/6c8d4dc7569ca1c90c5fdcc349f839d5ddef6fe1e70b4337ead2ef1a4c43fc3a?s=96&d=identicon&r=g","caption":"Reconoce MX"},"description":"Reconoce MX es un proyecto de difusi\u00f3n art\u00edstica, cultural y de conciencia social que est\u00e1 enfocado a difundir y fomentar el entretenimiento alternativo de calidad para todo el p\u00fablico que comparta el mismo entusiasmo.","sameAs":["http:\/\/www.reconoce.mx"],"url":"https:\/\/www.reconoce.mx\/?author=2"}]}},"_links":{"self":[{"href":"https:\/\/www.reconoce.mx\/index.php?rest_route=\/wp\/v2\/posts\/61150","targetHints":{"allow":["GET"]}}],"collection":[{"href":"https:\/\/www.reconoce.mx\/index.php?rest_route=\/wp\/v2\/posts"}],"about":[{"href":"https:\/\/www.reconoce.mx\/index.php?rest_route=\/wp\/v2\/types\/post"}],"author":[{"embeddable":true,"href":"https:\/\/www.reconoce.mx\/index.php?rest_route=\/wp\/v2\/users\/2"}],"replies":[{"embeddable":true,"href":"https:\/\/www.reconoce.mx\/index.php?rest_route=%2Fwp%2Fv2%2Fcomments&post=61150"}],"version-history":[{"count":5,"href":"https:\/\/www.reconoce.mx\/index.php?rest_route=\/wp\/v2\/posts\/61150\/revisions"}],"predecessor-version":[{"id":61388,"href":"https:\/\/www.reconoce.mx\/index.php?rest_route=\/wp\/v2\/posts\/61150\/revisions\/61388"}],"wp:featuredmedia":[{"embeddable":true,"href":"https:\/\/www.reconoce.mx\/index.php?rest_route=\/wp\/v2\/media\/52739"}],"wp:attachment":[{"href":"https:\/\/www.reconoce.mx\/index.php?rest_route=%2Fwp%2Fv2%2Fmedia&parent=61150"}],"wp:term":[{"taxonomy":"category","embeddable":true,"href":"https:\/\/www.reconoce.mx\/index.php?rest_route=%2Fwp%2Fv2%2Fcategories&post=61150"},{"taxonomy":"post_tag","embeddable":true,"href":"https:\/\/www.reconoce.mx\/index.php?rest_route=%2Fwp%2Fv2%2Ftags&post=61150"}],"curies":[{"name":"wp","href":"https:\/\/api.w.org\/{rel}","templated":true}]}}