{"id":61161,"date":"2017-05-15T00:05:38","date_gmt":"2017-05-15T05:05:38","guid":{"rendered":"http:\/\/www.reconoce.mx\/?p=61161"},"modified":"2017-08-13T22:47:19","modified_gmt":"2017-08-14T03:47:19","slug":"circuitoindio-arde-thermo-en-el-foro-indie-rocks","status":"publish","type":"post","link":"https:\/\/www.reconoce.mx\/?p=61161","title":{"rendered":"#CircuitoIndio: Arde Thermo en el Foro Indie Rocks!"},"content":{"rendered":"<p><strong>Texto por <a href=\"https:\/\/twitter.com\/Sandy__Pandy\" target=\"_blank\" rel=\"noopener noreferrer\">Sandra Orozco<\/a><\/strong>.<br \/>\n<strong>Fotos <\/strong><strong>por <a href=\"https:\/\/twitter.com\/AgroZsUno\" target=\"_blank\" rel=\"noopener noreferrer\">Jes\u00fas Ortega<\/a><\/strong>.<\/p>\n<p>El pasado jueves 11 de mayo arranc\u00f3 la primera edici\u00f3n del <strong>Circuito Indio por Vive Latino<\/strong>, y a pesar de que la lluvia fue testigo de tan importante evento dentro de la escena rock de nuestro pa\u00eds, esto no fue impedimento para que un gran n\u00famero de personas se diera cita en el <strong>Foro Indie Rocks!<\/strong> de la colonia Roma.<\/p>\n<p><a href=\"http:\/\/www.reconoce.mx\/wp-content\/uploads\/2017\/05\/inuay-1.png\"><img loading=\"lazy\" decoding=\"async\" class=\"aligncenter size-full wp-image-61163\" src=\"http:\/\/www.reconoce.mx\/wp-content\/uploads\/2017\/05\/inuay-1.png\" alt=\"\" width=\"590\" height=\"380\" srcset=\"https:\/\/www.reconoce.mx\/wp-content\/uploads\/2017\/05\/inuay-1.png 590w, https:\/\/www.reconoce.mx\/wp-content\/uploads\/2017\/05\/inuay-1-300x193.png 300w, https:\/\/www.reconoce.mx\/wp-content\/uploads\/2017\/05\/inuay-1-150x97.png 150w\" sizes=\"auto, (max-width: 590px) 100vw, 590px\" \/><\/a><\/p>\n<p><em><strong>&gt;&gt;<a href=\"https:\/\/www.flickr.com\/photos\/reconocemx\/albums\/72157681953926820\" target=\"_blank\" rel=\"noopener noreferrer\">Disfruta nuestra galer\u00eda completa de Inuay en Circuito Indio<\/a>&lt;&lt;<\/strong><\/em><\/p>\n<p>Los encargados de abrir el escenario de dicho foro fueron los chicos de <strong>Inuay<\/strong>, originarios de Zacatecas, quienes desde que hicieron sonar sus primeros acordes nos volvieron part\u00edcipes de su en\u00e9rgico rock y nos contagiaron con su entusiasmo. La noche avanzaba y la presentaci\u00f3n de <strong>Inuay<\/strong> lleg\u00f3 a su fin, no sin antes agradecer a los asistentes y organizadores por haber hecho posible el show.<\/p>\n<p>Despu\u00e9s de una breve pausa en el escenario, mas no en el \u00e1nimo de la gente, por fin lleg\u00f3 el turno los grandes estelares de la noche: <strong>Thermo<\/strong>.<\/p>\n<p><a href=\"http:\/\/www.reconoce.mx\/wp-content\/uploads\/2017\/05\/thermo-3.png\"><img loading=\"lazy\" decoding=\"async\" class=\"aligncenter size-full wp-image-61166\" src=\"http:\/\/www.reconoce.mx\/wp-content\/uploads\/2017\/05\/thermo-3.png\" alt=\"\" width=\"590\" height=\"380\" srcset=\"https:\/\/www.reconoce.mx\/wp-content\/uploads\/2017\/05\/thermo-3.png 590w, https:\/\/www.reconoce.mx\/wp-content\/uploads\/2017\/05\/thermo-3-300x193.png 300w, https:\/\/www.reconoce.mx\/wp-content\/uploads\/2017\/05\/thermo-3-150x97.png 150w\" sizes=\"auto, (max-width: 590px) 100vw, 590px\" \/><\/a><\/p>\n<p><em><strong>&gt;&gt;<a href=\"https:\/\/www.flickr.com\/photos\/reconocemx\/albums\/72157681953926820\" target=\"_blank\" rel=\"noopener noreferrer\">Disfruta nuestra galer\u00eda completa de Inuay en Circuito Indio<\/a>&lt;&lt;<\/strong><\/em><\/p>\n<p>La banda apareci\u00f3 en el escenario, y en medio de gritos y el furor de su p\u00fablico, nos dieron la bienvenida y nos anunciaron que tocar\u00edan en su totalidad, y en orden, su primer disco \u00abArde en m\u00ed\u00bb. Lo har\u00edan adem\u00e1s lo m\u00e1s fielmente posible a como suenan las canciones en el disco, raz\u00f3n por la que Jos\u00e9 Meyer no los acompa\u00f1ar\u00eda durante su presentaci\u00f3n.<\/p>\n<p>Dicho eso, el sonido de cada uno de los instrumentos comenz\u00f3 a llenar el recinto y de inmediato fuimos transportados a un ya lejano 2004. Las canciones aparec\u00edan una tras otra, siempre acompa\u00f1adas de an\u00e9cdotas acerca de su creaci\u00f3n; la conexi\u00f3n entre <strong>Thermo<\/strong> y el p\u00fablico se manten\u00eda. Al sonar \u00ab\u00bfD\u00f3nde est\u00e1s?\u00bb y \u00abVanessa\u00bb el \u00e1nimo y energ\u00eda de la gente ya era desbordante. Lleg\u00f3 el momento de \u00abCenizas\u00bb y con ella la aparici\u00f3n del invitado de la noche: <strong>Cheke Mondrag\u00f3n<\/strong>, vocalista de <strong>Sad Saturno<\/strong>, quien con sus ya caracter\u00edsticos gritos \u2013 como \u00e9l mismo nombra a su forma de cantar \u2013 acompa\u00f1\u00f3 a la banda durante la canci\u00f3n.<\/p>\n<p><a href=\"http:\/\/www.reconoce.mx\/wp-content\/uploads\/2017\/05\/thermo-2.png\"><img loading=\"lazy\" decoding=\"async\" class=\"aligncenter size-full wp-image-61165\" src=\"http:\/\/www.reconoce.mx\/wp-content\/uploads\/2017\/05\/thermo-2.png\" alt=\"\" width=\"590\" height=\"380\" srcset=\"https:\/\/www.reconoce.mx\/wp-content\/uploads\/2017\/05\/thermo-2.png 590w, https:\/\/www.reconoce.mx\/wp-content\/uploads\/2017\/05\/thermo-2-300x193.png 300w, https:\/\/www.reconoce.mx\/wp-content\/uploads\/2017\/05\/thermo-2-150x97.png 150w\" sizes=\"auto, (max-width: 590px) 100vw, 590px\" \/><\/a><\/p>\n<p><em><strong>&gt;&gt;<a href=\"https:\/\/www.flickr.com\/photos\/reconocemx\/albums\/72157681953926820\" target=\"_blank\" rel=\"noopener noreferrer\">Disfruta nuestra galer\u00eda completa de Inuay en Circuito Indio<\/a>&lt;&lt;<\/strong><\/em><\/p>\n<p>El momento nost\u00e1lgico lleg\u00f3 cuando Roy Ca\u00f1edo se acerc\u00f3 al p\u00fablico y juntos cantaron \u00abAzul\u00bb. Poco a poco la presentaci\u00f3n llegaba a su fin, o al menos eso parec\u00eda, pero <strong>Thermo<\/strong> estaba dispuesto a hacer de la noche una cita inolvidable. Las luces y el sonido al interior del <strong>Foro Indie Rocks!<\/strong> se apagaron, no as\u00ed las luces y el ambiente en el exterior, donde acompa\u00f1ados de una guitarra, Iv\u00e1n P\u00e9rez y Roy Ca\u00f1edo nos regalaron algunas canciones m\u00e1s.<\/p>\n<p>Ese ac\u00fastico improvisado y una peque\u00f1a convivencia entre los m\u00fasicos presentes y sus fans marc\u00f3 el fin de lo que fue una velada \u00edntima y muy especial.<\/p>\n<p><a href=\"http:\/\/www.reconoce.mx\/wp-content\/uploads\/2017\/05\/thermo-4.png\"><img loading=\"lazy\" decoding=\"async\" class=\"aligncenter size-full wp-image-61167\" src=\"http:\/\/www.reconoce.mx\/wp-content\/uploads\/2017\/05\/thermo-4.png\" alt=\"\" width=\"590\" height=\"380\" srcset=\"https:\/\/www.reconoce.mx\/wp-content\/uploads\/2017\/05\/thermo-4.png 590w, https:\/\/www.reconoce.mx\/wp-content\/uploads\/2017\/05\/thermo-4-300x193.png 300w, https:\/\/www.reconoce.mx\/wp-content\/uploads\/2017\/05\/thermo-4-150x97.png 150w\" sizes=\"auto, (max-width: 590px) 100vw, 590px\" \/><\/a><\/p>\n<p><em><strong>&gt;&gt;<a href=\"https:\/\/www.flickr.com\/photos\/reconocemx\/albums\/72157681953926820\" target=\"_blank\" rel=\"noopener noreferrer\">Disfruta nuestra galer\u00eda completa de Inuay en Circuito Indio<\/a>&lt;&lt;<\/strong><\/em><\/p>\n<p>El <strong><a href=\"https:\/\/twitter.com\/search?q=%23CircuitoIndio&amp;src=tyah\" target=\"_blank\" rel=\"noopener noreferrer\">#CircuitoIndio<\/a> por Vive Latino<\/strong> contin\u00faa en el <strong>Foro Indie Rocks!<\/strong> todos los fines de semana hasta el s\u00e1bado 1 de julio. Para conocer la certelera completa, foros al interior de la rep\u00fablica y actividades tales como <em>meet&amp;greet\u2019s<\/em>, s\u00edguele el pulso al\u00a0<strong><a href=\"https:\/\/twitter.com\/search?q=%23CircuitoIndio&amp;src=tyah\" target=\"_blank\" rel=\"noopener noreferrer\">#CircuitoIndio<\/a> <\/strong> v\u00eda <a href=\"https:\/\/www.facebook.com\/CircuitoIndioMX\/\" target=\"_blank\" rel=\"noopener noreferrer\">Facebook<\/a> y <a href=\"https:\/\/twitter.com\/CircuitoIndioMX\/\" target=\"_blank\" rel=\"noopener noreferrer\">Twitter<\/a>, y descarga tambi\u00e9n la <a href=\"https:\/\/circuitoindio.com\/#app\" target=\"_blank\" rel=\"noopener noreferrer\">App Oficial<\/a>.<\/p>\n<p>&nbsp;<\/p>\n<p>&nbsp;<\/p>\n","protected":false},"excerpt":{"rendered":"<p>El pasado jueves 11 de mayo arranc\u00f3 la primera edici\u00f3n del Circuito Indio por Vive Latino, y a pesar de que la lluvia fue testigo de tan importante evento dentro de la escena rock de nuestro pa\u00eds, esto no fue impedimento para que un gran n\u00famero de personas se diera cita en el Foro Indie Rocks! de la colonia Roma.<\/p>\n","protected":false},"author":2,"featured_media":61164,"comment_status":"open","ping_status":"open","sticky":false,"template":"","format":"standard","meta":{"footnotes":""},"categories":[1,18,17],"tags":[],"class_list":["post-61161","post","type-post","status-publish","format-standard","has-post-thumbnail","hentry","category-cultura","category-musica","category-principal"],"yoast_head":"<!-- This site is optimized with the Yoast SEO plugin v24.7 - https:\/\/yoast.com\/wordpress\/plugins\/seo\/ -->\n<title>#CircuitoIndio: Arde Thermo en el Foro Indie Rocks! &#171; Reconoce MX<\/title>\n<meta name=\"robots\" content=\"index, follow, max-snippet:-1, max-image-preview:large, max-video-preview:-1\" \/>\n<link rel=\"canonical\" href=\"https:\/\/www.reconoce.mx\/?p=61161\" \/>\n<meta property=\"og:locale\" content=\"es_ES\" \/>\n<meta property=\"og:type\" content=\"article\" \/>\n<meta property=\"og:title\" content=\"#CircuitoIndio: Arde Thermo en el Foro Indie Rocks! &#171; Reconoce MX\" \/>\n<meta property=\"og:description\" content=\"El pasado jueves 11 de mayo arranc\u00f3 la primera edici\u00f3n del Circuito Indio por Vive Latino, y a pesar de que la lluvia fue testigo de tan importante evento dentro de la escena rock de nuestro pa\u00eds, esto no fue impedimento para que un gran n\u00famero de personas se diera cita en el Foro Indie Rocks! de la colonia Roma.\" \/>\n<meta property=\"og:url\" content=\"https:\/\/www.reconoce.mx\/?p=61161\" \/>\n<meta property=\"og:site_name\" content=\"Reconoce MX\" \/>\n<meta property=\"article:publisher\" content=\"https:\/\/es-la.facebook.com\/ReconoceMX\/\" \/>\n<meta property=\"article:published_time\" content=\"2017-05-15T05:05:38+00:00\" \/>\n<meta property=\"article:modified_time\" content=\"2017-08-14T03:47:19+00:00\" \/>\n<meta property=\"og:image\" content=\"https:\/\/www.reconoce.mx\/wp-content\/uploads\/2017\/05\/thermo-1.png\" \/>\n\t<meta property=\"og:image:width\" content=\"590\" \/>\n\t<meta property=\"og:image:height\" content=\"380\" \/>\n\t<meta property=\"og:image:type\" content=\"image\/png\" \/>\n<meta name=\"author\" content=\"Reconoce MX\" \/>\n<meta name=\"twitter:card\" content=\"summary_large_image\" \/>\n<meta name=\"twitter:creator\" content=\"@reconocemx\" \/>\n<meta name=\"twitter:site\" content=\"@reconocemx\" \/>\n<meta name=\"twitter:label1\" content=\"Escrito por\" \/>\n\t<meta name=\"twitter:data1\" content=\"Reconoce MX\" \/>\n\t<meta name=\"twitter:label2\" content=\"Tiempo de lectura\" \/>\n\t<meta name=\"twitter:data2\" content=\"3 minutos\" \/>\n<script type=\"application\/ld+json\" class=\"yoast-schema-graph\">{\"@context\":\"https:\/\/schema.org\",\"@graph\":[{\"@type\":\"Article\",\"@id\":\"https:\/\/www.reconoce.mx\/?p=61161#article\",\"isPartOf\":{\"@id\":\"https:\/\/www.reconoce.mx\/?p=61161\"},\"author\":{\"name\":\"Reconoce MX\",\"@id\":\"https:\/\/www.reconoce.mx\/#\/schema\/person\/2117e997d7051dc15d6880eaf9bca0b2\"},\"headline\":\"#CircuitoIndio: Arde Thermo en el Foro Indie Rocks!\",\"datePublished\":\"2017-05-15T05:05:38+00:00\",\"dateModified\":\"2017-08-14T03:47:19+00:00\",\"mainEntityOfPage\":{\"@id\":\"https:\/\/www.reconoce.mx\/?p=61161\"},\"wordCount\":608,\"commentCount\":0,\"publisher\":{\"@id\":\"https:\/\/www.reconoce.mx\/#organization\"},\"image\":{\"@id\":\"https:\/\/www.reconoce.mx\/?p=61161#primaryimage\"},\"thumbnailUrl\":\"https:\/\/www.reconoce.mx\/wp-content\/uploads\/2017\/05\/thermo-1.png\",\"articleSection\":[\"Cultura\",\"M\u00fasica\",\"Principal\"],\"inLanguage\":\"es\",\"potentialAction\":[{\"@type\":\"CommentAction\",\"name\":\"Comment\",\"target\":[\"https:\/\/www.reconoce.mx\/?p=61161#respond\"]}]},{\"@type\":\"WebPage\",\"@id\":\"https:\/\/www.reconoce.mx\/?p=61161\",\"url\":\"https:\/\/www.reconoce.mx\/?p=61161\",\"name\":\"#CircuitoIndio: Arde Thermo en el Foro Indie Rocks! &#171; Reconoce MX\",\"isPartOf\":{\"@id\":\"https:\/\/www.reconoce.mx\/#website\"},\"primaryImageOfPage\":{\"@id\":\"https:\/\/www.reconoce.mx\/?p=61161#primaryimage\"},\"image\":{\"@id\":\"https:\/\/www.reconoce.mx\/?p=61161#primaryimage\"},\"thumbnailUrl\":\"https:\/\/www.reconoce.mx\/wp-content\/uploads\/2017\/05\/thermo-1.png\",\"datePublished\":\"2017-05-15T05:05:38+00:00\",\"dateModified\":\"2017-08-14T03:47:19+00:00\",\"breadcrumb\":{\"@id\":\"https:\/\/www.reconoce.mx\/?p=61161#breadcrumb\"},\"inLanguage\":\"es\",\"potentialAction\":[{\"@type\":\"ReadAction\",\"target\":[\"https:\/\/www.reconoce.mx\/?p=61161\"]}]},{\"@type\":\"ImageObject\",\"inLanguage\":\"es\",\"@id\":\"https:\/\/www.reconoce.mx\/?p=61161#primaryimage\",\"url\":\"https:\/\/www.reconoce.mx\/wp-content\/uploads\/2017\/05\/thermo-1.png\",\"contentUrl\":\"https:\/\/www.reconoce.mx\/wp-content\/uploads\/2017\/05\/thermo-1.png\",\"width\":590,\"height\":380},{\"@type\":\"BreadcrumbList\",\"@id\":\"https:\/\/www.reconoce.mx\/?p=61161#breadcrumb\",\"itemListElement\":[{\"@type\":\"ListItem\",\"position\":1,\"name\":\"Portada\",\"item\":\"https:\/\/www.reconoce.mx\/\"},{\"@type\":\"ListItem\",\"position\":2,\"name\":\"#CircuitoIndio: Arde Thermo en el Foro Indie Rocks!\"}]},{\"@type\":\"WebSite\",\"@id\":\"https:\/\/www.reconoce.mx\/#website\",\"url\":\"https:\/\/www.reconoce.mx\/\",\"name\":\"Reconoce MX\",\"description\":\"En Reconoce MX difundimos arte, cultura y conciencia social en M\u00e9xico. Tu ciudad en otra perspectiva.\",\"publisher\":{\"@id\":\"https:\/\/www.reconoce.mx\/#organization\"},\"potentialAction\":[{\"@type\":\"SearchAction\",\"target\":{\"@type\":\"EntryPoint\",\"urlTemplate\":\"https:\/\/www.reconoce.mx\/?s={search_term_string}\"},\"query-input\":{\"@type\":\"PropertyValueSpecification\",\"valueRequired\":true,\"valueName\":\"search_term_string\"}}],\"inLanguage\":\"es\"},{\"@type\":\"Organization\",\"@id\":\"https:\/\/www.reconoce.mx\/#organization\",\"name\":\"Reconoce MX\",\"url\":\"https:\/\/www.reconoce.mx\/\",\"logo\":{\"@type\":\"ImageObject\",\"inLanguage\":\"es\",\"@id\":\"https:\/\/www.reconoce.mx\/#\/schema\/logo\/image\/\",\"url\":\"https:\/\/www.reconoce.mx\/wp-content\/uploads\/2019\/03\/logorcmx-good-1.png\",\"contentUrl\":\"https:\/\/www.reconoce.mx\/wp-content\/uploads\/2019\/03\/logorcmx-good-1.png\",\"width\":280,\"height\":90,\"caption\":\"Reconoce MX\"},\"image\":{\"@id\":\"https:\/\/www.reconoce.mx\/#\/schema\/logo\/image\/\"},\"sameAs\":[\"https:\/\/es-la.facebook.com\/ReconoceMX\/\",\"https:\/\/x.com\/reconocemx\",\"http:\/\/@reconocemx\"]},{\"@type\":\"Person\",\"@id\":\"https:\/\/www.reconoce.mx\/#\/schema\/person\/2117e997d7051dc15d6880eaf9bca0b2\",\"name\":\"Reconoce MX\",\"image\":{\"@type\":\"ImageObject\",\"inLanguage\":\"es\",\"@id\":\"https:\/\/www.reconoce.mx\/#\/schema\/person\/image\/\",\"url\":\"https:\/\/secure.gravatar.com\/avatar\/6c8d4dc7569ca1c90c5fdcc349f839d5ddef6fe1e70b4337ead2ef1a4c43fc3a?s=96&d=identicon&r=g\",\"contentUrl\":\"https:\/\/secure.gravatar.com\/avatar\/6c8d4dc7569ca1c90c5fdcc349f839d5ddef6fe1e70b4337ead2ef1a4c43fc3a?s=96&d=identicon&r=g\",\"caption\":\"Reconoce MX\"},\"description\":\"Reconoce MX es un proyecto de difusi\u00f3n art\u00edstica, cultural y de conciencia social que est\u00e1 enfocado a difundir y fomentar el entretenimiento alternativo de calidad para todo el p\u00fablico que comparta el mismo entusiasmo.\",\"sameAs\":[\"http:\/\/www.reconoce.mx\"],\"url\":\"https:\/\/www.reconoce.mx\/?author=2\"}]}<\/script>\n<!-- \/ Yoast SEO plugin. -->","yoast_head_json":{"title":"#CircuitoIndio: Arde Thermo en el Foro Indie Rocks! &#171; Reconoce MX","robots":{"index":"index","follow":"follow","max-snippet":"max-snippet:-1","max-image-preview":"max-image-preview:large","max-video-preview":"max-video-preview:-1"},"canonical":"https:\/\/www.reconoce.mx\/?p=61161","og_locale":"es_ES","og_type":"article","og_title":"#CircuitoIndio: Arde Thermo en el Foro Indie Rocks! &#171; Reconoce MX","og_description":"El pasado jueves 11 de mayo arranc\u00f3 la primera edici\u00f3n del Circuito Indio por Vive Latino, y a pesar de que la lluvia fue testigo de tan importante evento dentro de la escena rock de nuestro pa\u00eds, esto no fue impedimento para que un gran n\u00famero de personas se diera cita en el Foro Indie Rocks! de la colonia Roma.","og_url":"https:\/\/www.reconoce.mx\/?p=61161","og_site_name":"Reconoce MX","article_publisher":"https:\/\/es-la.facebook.com\/ReconoceMX\/","article_published_time":"2017-05-15T05:05:38+00:00","article_modified_time":"2017-08-14T03:47:19+00:00","og_image":[{"width":590,"height":380,"url":"https:\/\/www.reconoce.mx\/wp-content\/uploads\/2017\/05\/thermo-1.png","type":"image\/png"}],"author":"Reconoce MX","twitter_card":"summary_large_image","twitter_creator":"@reconocemx","twitter_site":"@reconocemx","twitter_misc":{"Escrito por":"Reconoce MX","Tiempo de lectura":"3 minutos"},"schema":{"@context":"https:\/\/schema.org","@graph":[{"@type":"Article","@id":"https:\/\/www.reconoce.mx\/?p=61161#article","isPartOf":{"@id":"https:\/\/www.reconoce.mx\/?p=61161"},"author":{"name":"Reconoce MX","@id":"https:\/\/www.reconoce.mx\/#\/schema\/person\/2117e997d7051dc15d6880eaf9bca0b2"},"headline":"#CircuitoIndio: Arde Thermo en el Foro Indie Rocks!","datePublished":"2017-05-15T05:05:38+00:00","dateModified":"2017-08-14T03:47:19+00:00","mainEntityOfPage":{"@id":"https:\/\/www.reconoce.mx\/?p=61161"},"wordCount":608,"commentCount":0,"publisher":{"@id":"https:\/\/www.reconoce.mx\/#organization"},"image":{"@id":"https:\/\/www.reconoce.mx\/?p=61161#primaryimage"},"thumbnailUrl":"https:\/\/www.reconoce.mx\/wp-content\/uploads\/2017\/05\/thermo-1.png","articleSection":["Cultura","M\u00fasica","Principal"],"inLanguage":"es","potentialAction":[{"@type":"CommentAction","name":"Comment","target":["https:\/\/www.reconoce.mx\/?p=61161#respond"]}]},{"@type":"WebPage","@id":"https:\/\/www.reconoce.mx\/?p=61161","url":"https:\/\/www.reconoce.mx\/?p=61161","name":"#CircuitoIndio: Arde Thermo en el Foro Indie Rocks! &#171; Reconoce MX","isPartOf":{"@id":"https:\/\/www.reconoce.mx\/#website"},"primaryImageOfPage":{"@id":"https:\/\/www.reconoce.mx\/?p=61161#primaryimage"},"image":{"@id":"https:\/\/www.reconoce.mx\/?p=61161#primaryimage"},"thumbnailUrl":"https:\/\/www.reconoce.mx\/wp-content\/uploads\/2017\/05\/thermo-1.png","datePublished":"2017-05-15T05:05:38+00:00","dateModified":"2017-08-14T03:47:19+00:00","breadcrumb":{"@id":"https:\/\/www.reconoce.mx\/?p=61161#breadcrumb"},"inLanguage":"es","potentialAction":[{"@type":"ReadAction","target":["https:\/\/www.reconoce.mx\/?p=61161"]}]},{"@type":"ImageObject","inLanguage":"es","@id":"https:\/\/www.reconoce.mx\/?p=61161#primaryimage","url":"https:\/\/www.reconoce.mx\/wp-content\/uploads\/2017\/05\/thermo-1.png","contentUrl":"https:\/\/www.reconoce.mx\/wp-content\/uploads\/2017\/05\/thermo-1.png","width":590,"height":380},{"@type":"BreadcrumbList","@id":"https:\/\/www.reconoce.mx\/?p=61161#breadcrumb","itemListElement":[{"@type":"ListItem","position":1,"name":"Portada","item":"https:\/\/www.reconoce.mx\/"},{"@type":"ListItem","position":2,"name":"#CircuitoIndio: Arde Thermo en el Foro Indie Rocks!"}]},{"@type":"WebSite","@id":"https:\/\/www.reconoce.mx\/#website","url":"https:\/\/www.reconoce.mx\/","name":"Reconoce MX","description":"En Reconoce MX difundimos arte, cultura y conciencia social en M\u00e9xico. Tu ciudad en otra perspectiva.","publisher":{"@id":"https:\/\/www.reconoce.mx\/#organization"},"potentialAction":[{"@type":"SearchAction","target":{"@type":"EntryPoint","urlTemplate":"https:\/\/www.reconoce.mx\/?s={search_term_string}"},"query-input":{"@type":"PropertyValueSpecification","valueRequired":true,"valueName":"search_term_string"}}],"inLanguage":"es"},{"@type":"Organization","@id":"https:\/\/www.reconoce.mx\/#organization","name":"Reconoce MX","url":"https:\/\/www.reconoce.mx\/","logo":{"@type":"ImageObject","inLanguage":"es","@id":"https:\/\/www.reconoce.mx\/#\/schema\/logo\/image\/","url":"https:\/\/www.reconoce.mx\/wp-content\/uploads\/2019\/03\/logorcmx-good-1.png","contentUrl":"https:\/\/www.reconoce.mx\/wp-content\/uploads\/2019\/03\/logorcmx-good-1.png","width":280,"height":90,"caption":"Reconoce MX"},"image":{"@id":"https:\/\/www.reconoce.mx\/#\/schema\/logo\/image\/"},"sameAs":["https:\/\/es-la.facebook.com\/ReconoceMX\/","https:\/\/x.com\/reconocemx","http:\/\/@reconocemx"]},{"@type":"Person","@id":"https:\/\/www.reconoce.mx\/#\/schema\/person\/2117e997d7051dc15d6880eaf9bca0b2","name":"Reconoce MX","image":{"@type":"ImageObject","inLanguage":"es","@id":"https:\/\/www.reconoce.mx\/#\/schema\/person\/image\/","url":"https:\/\/secure.gravatar.com\/avatar\/6c8d4dc7569ca1c90c5fdcc349f839d5ddef6fe1e70b4337ead2ef1a4c43fc3a?s=96&d=identicon&r=g","contentUrl":"https:\/\/secure.gravatar.com\/avatar\/6c8d4dc7569ca1c90c5fdcc349f839d5ddef6fe1e70b4337ead2ef1a4c43fc3a?s=96&d=identicon&r=g","caption":"Reconoce MX"},"description":"Reconoce MX es un proyecto de difusi\u00f3n art\u00edstica, cultural y de conciencia social que est\u00e1 enfocado a difundir y fomentar el entretenimiento alternativo de calidad para todo el p\u00fablico que comparta el mismo entusiasmo.","sameAs":["http:\/\/www.reconoce.mx"],"url":"https:\/\/www.reconoce.mx\/?author=2"}]}},"_links":{"self":[{"href":"https:\/\/www.reconoce.mx\/index.php?rest_route=\/wp\/v2\/posts\/61161","targetHints":{"allow":["GET"]}}],"collection":[{"href":"https:\/\/www.reconoce.mx\/index.php?rest_route=\/wp\/v2\/posts"}],"about":[{"href":"https:\/\/www.reconoce.mx\/index.php?rest_route=\/wp\/v2\/types\/post"}],"author":[{"embeddable":true,"href":"https:\/\/www.reconoce.mx\/index.php?rest_route=\/wp\/v2\/users\/2"}],"replies":[{"embeddable":true,"href":"https:\/\/www.reconoce.mx\/index.php?rest_route=%2Fwp%2Fv2%2Fcomments&post=61161"}],"version-history":[{"count":7,"href":"https:\/\/www.reconoce.mx\/index.php?rest_route=\/wp\/v2\/posts\/61161\/revisions"}],"predecessor-version":[{"id":64383,"href":"https:\/\/www.reconoce.mx\/index.php?rest_route=\/wp\/v2\/posts\/61161\/revisions\/64383"}],"wp:featuredmedia":[{"embeddable":true,"href":"https:\/\/www.reconoce.mx\/index.php?rest_route=\/wp\/v2\/media\/61164"}],"wp:attachment":[{"href":"https:\/\/www.reconoce.mx\/index.php?rest_route=%2Fwp%2Fv2%2Fmedia&parent=61161"}],"wp:term":[{"taxonomy":"category","embeddable":true,"href":"https:\/\/www.reconoce.mx\/index.php?rest_route=%2Fwp%2Fv2%2Fcategories&post=61161"},{"taxonomy":"post_tag","embeddable":true,"href":"https:\/\/www.reconoce.mx\/index.php?rest_route=%2Fwp%2Fv2%2Ftags&post=61161"}],"curies":[{"name":"wp","href":"https:\/\/api.w.org\/{rel}","templated":true}]}}