{"id":61186,"date":"2017-05-16T00:09:35","date_gmt":"2017-05-16T05:09:35","guid":{"rendered":"http:\/\/www.reconoce.mx\/?p=61186"},"modified":"2017-08-13T22:48:14","modified_gmt":"2017-08-14T03:48:14","slug":"circuitoindio-costera-y-salvador-y-el-unicornio-cierran-primer-fin-de-semana","status":"publish","type":"post","link":"https:\/\/www.reconoce.mx\/?p=61186","title":{"rendered":"#CircuitoIndio: Costera y Salvador y el Unicornio cierran primer fin de semana"},"content":{"rendered":"<p><strong>Texto por <a href=\"https:\/\/twitter.com\/HEELCass\" target=\"_blank\" rel=\"noopener noreferrer\">Cassiel Miranda L\u00f3pez<\/a><\/strong>.<strong><br \/>\nFotos por <a href=\"https:\/\/twitter.com\/heelraff\" target=\"_blank\" rel=\"noopener noreferrer\">Rafael P\u00e9rez Aldana<\/a><\/strong>.<\/p>\n<p>\u00abUna noche especial\u00bb, as\u00ed fue como lo describi\u00f3 Salvador de <strong>Salvador y el Unicornio<\/strong>, la noche del s\u00e1bado en el <strong>Foro Indie Rocks!<\/strong> de la Ciudad de M\u00e9xico. Un muy buen ambiente se vivi\u00f3 en el recinto localizado en la colonia Roma Norte, desde antes que abrieran las puertas.<\/p>\n<p><a href=\"http:\/\/www.reconoce.mx\/wp-content\/uploads\/2017\/05\/salvador-y-el-unicornio-1.png\"><img loading=\"lazy\" decoding=\"async\" class=\"aligncenter size-full wp-image-61192\" src=\"http:\/\/www.reconoce.mx\/wp-content\/uploads\/2017\/05\/salvador-y-el-unicornio-1.png\" alt=\"\" width=\"590\" height=\"380\" srcset=\"https:\/\/www.reconoce.mx\/wp-content\/uploads\/2017\/05\/salvador-y-el-unicornio-1.png 590w, https:\/\/www.reconoce.mx\/wp-content\/uploads\/2017\/05\/salvador-y-el-unicornio-1-300x193.png 300w, https:\/\/www.reconoce.mx\/wp-content\/uploads\/2017\/05\/salvador-y-el-unicornio-1-150x97.png 150w\" sizes=\"auto, (max-width: 590px) 100vw, 590px\" \/><\/a><\/p>\n<p><em><strong>&gt;&gt;<a href=\"https:\/\/www.flickr.com\/photos\/reconocemx\/sets\/72157681675608961\" target=\"_blank\" rel=\"noopener noreferrer\">Disfruta nuestra galer\u00eda de Salvador y El Unicornio en Circuito Indio<\/a>&lt;&lt;<\/strong><\/em><\/p>\n<p>El concierto lo abri\u00f3 <strong>Salvador y el Unicornio<\/strong> tocando s\u00f3lo en el escenario, pero para gran sorpresa de los fans, tuvo varios invitados que volvieron la noche especial: su amigo Felipe \u00abPipe\u00bb Ceballos fue el primero en compartir el escenario con Salvador, quien tambi\u00e9n festej\u00f3 su cumplea\u00f1os el pasado s\u00e1bado. \u00abPipe\u00bb se encarg\u00f3 de tocar los bongos, el bajo y la bater\u00eda. Tambi\u00e9n invit\u00f3 al escenario a <strong>Andr\u00e9s S\u00e1nchez<\/strong>, acompa\u00f1\u00e1ndolos con el bajo; y a Dami\u00e1n, quien toc\u00f3 la guitarra.<\/p>\n<p>El cuarteto toc\u00f3 unas 7 canciones, entre las cuales destacaron los singles \u00abCarolina\u00bb, la favorita del p\u00fablico \u00abAgua de Coco\u00bb, y \u00abCaminando\u00bb su canci\u00f3n m\u00e1s reciente publicada el d\u00eda 12 de mayo de este mismo a\u00f1o y con la cual cerr\u00f3 su participaci\u00f3n el d\u00eda de ayer.<\/p>\n<p><a href=\"http:\/\/www.reconoce.mx\/wp-content\/uploads\/2017\/05\/costera-3.png\"><img loading=\"lazy\" decoding=\"async\" class=\"aligncenter size-full wp-image-61190\" src=\"http:\/\/www.reconoce.mx\/wp-content\/uploads\/2017\/05\/costera-3.png\" alt=\"\" width=\"590\" height=\"380\" srcset=\"https:\/\/www.reconoce.mx\/wp-content\/uploads\/2017\/05\/costera-3.png 590w, https:\/\/www.reconoce.mx\/wp-content\/uploads\/2017\/05\/costera-3-300x193.png 300w, https:\/\/www.reconoce.mx\/wp-content\/uploads\/2017\/05\/costera-3-150x97.png 150w\" sizes=\"auto, (max-width: 590px) 100vw, 590px\" \/><\/a><\/p>\n<p><em><strong>&gt;&gt;<a href=\"https:\/\/www.flickr.com\/photos\/reconocemx\/albums\/72157683734305386\" target=\"_blank\" rel=\"noopener noreferrer\">Disfruta nuestra galer\u00eda de Costera en Circuito Indio<\/a>&lt;&lt;<\/strong><\/em><\/p>\n<p>La noche continu\u00f3 despu\u00e9s de un peque\u00f1o intervalo para dar comienzo al gran show que nos ten\u00eda preparado <strong>Costera<\/strong>, encabezada por Mauricio Garc\u00eda. <strong>Costera<\/strong> tocaron alrededor de 8 canciones con las cuales el p\u00fablico se emocion\u00f3 en compa\u00f1\u00eda de la banda, pero enloquecieron cuando el grupo toc\u00f3 \u00abMal de Amores\u00bb y \u00abVuelta Atr\u00e1s\u00bb, dos de las canciones favoritas del p\u00fablico. El grupo se dio un peque\u00f1o espacio para cantarle \u00abLas Ma\u00f1anitas\u00bb al cumplea\u00f1ero de la noche, Felipe Ceballos, el cual agradeci\u00f3 al p\u00fablico y a sus compa\u00f1eros con un peque\u00f1o gesto con la mano y una sonrisa un poco apenada. A pesar de que Mauricio estuvo serio la gran parte del concierto y m\u00e1s que nada enfocado a su m\u00fasica igual que sus compa\u00f1eros, no se olvid\u00f3 de su p\u00fablico que lo acompa\u00f1\u00f3 durante toda la noche.<\/p>\n<p>Al finalizar su show <strong>Costera<\/strong>, agradeci\u00f3 a sus fans por acompa\u00f1arlos y Mauricio regalo su plumilla, que fue codiciada por un gran sector de fans quienes se fueron felices debido al gran espect\u00e1culo que dieron las dos bandas.<\/p>\n<p><a href=\"http:\/\/www.reconoce.mx\/wp-content\/uploads\/2017\/05\/costera-2.png\"><img loading=\"lazy\" decoding=\"async\" class=\"aligncenter size-full wp-image-61189\" src=\"http:\/\/www.reconoce.mx\/wp-content\/uploads\/2017\/05\/costera-2.png\" alt=\"\" width=\"590\" height=\"380\" srcset=\"https:\/\/www.reconoce.mx\/wp-content\/uploads\/2017\/05\/costera-2.png 590w, https:\/\/www.reconoce.mx\/wp-content\/uploads\/2017\/05\/costera-2-300x193.png 300w, https:\/\/www.reconoce.mx\/wp-content\/uploads\/2017\/05\/costera-2-150x97.png 150w\" sizes=\"auto, (max-width: 590px) 100vw, 590px\" \/><\/a><\/p>\n<p><em><strong>&gt;&gt;<a href=\"https:\/\/www.flickr.com\/photos\/reconocemx\/albums\/72157683734305386\" target=\"_blank\" rel=\"noopener noreferrer\">Disfruta nuestra galer\u00eda de Costera en Circuito Indio<\/a>&lt;&lt;<\/strong><\/em><\/p>\n<p>El p\u00fablico en su gran mayor\u00eda estuvo compuesto por j\u00f3venes de todas las edades y conocidos de ambas bandas, pero eso no impidi\u00f3 que el ambiente que se viviera en el foro fuera muy bueno y electrizante.<\/p>\n<p>Este show fue parte de <strong>Circuito Indio<\/strong> por Vive Latino, una serie de conciertos que busca dar a conocer a estas bandas por toda la Rep\u00fablica Mexicana.<\/p>\n<p><a href=\"http:\/\/www.reconoce.mx\/wp-content\/uploads\/2017\/05\/costera-4.png\"><img loading=\"lazy\" decoding=\"async\" class=\"aligncenter size-full wp-image-61191\" src=\"http:\/\/www.reconoce.mx\/wp-content\/uploads\/2017\/05\/costera-4.png\" alt=\"\" width=\"590\" height=\"380\" srcset=\"https:\/\/www.reconoce.mx\/wp-content\/uploads\/2017\/05\/costera-4.png 590w, https:\/\/www.reconoce.mx\/wp-content\/uploads\/2017\/05\/costera-4-300x193.png 300w, https:\/\/www.reconoce.mx\/wp-content\/uploads\/2017\/05\/costera-4-150x97.png 150w\" sizes=\"auto, (max-width: 590px) 100vw, 590px\" \/><\/a><\/p>\n<p><em><strong>&gt;&gt;<a href=\"https:\/\/www.flickr.com\/photos\/reconocemx\/albums\/72157683734305386\" target=\"_blank\" rel=\"noopener noreferrer\">Disfruta nuestra galer\u00eda de Costera en Circuito Indio<\/a>&lt;&lt;<\/strong><\/em><\/p>\n<p>El <strong><a href=\"https:\/\/twitter.com\/search?q=%23CircuitoIndio&amp;src=tyah\" target=\"_blank\" rel=\"noopener noreferrer\">#CircuitoIndio<\/a> por Vive Latino<\/strong> contin\u00faa en el <strong>Foro Indie Rocks!<\/strong> todos los fines de semana hasta el s\u00e1bado 1 de julio. Para conocer la certelera completa, foros al interior de la rep\u00fablica y actividades tales como <em>meet&amp;greet\u2019s<\/em>, s\u00edguele el pulso al\u00a0<strong><a href=\"https:\/\/twitter.com\/search?q=%23CircuitoIndio&amp;src=tyah\" target=\"_blank\" rel=\"noopener noreferrer\">#CircuitoIndio<\/a> <\/strong> v\u00eda <a href=\"https:\/\/www.facebook.com\/CircuitoIndioMX\/\" target=\"_blank\" rel=\"noopener noreferrer\">Facebook<\/a> y <a href=\"https:\/\/twitter.com\/CircuitoIndioMX\/\" target=\"_blank\" rel=\"noopener noreferrer\">Twitter<\/a>, y descarga tambi\u00e9n la <a href=\"https:\/\/circuitoindio.com\/#app\" target=\"_blank\" rel=\"noopener noreferrer\">App Oficial<\/a>.<\/p>\n<p>&nbsp;<\/p>\n<p>&nbsp;<\/p>\n","protected":false},"excerpt":{"rendered":"<p>\u00abUna noche especial\u00bb, as\u00ed fue como lo describi\u00f3 Salvador de Salvador y el Unicornio, la noche del s\u00e1bado en el Foro Indie Rocks! de la Ciudad de M\u00e9xico.<\/p>\n","protected":false},"author":2,"featured_media":61188,"comment_status":"open","ping_status":"open","sticky":false,"template":"","format":"standard","meta":{"footnotes":""},"categories":[1,18,17],"tags":[],"class_list":["post-61186","post","type-post","status-publish","format-standard","has-post-thumbnail","hentry","category-cultura","category-musica","category-principal"],"yoast_head":"<!-- This site is optimized with the Yoast SEO plugin v24.7 - https:\/\/yoast.com\/wordpress\/plugins\/seo\/ -->\n<title>#CircuitoIndio: Costera y Salvador y el Unicornio cierran primer fin de semana &#171; Reconoce MX<\/title>\n<meta name=\"robots\" content=\"index, follow, max-snippet:-1, max-image-preview:large, max-video-preview:-1\" \/>\n<link rel=\"canonical\" href=\"https:\/\/www.reconoce.mx\/?p=61186\" \/>\n<meta property=\"og:locale\" content=\"es_ES\" \/>\n<meta property=\"og:type\" content=\"article\" \/>\n<meta property=\"og:title\" content=\"#CircuitoIndio: Costera y Salvador y el Unicornio cierran primer fin de semana &#171; Reconoce MX\" \/>\n<meta property=\"og:description\" content=\"&quot;Una noche especial&quot;, as\u00ed fue como lo describi\u00f3 Salvador de Salvador y el Unicornio, la noche del s\u00e1bado en el Foro Indie Rocks! de la Ciudad de M\u00e9xico.\" \/>\n<meta property=\"og:url\" content=\"https:\/\/www.reconoce.mx\/?p=61186\" \/>\n<meta property=\"og:site_name\" content=\"Reconoce MX\" \/>\n<meta property=\"article:publisher\" content=\"https:\/\/es-la.facebook.com\/ReconoceMX\/\" \/>\n<meta property=\"article:published_time\" content=\"2017-05-16T05:09:35+00:00\" \/>\n<meta property=\"article:modified_time\" content=\"2017-08-14T03:48:14+00:00\" \/>\n<meta property=\"og:image\" content=\"https:\/\/www.reconoce.mx\/wp-content\/uploads\/2017\/05\/costera-1.png\" \/>\n\t<meta property=\"og:image:width\" content=\"590\" \/>\n\t<meta property=\"og:image:height\" content=\"380\" \/>\n\t<meta property=\"og:image:type\" content=\"image\/png\" \/>\n<meta name=\"author\" content=\"Reconoce MX\" \/>\n<meta name=\"twitter:card\" content=\"summary_large_image\" \/>\n<meta name=\"twitter:creator\" content=\"@reconocemx\" \/>\n<meta name=\"twitter:site\" content=\"@reconocemx\" \/>\n<meta name=\"twitter:label1\" content=\"Escrito por\" \/>\n\t<meta name=\"twitter:data1\" content=\"Reconoce MX\" \/>\n\t<meta name=\"twitter:label2\" content=\"Tiempo de lectura\" \/>\n\t<meta name=\"twitter:data2\" content=\"3 minutos\" \/>\n<script type=\"application\/ld+json\" class=\"yoast-schema-graph\">{\"@context\":\"https:\/\/schema.org\",\"@graph\":[{\"@type\":\"Article\",\"@id\":\"https:\/\/www.reconoce.mx\/?p=61186#article\",\"isPartOf\":{\"@id\":\"https:\/\/www.reconoce.mx\/?p=61186\"},\"author\":{\"name\":\"Reconoce MX\",\"@id\":\"https:\/\/www.reconoce.mx\/#\/schema\/person\/2117e997d7051dc15d6880eaf9bca0b2\"},\"headline\":\"#CircuitoIndio: Costera y Salvador y el Unicornio cierran primer fin de semana\",\"datePublished\":\"2017-05-16T05:09:35+00:00\",\"dateModified\":\"2017-08-14T03:48:14+00:00\",\"mainEntityOfPage\":{\"@id\":\"https:\/\/www.reconoce.mx\/?p=61186\"},\"wordCount\":597,\"commentCount\":0,\"publisher\":{\"@id\":\"https:\/\/www.reconoce.mx\/#organization\"},\"image\":{\"@id\":\"https:\/\/www.reconoce.mx\/?p=61186#primaryimage\"},\"thumbnailUrl\":\"https:\/\/www.reconoce.mx\/wp-content\/uploads\/2017\/05\/costera-1.png\",\"articleSection\":[\"Cultura\",\"M\u00fasica\",\"Principal\"],\"inLanguage\":\"es\",\"potentialAction\":[{\"@type\":\"CommentAction\",\"name\":\"Comment\",\"target\":[\"https:\/\/www.reconoce.mx\/?p=61186#respond\"]}]},{\"@type\":\"WebPage\",\"@id\":\"https:\/\/www.reconoce.mx\/?p=61186\",\"url\":\"https:\/\/www.reconoce.mx\/?p=61186\",\"name\":\"#CircuitoIndio: Costera y Salvador y el Unicornio cierran primer fin de semana &#171; Reconoce MX\",\"isPartOf\":{\"@id\":\"https:\/\/www.reconoce.mx\/#website\"},\"primaryImageOfPage\":{\"@id\":\"https:\/\/www.reconoce.mx\/?p=61186#primaryimage\"},\"image\":{\"@id\":\"https:\/\/www.reconoce.mx\/?p=61186#primaryimage\"},\"thumbnailUrl\":\"https:\/\/www.reconoce.mx\/wp-content\/uploads\/2017\/05\/costera-1.png\",\"datePublished\":\"2017-05-16T05:09:35+00:00\",\"dateModified\":\"2017-08-14T03:48:14+00:00\",\"breadcrumb\":{\"@id\":\"https:\/\/www.reconoce.mx\/?p=61186#breadcrumb\"},\"inLanguage\":\"es\",\"potentialAction\":[{\"@type\":\"ReadAction\",\"target\":[\"https:\/\/www.reconoce.mx\/?p=61186\"]}]},{\"@type\":\"ImageObject\",\"inLanguage\":\"es\",\"@id\":\"https:\/\/www.reconoce.mx\/?p=61186#primaryimage\",\"url\":\"https:\/\/www.reconoce.mx\/wp-content\/uploads\/2017\/05\/costera-1.png\",\"contentUrl\":\"https:\/\/www.reconoce.mx\/wp-content\/uploads\/2017\/05\/costera-1.png\",\"width\":590,\"height\":380},{\"@type\":\"BreadcrumbList\",\"@id\":\"https:\/\/www.reconoce.mx\/?p=61186#breadcrumb\",\"itemListElement\":[{\"@type\":\"ListItem\",\"position\":1,\"name\":\"Portada\",\"item\":\"https:\/\/www.reconoce.mx\/\"},{\"@type\":\"ListItem\",\"position\":2,\"name\":\"#CircuitoIndio: Costera y Salvador y el Unicornio cierran primer fin de semana\"}]},{\"@type\":\"WebSite\",\"@id\":\"https:\/\/www.reconoce.mx\/#website\",\"url\":\"https:\/\/www.reconoce.mx\/\",\"name\":\"Reconoce MX\",\"description\":\"En Reconoce MX difundimos arte, cultura y conciencia social en M\u00e9xico. Tu ciudad en otra perspectiva.\",\"publisher\":{\"@id\":\"https:\/\/www.reconoce.mx\/#organization\"},\"potentialAction\":[{\"@type\":\"SearchAction\",\"target\":{\"@type\":\"EntryPoint\",\"urlTemplate\":\"https:\/\/www.reconoce.mx\/?s={search_term_string}\"},\"query-input\":{\"@type\":\"PropertyValueSpecification\",\"valueRequired\":true,\"valueName\":\"search_term_string\"}}],\"inLanguage\":\"es\"},{\"@type\":\"Organization\",\"@id\":\"https:\/\/www.reconoce.mx\/#organization\",\"name\":\"Reconoce MX\",\"url\":\"https:\/\/www.reconoce.mx\/\",\"logo\":{\"@type\":\"ImageObject\",\"inLanguage\":\"es\",\"@id\":\"https:\/\/www.reconoce.mx\/#\/schema\/logo\/image\/\",\"url\":\"https:\/\/www.reconoce.mx\/wp-content\/uploads\/2019\/03\/logorcmx-good-1.png\",\"contentUrl\":\"https:\/\/www.reconoce.mx\/wp-content\/uploads\/2019\/03\/logorcmx-good-1.png\",\"width\":280,\"height\":90,\"caption\":\"Reconoce MX\"},\"image\":{\"@id\":\"https:\/\/www.reconoce.mx\/#\/schema\/logo\/image\/\"},\"sameAs\":[\"https:\/\/es-la.facebook.com\/ReconoceMX\/\",\"https:\/\/x.com\/reconocemx\",\"http:\/\/@reconocemx\"]},{\"@type\":\"Person\",\"@id\":\"https:\/\/www.reconoce.mx\/#\/schema\/person\/2117e997d7051dc15d6880eaf9bca0b2\",\"name\":\"Reconoce MX\",\"image\":{\"@type\":\"ImageObject\",\"inLanguage\":\"es\",\"@id\":\"https:\/\/www.reconoce.mx\/#\/schema\/person\/image\/\",\"url\":\"https:\/\/secure.gravatar.com\/avatar\/6c8d4dc7569ca1c90c5fdcc349f839d5ddef6fe1e70b4337ead2ef1a4c43fc3a?s=96&d=identicon&r=g\",\"contentUrl\":\"https:\/\/secure.gravatar.com\/avatar\/6c8d4dc7569ca1c90c5fdcc349f839d5ddef6fe1e70b4337ead2ef1a4c43fc3a?s=96&d=identicon&r=g\",\"caption\":\"Reconoce MX\"},\"description\":\"Reconoce MX es un proyecto de difusi\u00f3n art\u00edstica, cultural y de conciencia social que est\u00e1 enfocado a difundir y fomentar el entretenimiento alternativo de calidad para todo el p\u00fablico que comparta el mismo entusiasmo.\",\"sameAs\":[\"http:\/\/www.reconoce.mx\"],\"url\":\"https:\/\/www.reconoce.mx\/?author=2\"}]}<\/script>\n<!-- \/ Yoast SEO plugin. -->","yoast_head_json":{"title":"#CircuitoIndio: Costera y Salvador y el Unicornio cierran primer fin de semana &#171; Reconoce MX","robots":{"index":"index","follow":"follow","max-snippet":"max-snippet:-1","max-image-preview":"max-image-preview:large","max-video-preview":"max-video-preview:-1"},"canonical":"https:\/\/www.reconoce.mx\/?p=61186","og_locale":"es_ES","og_type":"article","og_title":"#CircuitoIndio: Costera y Salvador y el Unicornio cierran primer fin de semana &#171; Reconoce MX","og_description":"\"Una noche especial\", as\u00ed fue como lo describi\u00f3 Salvador de Salvador y el Unicornio, la noche del s\u00e1bado en el Foro Indie Rocks! de la Ciudad de M\u00e9xico.","og_url":"https:\/\/www.reconoce.mx\/?p=61186","og_site_name":"Reconoce MX","article_publisher":"https:\/\/es-la.facebook.com\/ReconoceMX\/","article_published_time":"2017-05-16T05:09:35+00:00","article_modified_time":"2017-08-14T03:48:14+00:00","og_image":[{"width":590,"height":380,"url":"https:\/\/www.reconoce.mx\/wp-content\/uploads\/2017\/05\/costera-1.png","type":"image\/png"}],"author":"Reconoce MX","twitter_card":"summary_large_image","twitter_creator":"@reconocemx","twitter_site":"@reconocemx","twitter_misc":{"Escrito por":"Reconoce MX","Tiempo de lectura":"3 minutos"},"schema":{"@context":"https:\/\/schema.org","@graph":[{"@type":"Article","@id":"https:\/\/www.reconoce.mx\/?p=61186#article","isPartOf":{"@id":"https:\/\/www.reconoce.mx\/?p=61186"},"author":{"name":"Reconoce MX","@id":"https:\/\/www.reconoce.mx\/#\/schema\/person\/2117e997d7051dc15d6880eaf9bca0b2"},"headline":"#CircuitoIndio: Costera y Salvador y el Unicornio cierran primer fin de semana","datePublished":"2017-05-16T05:09:35+00:00","dateModified":"2017-08-14T03:48:14+00:00","mainEntityOfPage":{"@id":"https:\/\/www.reconoce.mx\/?p=61186"},"wordCount":597,"commentCount":0,"publisher":{"@id":"https:\/\/www.reconoce.mx\/#organization"},"image":{"@id":"https:\/\/www.reconoce.mx\/?p=61186#primaryimage"},"thumbnailUrl":"https:\/\/www.reconoce.mx\/wp-content\/uploads\/2017\/05\/costera-1.png","articleSection":["Cultura","M\u00fasica","Principal"],"inLanguage":"es","potentialAction":[{"@type":"CommentAction","name":"Comment","target":["https:\/\/www.reconoce.mx\/?p=61186#respond"]}]},{"@type":"WebPage","@id":"https:\/\/www.reconoce.mx\/?p=61186","url":"https:\/\/www.reconoce.mx\/?p=61186","name":"#CircuitoIndio: Costera y Salvador y el Unicornio cierran primer fin de semana &#171; Reconoce MX","isPartOf":{"@id":"https:\/\/www.reconoce.mx\/#website"},"primaryImageOfPage":{"@id":"https:\/\/www.reconoce.mx\/?p=61186#primaryimage"},"image":{"@id":"https:\/\/www.reconoce.mx\/?p=61186#primaryimage"},"thumbnailUrl":"https:\/\/www.reconoce.mx\/wp-content\/uploads\/2017\/05\/costera-1.png","datePublished":"2017-05-16T05:09:35+00:00","dateModified":"2017-08-14T03:48:14+00:00","breadcrumb":{"@id":"https:\/\/www.reconoce.mx\/?p=61186#breadcrumb"},"inLanguage":"es","potentialAction":[{"@type":"ReadAction","target":["https:\/\/www.reconoce.mx\/?p=61186"]}]},{"@type":"ImageObject","inLanguage":"es","@id":"https:\/\/www.reconoce.mx\/?p=61186#primaryimage","url":"https:\/\/www.reconoce.mx\/wp-content\/uploads\/2017\/05\/costera-1.png","contentUrl":"https:\/\/www.reconoce.mx\/wp-content\/uploads\/2017\/05\/costera-1.png","width":590,"height":380},{"@type":"BreadcrumbList","@id":"https:\/\/www.reconoce.mx\/?p=61186#breadcrumb","itemListElement":[{"@type":"ListItem","position":1,"name":"Portada","item":"https:\/\/www.reconoce.mx\/"},{"@type":"ListItem","position":2,"name":"#CircuitoIndio: Costera y Salvador y el Unicornio cierran primer fin de semana"}]},{"@type":"WebSite","@id":"https:\/\/www.reconoce.mx\/#website","url":"https:\/\/www.reconoce.mx\/","name":"Reconoce MX","description":"En Reconoce MX difundimos arte, cultura y conciencia social en M\u00e9xico. Tu ciudad en otra perspectiva.","publisher":{"@id":"https:\/\/www.reconoce.mx\/#organization"},"potentialAction":[{"@type":"SearchAction","target":{"@type":"EntryPoint","urlTemplate":"https:\/\/www.reconoce.mx\/?s={search_term_string}"},"query-input":{"@type":"PropertyValueSpecification","valueRequired":true,"valueName":"search_term_string"}}],"inLanguage":"es"},{"@type":"Organization","@id":"https:\/\/www.reconoce.mx\/#organization","name":"Reconoce MX","url":"https:\/\/www.reconoce.mx\/","logo":{"@type":"ImageObject","inLanguage":"es","@id":"https:\/\/www.reconoce.mx\/#\/schema\/logo\/image\/","url":"https:\/\/www.reconoce.mx\/wp-content\/uploads\/2019\/03\/logorcmx-good-1.png","contentUrl":"https:\/\/www.reconoce.mx\/wp-content\/uploads\/2019\/03\/logorcmx-good-1.png","width":280,"height":90,"caption":"Reconoce MX"},"image":{"@id":"https:\/\/www.reconoce.mx\/#\/schema\/logo\/image\/"},"sameAs":["https:\/\/es-la.facebook.com\/ReconoceMX\/","https:\/\/x.com\/reconocemx","http:\/\/@reconocemx"]},{"@type":"Person","@id":"https:\/\/www.reconoce.mx\/#\/schema\/person\/2117e997d7051dc15d6880eaf9bca0b2","name":"Reconoce MX","image":{"@type":"ImageObject","inLanguage":"es","@id":"https:\/\/www.reconoce.mx\/#\/schema\/person\/image\/","url":"https:\/\/secure.gravatar.com\/avatar\/6c8d4dc7569ca1c90c5fdcc349f839d5ddef6fe1e70b4337ead2ef1a4c43fc3a?s=96&d=identicon&r=g","contentUrl":"https:\/\/secure.gravatar.com\/avatar\/6c8d4dc7569ca1c90c5fdcc349f839d5ddef6fe1e70b4337ead2ef1a4c43fc3a?s=96&d=identicon&r=g","caption":"Reconoce MX"},"description":"Reconoce MX es un proyecto de difusi\u00f3n art\u00edstica, cultural y de conciencia social que est\u00e1 enfocado a difundir y fomentar el entretenimiento alternativo de calidad para todo el p\u00fablico que comparta el mismo entusiasmo.","sameAs":["http:\/\/www.reconoce.mx"],"url":"https:\/\/www.reconoce.mx\/?author=2"}]}},"_links":{"self":[{"href":"https:\/\/www.reconoce.mx\/index.php?rest_route=\/wp\/v2\/posts\/61186","targetHints":{"allow":["GET"]}}],"collection":[{"href":"https:\/\/www.reconoce.mx\/index.php?rest_route=\/wp\/v2\/posts"}],"about":[{"href":"https:\/\/www.reconoce.mx\/index.php?rest_route=\/wp\/v2\/types\/post"}],"author":[{"embeddable":true,"href":"https:\/\/www.reconoce.mx\/index.php?rest_route=\/wp\/v2\/users\/2"}],"replies":[{"embeddable":true,"href":"https:\/\/www.reconoce.mx\/index.php?rest_route=%2Fwp%2Fv2%2Fcomments&post=61186"}],"version-history":[{"count":8,"href":"https:\/\/www.reconoce.mx\/index.php?rest_route=\/wp\/v2\/posts\/61186\/revisions"}],"predecessor-version":[{"id":64387,"href":"https:\/\/www.reconoce.mx\/index.php?rest_route=\/wp\/v2\/posts\/61186\/revisions\/64387"}],"wp:featuredmedia":[{"embeddable":true,"href":"https:\/\/www.reconoce.mx\/index.php?rest_route=\/wp\/v2\/media\/61188"}],"wp:attachment":[{"href":"https:\/\/www.reconoce.mx\/index.php?rest_route=%2Fwp%2Fv2%2Fmedia&parent=61186"}],"wp:term":[{"taxonomy":"category","embeddable":true,"href":"https:\/\/www.reconoce.mx\/index.php?rest_route=%2Fwp%2Fv2%2Fcategories&post=61186"},{"taxonomy":"post_tag","embeddable":true,"href":"https:\/\/www.reconoce.mx\/index.php?rest_route=%2Fwp%2Fv2%2Ftags&post=61186"}],"curies":[{"name":"wp","href":"https:\/\/api.w.org\/{rel}","templated":true}]}}