{"id":61198,"date":"2017-05-16T00:08:22","date_gmt":"2017-05-16T05:08:22","guid":{"rendered":"http:\/\/www.reconoce.mx\/?p=61198"},"modified":"2017-08-13T22:47:45","modified_gmt":"2017-08-14T03:47:45","slug":"camilo-vii-en-el-plaza-oleos-emotivos-hechos-de-neones","status":"publish","type":"post","link":"https:\/\/www.reconoce.mx\/?p=61198","title":{"rendered":"Camilo VII en El Plaza: &#8216;\u00d3leos&#8217; emotivos hechos de neones"},"content":{"rendered":"<p><strong>Texto por\u00a0<span class=\"st\"><a href=\"https:\/\/twitter.com\/Amauryshow\" target=\"_blank\" rel=\"noopener noreferrer\">Amaury Berdejo Ju\u00e1rez<\/a><\/span>.<br \/>\nFotos por <a href=\"https:\/\/twitter.com\/alice_freckles\" target=\"_blank\" rel=\"noopener noreferrer\">Alicia \u00c1vila Monroy<\/a>.<\/strong><\/p>\n<p><strong>Camilo VII<\/strong> es una banda que ha sabido conquistar y llamar la atenci\u00f3n de una ola de j\u00f3venes entusiasmados por algunas de las l\u00edricas m\u00e1s honestas de la generaci\u00f3n <em>millenial<\/em>, dificilmente impresionable y que ha crecido con todos los contenidos y sosnidos al alcance de un clic. Retomando elementos de la m\u00fasica de sintetizadores y los cadenciosos ritmos del rock latino, estos chicos saben bien c\u00f3mo crear atm\u00f3sferas rom\u00e1nticas sin llegar a ser melosas, efecto que se percibe en las sonrisas con ojos enamoradizos de su p\u00fablico.<\/p>\n<p><a href=\"http:\/\/www.reconoce.mx\/wp-content\/uploads\/2017\/05\/camilovii-2.png\"><img loading=\"lazy\" decoding=\"async\" class=\"aligncenter size-full wp-image-61200\" src=\"http:\/\/www.reconoce.mx\/wp-content\/uploads\/2017\/05\/camilovii-2.png\" alt=\"\" width=\"590\" height=\"380\" srcset=\"https:\/\/www.reconoce.mx\/wp-content\/uploads\/2017\/05\/camilovii-2.png 590w, https:\/\/www.reconoce.mx\/wp-content\/uploads\/2017\/05\/camilovii-2-300x193.png 300w, https:\/\/www.reconoce.mx\/wp-content\/uploads\/2017\/05\/camilovii-2-150x97.png 150w\" sizes=\"auto, (max-width: 590px) 100vw, 590px\" \/><\/a><\/p>\n<p><em><strong>&gt;&gt;<a href=\"https:\/\/www.flickr.com\/photos\/reconocemx\/albums\/72157683733993256\" target=\"_blank\" rel=\"noopener noreferrer\">Disfruta nuestra galer\u00eda de Camilo VII en El Plaza Condesa<\/a>&lt;&lt;<\/strong><\/em><\/p>\n<p>Mucho antes de la hora anunciada en los boletos, la entrada de <strong>El Plaza Condesa<\/strong> ya se encontraba llena de seguidores \u00e1vidos por entrar al recinto, y mientras m\u00e1s se acercaba la hora del inicio ya se sent\u00eda un humor bastante animado al interior del foro; <strong>Camilo VII<\/strong> estaba a punto de hacer su aparici\u00f3n en esta cita esperada por tantos.<\/p>\n<p>La noche fue inaugurada por la banda chilena <strong>We Are The Grand<\/strong>, quien sorprendi\u00f3 a propios y extra\u00f1os con un s\u00f3lido sonido que retoma elementos del rock indie de inicios de siglo, preocupaci\u00f3n por la melod\u00eda vocal que se agradece, as\u00ed como guitarras r\u00edtmicas que recuerda en sus momentos m\u00e1s estruendosos a <strong>Foals<\/strong> y en los m\u00e1s serenos a <strong>Coldplay<\/strong>, todo esto acompa\u00f1ado de un baterista muy preciso en el escenario, cosa que los amantes de la m\u00fasica siempre agradecemos.<\/p>\n<p>La banda formada por Sebasti\u00e1n Gallardo en voces y guitarras, Fernando Llamas en la guitarra, Juan Aguirre en el bajo y Mat\u00edas Peralta en la bater\u00eda, r\u00e1pidamente gan\u00f3 el aplauso de los asistentes de <strong>El Plaza<\/strong>, dejando el escenario \u00abcalientito\u00bb para el show ptincipal; una mezcla de humildad y buena ejecuci\u00f3n nos dej\u00f3 un buen sabor de boca con esta banda sudamericana, quienes anunciaron se presentar\u00e1n en <strong>El Imperial<\/strong> al lado de <strong>Lanza Internacional<\/strong>, el nuevo proyecto de los hermanos Dur\u00e1n, ex integrantes de <strong>Los Bunkers<\/strong>, un prometedor show chileno en la capital mexicana.<\/p>\n<p><a href=\"http:\/\/www.reconoce.mx\/wp-content\/uploads\/2017\/05\/wearethegrand-1.png\"><img loading=\"lazy\" decoding=\"async\" class=\"aligncenter size-full wp-image-61201\" src=\"http:\/\/www.reconoce.mx\/wp-content\/uploads\/2017\/05\/wearethegrand-1.png\" alt=\"\" width=\"590\" height=\"380\" srcset=\"https:\/\/www.reconoce.mx\/wp-content\/uploads\/2017\/05\/wearethegrand-1.png 590w, https:\/\/www.reconoce.mx\/wp-content\/uploads\/2017\/05\/wearethegrand-1-300x193.png 300w, https:\/\/www.reconoce.mx\/wp-content\/uploads\/2017\/05\/wearethegrand-1-150x97.png 150w\" sizes=\"auto, (max-width: 590px) 100vw, 590px\" \/><\/a><\/p>\n<p><em><strong>&gt;&gt;<a href=\"https:\/\/www.flickr.com\/photos\/reconocemx\/albums\/72157681041728692\" target=\"_blank\" rel=\"noopener noreferrer\">Disfruta nuestra galer\u00eda de We Are The Grand en El Plaza Condesa<\/a>&lt;&lt;<\/strong><\/em><\/p>\n<p>Despu\u00e9s de esta excelente presentaci\u00f3n, toc\u00f3 el turno de los esperados <strong>Camilo VII<\/strong>, que desde su primer paso en el escenario fueron recibidos con una ola de gritos y aplausos de su joven audiencia (18 a 25 en su mayor\u00eda). Visiblemente emocionados y agradecidos con un <strong>El Plaza Condesa<\/strong> lleno, la banda originaria del Estado de M\u00e9xico present\u00f3 su placa \u00ab\u00d3leos\u00bb, primer LP del grupo.<\/p>\n<p>Canciones como \u00abNe\u00f3n\u00bb, \u00ab\u00d3leos\u00bb, \u00abTelepat\u00eda\u00bb y \u00abVicio\u00bb hicieron cantar a los asistentes, que tambi\u00e9n disfrutaron del show de luces que la banda present\u00f3: luces ne\u00f3n y reflectores de colores fueron dispuestos al ritmo de los acordes.<\/p>\n<p>Es poco com\u00fan en estos d\u00edas ver a un vocalista encarg\u00e1ndose del bajo, pero a la vez podemos percibir que esta manera de composici\u00f3n hace que las estructuras sonoras se carguen hacia las bases, generando una constante sensaci\u00f3n de querer bailar al ritmo de las notas graves.<\/p>\n<p><a href=\"http:\/\/www.reconoce.mx\/wp-content\/uploads\/2017\/05\/wearethegrand-2.png\"><img loading=\"lazy\" decoding=\"async\" class=\"aligncenter size-full wp-image-61202\" src=\"http:\/\/www.reconoce.mx\/wp-content\/uploads\/2017\/05\/wearethegrand-2.png\" alt=\"\" width=\"590\" height=\"380\" srcset=\"https:\/\/www.reconoce.mx\/wp-content\/uploads\/2017\/05\/wearethegrand-2.png 590w, https:\/\/www.reconoce.mx\/wp-content\/uploads\/2017\/05\/wearethegrand-2-300x193.png 300w, https:\/\/www.reconoce.mx\/wp-content\/uploads\/2017\/05\/wearethegrand-2-150x97.png 150w\" sizes=\"auto, (max-width: 590px) 100vw, 590px\" \/><\/a><\/p>\n<p><em><strong>&gt;&gt;<a href=\"https:\/\/www.flickr.com\/photos\/reconocemx\/albums\/72157681041728692\" target=\"_blank\" rel=\"noopener noreferrer\">Disfruta nuestra galer\u00eda de We Are The Grand en El Plaza Condesa<\/a>&lt;&lt;<\/strong><\/em><\/p>\n<p>Manuel Mendoza en la voz y el bajo, Erick Vasquez en la guitarra, Jonathan Melendez en los teclados y Marco Alarc\u00f3n en la bater\u00eda pusieron a prueba a sus fans al interpretar casi sin pausas la mayor\u00eda de sus piezas, agradeciendo en cada posibilidad a todos los que hicieron de esa noche \u00abuno de los shows m\u00e1s emotivos\u00bb de la banda.<\/p>\n<p>La noche termin\u00f3 con <strong>El Plaza Condesa<\/strong> coreando los \u00e9xitos \u00abMi\u00e9nteme\u00bb y la favorita \u00abNo conf\u00edes en m\u00ed\u00bb, una de las canciones angulares en el repertorio de <strong>Camilo VII<\/strong>.<\/p>\n<p>El esfuerzo de los organizadores tambi\u00e9n fue palpable de inicio a fin: en la entrada los asistentes fueron recompensados con el nuevo disco de la banda (s\u00f3lo por asistir al concierto), y al terminar el evento se coloc\u00f3 un stand de refrescos de naranja para los asistentes; es claro que el target de la banda est\u00e1 bien definido y alrededor del proyecto se puede seguir construyendo el \u00e9xito con la m\u00fasica y las acciones adecuadas.<\/p>\n<p>&nbsp;<\/p>\n<p>&nbsp;<\/p>\n","protected":false},"excerpt":{"rendered":"<p>Camilo VII es una banda que ha sabido conquistar y llamar la atenci\u00f3n de una ola de j\u00f3venes entusiasmados por algunas de las l\u00edricas m\u00e1s honestas de la generaci\u00f3n millenial, dificilmente impresionable y que ha crecido con todos los contenidos y sosnidos al alcance de un clic.<\/p>\n","protected":false},"author":2,"featured_media":61199,"comment_status":"open","ping_status":"open","sticky":false,"template":"","format":"standard","meta":{"footnotes":""},"categories":[1,18,17],"tags":[],"class_list":["post-61198","post","type-post","status-publish","format-standard","has-post-thumbnail","hentry","category-cultura","category-musica","category-principal"],"yoast_head":"<!-- This site is optimized with the Yoast SEO plugin v24.7 - https:\/\/yoast.com\/wordpress\/plugins\/seo\/ -->\n<title>Camilo VII en El Plaza: &#039;\u00d3leos&#039; emotivos hechos de neones &#171; Reconoce MX<\/title>\n<meta name=\"robots\" content=\"index, follow, max-snippet:-1, max-image-preview:large, max-video-preview:-1\" \/>\n<link rel=\"canonical\" href=\"https:\/\/www.reconoce.mx\/?p=61198\" \/>\n<meta property=\"og:locale\" content=\"es_ES\" \/>\n<meta property=\"og:type\" content=\"article\" \/>\n<meta property=\"og:title\" content=\"Camilo VII en El Plaza: &#039;\u00d3leos&#039; emotivos hechos de neones &#171; Reconoce MX\" \/>\n<meta property=\"og:description\" content=\"Camilo VII es una banda que ha sabido conquistar y llamar la atenci\u00f3n de una ola de j\u00f3venes entusiasmados por algunas de las l\u00edricas m\u00e1s honestas de la generaci\u00f3n millenial, dificilmente impresionable y que ha crecido con todos los contenidos y sosnidos al alcance de un clic.\" \/>\n<meta property=\"og:url\" content=\"https:\/\/www.reconoce.mx\/?p=61198\" \/>\n<meta property=\"og:site_name\" content=\"Reconoce MX\" \/>\n<meta property=\"article:publisher\" content=\"https:\/\/es-la.facebook.com\/ReconoceMX\/\" \/>\n<meta property=\"article:published_time\" content=\"2017-05-16T05:08:22+00:00\" \/>\n<meta property=\"article:modified_time\" content=\"2017-08-14T03:47:45+00:00\" \/>\n<meta property=\"og:image\" content=\"https:\/\/www.reconoce.mx\/wp-content\/uploads\/2017\/05\/camilovii-1.png\" \/>\n\t<meta property=\"og:image:width\" content=\"590\" \/>\n\t<meta property=\"og:image:height\" content=\"380\" \/>\n\t<meta property=\"og:image:type\" content=\"image\/png\" \/>\n<meta name=\"author\" content=\"Reconoce MX\" \/>\n<meta name=\"twitter:card\" content=\"summary_large_image\" \/>\n<meta name=\"twitter:creator\" content=\"@reconocemx\" \/>\n<meta name=\"twitter:site\" content=\"@reconocemx\" \/>\n<meta name=\"twitter:label1\" content=\"Escrito por\" \/>\n\t<meta name=\"twitter:data1\" content=\"Reconoce MX\" \/>\n\t<meta name=\"twitter:label2\" content=\"Tiempo de lectura\" \/>\n\t<meta name=\"twitter:data2\" content=\"4 minutos\" \/>\n<script type=\"application\/ld+json\" class=\"yoast-schema-graph\">{\"@context\":\"https:\/\/schema.org\",\"@graph\":[{\"@type\":\"Article\",\"@id\":\"https:\/\/www.reconoce.mx\/?p=61198#article\",\"isPartOf\":{\"@id\":\"https:\/\/www.reconoce.mx\/?p=61198\"},\"author\":{\"name\":\"Reconoce MX\",\"@id\":\"https:\/\/www.reconoce.mx\/#\/schema\/person\/2117e997d7051dc15d6880eaf9bca0b2\"},\"headline\":\"Camilo VII en El Plaza: &#8216;\u00d3leos&#8217; emotivos hechos de neones\",\"datePublished\":\"2017-05-16T05:08:22+00:00\",\"dateModified\":\"2017-08-14T03:47:45+00:00\",\"mainEntityOfPage\":{\"@id\":\"https:\/\/www.reconoce.mx\/?p=61198\"},\"wordCount\":757,\"commentCount\":0,\"publisher\":{\"@id\":\"https:\/\/www.reconoce.mx\/#organization\"},\"image\":{\"@id\":\"https:\/\/www.reconoce.mx\/?p=61198#primaryimage\"},\"thumbnailUrl\":\"https:\/\/www.reconoce.mx\/wp-content\/uploads\/2017\/05\/camilovii-1.png\",\"articleSection\":[\"Cultura\",\"M\u00fasica\",\"Principal\"],\"inLanguage\":\"es\",\"potentialAction\":[{\"@type\":\"CommentAction\",\"name\":\"Comment\",\"target\":[\"https:\/\/www.reconoce.mx\/?p=61198#respond\"]}]},{\"@type\":\"WebPage\",\"@id\":\"https:\/\/www.reconoce.mx\/?p=61198\",\"url\":\"https:\/\/www.reconoce.mx\/?p=61198\",\"name\":\"Camilo VII en El Plaza: '\u00d3leos' emotivos hechos de neones &#171; Reconoce MX\",\"isPartOf\":{\"@id\":\"https:\/\/www.reconoce.mx\/#website\"},\"primaryImageOfPage\":{\"@id\":\"https:\/\/www.reconoce.mx\/?p=61198#primaryimage\"},\"image\":{\"@id\":\"https:\/\/www.reconoce.mx\/?p=61198#primaryimage\"},\"thumbnailUrl\":\"https:\/\/www.reconoce.mx\/wp-content\/uploads\/2017\/05\/camilovii-1.png\",\"datePublished\":\"2017-05-16T05:08:22+00:00\",\"dateModified\":\"2017-08-14T03:47:45+00:00\",\"breadcrumb\":{\"@id\":\"https:\/\/www.reconoce.mx\/?p=61198#breadcrumb\"},\"inLanguage\":\"es\",\"potentialAction\":[{\"@type\":\"ReadAction\",\"target\":[\"https:\/\/www.reconoce.mx\/?p=61198\"]}]},{\"@type\":\"ImageObject\",\"inLanguage\":\"es\",\"@id\":\"https:\/\/www.reconoce.mx\/?p=61198#primaryimage\",\"url\":\"https:\/\/www.reconoce.mx\/wp-content\/uploads\/2017\/05\/camilovii-1.png\",\"contentUrl\":\"https:\/\/www.reconoce.mx\/wp-content\/uploads\/2017\/05\/camilovii-1.png\",\"width\":590,\"height\":380},{\"@type\":\"BreadcrumbList\",\"@id\":\"https:\/\/www.reconoce.mx\/?p=61198#breadcrumb\",\"itemListElement\":[{\"@type\":\"ListItem\",\"position\":1,\"name\":\"Portada\",\"item\":\"https:\/\/www.reconoce.mx\/\"},{\"@type\":\"ListItem\",\"position\":2,\"name\":\"Camilo VII en El Plaza: &#8216;\u00d3leos&#8217; emotivos hechos de neones\"}]},{\"@type\":\"WebSite\",\"@id\":\"https:\/\/www.reconoce.mx\/#website\",\"url\":\"https:\/\/www.reconoce.mx\/\",\"name\":\"Reconoce MX\",\"description\":\"En Reconoce MX difundimos arte, cultura y conciencia social en M\u00e9xico. Tu ciudad en otra perspectiva.\",\"publisher\":{\"@id\":\"https:\/\/www.reconoce.mx\/#organization\"},\"potentialAction\":[{\"@type\":\"SearchAction\",\"target\":{\"@type\":\"EntryPoint\",\"urlTemplate\":\"https:\/\/www.reconoce.mx\/?s={search_term_string}\"},\"query-input\":{\"@type\":\"PropertyValueSpecification\",\"valueRequired\":true,\"valueName\":\"search_term_string\"}}],\"inLanguage\":\"es\"},{\"@type\":\"Organization\",\"@id\":\"https:\/\/www.reconoce.mx\/#organization\",\"name\":\"Reconoce MX\",\"url\":\"https:\/\/www.reconoce.mx\/\",\"logo\":{\"@type\":\"ImageObject\",\"inLanguage\":\"es\",\"@id\":\"https:\/\/www.reconoce.mx\/#\/schema\/logo\/image\/\",\"url\":\"https:\/\/www.reconoce.mx\/wp-content\/uploads\/2019\/03\/logorcmx-good-1.png\",\"contentUrl\":\"https:\/\/www.reconoce.mx\/wp-content\/uploads\/2019\/03\/logorcmx-good-1.png\",\"width\":280,\"height\":90,\"caption\":\"Reconoce MX\"},\"image\":{\"@id\":\"https:\/\/www.reconoce.mx\/#\/schema\/logo\/image\/\"},\"sameAs\":[\"https:\/\/es-la.facebook.com\/ReconoceMX\/\",\"https:\/\/x.com\/reconocemx\",\"http:\/\/@reconocemx\"]},{\"@type\":\"Person\",\"@id\":\"https:\/\/www.reconoce.mx\/#\/schema\/person\/2117e997d7051dc15d6880eaf9bca0b2\",\"name\":\"Reconoce MX\",\"image\":{\"@type\":\"ImageObject\",\"inLanguage\":\"es\",\"@id\":\"https:\/\/www.reconoce.mx\/#\/schema\/person\/image\/\",\"url\":\"https:\/\/secure.gravatar.com\/avatar\/6c8d4dc7569ca1c90c5fdcc349f839d5ddef6fe1e70b4337ead2ef1a4c43fc3a?s=96&d=identicon&r=g\",\"contentUrl\":\"https:\/\/secure.gravatar.com\/avatar\/6c8d4dc7569ca1c90c5fdcc349f839d5ddef6fe1e70b4337ead2ef1a4c43fc3a?s=96&d=identicon&r=g\",\"caption\":\"Reconoce MX\"},\"description\":\"Reconoce MX es un proyecto de difusi\u00f3n art\u00edstica, cultural y de conciencia social que est\u00e1 enfocado a difundir y fomentar el entretenimiento alternativo de calidad para todo el p\u00fablico que comparta el mismo entusiasmo.\",\"sameAs\":[\"http:\/\/www.reconoce.mx\"],\"url\":\"https:\/\/www.reconoce.mx\/?author=2\"}]}<\/script>\n<!-- \/ Yoast SEO plugin. -->","yoast_head_json":{"title":"Camilo VII en El Plaza: '\u00d3leos' emotivos hechos de neones &#171; Reconoce MX","robots":{"index":"index","follow":"follow","max-snippet":"max-snippet:-1","max-image-preview":"max-image-preview:large","max-video-preview":"max-video-preview:-1"},"canonical":"https:\/\/www.reconoce.mx\/?p=61198","og_locale":"es_ES","og_type":"article","og_title":"Camilo VII en El Plaza: '\u00d3leos' emotivos hechos de neones &#171; Reconoce MX","og_description":"Camilo VII es una banda que ha sabido conquistar y llamar la atenci\u00f3n de una ola de j\u00f3venes entusiasmados por algunas de las l\u00edricas m\u00e1s honestas de la generaci\u00f3n millenial, dificilmente impresionable y que ha crecido con todos los contenidos y sosnidos al alcance de un clic.","og_url":"https:\/\/www.reconoce.mx\/?p=61198","og_site_name":"Reconoce MX","article_publisher":"https:\/\/es-la.facebook.com\/ReconoceMX\/","article_published_time":"2017-05-16T05:08:22+00:00","article_modified_time":"2017-08-14T03:47:45+00:00","og_image":[{"width":590,"height":380,"url":"https:\/\/www.reconoce.mx\/wp-content\/uploads\/2017\/05\/camilovii-1.png","type":"image\/png"}],"author":"Reconoce MX","twitter_card":"summary_large_image","twitter_creator":"@reconocemx","twitter_site":"@reconocemx","twitter_misc":{"Escrito por":"Reconoce MX","Tiempo de lectura":"4 minutos"},"schema":{"@context":"https:\/\/schema.org","@graph":[{"@type":"Article","@id":"https:\/\/www.reconoce.mx\/?p=61198#article","isPartOf":{"@id":"https:\/\/www.reconoce.mx\/?p=61198"},"author":{"name":"Reconoce MX","@id":"https:\/\/www.reconoce.mx\/#\/schema\/person\/2117e997d7051dc15d6880eaf9bca0b2"},"headline":"Camilo VII en El Plaza: &#8216;\u00d3leos&#8217; emotivos hechos de neones","datePublished":"2017-05-16T05:08:22+00:00","dateModified":"2017-08-14T03:47:45+00:00","mainEntityOfPage":{"@id":"https:\/\/www.reconoce.mx\/?p=61198"},"wordCount":757,"commentCount":0,"publisher":{"@id":"https:\/\/www.reconoce.mx\/#organization"},"image":{"@id":"https:\/\/www.reconoce.mx\/?p=61198#primaryimage"},"thumbnailUrl":"https:\/\/www.reconoce.mx\/wp-content\/uploads\/2017\/05\/camilovii-1.png","articleSection":["Cultura","M\u00fasica","Principal"],"inLanguage":"es","potentialAction":[{"@type":"CommentAction","name":"Comment","target":["https:\/\/www.reconoce.mx\/?p=61198#respond"]}]},{"@type":"WebPage","@id":"https:\/\/www.reconoce.mx\/?p=61198","url":"https:\/\/www.reconoce.mx\/?p=61198","name":"Camilo VII en El Plaza: '\u00d3leos' emotivos hechos de neones &#171; Reconoce MX","isPartOf":{"@id":"https:\/\/www.reconoce.mx\/#website"},"primaryImageOfPage":{"@id":"https:\/\/www.reconoce.mx\/?p=61198#primaryimage"},"image":{"@id":"https:\/\/www.reconoce.mx\/?p=61198#primaryimage"},"thumbnailUrl":"https:\/\/www.reconoce.mx\/wp-content\/uploads\/2017\/05\/camilovii-1.png","datePublished":"2017-05-16T05:08:22+00:00","dateModified":"2017-08-14T03:47:45+00:00","breadcrumb":{"@id":"https:\/\/www.reconoce.mx\/?p=61198#breadcrumb"},"inLanguage":"es","potentialAction":[{"@type":"ReadAction","target":["https:\/\/www.reconoce.mx\/?p=61198"]}]},{"@type":"ImageObject","inLanguage":"es","@id":"https:\/\/www.reconoce.mx\/?p=61198#primaryimage","url":"https:\/\/www.reconoce.mx\/wp-content\/uploads\/2017\/05\/camilovii-1.png","contentUrl":"https:\/\/www.reconoce.mx\/wp-content\/uploads\/2017\/05\/camilovii-1.png","width":590,"height":380},{"@type":"BreadcrumbList","@id":"https:\/\/www.reconoce.mx\/?p=61198#breadcrumb","itemListElement":[{"@type":"ListItem","position":1,"name":"Portada","item":"https:\/\/www.reconoce.mx\/"},{"@type":"ListItem","position":2,"name":"Camilo VII en El Plaza: &#8216;\u00d3leos&#8217; emotivos hechos de neones"}]},{"@type":"WebSite","@id":"https:\/\/www.reconoce.mx\/#website","url":"https:\/\/www.reconoce.mx\/","name":"Reconoce MX","description":"En Reconoce MX difundimos arte, cultura y conciencia social en M\u00e9xico. Tu ciudad en otra perspectiva.","publisher":{"@id":"https:\/\/www.reconoce.mx\/#organization"},"potentialAction":[{"@type":"SearchAction","target":{"@type":"EntryPoint","urlTemplate":"https:\/\/www.reconoce.mx\/?s={search_term_string}"},"query-input":{"@type":"PropertyValueSpecification","valueRequired":true,"valueName":"search_term_string"}}],"inLanguage":"es"},{"@type":"Organization","@id":"https:\/\/www.reconoce.mx\/#organization","name":"Reconoce MX","url":"https:\/\/www.reconoce.mx\/","logo":{"@type":"ImageObject","inLanguage":"es","@id":"https:\/\/www.reconoce.mx\/#\/schema\/logo\/image\/","url":"https:\/\/www.reconoce.mx\/wp-content\/uploads\/2019\/03\/logorcmx-good-1.png","contentUrl":"https:\/\/www.reconoce.mx\/wp-content\/uploads\/2019\/03\/logorcmx-good-1.png","width":280,"height":90,"caption":"Reconoce MX"},"image":{"@id":"https:\/\/www.reconoce.mx\/#\/schema\/logo\/image\/"},"sameAs":["https:\/\/es-la.facebook.com\/ReconoceMX\/","https:\/\/x.com\/reconocemx","http:\/\/@reconocemx"]},{"@type":"Person","@id":"https:\/\/www.reconoce.mx\/#\/schema\/person\/2117e997d7051dc15d6880eaf9bca0b2","name":"Reconoce MX","image":{"@type":"ImageObject","inLanguage":"es","@id":"https:\/\/www.reconoce.mx\/#\/schema\/person\/image\/","url":"https:\/\/secure.gravatar.com\/avatar\/6c8d4dc7569ca1c90c5fdcc349f839d5ddef6fe1e70b4337ead2ef1a4c43fc3a?s=96&d=identicon&r=g","contentUrl":"https:\/\/secure.gravatar.com\/avatar\/6c8d4dc7569ca1c90c5fdcc349f839d5ddef6fe1e70b4337ead2ef1a4c43fc3a?s=96&d=identicon&r=g","caption":"Reconoce MX"},"description":"Reconoce MX es un proyecto de difusi\u00f3n art\u00edstica, cultural y de conciencia social que est\u00e1 enfocado a difundir y fomentar el entretenimiento alternativo de calidad para todo el p\u00fablico que comparta el mismo entusiasmo.","sameAs":["http:\/\/www.reconoce.mx"],"url":"https:\/\/www.reconoce.mx\/?author=2"}]}},"_links":{"self":[{"href":"https:\/\/www.reconoce.mx\/index.php?rest_route=\/wp\/v2\/posts\/61198","targetHints":{"allow":["GET"]}}],"collection":[{"href":"https:\/\/www.reconoce.mx\/index.php?rest_route=\/wp\/v2\/posts"}],"about":[{"href":"https:\/\/www.reconoce.mx\/index.php?rest_route=\/wp\/v2\/types\/post"}],"author":[{"embeddable":true,"href":"https:\/\/www.reconoce.mx\/index.php?rest_route=\/wp\/v2\/users\/2"}],"replies":[{"embeddable":true,"href":"https:\/\/www.reconoce.mx\/index.php?rest_route=%2Fwp%2Fv2%2Fcomments&post=61198"}],"version-history":[{"count":3,"href":"https:\/\/www.reconoce.mx\/index.php?rest_route=\/wp\/v2\/posts\/61198\/revisions"}],"predecessor-version":[{"id":64385,"href":"https:\/\/www.reconoce.mx\/index.php?rest_route=\/wp\/v2\/posts\/61198\/revisions\/64385"}],"wp:featuredmedia":[{"embeddable":true,"href":"https:\/\/www.reconoce.mx\/index.php?rest_route=\/wp\/v2\/media\/61199"}],"wp:attachment":[{"href":"https:\/\/www.reconoce.mx\/index.php?rest_route=%2Fwp%2Fv2%2Fmedia&parent=61198"}],"wp:term":[{"taxonomy":"category","embeddable":true,"href":"https:\/\/www.reconoce.mx\/index.php?rest_route=%2Fwp%2Fv2%2Fcategories&post=61198"},{"taxonomy":"post_tag","embeddable":true,"href":"https:\/\/www.reconoce.mx\/index.php?rest_route=%2Fwp%2Fv2%2Ftags&post=61198"}],"curies":[{"name":"wp","href":"https:\/\/api.w.org\/{rel}","templated":true}]}}