{"id":61242,"date":"2017-05-19T00:04:12","date_gmt":"2017-05-19T05:04:12","guid":{"rendered":"http:\/\/www.reconoce.mx\/?p=61242"},"modified":"2017-05-19T15:14:53","modified_gmt":"2017-05-19T20:14:53","slug":"nina-roja-version-gusmusica","status":"publish","type":"post","link":"https:\/\/www.reconoce.mx\/?p=61242","title":{"rendered":"&#8216;Ni\u00f1a Roja&#8217;, versi\u00f3n GusM\u00fasica"},"content":{"rendered":"<p><a href=\"http:\/\/www.reconoce.mx\/category\/cultura\/musica\/viernes-versionado\/\"><img loading=\"lazy\" decoding=\"async\" class=\"aligncenter size-full wp-image-38362\" src=\"http:\/\/www.reconoce.mx\/wp-content\/uploads\/2015\/06\/Viernes.png\" sizes=\"auto, (max-width: 550px) 100vw, 550px\" srcset=\"http:\/\/www.reconoce.mx\/wp-content\/uploads\/2015\/06\/Viernes.png 550w, http:\/\/www.reconoce.mx\/wp-content\/uploads\/2015\/06\/Viernes-300x38.png 300w, http:\/\/www.reconoce.mx\/wp-content\/uploads\/2015\/06\/Viernes-150x19.png 150w\" alt=\"Viernes\" width=\"550\" height=\"70\" \/><\/a><strong><br \/>\nPor <a title=\"@AsfaltosTweets\" href=\"http:\/\/twitter.com\/AsfaltosTweets\" target=\"_blank\" rel=\"noopener noreferrer\" data-slimstat-type=\"0\" data-slimstat-callback=\"false\" data-slimstat-tracking=\"true\">Asfaltos<\/a><\/strong>.<\/p>\n<p>Ma\u00f1ana s\u00e1bado 20 de mayo es la jornada musical del <a href=\"http:\/\/www.reconoce.mx\/?s=%23FestivalMarvinCDMX\" target=\"_blank\" rel=\"noopener noreferrer\"><strong>#FestivalMarvinCDMX<\/strong><\/a>. Desde ayer jueves 18 de mayo las actividades de uno de nuestros festivales favoritos son un hecho ya en las colonias Condesa y Roma de Ciudad de M\u00e9xico. \u00bfQu\u00e9 hay hoy? <a href=\"http:\/\/www.reconoce.mx\/festivalmarvincdmx-actividades-de-los-dias-18-y-19-de-mayo\/\" target=\"_blank\" rel=\"noopener noreferrer\">Chequen esta nota<\/a>. \u00bfC\u00f3mo va a estar el rollo ma\u00f1ana? <a href=\"http:\/\/www.reconoce.mx\/festivalmarvincdmx-conoce-los-horarios-de-la-7-a-edicion\/\" target=\"_blank\" rel=\"noopener noreferrer\">Chequen \u00e9sta otra<\/a>.<\/p>\n<style>.embed-container { position: relative; padding-bottom: 56.25%; height: 0; overflow: hidden; max-width: 100%; } .embed-container iframe, .embed-container object, .embed-container embed { position: absolute; top: 0; left: 0; width: 100%; height: 100%; }<\/style>\n<div class=\"embed-container\"><iframe loading=\"lazy\" src=\"https:\/\/www.youtube.com\/embed\/yztgNL7pfQE\" width=\"300\" height=\"150\" frameborder=\"0\" allowfullscreen=\"allowfullscreen\"><\/iframe><\/div>\n<p>&nbsp;<\/p>\n<p>Pues bien, uno de los m\u00fasicos que empezar\u00e1 las actividades ma\u00f1ana en la jornada musical del <a href=\"http:\/\/www.reconoce.mx\/?s=%23FestivalMarvinCDMX\" target=\"_blank\" rel=\"noopener noreferrer\"><strong>#FestivalMarvinCDMX<\/strong><\/a>, es <strong>Ad\u00e1n Jodorowsky<\/strong>. El artista se presentar\u00e1 a las 14:45 horas ma\u00f1ana s\u00e1bado 18 de mayo en <strong>Covadonga Cantina<\/strong>, en lo que el m\u00fasico nos platic\u00f3 en entrevista para <span style=\"color: #a81f25;\"><strong>Reconoce MX<\/strong><\/span>, resultar\u00e1 una experiencia inolvidable y \u00fanica. Aprovechando su presencia en un sitio tan \u00edntimo como el <strong>Covadonga<\/strong>, adaptar\u00e1 su show precisamente para ello.<\/p>\n<p>\u00abYo quise tocar en ac\u00fastico porque voy a tocar mis nuevas canciones por primera vez. Para m\u00ed una buena canci\u00f3n tiene que funcionar si se puede tocar con guitarra y voz, o piano y voz en lo m\u00e1s puro. Es una oportunidad para conocer las nuevas canciones que a\u00fan no salieron; las van a descubrir ah\u00ed, nadie las va a conocer, por eso me gusta, no las van a corear como siempre corean las canciones. Voy a transmitir lo mejor de esas canciones, eso es lo que voy a hacer. Voy a tocar con un jaranero\u00bb, destac\u00f3 <strong>Ad\u00e1n Jodorowsky<\/strong> previo a su show de ma\u00f1ana.<\/p>\n<p>Pues bien, de acuerdo a lo comentado por el m\u00fasico, es poco probable que se cuele uno de sus grandes cl\u00e1sicos y favoritas del p\u00fablico \u00ab<a href=\"https:\/\/www.youtube.com\/watch?v=tmvSZew617E\" target=\"_blank\" rel=\"noopener noreferrer\">Ni\u00f1a Roja<\/a>\u00ab; pero vale, qui\u00e9n sabe, en una de esas si la piden con todas sus fuerzas&#8230;<\/p>\n<p>La versi\u00f3n con la que les dejo hoy es cortes\u00eda de GusM\u00fasica, m\u00fasico de Ciudad de M\u00e9xico que nos regala una versi\u00f3n muy bien ejecutada de \u00abNi\u00f1a Roja\u00bb de <strong>Ad\u00e1n Jodorowosky<\/strong>. \u00bfNos vemos en el <a href=\"http:\/\/www.reconoce.mx\/?s=%23FestivalMarvinCDMX\" target=\"_blank\" rel=\"noopener noreferrer\"><strong>#FestivalMarvinCDMX<\/strong><\/a>?<\/p>\n<p>&nbsp;<\/p>\n<p>&nbsp;<\/p>\n","protected":false},"excerpt":{"rendered":"<p>Ma\u00f1ana s\u00e1bado 20 de mayo es la jornada musical del #FestivalMarvinCDMX. Desde ayer jueves 18 de mayo las actividades de uno de nuestros festivales favoritos son un hecho ya en las colonias Condesa y Roma de Ciudad de M\u00e9xico.<\/p>\n","protected":false},"author":2,"featured_media":61290,"comment_status":"open","ping_status":"open","sticky":false,"template":"","format":"standard","meta":{"footnotes":""},"categories":[1,18,17,1454],"tags":[],"class_list":["post-61242","post","type-post","status-publish","format-standard","has-post-thumbnail","hentry","category-cultura","category-musica","category-principal","category-viernes-versionado"],"yoast_head":"<!-- This site is optimized with the Yoast SEO plugin v24.7 - https:\/\/yoast.com\/wordpress\/plugins\/seo\/ -->\n<title>&#039;Ni\u00f1a Roja&#039;, versi\u00f3n GusM\u00fasica &#171; Reconoce MX<\/title>\n<meta name=\"robots\" content=\"index, follow, max-snippet:-1, max-image-preview:large, max-video-preview:-1\" \/>\n<link rel=\"canonical\" href=\"https:\/\/www.reconoce.mx\/?p=61242\" \/>\n<meta property=\"og:locale\" content=\"es_ES\" \/>\n<meta property=\"og:type\" content=\"article\" \/>\n<meta property=\"og:title\" content=\"&#039;Ni\u00f1a Roja&#039;, versi\u00f3n GusM\u00fasica &#171; Reconoce MX\" \/>\n<meta property=\"og:description\" content=\"Ma\u00f1ana s\u00e1bado 20 de mayo es la jornada musical del #FestivalMarvinCDMX. Desde ayer jueves 18 de mayo las actividades de uno de nuestros festivales favoritos son un hecho ya en las colonias Condesa y Roma de Ciudad de M\u00e9xico.\" \/>\n<meta property=\"og:url\" content=\"https:\/\/www.reconoce.mx\/?p=61242\" \/>\n<meta property=\"og:site_name\" content=\"Reconoce MX\" \/>\n<meta property=\"article:publisher\" content=\"https:\/\/es-la.facebook.com\/ReconoceMX\/\" \/>\n<meta property=\"article:published_time\" content=\"2017-05-19T05:04:12+00:00\" \/>\n<meta property=\"article:modified_time\" content=\"2017-05-19T20:14:53+00:00\" \/>\n<meta property=\"og:image\" content=\"https:\/\/www.reconoce.mx\/wp-content\/uploads\/2017\/05\/gusmusica.png\" \/>\n\t<meta property=\"og:image:width\" content=\"590\" \/>\n\t<meta property=\"og:image:height\" content=\"380\" \/>\n\t<meta property=\"og:image:type\" content=\"image\/png\" \/>\n<meta name=\"author\" content=\"Reconoce MX\" \/>\n<meta name=\"twitter:card\" content=\"summary_large_image\" \/>\n<meta name=\"twitter:creator\" content=\"@reconocemx\" \/>\n<meta name=\"twitter:site\" content=\"@reconocemx\" \/>\n<meta name=\"twitter:label1\" content=\"Escrito por\" \/>\n\t<meta name=\"twitter:data1\" content=\"Reconoce MX\" \/>\n\t<meta name=\"twitter:label2\" content=\"Tiempo de lectura\" \/>\n\t<meta name=\"twitter:data2\" content=\"2 minutos\" \/>\n<script type=\"application\/ld+json\" class=\"yoast-schema-graph\">{\"@context\":\"https:\/\/schema.org\",\"@graph\":[{\"@type\":\"Article\",\"@id\":\"https:\/\/www.reconoce.mx\/?p=61242#article\",\"isPartOf\":{\"@id\":\"https:\/\/www.reconoce.mx\/?p=61242\"},\"author\":{\"name\":\"Reconoce MX\",\"@id\":\"https:\/\/www.reconoce.mx\/#\/schema\/person\/2117e997d7051dc15d6880eaf9bca0b2\"},\"headline\":\"&#8216;Ni\u00f1a Roja&#8217;, versi\u00f3n GusM\u00fasica\",\"datePublished\":\"2017-05-19T05:04:12+00:00\",\"dateModified\":\"2017-05-19T20:14:53+00:00\",\"mainEntityOfPage\":{\"@id\":\"https:\/\/www.reconoce.mx\/?p=61242\"},\"wordCount\":347,\"commentCount\":0,\"publisher\":{\"@id\":\"https:\/\/www.reconoce.mx\/#organization\"},\"image\":{\"@id\":\"https:\/\/www.reconoce.mx\/?p=61242#primaryimage\"},\"thumbnailUrl\":\"https:\/\/www.reconoce.mx\/wp-content\/uploads\/2017\/05\/gusmusica.png\",\"articleSection\":[\"Cultura\",\"M\u00fasica\",\"Principal\",\"Viernes versionado\"],\"inLanguage\":\"es\",\"potentialAction\":[{\"@type\":\"CommentAction\",\"name\":\"Comment\",\"target\":[\"https:\/\/www.reconoce.mx\/?p=61242#respond\"]}]},{\"@type\":\"WebPage\",\"@id\":\"https:\/\/www.reconoce.mx\/?p=61242\",\"url\":\"https:\/\/www.reconoce.mx\/?p=61242\",\"name\":\"'Ni\u00f1a Roja', versi\u00f3n GusM\u00fasica &#171; Reconoce MX\",\"isPartOf\":{\"@id\":\"https:\/\/www.reconoce.mx\/#website\"},\"primaryImageOfPage\":{\"@id\":\"https:\/\/www.reconoce.mx\/?p=61242#primaryimage\"},\"image\":{\"@id\":\"https:\/\/www.reconoce.mx\/?p=61242#primaryimage\"},\"thumbnailUrl\":\"https:\/\/www.reconoce.mx\/wp-content\/uploads\/2017\/05\/gusmusica.png\",\"datePublished\":\"2017-05-19T05:04:12+00:00\",\"dateModified\":\"2017-05-19T20:14:53+00:00\",\"breadcrumb\":{\"@id\":\"https:\/\/www.reconoce.mx\/?p=61242#breadcrumb\"},\"inLanguage\":\"es\",\"potentialAction\":[{\"@type\":\"ReadAction\",\"target\":[\"https:\/\/www.reconoce.mx\/?p=61242\"]}]},{\"@type\":\"ImageObject\",\"inLanguage\":\"es\",\"@id\":\"https:\/\/www.reconoce.mx\/?p=61242#primaryimage\",\"url\":\"https:\/\/www.reconoce.mx\/wp-content\/uploads\/2017\/05\/gusmusica.png\",\"contentUrl\":\"https:\/\/www.reconoce.mx\/wp-content\/uploads\/2017\/05\/gusmusica.png\",\"width\":590,\"height\":380},{\"@type\":\"BreadcrumbList\",\"@id\":\"https:\/\/www.reconoce.mx\/?p=61242#breadcrumb\",\"itemListElement\":[{\"@type\":\"ListItem\",\"position\":1,\"name\":\"Portada\",\"item\":\"https:\/\/www.reconoce.mx\/\"},{\"@type\":\"ListItem\",\"position\":2,\"name\":\"&#8216;Ni\u00f1a Roja&#8217;, versi\u00f3n GusM\u00fasica\"}]},{\"@type\":\"WebSite\",\"@id\":\"https:\/\/www.reconoce.mx\/#website\",\"url\":\"https:\/\/www.reconoce.mx\/\",\"name\":\"Reconoce MX\",\"description\":\"En Reconoce MX difundimos arte, cultura y conciencia social en M\u00e9xico. Tu ciudad en otra perspectiva.\",\"publisher\":{\"@id\":\"https:\/\/www.reconoce.mx\/#organization\"},\"potentialAction\":[{\"@type\":\"SearchAction\",\"target\":{\"@type\":\"EntryPoint\",\"urlTemplate\":\"https:\/\/www.reconoce.mx\/?s={search_term_string}\"},\"query-input\":{\"@type\":\"PropertyValueSpecification\",\"valueRequired\":true,\"valueName\":\"search_term_string\"}}],\"inLanguage\":\"es\"},{\"@type\":\"Organization\",\"@id\":\"https:\/\/www.reconoce.mx\/#organization\",\"name\":\"Reconoce MX\",\"url\":\"https:\/\/www.reconoce.mx\/\",\"logo\":{\"@type\":\"ImageObject\",\"inLanguage\":\"es\",\"@id\":\"https:\/\/www.reconoce.mx\/#\/schema\/logo\/image\/\",\"url\":\"https:\/\/www.reconoce.mx\/wp-content\/uploads\/2019\/03\/logorcmx-good-1.png\",\"contentUrl\":\"https:\/\/www.reconoce.mx\/wp-content\/uploads\/2019\/03\/logorcmx-good-1.png\",\"width\":280,\"height\":90,\"caption\":\"Reconoce MX\"},\"image\":{\"@id\":\"https:\/\/www.reconoce.mx\/#\/schema\/logo\/image\/\"},\"sameAs\":[\"https:\/\/es-la.facebook.com\/ReconoceMX\/\",\"https:\/\/x.com\/reconocemx\",\"http:\/\/@reconocemx\"]},{\"@type\":\"Person\",\"@id\":\"https:\/\/www.reconoce.mx\/#\/schema\/person\/2117e997d7051dc15d6880eaf9bca0b2\",\"name\":\"Reconoce MX\",\"image\":{\"@type\":\"ImageObject\",\"inLanguage\":\"es\",\"@id\":\"https:\/\/www.reconoce.mx\/#\/schema\/person\/image\/\",\"url\":\"https:\/\/secure.gravatar.com\/avatar\/6c8d4dc7569ca1c90c5fdcc349f839d5ddef6fe1e70b4337ead2ef1a4c43fc3a?s=96&d=identicon&r=g\",\"contentUrl\":\"https:\/\/secure.gravatar.com\/avatar\/6c8d4dc7569ca1c90c5fdcc349f839d5ddef6fe1e70b4337ead2ef1a4c43fc3a?s=96&d=identicon&r=g\",\"caption\":\"Reconoce MX\"},\"description\":\"Reconoce MX es un proyecto de difusi\u00f3n art\u00edstica, cultural y de conciencia social que est\u00e1 enfocado a difundir y fomentar el entretenimiento alternativo de calidad para todo el p\u00fablico que comparta el mismo entusiasmo.\",\"sameAs\":[\"http:\/\/www.reconoce.mx\"],\"url\":\"https:\/\/www.reconoce.mx\/?author=2\"}]}<\/script>\n<!-- \/ Yoast SEO plugin. -->","yoast_head_json":{"title":"'Ni\u00f1a Roja', versi\u00f3n GusM\u00fasica &#171; Reconoce MX","robots":{"index":"index","follow":"follow","max-snippet":"max-snippet:-1","max-image-preview":"max-image-preview:large","max-video-preview":"max-video-preview:-1"},"canonical":"https:\/\/www.reconoce.mx\/?p=61242","og_locale":"es_ES","og_type":"article","og_title":"'Ni\u00f1a Roja', versi\u00f3n GusM\u00fasica &#171; Reconoce MX","og_description":"Ma\u00f1ana s\u00e1bado 20 de mayo es la jornada musical del #FestivalMarvinCDMX. Desde ayer jueves 18 de mayo las actividades de uno de nuestros festivales favoritos son un hecho ya en las colonias Condesa y Roma de Ciudad de M\u00e9xico.","og_url":"https:\/\/www.reconoce.mx\/?p=61242","og_site_name":"Reconoce MX","article_publisher":"https:\/\/es-la.facebook.com\/ReconoceMX\/","article_published_time":"2017-05-19T05:04:12+00:00","article_modified_time":"2017-05-19T20:14:53+00:00","og_image":[{"width":590,"height":380,"url":"https:\/\/www.reconoce.mx\/wp-content\/uploads\/2017\/05\/gusmusica.png","type":"image\/png"}],"author":"Reconoce MX","twitter_card":"summary_large_image","twitter_creator":"@reconocemx","twitter_site":"@reconocemx","twitter_misc":{"Escrito por":"Reconoce MX","Tiempo de lectura":"2 minutos"},"schema":{"@context":"https:\/\/schema.org","@graph":[{"@type":"Article","@id":"https:\/\/www.reconoce.mx\/?p=61242#article","isPartOf":{"@id":"https:\/\/www.reconoce.mx\/?p=61242"},"author":{"name":"Reconoce MX","@id":"https:\/\/www.reconoce.mx\/#\/schema\/person\/2117e997d7051dc15d6880eaf9bca0b2"},"headline":"&#8216;Ni\u00f1a Roja&#8217;, versi\u00f3n GusM\u00fasica","datePublished":"2017-05-19T05:04:12+00:00","dateModified":"2017-05-19T20:14:53+00:00","mainEntityOfPage":{"@id":"https:\/\/www.reconoce.mx\/?p=61242"},"wordCount":347,"commentCount":0,"publisher":{"@id":"https:\/\/www.reconoce.mx\/#organization"},"image":{"@id":"https:\/\/www.reconoce.mx\/?p=61242#primaryimage"},"thumbnailUrl":"https:\/\/www.reconoce.mx\/wp-content\/uploads\/2017\/05\/gusmusica.png","articleSection":["Cultura","M\u00fasica","Principal","Viernes versionado"],"inLanguage":"es","potentialAction":[{"@type":"CommentAction","name":"Comment","target":["https:\/\/www.reconoce.mx\/?p=61242#respond"]}]},{"@type":"WebPage","@id":"https:\/\/www.reconoce.mx\/?p=61242","url":"https:\/\/www.reconoce.mx\/?p=61242","name":"'Ni\u00f1a Roja', versi\u00f3n GusM\u00fasica &#171; Reconoce MX","isPartOf":{"@id":"https:\/\/www.reconoce.mx\/#website"},"primaryImageOfPage":{"@id":"https:\/\/www.reconoce.mx\/?p=61242#primaryimage"},"image":{"@id":"https:\/\/www.reconoce.mx\/?p=61242#primaryimage"},"thumbnailUrl":"https:\/\/www.reconoce.mx\/wp-content\/uploads\/2017\/05\/gusmusica.png","datePublished":"2017-05-19T05:04:12+00:00","dateModified":"2017-05-19T20:14:53+00:00","breadcrumb":{"@id":"https:\/\/www.reconoce.mx\/?p=61242#breadcrumb"},"inLanguage":"es","potentialAction":[{"@type":"ReadAction","target":["https:\/\/www.reconoce.mx\/?p=61242"]}]},{"@type":"ImageObject","inLanguage":"es","@id":"https:\/\/www.reconoce.mx\/?p=61242#primaryimage","url":"https:\/\/www.reconoce.mx\/wp-content\/uploads\/2017\/05\/gusmusica.png","contentUrl":"https:\/\/www.reconoce.mx\/wp-content\/uploads\/2017\/05\/gusmusica.png","width":590,"height":380},{"@type":"BreadcrumbList","@id":"https:\/\/www.reconoce.mx\/?p=61242#breadcrumb","itemListElement":[{"@type":"ListItem","position":1,"name":"Portada","item":"https:\/\/www.reconoce.mx\/"},{"@type":"ListItem","position":2,"name":"&#8216;Ni\u00f1a Roja&#8217;, versi\u00f3n GusM\u00fasica"}]},{"@type":"WebSite","@id":"https:\/\/www.reconoce.mx\/#website","url":"https:\/\/www.reconoce.mx\/","name":"Reconoce MX","description":"En Reconoce MX difundimos arte, cultura y conciencia social en M\u00e9xico. Tu ciudad en otra perspectiva.","publisher":{"@id":"https:\/\/www.reconoce.mx\/#organization"},"potentialAction":[{"@type":"SearchAction","target":{"@type":"EntryPoint","urlTemplate":"https:\/\/www.reconoce.mx\/?s={search_term_string}"},"query-input":{"@type":"PropertyValueSpecification","valueRequired":true,"valueName":"search_term_string"}}],"inLanguage":"es"},{"@type":"Organization","@id":"https:\/\/www.reconoce.mx\/#organization","name":"Reconoce MX","url":"https:\/\/www.reconoce.mx\/","logo":{"@type":"ImageObject","inLanguage":"es","@id":"https:\/\/www.reconoce.mx\/#\/schema\/logo\/image\/","url":"https:\/\/www.reconoce.mx\/wp-content\/uploads\/2019\/03\/logorcmx-good-1.png","contentUrl":"https:\/\/www.reconoce.mx\/wp-content\/uploads\/2019\/03\/logorcmx-good-1.png","width":280,"height":90,"caption":"Reconoce MX"},"image":{"@id":"https:\/\/www.reconoce.mx\/#\/schema\/logo\/image\/"},"sameAs":["https:\/\/es-la.facebook.com\/ReconoceMX\/","https:\/\/x.com\/reconocemx","http:\/\/@reconocemx"]},{"@type":"Person","@id":"https:\/\/www.reconoce.mx\/#\/schema\/person\/2117e997d7051dc15d6880eaf9bca0b2","name":"Reconoce MX","image":{"@type":"ImageObject","inLanguage":"es","@id":"https:\/\/www.reconoce.mx\/#\/schema\/person\/image\/","url":"https:\/\/secure.gravatar.com\/avatar\/6c8d4dc7569ca1c90c5fdcc349f839d5ddef6fe1e70b4337ead2ef1a4c43fc3a?s=96&d=identicon&r=g","contentUrl":"https:\/\/secure.gravatar.com\/avatar\/6c8d4dc7569ca1c90c5fdcc349f839d5ddef6fe1e70b4337ead2ef1a4c43fc3a?s=96&d=identicon&r=g","caption":"Reconoce MX"},"description":"Reconoce MX es un proyecto de difusi\u00f3n art\u00edstica, cultural y de conciencia social que est\u00e1 enfocado a difundir y fomentar el entretenimiento alternativo de calidad para todo el p\u00fablico que comparta el mismo entusiasmo.","sameAs":["http:\/\/www.reconoce.mx"],"url":"https:\/\/www.reconoce.mx\/?author=2"}]}},"_links":{"self":[{"href":"https:\/\/www.reconoce.mx\/index.php?rest_route=\/wp\/v2\/posts\/61242","targetHints":{"allow":["GET"]}}],"collection":[{"href":"https:\/\/www.reconoce.mx\/index.php?rest_route=\/wp\/v2\/posts"}],"about":[{"href":"https:\/\/www.reconoce.mx\/index.php?rest_route=\/wp\/v2\/types\/post"}],"author":[{"embeddable":true,"href":"https:\/\/www.reconoce.mx\/index.php?rest_route=\/wp\/v2\/users\/2"}],"replies":[{"embeddable":true,"href":"https:\/\/www.reconoce.mx\/index.php?rest_route=%2Fwp%2Fv2%2Fcomments&post=61242"}],"version-history":[{"count":5,"href":"https:\/\/www.reconoce.mx\/index.php?rest_route=\/wp\/v2\/posts\/61242\/revisions"}],"predecessor-version":[{"id":61291,"href":"https:\/\/www.reconoce.mx\/index.php?rest_route=\/wp\/v2\/posts\/61242\/revisions\/61291"}],"wp:featuredmedia":[{"embeddable":true,"href":"https:\/\/www.reconoce.mx\/index.php?rest_route=\/wp\/v2\/media\/61290"}],"wp:attachment":[{"href":"https:\/\/www.reconoce.mx\/index.php?rest_route=%2Fwp%2Fv2%2Fmedia&parent=61242"}],"wp:term":[{"taxonomy":"category","embeddable":true,"href":"https:\/\/www.reconoce.mx\/index.php?rest_route=%2Fwp%2Fv2%2Fcategories&post=61242"},{"taxonomy":"post_tag","embeddable":true,"href":"https:\/\/www.reconoce.mx\/index.php?rest_route=%2Fwp%2Fv2%2Ftags&post=61242"}],"curies":[{"name":"wp","href":"https:\/\/api.w.org\/{rel}","templated":true}]}}