{"id":61276,"date":"2017-05-16T00:03:38","date_gmt":"2017-05-16T05:03:38","guid":{"rendered":"http:\/\/www.reconoce.mx\/?p=61276"},"modified":"2017-05-16T16:38:40","modified_gmt":"2017-05-16T21:38:40","slug":"la-santa-cecilia-nos-dejara-amar-y-vivir-en-el-lunario","status":"publish","type":"post","link":"https:\/\/www.reconoce.mx\/?p=61276","title":{"rendered":"La Santa Cecilia nos dejar\u00e1 \u00abAmar y vivir\u00bb en el Lunario"},"content":{"rendered":"<p><strong> Por <a title=\"@AsfaltosTweets\" href=\"http:\/\/twitter.com\/AsfaltosTweets\" target=\"_blank\" rel=\"noopener noreferrer\">Asfaltos<\/a><\/strong>.<\/p>\n<p>La agrupaci\u00f3n M\u00e9xico-Americana con base en Los \u00c1ngeles, California, <strong>La Santa Cecilia<\/strong>, pisar\u00e1 suelo mexicano para animarnos con su m\u00fasica influenciada por g\u00e9neros tan diversos como la cumbia, la bossa nova y los boleros. <strong>La Santa Cecilia<\/strong> son Marisol \u00abLa Marisoul\u00bb Hern\u00e1ndez, Jos\u00e9 \u00abPepe\u00bb Carlos, Miguel \u00abOso\u00bb Ram\u00edrez y Alex Bendana.<\/p>\n<p><a href=\"http:\/\/www.reconoce.mx\/wp-content\/uploads\/2017\/05\/17880250_1318417118252202_8372040705630900248_o-1.jpg\"><img loading=\"lazy\" decoding=\"async\" class=\"aligncenter size-full wp-image-61284\" src=\"http:\/\/www.reconoce.mx\/wp-content\/uploads\/2017\/05\/17880250_1318417118252202_8372040705630900248_o-1.jpg\" alt=\"\" width=\"620\" height=\"960\" srcset=\"https:\/\/www.reconoce.mx\/wp-content\/uploads\/2017\/05\/17880250_1318417118252202_8372040705630900248_o-1.jpg 620w, https:\/\/www.reconoce.mx\/wp-content\/uploads\/2017\/05\/17880250_1318417118252202_8372040705630900248_o-1-194x300.jpg 194w, https:\/\/www.reconoce.mx\/wp-content\/uploads\/2017\/05\/17880250_1318417118252202_8372040705630900248_o-1-150x232.jpg 150w, https:\/\/www.reconoce.mx\/wp-content\/uploads\/2017\/05\/17880250_1318417118252202_8372040705630900248_o-1-300x465.jpg 300w\" sizes=\"auto, (max-width: 620px) 100vw, 620px\" \/><\/a><\/p>\n<p>Con su m\u00e1s reciente producci\u00f3n \u00abAmar y vivir\u00bb bajo el brazo, el cuarteto angelino aterriza en Ciudad de M\u00e9xico, donde ya grab\u00f3 las canciones en vivo de este material, no solo en audio, \u00a1sino tambi\u00e9n en video! La producci\u00f3n rememora as\u00ed un poco los inicios de la agrupaci\u00f3n en Los \u00c1ngeles, donde tocaban en sus inicios en plena calle.<\/p>\n<p>11 versiones y 1 tema in\u00e9dito forman el \u00abAmar y vivir\u00bb que estremece la piel de entrada por la interpretaci\u00f3n de Marisol, quien con su voz llena de magia las canciones entre las que se encuentran precisamente \u00abAmar y vivir\u00bb en compa\u00f1\u00eda de <strong>Comisario Pantera<\/strong>, la tremenda y siempre emocionante \u00abM\u00e9xico Americano\u00bb junto a <strong>Rebel Cats<\/strong>, \u00abIngrata\u00bb de <strong>Caf\u00e9 Tacvba<\/strong> en compa\u00f1ia de <strong>Mon Laferte<\/strong>, la siempre emotiva \u00abAmor eterno\u00bb de <strong>Juan Gabriel<\/strong>, y varias canciones m\u00e1s.<\/p>\n<style>.embed-container { position: relative; padding-bottom: 56.25%; height: 0; overflow: hidden; max-width: 100%; } .embed-container iframe, .embed-container object, .embed-container embed { position: absolute; top: 0; left: 0; width: 100%; height: 100%; }<\/style>\n<div class=\"embed-container\"><iframe loading=\"lazy\" src=\"https:\/\/www.youtube.com\/embed\/TBxGPhXFnjc\" width=\"300\" height=\"150\" frameborder=\"0\" allowfullscreen=\"allowfullscreen\"><\/iframe><\/div>\n<p>&nbsp;<\/p>\n<p>\u00bfYa se les antoj\u00f3? <strong>La Santa Cecilia<\/strong> pisar\u00e1 el escenario del <strong>Lunario del Auditorio Nacional<\/strong> el pr\u00f3ximo viernes 19 de mayo. El show se antoja absolutamente imperdible; una delicia absoluta que no deben de perderse.<\/p>\n<p>Boletos a la venta en taquillas del <strong>Auditorio Nacional<\/strong> y a trav\u00e9s del <a href=\"http:\/\/www.ticketmaster.com.mx\/bookingland-presenta-la-santa-cecilia-ciudad-de-mexico-distrito-federal-19-05-2017\/event\/14005277D1FBE5B3?artistid=1588873&amp;majorcatid=10001&amp;minorcatid=52\" target=\"_blank\" rel=\"noopener noreferrer\">Sistema Ticketmaster<\/a>.<\/p>\n<p style=\"text-align: right;\">Con informaci\u00f3n e im\u00e1genes cortes\u00eda de <strong>Los Manejadores<\/strong>.<\/p>\n<p>&nbsp;<\/p>\n<p>&nbsp;<\/p>\n","protected":false},"excerpt":{"rendered":"<p>La agrupaci\u00f3n M\u00e9xico-Americana con base en Los \u00c1ngeles, California, La Santa Cecilia, pisar\u00e1 suelo mexicano para animarnos con su m\u00fasica influenciada por g\u00e9neros tan diversos como la cumbia, la bossa nova y los boletos.<\/p>\n","protected":false},"author":2,"featured_media":61285,"comment_status":"open","ping_status":"open","sticky":false,"template":"","format":"standard","meta":{"footnotes":""},"categories":[1,18,17],"tags":[],"class_list":["post-61276","post","type-post","status-publish","format-standard","has-post-thumbnail","hentry","category-cultura","category-musica","category-principal"],"yoast_head":"<!-- This site is optimized with the Yoast SEO plugin v24.7 - https:\/\/yoast.com\/wordpress\/plugins\/seo\/ -->\n<title>La Santa Cecilia nos dejar\u00e1 &quot;Amar y vivir&quot; en el Lunario &#171; Reconoce MX<\/title>\n<meta name=\"robots\" content=\"index, follow, max-snippet:-1, max-image-preview:large, max-video-preview:-1\" \/>\n<link rel=\"canonical\" href=\"https:\/\/www.reconoce.mx\/?p=61276\" \/>\n<meta property=\"og:locale\" content=\"es_ES\" \/>\n<meta property=\"og:type\" content=\"article\" \/>\n<meta property=\"og:title\" content=\"La Santa Cecilia nos dejar\u00e1 &quot;Amar y vivir&quot; en el Lunario &#171; Reconoce MX\" \/>\n<meta property=\"og:description\" content=\"La agrupaci\u00f3n M\u00e9xico-Americana con base en Los \u00c1ngeles, California, La Santa Cecilia, pisar\u00e1 suelo mexicano para animarnos con su m\u00fasica influenciada por g\u00e9neros tan diversos como la cumbia, la bossa nova y los boletos.\" \/>\n<meta property=\"og:url\" content=\"https:\/\/www.reconoce.mx\/?p=61276\" \/>\n<meta property=\"og:site_name\" content=\"Reconoce MX\" \/>\n<meta property=\"article:publisher\" content=\"https:\/\/es-la.facebook.com\/ReconoceMX\/\" \/>\n<meta property=\"article:published_time\" content=\"2017-05-16T05:03:38+00:00\" \/>\n<meta property=\"article:modified_time\" content=\"2017-05-16T21:38:40+00:00\" \/>\n<meta property=\"og:image\" content=\"https:\/\/www.reconoce.mx\/wp-content\/uploads\/2017\/05\/la-santa-cecilia-cover.png\" \/>\n\t<meta property=\"og:image:width\" content=\"590\" \/>\n\t<meta property=\"og:image:height\" content=\"380\" \/>\n\t<meta property=\"og:image:type\" content=\"image\/png\" \/>\n<meta name=\"author\" content=\"Reconoce MX\" \/>\n<meta name=\"twitter:card\" content=\"summary_large_image\" \/>\n<meta name=\"twitter:creator\" content=\"@reconocemx\" \/>\n<meta name=\"twitter:site\" content=\"@reconocemx\" \/>\n<meta name=\"twitter:label1\" content=\"Escrito por\" \/>\n\t<meta name=\"twitter:data1\" content=\"Reconoce MX\" \/>\n\t<meta name=\"twitter:label2\" content=\"Tiempo de lectura\" \/>\n\t<meta name=\"twitter:data2\" content=\"1 minuto\" \/>\n<script type=\"application\/ld+json\" class=\"yoast-schema-graph\">{\"@context\":\"https:\/\/schema.org\",\"@graph\":[{\"@type\":\"Article\",\"@id\":\"https:\/\/www.reconoce.mx\/?p=61276#article\",\"isPartOf\":{\"@id\":\"https:\/\/www.reconoce.mx\/?p=61276\"},\"author\":{\"name\":\"Reconoce MX\",\"@id\":\"https:\/\/www.reconoce.mx\/#\/schema\/person\/2117e997d7051dc15d6880eaf9bca0b2\"},\"headline\":\"La Santa Cecilia nos dejar\u00e1 \u00abAmar y vivir\u00bb en el Lunario\",\"datePublished\":\"2017-05-16T05:03:38+00:00\",\"dateModified\":\"2017-05-16T21:38:40+00:00\",\"mainEntityOfPage\":{\"@id\":\"https:\/\/www.reconoce.mx\/?p=61276\"},\"wordCount\":281,\"commentCount\":0,\"publisher\":{\"@id\":\"https:\/\/www.reconoce.mx\/#organization\"},\"image\":{\"@id\":\"https:\/\/www.reconoce.mx\/?p=61276#primaryimage\"},\"thumbnailUrl\":\"https:\/\/www.reconoce.mx\/wp-content\/uploads\/2017\/05\/la-santa-cecilia-cover.png\",\"articleSection\":[\"Cultura\",\"M\u00fasica\",\"Principal\"],\"inLanguage\":\"es\",\"potentialAction\":[{\"@type\":\"CommentAction\",\"name\":\"Comment\",\"target\":[\"https:\/\/www.reconoce.mx\/?p=61276#respond\"]}]},{\"@type\":\"WebPage\",\"@id\":\"https:\/\/www.reconoce.mx\/?p=61276\",\"url\":\"https:\/\/www.reconoce.mx\/?p=61276\",\"name\":\"La Santa Cecilia nos dejar\u00e1 \\\"Amar y vivir\\\" en el Lunario &#171; Reconoce MX\",\"isPartOf\":{\"@id\":\"https:\/\/www.reconoce.mx\/#website\"},\"primaryImageOfPage\":{\"@id\":\"https:\/\/www.reconoce.mx\/?p=61276#primaryimage\"},\"image\":{\"@id\":\"https:\/\/www.reconoce.mx\/?p=61276#primaryimage\"},\"thumbnailUrl\":\"https:\/\/www.reconoce.mx\/wp-content\/uploads\/2017\/05\/la-santa-cecilia-cover.png\",\"datePublished\":\"2017-05-16T05:03:38+00:00\",\"dateModified\":\"2017-05-16T21:38:40+00:00\",\"breadcrumb\":{\"@id\":\"https:\/\/www.reconoce.mx\/?p=61276#breadcrumb\"},\"inLanguage\":\"es\",\"potentialAction\":[{\"@type\":\"ReadAction\",\"target\":[\"https:\/\/www.reconoce.mx\/?p=61276\"]}]},{\"@type\":\"ImageObject\",\"inLanguage\":\"es\",\"@id\":\"https:\/\/www.reconoce.mx\/?p=61276#primaryimage\",\"url\":\"https:\/\/www.reconoce.mx\/wp-content\/uploads\/2017\/05\/la-santa-cecilia-cover.png\",\"contentUrl\":\"https:\/\/www.reconoce.mx\/wp-content\/uploads\/2017\/05\/la-santa-cecilia-cover.png\",\"width\":590,\"height\":380},{\"@type\":\"BreadcrumbList\",\"@id\":\"https:\/\/www.reconoce.mx\/?p=61276#breadcrumb\",\"itemListElement\":[{\"@type\":\"ListItem\",\"position\":1,\"name\":\"Portada\",\"item\":\"https:\/\/www.reconoce.mx\/\"},{\"@type\":\"ListItem\",\"position\":2,\"name\":\"La Santa Cecilia nos dejar\u00e1 \u00abAmar y vivir\u00bb en el Lunario\"}]},{\"@type\":\"WebSite\",\"@id\":\"https:\/\/www.reconoce.mx\/#website\",\"url\":\"https:\/\/www.reconoce.mx\/\",\"name\":\"Reconoce MX\",\"description\":\"En Reconoce MX difundimos arte, cultura y conciencia social en M\u00e9xico. Tu ciudad en otra perspectiva.\",\"publisher\":{\"@id\":\"https:\/\/www.reconoce.mx\/#organization\"},\"potentialAction\":[{\"@type\":\"SearchAction\",\"target\":{\"@type\":\"EntryPoint\",\"urlTemplate\":\"https:\/\/www.reconoce.mx\/?s={search_term_string}\"},\"query-input\":{\"@type\":\"PropertyValueSpecification\",\"valueRequired\":true,\"valueName\":\"search_term_string\"}}],\"inLanguage\":\"es\"},{\"@type\":\"Organization\",\"@id\":\"https:\/\/www.reconoce.mx\/#organization\",\"name\":\"Reconoce MX\",\"url\":\"https:\/\/www.reconoce.mx\/\",\"logo\":{\"@type\":\"ImageObject\",\"inLanguage\":\"es\",\"@id\":\"https:\/\/www.reconoce.mx\/#\/schema\/logo\/image\/\",\"url\":\"https:\/\/www.reconoce.mx\/wp-content\/uploads\/2019\/03\/logorcmx-good-1.png\",\"contentUrl\":\"https:\/\/www.reconoce.mx\/wp-content\/uploads\/2019\/03\/logorcmx-good-1.png\",\"width\":280,\"height\":90,\"caption\":\"Reconoce MX\"},\"image\":{\"@id\":\"https:\/\/www.reconoce.mx\/#\/schema\/logo\/image\/\"},\"sameAs\":[\"https:\/\/es-la.facebook.com\/ReconoceMX\/\",\"https:\/\/x.com\/reconocemx\",\"http:\/\/@reconocemx\"]},{\"@type\":\"Person\",\"@id\":\"https:\/\/www.reconoce.mx\/#\/schema\/person\/2117e997d7051dc15d6880eaf9bca0b2\",\"name\":\"Reconoce MX\",\"image\":{\"@type\":\"ImageObject\",\"inLanguage\":\"es\",\"@id\":\"https:\/\/www.reconoce.mx\/#\/schema\/person\/image\/\",\"url\":\"https:\/\/secure.gravatar.com\/avatar\/6c8d4dc7569ca1c90c5fdcc349f839d5ddef6fe1e70b4337ead2ef1a4c43fc3a?s=96&d=identicon&r=g\",\"contentUrl\":\"https:\/\/secure.gravatar.com\/avatar\/6c8d4dc7569ca1c90c5fdcc349f839d5ddef6fe1e70b4337ead2ef1a4c43fc3a?s=96&d=identicon&r=g\",\"caption\":\"Reconoce MX\"},\"description\":\"Reconoce MX es un proyecto de difusi\u00f3n art\u00edstica, cultural y de conciencia social que est\u00e1 enfocado a difundir y fomentar el entretenimiento alternativo de calidad para todo el p\u00fablico que comparta el mismo entusiasmo.\",\"sameAs\":[\"http:\/\/www.reconoce.mx\"],\"url\":\"https:\/\/www.reconoce.mx\/?author=2\"}]}<\/script>\n<!-- \/ Yoast SEO plugin. -->","yoast_head_json":{"title":"La Santa Cecilia nos dejar\u00e1 \"Amar y vivir\" en el Lunario &#171; Reconoce MX","robots":{"index":"index","follow":"follow","max-snippet":"max-snippet:-1","max-image-preview":"max-image-preview:large","max-video-preview":"max-video-preview:-1"},"canonical":"https:\/\/www.reconoce.mx\/?p=61276","og_locale":"es_ES","og_type":"article","og_title":"La Santa Cecilia nos dejar\u00e1 \"Amar y vivir\" en el Lunario &#171; Reconoce MX","og_description":"La agrupaci\u00f3n M\u00e9xico-Americana con base en Los \u00c1ngeles, California, La Santa Cecilia, pisar\u00e1 suelo mexicano para animarnos con su m\u00fasica influenciada por g\u00e9neros tan diversos como la cumbia, la bossa nova y los boletos.","og_url":"https:\/\/www.reconoce.mx\/?p=61276","og_site_name":"Reconoce MX","article_publisher":"https:\/\/es-la.facebook.com\/ReconoceMX\/","article_published_time":"2017-05-16T05:03:38+00:00","article_modified_time":"2017-05-16T21:38:40+00:00","og_image":[{"width":590,"height":380,"url":"https:\/\/www.reconoce.mx\/wp-content\/uploads\/2017\/05\/la-santa-cecilia-cover.png","type":"image\/png"}],"author":"Reconoce MX","twitter_card":"summary_large_image","twitter_creator":"@reconocemx","twitter_site":"@reconocemx","twitter_misc":{"Escrito por":"Reconoce MX","Tiempo de lectura":"1 minuto"},"schema":{"@context":"https:\/\/schema.org","@graph":[{"@type":"Article","@id":"https:\/\/www.reconoce.mx\/?p=61276#article","isPartOf":{"@id":"https:\/\/www.reconoce.mx\/?p=61276"},"author":{"name":"Reconoce MX","@id":"https:\/\/www.reconoce.mx\/#\/schema\/person\/2117e997d7051dc15d6880eaf9bca0b2"},"headline":"La Santa Cecilia nos dejar\u00e1 \u00abAmar y vivir\u00bb en el Lunario","datePublished":"2017-05-16T05:03:38+00:00","dateModified":"2017-05-16T21:38:40+00:00","mainEntityOfPage":{"@id":"https:\/\/www.reconoce.mx\/?p=61276"},"wordCount":281,"commentCount":0,"publisher":{"@id":"https:\/\/www.reconoce.mx\/#organization"},"image":{"@id":"https:\/\/www.reconoce.mx\/?p=61276#primaryimage"},"thumbnailUrl":"https:\/\/www.reconoce.mx\/wp-content\/uploads\/2017\/05\/la-santa-cecilia-cover.png","articleSection":["Cultura","M\u00fasica","Principal"],"inLanguage":"es","potentialAction":[{"@type":"CommentAction","name":"Comment","target":["https:\/\/www.reconoce.mx\/?p=61276#respond"]}]},{"@type":"WebPage","@id":"https:\/\/www.reconoce.mx\/?p=61276","url":"https:\/\/www.reconoce.mx\/?p=61276","name":"La Santa Cecilia nos dejar\u00e1 \"Amar y vivir\" en el Lunario &#171; Reconoce MX","isPartOf":{"@id":"https:\/\/www.reconoce.mx\/#website"},"primaryImageOfPage":{"@id":"https:\/\/www.reconoce.mx\/?p=61276#primaryimage"},"image":{"@id":"https:\/\/www.reconoce.mx\/?p=61276#primaryimage"},"thumbnailUrl":"https:\/\/www.reconoce.mx\/wp-content\/uploads\/2017\/05\/la-santa-cecilia-cover.png","datePublished":"2017-05-16T05:03:38+00:00","dateModified":"2017-05-16T21:38:40+00:00","breadcrumb":{"@id":"https:\/\/www.reconoce.mx\/?p=61276#breadcrumb"},"inLanguage":"es","potentialAction":[{"@type":"ReadAction","target":["https:\/\/www.reconoce.mx\/?p=61276"]}]},{"@type":"ImageObject","inLanguage":"es","@id":"https:\/\/www.reconoce.mx\/?p=61276#primaryimage","url":"https:\/\/www.reconoce.mx\/wp-content\/uploads\/2017\/05\/la-santa-cecilia-cover.png","contentUrl":"https:\/\/www.reconoce.mx\/wp-content\/uploads\/2017\/05\/la-santa-cecilia-cover.png","width":590,"height":380},{"@type":"BreadcrumbList","@id":"https:\/\/www.reconoce.mx\/?p=61276#breadcrumb","itemListElement":[{"@type":"ListItem","position":1,"name":"Portada","item":"https:\/\/www.reconoce.mx\/"},{"@type":"ListItem","position":2,"name":"La Santa Cecilia nos dejar\u00e1 \u00abAmar y vivir\u00bb en el Lunario"}]},{"@type":"WebSite","@id":"https:\/\/www.reconoce.mx\/#website","url":"https:\/\/www.reconoce.mx\/","name":"Reconoce MX","description":"En Reconoce MX difundimos arte, cultura y conciencia social en M\u00e9xico. Tu ciudad en otra perspectiva.","publisher":{"@id":"https:\/\/www.reconoce.mx\/#organization"},"potentialAction":[{"@type":"SearchAction","target":{"@type":"EntryPoint","urlTemplate":"https:\/\/www.reconoce.mx\/?s={search_term_string}"},"query-input":{"@type":"PropertyValueSpecification","valueRequired":true,"valueName":"search_term_string"}}],"inLanguage":"es"},{"@type":"Organization","@id":"https:\/\/www.reconoce.mx\/#organization","name":"Reconoce MX","url":"https:\/\/www.reconoce.mx\/","logo":{"@type":"ImageObject","inLanguage":"es","@id":"https:\/\/www.reconoce.mx\/#\/schema\/logo\/image\/","url":"https:\/\/www.reconoce.mx\/wp-content\/uploads\/2019\/03\/logorcmx-good-1.png","contentUrl":"https:\/\/www.reconoce.mx\/wp-content\/uploads\/2019\/03\/logorcmx-good-1.png","width":280,"height":90,"caption":"Reconoce MX"},"image":{"@id":"https:\/\/www.reconoce.mx\/#\/schema\/logo\/image\/"},"sameAs":["https:\/\/es-la.facebook.com\/ReconoceMX\/","https:\/\/x.com\/reconocemx","http:\/\/@reconocemx"]},{"@type":"Person","@id":"https:\/\/www.reconoce.mx\/#\/schema\/person\/2117e997d7051dc15d6880eaf9bca0b2","name":"Reconoce MX","image":{"@type":"ImageObject","inLanguage":"es","@id":"https:\/\/www.reconoce.mx\/#\/schema\/person\/image\/","url":"https:\/\/secure.gravatar.com\/avatar\/6c8d4dc7569ca1c90c5fdcc349f839d5ddef6fe1e70b4337ead2ef1a4c43fc3a?s=96&d=identicon&r=g","contentUrl":"https:\/\/secure.gravatar.com\/avatar\/6c8d4dc7569ca1c90c5fdcc349f839d5ddef6fe1e70b4337ead2ef1a4c43fc3a?s=96&d=identicon&r=g","caption":"Reconoce MX"},"description":"Reconoce MX es un proyecto de difusi\u00f3n art\u00edstica, cultural y de conciencia social que est\u00e1 enfocado a difundir y fomentar el entretenimiento alternativo de calidad para todo el p\u00fablico que comparta el mismo entusiasmo.","sameAs":["http:\/\/www.reconoce.mx"],"url":"https:\/\/www.reconoce.mx\/?author=2"}]}},"_links":{"self":[{"href":"https:\/\/www.reconoce.mx\/index.php?rest_route=\/wp\/v2\/posts\/61276","targetHints":{"allow":["GET"]}}],"collection":[{"href":"https:\/\/www.reconoce.mx\/index.php?rest_route=\/wp\/v2\/posts"}],"about":[{"href":"https:\/\/www.reconoce.mx\/index.php?rest_route=\/wp\/v2\/types\/post"}],"author":[{"embeddable":true,"href":"https:\/\/www.reconoce.mx\/index.php?rest_route=\/wp\/v2\/users\/2"}],"replies":[{"embeddable":true,"href":"https:\/\/www.reconoce.mx\/index.php?rest_route=%2Fwp%2Fv2%2Fcomments&post=61276"}],"version-history":[{"count":4,"href":"https:\/\/www.reconoce.mx\/index.php?rest_route=\/wp\/v2\/posts\/61276\/revisions"}],"predecessor-version":[{"id":61287,"href":"https:\/\/www.reconoce.mx\/index.php?rest_route=\/wp\/v2\/posts\/61276\/revisions\/61287"}],"wp:featuredmedia":[{"embeddable":true,"href":"https:\/\/www.reconoce.mx\/index.php?rest_route=\/wp\/v2\/media\/61285"}],"wp:attachment":[{"href":"https:\/\/www.reconoce.mx\/index.php?rest_route=%2Fwp%2Fv2%2Fmedia&parent=61276"}],"wp:term":[{"taxonomy":"category","embeddable":true,"href":"https:\/\/www.reconoce.mx\/index.php?rest_route=%2Fwp%2Fv2%2Fcategories&post=61276"},{"taxonomy":"post_tag","embeddable":true,"href":"https:\/\/www.reconoce.mx\/index.php?rest_route=%2Fwp%2Fv2%2Ftags&post=61276"}],"curies":[{"name":"wp","href":"https:\/\/api.w.org\/{rel}","templated":true}]}}