{"id":61340,"date":"2017-05-22T00:05:03","date_gmt":"2017-05-22T05:05:03","guid":{"rendered":"http:\/\/www.reconoce.mx\/?p=61340"},"modified":"2017-05-22T06:26:29","modified_gmt":"2017-05-22T11:26:29","slug":"la-polemica-netflix-en-cannes","status":"publish","type":"post","link":"https:\/\/www.reconoce.mx\/?p=61340","title":{"rendered":"La pol\u00e9mica Netflix en Cannes"},"content":{"rendered":"<p><a href=\"http:\/\/www.reconoce.mx\/category\/columnistas\/la-ballesta-de-mascatabaco\/\"><img loading=\"lazy\" decoding=\"async\" class=\"aligncenter size-full wp-image-42011\" src=\"http:\/\/www.reconoce.mx\/wp-content\/uploads\/2015\/05\/la-ballesta.png\" alt=\"la-ballesta\" width=\"570\" height=\"70\" srcset=\"https:\/\/www.reconoce.mx\/wp-content\/uploads\/2015\/05\/la-ballesta.png 570w, https:\/\/www.reconoce.mx\/wp-content\/uploads\/2015\/05\/la-ballesta-300x37.png 300w, https:\/\/www.reconoce.mx\/wp-content\/uploads\/2015\/05\/la-ballesta-150x18.png 150w\" sizes=\"auto, (max-width: 570px) 100vw, 570px\" \/><\/a><strong><br \/>\nPor <a title=\"@AsfaltosTweets\" href=\"http:\/\/twitter.com\/AsfaltosTweets\" target=\"_blank\" rel=\"noopener noreferrer\">Asfaltos<\/a><\/strong>.<\/p>\n<p>\u00abRecuerdo haberme subido a un avi\u00f3n, creo que en alg\u00fan momento en 2000, con Reed y Marc Randolph -cofundador de <strong>Netflix<\/strong>&#8211; volando a Dallas, Texas, para reunirnos con John Antioco (director ejecutivo de <strong>Blockbuster<\/strong>). Reed tuvo la <a href=\"http:\/\/es.chabad.org\/library\/article_cdo\/aid\/1730712\/jewish\/Qu-es-Jutzp.htm\" target=\"_blank\" rel=\"noopener noreferrer\">jutzp\u00e1<\/a> de proponerles que ejecut\u00e1ramos su marca en l\u00ednea y que ellos corrieran -la nuestra- en sus tiendas. S\u00f3lo se rieron en su oficina; al menos inicialmente pensaron que \u00e9ramos un nicho muy peque\u00f1o en el negocio. Gradualmente con el tiempo, a medida que crecimos nuestro mercado, su pensamiento evolucion\u00f3; pero inicialmente nos ignoraron y eso fue mucha ventaja para nosotros\u00bb.<\/p>\n<p><a href=\"http:\/\/www.reconoce.mx\/wp-content\/uploads\/2017\/05\/cannes2.png\"><img loading=\"lazy\" decoding=\"async\" class=\"aligncenter size-full wp-image-61350\" src=\"http:\/\/www.reconoce.mx\/wp-content\/uploads\/2017\/05\/cannes2.png\" alt=\"\" width=\"590\" height=\"380\" srcset=\"https:\/\/www.reconoce.mx\/wp-content\/uploads\/2017\/05\/cannes2.png 590w, https:\/\/www.reconoce.mx\/wp-content\/uploads\/2017\/05\/cannes2-300x193.png 300w, https:\/\/www.reconoce.mx\/wp-content\/uploads\/2017\/05\/cannes2-150x97.png 150w\" sizes=\"auto, (max-width: 590px) 100vw, 590px\" \/><\/a><\/p>\n<p>Las palabras anteriores corresponden a <strong>Barry McCarthy<\/strong>, quien fuera director financiero de <strong>Netflix<\/strong> (1999-2010), actualmente director financiero de <strong>Spotify<\/strong> (2015-); y se refer\u00eda, en efecto, a aquel suceso por muchos conocidos en el que la antes poderosa <strong>Blockbuster<\/strong> (renta y venta de pel\u00edculas y videojuegos) rechaz\u00f3 hacerse de <strong>Netflix<\/strong>. Como lo sabemos hoy <strong>Netflix<\/strong> vive una \u00e9poca dorada, mientras que <strong>Blockbuster<\/strong> ya lleva algunos a\u00f1os fuera del mercado. La venta en ese entonces se le hab\u00eda ofecido a <strong>Blockbuster<\/strong> en 50 millones de d\u00f3lares; hoy la empresa que est\u00e1 rompiendo otros nuevos esquemas est\u00e1 valorada en una friolera de 62,000 millones de d\u00f3lares. Cierto que esto es \u00aba toro pasado\u00bb, pero&#8230; \u00bfno es evidente que falt\u00f3 un poco de visi\u00f3n a <strong>Blockbuster<\/strong>?<\/p>\n<p>El negocio de <strong>Netflix<\/strong> ha sido en efecto redondo. Primero se convirtieron en la plataforma de pel\u00edculas en <em>streaming<\/em> m\u00e1s popular a nivel internacional; despu\u00e9s, una vez posicionados, empezaron a realizar sus propias producciones. S\u00ed, como han notado si son usuarios de <strong>Netflix<\/strong>, el negocio de la empresa ha estado en \u00faltimas fechas cada vez m\u00e1s orientado a la producci\u00f3n de series, pel\u00edculas y documentales originales. Nos tienen -a sus clientes- cautivos con todo lo que \u00faltimamemte han producido, y es que en realidad no hace falta m\u00e1s; pues tambi\u00e9n, de manera general, la mayor parte de lo que hacen es de gran calidad.<\/p>\n<p>En una colaboraci\u00f3n para el programa <a href=\"https:\/\/twitter.com\/search?q=%23CinemaGR&amp;src=typd\" target=\"_blank\" rel=\"noopener noreferrer\">#CinemaGR<\/a> -que produzco y conduzco junto a mi querida <strong>Luc\u00eda Campo<\/strong>s todos los viernes de 12:00 a 13:00 horas por Gritaradio.com-, nuustro productor en vivo <a href=\"https:\/\/youtu.be\/_Z9capO_1a0?t=1h1m8s\" target=\"_blank\" rel=\"noopener noreferrer\">Juan Aguilera nos compart\u00eda desde Cannes, Francia<\/a>, c\u00f3mo en el festival de cine m\u00e1s importante del mundo la gente abuche\u00f3 de manera poco com\u00fan el logotipo de la empresa que produce la pel\u00edcula en competencia \u00abOkja\u00bb. El asunto no es menor, pues tras una fuerte pol\u00e9mica en los \u00faltimos d\u00edas al repsecto de la forma de distribuci\u00f3n del sello, el <strong>Festival de Cannes<\/strong> decidi\u00f3 que a partir de 2018 \u00abcualquier pel\u00edcula que desea competir en Cannes primero deber\u00e1 comprometerse a distribuirlo en los cines franceses\u00bb. El mismo presidente del jurado de la edici\u00f3n 70 del <strong>Festival de Cannes<\/strong>, el cineasta espa\u00f1ol <strong>Pedro Almod\u00f3var<\/strong>, critic\u00f3 en el primer d\u00eda del festival como \u00abuna enorme paradoja que la <strong>Palma de Oro<\/strong> o una pel\u00edcula que reciba cualquier otro premio no se pudieran ver en una gran pantalla\u00bb.<\/p>\n<p>Para echarle lim\u00f3n a la herida, en la posterior presentaci\u00f3n de \u00abOkja\u00bb, los primeros minutos de la cinta fueron presentados en un formato err\u00f3neo, tras lo cual tuvo que repetirse la secuencia inicial ya en el formato adecuado. El suceso no escap\u00f3 de la pol\u00e9mica, pues tras lo anteriormente se\u00f1alado sobre <strong>Netflix<\/strong> -abucheos incluidos-, Cannes lanz\u00f3 un comunicado en el que atribu\u00eda el error al equipo t\u00e9cnico del festival. El director de la cinta, <strong>Bon Joon-ho<\/strong>, decidi\u00f3 escapar de la pol\u00e9mica y coment\u00f3 que le agradaba saber que el inicio se hab\u00eda observado en dos ocasiones; pero una de las protagonistas, <strong>Tilda Swinton<\/strong>, a su manera hac\u00eda recordar los sucesos de los d\u00edas anteriores.<\/p>\n<p>Sin embargo, entre todo el ruidero provocado por la presencia de la plataforma de series y pel\u00edculas online, una de las m\u00e1ximas estrellas del mundo del espect\u00e1culo defend\u00eda la innovaci\u00f3n. Protagonista de \u00e9xitos taquilleros que han hecho ganar millones de d\u00f3lares a quienes forman parte de la industria del cine en Hollywood, el actor y tambi\u00e9n miembro del jurado del 70\u00b0 <strong>Festival de Cannes<\/strong>, <strong>Will Smith<\/strong>, alz\u00f3 la voz al referirse sobre la experiencia de sus hijos: \u00abEllos van al cine dos veces por semana y ven <strong>Netflix<\/strong>. Hay muy poco trecho entre ir al cine y ver lo que ven en <strong>Netflix<\/strong> en mi casa. En mi casa, <strong>Netflix<\/strong> no ha sido m\u00e1s que un beneficio absoluto. Ellos consiguen ver pel\u00edculas que absolutamente no habr\u00edan visto. <strong>Netflix<\/strong> aporta una gran conectividad. Hay pel\u00edculas que no est\u00e1n en una pantalla dentro de 8.000 millas de ellos. Llegan a encontrar a esos artistas\u00bb, sentenci\u00f3 el actor.<\/p>\n<p>Desde ac\u00e1, con tanto pataleo por la presencia de <strong>Netflix<\/strong> en Cannes, pareciera todo ser precisamente eso&#8230; un pataleo de una industria que se niega a cambiar, o de menos aceptar a otro competidor. Porque hay que ser claros, el cine sigue siendo un negocio, y uno muy lucrativo. Por muchos a\u00f1os los productores, los distribuidores y exhibidores han generado millonarios negocios a partir de una industria que estaba monopolizada por lo costoso que resultaba ejecutarla. Hoy, con las nuevas tecnolog\u00edas disponibles, las reglas han cambiado; y si no, preg\u00fantenle a la m\u00fasica.<\/p>\n<p>En la m\u00fasica las grandes disqueras no han desaparecido. Evidentemente no son las mismas de antes porque han ido apareciendo nuevos actores, independientes o no, que se han subido a una industria que cambi\u00f3 de manera muy dr\u00e1stica a partir de la aparici\u00f3n del internet. Hay que pensar inclusive en que se ha cambiado la forma en la que se trabaja con la m\u00fasica; pues si bien persisten los \u00e1lbumes, en realidad en nuestros tiempos, por la forma en la que se consumen contenidos y la gran diversidad y cantidad de \u00e9stos, son mas bien las canciones las que se han vuelto productos que han cambiado la estructura del \u00e1lbum como le conoc\u00edamos. A nivel art\u00edstico ha cambiado la forma de concebir un material discogr\u00e1fico, y podr\u00edamos decir tambi\u00e9n que se ha ido democratizando la industria.<\/p>\n<p>Lo mismo est\u00e1 sucediendo en el cine, aunque con una mayor resistencia. La pirater\u00eda ha sido una de las grandes amenazas, sin lograr del todo desbancar la experiencia de ir a una sala de cine; sin embargo, no solo se trata de ver una pel\u00edcula en una pantalla de gran tama\u00f1o con el mejor sonido disponible: se trata evidentemente de encontrarse con algo en lo que s\u00ed valga la pena gastar. Eso es lo que plataformas en l\u00ednea ofrecen tambi\u00e9n como alternativa; y eso es lo que <strong>Netflix<\/strong> est\u00e1 presentando precisamente en el <strong>Festival de Cannes<\/strong>. No se discute de ninguna manera la experiencia, sin embargo, tambi\u00e9n los p\u00fablicos, la oferta y la calidad de quienes producen ahora fuera de una industria previamente establecida, han cambiado y aunque muchos no lo quieran ver, de forma definitiva.<\/p>\n<blockquote><p><a href=\"http:\/\/www.reconoce.mx\/wp-content\/uploads\/2016\/03\/968932_515227815190918_654397283_n-e1459260491114.jpg\"><img loading=\"lazy\" decoding=\"async\" class=\"alignleft size-thumbnail wp-image-39872\" src=\"http:\/\/www.reconoce.mx\/wp-content\/uploads\/2016\/03\/968932_515227815190918_654397283_n-e1459260491114.jpg\" alt=\"IMG_5743\" width=\"150\" height=\"150\" \/><\/a><strong>Asfaltos<\/strong>. Sobrevivo en una ciudad junto a millones de personas. \u00bfMexique\u00f1o? Me enamoro r\u00e1pido y olvido dif\u00edcilmente. Amo la m\u00fasica, el cine, los c\u00f3mics, las mujeres y -\u00faltimamente gracias a los servicios de <em>streaming<\/em>&#8211; las series tambi\u00e9n. Vivo la vida a trav\u00e9s de letras y melod\u00edas. M\u00fasico frustrado. Me pueden encontrar escuchando U2, Radiohead y Coldplay; as\u00ed como Grand Funk Railroad, Styx y Eric Burdon; Chetes, Jumbo y Siddhartha; y hasta Jesse &amp; Joy, Silverio y Aleks Syntek. Batman y Star Wars mis pasiones; tambi\u00e9n el Cruz Azul, pero ya saben&#8230; subcampeon\u00edsimo. Sobreviviente y n\u00e1ufrago; ermita\u00f1o que odia la soledad.<\/p><\/blockquote>\n<p>&nbsp;<\/p>\n<p>&nbsp;<\/p>\n","protected":false},"excerpt":{"rendered":"<p>Las palabras anteriores corresponden a Barry McCarthy, quien fuera director financiero de Netflix (1999-2010), actualmente director financiero de Spotify (2015-); y se refer\u00eda, en efecto, a aquel suceso por muchos conocidos en el que la antes poderosa Blockbuster (renta y venta de pel\u00edculas y videojuegos) rechaz\u00f3 hacerse de Netflix.<\/p>\n","protected":false},"author":2,"featured_media":61347,"comment_status":"open","ping_status":"open","sticky":false,"template":"","format":"standard","meta":{"footnotes":""},"categories":[16,2602,17],"tags":[],"class_list":["post-61340","post","type-post","status-publish","format-standard","has-post-thumbnail","hentry","category-columnistas","category-la-ballesta-de-mascatabaco","category-principal"],"yoast_head":"<!-- This site is optimized with the Yoast SEO plugin v24.7 - https:\/\/yoast.com\/wordpress\/plugins\/seo\/ -->\n<title>La pol\u00e9mica Netflix en Cannes &#171; Reconoce MX<\/title>\n<meta name=\"robots\" content=\"index, follow, max-snippet:-1, max-image-preview:large, max-video-preview:-1\" \/>\n<link rel=\"canonical\" href=\"https:\/\/www.reconoce.mx\/?p=61340\" \/>\n<meta property=\"og:locale\" content=\"es_ES\" \/>\n<meta property=\"og:type\" content=\"article\" \/>\n<meta property=\"og:title\" content=\"La pol\u00e9mica Netflix en Cannes &#171; Reconoce MX\" \/>\n<meta property=\"og:description\" content=\"Las palabras anteriores corresponden a Barry McCarthy, quien fuera director financiero de Netflix (1999-2010), actualmente director financiero de Spotify (2015-); y se refer\u00eda, en efecto, a aquel suceso por muchos conocidos en el que la antes poderosa Blockbuster (renta y venta de pel\u00edculas y videojuegos) rechaz\u00f3 hacerse de Netflix.\" \/>\n<meta property=\"og:url\" content=\"https:\/\/www.reconoce.mx\/?p=61340\" \/>\n<meta property=\"og:site_name\" content=\"Reconoce MX\" \/>\n<meta property=\"article:publisher\" content=\"https:\/\/es-la.facebook.com\/ReconoceMX\/\" \/>\n<meta property=\"article:published_time\" content=\"2017-05-22T05:05:03+00:00\" \/>\n<meta property=\"article:modified_time\" content=\"2017-05-22T11:26:29+00:00\" \/>\n<meta property=\"og:image\" content=\"https:\/\/www.reconoce.mx\/wp-content\/uploads\/2017\/05\/cannes.png\" \/>\n\t<meta property=\"og:image:width\" content=\"590\" \/>\n\t<meta property=\"og:image:height\" content=\"380\" \/>\n\t<meta property=\"og:image:type\" content=\"image\/png\" \/>\n<meta name=\"author\" content=\"Reconoce MX\" \/>\n<meta name=\"twitter:card\" content=\"summary_large_image\" \/>\n<meta name=\"twitter:creator\" content=\"@reconocemx\" \/>\n<meta name=\"twitter:site\" content=\"@reconocemx\" \/>\n<meta name=\"twitter:label1\" content=\"Escrito por\" \/>\n\t<meta name=\"twitter:data1\" content=\"Reconoce MX\" \/>\n\t<meta name=\"twitter:label2\" content=\"Tiempo de lectura\" \/>\n\t<meta name=\"twitter:data2\" content=\"7 minutos\" \/>\n<script type=\"application\/ld+json\" class=\"yoast-schema-graph\">{\"@context\":\"https:\/\/schema.org\",\"@graph\":[{\"@type\":\"Article\",\"@id\":\"https:\/\/www.reconoce.mx\/?p=61340#article\",\"isPartOf\":{\"@id\":\"https:\/\/www.reconoce.mx\/?p=61340\"},\"author\":{\"name\":\"Reconoce MX\",\"@id\":\"https:\/\/www.reconoce.mx\/#\/schema\/person\/2117e997d7051dc15d6880eaf9bca0b2\"},\"headline\":\"La pol\u00e9mica Netflix en Cannes\",\"datePublished\":\"2017-05-22T05:05:03+00:00\",\"dateModified\":\"2017-05-22T11:26:29+00:00\",\"mainEntityOfPage\":{\"@id\":\"https:\/\/www.reconoce.mx\/?p=61340\"},\"wordCount\":1320,\"commentCount\":0,\"publisher\":{\"@id\":\"https:\/\/www.reconoce.mx\/#organization\"},\"image\":{\"@id\":\"https:\/\/www.reconoce.mx\/?p=61340#primaryimage\"},\"thumbnailUrl\":\"https:\/\/www.reconoce.mx\/wp-content\/uploads\/2017\/05\/cannes.png\",\"articleSection\":[\"Columnistas\",\"La ballesta de Mascatabaco\",\"Principal\"],\"inLanguage\":\"es\",\"potentialAction\":[{\"@type\":\"CommentAction\",\"name\":\"Comment\",\"target\":[\"https:\/\/www.reconoce.mx\/?p=61340#respond\"]}]},{\"@type\":\"WebPage\",\"@id\":\"https:\/\/www.reconoce.mx\/?p=61340\",\"url\":\"https:\/\/www.reconoce.mx\/?p=61340\",\"name\":\"La pol\u00e9mica Netflix en Cannes &#171; Reconoce MX\",\"isPartOf\":{\"@id\":\"https:\/\/www.reconoce.mx\/#website\"},\"primaryImageOfPage\":{\"@id\":\"https:\/\/www.reconoce.mx\/?p=61340#primaryimage\"},\"image\":{\"@id\":\"https:\/\/www.reconoce.mx\/?p=61340#primaryimage\"},\"thumbnailUrl\":\"https:\/\/www.reconoce.mx\/wp-content\/uploads\/2017\/05\/cannes.png\",\"datePublished\":\"2017-05-22T05:05:03+00:00\",\"dateModified\":\"2017-05-22T11:26:29+00:00\",\"breadcrumb\":{\"@id\":\"https:\/\/www.reconoce.mx\/?p=61340#breadcrumb\"},\"inLanguage\":\"es\",\"potentialAction\":[{\"@type\":\"ReadAction\",\"target\":[\"https:\/\/www.reconoce.mx\/?p=61340\"]}]},{\"@type\":\"ImageObject\",\"inLanguage\":\"es\",\"@id\":\"https:\/\/www.reconoce.mx\/?p=61340#primaryimage\",\"url\":\"https:\/\/www.reconoce.mx\/wp-content\/uploads\/2017\/05\/cannes.png\",\"contentUrl\":\"https:\/\/www.reconoce.mx\/wp-content\/uploads\/2017\/05\/cannes.png\",\"width\":590,\"height\":380},{\"@type\":\"BreadcrumbList\",\"@id\":\"https:\/\/www.reconoce.mx\/?p=61340#breadcrumb\",\"itemListElement\":[{\"@type\":\"ListItem\",\"position\":1,\"name\":\"Portada\",\"item\":\"https:\/\/www.reconoce.mx\/\"},{\"@type\":\"ListItem\",\"position\":2,\"name\":\"La pol\u00e9mica Netflix en Cannes\"}]},{\"@type\":\"WebSite\",\"@id\":\"https:\/\/www.reconoce.mx\/#website\",\"url\":\"https:\/\/www.reconoce.mx\/\",\"name\":\"Reconoce MX\",\"description\":\"En Reconoce MX difundimos arte, cultura y conciencia social en M\u00e9xico. Tu ciudad en otra perspectiva.\",\"publisher\":{\"@id\":\"https:\/\/www.reconoce.mx\/#organization\"},\"potentialAction\":[{\"@type\":\"SearchAction\",\"target\":{\"@type\":\"EntryPoint\",\"urlTemplate\":\"https:\/\/www.reconoce.mx\/?s={search_term_string}\"},\"query-input\":{\"@type\":\"PropertyValueSpecification\",\"valueRequired\":true,\"valueName\":\"search_term_string\"}}],\"inLanguage\":\"es\"},{\"@type\":\"Organization\",\"@id\":\"https:\/\/www.reconoce.mx\/#organization\",\"name\":\"Reconoce MX\",\"url\":\"https:\/\/www.reconoce.mx\/\",\"logo\":{\"@type\":\"ImageObject\",\"inLanguage\":\"es\",\"@id\":\"https:\/\/www.reconoce.mx\/#\/schema\/logo\/image\/\",\"url\":\"https:\/\/www.reconoce.mx\/wp-content\/uploads\/2019\/03\/logorcmx-good-1.png\",\"contentUrl\":\"https:\/\/www.reconoce.mx\/wp-content\/uploads\/2019\/03\/logorcmx-good-1.png\",\"width\":280,\"height\":90,\"caption\":\"Reconoce MX\"},\"image\":{\"@id\":\"https:\/\/www.reconoce.mx\/#\/schema\/logo\/image\/\"},\"sameAs\":[\"https:\/\/es-la.facebook.com\/ReconoceMX\/\",\"https:\/\/x.com\/reconocemx\",\"http:\/\/@reconocemx\"]},{\"@type\":\"Person\",\"@id\":\"https:\/\/www.reconoce.mx\/#\/schema\/person\/2117e997d7051dc15d6880eaf9bca0b2\",\"name\":\"Reconoce MX\",\"image\":{\"@type\":\"ImageObject\",\"inLanguage\":\"es\",\"@id\":\"https:\/\/www.reconoce.mx\/#\/schema\/person\/image\/\",\"url\":\"https:\/\/secure.gravatar.com\/avatar\/6c8d4dc7569ca1c90c5fdcc349f839d5ddef6fe1e70b4337ead2ef1a4c43fc3a?s=96&d=identicon&r=g\",\"contentUrl\":\"https:\/\/secure.gravatar.com\/avatar\/6c8d4dc7569ca1c90c5fdcc349f839d5ddef6fe1e70b4337ead2ef1a4c43fc3a?s=96&d=identicon&r=g\",\"caption\":\"Reconoce MX\"},\"description\":\"Reconoce MX es un proyecto de difusi\u00f3n art\u00edstica, cultural y de conciencia social que est\u00e1 enfocado a difundir y fomentar el entretenimiento alternativo de calidad para todo el p\u00fablico que comparta el mismo entusiasmo.\",\"sameAs\":[\"http:\/\/www.reconoce.mx\"],\"url\":\"https:\/\/www.reconoce.mx\/?author=2\"}]}<\/script>\n<!-- \/ Yoast SEO plugin. -->","yoast_head_json":{"title":"La pol\u00e9mica Netflix en Cannes &#171; Reconoce MX","robots":{"index":"index","follow":"follow","max-snippet":"max-snippet:-1","max-image-preview":"max-image-preview:large","max-video-preview":"max-video-preview:-1"},"canonical":"https:\/\/www.reconoce.mx\/?p=61340","og_locale":"es_ES","og_type":"article","og_title":"La pol\u00e9mica Netflix en Cannes &#171; Reconoce MX","og_description":"Las palabras anteriores corresponden a Barry McCarthy, quien fuera director financiero de Netflix (1999-2010), actualmente director financiero de Spotify (2015-); y se refer\u00eda, en efecto, a aquel suceso por muchos conocidos en el que la antes poderosa Blockbuster (renta y venta de pel\u00edculas y videojuegos) rechaz\u00f3 hacerse de Netflix.","og_url":"https:\/\/www.reconoce.mx\/?p=61340","og_site_name":"Reconoce MX","article_publisher":"https:\/\/es-la.facebook.com\/ReconoceMX\/","article_published_time":"2017-05-22T05:05:03+00:00","article_modified_time":"2017-05-22T11:26:29+00:00","og_image":[{"width":590,"height":380,"url":"https:\/\/www.reconoce.mx\/wp-content\/uploads\/2017\/05\/cannes.png","type":"image\/png"}],"author":"Reconoce MX","twitter_card":"summary_large_image","twitter_creator":"@reconocemx","twitter_site":"@reconocemx","twitter_misc":{"Escrito por":"Reconoce MX","Tiempo de lectura":"7 minutos"},"schema":{"@context":"https:\/\/schema.org","@graph":[{"@type":"Article","@id":"https:\/\/www.reconoce.mx\/?p=61340#article","isPartOf":{"@id":"https:\/\/www.reconoce.mx\/?p=61340"},"author":{"name":"Reconoce MX","@id":"https:\/\/www.reconoce.mx\/#\/schema\/person\/2117e997d7051dc15d6880eaf9bca0b2"},"headline":"La pol\u00e9mica Netflix en Cannes","datePublished":"2017-05-22T05:05:03+00:00","dateModified":"2017-05-22T11:26:29+00:00","mainEntityOfPage":{"@id":"https:\/\/www.reconoce.mx\/?p=61340"},"wordCount":1320,"commentCount":0,"publisher":{"@id":"https:\/\/www.reconoce.mx\/#organization"},"image":{"@id":"https:\/\/www.reconoce.mx\/?p=61340#primaryimage"},"thumbnailUrl":"https:\/\/www.reconoce.mx\/wp-content\/uploads\/2017\/05\/cannes.png","articleSection":["Columnistas","La ballesta de Mascatabaco","Principal"],"inLanguage":"es","potentialAction":[{"@type":"CommentAction","name":"Comment","target":["https:\/\/www.reconoce.mx\/?p=61340#respond"]}]},{"@type":"WebPage","@id":"https:\/\/www.reconoce.mx\/?p=61340","url":"https:\/\/www.reconoce.mx\/?p=61340","name":"La pol\u00e9mica Netflix en Cannes &#171; Reconoce MX","isPartOf":{"@id":"https:\/\/www.reconoce.mx\/#website"},"primaryImageOfPage":{"@id":"https:\/\/www.reconoce.mx\/?p=61340#primaryimage"},"image":{"@id":"https:\/\/www.reconoce.mx\/?p=61340#primaryimage"},"thumbnailUrl":"https:\/\/www.reconoce.mx\/wp-content\/uploads\/2017\/05\/cannes.png","datePublished":"2017-05-22T05:05:03+00:00","dateModified":"2017-05-22T11:26:29+00:00","breadcrumb":{"@id":"https:\/\/www.reconoce.mx\/?p=61340#breadcrumb"},"inLanguage":"es","potentialAction":[{"@type":"ReadAction","target":["https:\/\/www.reconoce.mx\/?p=61340"]}]},{"@type":"ImageObject","inLanguage":"es","@id":"https:\/\/www.reconoce.mx\/?p=61340#primaryimage","url":"https:\/\/www.reconoce.mx\/wp-content\/uploads\/2017\/05\/cannes.png","contentUrl":"https:\/\/www.reconoce.mx\/wp-content\/uploads\/2017\/05\/cannes.png","width":590,"height":380},{"@type":"BreadcrumbList","@id":"https:\/\/www.reconoce.mx\/?p=61340#breadcrumb","itemListElement":[{"@type":"ListItem","position":1,"name":"Portada","item":"https:\/\/www.reconoce.mx\/"},{"@type":"ListItem","position":2,"name":"La pol\u00e9mica Netflix en Cannes"}]},{"@type":"WebSite","@id":"https:\/\/www.reconoce.mx\/#website","url":"https:\/\/www.reconoce.mx\/","name":"Reconoce MX","description":"En Reconoce MX difundimos arte, cultura y conciencia social en M\u00e9xico. Tu ciudad en otra perspectiva.","publisher":{"@id":"https:\/\/www.reconoce.mx\/#organization"},"potentialAction":[{"@type":"SearchAction","target":{"@type":"EntryPoint","urlTemplate":"https:\/\/www.reconoce.mx\/?s={search_term_string}"},"query-input":{"@type":"PropertyValueSpecification","valueRequired":true,"valueName":"search_term_string"}}],"inLanguage":"es"},{"@type":"Organization","@id":"https:\/\/www.reconoce.mx\/#organization","name":"Reconoce MX","url":"https:\/\/www.reconoce.mx\/","logo":{"@type":"ImageObject","inLanguage":"es","@id":"https:\/\/www.reconoce.mx\/#\/schema\/logo\/image\/","url":"https:\/\/www.reconoce.mx\/wp-content\/uploads\/2019\/03\/logorcmx-good-1.png","contentUrl":"https:\/\/www.reconoce.mx\/wp-content\/uploads\/2019\/03\/logorcmx-good-1.png","width":280,"height":90,"caption":"Reconoce MX"},"image":{"@id":"https:\/\/www.reconoce.mx\/#\/schema\/logo\/image\/"},"sameAs":["https:\/\/es-la.facebook.com\/ReconoceMX\/","https:\/\/x.com\/reconocemx","http:\/\/@reconocemx"]},{"@type":"Person","@id":"https:\/\/www.reconoce.mx\/#\/schema\/person\/2117e997d7051dc15d6880eaf9bca0b2","name":"Reconoce MX","image":{"@type":"ImageObject","inLanguage":"es","@id":"https:\/\/www.reconoce.mx\/#\/schema\/person\/image\/","url":"https:\/\/secure.gravatar.com\/avatar\/6c8d4dc7569ca1c90c5fdcc349f839d5ddef6fe1e70b4337ead2ef1a4c43fc3a?s=96&d=identicon&r=g","contentUrl":"https:\/\/secure.gravatar.com\/avatar\/6c8d4dc7569ca1c90c5fdcc349f839d5ddef6fe1e70b4337ead2ef1a4c43fc3a?s=96&d=identicon&r=g","caption":"Reconoce MX"},"description":"Reconoce MX es un proyecto de difusi\u00f3n art\u00edstica, cultural y de conciencia social que est\u00e1 enfocado a difundir y fomentar el entretenimiento alternativo de calidad para todo el p\u00fablico que comparta el mismo entusiasmo.","sameAs":["http:\/\/www.reconoce.mx"],"url":"https:\/\/www.reconoce.mx\/?author=2"}]}},"_links":{"self":[{"href":"https:\/\/www.reconoce.mx\/index.php?rest_route=\/wp\/v2\/posts\/61340","targetHints":{"allow":["GET"]}}],"collection":[{"href":"https:\/\/www.reconoce.mx\/index.php?rest_route=\/wp\/v2\/posts"}],"about":[{"href":"https:\/\/www.reconoce.mx\/index.php?rest_route=\/wp\/v2\/types\/post"}],"author":[{"embeddable":true,"href":"https:\/\/www.reconoce.mx\/index.php?rest_route=\/wp\/v2\/users\/2"}],"replies":[{"embeddable":true,"href":"https:\/\/www.reconoce.mx\/index.php?rest_route=%2Fwp%2Fv2%2Fcomments&post=61340"}],"version-history":[{"count":9,"href":"https:\/\/www.reconoce.mx\/index.php?rest_route=\/wp\/v2\/posts\/61340\/revisions"}],"predecessor-version":[{"id":61351,"href":"https:\/\/www.reconoce.mx\/index.php?rest_route=\/wp\/v2\/posts\/61340\/revisions\/61351"}],"wp:featuredmedia":[{"embeddable":true,"href":"https:\/\/www.reconoce.mx\/index.php?rest_route=\/wp\/v2\/media\/61347"}],"wp:attachment":[{"href":"https:\/\/www.reconoce.mx\/index.php?rest_route=%2Fwp%2Fv2%2Fmedia&parent=61340"}],"wp:term":[{"taxonomy":"category","embeddable":true,"href":"https:\/\/www.reconoce.mx\/index.php?rest_route=%2Fwp%2Fv2%2Fcategories&post=61340"},{"taxonomy":"post_tag","embeddable":true,"href":"https:\/\/www.reconoce.mx\/index.php?rest_route=%2Fwp%2Fv2%2Ftags&post=61340"}],"curies":[{"name":"wp","href":"https:\/\/api.w.org\/{rel}","templated":true}]}}