{"id":61356,"date":"2017-05-22T00:04:43","date_gmt":"2017-05-22T05:04:43","guid":{"rendered":"http:\/\/www.reconoce.mx\/?p=61356"},"modified":"2017-05-22T06:53:57","modified_gmt":"2017-05-22T11:53:57","slug":"oh-wonder-ilumina-el-plaza-con-su-carisma-britanico","status":"publish","type":"post","link":"https:\/\/www.reconoce.mx\/?p=61356","title":{"rendered":"Oh Wonder ilumina El Plaza con su carisma brit\u00e1nico"},"content":{"rendered":"<p><strong>Texto por\u00a0<span class=\"st\"><a href=\"https:\/\/twitter.com\/Amauryshow\" target=\"_blank\" rel=\"noopener noreferrer\">Amaury Berdejo Ju\u00e1rez<\/a><\/span>.<br \/>\nFotos por <a href=\"https:\/\/twitter.com\/alice_freckles\" target=\"_blank\" rel=\"noopener noreferrer\">Alicia \u00c1vila Monroy<\/a>.<\/strong><\/p>\n<p>El pasado viernes 19 se dio cita en <strong>El Plaza<\/strong> un grupo de fan\u00e1ticos muy particulares de entre 18 y 23 a\u00f1os (en su mayor\u00eda): los seguidores de <strong>Oh Wonder<\/strong> se prepararon desde temprano para un esperado y poco com\u00fan encuentro.<\/p>\n<p><a href=\"http:\/\/www.reconoce.mx\/wp-content\/uploads\/2017\/05\/ruzzi-1.png\"><img loading=\"lazy\" decoding=\"async\" class=\"aligncenter size-full wp-image-61360\" src=\"http:\/\/www.reconoce.mx\/wp-content\/uploads\/2017\/05\/ruzzi-1.png\" alt=\"\" width=\"590\" height=\"380\" srcset=\"https:\/\/www.reconoce.mx\/wp-content\/uploads\/2017\/05\/ruzzi-1.png 590w, https:\/\/www.reconoce.mx\/wp-content\/uploads\/2017\/05\/ruzzi-1-300x193.png 300w, https:\/\/www.reconoce.mx\/wp-content\/uploads\/2017\/05\/ruzzi-1-150x97.png 150w\" sizes=\"auto, (max-width: 590px) 100vw, 590px\" \/><\/a><\/p>\n<p><em><strong>&gt;&gt;<a href=\"https:\/\/www.flickr.com\/photos\/reconocemx\/sets\/72157681935487571\" target=\"_blank\" rel=\"noopener noreferrer\">Disfruta nuestra galer\u00eda de Ruzzi + Vanessa Zamora en El Plaza Condesa<\/a>&lt;&lt;<\/strong><\/em><\/p>\n<p>Traer a una banda como <strong>Oh Wonder<\/strong> a M\u00e9xico sin duda representa un esfuerzo conjunto que incluye la importante participaci\u00f3n de los fans. Su corta trayectoria e inesperado \u00e9xito desde 2015 los han convertido en uno de los proyectos que m\u00e1s r\u00e1pido han crecido en la escena \u00abpop-indie\u00bb a nivel mundial.<\/p>\n<p>El show comenz\u00f3 con el proyecto solista mexicano <strong>Ruzzi<\/strong>, conformado por la compositora chihuahuense <strong>Mariana Ruzzi<\/strong>, quien fue acompa\u00f1ada por la tambi\u00e9n int\u00e9rprete mexicana <strong>Vanessa Zamora<\/strong> en el bajo.<\/p>\n<p><a href=\"http:\/\/www.reconoce.mx\/wp-content\/uploads\/2017\/05\/vane-zamora-1.png\"><img loading=\"lazy\" decoding=\"async\" class=\"aligncenter size-full wp-image-61361\" src=\"http:\/\/www.reconoce.mx\/wp-content\/uploads\/2017\/05\/vane-zamora-1.png\" alt=\"\" width=\"590\" height=\"380\" srcset=\"https:\/\/www.reconoce.mx\/wp-content\/uploads\/2017\/05\/vane-zamora-1.png 590w, https:\/\/www.reconoce.mx\/wp-content\/uploads\/2017\/05\/vane-zamora-1-300x193.png 300w, https:\/\/www.reconoce.mx\/wp-content\/uploads\/2017\/05\/vane-zamora-1-150x97.png 150w\" sizes=\"auto, (max-width: 590px) 100vw, 590px\" \/><\/a><\/p>\n<p><em><strong>&gt;&gt;<a href=\"https:\/\/www.flickr.com\/photos\/reconocemx\/sets\/72157681935487571\" target=\"_blank\" rel=\"noopener noreferrer\">Disfruta nuestra galer\u00eda de Ruzzi + Vanessa Zamora en El Plaza Condesa<\/a>&lt;&lt;<\/strong><\/em><\/p>\n<p>Posteriormente toc\u00f3 el turno a los originarios de la ciudad de Londres, <strong>Josephine Vander Gutch<\/strong> (teclados y voces) y <strong>Anthony West<\/strong> (guitarra, teclado y voz), que hicieron una entrada triunfal aparentemente inesperada para ellos. Un joven p\u00fablico muy entregado core\u00f3 canciones como \u00abLivewire\u00bb, \u00abWithout you\u00bb, \u00abShark\u00bb, \u00abDazzle\u00bb y \u00abLose it\u00bb.<\/p>\n<p>A pesar de sus entusiastas seguidores, en realidad la banda se ha presentado \u00abpocas veces\u00bb: en palabras de Anthony: \u00abvimos sus mensajes pidiendo que vini\u00e9ramos a M\u00e9xico pero no sab\u00edamos c\u00f3mo lo lograr\u00edamos\u00bb. Tambi\u00e9n, con un esfuerzo digno de reconocerse, Josephine hablaba en espa\u00f1ol mencionando lo emocionados que estaban y c\u00f3mo este show en Ciudad de M\u00e9xico hab\u00eda sido el mejor de la banda hasta el momento.<\/p>\n<p><a href=\"http:\/\/www.reconoce.mx\/wp-content\/uploads\/2017\/05\/oh-wonder-2.png\"><img loading=\"lazy\" decoding=\"async\" class=\"aligncenter size-full wp-image-61358\" src=\"http:\/\/www.reconoce.mx\/wp-content\/uploads\/2017\/05\/oh-wonder-2.png\" alt=\"\" width=\"590\" height=\"380\" srcset=\"https:\/\/www.reconoce.mx\/wp-content\/uploads\/2017\/05\/oh-wonder-2.png 590w, https:\/\/www.reconoce.mx\/wp-content\/uploads\/2017\/05\/oh-wonder-2-300x193.png 300w, https:\/\/www.reconoce.mx\/wp-content\/uploads\/2017\/05\/oh-wonder-2-150x97.png 150w\" sizes=\"auto, (max-width: 590px) 100vw, 590px\" \/><\/a><\/p>\n<p><em><strong>&gt;&gt;<a href=\"https:\/\/www.flickr.com\/photos\/reconocemx\/albums\/72157684125866815\" target=\"_blank\" rel=\"noopener noreferrer\">Disfruta nuestra galer\u00eda de Oh Wonder en El Plaza Condesa<\/a>&lt;&lt;<\/strong><\/em><\/p>\n<p>Haciendo gala de sus ya reconocidas iniciales ne\u00f3n al fondo del escenario, continuaron el show con \u00abUltralife\u00bb, \u00abAll we do\u00bb, \u00abLandslide\u00bb y \u00abHigh on humans\u00bb: <strong>El Plaza Condesa<\/strong> luc\u00eda lleno de emoci\u00f3n y rostros felices con las dulces melod\u00edas del d\u00fao.<\/p>\n<p>La noche cerr\u00f3 con temas esperados por los fan\u00e1ticos que en todo momento demostraron su compromiso con esta joven banda brit\u00e1nica: \u00abBody Gold\u00bb, \u00abLife Times\u00bb, \u00abDrive\u00bb, \u00abMidnight Moon\u00bb y el cierre con \u00abTechnicolour Beat\u00bb.<\/p>\n<p><a href=\"http:\/\/www.reconoce.mx\/wp-content\/uploads\/2017\/05\/oh-wonder-3.png\"><img loading=\"lazy\" decoding=\"async\" class=\"aligncenter size-full wp-image-61359\" src=\"http:\/\/www.reconoce.mx\/wp-content\/uploads\/2017\/05\/oh-wonder-3.png\" alt=\"\" width=\"590\" height=\"380\" srcset=\"https:\/\/www.reconoce.mx\/wp-content\/uploads\/2017\/05\/oh-wonder-3.png 590w, https:\/\/www.reconoce.mx\/wp-content\/uploads\/2017\/05\/oh-wonder-3-300x193.png 300w, https:\/\/www.reconoce.mx\/wp-content\/uploads\/2017\/05\/oh-wonder-3-150x97.png 150w\" sizes=\"auto, (max-width: 590px) 100vw, 590px\" \/><\/a><\/p>\n<p><em><strong>&gt;&gt;<a href=\"https:\/\/www.flickr.com\/photos\/reconocemx\/albums\/72157684125866815\" target=\"_blank\" rel=\"noopener noreferrer\">Disfruta nuestra galer\u00eda de Oh Wonder en El Plaza Condesa<\/a>&lt;&lt;<\/strong><\/em><\/p>\n<p>Un set id\u00e9ntico al de todos sus shows, resultado de componer una canci\u00f3n por mes desde septiembre de 2014 hasta completar el a\u00f1o y posteriormente agregar dos temas in\u00e9ditos: una original historia de amistad y m\u00fasica que culmin\u00f3 en la visita de <strong>Oh Wonder<\/strong> a nuestro pa\u00eds.<\/p>\n<p>&nbsp;<\/p>\n<p>&nbsp;<\/p>\n","protected":false},"excerpt":{"rendered":"<p>El pasado viernes 19 se dio cita en El Plaza un grupo de fan\u00e1ticos muy particulares de entre 18 y 23 a\u00f1os (en su mayor\u00eda): los seguidores de Oh Wonder se prepararon desde temprano para un esperado y poco com\u00fan encuentro.<\/p>\n","protected":false},"author":2,"featured_media":61357,"comment_status":"open","ping_status":"open","sticky":false,"template":"","format":"standard","meta":{"footnotes":""},"categories":[1,18,17],"tags":[],"class_list":["post-61356","post","type-post","status-publish","format-standard","has-post-thumbnail","hentry","category-cultura","category-musica","category-principal"],"yoast_head":"<!-- This site is optimized with the Yoast SEO plugin v24.7 - https:\/\/yoast.com\/wordpress\/plugins\/seo\/ -->\n<title>Oh Wonder ilumina El Plaza con su carisma brit\u00e1nico &#171; Reconoce MX<\/title>\n<meta name=\"robots\" content=\"index, follow, max-snippet:-1, max-image-preview:large, max-video-preview:-1\" \/>\n<link rel=\"canonical\" href=\"https:\/\/www.reconoce.mx\/?p=61356\" \/>\n<meta property=\"og:locale\" content=\"es_ES\" \/>\n<meta property=\"og:type\" content=\"article\" \/>\n<meta property=\"og:title\" content=\"Oh Wonder ilumina El Plaza con su carisma brit\u00e1nico &#171; Reconoce MX\" \/>\n<meta property=\"og:description\" content=\"El pasado viernes 19 se dio cita en El Plaza un grupo de fan\u00e1ticos muy particulares de entre 18 y 23 a\u00f1os (en su mayor\u00eda): los seguidores de Oh Wonder se prepararon desde temprano para un esperado y poco com\u00fan encuentro.\" \/>\n<meta property=\"og:url\" content=\"https:\/\/www.reconoce.mx\/?p=61356\" \/>\n<meta property=\"og:site_name\" content=\"Reconoce MX\" \/>\n<meta property=\"article:publisher\" content=\"https:\/\/es-la.facebook.com\/ReconoceMX\/\" \/>\n<meta property=\"article:published_time\" content=\"2017-05-22T05:04:43+00:00\" \/>\n<meta property=\"article:modified_time\" content=\"2017-05-22T11:53:57+00:00\" \/>\n<meta property=\"og:image\" content=\"https:\/\/www.reconoce.mx\/wp-content\/uploads\/2017\/05\/oh-wonder-1.png\" \/>\n\t<meta property=\"og:image:width\" content=\"590\" \/>\n\t<meta property=\"og:image:height\" content=\"380\" \/>\n\t<meta property=\"og:image:type\" content=\"image\/png\" \/>\n<meta name=\"author\" content=\"Reconoce MX\" \/>\n<meta name=\"twitter:card\" content=\"summary_large_image\" \/>\n<meta name=\"twitter:creator\" content=\"@reconocemx\" \/>\n<meta name=\"twitter:site\" content=\"@reconocemx\" \/>\n<meta name=\"twitter:label1\" content=\"Escrito por\" \/>\n\t<meta name=\"twitter:data1\" content=\"Reconoce MX\" \/>\n\t<meta name=\"twitter:label2\" content=\"Tiempo de lectura\" \/>\n\t<meta name=\"twitter:data2\" content=\"2 minutos\" \/>\n<script type=\"application\/ld+json\" class=\"yoast-schema-graph\">{\"@context\":\"https:\/\/schema.org\",\"@graph\":[{\"@type\":\"Article\",\"@id\":\"https:\/\/www.reconoce.mx\/?p=61356#article\",\"isPartOf\":{\"@id\":\"https:\/\/www.reconoce.mx\/?p=61356\"},\"author\":{\"name\":\"Reconoce MX\",\"@id\":\"https:\/\/www.reconoce.mx\/#\/schema\/person\/2117e997d7051dc15d6880eaf9bca0b2\"},\"headline\":\"Oh Wonder ilumina El Plaza con su carisma brit\u00e1nico\",\"datePublished\":\"2017-05-22T05:04:43+00:00\",\"dateModified\":\"2017-05-22T11:53:57+00:00\",\"mainEntityOfPage\":{\"@id\":\"https:\/\/www.reconoce.mx\/?p=61356\"},\"wordCount\":475,\"commentCount\":0,\"publisher\":{\"@id\":\"https:\/\/www.reconoce.mx\/#organization\"},\"image\":{\"@id\":\"https:\/\/www.reconoce.mx\/?p=61356#primaryimage\"},\"thumbnailUrl\":\"https:\/\/www.reconoce.mx\/wp-content\/uploads\/2017\/05\/oh-wonder-1.png\",\"articleSection\":[\"Cultura\",\"M\u00fasica\",\"Principal\"],\"inLanguage\":\"es\",\"potentialAction\":[{\"@type\":\"CommentAction\",\"name\":\"Comment\",\"target\":[\"https:\/\/www.reconoce.mx\/?p=61356#respond\"]}]},{\"@type\":\"WebPage\",\"@id\":\"https:\/\/www.reconoce.mx\/?p=61356\",\"url\":\"https:\/\/www.reconoce.mx\/?p=61356\",\"name\":\"Oh Wonder ilumina El Plaza con su carisma brit\u00e1nico &#171; Reconoce MX\",\"isPartOf\":{\"@id\":\"https:\/\/www.reconoce.mx\/#website\"},\"primaryImageOfPage\":{\"@id\":\"https:\/\/www.reconoce.mx\/?p=61356#primaryimage\"},\"image\":{\"@id\":\"https:\/\/www.reconoce.mx\/?p=61356#primaryimage\"},\"thumbnailUrl\":\"https:\/\/www.reconoce.mx\/wp-content\/uploads\/2017\/05\/oh-wonder-1.png\",\"datePublished\":\"2017-05-22T05:04:43+00:00\",\"dateModified\":\"2017-05-22T11:53:57+00:00\",\"breadcrumb\":{\"@id\":\"https:\/\/www.reconoce.mx\/?p=61356#breadcrumb\"},\"inLanguage\":\"es\",\"potentialAction\":[{\"@type\":\"ReadAction\",\"target\":[\"https:\/\/www.reconoce.mx\/?p=61356\"]}]},{\"@type\":\"ImageObject\",\"inLanguage\":\"es\",\"@id\":\"https:\/\/www.reconoce.mx\/?p=61356#primaryimage\",\"url\":\"https:\/\/www.reconoce.mx\/wp-content\/uploads\/2017\/05\/oh-wonder-1.png\",\"contentUrl\":\"https:\/\/www.reconoce.mx\/wp-content\/uploads\/2017\/05\/oh-wonder-1.png\",\"width\":590,\"height\":380},{\"@type\":\"BreadcrumbList\",\"@id\":\"https:\/\/www.reconoce.mx\/?p=61356#breadcrumb\",\"itemListElement\":[{\"@type\":\"ListItem\",\"position\":1,\"name\":\"Portada\",\"item\":\"https:\/\/www.reconoce.mx\/\"},{\"@type\":\"ListItem\",\"position\":2,\"name\":\"Oh Wonder ilumina El Plaza con su carisma brit\u00e1nico\"}]},{\"@type\":\"WebSite\",\"@id\":\"https:\/\/www.reconoce.mx\/#website\",\"url\":\"https:\/\/www.reconoce.mx\/\",\"name\":\"Reconoce MX\",\"description\":\"En Reconoce MX difundimos arte, cultura y conciencia social en M\u00e9xico. Tu ciudad en otra perspectiva.\",\"publisher\":{\"@id\":\"https:\/\/www.reconoce.mx\/#organization\"},\"potentialAction\":[{\"@type\":\"SearchAction\",\"target\":{\"@type\":\"EntryPoint\",\"urlTemplate\":\"https:\/\/www.reconoce.mx\/?s={search_term_string}\"},\"query-input\":{\"@type\":\"PropertyValueSpecification\",\"valueRequired\":true,\"valueName\":\"search_term_string\"}}],\"inLanguage\":\"es\"},{\"@type\":\"Organization\",\"@id\":\"https:\/\/www.reconoce.mx\/#organization\",\"name\":\"Reconoce MX\",\"url\":\"https:\/\/www.reconoce.mx\/\",\"logo\":{\"@type\":\"ImageObject\",\"inLanguage\":\"es\",\"@id\":\"https:\/\/www.reconoce.mx\/#\/schema\/logo\/image\/\",\"url\":\"https:\/\/www.reconoce.mx\/wp-content\/uploads\/2019\/03\/logorcmx-good-1.png\",\"contentUrl\":\"https:\/\/www.reconoce.mx\/wp-content\/uploads\/2019\/03\/logorcmx-good-1.png\",\"width\":280,\"height\":90,\"caption\":\"Reconoce MX\"},\"image\":{\"@id\":\"https:\/\/www.reconoce.mx\/#\/schema\/logo\/image\/\"},\"sameAs\":[\"https:\/\/es-la.facebook.com\/ReconoceMX\/\",\"https:\/\/x.com\/reconocemx\",\"http:\/\/@reconocemx\"]},{\"@type\":\"Person\",\"@id\":\"https:\/\/www.reconoce.mx\/#\/schema\/person\/2117e997d7051dc15d6880eaf9bca0b2\",\"name\":\"Reconoce MX\",\"image\":{\"@type\":\"ImageObject\",\"inLanguage\":\"es\",\"@id\":\"https:\/\/www.reconoce.mx\/#\/schema\/person\/image\/\",\"url\":\"https:\/\/secure.gravatar.com\/avatar\/6c8d4dc7569ca1c90c5fdcc349f839d5ddef6fe1e70b4337ead2ef1a4c43fc3a?s=96&d=identicon&r=g\",\"contentUrl\":\"https:\/\/secure.gravatar.com\/avatar\/6c8d4dc7569ca1c90c5fdcc349f839d5ddef6fe1e70b4337ead2ef1a4c43fc3a?s=96&d=identicon&r=g\",\"caption\":\"Reconoce MX\"},\"description\":\"Reconoce MX es un proyecto de difusi\u00f3n art\u00edstica, cultural y de conciencia social que est\u00e1 enfocado a difundir y fomentar el entretenimiento alternativo de calidad para todo el p\u00fablico que comparta el mismo entusiasmo.\",\"sameAs\":[\"http:\/\/www.reconoce.mx\"],\"url\":\"https:\/\/www.reconoce.mx\/?author=2\"}]}<\/script>\n<!-- \/ Yoast SEO plugin. -->","yoast_head_json":{"title":"Oh Wonder ilumina El Plaza con su carisma brit\u00e1nico &#171; Reconoce MX","robots":{"index":"index","follow":"follow","max-snippet":"max-snippet:-1","max-image-preview":"max-image-preview:large","max-video-preview":"max-video-preview:-1"},"canonical":"https:\/\/www.reconoce.mx\/?p=61356","og_locale":"es_ES","og_type":"article","og_title":"Oh Wonder ilumina El Plaza con su carisma brit\u00e1nico &#171; Reconoce MX","og_description":"El pasado viernes 19 se dio cita en El Plaza un grupo de fan\u00e1ticos muy particulares de entre 18 y 23 a\u00f1os (en su mayor\u00eda): los seguidores de Oh Wonder se prepararon desde temprano para un esperado y poco com\u00fan encuentro.","og_url":"https:\/\/www.reconoce.mx\/?p=61356","og_site_name":"Reconoce MX","article_publisher":"https:\/\/es-la.facebook.com\/ReconoceMX\/","article_published_time":"2017-05-22T05:04:43+00:00","article_modified_time":"2017-05-22T11:53:57+00:00","og_image":[{"width":590,"height":380,"url":"https:\/\/www.reconoce.mx\/wp-content\/uploads\/2017\/05\/oh-wonder-1.png","type":"image\/png"}],"author":"Reconoce MX","twitter_card":"summary_large_image","twitter_creator":"@reconocemx","twitter_site":"@reconocemx","twitter_misc":{"Escrito por":"Reconoce MX","Tiempo de lectura":"2 minutos"},"schema":{"@context":"https:\/\/schema.org","@graph":[{"@type":"Article","@id":"https:\/\/www.reconoce.mx\/?p=61356#article","isPartOf":{"@id":"https:\/\/www.reconoce.mx\/?p=61356"},"author":{"name":"Reconoce MX","@id":"https:\/\/www.reconoce.mx\/#\/schema\/person\/2117e997d7051dc15d6880eaf9bca0b2"},"headline":"Oh Wonder ilumina El Plaza con su carisma brit\u00e1nico","datePublished":"2017-05-22T05:04:43+00:00","dateModified":"2017-05-22T11:53:57+00:00","mainEntityOfPage":{"@id":"https:\/\/www.reconoce.mx\/?p=61356"},"wordCount":475,"commentCount":0,"publisher":{"@id":"https:\/\/www.reconoce.mx\/#organization"},"image":{"@id":"https:\/\/www.reconoce.mx\/?p=61356#primaryimage"},"thumbnailUrl":"https:\/\/www.reconoce.mx\/wp-content\/uploads\/2017\/05\/oh-wonder-1.png","articleSection":["Cultura","M\u00fasica","Principal"],"inLanguage":"es","potentialAction":[{"@type":"CommentAction","name":"Comment","target":["https:\/\/www.reconoce.mx\/?p=61356#respond"]}]},{"@type":"WebPage","@id":"https:\/\/www.reconoce.mx\/?p=61356","url":"https:\/\/www.reconoce.mx\/?p=61356","name":"Oh Wonder ilumina El Plaza con su carisma brit\u00e1nico &#171; Reconoce MX","isPartOf":{"@id":"https:\/\/www.reconoce.mx\/#website"},"primaryImageOfPage":{"@id":"https:\/\/www.reconoce.mx\/?p=61356#primaryimage"},"image":{"@id":"https:\/\/www.reconoce.mx\/?p=61356#primaryimage"},"thumbnailUrl":"https:\/\/www.reconoce.mx\/wp-content\/uploads\/2017\/05\/oh-wonder-1.png","datePublished":"2017-05-22T05:04:43+00:00","dateModified":"2017-05-22T11:53:57+00:00","breadcrumb":{"@id":"https:\/\/www.reconoce.mx\/?p=61356#breadcrumb"},"inLanguage":"es","potentialAction":[{"@type":"ReadAction","target":["https:\/\/www.reconoce.mx\/?p=61356"]}]},{"@type":"ImageObject","inLanguage":"es","@id":"https:\/\/www.reconoce.mx\/?p=61356#primaryimage","url":"https:\/\/www.reconoce.mx\/wp-content\/uploads\/2017\/05\/oh-wonder-1.png","contentUrl":"https:\/\/www.reconoce.mx\/wp-content\/uploads\/2017\/05\/oh-wonder-1.png","width":590,"height":380},{"@type":"BreadcrumbList","@id":"https:\/\/www.reconoce.mx\/?p=61356#breadcrumb","itemListElement":[{"@type":"ListItem","position":1,"name":"Portada","item":"https:\/\/www.reconoce.mx\/"},{"@type":"ListItem","position":2,"name":"Oh Wonder ilumina El Plaza con su carisma brit\u00e1nico"}]},{"@type":"WebSite","@id":"https:\/\/www.reconoce.mx\/#website","url":"https:\/\/www.reconoce.mx\/","name":"Reconoce MX","description":"En Reconoce MX difundimos arte, cultura y conciencia social en M\u00e9xico. Tu ciudad en otra perspectiva.","publisher":{"@id":"https:\/\/www.reconoce.mx\/#organization"},"potentialAction":[{"@type":"SearchAction","target":{"@type":"EntryPoint","urlTemplate":"https:\/\/www.reconoce.mx\/?s={search_term_string}"},"query-input":{"@type":"PropertyValueSpecification","valueRequired":true,"valueName":"search_term_string"}}],"inLanguage":"es"},{"@type":"Organization","@id":"https:\/\/www.reconoce.mx\/#organization","name":"Reconoce MX","url":"https:\/\/www.reconoce.mx\/","logo":{"@type":"ImageObject","inLanguage":"es","@id":"https:\/\/www.reconoce.mx\/#\/schema\/logo\/image\/","url":"https:\/\/www.reconoce.mx\/wp-content\/uploads\/2019\/03\/logorcmx-good-1.png","contentUrl":"https:\/\/www.reconoce.mx\/wp-content\/uploads\/2019\/03\/logorcmx-good-1.png","width":280,"height":90,"caption":"Reconoce MX"},"image":{"@id":"https:\/\/www.reconoce.mx\/#\/schema\/logo\/image\/"},"sameAs":["https:\/\/es-la.facebook.com\/ReconoceMX\/","https:\/\/x.com\/reconocemx","http:\/\/@reconocemx"]},{"@type":"Person","@id":"https:\/\/www.reconoce.mx\/#\/schema\/person\/2117e997d7051dc15d6880eaf9bca0b2","name":"Reconoce MX","image":{"@type":"ImageObject","inLanguage":"es","@id":"https:\/\/www.reconoce.mx\/#\/schema\/person\/image\/","url":"https:\/\/secure.gravatar.com\/avatar\/6c8d4dc7569ca1c90c5fdcc349f839d5ddef6fe1e70b4337ead2ef1a4c43fc3a?s=96&d=identicon&r=g","contentUrl":"https:\/\/secure.gravatar.com\/avatar\/6c8d4dc7569ca1c90c5fdcc349f839d5ddef6fe1e70b4337ead2ef1a4c43fc3a?s=96&d=identicon&r=g","caption":"Reconoce MX"},"description":"Reconoce MX es un proyecto de difusi\u00f3n art\u00edstica, cultural y de conciencia social que est\u00e1 enfocado a difundir y fomentar el entretenimiento alternativo de calidad para todo el p\u00fablico que comparta el mismo entusiasmo.","sameAs":["http:\/\/www.reconoce.mx"],"url":"https:\/\/www.reconoce.mx\/?author=2"}]}},"_links":{"self":[{"href":"https:\/\/www.reconoce.mx\/index.php?rest_route=\/wp\/v2\/posts\/61356","targetHints":{"allow":["GET"]}}],"collection":[{"href":"https:\/\/www.reconoce.mx\/index.php?rest_route=\/wp\/v2\/posts"}],"about":[{"href":"https:\/\/www.reconoce.mx\/index.php?rest_route=\/wp\/v2\/types\/post"}],"author":[{"embeddable":true,"href":"https:\/\/www.reconoce.mx\/index.php?rest_route=\/wp\/v2\/users\/2"}],"replies":[{"embeddable":true,"href":"https:\/\/www.reconoce.mx\/index.php?rest_route=%2Fwp%2Fv2%2Fcomments&post=61356"}],"version-history":[{"count":3,"href":"https:\/\/www.reconoce.mx\/index.php?rest_route=\/wp\/v2\/posts\/61356\/revisions"}],"predecessor-version":[{"id":61364,"href":"https:\/\/www.reconoce.mx\/index.php?rest_route=\/wp\/v2\/posts\/61356\/revisions\/61364"}],"wp:featuredmedia":[{"embeddable":true,"href":"https:\/\/www.reconoce.mx\/index.php?rest_route=\/wp\/v2\/media\/61357"}],"wp:attachment":[{"href":"https:\/\/www.reconoce.mx\/index.php?rest_route=%2Fwp%2Fv2%2Fmedia&parent=61356"}],"wp:term":[{"taxonomy":"category","embeddable":true,"href":"https:\/\/www.reconoce.mx\/index.php?rest_route=%2Fwp%2Fv2%2Fcategories&post=61356"},{"taxonomy":"post_tag","embeddable":true,"href":"https:\/\/www.reconoce.mx\/index.php?rest_route=%2Fwp%2Fv2%2Ftags&post=61356"}],"curies":[{"name":"wp","href":"https:\/\/api.w.org\/{rel}","templated":true}]}}