{"id":61374,"date":"2017-05-22T00:03:05","date_gmt":"2017-05-22T05:03:05","guid":{"rendered":"http:\/\/www.reconoce.mx\/?p=61374"},"modified":"2017-05-24T08:39:47","modified_gmt":"2017-05-24T13:39:47","slug":"cannes2017-las-hijas-de-abril-eterna-nostalgia-por-el-reencuentro","status":"publish","type":"post","link":"https:\/\/www.reconoce.mx\/?p=61374","title":{"rendered":"#Cannes2017: \u00abLas hijas de Abril\u00bb, eterna nostalgia por el reencuentro"},"content":{"rendered":"<p><strong>Por Dal\u00ed Berdejo Ju\u00e1rez<\/strong>.<\/p>\n<p>Es tiempo de hablar, escribir y filmar sobre aquello que \u00abse sabe\u00bb, pero es preferible no contar. Es tiempo de revelar\u00a0 las historias relegadas al tab\u00fa, excluidas al plano de lo inadmisible; es tiempo de mostrar el lado obscuro e insoportable de la familia: \u00abLas hijas de Abril\u00bb, proyecto dirigido por el mexicano <strong>Michel Franco<\/strong>, ha venido a\u00a0 comprometer la siempre complicada y sensible imagen materna del ideario colectivo moderno.<\/p>\n<p><a href=\"http:\/\/www.reconoce.mx\/wp-content\/uploads\/2017\/05\/las-hijas-de-abril-poster.jpg\"><img loading=\"lazy\" decoding=\"async\" class=\"aligncenter size-full wp-image-61378\" src=\"http:\/\/www.reconoce.mx\/wp-content\/uploads\/2017\/05\/las-hijas-de-abril-poster.jpg\" alt=\"\" width=\"1024\" height=\"1458\" srcset=\"https:\/\/www.reconoce.mx\/wp-content\/uploads\/2017\/05\/las-hijas-de-abril-poster.jpg 1024w, https:\/\/www.reconoce.mx\/wp-content\/uploads\/2017\/05\/las-hijas-de-abril-poster-211x300.jpg 211w, https:\/\/www.reconoce.mx\/wp-content\/uploads\/2017\/05\/las-hijas-de-abril-poster-768x1094.jpg 768w, https:\/\/www.reconoce.mx\/wp-content\/uploads\/2017\/05\/las-hijas-de-abril-poster-719x1024.jpg 719w, https:\/\/www.reconoce.mx\/wp-content\/uploads\/2017\/05\/las-hijas-de-abril-poster-150x214.jpg 150w, https:\/\/www.reconoce.mx\/wp-content\/uploads\/2017\/05\/las-hijas-de-abril-poster-700x997.jpg 700w, https:\/\/www.reconoce.mx\/wp-content\/uploads\/2017\/05\/las-hijas-de-abril-poster-658x937.jpg 658w, https:\/\/www.reconoce.mx\/wp-content\/uploads\/2017\/05\/las-hijas-de-abril-poster-300x427.jpg 300w\" sizes=\"auto, (max-width: 1024px) 100vw, 1024px\" \/><\/a><\/p>\n<p>Estrenada en el aclamado <strong>Festival de Cine de Cannes<\/strong>, y presentada en una proyecci\u00f3n simult\u00e1nea en M\u00e9xico en <strong>Cin\u00e9polis Miyana<\/strong>, \u00abLas hijas de Abril\u00bb se concentra en una densa trama que descompone, con macabra sutileza, el concepto tradicional de familia feliz e incondicional. Ofrecida al p\u00fablico desde una perspectiva de confusa neutralidad, esta cinta cuestiona una vasta red de valores, aparentemente fundamentales e inamovibles del tejido social.<\/p>\n<p>Situada\u00a0 en el seno de una familia ca\u00f3tica, \u00abLas hijas de Abril\u00bb relata el espasm\u00f3dico reencuentro \u00a0de Abril (<strong>Emma Su\u00e1rez<\/strong>), con sus hijas Valeria (<strong>Ana Valeria Becerril<\/strong>) y Clara (<strong>Joanna Larequi<\/strong>), despu\u00e9s de que un inesperado evento las ha vuelto a reunir en el mismo hogar. Pronto, las\u00a0 promesas de reivindicar el v\u00ednculo de apoyo, del perd\u00f3n y la conciliaci\u00f3n, se diluyen en una serie de impredecibles giros que descubren intenciones de dif\u00edcil entendimiento, aparentemente carentes de juicio, de extra\u00f1o criterio; siempre complicadas para quien las mire desde un vistazo ligero\u2026 No obstante, tambi\u00e9n retornar\u00e1n las \u00abotras\u00bb promesas: las del reencuentro. As\u00ed, la b\u00fasqueda del ser amado,\u00a0 el anhelo de la propia\u00a0 juventud, y el asfixiante deseo por habitar en plena libertad, se condensan como motor\u00a0 y\u00a0 justificaci\u00f3n \u00faltima de cada movimiento ejecutado.<\/p>\n<p><a href=\"http:\/\/www.reconoce.mx\/wp-content\/uploads\/2017\/05\/las-hijas-de-abril-2.jpg\"><img loading=\"lazy\" decoding=\"async\" class=\"aligncenter size-full wp-image-61377\" src=\"http:\/\/www.reconoce.mx\/wp-content\/uploads\/2017\/05\/las-hijas-de-abril-2.jpg\" alt=\"\" width=\"1066\" height=\"1600\" srcset=\"https:\/\/www.reconoce.mx\/wp-content\/uploads\/2017\/05\/las-hijas-de-abril-2.jpg 1066w, https:\/\/www.reconoce.mx\/wp-content\/uploads\/2017\/05\/las-hijas-de-abril-2-200x300.jpg 200w, https:\/\/www.reconoce.mx\/wp-content\/uploads\/2017\/05\/las-hijas-de-abril-2-768x1153.jpg 768w, https:\/\/www.reconoce.mx\/wp-content\/uploads\/2017\/05\/las-hijas-de-abril-2-682x1024.jpg 682w, https:\/\/www.reconoce.mx\/wp-content\/uploads\/2017\/05\/las-hijas-de-abril-2-150x225.jpg 150w, https:\/\/www.reconoce.mx\/wp-content\/uploads\/2017\/05\/las-hijas-de-abril-2-700x1051.jpg 700w, https:\/\/www.reconoce.mx\/wp-content\/uploads\/2017\/05\/las-hijas-de-abril-2-658x988.jpg 658w, https:\/\/www.reconoce.mx\/wp-content\/uploads\/2017\/05\/las-hijas-de-abril-2-300x450.jpg 300w\" sizes=\"auto, (max-width: 1066px) 100vw, 1066px\" \/><\/a><\/p>\n<p>\u00abLas hijas de Abril\u00bb representa, desde muchas vertientes, una interesante reflexi\u00f3n sobre la figura materna moderna y su insospechado potencial para replantear la ambivalente experiencia del amor. El odio, el coraje, la desesperaci\u00f3n, la mentira y el escape parecen ser recursos necesarios: la nostalgia por reencontrar lo que se ha perdido recae en una dimensi\u00f3n que no se puede juzgar desde lo cotidiano.<\/p>\n<p>Esta comprometedora cinta va dirigida a un p\u00fablico paciente y sensato. La posibilidad de pensar en el bien y el mal no llega a manifestarse con claridad; la noci\u00f3n de justicia e injusticia se relega al margen de lo prescindible. La comprensi\u00f3n de la trama es posible desde el distanciamiento de la primera intuici\u00f3n: es tiempo de pensar en lo que ya se sabe, pero que es preferible no contar&#8230;<\/p>\n<style>.embed-container { position: relative; padding-bottom: 56.25%; height: 0; overflow: hidden; max-width: 100%; } .embed-container iframe, .embed-container object, .embed-container embed { position: absolute; top: 0; left: 0; width: 100%; height: 100%; }<\/style>\n<div class=\"embed-container\"><iframe loading=\"lazy\" src=\"https:\/\/www.youtube.com\/embed\/zEQRkBcZfTg\" width=\"300\" height=\"150\" frameborder=\"0\" allowfullscreen=\"allowfullscreen\"><\/iframe><\/div>\n<p>&nbsp;<\/p>\n<p>\u00abLas hijas de Abril\u00bb es parte de la Selecci\u00f3n Oficial del <strong>Festival de Cannes 2017<\/strong> que se celebra en la Riviera francesa desde el pasado 17 y hasta el pr\u00f3ximo 28 de mayo. La m\u00e1s reciente pel\u00edcula de <strong>Michel Franco<\/strong> se estrena a nivel comercial en M\u00e9xico el pr\u00f3ximo 30 de junio.<\/p>\n<p style=\"text-align: right;\">Con im\u00e1genes cortes\u00eda de <strong>Videocine<\/strong>.<\/p>\n<p>&nbsp;<\/p>\n<p>&nbsp;<\/p>\n","protected":false},"excerpt":{"rendered":"<p>Es tiempo de hablar, escribir y filmar sobre aquello que \u201cse sabe\u201d, pero es preferible no contar.<\/p>\n","protected":false},"author":2,"featured_media":61376,"comment_status":"open","ping_status":"open","sticky":false,"template":"","format":"standard","meta":{"footnotes":""},"categories":[24,1,17],"tags":[],"class_list":["post-61374","post","type-post","status-publish","format-standard","has-post-thumbnail","hentry","category-cine","category-cultura","category-principal"],"yoast_head":"<!-- This site is optimized with the Yoast SEO plugin v24.7 - https:\/\/yoast.com\/wordpress\/plugins\/seo\/ -->\n<title>#Cannes2017: &quot;Las hijas de Abril&quot;, eterna nostalgia por el reencuentro &#171; Reconoce MX<\/title>\n<meta name=\"robots\" content=\"index, follow, max-snippet:-1, max-image-preview:large, max-video-preview:-1\" \/>\n<link rel=\"canonical\" href=\"https:\/\/www.reconoce.mx\/?p=61374\" \/>\n<meta property=\"og:locale\" content=\"es_ES\" \/>\n<meta property=\"og:type\" content=\"article\" \/>\n<meta property=\"og:title\" content=\"#Cannes2017: &quot;Las hijas de Abril&quot;, eterna nostalgia por el reencuentro &#171; Reconoce MX\" \/>\n<meta property=\"og:description\" content=\"Es tiempo de hablar, escribir y filmar sobre aquello que \u201cse sabe\u201d, pero es preferible no contar.\" \/>\n<meta property=\"og:url\" content=\"https:\/\/www.reconoce.mx\/?p=61374\" \/>\n<meta property=\"og:site_name\" content=\"Reconoce MX\" \/>\n<meta property=\"article:publisher\" content=\"https:\/\/es-la.facebook.com\/ReconoceMX\/\" \/>\n<meta property=\"article:published_time\" content=\"2017-05-22T05:03:05+00:00\" \/>\n<meta property=\"article:modified_time\" content=\"2017-05-24T13:39:47+00:00\" \/>\n<meta property=\"og:image\" content=\"https:\/\/www.reconoce.mx\/wp-content\/uploads\/2017\/05\/las-hijas-de-abril-1.png\" \/>\n\t<meta property=\"og:image:width\" content=\"590\" \/>\n\t<meta property=\"og:image:height\" content=\"380\" \/>\n\t<meta property=\"og:image:type\" content=\"image\/png\" \/>\n<meta name=\"author\" content=\"Reconoce MX\" \/>\n<meta name=\"twitter:card\" content=\"summary_large_image\" \/>\n<meta name=\"twitter:creator\" content=\"@reconocemx\" \/>\n<meta name=\"twitter:site\" content=\"@reconocemx\" \/>\n<meta name=\"twitter:label1\" content=\"Escrito por\" \/>\n\t<meta name=\"twitter:data1\" content=\"Reconoce MX\" \/>\n\t<meta name=\"twitter:label2\" content=\"Tiempo de lectura\" \/>\n\t<meta name=\"twitter:data2\" content=\"2 minutos\" \/>\n<script type=\"application\/ld+json\" class=\"yoast-schema-graph\">{\"@context\":\"https:\/\/schema.org\",\"@graph\":[{\"@type\":\"Article\",\"@id\":\"https:\/\/www.reconoce.mx\/?p=61374#article\",\"isPartOf\":{\"@id\":\"https:\/\/www.reconoce.mx\/?p=61374\"},\"author\":{\"name\":\"Reconoce MX\",\"@id\":\"https:\/\/www.reconoce.mx\/#\/schema\/person\/2117e997d7051dc15d6880eaf9bca0b2\"},\"headline\":\"#Cannes2017: \u00abLas hijas de Abril\u00bb, eterna nostalgia por el reencuentro\",\"datePublished\":\"2017-05-22T05:03:05+00:00\",\"dateModified\":\"2017-05-24T13:39:47+00:00\",\"mainEntityOfPage\":{\"@id\":\"https:\/\/www.reconoce.mx\/?p=61374\"},\"wordCount\":507,\"commentCount\":0,\"publisher\":{\"@id\":\"https:\/\/www.reconoce.mx\/#organization\"},\"image\":{\"@id\":\"https:\/\/www.reconoce.mx\/?p=61374#primaryimage\"},\"thumbnailUrl\":\"https:\/\/www.reconoce.mx\/wp-content\/uploads\/2017\/05\/las-hijas-de-abril-1.png\",\"articleSection\":[\"Cine\",\"Cultura\",\"Principal\"],\"inLanguage\":\"es\",\"potentialAction\":[{\"@type\":\"CommentAction\",\"name\":\"Comment\",\"target\":[\"https:\/\/www.reconoce.mx\/?p=61374#respond\"]}]},{\"@type\":\"WebPage\",\"@id\":\"https:\/\/www.reconoce.mx\/?p=61374\",\"url\":\"https:\/\/www.reconoce.mx\/?p=61374\",\"name\":\"#Cannes2017: \\\"Las hijas de Abril\\\", eterna nostalgia por el reencuentro &#171; Reconoce MX\",\"isPartOf\":{\"@id\":\"https:\/\/www.reconoce.mx\/#website\"},\"primaryImageOfPage\":{\"@id\":\"https:\/\/www.reconoce.mx\/?p=61374#primaryimage\"},\"image\":{\"@id\":\"https:\/\/www.reconoce.mx\/?p=61374#primaryimage\"},\"thumbnailUrl\":\"https:\/\/www.reconoce.mx\/wp-content\/uploads\/2017\/05\/las-hijas-de-abril-1.png\",\"datePublished\":\"2017-05-22T05:03:05+00:00\",\"dateModified\":\"2017-05-24T13:39:47+00:00\",\"breadcrumb\":{\"@id\":\"https:\/\/www.reconoce.mx\/?p=61374#breadcrumb\"},\"inLanguage\":\"es\",\"potentialAction\":[{\"@type\":\"ReadAction\",\"target\":[\"https:\/\/www.reconoce.mx\/?p=61374\"]}]},{\"@type\":\"ImageObject\",\"inLanguage\":\"es\",\"@id\":\"https:\/\/www.reconoce.mx\/?p=61374#primaryimage\",\"url\":\"https:\/\/www.reconoce.mx\/wp-content\/uploads\/2017\/05\/las-hijas-de-abril-1.png\",\"contentUrl\":\"https:\/\/www.reconoce.mx\/wp-content\/uploads\/2017\/05\/las-hijas-de-abril-1.png\",\"width\":590,\"height\":380},{\"@type\":\"BreadcrumbList\",\"@id\":\"https:\/\/www.reconoce.mx\/?p=61374#breadcrumb\",\"itemListElement\":[{\"@type\":\"ListItem\",\"position\":1,\"name\":\"Portada\",\"item\":\"https:\/\/www.reconoce.mx\/\"},{\"@type\":\"ListItem\",\"position\":2,\"name\":\"#Cannes2017: \u00abLas hijas de Abril\u00bb, eterna nostalgia por el reencuentro\"}]},{\"@type\":\"WebSite\",\"@id\":\"https:\/\/www.reconoce.mx\/#website\",\"url\":\"https:\/\/www.reconoce.mx\/\",\"name\":\"Reconoce MX\",\"description\":\"En Reconoce MX difundimos arte, cultura y conciencia social en M\u00e9xico. Tu ciudad en otra perspectiva.\",\"publisher\":{\"@id\":\"https:\/\/www.reconoce.mx\/#organization\"},\"potentialAction\":[{\"@type\":\"SearchAction\",\"target\":{\"@type\":\"EntryPoint\",\"urlTemplate\":\"https:\/\/www.reconoce.mx\/?s={search_term_string}\"},\"query-input\":{\"@type\":\"PropertyValueSpecification\",\"valueRequired\":true,\"valueName\":\"search_term_string\"}}],\"inLanguage\":\"es\"},{\"@type\":\"Organization\",\"@id\":\"https:\/\/www.reconoce.mx\/#organization\",\"name\":\"Reconoce MX\",\"url\":\"https:\/\/www.reconoce.mx\/\",\"logo\":{\"@type\":\"ImageObject\",\"inLanguage\":\"es\",\"@id\":\"https:\/\/www.reconoce.mx\/#\/schema\/logo\/image\/\",\"url\":\"https:\/\/www.reconoce.mx\/wp-content\/uploads\/2019\/03\/logorcmx-good-1.png\",\"contentUrl\":\"https:\/\/www.reconoce.mx\/wp-content\/uploads\/2019\/03\/logorcmx-good-1.png\",\"width\":280,\"height\":90,\"caption\":\"Reconoce MX\"},\"image\":{\"@id\":\"https:\/\/www.reconoce.mx\/#\/schema\/logo\/image\/\"},\"sameAs\":[\"https:\/\/es-la.facebook.com\/ReconoceMX\/\",\"https:\/\/x.com\/reconocemx\",\"http:\/\/@reconocemx\"]},{\"@type\":\"Person\",\"@id\":\"https:\/\/www.reconoce.mx\/#\/schema\/person\/2117e997d7051dc15d6880eaf9bca0b2\",\"name\":\"Reconoce MX\",\"image\":{\"@type\":\"ImageObject\",\"inLanguage\":\"es\",\"@id\":\"https:\/\/www.reconoce.mx\/#\/schema\/person\/image\/\",\"url\":\"https:\/\/secure.gravatar.com\/avatar\/6c8d4dc7569ca1c90c5fdcc349f839d5ddef6fe1e70b4337ead2ef1a4c43fc3a?s=96&d=identicon&r=g\",\"contentUrl\":\"https:\/\/secure.gravatar.com\/avatar\/6c8d4dc7569ca1c90c5fdcc349f839d5ddef6fe1e70b4337ead2ef1a4c43fc3a?s=96&d=identicon&r=g\",\"caption\":\"Reconoce MX\"},\"description\":\"Reconoce MX es un proyecto de difusi\u00f3n art\u00edstica, cultural y de conciencia social que est\u00e1 enfocado a difundir y fomentar el entretenimiento alternativo de calidad para todo el p\u00fablico que comparta el mismo entusiasmo.\",\"sameAs\":[\"http:\/\/www.reconoce.mx\"],\"url\":\"https:\/\/www.reconoce.mx\/?author=2\"}]}<\/script>\n<!-- \/ Yoast SEO plugin. -->","yoast_head_json":{"title":"#Cannes2017: \"Las hijas de Abril\", eterna nostalgia por el reencuentro &#171; Reconoce MX","robots":{"index":"index","follow":"follow","max-snippet":"max-snippet:-1","max-image-preview":"max-image-preview:large","max-video-preview":"max-video-preview:-1"},"canonical":"https:\/\/www.reconoce.mx\/?p=61374","og_locale":"es_ES","og_type":"article","og_title":"#Cannes2017: \"Las hijas de Abril\", eterna nostalgia por el reencuentro &#171; Reconoce MX","og_description":"Es tiempo de hablar, escribir y filmar sobre aquello que \u201cse sabe\u201d, pero es preferible no contar.","og_url":"https:\/\/www.reconoce.mx\/?p=61374","og_site_name":"Reconoce MX","article_publisher":"https:\/\/es-la.facebook.com\/ReconoceMX\/","article_published_time":"2017-05-22T05:03:05+00:00","article_modified_time":"2017-05-24T13:39:47+00:00","og_image":[{"width":590,"height":380,"url":"https:\/\/www.reconoce.mx\/wp-content\/uploads\/2017\/05\/las-hijas-de-abril-1.png","type":"image\/png"}],"author":"Reconoce MX","twitter_card":"summary_large_image","twitter_creator":"@reconocemx","twitter_site":"@reconocemx","twitter_misc":{"Escrito por":"Reconoce MX","Tiempo de lectura":"2 minutos"},"schema":{"@context":"https:\/\/schema.org","@graph":[{"@type":"Article","@id":"https:\/\/www.reconoce.mx\/?p=61374#article","isPartOf":{"@id":"https:\/\/www.reconoce.mx\/?p=61374"},"author":{"name":"Reconoce MX","@id":"https:\/\/www.reconoce.mx\/#\/schema\/person\/2117e997d7051dc15d6880eaf9bca0b2"},"headline":"#Cannes2017: \u00abLas hijas de Abril\u00bb, eterna nostalgia por el reencuentro","datePublished":"2017-05-22T05:03:05+00:00","dateModified":"2017-05-24T13:39:47+00:00","mainEntityOfPage":{"@id":"https:\/\/www.reconoce.mx\/?p=61374"},"wordCount":507,"commentCount":0,"publisher":{"@id":"https:\/\/www.reconoce.mx\/#organization"},"image":{"@id":"https:\/\/www.reconoce.mx\/?p=61374#primaryimage"},"thumbnailUrl":"https:\/\/www.reconoce.mx\/wp-content\/uploads\/2017\/05\/las-hijas-de-abril-1.png","articleSection":["Cine","Cultura","Principal"],"inLanguage":"es","potentialAction":[{"@type":"CommentAction","name":"Comment","target":["https:\/\/www.reconoce.mx\/?p=61374#respond"]}]},{"@type":"WebPage","@id":"https:\/\/www.reconoce.mx\/?p=61374","url":"https:\/\/www.reconoce.mx\/?p=61374","name":"#Cannes2017: \"Las hijas de Abril\", eterna nostalgia por el reencuentro &#171; Reconoce MX","isPartOf":{"@id":"https:\/\/www.reconoce.mx\/#website"},"primaryImageOfPage":{"@id":"https:\/\/www.reconoce.mx\/?p=61374#primaryimage"},"image":{"@id":"https:\/\/www.reconoce.mx\/?p=61374#primaryimage"},"thumbnailUrl":"https:\/\/www.reconoce.mx\/wp-content\/uploads\/2017\/05\/las-hijas-de-abril-1.png","datePublished":"2017-05-22T05:03:05+00:00","dateModified":"2017-05-24T13:39:47+00:00","breadcrumb":{"@id":"https:\/\/www.reconoce.mx\/?p=61374#breadcrumb"},"inLanguage":"es","potentialAction":[{"@type":"ReadAction","target":["https:\/\/www.reconoce.mx\/?p=61374"]}]},{"@type":"ImageObject","inLanguage":"es","@id":"https:\/\/www.reconoce.mx\/?p=61374#primaryimage","url":"https:\/\/www.reconoce.mx\/wp-content\/uploads\/2017\/05\/las-hijas-de-abril-1.png","contentUrl":"https:\/\/www.reconoce.mx\/wp-content\/uploads\/2017\/05\/las-hijas-de-abril-1.png","width":590,"height":380},{"@type":"BreadcrumbList","@id":"https:\/\/www.reconoce.mx\/?p=61374#breadcrumb","itemListElement":[{"@type":"ListItem","position":1,"name":"Portada","item":"https:\/\/www.reconoce.mx\/"},{"@type":"ListItem","position":2,"name":"#Cannes2017: \u00abLas hijas de Abril\u00bb, eterna nostalgia por el reencuentro"}]},{"@type":"WebSite","@id":"https:\/\/www.reconoce.mx\/#website","url":"https:\/\/www.reconoce.mx\/","name":"Reconoce MX","description":"En Reconoce MX difundimos arte, cultura y conciencia social en M\u00e9xico. Tu ciudad en otra perspectiva.","publisher":{"@id":"https:\/\/www.reconoce.mx\/#organization"},"potentialAction":[{"@type":"SearchAction","target":{"@type":"EntryPoint","urlTemplate":"https:\/\/www.reconoce.mx\/?s={search_term_string}"},"query-input":{"@type":"PropertyValueSpecification","valueRequired":true,"valueName":"search_term_string"}}],"inLanguage":"es"},{"@type":"Organization","@id":"https:\/\/www.reconoce.mx\/#organization","name":"Reconoce MX","url":"https:\/\/www.reconoce.mx\/","logo":{"@type":"ImageObject","inLanguage":"es","@id":"https:\/\/www.reconoce.mx\/#\/schema\/logo\/image\/","url":"https:\/\/www.reconoce.mx\/wp-content\/uploads\/2019\/03\/logorcmx-good-1.png","contentUrl":"https:\/\/www.reconoce.mx\/wp-content\/uploads\/2019\/03\/logorcmx-good-1.png","width":280,"height":90,"caption":"Reconoce MX"},"image":{"@id":"https:\/\/www.reconoce.mx\/#\/schema\/logo\/image\/"},"sameAs":["https:\/\/es-la.facebook.com\/ReconoceMX\/","https:\/\/x.com\/reconocemx","http:\/\/@reconocemx"]},{"@type":"Person","@id":"https:\/\/www.reconoce.mx\/#\/schema\/person\/2117e997d7051dc15d6880eaf9bca0b2","name":"Reconoce MX","image":{"@type":"ImageObject","inLanguage":"es","@id":"https:\/\/www.reconoce.mx\/#\/schema\/person\/image\/","url":"https:\/\/secure.gravatar.com\/avatar\/6c8d4dc7569ca1c90c5fdcc349f839d5ddef6fe1e70b4337ead2ef1a4c43fc3a?s=96&d=identicon&r=g","contentUrl":"https:\/\/secure.gravatar.com\/avatar\/6c8d4dc7569ca1c90c5fdcc349f839d5ddef6fe1e70b4337ead2ef1a4c43fc3a?s=96&d=identicon&r=g","caption":"Reconoce MX"},"description":"Reconoce MX es un proyecto de difusi\u00f3n art\u00edstica, cultural y de conciencia social que est\u00e1 enfocado a difundir y fomentar el entretenimiento alternativo de calidad para todo el p\u00fablico que comparta el mismo entusiasmo.","sameAs":["http:\/\/www.reconoce.mx"],"url":"https:\/\/www.reconoce.mx\/?author=2"}]}},"_links":{"self":[{"href":"https:\/\/www.reconoce.mx\/index.php?rest_route=\/wp\/v2\/posts\/61374","targetHints":{"allow":["GET"]}}],"collection":[{"href":"https:\/\/www.reconoce.mx\/index.php?rest_route=\/wp\/v2\/posts"}],"about":[{"href":"https:\/\/www.reconoce.mx\/index.php?rest_route=\/wp\/v2\/types\/post"}],"author":[{"embeddable":true,"href":"https:\/\/www.reconoce.mx\/index.php?rest_route=\/wp\/v2\/users\/2"}],"replies":[{"embeddable":true,"href":"https:\/\/www.reconoce.mx\/index.php?rest_route=%2Fwp%2Fv2%2Fcomments&post=61374"}],"version-history":[{"count":5,"href":"https:\/\/www.reconoce.mx\/index.php?rest_route=\/wp\/v2\/posts\/61374\/revisions"}],"predecessor-version":[{"id":61480,"href":"https:\/\/www.reconoce.mx\/index.php?rest_route=\/wp\/v2\/posts\/61374\/revisions\/61480"}],"wp:featuredmedia":[{"embeddable":true,"href":"https:\/\/www.reconoce.mx\/index.php?rest_route=\/wp\/v2\/media\/61376"}],"wp:attachment":[{"href":"https:\/\/www.reconoce.mx\/index.php?rest_route=%2Fwp%2Fv2%2Fmedia&parent=61374"}],"wp:term":[{"taxonomy":"category","embeddable":true,"href":"https:\/\/www.reconoce.mx\/index.php?rest_route=%2Fwp%2Fv2%2Fcategories&post=61374"},{"taxonomy":"post_tag","embeddable":true,"href":"https:\/\/www.reconoce.mx\/index.php?rest_route=%2Fwp%2Fv2%2Ftags&post=61374"}],"curies":[{"name":"wp","href":"https:\/\/api.w.org\/{rel}","templated":true}]}}