{"id":61404,"date":"2017-05-23T00:04:11","date_gmt":"2017-05-23T05:04:11","guid":{"rendered":"http:\/\/www.reconoce.mx\/?p=61404"},"modified":"2017-05-23T07:28:35","modified_gmt":"2017-05-23T12:28:35","slug":"dashboard-confessional-melancolia-energetica-en-el-plaza","status":"publish","type":"post","link":"https:\/\/www.reconoce.mx\/?p=61404","title":{"rendered":"Dashboard Confessional, melancol\u00eda energ\u00e9tica en El Plaza"},"content":{"rendered":"<p><strong>Texto por <a href=\"https:\/\/twitter.com\/JACSPhoto\" target=\"_blank\" rel=\"noopener noreferrer\">Joaqu\u00edn Cervantes<\/a><\/strong>.<br \/>\n<strong>Fotos por <a href=\"https:\/\/twitter.com\/ninapapalote\" target=\"_blank\" rel=\"noopener noreferrer\">Ni\u00f1a Papalote<\/a><\/strong>.<\/p>\n<p>Sorprendente y vibrante presentaci\u00f3n de <strong>Dashboard Confessional<\/strong> en esta \u00fanica fecha en el pa\u00eds, llena de fans en su mayor\u00eda entre los veinte y treinta a\u00f1os.<\/p>\n<p><a href=\"http:\/\/www.reconoce.mx\/wp-content\/uploads\/2017\/05\/dashboard-confessional-3.png\"><img loading=\"lazy\" decoding=\"async\" class=\"aligncenter size-full wp-image-61407\" src=\"http:\/\/www.reconoce.mx\/wp-content\/uploads\/2017\/05\/dashboard-confessional-3.png\" alt=\"\" width=\"712\" height=\"1068\" srcset=\"https:\/\/www.reconoce.mx\/wp-content\/uploads\/2017\/05\/dashboard-confessional-3.png 712w, https:\/\/www.reconoce.mx\/wp-content\/uploads\/2017\/05\/dashboard-confessional-3-200x300.png 200w, https:\/\/www.reconoce.mx\/wp-content\/uploads\/2017\/05\/dashboard-confessional-3-683x1024.png 683w, https:\/\/www.reconoce.mx\/wp-content\/uploads\/2017\/05\/dashboard-confessional-3-150x225.png 150w, https:\/\/www.reconoce.mx\/wp-content\/uploads\/2017\/05\/dashboard-confessional-3-700x1050.png 700w, https:\/\/www.reconoce.mx\/wp-content\/uploads\/2017\/05\/dashboard-confessional-3-658x987.png 658w, https:\/\/www.reconoce.mx\/wp-content\/uploads\/2017\/05\/dashboard-confessional-3-300x450.png 300w\" sizes=\"auto, (max-width: 712px) 100vw, 712px\" \/><\/a><\/p>\n<p><em><strong>&gt;&gt;<a href=\"https:\/\/www.flickr.com\/photos\/reconocemx\/albums\/72157681143579303\" target=\"_blank\" rel=\"noopener noreferrer\">Disfruta nuestra galer\u00eda de Dashboard Confessional en El Plaza Condesa<\/a>&lt;&lt;<\/strong><\/em><\/p>\n<p>La banda regreso a M\u00e9xico desde su \u00faltima presentaci\u00f3n en noviembre del a\u00f1o pasado en el <strong>Corona Capital<\/strong>, ahora con una sensaci\u00f3n m\u00e1s acogedora y amigable. Con la incre\u00edble y vibrante voz de <strong>Chris Carabba<\/strong> y los solemnes solos de guitarra de <strong>AJ<\/strong>, <strong>Dashboard Confessional<\/strong> trajeron gran energ\u00eda al recinto despu\u00e9s de haber marcado toda una generaci\u00f3n hace m\u00e1s de 10 a\u00f1os.<\/p>\n<p>Aunque no estuvo completamente lleno, el escenario de <strong>El Plaza Condesa<\/strong> fue testigo de su interminable vibra y buena m\u00fasica coreada por cada uno de los presentes con emoci\u00f3n, con canciones que marcaron a los \u00abdosmiles\u00bb como \u00abRemember to breathe\u00bb y \u00abSaints and sailors\u00bb; y hasta la presentaci\u00f3n de su nueva canci\u00f3n \u00abWe fight\u00bb, la cual fue dedicada contra el presidente <strong>Donald Trump<\/strong>, fueron algunas de las melod\u00edas que nos llenaron de emociones y recuerdos.<\/p>\n<p><a href=\"http:\/\/www.reconoce.mx\/wp-content\/uploads\/2017\/05\/dashboard-confessional-1.png\"><img loading=\"lazy\" decoding=\"async\" class=\"aligncenter size-full wp-image-61405\" src=\"http:\/\/www.reconoce.mx\/wp-content\/uploads\/2017\/05\/dashboard-confessional-1.png\" alt=\"\" width=\"590\" height=\"380\" srcset=\"https:\/\/www.reconoce.mx\/wp-content\/uploads\/2017\/05\/dashboard-confessional-1.png 590w, https:\/\/www.reconoce.mx\/wp-content\/uploads\/2017\/05\/dashboard-confessional-1-300x193.png 300w, https:\/\/www.reconoce.mx\/wp-content\/uploads\/2017\/05\/dashboard-confessional-1-150x97.png 150w\" sizes=\"auto, (max-width: 590px) 100vw, 590px\" \/><\/a><\/p>\n<p><em><strong>&gt;&gt;<a href=\"https:\/\/www.flickr.com\/photos\/reconocemx\/albums\/72157681143579303\" target=\"_blank\" rel=\"noopener noreferrer\">Disfruta nuestra galer\u00eda de Dashboard Confessional en El Plaza Condesa<\/a>&lt;&lt;<\/strong><\/em><\/p>\n<p>\u00abEs el mejor p\u00fablico que hemos tenido en esta gira\u00bb, dijo Carabba al escuchar a la gente emocionada corear sus canciones y gritar el nombre de la banda con entusiasmo. Con un set de casi 20 canciones, <strong>Dashboard Confessional<\/strong> cerr\u00f3 con las favoritas de los fans, como \u00abThe best deceptions\u00bb, \u00abScreaming infidelities\u00bb y \u00abVindicated\u00bb. Despu\u00e9s de un breve <em>encore<\/em>, regresaron para tocar \u00abHands down\u00bb y dejar a todos satisfechos con la entrega mostrada por la banda.<\/p>\n<p>Lleno de nostalgia, letras desgarradoras y poderosa m\u00fasica, el show de Carabba y compa\u00f1\u00eda se gan\u00f3 al p\u00fablico de <strong>El Plaza<\/strong> que tuvimos la oportunidad de ver en esta \u00edntima y gran presentaci\u00f3n.<\/p>\n<p>&nbsp;<\/p>\n<p>&nbsp;<\/p>\n","protected":false},"excerpt":{"rendered":"<p>Sorprendente y vibrante presentaci\u00f3n de Dashboard Confessional en esta \u00fanica fecha en el pa\u00eds, llena de fans en su mayor\u00eda entre los veinte y treinta a\u00f1os.<\/p>\n","protected":false},"author":2,"featured_media":61406,"comment_status":"open","ping_status":"open","sticky":false,"template":"","format":"standard","meta":{"footnotes":""},"categories":[1,18,17],"tags":[],"class_list":["post-61404","post","type-post","status-publish","format-standard","has-post-thumbnail","hentry","category-cultura","category-musica","category-principal"],"yoast_head":"<!-- This site is optimized with the Yoast SEO plugin v24.7 - https:\/\/yoast.com\/wordpress\/plugins\/seo\/ -->\n<title>Dashboard Confessional, melancol\u00eda energ\u00e9tica en El Plaza &#171; Reconoce MX<\/title>\n<meta name=\"robots\" content=\"index, follow, max-snippet:-1, max-image-preview:large, max-video-preview:-1\" \/>\n<link rel=\"canonical\" href=\"https:\/\/www.reconoce.mx\/?p=61404\" \/>\n<meta property=\"og:locale\" content=\"es_ES\" \/>\n<meta property=\"og:type\" content=\"article\" \/>\n<meta property=\"og:title\" content=\"Dashboard Confessional, melancol\u00eda energ\u00e9tica en El Plaza &#171; Reconoce MX\" \/>\n<meta property=\"og:description\" content=\"Sorprendente y vibrante presentaci\u00f3n de Dashboard Confessional en esta \u00fanica fecha en el pa\u00eds, llena de fans en su mayor\u00eda entre los veinte y treinta a\u00f1os.\" \/>\n<meta property=\"og:url\" content=\"https:\/\/www.reconoce.mx\/?p=61404\" \/>\n<meta property=\"og:site_name\" content=\"Reconoce MX\" \/>\n<meta property=\"article:publisher\" content=\"https:\/\/es-la.facebook.com\/ReconoceMX\/\" \/>\n<meta property=\"article:published_time\" content=\"2017-05-23T05:04:11+00:00\" \/>\n<meta property=\"article:modified_time\" content=\"2017-05-23T12:28:35+00:00\" \/>\n<meta property=\"og:image\" content=\"https:\/\/www.reconoce.mx\/wp-content\/uploads\/2017\/05\/dashboard-confessional-2.png\" \/>\n\t<meta property=\"og:image:width\" content=\"590\" \/>\n\t<meta property=\"og:image:height\" content=\"380\" \/>\n\t<meta property=\"og:image:type\" content=\"image\/png\" \/>\n<meta name=\"author\" content=\"Reconoce MX\" \/>\n<meta name=\"twitter:card\" content=\"summary_large_image\" \/>\n<meta name=\"twitter:creator\" content=\"@reconocemx\" \/>\n<meta name=\"twitter:site\" content=\"@reconocemx\" \/>\n<meta name=\"twitter:label1\" content=\"Escrito por\" \/>\n\t<meta name=\"twitter:data1\" content=\"Reconoce MX\" \/>\n\t<meta name=\"twitter:label2\" content=\"Tiempo de lectura\" \/>\n\t<meta name=\"twitter:data2\" content=\"2 minutos\" \/>\n<script type=\"application\/ld+json\" class=\"yoast-schema-graph\">{\"@context\":\"https:\/\/schema.org\",\"@graph\":[{\"@type\":\"Article\",\"@id\":\"https:\/\/www.reconoce.mx\/?p=61404#article\",\"isPartOf\":{\"@id\":\"https:\/\/www.reconoce.mx\/?p=61404\"},\"author\":{\"name\":\"Reconoce MX\",\"@id\":\"https:\/\/www.reconoce.mx\/#\/schema\/person\/2117e997d7051dc15d6880eaf9bca0b2\"},\"headline\":\"Dashboard Confessional, melancol\u00eda energ\u00e9tica en El Plaza\",\"datePublished\":\"2017-05-23T05:04:11+00:00\",\"dateModified\":\"2017-05-23T12:28:35+00:00\",\"mainEntityOfPage\":{\"@id\":\"https:\/\/www.reconoce.mx\/?p=61404\"},\"wordCount\":347,\"commentCount\":0,\"publisher\":{\"@id\":\"https:\/\/www.reconoce.mx\/#organization\"},\"image\":{\"@id\":\"https:\/\/www.reconoce.mx\/?p=61404#primaryimage\"},\"thumbnailUrl\":\"https:\/\/www.reconoce.mx\/wp-content\/uploads\/2017\/05\/dashboard-confessional-2.png\",\"articleSection\":[\"Cultura\",\"M\u00fasica\",\"Principal\"],\"inLanguage\":\"es\",\"potentialAction\":[{\"@type\":\"CommentAction\",\"name\":\"Comment\",\"target\":[\"https:\/\/www.reconoce.mx\/?p=61404#respond\"]}]},{\"@type\":\"WebPage\",\"@id\":\"https:\/\/www.reconoce.mx\/?p=61404\",\"url\":\"https:\/\/www.reconoce.mx\/?p=61404\",\"name\":\"Dashboard Confessional, melancol\u00eda energ\u00e9tica en El Plaza &#171; Reconoce MX\",\"isPartOf\":{\"@id\":\"https:\/\/www.reconoce.mx\/#website\"},\"primaryImageOfPage\":{\"@id\":\"https:\/\/www.reconoce.mx\/?p=61404#primaryimage\"},\"image\":{\"@id\":\"https:\/\/www.reconoce.mx\/?p=61404#primaryimage\"},\"thumbnailUrl\":\"https:\/\/www.reconoce.mx\/wp-content\/uploads\/2017\/05\/dashboard-confessional-2.png\",\"datePublished\":\"2017-05-23T05:04:11+00:00\",\"dateModified\":\"2017-05-23T12:28:35+00:00\",\"breadcrumb\":{\"@id\":\"https:\/\/www.reconoce.mx\/?p=61404#breadcrumb\"},\"inLanguage\":\"es\",\"potentialAction\":[{\"@type\":\"ReadAction\",\"target\":[\"https:\/\/www.reconoce.mx\/?p=61404\"]}]},{\"@type\":\"ImageObject\",\"inLanguage\":\"es\",\"@id\":\"https:\/\/www.reconoce.mx\/?p=61404#primaryimage\",\"url\":\"https:\/\/www.reconoce.mx\/wp-content\/uploads\/2017\/05\/dashboard-confessional-2.png\",\"contentUrl\":\"https:\/\/www.reconoce.mx\/wp-content\/uploads\/2017\/05\/dashboard-confessional-2.png\",\"width\":590,\"height\":380},{\"@type\":\"BreadcrumbList\",\"@id\":\"https:\/\/www.reconoce.mx\/?p=61404#breadcrumb\",\"itemListElement\":[{\"@type\":\"ListItem\",\"position\":1,\"name\":\"Portada\",\"item\":\"https:\/\/www.reconoce.mx\/\"},{\"@type\":\"ListItem\",\"position\":2,\"name\":\"Dashboard Confessional, melancol\u00eda energ\u00e9tica en El Plaza\"}]},{\"@type\":\"WebSite\",\"@id\":\"https:\/\/www.reconoce.mx\/#website\",\"url\":\"https:\/\/www.reconoce.mx\/\",\"name\":\"Reconoce MX\",\"description\":\"En Reconoce MX difundimos arte, cultura y conciencia social en M\u00e9xico. Tu ciudad en otra perspectiva.\",\"publisher\":{\"@id\":\"https:\/\/www.reconoce.mx\/#organization\"},\"potentialAction\":[{\"@type\":\"SearchAction\",\"target\":{\"@type\":\"EntryPoint\",\"urlTemplate\":\"https:\/\/www.reconoce.mx\/?s={search_term_string}\"},\"query-input\":{\"@type\":\"PropertyValueSpecification\",\"valueRequired\":true,\"valueName\":\"search_term_string\"}}],\"inLanguage\":\"es\"},{\"@type\":\"Organization\",\"@id\":\"https:\/\/www.reconoce.mx\/#organization\",\"name\":\"Reconoce MX\",\"url\":\"https:\/\/www.reconoce.mx\/\",\"logo\":{\"@type\":\"ImageObject\",\"inLanguage\":\"es\",\"@id\":\"https:\/\/www.reconoce.mx\/#\/schema\/logo\/image\/\",\"url\":\"https:\/\/www.reconoce.mx\/wp-content\/uploads\/2019\/03\/logorcmx-good-1.png\",\"contentUrl\":\"https:\/\/www.reconoce.mx\/wp-content\/uploads\/2019\/03\/logorcmx-good-1.png\",\"width\":280,\"height\":90,\"caption\":\"Reconoce MX\"},\"image\":{\"@id\":\"https:\/\/www.reconoce.mx\/#\/schema\/logo\/image\/\"},\"sameAs\":[\"https:\/\/es-la.facebook.com\/ReconoceMX\/\",\"https:\/\/x.com\/reconocemx\",\"http:\/\/@reconocemx\"]},{\"@type\":\"Person\",\"@id\":\"https:\/\/www.reconoce.mx\/#\/schema\/person\/2117e997d7051dc15d6880eaf9bca0b2\",\"name\":\"Reconoce MX\",\"image\":{\"@type\":\"ImageObject\",\"inLanguage\":\"es\",\"@id\":\"https:\/\/www.reconoce.mx\/#\/schema\/person\/image\/\",\"url\":\"https:\/\/secure.gravatar.com\/avatar\/6c8d4dc7569ca1c90c5fdcc349f839d5ddef6fe1e70b4337ead2ef1a4c43fc3a?s=96&d=identicon&r=g\",\"contentUrl\":\"https:\/\/secure.gravatar.com\/avatar\/6c8d4dc7569ca1c90c5fdcc349f839d5ddef6fe1e70b4337ead2ef1a4c43fc3a?s=96&d=identicon&r=g\",\"caption\":\"Reconoce MX\"},\"description\":\"Reconoce MX es un proyecto de difusi\u00f3n art\u00edstica, cultural y de conciencia social que est\u00e1 enfocado a difundir y fomentar el entretenimiento alternativo de calidad para todo el p\u00fablico que comparta el mismo entusiasmo.\",\"sameAs\":[\"http:\/\/www.reconoce.mx\"],\"url\":\"https:\/\/www.reconoce.mx\/?author=2\"}]}<\/script>\n<!-- \/ Yoast SEO plugin. -->","yoast_head_json":{"title":"Dashboard Confessional, melancol\u00eda energ\u00e9tica en El Plaza &#171; Reconoce MX","robots":{"index":"index","follow":"follow","max-snippet":"max-snippet:-1","max-image-preview":"max-image-preview:large","max-video-preview":"max-video-preview:-1"},"canonical":"https:\/\/www.reconoce.mx\/?p=61404","og_locale":"es_ES","og_type":"article","og_title":"Dashboard Confessional, melancol\u00eda energ\u00e9tica en El Plaza &#171; Reconoce MX","og_description":"Sorprendente y vibrante presentaci\u00f3n de Dashboard Confessional en esta \u00fanica fecha en el pa\u00eds, llena de fans en su mayor\u00eda entre los veinte y treinta a\u00f1os.","og_url":"https:\/\/www.reconoce.mx\/?p=61404","og_site_name":"Reconoce MX","article_publisher":"https:\/\/es-la.facebook.com\/ReconoceMX\/","article_published_time":"2017-05-23T05:04:11+00:00","article_modified_time":"2017-05-23T12:28:35+00:00","og_image":[{"width":590,"height":380,"url":"https:\/\/www.reconoce.mx\/wp-content\/uploads\/2017\/05\/dashboard-confessional-2.png","type":"image\/png"}],"author":"Reconoce MX","twitter_card":"summary_large_image","twitter_creator":"@reconocemx","twitter_site":"@reconocemx","twitter_misc":{"Escrito por":"Reconoce MX","Tiempo de lectura":"2 minutos"},"schema":{"@context":"https:\/\/schema.org","@graph":[{"@type":"Article","@id":"https:\/\/www.reconoce.mx\/?p=61404#article","isPartOf":{"@id":"https:\/\/www.reconoce.mx\/?p=61404"},"author":{"name":"Reconoce MX","@id":"https:\/\/www.reconoce.mx\/#\/schema\/person\/2117e997d7051dc15d6880eaf9bca0b2"},"headline":"Dashboard Confessional, melancol\u00eda energ\u00e9tica en El Plaza","datePublished":"2017-05-23T05:04:11+00:00","dateModified":"2017-05-23T12:28:35+00:00","mainEntityOfPage":{"@id":"https:\/\/www.reconoce.mx\/?p=61404"},"wordCount":347,"commentCount":0,"publisher":{"@id":"https:\/\/www.reconoce.mx\/#organization"},"image":{"@id":"https:\/\/www.reconoce.mx\/?p=61404#primaryimage"},"thumbnailUrl":"https:\/\/www.reconoce.mx\/wp-content\/uploads\/2017\/05\/dashboard-confessional-2.png","articleSection":["Cultura","M\u00fasica","Principal"],"inLanguage":"es","potentialAction":[{"@type":"CommentAction","name":"Comment","target":["https:\/\/www.reconoce.mx\/?p=61404#respond"]}]},{"@type":"WebPage","@id":"https:\/\/www.reconoce.mx\/?p=61404","url":"https:\/\/www.reconoce.mx\/?p=61404","name":"Dashboard Confessional, melancol\u00eda energ\u00e9tica en El Plaza &#171; Reconoce MX","isPartOf":{"@id":"https:\/\/www.reconoce.mx\/#website"},"primaryImageOfPage":{"@id":"https:\/\/www.reconoce.mx\/?p=61404#primaryimage"},"image":{"@id":"https:\/\/www.reconoce.mx\/?p=61404#primaryimage"},"thumbnailUrl":"https:\/\/www.reconoce.mx\/wp-content\/uploads\/2017\/05\/dashboard-confessional-2.png","datePublished":"2017-05-23T05:04:11+00:00","dateModified":"2017-05-23T12:28:35+00:00","breadcrumb":{"@id":"https:\/\/www.reconoce.mx\/?p=61404#breadcrumb"},"inLanguage":"es","potentialAction":[{"@type":"ReadAction","target":["https:\/\/www.reconoce.mx\/?p=61404"]}]},{"@type":"ImageObject","inLanguage":"es","@id":"https:\/\/www.reconoce.mx\/?p=61404#primaryimage","url":"https:\/\/www.reconoce.mx\/wp-content\/uploads\/2017\/05\/dashboard-confessional-2.png","contentUrl":"https:\/\/www.reconoce.mx\/wp-content\/uploads\/2017\/05\/dashboard-confessional-2.png","width":590,"height":380},{"@type":"BreadcrumbList","@id":"https:\/\/www.reconoce.mx\/?p=61404#breadcrumb","itemListElement":[{"@type":"ListItem","position":1,"name":"Portada","item":"https:\/\/www.reconoce.mx\/"},{"@type":"ListItem","position":2,"name":"Dashboard Confessional, melancol\u00eda energ\u00e9tica en El Plaza"}]},{"@type":"WebSite","@id":"https:\/\/www.reconoce.mx\/#website","url":"https:\/\/www.reconoce.mx\/","name":"Reconoce MX","description":"En Reconoce MX difundimos arte, cultura y conciencia social en M\u00e9xico. Tu ciudad en otra perspectiva.","publisher":{"@id":"https:\/\/www.reconoce.mx\/#organization"},"potentialAction":[{"@type":"SearchAction","target":{"@type":"EntryPoint","urlTemplate":"https:\/\/www.reconoce.mx\/?s={search_term_string}"},"query-input":{"@type":"PropertyValueSpecification","valueRequired":true,"valueName":"search_term_string"}}],"inLanguage":"es"},{"@type":"Organization","@id":"https:\/\/www.reconoce.mx\/#organization","name":"Reconoce MX","url":"https:\/\/www.reconoce.mx\/","logo":{"@type":"ImageObject","inLanguage":"es","@id":"https:\/\/www.reconoce.mx\/#\/schema\/logo\/image\/","url":"https:\/\/www.reconoce.mx\/wp-content\/uploads\/2019\/03\/logorcmx-good-1.png","contentUrl":"https:\/\/www.reconoce.mx\/wp-content\/uploads\/2019\/03\/logorcmx-good-1.png","width":280,"height":90,"caption":"Reconoce MX"},"image":{"@id":"https:\/\/www.reconoce.mx\/#\/schema\/logo\/image\/"},"sameAs":["https:\/\/es-la.facebook.com\/ReconoceMX\/","https:\/\/x.com\/reconocemx","http:\/\/@reconocemx"]},{"@type":"Person","@id":"https:\/\/www.reconoce.mx\/#\/schema\/person\/2117e997d7051dc15d6880eaf9bca0b2","name":"Reconoce MX","image":{"@type":"ImageObject","inLanguage":"es","@id":"https:\/\/www.reconoce.mx\/#\/schema\/person\/image\/","url":"https:\/\/secure.gravatar.com\/avatar\/6c8d4dc7569ca1c90c5fdcc349f839d5ddef6fe1e70b4337ead2ef1a4c43fc3a?s=96&d=identicon&r=g","contentUrl":"https:\/\/secure.gravatar.com\/avatar\/6c8d4dc7569ca1c90c5fdcc349f839d5ddef6fe1e70b4337ead2ef1a4c43fc3a?s=96&d=identicon&r=g","caption":"Reconoce MX"},"description":"Reconoce MX es un proyecto de difusi\u00f3n art\u00edstica, cultural y de conciencia social que est\u00e1 enfocado a difundir y fomentar el entretenimiento alternativo de calidad para todo el p\u00fablico que comparta el mismo entusiasmo.","sameAs":["http:\/\/www.reconoce.mx"],"url":"https:\/\/www.reconoce.mx\/?author=2"}]}},"_links":{"self":[{"href":"https:\/\/www.reconoce.mx\/index.php?rest_route=\/wp\/v2\/posts\/61404","targetHints":{"allow":["GET"]}}],"collection":[{"href":"https:\/\/www.reconoce.mx\/index.php?rest_route=\/wp\/v2\/posts"}],"about":[{"href":"https:\/\/www.reconoce.mx\/index.php?rest_route=\/wp\/v2\/types\/post"}],"author":[{"embeddable":true,"href":"https:\/\/www.reconoce.mx\/index.php?rest_route=\/wp\/v2\/users\/2"}],"replies":[{"embeddable":true,"href":"https:\/\/www.reconoce.mx\/index.php?rest_route=%2Fwp%2Fv2%2Fcomments&post=61404"}],"version-history":[{"count":3,"href":"https:\/\/www.reconoce.mx\/index.php?rest_route=\/wp\/v2\/posts\/61404\/revisions"}],"predecessor-version":[{"id":61410,"href":"https:\/\/www.reconoce.mx\/index.php?rest_route=\/wp\/v2\/posts\/61404\/revisions\/61410"}],"wp:featuredmedia":[{"embeddable":true,"href":"https:\/\/www.reconoce.mx\/index.php?rest_route=\/wp\/v2\/media\/61406"}],"wp:attachment":[{"href":"https:\/\/www.reconoce.mx\/index.php?rest_route=%2Fwp%2Fv2%2Fmedia&parent=61404"}],"wp:term":[{"taxonomy":"category","embeddable":true,"href":"https:\/\/www.reconoce.mx\/index.php?rest_route=%2Fwp%2Fv2%2Fcategories&post=61404"},{"taxonomy":"post_tag","embeddable":true,"href":"https:\/\/www.reconoce.mx\/index.php?rest_route=%2Fwp%2Fv2%2Ftags&post=61404"}],"curies":[{"name":"wp","href":"https:\/\/api.w.org\/{rel}","templated":true}]}}