{"id":61417,"date":"2017-05-23T00:03:47","date_gmt":"2017-05-23T05:03:47","guid":{"rendered":"http:\/\/www.reconoce.mx\/?p=61417"},"modified":"2017-05-23T08:09:29","modified_gmt":"2017-05-23T13:09:29","slug":"circuitoindio-los-daniels-y-serbia-emociones-a-flor-de-piel","status":"publish","type":"post","link":"https:\/\/www.reconoce.mx\/?p=61417","title":{"rendered":"#CircuitoIndio: Los Daniels y Serbia, emociones a flor de piel"},"content":{"rendered":"<p><strong>Texto por <a href=\"https:\/\/twitter.com\/HEELCass\" target=\"_blank\" rel=\"noopener noreferrer\">Cassiel Miranda L\u00f3pez<\/a><\/strong>.<strong><br \/>\nFotos por <a href=\"https:\/\/twitter.com\/heelraff\" target=\"_blank\" rel=\"noopener noreferrer\">Rafael P\u00e9rez Aldana<\/a><\/strong>.<\/p>\n<p>La noche del viernes 19 de mayo de 2017 ser\u00e1 recordada por el p\u00fablico que asisti\u00f3 al<strong> Foro Indie Rocks!<\/strong> de la Ciudad de M\u00e9xico. Tanto <strong>Serbia<\/strong> como <strong>Los Daniels<\/strong> fueron encargados de hacer vibrar el recinto en esta nueva fecha del <a href=\"https:\/\/twitter.com\/search?q=%23CircuitoIndio&amp;src=typd\" target=\"_blank\" rel=\"noopener noreferrer\">#CircuitoIndio<\/a>.<\/p>\n<p><a href=\"http:\/\/www.reconoce.mx\/wp-content\/uploads\/2017\/05\/IMG_1011.jpg\"><img loading=\"lazy\" decoding=\"async\" class=\"aligncenter size-full wp-image-61419\" src=\"http:\/\/www.reconoce.mx\/wp-content\/uploads\/2017\/05\/IMG_1011.jpg\" alt=\"\" width=\"4032\" height=\"3024\" srcset=\"https:\/\/www.reconoce.mx\/wp-content\/uploads\/2017\/05\/IMG_1011.jpg 4032w, https:\/\/www.reconoce.mx\/wp-content\/uploads\/2017\/05\/IMG_1011-300x225.jpg 300w, https:\/\/www.reconoce.mx\/wp-content\/uploads\/2017\/05\/IMG_1011-768x576.jpg 768w, https:\/\/www.reconoce.mx\/wp-content\/uploads\/2017\/05\/IMG_1011-1024x768.jpg 1024w, https:\/\/www.reconoce.mx\/wp-content\/uploads\/2017\/05\/IMG_1011-150x113.jpg 150w, https:\/\/www.reconoce.mx\/wp-content\/uploads\/2017\/05\/IMG_1011-700x525.jpg 700w, https:\/\/www.reconoce.mx\/wp-content\/uploads\/2017\/05\/IMG_1011-658x494.jpg 658w\" sizes=\"auto, (max-width: 4032px) 100vw, 4032px\" \/><\/a><\/p>\n<p><strong>Serbia<\/strong> se encarg\u00f3 de abrir el show; la agrupaci\u00f3n conformada por Ernesto Ort\u00edz (voz y guitarra), Daniel V\u00e1zquez (bater\u00eda) y Eduardo V\u00e1zquez (bajo). Aunque la mayor\u00eda del p\u00fablico esperaba por <strong>Los Daniels<\/strong>, su impaciencia no impidi\u00f3 que el grupo procedente de Nuevo Le\u00f3n los hiciera bailar y disfrutar de su m\u00fasica. La banda toc\u00f3 siete canciones, entre ellas \u00abAnestesia\u00bb y \u00ab120 excusas\u00bb, adem\u00e1s de tocar su m\u00e1s reciente sencillo: \u00abAb\u00fasame\u00bb.<\/p>\n<p>Adem\u00e1s de poder disfrutar de la excelente m\u00fasica de esta banda, los integrantes de <strong>Serbia<\/strong> le dejaron el escenario preparado a <strong>Los Daniels<\/strong>, no sin antes darle un detalle a los presentes en el recinto, ya que Daniel regal\u00f3 una de sus baquetas, mientras Neto y Lalo regalaron las plumillas usadas en el concierto; al final agradecieron al p\u00fablico que los acompa\u00f1\u00f3 toda la noche.<\/p>\n<p>Despu\u00e9s de un intermedio de aproximadamente 20 minutos, el p\u00fablico se mostr\u00f3 cada vez m\u00e1s emocionado por ver a <strong>Los Daniels<\/strong>, agrupaci\u00f3n formada por Ismael Salcedo (vocalista), Rasheed Dur\u00e1n (bater\u00eda), Alfonso D\u00edaz (guitarra\/bajo) y Carlos Palomares (guitarra).<\/p>\n<p><a href=\"http:\/\/www.reconoce.mx\/wp-content\/uploads\/2017\/05\/IMG_0986.jpg\"><img loading=\"lazy\" decoding=\"async\" class=\"aligncenter size-full wp-image-61418\" src=\"http:\/\/www.reconoce.mx\/wp-content\/uploads\/2017\/05\/IMG_0986.jpg\" alt=\"\" width=\"4032\" height=\"3024\" srcset=\"https:\/\/www.reconoce.mx\/wp-content\/uploads\/2017\/05\/IMG_0986.jpg 4032w, https:\/\/www.reconoce.mx\/wp-content\/uploads\/2017\/05\/IMG_0986-300x225.jpg 300w, https:\/\/www.reconoce.mx\/wp-content\/uploads\/2017\/05\/IMG_0986-768x576.jpg 768w, https:\/\/www.reconoce.mx\/wp-content\/uploads\/2017\/05\/IMG_0986-1024x768.jpg 1024w, https:\/\/www.reconoce.mx\/wp-content\/uploads\/2017\/05\/IMG_0986-150x113.jpg 150w, https:\/\/www.reconoce.mx\/wp-content\/uploads\/2017\/05\/IMG_0986-700x525.jpg 700w, https:\/\/www.reconoce.mx\/wp-content\/uploads\/2017\/05\/IMG_0986-658x494.jpg 658w\" sizes=\"auto, (max-width: 4032px) 100vw, 4032px\" \/><\/a><\/p>\n<p>Cuando por fin salieron a escena, entre gritos y aplausos de seguidores -como debe de ser en un buen concierto de rock-, la banda hizo sonar las primeras notas y de ah\u00ed comenz\u00f3 a subir la intensidad de sus canciones. La nota negra de la noche fue cuando un asistente, bajo la influencia del alcohol, arroj\u00f3 un vaso dirigido a Ismael, quien al terminar su canci\u00f3n par\u00f3 unos momentos el concierto hasta que lleg\u00f3 seguridad y sacaron del recinto al individuo.<\/p>\n<p>Ismael pidi\u00f3 una disculpa y sigui\u00f3 con el concierto que dur\u00f3 alrededor de hora y media m\u00e1s despu\u00e9s del incidente. Este concierto fue especial para la banda ya que celebran 10 a\u00f1os de haber consolidado este proyecto y realizar su sue\u00f1o musical. Con motivo del festejo, lanzaron <em>flyers<\/em> conmemorativos, que desafortunadamente no alcanzaron para todos los presentes. Otro de los momentos que sobresalen de la velada, fue el homenaje dedicado a <strong>Jos\u00e9 Jos\u00e9<\/strong> y <strong>Juan Gabriel<\/strong> que hicieron corear a su propio ritmo.<\/p>\n<p>Despu\u00e9s de un rato de buena m\u00fasica, Isma le cedi\u00f3 el micr\u00f3fono a Ponchito, quien dej\u00f3 el bajo a un lado para compartir con nosotros su talento como cantante y no nos defraud\u00f3. Rash decidi\u00f3 que el quer\u00eda robarse la noche y despu\u00e9s de un gran solo, tom\u00f3 una de las cajas de su bater\u00eda y baj\u00f3 con ella al centro de la pista en donde sorprendi\u00f3 a los asistentes incorpor\u00e1ndose entre ellos.<\/p>\n<p><a href=\"http:\/\/www.reconoce.mx\/wp-content\/uploads\/2017\/05\/IMG_1092.jpg\"><img loading=\"lazy\" decoding=\"async\" class=\"aligncenter size-full wp-image-61420\" src=\"http:\/\/www.reconoce.mx\/wp-content\/uploads\/2017\/05\/IMG_1092.jpg\" alt=\"\" width=\"1600\" height=\"1200\" srcset=\"https:\/\/www.reconoce.mx\/wp-content\/uploads\/2017\/05\/IMG_1092.jpg 1600w, https:\/\/www.reconoce.mx\/wp-content\/uploads\/2017\/05\/IMG_1092-300x225.jpg 300w, https:\/\/www.reconoce.mx\/wp-content\/uploads\/2017\/05\/IMG_1092-768x576.jpg 768w, https:\/\/www.reconoce.mx\/wp-content\/uploads\/2017\/05\/IMG_1092-1024x768.jpg 1024w, https:\/\/www.reconoce.mx\/wp-content\/uploads\/2017\/05\/IMG_1092-150x113.jpg 150w, https:\/\/www.reconoce.mx\/wp-content\/uploads\/2017\/05\/IMG_1092-700x525.jpg 700w, https:\/\/www.reconoce.mx\/wp-content\/uploads\/2017\/05\/IMG_1092-658x494.jpg 658w\" sizes=\"auto, (max-width: 1600px) 100vw, 1600px\" \/><\/a><\/p>\n<p>\u00a1Isma no se pod\u00eda quedar atr\u00e1s! Despu\u00e9s de este gran solo de bater\u00eda a cargo de Rash, fue ahora \u00e9l quien baj\u00f3 entre el p\u00fablico para compartir el micr\u00f3fono con ellos durante una canci\u00f3n. Al regresar al escenario tocaron una \u00faltima canci\u00f3n para despu\u00e9s retirarse, pero aqu\u00ed no acabo el concierto; los fans empezaron a cantar el famoso \u00abOl\u00e9 ol\u00e9\u00bb para pedir otra canci\u00f3n, cosa que la agrupaci\u00f3n concedi\u00f3 para regalarnos tres canciones m\u00e1s para ahora s\u00ed finalizar su show.<\/p>\n<p>Antes de retirarse, la banda pidi\u00f3 al p\u00fablico un aplauso para personas importantes que los acompa\u00f1aron, y regalaron tanto su <em>setlist<\/em> como sus plumillas.<\/p>\n<p>Despu\u00e9s del tr\u00e1gico suceso en la escena musical en el que <strong>Chris Cornell<\/strong> decidi\u00f3 quitarse la vida, Rash utiliz\u00f3 en homenaje a \u00e9l y a su m\u00fasica una playera de <strong>Soundgarden<\/strong>.<\/p>\n<p>&nbsp;<\/p>\n<p>&nbsp;<\/p>\n","protected":false},"excerpt":{"rendered":"<p>La noche del viernes 19 de mayo de 2017 ser\u00e1 recordada por el p\u00fablico que asisti\u00f3 al Foro Indie Rocks! de la Ciudad de M\u00e9xico. Tanto Serbia como Los Daniels fueron encargados de hacer vibrar el recinto en esta nueva fecha del #CircuitoIndio.<\/p>\n","protected":false},"author":2,"featured_media":61421,"comment_status":"open","ping_status":"open","sticky":false,"template":"","format":"standard","meta":{"footnotes":""},"categories":[1,18,17],"tags":[],"class_list":["post-61417","post","type-post","status-publish","format-standard","has-post-thumbnail","hentry","category-cultura","category-musica","category-principal"],"yoast_head":"<!-- This site is optimized with the Yoast SEO plugin v24.7 - https:\/\/yoast.com\/wordpress\/plugins\/seo\/ -->\n<title>#CircuitoIndio: Los Daniels y Serbia, emociones a flor de piel &#171; Reconoce MX<\/title>\n<meta name=\"robots\" content=\"index, follow, max-snippet:-1, max-image-preview:large, max-video-preview:-1\" \/>\n<link rel=\"canonical\" href=\"https:\/\/www.reconoce.mx\/?p=61417\" \/>\n<meta property=\"og:locale\" content=\"es_ES\" \/>\n<meta property=\"og:type\" content=\"article\" \/>\n<meta property=\"og:title\" content=\"#CircuitoIndio: Los Daniels y Serbia, emociones a flor de piel &#171; Reconoce MX\" \/>\n<meta property=\"og:description\" content=\"La noche del viernes 19 de mayo de 2017 ser\u00e1 recordada por el p\u00fablico que asisti\u00f3 al Foro Indie Rocks! de la Ciudad de M\u00e9xico. Tanto Serbia como Los Daniels fueron encargados de hacer vibrar el recinto en esta nueva fecha del #CircuitoIndio.\" \/>\n<meta property=\"og:url\" content=\"https:\/\/www.reconoce.mx\/?p=61417\" \/>\n<meta property=\"og:site_name\" content=\"Reconoce MX\" \/>\n<meta property=\"article:publisher\" content=\"https:\/\/es-la.facebook.com\/ReconoceMX\/\" \/>\n<meta property=\"article:published_time\" content=\"2017-05-23T05:03:47+00:00\" \/>\n<meta property=\"article:modified_time\" content=\"2017-05-23T13:09:29+00:00\" \/>\n<meta property=\"og:image\" content=\"https:\/\/www.reconoce.mx\/wp-content\/uploads\/2017\/05\/losdaniels.png\" \/>\n\t<meta property=\"og:image:width\" content=\"590\" \/>\n\t<meta property=\"og:image:height\" content=\"380\" \/>\n\t<meta property=\"og:image:type\" content=\"image\/png\" \/>\n<meta name=\"author\" content=\"Reconoce MX\" \/>\n<meta name=\"twitter:card\" content=\"summary_large_image\" \/>\n<meta name=\"twitter:creator\" content=\"@reconocemx\" \/>\n<meta name=\"twitter:site\" content=\"@reconocemx\" \/>\n<meta name=\"twitter:label1\" content=\"Escrito por\" \/>\n\t<meta name=\"twitter:data1\" content=\"Reconoce MX\" \/>\n\t<meta name=\"twitter:label2\" content=\"Tiempo de lectura\" \/>\n\t<meta name=\"twitter:data2\" content=\"3 minutos\" \/>\n<script type=\"application\/ld+json\" class=\"yoast-schema-graph\">{\"@context\":\"https:\/\/schema.org\",\"@graph\":[{\"@type\":\"Article\",\"@id\":\"https:\/\/www.reconoce.mx\/?p=61417#article\",\"isPartOf\":{\"@id\":\"https:\/\/www.reconoce.mx\/?p=61417\"},\"author\":{\"name\":\"Reconoce MX\",\"@id\":\"https:\/\/www.reconoce.mx\/#\/schema\/person\/2117e997d7051dc15d6880eaf9bca0b2\"},\"headline\":\"#CircuitoIndio: Los Daniels y Serbia, emociones a flor de piel\",\"datePublished\":\"2017-05-23T05:03:47+00:00\",\"dateModified\":\"2017-05-23T13:09:29+00:00\",\"mainEntityOfPage\":{\"@id\":\"https:\/\/www.reconoce.mx\/?p=61417\"},\"wordCount\":660,\"commentCount\":0,\"publisher\":{\"@id\":\"https:\/\/www.reconoce.mx\/#organization\"},\"image\":{\"@id\":\"https:\/\/www.reconoce.mx\/?p=61417#primaryimage\"},\"thumbnailUrl\":\"https:\/\/www.reconoce.mx\/wp-content\/uploads\/2017\/05\/losdaniels.png\",\"articleSection\":[\"Cultura\",\"M\u00fasica\",\"Principal\"],\"inLanguage\":\"es\",\"potentialAction\":[{\"@type\":\"CommentAction\",\"name\":\"Comment\",\"target\":[\"https:\/\/www.reconoce.mx\/?p=61417#respond\"]}]},{\"@type\":\"WebPage\",\"@id\":\"https:\/\/www.reconoce.mx\/?p=61417\",\"url\":\"https:\/\/www.reconoce.mx\/?p=61417\",\"name\":\"#CircuitoIndio: Los Daniels y Serbia, emociones a flor de piel &#171; Reconoce MX\",\"isPartOf\":{\"@id\":\"https:\/\/www.reconoce.mx\/#website\"},\"primaryImageOfPage\":{\"@id\":\"https:\/\/www.reconoce.mx\/?p=61417#primaryimage\"},\"image\":{\"@id\":\"https:\/\/www.reconoce.mx\/?p=61417#primaryimage\"},\"thumbnailUrl\":\"https:\/\/www.reconoce.mx\/wp-content\/uploads\/2017\/05\/losdaniels.png\",\"datePublished\":\"2017-05-23T05:03:47+00:00\",\"dateModified\":\"2017-05-23T13:09:29+00:00\",\"breadcrumb\":{\"@id\":\"https:\/\/www.reconoce.mx\/?p=61417#breadcrumb\"},\"inLanguage\":\"es\",\"potentialAction\":[{\"@type\":\"ReadAction\",\"target\":[\"https:\/\/www.reconoce.mx\/?p=61417\"]}]},{\"@type\":\"ImageObject\",\"inLanguage\":\"es\",\"@id\":\"https:\/\/www.reconoce.mx\/?p=61417#primaryimage\",\"url\":\"https:\/\/www.reconoce.mx\/wp-content\/uploads\/2017\/05\/losdaniels.png\",\"contentUrl\":\"https:\/\/www.reconoce.mx\/wp-content\/uploads\/2017\/05\/losdaniels.png\",\"width\":590,\"height\":380},{\"@type\":\"BreadcrumbList\",\"@id\":\"https:\/\/www.reconoce.mx\/?p=61417#breadcrumb\",\"itemListElement\":[{\"@type\":\"ListItem\",\"position\":1,\"name\":\"Portada\",\"item\":\"https:\/\/www.reconoce.mx\/\"},{\"@type\":\"ListItem\",\"position\":2,\"name\":\"#CircuitoIndio: Los Daniels y Serbia, emociones a flor de piel\"}]},{\"@type\":\"WebSite\",\"@id\":\"https:\/\/www.reconoce.mx\/#website\",\"url\":\"https:\/\/www.reconoce.mx\/\",\"name\":\"Reconoce MX\",\"description\":\"En Reconoce MX difundimos arte, cultura y conciencia social en M\u00e9xico. Tu ciudad en otra perspectiva.\",\"publisher\":{\"@id\":\"https:\/\/www.reconoce.mx\/#organization\"},\"potentialAction\":[{\"@type\":\"SearchAction\",\"target\":{\"@type\":\"EntryPoint\",\"urlTemplate\":\"https:\/\/www.reconoce.mx\/?s={search_term_string}\"},\"query-input\":{\"@type\":\"PropertyValueSpecification\",\"valueRequired\":true,\"valueName\":\"search_term_string\"}}],\"inLanguage\":\"es\"},{\"@type\":\"Organization\",\"@id\":\"https:\/\/www.reconoce.mx\/#organization\",\"name\":\"Reconoce MX\",\"url\":\"https:\/\/www.reconoce.mx\/\",\"logo\":{\"@type\":\"ImageObject\",\"inLanguage\":\"es\",\"@id\":\"https:\/\/www.reconoce.mx\/#\/schema\/logo\/image\/\",\"url\":\"https:\/\/www.reconoce.mx\/wp-content\/uploads\/2019\/03\/logorcmx-good-1.png\",\"contentUrl\":\"https:\/\/www.reconoce.mx\/wp-content\/uploads\/2019\/03\/logorcmx-good-1.png\",\"width\":280,\"height\":90,\"caption\":\"Reconoce MX\"},\"image\":{\"@id\":\"https:\/\/www.reconoce.mx\/#\/schema\/logo\/image\/\"},\"sameAs\":[\"https:\/\/es-la.facebook.com\/ReconoceMX\/\",\"https:\/\/x.com\/reconocemx\",\"http:\/\/@reconocemx\"]},{\"@type\":\"Person\",\"@id\":\"https:\/\/www.reconoce.mx\/#\/schema\/person\/2117e997d7051dc15d6880eaf9bca0b2\",\"name\":\"Reconoce MX\",\"image\":{\"@type\":\"ImageObject\",\"inLanguage\":\"es\",\"@id\":\"https:\/\/www.reconoce.mx\/#\/schema\/person\/image\/\",\"url\":\"https:\/\/secure.gravatar.com\/avatar\/6c8d4dc7569ca1c90c5fdcc349f839d5ddef6fe1e70b4337ead2ef1a4c43fc3a?s=96&d=identicon&r=g\",\"contentUrl\":\"https:\/\/secure.gravatar.com\/avatar\/6c8d4dc7569ca1c90c5fdcc349f839d5ddef6fe1e70b4337ead2ef1a4c43fc3a?s=96&d=identicon&r=g\",\"caption\":\"Reconoce MX\"},\"description\":\"Reconoce MX es un proyecto de difusi\u00f3n art\u00edstica, cultural y de conciencia social que est\u00e1 enfocado a difundir y fomentar el entretenimiento alternativo de calidad para todo el p\u00fablico que comparta el mismo entusiasmo.\",\"sameAs\":[\"http:\/\/www.reconoce.mx\"],\"url\":\"https:\/\/www.reconoce.mx\/?author=2\"}]}<\/script>\n<!-- \/ Yoast SEO plugin. -->","yoast_head_json":{"title":"#CircuitoIndio: Los Daniels y Serbia, emociones a flor de piel &#171; Reconoce MX","robots":{"index":"index","follow":"follow","max-snippet":"max-snippet:-1","max-image-preview":"max-image-preview:large","max-video-preview":"max-video-preview:-1"},"canonical":"https:\/\/www.reconoce.mx\/?p=61417","og_locale":"es_ES","og_type":"article","og_title":"#CircuitoIndio: Los Daniels y Serbia, emociones a flor de piel &#171; Reconoce MX","og_description":"La noche del viernes 19 de mayo de 2017 ser\u00e1 recordada por el p\u00fablico que asisti\u00f3 al Foro Indie Rocks! de la Ciudad de M\u00e9xico. Tanto Serbia como Los Daniels fueron encargados de hacer vibrar el recinto en esta nueva fecha del #CircuitoIndio.","og_url":"https:\/\/www.reconoce.mx\/?p=61417","og_site_name":"Reconoce MX","article_publisher":"https:\/\/es-la.facebook.com\/ReconoceMX\/","article_published_time":"2017-05-23T05:03:47+00:00","article_modified_time":"2017-05-23T13:09:29+00:00","og_image":[{"width":590,"height":380,"url":"https:\/\/www.reconoce.mx\/wp-content\/uploads\/2017\/05\/losdaniels.png","type":"image\/png"}],"author":"Reconoce MX","twitter_card":"summary_large_image","twitter_creator":"@reconocemx","twitter_site":"@reconocemx","twitter_misc":{"Escrito por":"Reconoce MX","Tiempo de lectura":"3 minutos"},"schema":{"@context":"https:\/\/schema.org","@graph":[{"@type":"Article","@id":"https:\/\/www.reconoce.mx\/?p=61417#article","isPartOf":{"@id":"https:\/\/www.reconoce.mx\/?p=61417"},"author":{"name":"Reconoce MX","@id":"https:\/\/www.reconoce.mx\/#\/schema\/person\/2117e997d7051dc15d6880eaf9bca0b2"},"headline":"#CircuitoIndio: Los Daniels y Serbia, emociones a flor de piel","datePublished":"2017-05-23T05:03:47+00:00","dateModified":"2017-05-23T13:09:29+00:00","mainEntityOfPage":{"@id":"https:\/\/www.reconoce.mx\/?p=61417"},"wordCount":660,"commentCount":0,"publisher":{"@id":"https:\/\/www.reconoce.mx\/#organization"},"image":{"@id":"https:\/\/www.reconoce.mx\/?p=61417#primaryimage"},"thumbnailUrl":"https:\/\/www.reconoce.mx\/wp-content\/uploads\/2017\/05\/losdaniels.png","articleSection":["Cultura","M\u00fasica","Principal"],"inLanguage":"es","potentialAction":[{"@type":"CommentAction","name":"Comment","target":["https:\/\/www.reconoce.mx\/?p=61417#respond"]}]},{"@type":"WebPage","@id":"https:\/\/www.reconoce.mx\/?p=61417","url":"https:\/\/www.reconoce.mx\/?p=61417","name":"#CircuitoIndio: Los Daniels y Serbia, emociones a flor de piel &#171; Reconoce MX","isPartOf":{"@id":"https:\/\/www.reconoce.mx\/#website"},"primaryImageOfPage":{"@id":"https:\/\/www.reconoce.mx\/?p=61417#primaryimage"},"image":{"@id":"https:\/\/www.reconoce.mx\/?p=61417#primaryimage"},"thumbnailUrl":"https:\/\/www.reconoce.mx\/wp-content\/uploads\/2017\/05\/losdaniels.png","datePublished":"2017-05-23T05:03:47+00:00","dateModified":"2017-05-23T13:09:29+00:00","breadcrumb":{"@id":"https:\/\/www.reconoce.mx\/?p=61417#breadcrumb"},"inLanguage":"es","potentialAction":[{"@type":"ReadAction","target":["https:\/\/www.reconoce.mx\/?p=61417"]}]},{"@type":"ImageObject","inLanguage":"es","@id":"https:\/\/www.reconoce.mx\/?p=61417#primaryimage","url":"https:\/\/www.reconoce.mx\/wp-content\/uploads\/2017\/05\/losdaniels.png","contentUrl":"https:\/\/www.reconoce.mx\/wp-content\/uploads\/2017\/05\/losdaniels.png","width":590,"height":380},{"@type":"BreadcrumbList","@id":"https:\/\/www.reconoce.mx\/?p=61417#breadcrumb","itemListElement":[{"@type":"ListItem","position":1,"name":"Portada","item":"https:\/\/www.reconoce.mx\/"},{"@type":"ListItem","position":2,"name":"#CircuitoIndio: Los Daniels y Serbia, emociones a flor de piel"}]},{"@type":"WebSite","@id":"https:\/\/www.reconoce.mx\/#website","url":"https:\/\/www.reconoce.mx\/","name":"Reconoce MX","description":"En Reconoce MX difundimos arte, cultura y conciencia social en M\u00e9xico. Tu ciudad en otra perspectiva.","publisher":{"@id":"https:\/\/www.reconoce.mx\/#organization"},"potentialAction":[{"@type":"SearchAction","target":{"@type":"EntryPoint","urlTemplate":"https:\/\/www.reconoce.mx\/?s={search_term_string}"},"query-input":{"@type":"PropertyValueSpecification","valueRequired":true,"valueName":"search_term_string"}}],"inLanguage":"es"},{"@type":"Organization","@id":"https:\/\/www.reconoce.mx\/#organization","name":"Reconoce MX","url":"https:\/\/www.reconoce.mx\/","logo":{"@type":"ImageObject","inLanguage":"es","@id":"https:\/\/www.reconoce.mx\/#\/schema\/logo\/image\/","url":"https:\/\/www.reconoce.mx\/wp-content\/uploads\/2019\/03\/logorcmx-good-1.png","contentUrl":"https:\/\/www.reconoce.mx\/wp-content\/uploads\/2019\/03\/logorcmx-good-1.png","width":280,"height":90,"caption":"Reconoce MX"},"image":{"@id":"https:\/\/www.reconoce.mx\/#\/schema\/logo\/image\/"},"sameAs":["https:\/\/es-la.facebook.com\/ReconoceMX\/","https:\/\/x.com\/reconocemx","http:\/\/@reconocemx"]},{"@type":"Person","@id":"https:\/\/www.reconoce.mx\/#\/schema\/person\/2117e997d7051dc15d6880eaf9bca0b2","name":"Reconoce MX","image":{"@type":"ImageObject","inLanguage":"es","@id":"https:\/\/www.reconoce.mx\/#\/schema\/person\/image\/","url":"https:\/\/secure.gravatar.com\/avatar\/6c8d4dc7569ca1c90c5fdcc349f839d5ddef6fe1e70b4337ead2ef1a4c43fc3a?s=96&d=identicon&r=g","contentUrl":"https:\/\/secure.gravatar.com\/avatar\/6c8d4dc7569ca1c90c5fdcc349f839d5ddef6fe1e70b4337ead2ef1a4c43fc3a?s=96&d=identicon&r=g","caption":"Reconoce MX"},"description":"Reconoce MX es un proyecto de difusi\u00f3n art\u00edstica, cultural y de conciencia social que est\u00e1 enfocado a difundir y fomentar el entretenimiento alternativo de calidad para todo el p\u00fablico que comparta el mismo entusiasmo.","sameAs":["http:\/\/www.reconoce.mx"],"url":"https:\/\/www.reconoce.mx\/?author=2"}]}},"_links":{"self":[{"href":"https:\/\/www.reconoce.mx\/index.php?rest_route=\/wp\/v2\/posts\/61417","targetHints":{"allow":["GET"]}}],"collection":[{"href":"https:\/\/www.reconoce.mx\/index.php?rest_route=\/wp\/v2\/posts"}],"about":[{"href":"https:\/\/www.reconoce.mx\/index.php?rest_route=\/wp\/v2\/types\/post"}],"author":[{"embeddable":true,"href":"https:\/\/www.reconoce.mx\/index.php?rest_route=\/wp\/v2\/users\/2"}],"replies":[{"embeddable":true,"href":"https:\/\/www.reconoce.mx\/index.php?rest_route=%2Fwp%2Fv2%2Fcomments&post=61417"}],"version-history":[{"count":3,"href":"https:\/\/www.reconoce.mx\/index.php?rest_route=\/wp\/v2\/posts\/61417\/revisions"}],"predecessor-version":[{"id":61424,"href":"https:\/\/www.reconoce.mx\/index.php?rest_route=\/wp\/v2\/posts\/61417\/revisions\/61424"}],"wp:featuredmedia":[{"embeddable":true,"href":"https:\/\/www.reconoce.mx\/index.php?rest_route=\/wp\/v2\/media\/61421"}],"wp:attachment":[{"href":"https:\/\/www.reconoce.mx\/index.php?rest_route=%2Fwp%2Fv2%2Fmedia&parent=61417"}],"wp:term":[{"taxonomy":"category","embeddable":true,"href":"https:\/\/www.reconoce.mx\/index.php?rest_route=%2Fwp%2Fv2%2Fcategories&post=61417"},{"taxonomy":"post_tag","embeddable":true,"href":"https:\/\/www.reconoce.mx\/index.php?rest_route=%2Fwp%2Fv2%2Ftags&post=61417"}],"curies":[{"name":"wp","href":"https:\/\/api.w.org\/{rel}","templated":true}]}}