{"id":62823,"date":"2017-07-04T00:06:49","date_gmt":"2017-07-04T05:06:49","guid":{"rendered":"http:\/\/www.reconoce.mx\/?p=62823"},"modified":"2017-07-04T08:01:32","modified_gmt":"2017-07-04T13:01:32","slug":"francisca-y-los-exploradores-me-gusta-como-viven-la-musica","status":"publish","type":"post","link":"https:\/\/www.reconoce.mx\/?p=62823","title":{"rendered":"Francisca y los Exploradores: \u00abme gusta c\u00f3mo viven la m\u00fasica\u00bb"},"content":{"rendered":"<p><strong>Texto y fotos por <a href=\"https:\/\/twitter.com\/valeriaramosp\" target=\"_blank\" rel=\"noopener noreferrer\">Valeria Ramos<\/a><\/strong>.<\/p>\n<p>En su m\u00e1s reciente visita a M\u00e9xico, tuvimos la oportunidad de platicar con una de las propuestas musicales m\u00e1s prometedoras que hay en Latinoam\u00e9rica actualmente. Originario de Argentina, <a href=\"http:\/\/www.reconoce.mx\/francisca-y-los-exploradores-noche-llena-de-energia-y-locura\/\" target=\"_blank\" rel=\"noopener noreferrer\"><strong>Francisca y Los Exploradores<\/strong> se present\u00f3 en <strong>Departamento<\/strong> el pasado martes<\/a> y nos cont\u00f3 de sus experiencias ah\u00ed, su nueva colaboraci\u00f3n con <strong>Julieta Venegas<\/strong> y lo que m\u00e1s le gusta de nuestro pa\u00eds.<\/p>\n<p><a href=\"http:\/\/www.reconoce.mx\/wp-content\/uploads\/2017\/07\/francisca-y-los-exploradores-1.png\"><img loading=\"lazy\" decoding=\"async\" class=\"aligncenter size-full wp-image-62825\" src=\"http:\/\/www.reconoce.mx\/wp-content\/uploads\/2017\/07\/francisca-y-los-exploradores-1.png\" alt=\"\" width=\"590\" height=\"380\" srcset=\"https:\/\/www.reconoce.mx\/wp-content\/uploads\/2017\/07\/francisca-y-los-exploradores-1.png 590w, https:\/\/www.reconoce.mx\/wp-content\/uploads\/2017\/07\/francisca-y-los-exploradores-1-300x193.png 300w, https:\/\/www.reconoce.mx\/wp-content\/uploads\/2017\/07\/francisca-y-los-exploradores-1-150x97.png 150w\" sizes=\"auto, (max-width: 590px) 100vw, 590px\" \/><\/a><\/p>\n<p><span style=\"color: #a81f25;\"><strong>Reconoce MX<\/strong><\/span>: Te vimos tocar en <strong>Departamento<\/strong>, \u00bfqu\u00e9 tal te la pasaste?<\/p>\n<p><span style=\"color: #0aa650;\"><strong>Francisca y Los Exploradores<\/strong><\/span>: S\u00ed, estuvo muy bueno. Era martes y llov\u00eda como ahora, vino un mont\u00f3n de gente.<\/p>\n<p><strong><span style=\"color: #a81f25;\">RCMX<\/span><\/strong>: Recientemente hiciste una colaboraci\u00f3n con <strong>Julieta Venegas<\/strong>, titulada \u00abPara siempre\u00bb. \u00bfC\u00f3mo fue?<\/p>\n<p><span style=\"color: #0aa650;\"><strong>FyLE<\/strong><\/span>: Virtual.<\/p>\n<p><a href=\"http:\/\/www.reconoce.mx\/wp-content\/uploads\/2017\/07\/francisca-y-los-exploradores-2.png\"><img loading=\"lazy\" decoding=\"async\" class=\"aligncenter size-full wp-image-62826\" src=\"http:\/\/www.reconoce.mx\/wp-content\/uploads\/2017\/07\/francisca-y-los-exploradores-2.png\" alt=\"\" width=\"590\" height=\"380\" srcset=\"https:\/\/www.reconoce.mx\/wp-content\/uploads\/2017\/07\/francisca-y-los-exploradores-2.png 590w, https:\/\/www.reconoce.mx\/wp-content\/uploads\/2017\/07\/francisca-y-los-exploradores-2-300x193.png 300w, https:\/\/www.reconoce.mx\/wp-content\/uploads\/2017\/07\/francisca-y-los-exploradores-2-150x97.png 150w\" sizes=\"auto, (max-width: 590px) 100vw, 590px\" \/><\/a><\/p>\n<p><span style=\"color: #a81f25;\"><strong>RCMX<\/strong><\/span>: \u00bfY de qui\u00e9n fue la idea?<\/p>\n<p><span style=\"color: #0aa650;\"><strong>FyLE<\/strong><\/span>: Ella hab\u00eda escrito en Twitter que le gustaba <strong>Francisca y Los Exploradores<\/strong>, despu\u00e9s en <strong>Spotify<\/strong> avent\u00f3 un par de temas m\u00edos a sus listas; ella est\u00e1 muy sedienta de m\u00fasica nueva y de literatura nueva. Me parece que es bastante respetable. Entonces, de repente hab\u00eda hecho esta versi\u00f3n de esta canci\u00f3n, llamada \u00abPara siempre\u00bb, un cl\u00e1sico de Los <strong>Ratones Paran\u00f3icos<\/strong>, una banda de Argentina que hace <em>rock and roll<\/em> crudo desde los ochenta. Nosotros hicimos de una canci\u00f3n de ellos, de uno de sus <em>hits<\/em>, una s\u00faper balada, nada que ver. Ah\u00ed fue cuando se me ocurri\u00f3 que podr\u00eda contar una telenovela y hacer un di\u00e1logo con la letra. Quer\u00eda que fuera una chica y me atrev\u00ed a hablar con July por mail porque hab\u00eda hecho eso de Twitter y qu\u00e9 s\u00e9 yo. Pens\u00e9, \u00abbueno, capaz le interese\u00bb. Ella fue un \u00e1ngel, estaba en medio de una gira y me mand\u00f3 su voz para que yo la uniera al proyecto y qued\u00f3 est\u00e1 canci\u00f3n. Despu\u00e9s, eso permiti\u00f3 que en el <strong>Vive Latino<\/strong> nos conoci\u00e9ramos, y hace un mes le abr\u00ed un concierto a ella en Suiza porque los dos est\u00e1bamos en una gira europea. Estuvo buen\u00edsimo.<\/p>\n<p><span style=\"color: #a81f25;\"><strong>RCMX<\/strong><\/span>: \u00bfYa est\u00e1n trabajando en el video musical?<\/p>\n<p><span style=\"color: #0aa650;\"><strong>FyLE<\/strong><\/span>: S\u00ed, lo queremos filmar en julio que ella va a estar en gira durante un mes. Nos vamos a juntar a componer una canci\u00f3n, o todas las que podamos, [risas] y vamos a aprovechar para filmar algo porque estamos muy contentos con la versi\u00f3n. Inclusive a la banda [<strong>Ratones Paran\u00f3icos<\/strong>] les gust\u00f3.<\/p>\n<style>.embed-container { position: relative; padding-bottom: 56.25%; height: 0; overflow: hidden; max-width: 100%; } .embed-container iframe, .embed-container object, .embed-container embed { position: absolute; top: 0; left: 0; width: 100%; height: 100%; }<\/style>\n<div class=\"embed-container\"><iframe loading=\"lazy\" src=\"https:\/\/www.youtube.com\/embed\/ut4VH3BrAFw\" width=\"300\" height=\"150\" frameborder=\"0\" allowfullscreen=\"allowfullscreen\"><\/iframe><\/div>\n<p>&nbsp;<\/p>\n<p><span style=\"color: #a81f25;\"><strong>RCMX<\/strong><\/span>: La \u00faltima vez que estuviste aqu\u00ed tocaste en <strong>Departamento <\/strong>y ah\u00ed los descubri\u00f3 <strong>Foster the People<\/strong>. Te pidieron que abrieras su show en M\u00e9xico, \u00bfc\u00f3mo fue esa experiencia?<\/p>\n<p><span style=\"color: #0aa650;\"><strong>FyLE<\/strong><\/span>: Fue absolutamente m\u00e1gico. Era un martes en <strong>Departamento<\/strong>, igual que ayer, y como tengo buena onda con los chicos del bar, me gusta mucho, siempre me dan lugar. El cantante de <strong>Foster the People<\/strong> [Mark Foster], mel\u00f3mano absoluto, estuvo ah\u00ed y le gust\u00f3 mucho la <em>performance<\/em>. Pr\u00e1cticamente oblig\u00f3 a los productores del evento, considerando que ya ten\u00edan todo armado -ya ten\u00edan otra banda que iba a telonear y todo-, que yo fuera. Y encima la gente lo recibi\u00f3 muy bien, de verdad fue incre\u00edble. De hecho, lo que me pareci\u00f3 paranormal fue que primero estaba tocando en <strong>Departamento <\/strong>para veinte personas y al d\u00eda siguiente estaba tocando para ocho mil. Aparte la gente estaba prendida en fuego, ten\u00edan unas ganas tan grandes de disfrutar el concierto que disfrutaron el m\u00edo tambi\u00e9n. Como un acto de entrega.<\/p>\n<p><span style=\"color: #a81f25;\"><strong>RCMX<\/strong><\/span>: Excelente. Y cu\u00e9ntanos, \u00bfc\u00f3mo te surgi\u00f3 toda la idea del personaje de Francisca?<\/p>\n<p><span style=\"color: #0aa650;\"><strong>FyLE<\/strong><\/span>: Empec\u00e9 a hacer canciones, ya hab\u00eda formado parte de distintas bandas y hab\u00eda trabajado para varios artistas, siempre de bajista. Pero de repente cuando comenc\u00e9 a hacer canciones, sent\u00ed la necesidad de dedicarme 100% a eso. Era m\u00fasico pero no escrib\u00eda canciones. Creo que el personaje en vivo est\u00e1 bastante bien caracterizado, \u00e9l habla por s\u00ed mismo.<\/p>\n<p><a href=\"http:\/\/www.reconoce.mx\/wp-content\/uploads\/2017\/07\/francisca-y-los-exploradores-4.png\"><img loading=\"lazy\" decoding=\"async\" class=\"aligncenter size-full wp-image-62828\" src=\"http:\/\/www.reconoce.mx\/wp-content\/uploads\/2017\/07\/francisca-y-los-exploradores-4.png\" alt=\"\" width=\"590\" height=\"380\" srcset=\"https:\/\/www.reconoce.mx\/wp-content\/uploads\/2017\/07\/francisca-y-los-exploradores-4.png 590w, https:\/\/www.reconoce.mx\/wp-content\/uploads\/2017\/07\/francisca-y-los-exploradores-4-300x193.png 300w, https:\/\/www.reconoce.mx\/wp-content\/uploads\/2017\/07\/francisca-y-los-exploradores-4-150x97.png 150w\" sizes=\"auto, (max-width: 590px) 100vw, 590px\" \/><\/a><\/p>\n<p><span style=\"color: #a81f25;\"><strong>RCMX<\/strong><\/span>: \u00bfC\u00f3mo vas con el nuevo material?<\/p>\n<p><span style=\"color: #0aa650;\"><strong>FyLE<\/strong><\/span>: Ya lo tengo todo compuesto, ya s\u00e9 c\u00f3mo se llama y no s\u00e9 c\u00f3mo voy a hacer para qu\u00e9 canciones tan distintas puedan convivir [risas]. Ese va a ser el desaf\u00edo de la producci\u00f3n.<\/p>\n<p><strong><span style=\"color: #a81f25;\">RCMX<\/span><\/strong>: \u00bfY cu\u00e1ndo lo podemos esperar?<\/p>\n<p><span style=\"color: #0aa650;\"><strong>FyLE<\/strong><\/span>: Marzo.<\/p>\n<p><a href=\"http:\/\/www.reconoce.mx\/wp-content\/uploads\/2017\/07\/francisca-y-los-exploradores-5.png\"><img loading=\"lazy\" decoding=\"async\" class=\"aligncenter size-full wp-image-62829\" src=\"http:\/\/www.reconoce.mx\/wp-content\/uploads\/2017\/07\/francisca-y-los-exploradores-5.png\" alt=\"\" width=\"590\" height=\"380\" srcset=\"https:\/\/www.reconoce.mx\/wp-content\/uploads\/2017\/07\/francisca-y-los-exploradores-5.png 590w, https:\/\/www.reconoce.mx\/wp-content\/uploads\/2017\/07\/francisca-y-los-exploradores-5-300x193.png 300w, https:\/\/www.reconoce.mx\/wp-content\/uploads\/2017\/07\/francisca-y-los-exploradores-5-150x97.png 150w\" sizes=\"auto, (max-width: 590px) 100vw, 590px\" \/><\/a><\/p>\n<p><span style=\"color: #a81f25;\"><strong>RCMX<\/strong><\/span>: Y por \u00faltimo, ya has estado ac\u00e1 tres veces, \u00bfqu\u00e9 es lo que m\u00e1s te gusta de M\u00e9xico?<\/p>\n<p><span style=\"color: #0aa650;\"><strong>FyLE<\/strong><\/span>: La comida, obvio. Pero tambi\u00e9n me gusta eso de c\u00f3mo viven la m\u00fasica, son muy amables.<\/p>\n<p>\u00bfLes interesa saber m\u00e1s de <strong>Francisca y Los Exploradores<\/strong>? \u00a1S\u00edguelo en todas sus redes sociales, tanto en <a href=\"https:\/\/www.facebook.com\/losexploradores\/\" target=\"_blank\" rel=\"noopener noreferrer\">Facebook<\/a>, <a href=\"https:\/\/twitter.com\/fransaglietti?lang=es\" target=\"_blank\" rel=\"noopener noreferrer\">Twitter<\/a> y <a href=\"http:\/\/www.reconoce.mx\/circuitoindio-vaya-futuro-y-candy-y-su-tremenda-noche\/\" target=\"_blank\" rel=\"noopener noreferrer\">bandcamp<\/a>.<\/p>\n<p>&nbsp;<\/p>\n<p>&nbsp;<\/p>\n","protected":false},"excerpt":{"rendered":"<p>En su m\u00e1s reciente visita a M\u00e9xico, tuvimos la oportunidad de platicar con una de las propuestas musicales m\u00e1s prometedoras que hay en Latinoam\u00e9rica actualmente. <\/p>\n","protected":false},"author":2,"featured_media":62827,"comment_status":"open","ping_status":"open","sticky":false,"template":"","format":"standard","meta":{"footnotes":""},"categories":[1,18,17],"tags":[],"class_list":["post-62823","post","type-post","status-publish","format-standard","has-post-thumbnail","hentry","category-cultura","category-musica","category-principal"],"yoast_head":"<!-- This site is optimized with the Yoast SEO plugin v24.7 - https:\/\/yoast.com\/wordpress\/plugins\/seo\/ -->\n<title>Francisca y los Exploradores: &quot;me gusta c\u00f3mo viven la m\u00fasica&quot; &#171; Reconoce MX<\/title>\n<meta name=\"robots\" content=\"index, follow, max-snippet:-1, max-image-preview:large, max-video-preview:-1\" \/>\n<link rel=\"canonical\" href=\"http:\/\/www.reconoce.mx\/?p=62823\" \/>\n<meta property=\"og:locale\" content=\"es_ES\" \/>\n<meta property=\"og:type\" content=\"article\" \/>\n<meta property=\"og:title\" content=\"Francisca y los Exploradores: &quot;me gusta c\u00f3mo viven la m\u00fasica&quot; &#171; Reconoce MX\" \/>\n<meta property=\"og:description\" content=\"En su m\u00e1s reciente visita a M\u00e9xico, tuvimos la oportunidad de platicar con una de las propuestas musicales m\u00e1s prometedoras que hay en Latinoam\u00e9rica actualmente.\" \/>\n<meta property=\"og:url\" content=\"http:\/\/www.reconoce.mx\/?p=62823\" \/>\n<meta property=\"og:site_name\" content=\"Reconoce MX\" \/>\n<meta property=\"article:publisher\" content=\"https:\/\/es-la.facebook.com\/ReconoceMX\/\" \/>\n<meta property=\"article:published_time\" content=\"2017-07-04T05:06:49+00:00\" \/>\n<meta property=\"article:modified_time\" content=\"2017-07-04T13:01:32+00:00\" \/>\n<meta property=\"og:image\" content=\"http:\/\/www.reconoce.mx\/wp-content\/uploads\/2017\/07\/francisca-y-los-exploradores-3.png\" \/>\n\t<meta property=\"og:image:width\" content=\"590\" \/>\n\t<meta property=\"og:image:height\" content=\"380\" \/>\n\t<meta property=\"og:image:type\" content=\"image\/png\" \/>\n<meta name=\"author\" content=\"Reconoce MX\" \/>\n<meta name=\"twitter:card\" content=\"summary_large_image\" \/>\n<meta name=\"twitter:creator\" content=\"@reconocemx\" \/>\n<meta name=\"twitter:site\" content=\"@reconocemx\" \/>\n<meta name=\"twitter:label1\" content=\"Escrito por\" \/>\n\t<meta name=\"twitter:data1\" content=\"Reconoce MX\" \/>\n\t<meta name=\"twitter:label2\" content=\"Tiempo de lectura\" \/>\n\t<meta name=\"twitter:data2\" content=\"4 minutos\" \/>\n<script type=\"application\/ld+json\" class=\"yoast-schema-graph\">{\"@context\":\"https:\/\/schema.org\",\"@graph\":[{\"@type\":\"Article\",\"@id\":\"http:\/\/www.reconoce.mx\/?p=62823#article\",\"isPartOf\":{\"@id\":\"http:\/\/www.reconoce.mx\/?p=62823\"},\"author\":{\"name\":\"Reconoce MX\",\"@id\":\"http:\/\/www.reconoce.mx\/#\/schema\/person\/2117e997d7051dc15d6880eaf9bca0b2\"},\"headline\":\"Francisca y los Exploradores: \u00abme gusta c\u00f3mo viven la m\u00fasica\u00bb\",\"datePublished\":\"2017-07-04T05:06:49+00:00\",\"dateModified\":\"2017-07-04T13:01:32+00:00\",\"mainEntityOfPage\":{\"@id\":\"http:\/\/www.reconoce.mx\/?p=62823\"},\"wordCount\":804,\"commentCount\":0,\"publisher\":{\"@id\":\"http:\/\/www.reconoce.mx\/#organization\"},\"image\":{\"@id\":\"http:\/\/www.reconoce.mx\/?p=62823#primaryimage\"},\"thumbnailUrl\":\"https:\/\/www.reconoce.mx\/wp-content\/uploads\/2017\/07\/francisca-y-los-exploradores-3.png\",\"articleSection\":[\"Cultura\",\"M\u00fasica\",\"Principal\"],\"inLanguage\":\"es\",\"potentialAction\":[{\"@type\":\"CommentAction\",\"name\":\"Comment\",\"target\":[\"http:\/\/www.reconoce.mx\/?p=62823#respond\"]}]},{\"@type\":\"WebPage\",\"@id\":\"http:\/\/www.reconoce.mx\/?p=62823\",\"url\":\"http:\/\/www.reconoce.mx\/?p=62823\",\"name\":\"Francisca y los Exploradores: \\\"me gusta c\u00f3mo viven la m\u00fasica\\\" &#171; Reconoce MX\",\"isPartOf\":{\"@id\":\"http:\/\/www.reconoce.mx\/#website\"},\"primaryImageOfPage\":{\"@id\":\"http:\/\/www.reconoce.mx\/?p=62823#primaryimage\"},\"image\":{\"@id\":\"http:\/\/www.reconoce.mx\/?p=62823#primaryimage\"},\"thumbnailUrl\":\"https:\/\/www.reconoce.mx\/wp-content\/uploads\/2017\/07\/francisca-y-los-exploradores-3.png\",\"datePublished\":\"2017-07-04T05:06:49+00:00\",\"dateModified\":\"2017-07-04T13:01:32+00:00\",\"breadcrumb\":{\"@id\":\"http:\/\/www.reconoce.mx\/?p=62823#breadcrumb\"},\"inLanguage\":\"es\",\"potentialAction\":[{\"@type\":\"ReadAction\",\"target\":[\"http:\/\/www.reconoce.mx\/?p=62823\"]}]},{\"@type\":\"ImageObject\",\"inLanguage\":\"es\",\"@id\":\"http:\/\/www.reconoce.mx\/?p=62823#primaryimage\",\"url\":\"https:\/\/www.reconoce.mx\/wp-content\/uploads\/2017\/07\/francisca-y-los-exploradores-3.png\",\"contentUrl\":\"https:\/\/www.reconoce.mx\/wp-content\/uploads\/2017\/07\/francisca-y-los-exploradores-3.png\",\"width\":590,\"height\":380},{\"@type\":\"BreadcrumbList\",\"@id\":\"http:\/\/www.reconoce.mx\/?p=62823#breadcrumb\",\"itemListElement\":[{\"@type\":\"ListItem\",\"position\":1,\"name\":\"Portada\",\"item\":\"http:\/\/www.reconoce.mx\/\"},{\"@type\":\"ListItem\",\"position\":2,\"name\":\"Francisca y los Exploradores: \u00abme gusta c\u00f3mo viven la m\u00fasica\u00bb\"}]},{\"@type\":\"WebSite\",\"@id\":\"http:\/\/www.reconoce.mx\/#website\",\"url\":\"http:\/\/www.reconoce.mx\/\",\"name\":\"Reconoce MX\",\"description\":\"En Reconoce MX difundimos arte, cultura y conciencia social en M\u00e9xico. Tu ciudad en otra perspectiva.\",\"publisher\":{\"@id\":\"http:\/\/www.reconoce.mx\/#organization\"},\"potentialAction\":[{\"@type\":\"SearchAction\",\"target\":{\"@type\":\"EntryPoint\",\"urlTemplate\":\"http:\/\/www.reconoce.mx\/?s={search_term_string}\"},\"query-input\":{\"@type\":\"PropertyValueSpecification\",\"valueRequired\":true,\"valueName\":\"search_term_string\"}}],\"inLanguage\":\"es\"},{\"@type\":\"Organization\",\"@id\":\"http:\/\/www.reconoce.mx\/#organization\",\"name\":\"Reconoce MX\",\"url\":\"http:\/\/www.reconoce.mx\/\",\"logo\":{\"@type\":\"ImageObject\",\"inLanguage\":\"es\",\"@id\":\"http:\/\/www.reconoce.mx\/#\/schema\/logo\/image\/\",\"url\":\"https:\/\/www.reconoce.mx\/wp-content\/uploads\/2019\/03\/logorcmx-good-1.png\",\"contentUrl\":\"https:\/\/www.reconoce.mx\/wp-content\/uploads\/2019\/03\/logorcmx-good-1.png\",\"width\":280,\"height\":90,\"caption\":\"Reconoce MX\"},\"image\":{\"@id\":\"http:\/\/www.reconoce.mx\/#\/schema\/logo\/image\/\"},\"sameAs\":[\"https:\/\/es-la.facebook.com\/ReconoceMX\/\",\"https:\/\/x.com\/reconocemx\",\"http:\/\/@reconocemx\"]},{\"@type\":\"Person\",\"@id\":\"http:\/\/www.reconoce.mx\/#\/schema\/person\/2117e997d7051dc15d6880eaf9bca0b2\",\"name\":\"Reconoce MX\",\"image\":{\"@type\":\"ImageObject\",\"inLanguage\":\"es\",\"@id\":\"http:\/\/www.reconoce.mx\/#\/schema\/person\/image\/\",\"url\":\"https:\/\/secure.gravatar.com\/avatar\/6c8d4dc7569ca1c90c5fdcc349f839d5ddef6fe1e70b4337ead2ef1a4c43fc3a?s=96&d=identicon&r=g\",\"contentUrl\":\"https:\/\/secure.gravatar.com\/avatar\/6c8d4dc7569ca1c90c5fdcc349f839d5ddef6fe1e70b4337ead2ef1a4c43fc3a?s=96&d=identicon&r=g\",\"caption\":\"Reconoce MX\"},\"description\":\"Reconoce MX es un proyecto de difusi\u00f3n art\u00edstica, cultural y de conciencia social que est\u00e1 enfocado a difundir y fomentar el entretenimiento alternativo de calidad para todo el p\u00fablico que comparta el mismo entusiasmo.\",\"sameAs\":[\"http:\/\/www.reconoce.mx\"],\"url\":\"https:\/\/www.reconoce.mx\/?author=2\"}]}<\/script>\n<!-- \/ Yoast SEO plugin. -->","yoast_head_json":{"title":"Francisca y los Exploradores: \"me gusta c\u00f3mo viven la m\u00fasica\" &#171; Reconoce MX","robots":{"index":"index","follow":"follow","max-snippet":"max-snippet:-1","max-image-preview":"max-image-preview:large","max-video-preview":"max-video-preview:-1"},"canonical":"http:\/\/www.reconoce.mx\/?p=62823","og_locale":"es_ES","og_type":"article","og_title":"Francisca y los Exploradores: \"me gusta c\u00f3mo viven la m\u00fasica\" &#171; Reconoce MX","og_description":"En su m\u00e1s reciente visita a M\u00e9xico, tuvimos la oportunidad de platicar con una de las propuestas musicales m\u00e1s prometedoras que hay en Latinoam\u00e9rica actualmente.","og_url":"http:\/\/www.reconoce.mx\/?p=62823","og_site_name":"Reconoce MX","article_publisher":"https:\/\/es-la.facebook.com\/ReconoceMX\/","article_published_time":"2017-07-04T05:06:49+00:00","article_modified_time":"2017-07-04T13:01:32+00:00","og_image":[{"width":590,"height":380,"url":"http:\/\/www.reconoce.mx\/wp-content\/uploads\/2017\/07\/francisca-y-los-exploradores-3.png","type":"image\/png"}],"author":"Reconoce MX","twitter_card":"summary_large_image","twitter_creator":"@reconocemx","twitter_site":"@reconocemx","twitter_misc":{"Escrito por":"Reconoce MX","Tiempo de lectura":"4 minutos"},"schema":{"@context":"https:\/\/schema.org","@graph":[{"@type":"Article","@id":"http:\/\/www.reconoce.mx\/?p=62823#article","isPartOf":{"@id":"http:\/\/www.reconoce.mx\/?p=62823"},"author":{"name":"Reconoce MX","@id":"http:\/\/www.reconoce.mx\/#\/schema\/person\/2117e997d7051dc15d6880eaf9bca0b2"},"headline":"Francisca y los Exploradores: \u00abme gusta c\u00f3mo viven la m\u00fasica\u00bb","datePublished":"2017-07-04T05:06:49+00:00","dateModified":"2017-07-04T13:01:32+00:00","mainEntityOfPage":{"@id":"http:\/\/www.reconoce.mx\/?p=62823"},"wordCount":804,"commentCount":0,"publisher":{"@id":"http:\/\/www.reconoce.mx\/#organization"},"image":{"@id":"http:\/\/www.reconoce.mx\/?p=62823#primaryimage"},"thumbnailUrl":"https:\/\/www.reconoce.mx\/wp-content\/uploads\/2017\/07\/francisca-y-los-exploradores-3.png","articleSection":["Cultura","M\u00fasica","Principal"],"inLanguage":"es","potentialAction":[{"@type":"CommentAction","name":"Comment","target":["http:\/\/www.reconoce.mx\/?p=62823#respond"]}]},{"@type":"WebPage","@id":"http:\/\/www.reconoce.mx\/?p=62823","url":"http:\/\/www.reconoce.mx\/?p=62823","name":"Francisca y los Exploradores: \"me gusta c\u00f3mo viven la m\u00fasica\" &#171; Reconoce MX","isPartOf":{"@id":"http:\/\/www.reconoce.mx\/#website"},"primaryImageOfPage":{"@id":"http:\/\/www.reconoce.mx\/?p=62823#primaryimage"},"image":{"@id":"http:\/\/www.reconoce.mx\/?p=62823#primaryimage"},"thumbnailUrl":"https:\/\/www.reconoce.mx\/wp-content\/uploads\/2017\/07\/francisca-y-los-exploradores-3.png","datePublished":"2017-07-04T05:06:49+00:00","dateModified":"2017-07-04T13:01:32+00:00","breadcrumb":{"@id":"http:\/\/www.reconoce.mx\/?p=62823#breadcrumb"},"inLanguage":"es","potentialAction":[{"@type":"ReadAction","target":["http:\/\/www.reconoce.mx\/?p=62823"]}]},{"@type":"ImageObject","inLanguage":"es","@id":"http:\/\/www.reconoce.mx\/?p=62823#primaryimage","url":"https:\/\/www.reconoce.mx\/wp-content\/uploads\/2017\/07\/francisca-y-los-exploradores-3.png","contentUrl":"https:\/\/www.reconoce.mx\/wp-content\/uploads\/2017\/07\/francisca-y-los-exploradores-3.png","width":590,"height":380},{"@type":"BreadcrumbList","@id":"http:\/\/www.reconoce.mx\/?p=62823#breadcrumb","itemListElement":[{"@type":"ListItem","position":1,"name":"Portada","item":"http:\/\/www.reconoce.mx\/"},{"@type":"ListItem","position":2,"name":"Francisca y los Exploradores: \u00abme gusta c\u00f3mo viven la m\u00fasica\u00bb"}]},{"@type":"WebSite","@id":"http:\/\/www.reconoce.mx\/#website","url":"http:\/\/www.reconoce.mx\/","name":"Reconoce MX","description":"En Reconoce MX difundimos arte, cultura y conciencia social en M\u00e9xico. Tu ciudad en otra perspectiva.","publisher":{"@id":"http:\/\/www.reconoce.mx\/#organization"},"potentialAction":[{"@type":"SearchAction","target":{"@type":"EntryPoint","urlTemplate":"http:\/\/www.reconoce.mx\/?s={search_term_string}"},"query-input":{"@type":"PropertyValueSpecification","valueRequired":true,"valueName":"search_term_string"}}],"inLanguage":"es"},{"@type":"Organization","@id":"http:\/\/www.reconoce.mx\/#organization","name":"Reconoce MX","url":"http:\/\/www.reconoce.mx\/","logo":{"@type":"ImageObject","inLanguage":"es","@id":"http:\/\/www.reconoce.mx\/#\/schema\/logo\/image\/","url":"https:\/\/www.reconoce.mx\/wp-content\/uploads\/2019\/03\/logorcmx-good-1.png","contentUrl":"https:\/\/www.reconoce.mx\/wp-content\/uploads\/2019\/03\/logorcmx-good-1.png","width":280,"height":90,"caption":"Reconoce MX"},"image":{"@id":"http:\/\/www.reconoce.mx\/#\/schema\/logo\/image\/"},"sameAs":["https:\/\/es-la.facebook.com\/ReconoceMX\/","https:\/\/x.com\/reconocemx","http:\/\/@reconocemx"]},{"@type":"Person","@id":"http:\/\/www.reconoce.mx\/#\/schema\/person\/2117e997d7051dc15d6880eaf9bca0b2","name":"Reconoce MX","image":{"@type":"ImageObject","inLanguage":"es","@id":"http:\/\/www.reconoce.mx\/#\/schema\/person\/image\/","url":"https:\/\/secure.gravatar.com\/avatar\/6c8d4dc7569ca1c90c5fdcc349f839d5ddef6fe1e70b4337ead2ef1a4c43fc3a?s=96&d=identicon&r=g","contentUrl":"https:\/\/secure.gravatar.com\/avatar\/6c8d4dc7569ca1c90c5fdcc349f839d5ddef6fe1e70b4337ead2ef1a4c43fc3a?s=96&d=identicon&r=g","caption":"Reconoce MX"},"description":"Reconoce MX es un proyecto de difusi\u00f3n art\u00edstica, cultural y de conciencia social que est\u00e1 enfocado a difundir y fomentar el entretenimiento alternativo de calidad para todo el p\u00fablico que comparta el mismo entusiasmo.","sameAs":["http:\/\/www.reconoce.mx"],"url":"https:\/\/www.reconoce.mx\/?author=2"}]}},"_links":{"self":[{"href":"https:\/\/www.reconoce.mx\/index.php?rest_route=\/wp\/v2\/posts\/62823","targetHints":{"allow":["GET"]}}],"collection":[{"href":"https:\/\/www.reconoce.mx\/index.php?rest_route=\/wp\/v2\/posts"}],"about":[{"href":"https:\/\/www.reconoce.mx\/index.php?rest_route=\/wp\/v2\/types\/post"}],"author":[{"embeddable":true,"href":"https:\/\/www.reconoce.mx\/index.php?rest_route=\/wp\/v2\/users\/2"}],"replies":[{"embeddable":true,"href":"https:\/\/www.reconoce.mx\/index.php?rest_route=%2Fwp%2Fv2%2Fcomments&post=62823"}],"version-history":[{"count":5,"href":"https:\/\/www.reconoce.mx\/index.php?rest_route=\/wp\/v2\/posts\/62823\/revisions"}],"predecessor-version":[{"id":62852,"href":"https:\/\/www.reconoce.mx\/index.php?rest_route=\/wp\/v2\/posts\/62823\/revisions\/62852"}],"wp:featuredmedia":[{"embeddable":true,"href":"https:\/\/www.reconoce.mx\/index.php?rest_route=\/wp\/v2\/media\/62827"}],"wp:attachment":[{"href":"https:\/\/www.reconoce.mx\/index.php?rest_route=%2Fwp%2Fv2%2Fmedia&parent=62823"}],"wp:term":[{"taxonomy":"category","embeddable":true,"href":"https:\/\/www.reconoce.mx\/index.php?rest_route=%2Fwp%2Fv2%2Fcategories&post=62823"},{"taxonomy":"post_tag","embeddable":true,"href":"https:\/\/www.reconoce.mx\/index.php?rest_route=%2Fwp%2Fv2%2Ftags&post=62823"}],"curies":[{"name":"wp","href":"https:\/\/api.w.org\/{rel}","templated":true}]}}