{"id":62832,"date":"2017-07-04T00:05:48","date_gmt":"2017-07-04T05:05:48","guid":{"rendered":"http:\/\/www.reconoce.mx\/?p=62832"},"modified":"2017-07-04T08:17:09","modified_gmt":"2017-07-04T13:17:09","slug":"rumbo-al-teatro-metropolitan-kudai-esta-de-regreso","status":"publish","type":"post","link":"https:\/\/www.reconoce.mx\/?p=62832","title":{"rendered":"Rumbo al Teatro Metrop\u00f3litan: \u00a1Kudai est\u00e1 de regreso!"},"content":{"rendered":"<p><strong>Por <a href=\"https:\/\/twitter.com\/HEELCass\" target=\"_blank\" rel=\"noopener noreferrer\">Cassiel Miranda L\u00f3pez<\/a><\/strong>.<strong><br \/>\n<\/strong><\/p>\n<p>El pasado mi\u00e9rcoles 28 de junio tuvimos la oportunidad de entrevistar a los integrantes de <strong>Kudai<\/strong>, banda que tuvo gran \u00e9xito en la d\u00e9cada pasada, hasta que en 2009 decidieron separarse. Ahora el grupo compuesto por B\u00e1rbara Sep\u00falveda, Pablo Holman, Tom\u00e1s Manzi y Nicole Natalino est\u00e1 de vuelta y les preguntamos lo siguiente.<\/p>\n<p><a href=\"http:\/\/www.reconoce.mx\/wp-content\/uploads\/2017\/07\/kudai-2.png\"><img loading=\"lazy\" decoding=\"async\" class=\"aligncenter size-full wp-image-62835\" src=\"http:\/\/www.reconoce.mx\/wp-content\/uploads\/2017\/07\/kudai-2.png\" alt=\"\" width=\"590\" height=\"380\" srcset=\"https:\/\/www.reconoce.mx\/wp-content\/uploads\/2017\/07\/kudai-2.png 590w, https:\/\/www.reconoce.mx\/wp-content\/uploads\/2017\/07\/kudai-2-300x193.png 300w, https:\/\/www.reconoce.mx\/wp-content\/uploads\/2017\/07\/kudai-2-150x97.png 150w\" sizes=\"auto, (max-width: 590px) 100vw, 590px\" \/><\/a><\/p>\n<p><span style=\"color: #a81f25;\"><strong>Reconoce MX<\/strong><\/span>: \u00bfQu\u00e9 metas personales lograron alcanzar desde que se separaron, hasta antes de regresar a la m\u00fasica?<\/p>\n<p>El grupo se dedic\u00f3 a buscar las \u00e1reas que a cada uno les gustaba, ya que al momento de separarnos a\u00fan \u00e9ramos muy j\u00f3venes. Pablo sigui\u00f3 dentro del mundo de la m\u00fasica, pero tambi\u00e9n se dedic\u00f3 al <em>community management<\/em> y a las redes sociales; Tom\u00e1s de igual forma se dedic\u00f3 tambi\u00e9n a la m\u00fasica y trabaj\u00f3 como productor de distintos instrumentos musicales y nos comenta que gracias a esto, puede defender mejor el nuevo proyecto de <strong>Kudai<\/strong>; Nicole que fue la primera en dejar el grupo durante la primera etapa, se dedic\u00f3 a una carrera como artista individual, tambi\u00e9n estudi\u00f3 y ejerci\u00f3 la carrera de dise\u00f1o; B\u00e1rbara tiene una carrera como cirujano dentista y mientras no ensaya o est\u00e1 con el grupo, trabaja en la cl\u00ednica y con sus pacientes.<\/p>\n<p><strong><span style=\"color: #a81f25;\">RCMX<\/span><\/strong>: \u00bfVuelve lo que conocemos como Kudai o regresan con algo diferente? Es decir, nuevas melod\u00edas o instrumentos.<\/p>\n<p>Nos comentaron que ya a principio de este a\u00f1o estrenaron un nuevo single, \u00abAqu\u00ed estar\u00e9\u00bb, con el cual pretenden un peque\u00f1o cambio de estilo y agregar nuevos sonidos y melod\u00edas a su m\u00fasica.<\/p>\n<p><a href=\"http:\/\/www.reconoce.mx\/wp-content\/uploads\/2017\/07\/IMG-20170704-WA0004.jpg\"><img loading=\"lazy\" decoding=\"async\" class=\"aligncenter size-full wp-image-62854\" src=\"http:\/\/www.reconoce.mx\/wp-content\/uploads\/2017\/07\/IMG-20170704-WA0004.jpg\" alt=\"\" width=\"1088\" height=\"960\" srcset=\"https:\/\/www.reconoce.mx\/wp-content\/uploads\/2017\/07\/IMG-20170704-WA0004.jpg 1088w, https:\/\/www.reconoce.mx\/wp-content\/uploads\/2017\/07\/IMG-20170704-WA0004-300x265.jpg 300w, https:\/\/www.reconoce.mx\/wp-content\/uploads\/2017\/07\/IMG-20170704-WA0004-768x678.jpg 768w, https:\/\/www.reconoce.mx\/wp-content\/uploads\/2017\/07\/IMG-20170704-WA0004-1024x904.jpg 1024w, https:\/\/www.reconoce.mx\/wp-content\/uploads\/2017\/07\/IMG-20170704-WA0004-150x132.jpg 150w, https:\/\/www.reconoce.mx\/wp-content\/uploads\/2017\/07\/IMG-20170704-WA0004-700x618.jpg 700w, https:\/\/www.reconoce.mx\/wp-content\/uploads\/2017\/07\/IMG-20170704-WA0004-658x581.jpg 658w\" sizes=\"auto, (max-width: 1088px) 100vw, 1088px\" \/><\/a><\/p>\n<p style=\"text-align: right;\">Foto por <strong>Cassiel Miranda L\u00f3pez<\/strong> \/ <span style=\"color: #a81f25;\"><strong>Reconoce MX<\/strong><\/span>.<\/p>\n<p><strong><span style=\"color: #a81f25;\">RCMX<\/span><\/strong>: \u00bfCu\u00e1les son los temas que m\u00e1s extra\u00f1aban cantar?<\/p>\n<p>Los cuatro integrantes ten\u00edan algo que extra\u00f1aban, y aunque lo que m\u00e1s echaban de menos era tocar juntos en un escenario, hab\u00eda algunas canciones en particular que les causaban nostalgia como a Tom\u00e1s, quien nos explic\u00f3 que \u00e9l extra\u00f1a tocar los bloques ac\u00fasticos de los conciertos, \u00e9stos eran sus favoritos junto con la combinaci\u00f3n de guitarra y voces. Pablo nos contt\u00f3 que \u00e9l extra\u00f1aba tocar todos los grandes \u00e9xitos de sus antiguos discos, pero que adem\u00e1s, iban a tocar canciones que nunca antes se han presentado en un escenario que pertenecen al gusto personal de cada uno.<\/p>\n<p><strong><span style=\"color: #a81f25;\">RCMX<\/span><\/strong>: Muchos j\u00f3venes entre 12 y 16 a\u00f1os crecieron con su m\u00fasica y siguieron su moda\u2026 A esa edad, \u00bfa qu\u00e9 bandas escuchaban y admiraban ustedes?<\/p>\n<p>Pablo nos platic\u00f3 que en ese sentido, <strong>Kudai<\/strong> era una banda muy diversa y todos ten\u00edan gustos muy distintos; mientas que B\u00e1rbara y Nicole nos comentaron que les gustaba mucho el estilo conocido como <em>punk<\/em> y grupos como <strong>Blink 182<\/strong>. Tambi\u00e9n mencionaron que en cuanto a su estilo, ellos se consideraban un poco emo, que fue una moda muy popular por la \u00e9poca de 2006 a 2009, y a pesar de cambiar su estilo, sus gustos a\u00fan son los mismos o no han cambiado mucho.<\/p>\n<style>.embed-container { position: relative; padding-bottom: 56.25%; height: 0; overflow: hidden; max-width: 100%; } .embed-container iframe, .embed-container object, .embed-container embed { position: absolute; top: 0; left: 0; width: 100%; height: 100%; }<\/style>\n<div class=\"embed-container\"><iframe loading=\"lazy\" src=\"https:\/\/www.youtube.com\/embed\/-glk_8dI_iU\" width=\"300\" height=\"150\" frameborder=\"0\" allowfullscreen=\"allowfullscreen\"><\/iframe><\/div>\n<p>&nbsp;<\/p>\n<p><strong><span style=\"color: #a81f25;\">RCMX<\/span><\/strong>: \u00bfQu\u00e9 planes tiene <strong>Kudai<\/strong>? Ahora est\u00e1n de regreso muchas de las bandas con las que crecimos dando una presentaci\u00f3n, \u00bf<strong>Kudai<\/strong> vuelve para quedarse y hacer m\u00e1s m\u00fasica o para presentarse \u00fanicamente en estos momentos en los escenarios?<\/p>\n<p>Como ya comentamos antes, la agrupaci\u00f3n estren\u00f3 a principios de 2017 su sencillo \u00abAqu\u00ed estar\u00e9\u00bb, y mencionaron que, a pesar de que su presentaci\u00f3n en el <strong>Teatro Metrop\u00f3litan<\/strong> en Ciudad de M\u00e9xico es hasta el d\u00eda 8 de julio, ellos llegaron tres semanas antes porque trabajan en estos momentos en un nuevo sencillo. La banda tiene planeado a finales de a\u00f1o grabar un <em>feat<\/em> con otro artista que no quisieron revelar para que fuera sorpresa, y estos tres sencillos ser\u00e1n parte de su nuevo disco que planean estrenar a principios del 2018. Durante su gira por Latinoam\u00e9rica, incluyeron pa\u00edses como su natal Chile, Colombia y M\u00e9xico, entre otros.<\/p>\n<p><strong><span style=\"color: #a81f25;\">RCMX<\/span><\/strong>: \u00bfC\u00f3mo es la escena musical en Chile?<\/p>\n<p>El grupo nos cont\u00f3 que la escena musical en Chile es muy peque\u00f1a, y que a pesar de que en los \u00faltimos tiempos ha habido m\u00e1s exportaci\u00f3n de artistas como <strong>Mon Laferte<\/strong>, a\u00fan es una industria peque\u00f1a. Mencionan que ellos como m\u00fasicos ya consolidados, invitan a los nuevos artistas a exportar m\u00e1s su m\u00fasica a otros pa\u00edses y no s\u00f3lo quedarse en Chile adem\u00e1s de darle un empuj\u00f3n a la m\u00fasica chilena para que sea m\u00e1s conocida.<\/p>\n<p><a href=\"http:\/\/www.reconoce.mx\/wp-content\/uploads\/2017\/06\/DCy1Wn8VwAAAXpQ.jpg-large.jpg\"><img loading=\"lazy\" decoding=\"async\" class=\"aligncenter size-full wp-image-62477\" src=\"http:\/\/www.reconoce.mx\/wp-content\/uploads\/2017\/06\/DCy1Wn8VwAAAXpQ.jpg-large.jpg\" alt=\"\" width=\"1324\" height=\"2048\" srcset=\"https:\/\/www.reconoce.mx\/wp-content\/uploads\/2017\/06\/DCy1Wn8VwAAAXpQ.jpg-large.jpg 1324w, https:\/\/www.reconoce.mx\/wp-content\/uploads\/2017\/06\/DCy1Wn8VwAAAXpQ.jpg-large-194x300.jpg 194w, https:\/\/www.reconoce.mx\/wp-content\/uploads\/2017\/06\/DCy1Wn8VwAAAXpQ.jpg-large-768x1188.jpg 768w, https:\/\/www.reconoce.mx\/wp-content\/uploads\/2017\/06\/DCy1Wn8VwAAAXpQ.jpg-large-662x1024.jpg 662w, https:\/\/www.reconoce.mx\/wp-content\/uploads\/2017\/06\/DCy1Wn8VwAAAXpQ.jpg-large-150x232.jpg 150w, https:\/\/www.reconoce.mx\/wp-content\/uploads\/2017\/06\/DCy1Wn8VwAAAXpQ.jpg-large-700x1083.jpg 700w, https:\/\/www.reconoce.mx\/wp-content\/uploads\/2017\/06\/DCy1Wn8VwAAAXpQ.jpg-large-658x1018.jpg 658w, https:\/\/www.reconoce.mx\/wp-content\/uploads\/2017\/06\/DCy1Wn8VwAAAXpQ.jpg-large-300x464.jpg 300w\" sizes=\"auto, (max-width: 1324px) 100vw, 1324px\" \/><\/a><\/p>\n<p><strong><span style=\"color: #a81f25;\">RCMX<\/span><\/strong>: \u00bfDe qu\u00e9 trata el nuevo sencillo \u00abAqu\u00ed estar\u00e9\u00bb? \u00bfC\u00f3mo se eligi\u00f3 el tema del video?<\/p>\n<p>Principalmente el video se centra en mostrar a <strong>Kudai<\/strong> para que sus antiguos fans y la gente ajena a ellos vean c\u00f3mo han cambiado, c\u00f3mo son ahora y c\u00f3mo se sienten en estos momentos. Adem\u00e1s de mezclarlo con locaciones muy lindas de Chile como el Parque Metropolitano de Santiago y otros lugares un poco m\u00e1s des\u00e9rticos, su idea fue no ser tan pretenciosos en el video; a su vez, quer\u00edan que fuera algo fresco para el p\u00fablico y que la gente pudiera disfrutarlo.<\/p>\n<blockquote><p>Leer tambi\u00e9n: <a href=\"http:\/\/www.reconoce.mx\/kudai-queremos-recorrer-de-nuevo-mexico-y-estar-con-ustedes\/\" target=\"_blank\" rel=\"noopener noreferrer\">Kudai: \u201cQueremos recorrer de nuevo M\u00e9xico y estar con ustedes\u201d<\/a>.<\/p><\/blockquote>\n<p>&nbsp;<\/p>\n<p>Les recordamos que <a href=\"http:\/\/www.reconoce.mx\/despues-de-mas-de-8-anos-kudai-regresa-a-los-escenarios\/\" target=\"_blank\" rel=\"noopener noreferrer\"><strong>Kudai<\/strong> se presentar\u00e1 este 8 de julio en el <strong>Teatro Metrop\u00f3litan<\/strong><\/a> de la Ciudad de M\u00e9xico, donde nos prometieron sorpresas para sus fans -adem\u00e1s de presentar algunos invitados especiales que se unir\u00e1n a ellos en el escenario-.<\/p>\n<p style=\"text-align: right;\">Fotos cortes\u00eda de <strong>Kudai<\/strong>.<\/p>\n<p>&nbsp;<\/p>\n<p>&nbsp;<\/p>\n","protected":false},"excerpt":{"rendered":"<p>El pasado mi\u00e9rcoles 28 de junio tuvimos la oportunidad de entrevistar a los integrantes de Kudai, banda que tuvo gran \u00e9xito en la d\u00e9cada pasada, hasta que en 2009 decidieron separarse. <\/p>\n","protected":false},"author":2,"featured_media":62834,"comment_status":"open","ping_status":"open","sticky":false,"template":"","format":"standard","meta":{"footnotes":""},"categories":[1,18,17],"tags":[],"class_list":["post-62832","post","type-post","status-publish","format-standard","has-post-thumbnail","hentry","category-cultura","category-musica","category-principal"],"yoast_head":"<!-- This site is optimized with the Yoast SEO plugin v24.7 - https:\/\/yoast.com\/wordpress\/plugins\/seo\/ -->\n<title>Rumbo al Teatro Metrop\u00f3litan: \u00a1Kudai est\u00e1 de regreso! &#171; Reconoce MX<\/title>\n<meta name=\"robots\" content=\"index, follow, max-snippet:-1, max-image-preview:large, max-video-preview:-1\" \/>\n<link rel=\"canonical\" href=\"https:\/\/www.reconoce.mx\/?p=62832\" \/>\n<meta property=\"og:locale\" content=\"es_ES\" \/>\n<meta property=\"og:type\" content=\"article\" \/>\n<meta property=\"og:title\" content=\"Rumbo al Teatro Metrop\u00f3litan: \u00a1Kudai est\u00e1 de regreso! &#171; Reconoce MX\" \/>\n<meta property=\"og:description\" content=\"El pasado mi\u00e9rcoles 28 de junio tuvimos la oportunidad de entrevistar a los integrantes de Kudai, banda que tuvo gran \u00e9xito en la d\u00e9cada pasada, hasta que en 2009 decidieron separarse.\" \/>\n<meta property=\"og:url\" content=\"https:\/\/www.reconoce.mx\/?p=62832\" \/>\n<meta property=\"og:site_name\" content=\"Reconoce MX\" \/>\n<meta property=\"article:publisher\" content=\"https:\/\/es-la.facebook.com\/ReconoceMX\/\" \/>\n<meta property=\"article:published_time\" content=\"2017-07-04T05:05:48+00:00\" \/>\n<meta property=\"article:modified_time\" content=\"2017-07-04T13:17:09+00:00\" \/>\n<meta property=\"og:image\" content=\"https:\/\/www.reconoce.mx\/wp-content\/uploads\/2017\/07\/kudai-1.png\" \/>\n\t<meta property=\"og:image:width\" content=\"590\" \/>\n\t<meta property=\"og:image:height\" content=\"380\" \/>\n\t<meta property=\"og:image:type\" content=\"image\/png\" \/>\n<meta name=\"author\" content=\"Reconoce MX\" \/>\n<meta name=\"twitter:card\" content=\"summary_large_image\" \/>\n<meta name=\"twitter:creator\" content=\"@reconocemx\" \/>\n<meta name=\"twitter:site\" content=\"@reconocemx\" \/>\n<meta name=\"twitter:label1\" content=\"Escrito por\" \/>\n\t<meta name=\"twitter:data1\" content=\"Reconoce MX\" \/>\n\t<meta name=\"twitter:label2\" content=\"Tiempo de lectura\" \/>\n\t<meta name=\"twitter:data2\" content=\"5 minutos\" \/>\n<script type=\"application\/ld+json\" class=\"yoast-schema-graph\">{\"@context\":\"https:\/\/schema.org\",\"@graph\":[{\"@type\":\"Article\",\"@id\":\"https:\/\/www.reconoce.mx\/?p=62832#article\",\"isPartOf\":{\"@id\":\"https:\/\/www.reconoce.mx\/?p=62832\"},\"author\":{\"name\":\"Reconoce MX\",\"@id\":\"http:\/\/www.reconoce.mx\/#\/schema\/person\/2117e997d7051dc15d6880eaf9bca0b2\"},\"headline\":\"Rumbo al Teatro Metrop\u00f3litan: \u00a1Kudai est\u00e1 de regreso!\",\"datePublished\":\"2017-07-04T05:05:48+00:00\",\"dateModified\":\"2017-07-04T13:17:09+00:00\",\"mainEntityOfPage\":{\"@id\":\"https:\/\/www.reconoce.mx\/?p=62832\"},\"wordCount\":957,\"commentCount\":0,\"publisher\":{\"@id\":\"http:\/\/www.reconoce.mx\/#organization\"},\"image\":{\"@id\":\"https:\/\/www.reconoce.mx\/?p=62832#primaryimage\"},\"thumbnailUrl\":\"https:\/\/www.reconoce.mx\/wp-content\/uploads\/2017\/07\/kudai-1.png\",\"articleSection\":[\"Cultura\",\"M\u00fasica\",\"Principal\"],\"inLanguage\":\"es\",\"potentialAction\":[{\"@type\":\"CommentAction\",\"name\":\"Comment\",\"target\":[\"https:\/\/www.reconoce.mx\/?p=62832#respond\"]}]},{\"@type\":\"WebPage\",\"@id\":\"https:\/\/www.reconoce.mx\/?p=62832\",\"url\":\"https:\/\/www.reconoce.mx\/?p=62832\",\"name\":\"Rumbo al Teatro Metrop\u00f3litan: \u00a1Kudai est\u00e1 de regreso! &#171; Reconoce MX\",\"isPartOf\":{\"@id\":\"http:\/\/www.reconoce.mx\/#website\"},\"primaryImageOfPage\":{\"@id\":\"https:\/\/www.reconoce.mx\/?p=62832#primaryimage\"},\"image\":{\"@id\":\"https:\/\/www.reconoce.mx\/?p=62832#primaryimage\"},\"thumbnailUrl\":\"https:\/\/www.reconoce.mx\/wp-content\/uploads\/2017\/07\/kudai-1.png\",\"datePublished\":\"2017-07-04T05:05:48+00:00\",\"dateModified\":\"2017-07-04T13:17:09+00:00\",\"breadcrumb\":{\"@id\":\"https:\/\/www.reconoce.mx\/?p=62832#breadcrumb\"},\"inLanguage\":\"es\",\"potentialAction\":[{\"@type\":\"ReadAction\",\"target\":[\"https:\/\/www.reconoce.mx\/?p=62832\"]}]},{\"@type\":\"ImageObject\",\"inLanguage\":\"es\",\"@id\":\"https:\/\/www.reconoce.mx\/?p=62832#primaryimage\",\"url\":\"https:\/\/www.reconoce.mx\/wp-content\/uploads\/2017\/07\/kudai-1.png\",\"contentUrl\":\"https:\/\/www.reconoce.mx\/wp-content\/uploads\/2017\/07\/kudai-1.png\",\"width\":590,\"height\":380},{\"@type\":\"BreadcrumbList\",\"@id\":\"https:\/\/www.reconoce.mx\/?p=62832#breadcrumb\",\"itemListElement\":[{\"@type\":\"ListItem\",\"position\":1,\"name\":\"Portada\",\"item\":\"http:\/\/www.reconoce.mx\/\"},{\"@type\":\"ListItem\",\"position\":2,\"name\":\"Rumbo al Teatro Metrop\u00f3litan: \u00a1Kudai est\u00e1 de regreso!\"}]},{\"@type\":\"WebSite\",\"@id\":\"http:\/\/www.reconoce.mx\/#website\",\"url\":\"http:\/\/www.reconoce.mx\/\",\"name\":\"Reconoce MX\",\"description\":\"En Reconoce MX difundimos arte, cultura y conciencia social en M\u00e9xico. Tu ciudad en otra perspectiva.\",\"publisher\":{\"@id\":\"http:\/\/www.reconoce.mx\/#organization\"},\"potentialAction\":[{\"@type\":\"SearchAction\",\"target\":{\"@type\":\"EntryPoint\",\"urlTemplate\":\"http:\/\/www.reconoce.mx\/?s={search_term_string}\"},\"query-input\":{\"@type\":\"PropertyValueSpecification\",\"valueRequired\":true,\"valueName\":\"search_term_string\"}}],\"inLanguage\":\"es\"},{\"@type\":\"Organization\",\"@id\":\"http:\/\/www.reconoce.mx\/#organization\",\"name\":\"Reconoce MX\",\"url\":\"http:\/\/www.reconoce.mx\/\",\"logo\":{\"@type\":\"ImageObject\",\"inLanguage\":\"es\",\"@id\":\"http:\/\/www.reconoce.mx\/#\/schema\/logo\/image\/\",\"url\":\"https:\/\/www.reconoce.mx\/wp-content\/uploads\/2019\/03\/logorcmx-good-1.png\",\"contentUrl\":\"https:\/\/www.reconoce.mx\/wp-content\/uploads\/2019\/03\/logorcmx-good-1.png\",\"width\":280,\"height\":90,\"caption\":\"Reconoce MX\"},\"image\":{\"@id\":\"http:\/\/www.reconoce.mx\/#\/schema\/logo\/image\/\"},\"sameAs\":[\"https:\/\/es-la.facebook.com\/ReconoceMX\/\",\"https:\/\/x.com\/reconocemx\",\"http:\/\/@reconocemx\"]},{\"@type\":\"Person\",\"@id\":\"http:\/\/www.reconoce.mx\/#\/schema\/person\/2117e997d7051dc15d6880eaf9bca0b2\",\"name\":\"Reconoce MX\",\"image\":{\"@type\":\"ImageObject\",\"inLanguage\":\"es\",\"@id\":\"http:\/\/www.reconoce.mx\/#\/schema\/person\/image\/\",\"url\":\"https:\/\/secure.gravatar.com\/avatar\/6c8d4dc7569ca1c90c5fdcc349f839d5ddef6fe1e70b4337ead2ef1a4c43fc3a?s=96&d=identicon&r=g\",\"contentUrl\":\"https:\/\/secure.gravatar.com\/avatar\/6c8d4dc7569ca1c90c5fdcc349f839d5ddef6fe1e70b4337ead2ef1a4c43fc3a?s=96&d=identicon&r=g\",\"caption\":\"Reconoce MX\"},\"description\":\"Reconoce MX es un proyecto de difusi\u00f3n art\u00edstica, cultural y de conciencia social que est\u00e1 enfocado a difundir y fomentar el entretenimiento alternativo de calidad para todo el p\u00fablico que comparta el mismo entusiasmo.\",\"sameAs\":[\"http:\/\/www.reconoce.mx\"],\"url\":\"https:\/\/www.reconoce.mx\/?author=2\"}]}<\/script>\n<!-- \/ Yoast SEO plugin. -->","yoast_head_json":{"title":"Rumbo al Teatro Metrop\u00f3litan: \u00a1Kudai est\u00e1 de regreso! &#171; Reconoce MX","robots":{"index":"index","follow":"follow","max-snippet":"max-snippet:-1","max-image-preview":"max-image-preview:large","max-video-preview":"max-video-preview:-1"},"canonical":"https:\/\/www.reconoce.mx\/?p=62832","og_locale":"es_ES","og_type":"article","og_title":"Rumbo al Teatro Metrop\u00f3litan: \u00a1Kudai est\u00e1 de regreso! &#171; Reconoce MX","og_description":"El pasado mi\u00e9rcoles 28 de junio tuvimos la oportunidad de entrevistar a los integrantes de Kudai, banda que tuvo gran \u00e9xito en la d\u00e9cada pasada, hasta que en 2009 decidieron separarse.","og_url":"https:\/\/www.reconoce.mx\/?p=62832","og_site_name":"Reconoce MX","article_publisher":"https:\/\/es-la.facebook.com\/ReconoceMX\/","article_published_time":"2017-07-04T05:05:48+00:00","article_modified_time":"2017-07-04T13:17:09+00:00","og_image":[{"width":590,"height":380,"url":"https:\/\/www.reconoce.mx\/wp-content\/uploads\/2017\/07\/kudai-1.png","type":"image\/png"}],"author":"Reconoce MX","twitter_card":"summary_large_image","twitter_creator":"@reconocemx","twitter_site":"@reconocemx","twitter_misc":{"Escrito por":"Reconoce MX","Tiempo de lectura":"5 minutos"},"schema":{"@context":"https:\/\/schema.org","@graph":[{"@type":"Article","@id":"https:\/\/www.reconoce.mx\/?p=62832#article","isPartOf":{"@id":"https:\/\/www.reconoce.mx\/?p=62832"},"author":{"name":"Reconoce MX","@id":"http:\/\/www.reconoce.mx\/#\/schema\/person\/2117e997d7051dc15d6880eaf9bca0b2"},"headline":"Rumbo al Teatro Metrop\u00f3litan: \u00a1Kudai est\u00e1 de regreso!","datePublished":"2017-07-04T05:05:48+00:00","dateModified":"2017-07-04T13:17:09+00:00","mainEntityOfPage":{"@id":"https:\/\/www.reconoce.mx\/?p=62832"},"wordCount":957,"commentCount":0,"publisher":{"@id":"http:\/\/www.reconoce.mx\/#organization"},"image":{"@id":"https:\/\/www.reconoce.mx\/?p=62832#primaryimage"},"thumbnailUrl":"https:\/\/www.reconoce.mx\/wp-content\/uploads\/2017\/07\/kudai-1.png","articleSection":["Cultura","M\u00fasica","Principal"],"inLanguage":"es","potentialAction":[{"@type":"CommentAction","name":"Comment","target":["https:\/\/www.reconoce.mx\/?p=62832#respond"]}]},{"@type":"WebPage","@id":"https:\/\/www.reconoce.mx\/?p=62832","url":"https:\/\/www.reconoce.mx\/?p=62832","name":"Rumbo al Teatro Metrop\u00f3litan: \u00a1Kudai est\u00e1 de regreso! &#171; Reconoce MX","isPartOf":{"@id":"http:\/\/www.reconoce.mx\/#website"},"primaryImageOfPage":{"@id":"https:\/\/www.reconoce.mx\/?p=62832#primaryimage"},"image":{"@id":"https:\/\/www.reconoce.mx\/?p=62832#primaryimage"},"thumbnailUrl":"https:\/\/www.reconoce.mx\/wp-content\/uploads\/2017\/07\/kudai-1.png","datePublished":"2017-07-04T05:05:48+00:00","dateModified":"2017-07-04T13:17:09+00:00","breadcrumb":{"@id":"https:\/\/www.reconoce.mx\/?p=62832#breadcrumb"},"inLanguage":"es","potentialAction":[{"@type":"ReadAction","target":["https:\/\/www.reconoce.mx\/?p=62832"]}]},{"@type":"ImageObject","inLanguage":"es","@id":"https:\/\/www.reconoce.mx\/?p=62832#primaryimage","url":"https:\/\/www.reconoce.mx\/wp-content\/uploads\/2017\/07\/kudai-1.png","contentUrl":"https:\/\/www.reconoce.mx\/wp-content\/uploads\/2017\/07\/kudai-1.png","width":590,"height":380},{"@type":"BreadcrumbList","@id":"https:\/\/www.reconoce.mx\/?p=62832#breadcrumb","itemListElement":[{"@type":"ListItem","position":1,"name":"Portada","item":"http:\/\/www.reconoce.mx\/"},{"@type":"ListItem","position":2,"name":"Rumbo al Teatro Metrop\u00f3litan: \u00a1Kudai est\u00e1 de regreso!"}]},{"@type":"WebSite","@id":"http:\/\/www.reconoce.mx\/#website","url":"http:\/\/www.reconoce.mx\/","name":"Reconoce MX","description":"En Reconoce MX difundimos arte, cultura y conciencia social en M\u00e9xico. Tu ciudad en otra perspectiva.","publisher":{"@id":"http:\/\/www.reconoce.mx\/#organization"},"potentialAction":[{"@type":"SearchAction","target":{"@type":"EntryPoint","urlTemplate":"http:\/\/www.reconoce.mx\/?s={search_term_string}"},"query-input":{"@type":"PropertyValueSpecification","valueRequired":true,"valueName":"search_term_string"}}],"inLanguage":"es"},{"@type":"Organization","@id":"http:\/\/www.reconoce.mx\/#organization","name":"Reconoce MX","url":"http:\/\/www.reconoce.mx\/","logo":{"@type":"ImageObject","inLanguage":"es","@id":"http:\/\/www.reconoce.mx\/#\/schema\/logo\/image\/","url":"https:\/\/www.reconoce.mx\/wp-content\/uploads\/2019\/03\/logorcmx-good-1.png","contentUrl":"https:\/\/www.reconoce.mx\/wp-content\/uploads\/2019\/03\/logorcmx-good-1.png","width":280,"height":90,"caption":"Reconoce MX"},"image":{"@id":"http:\/\/www.reconoce.mx\/#\/schema\/logo\/image\/"},"sameAs":["https:\/\/es-la.facebook.com\/ReconoceMX\/","https:\/\/x.com\/reconocemx","http:\/\/@reconocemx"]},{"@type":"Person","@id":"http:\/\/www.reconoce.mx\/#\/schema\/person\/2117e997d7051dc15d6880eaf9bca0b2","name":"Reconoce MX","image":{"@type":"ImageObject","inLanguage":"es","@id":"http:\/\/www.reconoce.mx\/#\/schema\/person\/image\/","url":"https:\/\/secure.gravatar.com\/avatar\/6c8d4dc7569ca1c90c5fdcc349f839d5ddef6fe1e70b4337ead2ef1a4c43fc3a?s=96&d=identicon&r=g","contentUrl":"https:\/\/secure.gravatar.com\/avatar\/6c8d4dc7569ca1c90c5fdcc349f839d5ddef6fe1e70b4337ead2ef1a4c43fc3a?s=96&d=identicon&r=g","caption":"Reconoce MX"},"description":"Reconoce MX es un proyecto de difusi\u00f3n art\u00edstica, cultural y de conciencia social que est\u00e1 enfocado a difundir y fomentar el entretenimiento alternativo de calidad para todo el p\u00fablico que comparta el mismo entusiasmo.","sameAs":["http:\/\/www.reconoce.mx"],"url":"https:\/\/www.reconoce.mx\/?author=2"}]}},"_links":{"self":[{"href":"https:\/\/www.reconoce.mx\/index.php?rest_route=\/wp\/v2\/posts\/62832","targetHints":{"allow":["GET"]}}],"collection":[{"href":"https:\/\/www.reconoce.mx\/index.php?rest_route=\/wp\/v2\/posts"}],"about":[{"href":"https:\/\/www.reconoce.mx\/index.php?rest_route=\/wp\/v2\/types\/post"}],"author":[{"embeddable":true,"href":"https:\/\/www.reconoce.mx\/index.php?rest_route=\/wp\/v2\/users\/2"}],"replies":[{"embeddable":true,"href":"https:\/\/www.reconoce.mx\/index.php?rest_route=%2Fwp%2Fv2%2Fcomments&post=62832"}],"version-history":[{"count":7,"href":"https:\/\/www.reconoce.mx\/index.php?rest_route=\/wp\/v2\/posts\/62832\/revisions"}],"predecessor-version":[{"id":62856,"href":"https:\/\/www.reconoce.mx\/index.php?rest_route=\/wp\/v2\/posts\/62832\/revisions\/62856"}],"wp:featuredmedia":[{"embeddable":true,"href":"https:\/\/www.reconoce.mx\/index.php?rest_route=\/wp\/v2\/media\/62834"}],"wp:attachment":[{"href":"https:\/\/www.reconoce.mx\/index.php?rest_route=%2Fwp%2Fv2%2Fmedia&parent=62832"}],"wp:term":[{"taxonomy":"category","embeddable":true,"href":"https:\/\/www.reconoce.mx\/index.php?rest_route=%2Fwp%2Fv2%2Fcategories&post=62832"},{"taxonomy":"post_tag","embeddable":true,"href":"https:\/\/www.reconoce.mx\/index.php?rest_route=%2Fwp%2Fv2%2Ftags&post=62832"}],"curies":[{"name":"wp","href":"https:\/\/api.w.org\/{rel}","templated":true}]}}