{"id":62890,"date":"2017-07-05T00:06:47","date_gmt":"2017-07-05T05:06:47","guid":{"rendered":"http:\/\/www.reconoce.mx\/?p=62890"},"modified":"2017-07-05T17:01:21","modified_gmt":"2017-07-05T22:01:21","slug":"giff2017-celebrara-en-grande-sus-20-anotes","status":"publish","type":"post","link":"https:\/\/www.reconoce.mx\/?p=62890","title":{"rendered":"\u00a1#GIFF2017 celebrar\u00e1 en grande sus 20 a\u00f1otes!"},"content":{"rendered":"<p><strong>Texto por <a title=\"@AsfaltosTweets\" href=\"http:\/\/twitter.com\/AsfaltosTweets\" target=\"_blank\" rel=\"noopener noreferrer\" data-slimstat-type=\"0\" data-slimstat-callback=\"false\" data-slimstat-tracking=\"true\">Asfaltos<\/a><\/strong>.<br \/>\n<strong>Fotos por <a href=\"https:\/\/twitter.com\/JACSPhoto\" target=\"_blank\" rel=\"noopener noreferrer\">Joaqu\u00edn Cervantes<\/a><\/strong>.<\/p>\n<p>Todas las fechas se cumplen, y en este caso, despu\u00e9s de 20 a\u00f1otes de mantenerse como uno de los encuentros f\u00edlmicos m\u00e1s relevantes para el mundo del cine en nuestro pa\u00eds, le toca al\u00a0<strong>Festival Internacional de Cine Guanajuato<\/strong> (GIFF) celebrar una edici\u00f3n m\u00e1s y de gran manera. De entrada, la visita de los cineastas <strong>Peter Weir<\/strong> y <strong>Fatih Akin<\/strong>, los homenajes a <strong>Isela Vega<\/strong> y <strong>Brigitte Broch<\/strong>, as\u00ed como la presencia de las tres primeras cintas mexicanas de realidad virtual, engalanan una fiesta en la que Canad\u00e1 ser\u00e1 el Pa\u00eds Invitado de Honor.<\/p>\n<p><a href=\"http:\/\/www.reconoce.mx\/wp-content\/uploads\/2017\/07\/GIFF-0-P\u00f3ster.png\"><img loading=\"lazy\" decoding=\"async\" class=\"aligncenter size-full wp-image-62896\" src=\"http:\/\/www.reconoce.mx\/wp-content\/uploads\/2017\/07\/GIFF-0-P\u00f3ster.png\" alt=\"\" width=\"674\" height=\"996\" srcset=\"https:\/\/www.reconoce.mx\/wp-content\/uploads\/2017\/07\/GIFF-0-P\u00f3ster.png 674w, https:\/\/www.reconoce.mx\/wp-content\/uploads\/2017\/07\/GIFF-0-P\u00f3ster-203x300.png 203w, https:\/\/www.reconoce.mx\/wp-content\/uploads\/2017\/07\/GIFF-0-P\u00f3ster-150x222.png 150w, https:\/\/www.reconoce.mx\/wp-content\/uploads\/2017\/07\/GIFF-0-P\u00f3ster-658x972.png 658w, https:\/\/www.reconoce.mx\/wp-content\/uploads\/2017\/07\/GIFF-0-P\u00f3ster-300x443.png 300w\" sizes=\"auto, (max-width: 674px) 100vw, 674px\" \/><\/a><\/p>\n<p>Del 21 al 30 de julio, en San Miguel de Allende y Guanajuato Capital, el <strong>GIFF<\/strong> celebrar\u00e1 20 a\u00f1otes con la presencia del destacado director de cine australiano <strong>Peter Weir<\/strong>, recordado por cintas como \u00abDead Poets Society\u00bb (1989) y \u00abThe Truman Show\u00bb (1998), as\u00ed como por \u00abMaster and Commander\u00bb (2003) y \u00abPicnic at Hanging Rock\u00bb (1975); as\u00ed como la tambi\u00e9n emocionante <a href=\"http:\/\/www.reconoce.mx\/giff2017-habra-homenaje-internacional-para-fatih-akin\/\" target=\"_blank\" rel=\"noopener noreferrer\">visita del director de cine alem\u00e1n <strong>Fatih Akin<\/strong><\/a>, quien es nada mas y nada menos que ganador del <strong>Oso de Oro<\/strong> de la <strong>Berlinale<\/strong> por su pel\u00edcula \u00abHead-On\u00bb, as\u00ed como reciente competidor de la <strong>Palma de Oro<\/strong> en <strong>Cannes<\/strong> con su pel\u00edcula \u00abIn The Fade\u00bb -misma que ser\u00e1 la cinta inaugural en Guanajuato Capital-.<\/p>\n<p>En lo que respecta al talento nacional, como no podr\u00eda resultar de otra manera, se reconocer\u00e1n a la primera actriz <strong>Isela Vega<\/strong>, quien ha destacado en diversas pel\u00edculas desde su debut protag\u00f3nico en \u00abDon Juan 67\u00bb (Carlos Velo, 1967); as\u00ed como a la indiscutible estratega del cine, y dise\u00f1adora de producci\u00f3n, <strong>Brigitte Broch<\/strong>, quien ha trabajado al lado de directores como Alejandro Gonz\u00e1lez I\u00f1\u00e1rritu, Alfonso Cuar\u00f3n, Guillermo Del Toro y Baz Luhrman. Broch, adem\u00e1s, es ganadora del <strong>Oscar<\/strong> a Direcci\u00f3n de Arte por \u00abMoulin Rouge!\u00bb (2001).<\/p>\n<p><a href=\"http:\/\/www.reconoce.mx\/wp-content\/uploads\/2017\/07\/GIFF-2-Sarah-Hoch.png\"><img loading=\"lazy\" decoding=\"async\" class=\"aligncenter size-full wp-image-62892\" src=\"http:\/\/www.reconoce.mx\/wp-content\/uploads\/2017\/07\/GIFF-2-Sarah-Hoch.png\" alt=\"\" width=\"590\" height=\"380\" srcset=\"https:\/\/www.reconoce.mx\/wp-content\/uploads\/2017\/07\/GIFF-2-Sarah-Hoch.png 590w, https:\/\/www.reconoce.mx\/wp-content\/uploads\/2017\/07\/GIFF-2-Sarah-Hoch-300x193.png 300w, https:\/\/www.reconoce.mx\/wp-content\/uploads\/2017\/07\/GIFF-2-Sarah-Hoch-150x97.png 150w\" sizes=\"auto, (max-width: 590px) 100vw, 590px\" \/><\/a><\/p>\n<p>Continuando con el tema de los homenajes y reconocimientos, la <strong>Asociaci\u00f3n de Mujeres en el Cine y la Televisi\u00f3n<\/strong> -que cumplir\u00e1 15 a\u00f1os en el festival que le vio nacer-, reconocer\u00e1 a dos mujeres ejemplares: <strong>Anna Roth<\/strong> y <strong>Mariestela Fern\u00e1ndez<\/strong>. Anna es una conocida productora en l\u00ednea quien ha trabajado con directores de la talla de James Cameron, Tony Scott, Mel Gibson y Luis Mandoki, por nombrar algunos; mientras que Mariestela -\u00fanica ganadora de cinco premios <strong>Ariel<\/strong>-, se ha destacado como una de las mejores dise\u00f1adoras de vestuario de cine y teatro en nuestro pa\u00eds, trabajando con grandes int\u00e9rpretes como Daniel Gim\u00e9nez Cacho, Blanca Guerra, Johnny Depp, Demi\u00e1n Bichir, Sean Penn y Andy Garc\u00eda, entre otros.<\/p>\n<p>En lo que respecta a las proyecciones, adem\u00e1s de la ya mencionada \u00abIn The Fade\u00bb de <strong>Fatih Akin<\/strong>, se presentar\u00e1n en sendas galas las pel\u00edculas \u00abBrimstone &amp; Glory\u00bb, de <strong>Viktor Jakovleski<\/strong> -pel\u00edcula inaugural en San Miguel de Allende, resultado del proyecto de residencias entre <strong>GIFF<\/strong> y <strong>Medienboard<\/strong> de Alemania-; \u00abWeirdos\u00bb, de <strong>Bruce McDonald<\/strong>, presentada como gala de Canad\u00e1, Pa\u00eds Invitado de Honor; y la premiere mundial de la pel\u00edcula mexicana, \u00abMe gusta pero me asusta\u00bb, de <strong>Beto G\u00f3mez<\/strong>.<\/p>\n<p><a href=\"http:\/\/www.reconoce.mx\/wp-content\/uploads\/2017\/07\/GIFF-3-Brigitte-Broch.png\"><img loading=\"lazy\" decoding=\"async\" class=\"aligncenter size-full wp-image-62893\" src=\"http:\/\/www.reconoce.mx\/wp-content\/uploads\/2017\/07\/GIFF-3-Brigitte-Broch.png\" alt=\"\" width=\"590\" height=\"380\" srcset=\"https:\/\/www.reconoce.mx\/wp-content\/uploads\/2017\/07\/GIFF-3-Brigitte-Broch.png 590w, https:\/\/www.reconoce.mx\/wp-content\/uploads\/2017\/07\/GIFF-3-Brigitte-Broch-300x193.png 300w, https:\/\/www.reconoce.mx\/wp-content\/uploads\/2017\/07\/GIFF-3-Brigitte-Broch-150x97.png 150w\" sizes=\"auto, (max-width: 590px) 100vw, 590px\" \/><\/a><\/p>\n<p>Adem\u00e1s, en el constante \u00e9nfasis del <strong>GIFF<\/strong> por innovar, se estrenar\u00e1n los primeros tres cortometrajes en realidad virtual de los cineastas mexicanos <strong>Roberto Fiesco<\/strong>, <strong>Carlos Hagerman<\/strong> y <strong>Juan Carlos Rulfo<\/strong>. Las proyecciones se realizar\u00e1n en salas de realidad virtual -\u00fanicas en un festival mexicano- con 20 butacas equipadas con lo m\u00e1s novedoso en tecnolog\u00eda. Adem\u00e1s de estos tres cortometrajes, se proyectar\u00e1n a lo largo de todo el d\u00eda cintas de lo m\u00e1s selecto de la VR.<\/p>\n<p>La programaci\u00f3n se complementa con 402 pel\u00edculas provenientes de m\u00e1s de 50 pa\u00edses, entre ellas 144 en competencia oficial, 150 de Canad\u00e1 en conmemoraci\u00f3n de sus 150 a\u00f1os como Confederaci\u00f3n -se proyectar\u00e1 el cl\u00e1sico mudo \u00abBack to God\u2019s Country\u00bb, y el filme de culto \u00abVideodrome\u00bb del memorable director <strong>David Cronenberg<\/strong>, as\u00ed como el cine de talentos como <strong>Xavier Dolan<\/strong> y <strong>Ashley Mackenzie<\/strong>, adem\u00e1s de una muestra de lo mejor en cortometrajes, animaci\u00f3n y realidad virtual de Canad\u00e1-, adem\u00e1s de muestras especiales que incluyen los ya tradicionales programas \u00abNi\u00f1os en acci\u00f3n\u00bb, Cine entre muertos\u00bb y \u00abLocura de medianoche\u00bb.<\/p>\n<p><a href=\"http:\/\/www.reconoce.mx\/wp-content\/uploads\/2017\/07\/GIFF-4-Panel.jpg\"><img loading=\"lazy\" decoding=\"async\" class=\"aligncenter size-full wp-image-62894\" src=\"http:\/\/www.reconoce.mx\/wp-content\/uploads\/2017\/07\/GIFF-4-Panel.jpg\" alt=\"\" width=\"4267\" height=\"2668\" srcset=\"https:\/\/www.reconoce.mx\/wp-content\/uploads\/2017\/07\/GIFF-4-Panel.jpg 4267w, https:\/\/www.reconoce.mx\/wp-content\/uploads\/2017\/07\/GIFF-4-Panel-300x188.jpg 300w, https:\/\/www.reconoce.mx\/wp-content\/uploads\/2017\/07\/GIFF-4-Panel-768x480.jpg 768w, https:\/\/www.reconoce.mx\/wp-content\/uploads\/2017\/07\/GIFF-4-Panel-1024x640.jpg 1024w, https:\/\/www.reconoce.mx\/wp-content\/uploads\/2017\/07\/GIFF-4-Panel-320x200.jpg 320w, https:\/\/www.reconoce.mx\/wp-content\/uploads\/2017\/07\/GIFF-4-Panel-150x94.jpg 150w, https:\/\/www.reconoce.mx\/wp-content\/uploads\/2017\/07\/GIFF-4-Panel-700x438.jpg 700w, https:\/\/www.reconoce.mx\/wp-content\/uploads\/2017\/07\/GIFF-4-Panel-658x411.jpg 658w\" sizes=\"auto, (max-width: 4267px) 100vw, 4267px\" \/><\/a><\/p>\n<p>Complementan el programa las tambi\u00e9n imperdibles conferencias, que para esta edici\u00f3n ser\u00e1n m\u00e1s de 20, entre las que se destacan las magistrales por parte de los homenajeados, as\u00ed como talleres sobre guionismo, casting, producci\u00f3n, financiamiento y plataforma social; la conferencia \u00abHumboldt en M\u00e9xico: La Mirada del Explorador\u00bb impartida por el <strong>Dr. Jaime Labastida<\/strong> y el<strong> Dr. Jos\u00e9 Sarukhan<\/strong>, en la que se expone el trabajo de la documentalista <strong>Ana Cruz<\/strong>, ganadora del <strong>Premio Nacional de Periodismo en Divulgaci\u00f3n Cultural<\/strong>; as\u00ed como la conferencia de <strong>Margary Simkin<\/strong>, directora de casting de \u00abAvatar\u00bb, \u00ab12 Monkeys\u00bb y \u00abPacific Rim\u00bb, quien detallar\u00e1 la funci\u00f3n precisa -adem\u00e1s de ser una gu\u00eda- en lo que se refiere a la selecci\u00f3n de actores.<\/p>\n<p>Tambi\u00e9n, <a href=\"http:\/\/www.reconoce.mx\/giff2017-mucha-musica-cine-en-los-20-anos-del-giff\/\" target=\"_blank\" rel=\"noopener noreferrer\">y como ya hemos destacado<\/a>, la m\u00fasica regresa al <strong>GIFF<\/strong> con un programa gratuito, el <strong>Festival Clausura<\/strong> (\u00e9ste s\u00ed con costo)y la musicalizaci\u00f3n del <strong>Rally Universitario<\/strong> por parte de m\u00fasicos profesionales, as\u00ed como con <a href=\"http:\/\/www.reconoce.mx\/giff2017-milck-cantara-contra-la-violencia-y-la-desigualdad\/\" target=\"_blank\" rel=\"noopener noreferrer\">la destacada presencia de la cantante estadounidense <strong>MILCK<\/strong><\/a>. Tambi\u00e9n se anunci\u00f3 la presencia de la banda indie canadiense <strong>The Dears<\/strong>, consolidada por su sonido orquestal-pop-noir con el famoso \u00e1lbum debut \u00abEnd of a Hollywood Bedtime Story\u00bb (2000). La agrupaci\u00f3n se presentar\u00e1 en Guanajuato capital.<\/p>\n<style>.embed-container { position: relative; padding-bottom: 56.25%; height: 0; overflow: hidden; max-width: 100%; } .embed-container iframe, .embed-container object, .embed-container embed { position: absolute; top: 0; left: 0; width: 100%; height: 100%; }<\/style>\n<div class='embed-container'><iframe src='https:\/\/www.youtube.com\/embed\/QZ-xu4NR6hE' frameborder='0' allowfullscreen><\/iframe><\/div>\n<p>&nbsp;<\/p>\n<p>El propio <a href=\"http:\/\/www.reconoce.mx\/giff2017-apoya-al-rally-universitario-e-identidad-y-pertenencia\/\" target=\"_blank\" rel=\"noopener noreferrer\"><strong>Rally Universitario<\/strong><\/a>; el ciclo \u00ab<a href=\"http:\/\/www.reconoce.mx\/giff2017-anuncia-los-equipos-para-identidad-y-pertenencia\/\" target=\"_blank\" rel=\"noopener noreferrer\">Idendtidad y Pertenencia<\/a>\u00ab; la presentaci\u00f3n editorial de <strong>Francisco Javier Mill\u00e1n<\/strong>, escritor y periodista espa\u00f1ol que presentar\u00e1 su libro sobre <strong>Pedro Infante<\/strong>; las campa\u00f1as de salud mental <a href=\"https:\/\/twitter.com\/search?q=%23YoMeComprometo&amp;src=typd\" target=\"_blank\" rel=\"noopener noreferrer\">#YoMeComprometo<\/a> y de donaci\u00f3n de \u00f3rganos en el pa\u00eds con la pel\u00edcula \u00abVive por m\u00ed\u00bb en alusi\u00f3n al tema; as\u00ed como el <strong>Project Glamour<\/strong> que presenta lo mejor del dise\u00f1o de moda, accesorios y joyer\u00eda de toda la Rep\u00fablica Mexicana, son parte de lo mucho que esta nueva edici\u00f3n del <strong>GIFF<\/strong> trae para celebrar en grande sus 20 a\u00f1os.<\/p>\n<p>La edici\u00f3n 20 del <strong>Festival Internacional de Cine Guanajuato<\/strong> se celebrar\u00e1 del 21 al 25 de julio de 2017, en San Miguel de Allende, y del 26 al 30 de julio de 2017, en Guanajuato capital. Para m\u00e1s informaci\u00f3n del festival consulta el <a href=\"http:\/\/giff.mx\/\" target=\"_blank\" rel=\"noopener noreferrer\">sitio web oficial<\/a>. \u00a1M\u00e1s cine por favor! \u00bfNos vemos en Guanajuato?<\/p>\n<p style=\"text-align: right;\">P\u00f3ster oficial cortes\u00eda del <strong>GIFF<\/strong>.<\/p>\n<p>&nbsp;<\/p>\n<p>&nbsp;<\/p>\n","protected":false},"excerpt":{"rendered":"<p>Todas las fechas se cumplen, y en este caso, despu\u00e9s de 20 a\u00f1otes de mantenerse como uno de los encuentros f\u00edlmicos m\u00e1s relevantes para el mundo del cine en nuestro pa\u00eds, le toca al Guanajuato International Film Festival celebrar una edici\u00f3n m\u00e1s y de gran manera. <\/p>\n","protected":false},"author":2,"featured_media":62891,"comment_status":"open","ping_status":"open","sticky":false,"template":"","format":"standard","meta":{"footnotes":""},"categories":[24,1,17],"tags":[],"class_list":["post-62890","post","type-post","status-publish","format-standard","has-post-thumbnail","hentry","category-cine","category-cultura","category-principal"],"yoast_head":"<!-- This site is optimized with the Yoast SEO plugin v24.7 - https:\/\/yoast.com\/wordpress\/plugins\/seo\/ -->\n<title>\u00a1#GIFF2017 celebrar\u00e1 en grande sus 20 a\u00f1otes! &#171; Reconoce MX<\/title>\n<meta name=\"robots\" content=\"index, follow, max-snippet:-1, max-image-preview:large, max-video-preview:-1\" \/>\n<link rel=\"canonical\" href=\"https:\/\/www.reconoce.mx\/?p=62890\" \/>\n<meta property=\"og:locale\" content=\"es_ES\" \/>\n<meta property=\"og:type\" content=\"article\" \/>\n<meta property=\"og:title\" content=\"\u00a1#GIFF2017 celebrar\u00e1 en grande sus 20 a\u00f1otes! &#171; Reconoce MX\" \/>\n<meta property=\"og:description\" content=\"Todas las fechas se cumplen, y en este caso, despu\u00e9s de 20 a\u00f1otes de mantenerse como uno de los encuentros f\u00edlmicos m\u00e1s relevantes para el mundo del cine en nuestro pa\u00eds, le toca al Guanajuato International Film Festival celebrar una edici\u00f3n m\u00e1s y de gran manera.\" \/>\n<meta property=\"og:url\" content=\"https:\/\/www.reconoce.mx\/?p=62890\" \/>\n<meta property=\"og:site_name\" content=\"Reconoce MX\" \/>\n<meta property=\"article:publisher\" content=\"https:\/\/es-la.facebook.com\/ReconoceMX\/\" \/>\n<meta property=\"article:published_time\" content=\"2017-07-05T05:06:47+00:00\" \/>\n<meta property=\"article:modified_time\" content=\"2017-07-05T22:01:21+00:00\" \/>\n<meta property=\"og:image\" content=\"https:\/\/www.reconoce.mx\/wp-content\/uploads\/2017\/07\/GIFF-1-Cover.png\" \/>\n\t<meta property=\"og:image:width\" content=\"590\" \/>\n\t<meta property=\"og:image:height\" content=\"380\" \/>\n\t<meta property=\"og:image:type\" content=\"image\/png\" \/>\n<meta name=\"author\" content=\"Reconoce MX\" \/>\n<meta name=\"twitter:card\" content=\"summary_large_image\" \/>\n<meta name=\"twitter:creator\" content=\"@reconocemx\" \/>\n<meta name=\"twitter:site\" content=\"@reconocemx\" \/>\n<meta name=\"twitter:label1\" content=\"Escrito por\" \/>\n\t<meta name=\"twitter:data1\" content=\"Reconoce MX\" \/>\n\t<meta name=\"twitter:label2\" content=\"Tiempo de lectura\" \/>\n\t<meta name=\"twitter:data2\" content=\"5 minutos\" \/>\n<script type=\"application\/ld+json\" class=\"yoast-schema-graph\">{\"@context\":\"https:\/\/schema.org\",\"@graph\":[{\"@type\":\"Article\",\"@id\":\"https:\/\/www.reconoce.mx\/?p=62890#article\",\"isPartOf\":{\"@id\":\"https:\/\/www.reconoce.mx\/?p=62890\"},\"author\":{\"name\":\"Reconoce MX\",\"@id\":\"http:\/\/www.reconoce.mx\/#\/schema\/person\/2117e997d7051dc15d6880eaf9bca0b2\"},\"headline\":\"\u00a1#GIFF2017 celebrar\u00e1 en grande sus 20 a\u00f1otes!\",\"datePublished\":\"2017-07-05T05:06:47+00:00\",\"dateModified\":\"2017-07-05T22:01:21+00:00\",\"mainEntityOfPage\":{\"@id\":\"https:\/\/www.reconoce.mx\/?p=62890\"},\"wordCount\":1101,\"commentCount\":0,\"publisher\":{\"@id\":\"http:\/\/www.reconoce.mx\/#organization\"},\"image\":{\"@id\":\"https:\/\/www.reconoce.mx\/?p=62890#primaryimage\"},\"thumbnailUrl\":\"https:\/\/www.reconoce.mx\/wp-content\/uploads\/2017\/07\/GIFF-1-Cover.png\",\"articleSection\":[\"Cine\",\"Cultura\",\"Principal\"],\"inLanguage\":\"es\",\"potentialAction\":[{\"@type\":\"CommentAction\",\"name\":\"Comment\",\"target\":[\"https:\/\/www.reconoce.mx\/?p=62890#respond\"]}]},{\"@type\":\"WebPage\",\"@id\":\"https:\/\/www.reconoce.mx\/?p=62890\",\"url\":\"https:\/\/www.reconoce.mx\/?p=62890\",\"name\":\"\u00a1#GIFF2017 celebrar\u00e1 en grande sus 20 a\u00f1otes! &#171; Reconoce MX\",\"isPartOf\":{\"@id\":\"http:\/\/www.reconoce.mx\/#website\"},\"primaryImageOfPage\":{\"@id\":\"https:\/\/www.reconoce.mx\/?p=62890#primaryimage\"},\"image\":{\"@id\":\"https:\/\/www.reconoce.mx\/?p=62890#primaryimage\"},\"thumbnailUrl\":\"https:\/\/www.reconoce.mx\/wp-content\/uploads\/2017\/07\/GIFF-1-Cover.png\",\"datePublished\":\"2017-07-05T05:06:47+00:00\",\"dateModified\":\"2017-07-05T22:01:21+00:00\",\"breadcrumb\":{\"@id\":\"https:\/\/www.reconoce.mx\/?p=62890#breadcrumb\"},\"inLanguage\":\"es\",\"potentialAction\":[{\"@type\":\"ReadAction\",\"target\":[\"https:\/\/www.reconoce.mx\/?p=62890\"]}]},{\"@type\":\"ImageObject\",\"inLanguage\":\"es\",\"@id\":\"https:\/\/www.reconoce.mx\/?p=62890#primaryimage\",\"url\":\"https:\/\/www.reconoce.mx\/wp-content\/uploads\/2017\/07\/GIFF-1-Cover.png\",\"contentUrl\":\"https:\/\/www.reconoce.mx\/wp-content\/uploads\/2017\/07\/GIFF-1-Cover.png\",\"width\":590,\"height\":380},{\"@type\":\"BreadcrumbList\",\"@id\":\"https:\/\/www.reconoce.mx\/?p=62890#breadcrumb\",\"itemListElement\":[{\"@type\":\"ListItem\",\"position\":1,\"name\":\"Portada\",\"item\":\"http:\/\/www.reconoce.mx\/\"},{\"@type\":\"ListItem\",\"position\":2,\"name\":\"\u00a1#GIFF2017 celebrar\u00e1 en grande sus 20 a\u00f1otes!\"}]},{\"@type\":\"WebSite\",\"@id\":\"http:\/\/www.reconoce.mx\/#website\",\"url\":\"http:\/\/www.reconoce.mx\/\",\"name\":\"Reconoce MX\",\"description\":\"En Reconoce MX difundimos arte, cultura y conciencia social en M\u00e9xico. Tu ciudad en otra perspectiva.\",\"publisher\":{\"@id\":\"http:\/\/www.reconoce.mx\/#organization\"},\"potentialAction\":[{\"@type\":\"SearchAction\",\"target\":{\"@type\":\"EntryPoint\",\"urlTemplate\":\"http:\/\/www.reconoce.mx\/?s={search_term_string}\"},\"query-input\":{\"@type\":\"PropertyValueSpecification\",\"valueRequired\":true,\"valueName\":\"search_term_string\"}}],\"inLanguage\":\"es\"},{\"@type\":\"Organization\",\"@id\":\"http:\/\/www.reconoce.mx\/#organization\",\"name\":\"Reconoce MX\",\"url\":\"http:\/\/www.reconoce.mx\/\",\"logo\":{\"@type\":\"ImageObject\",\"inLanguage\":\"es\",\"@id\":\"http:\/\/www.reconoce.mx\/#\/schema\/logo\/image\/\",\"url\":\"https:\/\/www.reconoce.mx\/wp-content\/uploads\/2019\/03\/logorcmx-good-1.png\",\"contentUrl\":\"https:\/\/www.reconoce.mx\/wp-content\/uploads\/2019\/03\/logorcmx-good-1.png\",\"width\":280,\"height\":90,\"caption\":\"Reconoce MX\"},\"image\":{\"@id\":\"http:\/\/www.reconoce.mx\/#\/schema\/logo\/image\/\"},\"sameAs\":[\"https:\/\/es-la.facebook.com\/ReconoceMX\/\",\"https:\/\/x.com\/reconocemx\",\"http:\/\/@reconocemx\"]},{\"@type\":\"Person\",\"@id\":\"http:\/\/www.reconoce.mx\/#\/schema\/person\/2117e997d7051dc15d6880eaf9bca0b2\",\"name\":\"Reconoce MX\",\"image\":{\"@type\":\"ImageObject\",\"inLanguage\":\"es\",\"@id\":\"http:\/\/www.reconoce.mx\/#\/schema\/person\/image\/\",\"url\":\"https:\/\/secure.gravatar.com\/avatar\/6c8d4dc7569ca1c90c5fdcc349f839d5ddef6fe1e70b4337ead2ef1a4c43fc3a?s=96&d=identicon&r=g\",\"contentUrl\":\"https:\/\/secure.gravatar.com\/avatar\/6c8d4dc7569ca1c90c5fdcc349f839d5ddef6fe1e70b4337ead2ef1a4c43fc3a?s=96&d=identicon&r=g\",\"caption\":\"Reconoce MX\"},\"description\":\"Reconoce MX es un proyecto de difusi\u00f3n art\u00edstica, cultural y de conciencia social que est\u00e1 enfocado a difundir y fomentar el entretenimiento alternativo de calidad para todo el p\u00fablico que comparta el mismo entusiasmo.\",\"sameAs\":[\"http:\/\/www.reconoce.mx\"],\"url\":\"https:\/\/www.reconoce.mx\/?author=2\"}]}<\/script>\n<!-- \/ Yoast SEO plugin. -->","yoast_head_json":{"title":"\u00a1#GIFF2017 celebrar\u00e1 en grande sus 20 a\u00f1otes! &#171; Reconoce MX","robots":{"index":"index","follow":"follow","max-snippet":"max-snippet:-1","max-image-preview":"max-image-preview:large","max-video-preview":"max-video-preview:-1"},"canonical":"https:\/\/www.reconoce.mx\/?p=62890","og_locale":"es_ES","og_type":"article","og_title":"\u00a1#GIFF2017 celebrar\u00e1 en grande sus 20 a\u00f1otes! &#171; Reconoce MX","og_description":"Todas las fechas se cumplen, y en este caso, despu\u00e9s de 20 a\u00f1otes de mantenerse como uno de los encuentros f\u00edlmicos m\u00e1s relevantes para el mundo del cine en nuestro pa\u00eds, le toca al Guanajuato International Film Festival celebrar una edici\u00f3n m\u00e1s y de gran manera.","og_url":"https:\/\/www.reconoce.mx\/?p=62890","og_site_name":"Reconoce MX","article_publisher":"https:\/\/es-la.facebook.com\/ReconoceMX\/","article_published_time":"2017-07-05T05:06:47+00:00","article_modified_time":"2017-07-05T22:01:21+00:00","og_image":[{"width":590,"height":380,"url":"https:\/\/www.reconoce.mx\/wp-content\/uploads\/2017\/07\/GIFF-1-Cover.png","type":"image\/png"}],"author":"Reconoce MX","twitter_card":"summary_large_image","twitter_creator":"@reconocemx","twitter_site":"@reconocemx","twitter_misc":{"Escrito por":"Reconoce MX","Tiempo de lectura":"5 minutos"},"schema":{"@context":"https:\/\/schema.org","@graph":[{"@type":"Article","@id":"https:\/\/www.reconoce.mx\/?p=62890#article","isPartOf":{"@id":"https:\/\/www.reconoce.mx\/?p=62890"},"author":{"name":"Reconoce MX","@id":"http:\/\/www.reconoce.mx\/#\/schema\/person\/2117e997d7051dc15d6880eaf9bca0b2"},"headline":"\u00a1#GIFF2017 celebrar\u00e1 en grande sus 20 a\u00f1otes!","datePublished":"2017-07-05T05:06:47+00:00","dateModified":"2017-07-05T22:01:21+00:00","mainEntityOfPage":{"@id":"https:\/\/www.reconoce.mx\/?p=62890"},"wordCount":1101,"commentCount":0,"publisher":{"@id":"http:\/\/www.reconoce.mx\/#organization"},"image":{"@id":"https:\/\/www.reconoce.mx\/?p=62890#primaryimage"},"thumbnailUrl":"https:\/\/www.reconoce.mx\/wp-content\/uploads\/2017\/07\/GIFF-1-Cover.png","articleSection":["Cine","Cultura","Principal"],"inLanguage":"es","potentialAction":[{"@type":"CommentAction","name":"Comment","target":["https:\/\/www.reconoce.mx\/?p=62890#respond"]}]},{"@type":"WebPage","@id":"https:\/\/www.reconoce.mx\/?p=62890","url":"https:\/\/www.reconoce.mx\/?p=62890","name":"\u00a1#GIFF2017 celebrar\u00e1 en grande sus 20 a\u00f1otes! &#171; Reconoce MX","isPartOf":{"@id":"http:\/\/www.reconoce.mx\/#website"},"primaryImageOfPage":{"@id":"https:\/\/www.reconoce.mx\/?p=62890#primaryimage"},"image":{"@id":"https:\/\/www.reconoce.mx\/?p=62890#primaryimage"},"thumbnailUrl":"https:\/\/www.reconoce.mx\/wp-content\/uploads\/2017\/07\/GIFF-1-Cover.png","datePublished":"2017-07-05T05:06:47+00:00","dateModified":"2017-07-05T22:01:21+00:00","breadcrumb":{"@id":"https:\/\/www.reconoce.mx\/?p=62890#breadcrumb"},"inLanguage":"es","potentialAction":[{"@type":"ReadAction","target":["https:\/\/www.reconoce.mx\/?p=62890"]}]},{"@type":"ImageObject","inLanguage":"es","@id":"https:\/\/www.reconoce.mx\/?p=62890#primaryimage","url":"https:\/\/www.reconoce.mx\/wp-content\/uploads\/2017\/07\/GIFF-1-Cover.png","contentUrl":"https:\/\/www.reconoce.mx\/wp-content\/uploads\/2017\/07\/GIFF-1-Cover.png","width":590,"height":380},{"@type":"BreadcrumbList","@id":"https:\/\/www.reconoce.mx\/?p=62890#breadcrumb","itemListElement":[{"@type":"ListItem","position":1,"name":"Portada","item":"http:\/\/www.reconoce.mx\/"},{"@type":"ListItem","position":2,"name":"\u00a1#GIFF2017 celebrar\u00e1 en grande sus 20 a\u00f1otes!"}]},{"@type":"WebSite","@id":"http:\/\/www.reconoce.mx\/#website","url":"http:\/\/www.reconoce.mx\/","name":"Reconoce MX","description":"En Reconoce MX difundimos arte, cultura y conciencia social en M\u00e9xico. Tu ciudad en otra perspectiva.","publisher":{"@id":"http:\/\/www.reconoce.mx\/#organization"},"potentialAction":[{"@type":"SearchAction","target":{"@type":"EntryPoint","urlTemplate":"http:\/\/www.reconoce.mx\/?s={search_term_string}"},"query-input":{"@type":"PropertyValueSpecification","valueRequired":true,"valueName":"search_term_string"}}],"inLanguage":"es"},{"@type":"Organization","@id":"http:\/\/www.reconoce.mx\/#organization","name":"Reconoce MX","url":"http:\/\/www.reconoce.mx\/","logo":{"@type":"ImageObject","inLanguage":"es","@id":"http:\/\/www.reconoce.mx\/#\/schema\/logo\/image\/","url":"https:\/\/www.reconoce.mx\/wp-content\/uploads\/2019\/03\/logorcmx-good-1.png","contentUrl":"https:\/\/www.reconoce.mx\/wp-content\/uploads\/2019\/03\/logorcmx-good-1.png","width":280,"height":90,"caption":"Reconoce MX"},"image":{"@id":"http:\/\/www.reconoce.mx\/#\/schema\/logo\/image\/"},"sameAs":["https:\/\/es-la.facebook.com\/ReconoceMX\/","https:\/\/x.com\/reconocemx","http:\/\/@reconocemx"]},{"@type":"Person","@id":"http:\/\/www.reconoce.mx\/#\/schema\/person\/2117e997d7051dc15d6880eaf9bca0b2","name":"Reconoce MX","image":{"@type":"ImageObject","inLanguage":"es","@id":"http:\/\/www.reconoce.mx\/#\/schema\/person\/image\/","url":"https:\/\/secure.gravatar.com\/avatar\/6c8d4dc7569ca1c90c5fdcc349f839d5ddef6fe1e70b4337ead2ef1a4c43fc3a?s=96&d=identicon&r=g","contentUrl":"https:\/\/secure.gravatar.com\/avatar\/6c8d4dc7569ca1c90c5fdcc349f839d5ddef6fe1e70b4337ead2ef1a4c43fc3a?s=96&d=identicon&r=g","caption":"Reconoce MX"},"description":"Reconoce MX es un proyecto de difusi\u00f3n art\u00edstica, cultural y de conciencia social que est\u00e1 enfocado a difundir y fomentar el entretenimiento alternativo de calidad para todo el p\u00fablico que comparta el mismo entusiasmo.","sameAs":["http:\/\/www.reconoce.mx"],"url":"https:\/\/www.reconoce.mx\/?author=2"}]}},"_links":{"self":[{"href":"https:\/\/www.reconoce.mx\/index.php?rest_route=\/wp\/v2\/posts\/62890","targetHints":{"allow":["GET"]}}],"collection":[{"href":"https:\/\/www.reconoce.mx\/index.php?rest_route=\/wp\/v2\/posts"}],"about":[{"href":"https:\/\/www.reconoce.mx\/index.php?rest_route=\/wp\/v2\/types\/post"}],"author":[{"embeddable":true,"href":"https:\/\/www.reconoce.mx\/index.php?rest_route=\/wp\/v2\/users\/2"}],"replies":[{"embeddable":true,"href":"https:\/\/www.reconoce.mx\/index.php?rest_route=%2Fwp%2Fv2%2Fcomments&post=62890"}],"version-history":[{"count":6,"href":"https:\/\/www.reconoce.mx\/index.php?rest_route=\/wp\/v2\/posts\/62890\/revisions"}],"predecessor-version":[{"id":62915,"href":"https:\/\/www.reconoce.mx\/index.php?rest_route=\/wp\/v2\/posts\/62890\/revisions\/62915"}],"wp:featuredmedia":[{"embeddable":true,"href":"https:\/\/www.reconoce.mx\/index.php?rest_route=\/wp\/v2\/media\/62891"}],"wp:attachment":[{"href":"https:\/\/www.reconoce.mx\/index.php?rest_route=%2Fwp%2Fv2%2Fmedia&parent=62890"}],"wp:term":[{"taxonomy":"category","embeddable":true,"href":"https:\/\/www.reconoce.mx\/index.php?rest_route=%2Fwp%2Fv2%2Fcategories&post=62890"},{"taxonomy":"post_tag","embeddable":true,"href":"https:\/\/www.reconoce.mx\/index.php?rest_route=%2Fwp%2Fv2%2Ftags&post=62890"}],"curies":[{"name":"wp","href":"https:\/\/api.w.org\/{rel}","templated":true}]}}