{"id":62959,"date":"2017-07-06T00:06:03","date_gmt":"2017-07-06T05:06:03","guid":{"rendered":"http:\/\/www.reconoce.mx\/?p=62959"},"modified":"2017-07-06T15:54:18","modified_gmt":"2017-07-06T20:54:18","slug":"la-soberbia-musical-presente-en-el-plaza-deafheaven-mono","status":"publish","type":"post","link":"https:\/\/www.reconoce.mx\/?p=62959","title":{"rendered":"La soberbia musical presente en El Plaza: Deafheaven + Mono"},"content":{"rendered":"<p><strong>Por Yvan Alejandro L\u00f3pez Galv\u00e1n<\/strong>.<\/p>\n<p>El d\u00eda 1 de julio se vivi\u00f3 el concierto de <strong>Deafheaven + Mono<\/strong>, una combinaci\u00f3n de bandas que representan completamente al <em>post-rock<\/em> y <em>shoegaze<\/em>, pero que a la vez, demuestran las dos caras de la moneda musical: la tranquilidad y ferocidad. Este suceso que muy pocas veces llegamos a presenciar en M\u00e9xico, se llev\u00f3 acabo en <strong>El Plaza Condesa<\/strong>, un lugar donde la ac\u00fastica y la ambientaci\u00f3n del lugar mismo, se presta para el p\u00fablico de las bandas.<\/p>\n<p><a href=\"http:\/\/www.reconoce.mx\/wp-content\/uploads\/2017\/07\/mono-2.png\"><img loading=\"lazy\" decoding=\"async\" class=\"aligncenter size-full wp-image-62963\" src=\"http:\/\/www.reconoce.mx\/wp-content\/uploads\/2017\/07\/mono-2.png\" alt=\"\" width=\"590\" height=\"380\" srcset=\"https:\/\/www.reconoce.mx\/wp-content\/uploads\/2017\/07\/mono-2.png 590w, https:\/\/www.reconoce.mx\/wp-content\/uploads\/2017\/07\/mono-2-300x193.png 300w, https:\/\/www.reconoce.mx\/wp-content\/uploads\/2017\/07\/mono-2-150x97.png 150w\" sizes=\"auto, (max-width: 590px) 100vw, 590px\" \/><\/a><\/p>\n<p>Un primerizo en esta clase de eventos de inmediato se habr\u00e1 percatado de lo selectivo que es el p\u00fablico de ambas bandas por la clase de g\u00e9neros que ejecutan, el <em>post-rock<\/em> y <em>shoegaze<\/em> se caracterizan por tener canciones relajantes con su humilde cantidad de violencia musical, y sobre todo por manejar un muy extendido tiempo de composici\u00f3n; dicho esto, el p\u00fablico no fue precisamente a cantar si no a disfrutar la m\u00fasica con una actitud serena.<\/p>\n<p>La banda nipona <strong>Mono<\/strong> fue la que nos dio el placer de abrir el evento, el p\u00fablico se mostr\u00f3 demasiado entusiasmado, pues parece que la mayor\u00eda de los presentes iban a ver al cuarteto instrumental japon\u00e9s considerando que de ambas bandas, es la que mayor tiempo posee haciendo m\u00fasica y en escenarios por lo que la propagaci\u00f3n de su m\u00fasica es mayor.<\/p>\n<p><a href=\"http:\/\/www.reconoce.mx\/wp-content\/uploads\/2017\/07\/mono-3.png\"><img loading=\"lazy\" decoding=\"async\" class=\"aligncenter size-full wp-image-62964\" src=\"http:\/\/www.reconoce.mx\/wp-content\/uploads\/2017\/07\/mono-3.png\" alt=\"\" width=\"590\" height=\"380\" srcset=\"https:\/\/www.reconoce.mx\/wp-content\/uploads\/2017\/07\/mono-3.png 590w, https:\/\/www.reconoce.mx\/wp-content\/uploads\/2017\/07\/mono-3-300x193.png 300w, https:\/\/www.reconoce.mx\/wp-content\/uploads\/2017\/07\/mono-3-150x97.png 150w\" sizes=\"auto, (max-width: 590px) 100vw, 590px\" \/><\/a><\/p>\n<p>Volviendo a la parte que todos amamos (la m\u00fasica), <strong>Mono<\/strong> dio la apertura con el ic\u00f3nico sonido de \u00abAshes In The Snow\u00bb, la primer canci\u00f3n de uno de sus discos m\u00e1s queridos, \u00abHymn of The Immortal Wind\u00bb<strong><em>,<\/em><\/strong> lo que proporcion\u00f3 la atm\u00f3sfera relajante, pero principalmente llena de cari\u00f1o tanto por los fans como por los m\u00fasicos desde el inicio de la presentaci\u00f3n. Ya con la ambientaci\u00f3n plantada por los suelos para sentir la suavidad de las melod\u00edas japonesas, procedieron con \u00abDeath in Rebirth\u00bb, un considerable salto de a\u00f1os pues hablamos de un tema de su m\u00e1s reciente disco \u00abRequiem In Hell\u00bb que dio continuidad a la psicodelia mental que solo <strong>Mono<\/strong> puede otorgar, y que francamente esper\u00e1bamos escuchar pues hablamos de uno de los mejores discos del g\u00e9nero del a\u00f1o pasado.<\/p>\n<p>Siendo <strong>Mono<\/strong> una banda instrumental, la mayor\u00eda de sus temas son algo largos pero no similares; en esta ocasi\u00f3n con el resto de sus canciones: \u00abDream Odyssey\u00bb, \u00abPure as Snow\u00bb, \u00abRecoil, Ignite\u00bb y \u00abRequiem in Hell\u00bb, pudimos notar que los m\u00fasicos escogieron un pu\u00f1ado de sus canciones m\u00e1s representativas y que se manifiestan dentro del equilibrio de la serenidad y la agresividad musical. El p\u00fablico parec\u00eda estar inmutable, pues sab\u00edan la clase de composiciones que fueron a escuchar, por lo que el ruido de los fan\u00e1ticos fue nulo hasta el t\u00e9rmino de cada canci\u00f3n, donde le dieron a la banda japonesa la respetada ovaci\u00f3n que merec\u00edan. Al terminar su parte del concierto, los aplausos y gritos crecieron para dar por terminado la presentaci\u00f3n de <strong>Mono<\/strong>. Sin duda, una de las bandas cuya ejecuci\u00f3n es muy limpia y cuidadosa. La soberbia, elegancia y versatilidad se hicieron presentes en el aire que se respir\u00f3 esa noche; un espect\u00e1culo diferente pero lleno de color y vida.<\/p>\n<p><a href=\"http:\/\/www.reconoce.mx\/wp-content\/uploads\/2017\/07\/defheaven-1.png\"><img loading=\"lazy\" decoding=\"async\" class=\"aligncenter size-full wp-image-62961\" src=\"http:\/\/www.reconoce.mx\/wp-content\/uploads\/2017\/07\/defheaven-1.png\" alt=\"\" width=\"590\" height=\"380\" srcset=\"https:\/\/www.reconoce.mx\/wp-content\/uploads\/2017\/07\/defheaven-1.png 590w, https:\/\/www.reconoce.mx\/wp-content\/uploads\/2017\/07\/defheaven-1-300x193.png 300w, https:\/\/www.reconoce.mx\/wp-content\/uploads\/2017\/07\/defheaven-1-150x97.png 150w\" sizes=\"auto, (max-width: 590px) 100vw, 590px\" \/><\/a><\/p>\n<p>Despu\u00e9s de un merecido receso para el p\u00fablico, la banda norteamericana <strong>Deafheaven<\/strong> rompi\u00f3 con la tranquilidad que hab\u00edan dejado los antecesores del evento y comenzaron con \u00abBrought to the Water\u00bb, el tema introductorio de su disco m\u00e1s reciente \u00abNew Bermuda\u00bb, considerado uno de los mejores del 2015 en cuanto al <em>post-black metal<\/em>. Fue aqu\u00ed cuando el p\u00fablico estaba sorprendido, tanto por los fan\u00e1ticos de la banda, como por los primerizos en escucharla, pues la energ\u00eda que estos m\u00fasicos propagan es inmensa aun si hablamos que sus temas asimilan un poco la f\u00f3rmula de <strong>Mono<\/strong>, pero m\u00e1s orientada al <em>black metal<\/em>. Siguiendo la l\u00ednea del mismo disco, dieron progreso a \u00abBaby Blue\u00bb y \u00abCome Back\u00bb, temas que intensificaron la ferocidad de la banda y del p\u00fablico.<\/p>\n<p>Despu\u00e9s de propagar nuestros o\u00eddos con canciones recientes, <strong>Deafheaven<\/strong> tom\u00f3 a la nostalgia por la mano y ejecut\u00f3 \u00abLanguage Games\u00bb<em>, <\/em>el segundo tema de su primer disco \u00abRoads to Judath\u00bb de 2011, un disco que tom\u00f3 por sorpresa a las personas y que impuls\u00f3 el movimiento de <em>post-black metal<\/em>. Antes de \u00abterminar\u00bb, nos dieron el placer de escuchar \u00abSunbather\u00bb del disco hom\u00f3nimo de 2013, una de las canciones m\u00e1s ic\u00f3nicas de la banda. Lo que pareci\u00f3 ser una despedida dejando a muchos satisfechos y algunos otros, no tanto, fueron sentimientos dejados atr\u00e1s antes de que la banda volviese a salir al escenario para decir: \u00abTenemos tiempo de una canci\u00f3n m\u00e1s\u00bb y dar paso a \u00abDream House\u00bb. As\u00ed terminaron el concierto, no sin antes anunciar su siguiente disco para 2018, lo que dejo a\u00fan mejor sabor de boca.<\/p>\n<p><a href=\"http:\/\/www.reconoce.mx\/wp-content\/uploads\/2017\/07\/defheaven-2.png\"><img loading=\"lazy\" decoding=\"async\" class=\"aligncenter size-full wp-image-62962\" src=\"http:\/\/www.reconoce.mx\/wp-content\/uploads\/2017\/07\/defheaven-2.png\" alt=\"\" width=\"590\" height=\"380\" srcset=\"https:\/\/www.reconoce.mx\/wp-content\/uploads\/2017\/07\/defheaven-2.png 590w, https:\/\/www.reconoce.mx\/wp-content\/uploads\/2017\/07\/defheaven-2-300x193.png 300w, https:\/\/www.reconoce.mx\/wp-content\/uploads\/2017\/07\/defheaven-2-150x97.png 150w\" sizes=\"auto, (max-width: 590px) 100vw, 590px\" \/><\/a><\/p>\n<p>En general <strong>Deafheaven + Mono<\/strong> fue un concierto que no pasa muchas veces por nuestro pa\u00eds y que sin duda, solo un p\u00fablico selecto con gustos musicales muy espec\u00edficos que exponen la naturaleza tranquila y brutal del ser humano pueden disfrutar. Al final, las bandas agradecieron el c\u00e1lido recibimiento de los fan\u00e1ticos, y \u00e9stos se llevaron una experiencia diferente dentro del mundo musical que se vive en la modernidad.<\/p>\n<p style=\"text-align: right;\">Fotos: <strong>\u00d3scar Villanueva<\/strong> (OVD) \/ Cortes\u00eda.<\/p>\n<p>&nbsp;<\/p>\n<p>&nbsp;<\/p>\n","protected":false},"excerpt":{"rendered":"<p>El d\u00eda 1 de julio se vivi\u00f3 el concierto de Deafheaven + Mono, una combinaci\u00f3n de bandas que representan completamente al post-rock y shoegaze, pero que a la vez, demuestran las dos caras de la moneda musical: la tranquilidad y ferocidad. <\/p>\n","protected":false},"author":2,"featured_media":62965,"comment_status":"open","ping_status":"open","sticky":false,"template":"","format":"standard","meta":{"footnotes":""},"categories":[1,18,17],"tags":[],"class_list":["post-62959","post","type-post","status-publish","format-standard","has-post-thumbnail","hentry","category-cultura","category-musica","category-principal"],"yoast_head":"<!-- This site is optimized with the Yoast SEO plugin v24.7 - https:\/\/yoast.com\/wordpress\/plugins\/seo\/ -->\n<title>La soberbia musical presente en El Plaza: Deafheaven + Mono &#171; Reconoce MX<\/title>\n<meta name=\"robots\" content=\"index, follow, max-snippet:-1, max-image-preview:large, max-video-preview:-1\" \/>\n<link rel=\"canonical\" href=\"https:\/\/www.reconoce.mx\/?p=62959\" \/>\n<meta property=\"og:locale\" content=\"es_ES\" \/>\n<meta property=\"og:type\" content=\"article\" \/>\n<meta property=\"og:title\" content=\"La soberbia musical presente en El Plaza: Deafheaven + Mono &#171; Reconoce MX\" \/>\n<meta property=\"og:description\" content=\"El d\u00eda 1 de julio se vivi\u00f3 el concierto de Deafheaven + Mono, una combinaci\u00f3n de bandas que representan completamente al post-rock y shoegaze, pero que a la vez, demuestran las dos caras de la moneda musical: la tranquilidad y ferocidad.\" \/>\n<meta property=\"og:url\" content=\"https:\/\/www.reconoce.mx\/?p=62959\" \/>\n<meta property=\"og:site_name\" content=\"Reconoce MX\" \/>\n<meta property=\"article:publisher\" content=\"https:\/\/es-la.facebook.com\/ReconoceMX\/\" \/>\n<meta property=\"article:published_time\" content=\"2017-07-06T05:06:03+00:00\" \/>\n<meta property=\"article:modified_time\" content=\"2017-07-06T20:54:18+00:00\" \/>\n<meta property=\"og:image\" content=\"https:\/\/www.reconoce.mx\/wp-content\/uploads\/2017\/07\/mono-cover.png\" \/>\n\t<meta property=\"og:image:width\" content=\"590\" \/>\n\t<meta property=\"og:image:height\" content=\"380\" \/>\n\t<meta property=\"og:image:type\" content=\"image\/png\" \/>\n<meta name=\"author\" content=\"Reconoce MX\" \/>\n<meta name=\"twitter:card\" content=\"summary_large_image\" \/>\n<meta name=\"twitter:creator\" content=\"@reconocemx\" \/>\n<meta name=\"twitter:site\" content=\"@reconocemx\" \/>\n<meta name=\"twitter:label1\" content=\"Escrito por\" \/>\n\t<meta name=\"twitter:data1\" content=\"Reconoce MX\" \/>\n\t<meta name=\"twitter:label2\" content=\"Tiempo de lectura\" \/>\n\t<meta name=\"twitter:data2\" content=\"5 minutos\" \/>\n<script type=\"application\/ld+json\" class=\"yoast-schema-graph\">{\"@context\":\"https:\/\/schema.org\",\"@graph\":[{\"@type\":\"Article\",\"@id\":\"https:\/\/www.reconoce.mx\/?p=62959#article\",\"isPartOf\":{\"@id\":\"https:\/\/www.reconoce.mx\/?p=62959\"},\"author\":{\"name\":\"Reconoce MX\",\"@id\":\"http:\/\/www.reconoce.mx\/#\/schema\/person\/2117e997d7051dc15d6880eaf9bca0b2\"},\"headline\":\"La soberbia musical presente en El Plaza: Deafheaven + Mono\",\"datePublished\":\"2017-07-06T05:06:03+00:00\",\"dateModified\":\"2017-07-06T20:54:18+00:00\",\"mainEntityOfPage\":{\"@id\":\"https:\/\/www.reconoce.mx\/?p=62959\"},\"wordCount\":932,\"commentCount\":0,\"publisher\":{\"@id\":\"http:\/\/www.reconoce.mx\/#organization\"},\"image\":{\"@id\":\"https:\/\/www.reconoce.mx\/?p=62959#primaryimage\"},\"thumbnailUrl\":\"https:\/\/www.reconoce.mx\/wp-content\/uploads\/2017\/07\/mono-cover.png\",\"articleSection\":[\"Cultura\",\"M\u00fasica\",\"Principal\"],\"inLanguage\":\"es\",\"potentialAction\":[{\"@type\":\"CommentAction\",\"name\":\"Comment\",\"target\":[\"https:\/\/www.reconoce.mx\/?p=62959#respond\"]}]},{\"@type\":\"WebPage\",\"@id\":\"https:\/\/www.reconoce.mx\/?p=62959\",\"url\":\"https:\/\/www.reconoce.mx\/?p=62959\",\"name\":\"La soberbia musical presente en El Plaza: Deafheaven + Mono &#171; Reconoce MX\",\"isPartOf\":{\"@id\":\"http:\/\/www.reconoce.mx\/#website\"},\"primaryImageOfPage\":{\"@id\":\"https:\/\/www.reconoce.mx\/?p=62959#primaryimage\"},\"image\":{\"@id\":\"https:\/\/www.reconoce.mx\/?p=62959#primaryimage\"},\"thumbnailUrl\":\"https:\/\/www.reconoce.mx\/wp-content\/uploads\/2017\/07\/mono-cover.png\",\"datePublished\":\"2017-07-06T05:06:03+00:00\",\"dateModified\":\"2017-07-06T20:54:18+00:00\",\"breadcrumb\":{\"@id\":\"https:\/\/www.reconoce.mx\/?p=62959#breadcrumb\"},\"inLanguage\":\"es\",\"potentialAction\":[{\"@type\":\"ReadAction\",\"target\":[\"https:\/\/www.reconoce.mx\/?p=62959\"]}]},{\"@type\":\"ImageObject\",\"inLanguage\":\"es\",\"@id\":\"https:\/\/www.reconoce.mx\/?p=62959#primaryimage\",\"url\":\"https:\/\/www.reconoce.mx\/wp-content\/uploads\/2017\/07\/mono-cover.png\",\"contentUrl\":\"https:\/\/www.reconoce.mx\/wp-content\/uploads\/2017\/07\/mono-cover.png\",\"width\":590,\"height\":380},{\"@type\":\"BreadcrumbList\",\"@id\":\"https:\/\/www.reconoce.mx\/?p=62959#breadcrumb\",\"itemListElement\":[{\"@type\":\"ListItem\",\"position\":1,\"name\":\"Portada\",\"item\":\"http:\/\/www.reconoce.mx\/\"},{\"@type\":\"ListItem\",\"position\":2,\"name\":\"La soberbia musical presente en El Plaza: Deafheaven + Mono\"}]},{\"@type\":\"WebSite\",\"@id\":\"http:\/\/www.reconoce.mx\/#website\",\"url\":\"http:\/\/www.reconoce.mx\/\",\"name\":\"Reconoce MX\",\"description\":\"En Reconoce MX difundimos arte, cultura y conciencia social en M\u00e9xico. Tu ciudad en otra perspectiva.\",\"publisher\":{\"@id\":\"http:\/\/www.reconoce.mx\/#organization\"},\"potentialAction\":[{\"@type\":\"SearchAction\",\"target\":{\"@type\":\"EntryPoint\",\"urlTemplate\":\"http:\/\/www.reconoce.mx\/?s={search_term_string}\"},\"query-input\":{\"@type\":\"PropertyValueSpecification\",\"valueRequired\":true,\"valueName\":\"search_term_string\"}}],\"inLanguage\":\"es\"},{\"@type\":\"Organization\",\"@id\":\"http:\/\/www.reconoce.mx\/#organization\",\"name\":\"Reconoce MX\",\"url\":\"http:\/\/www.reconoce.mx\/\",\"logo\":{\"@type\":\"ImageObject\",\"inLanguage\":\"es\",\"@id\":\"http:\/\/www.reconoce.mx\/#\/schema\/logo\/image\/\",\"url\":\"https:\/\/www.reconoce.mx\/wp-content\/uploads\/2019\/03\/logorcmx-good-1.png\",\"contentUrl\":\"https:\/\/www.reconoce.mx\/wp-content\/uploads\/2019\/03\/logorcmx-good-1.png\",\"width\":280,\"height\":90,\"caption\":\"Reconoce MX\"},\"image\":{\"@id\":\"http:\/\/www.reconoce.mx\/#\/schema\/logo\/image\/\"},\"sameAs\":[\"https:\/\/es-la.facebook.com\/ReconoceMX\/\",\"https:\/\/x.com\/reconocemx\",\"http:\/\/@reconocemx\"]},{\"@type\":\"Person\",\"@id\":\"http:\/\/www.reconoce.mx\/#\/schema\/person\/2117e997d7051dc15d6880eaf9bca0b2\",\"name\":\"Reconoce MX\",\"image\":{\"@type\":\"ImageObject\",\"inLanguage\":\"es\",\"@id\":\"http:\/\/www.reconoce.mx\/#\/schema\/person\/image\/\",\"url\":\"https:\/\/secure.gravatar.com\/avatar\/6c8d4dc7569ca1c90c5fdcc349f839d5ddef6fe1e70b4337ead2ef1a4c43fc3a?s=96&d=identicon&r=g\",\"contentUrl\":\"https:\/\/secure.gravatar.com\/avatar\/6c8d4dc7569ca1c90c5fdcc349f839d5ddef6fe1e70b4337ead2ef1a4c43fc3a?s=96&d=identicon&r=g\",\"caption\":\"Reconoce MX\"},\"description\":\"Reconoce MX es un proyecto de difusi\u00f3n art\u00edstica, cultural y de conciencia social que est\u00e1 enfocado a difundir y fomentar el entretenimiento alternativo de calidad para todo el p\u00fablico que comparta el mismo entusiasmo.\",\"sameAs\":[\"http:\/\/www.reconoce.mx\"],\"url\":\"https:\/\/www.reconoce.mx\/?author=2\"}]}<\/script>\n<!-- \/ Yoast SEO plugin. -->","yoast_head_json":{"title":"La soberbia musical presente en El Plaza: Deafheaven + Mono &#171; Reconoce MX","robots":{"index":"index","follow":"follow","max-snippet":"max-snippet:-1","max-image-preview":"max-image-preview:large","max-video-preview":"max-video-preview:-1"},"canonical":"https:\/\/www.reconoce.mx\/?p=62959","og_locale":"es_ES","og_type":"article","og_title":"La soberbia musical presente en El Plaza: Deafheaven + Mono &#171; Reconoce MX","og_description":"El d\u00eda 1 de julio se vivi\u00f3 el concierto de Deafheaven + Mono, una combinaci\u00f3n de bandas que representan completamente al post-rock y shoegaze, pero que a la vez, demuestran las dos caras de la moneda musical: la tranquilidad y ferocidad.","og_url":"https:\/\/www.reconoce.mx\/?p=62959","og_site_name":"Reconoce MX","article_publisher":"https:\/\/es-la.facebook.com\/ReconoceMX\/","article_published_time":"2017-07-06T05:06:03+00:00","article_modified_time":"2017-07-06T20:54:18+00:00","og_image":[{"width":590,"height":380,"url":"https:\/\/www.reconoce.mx\/wp-content\/uploads\/2017\/07\/mono-cover.png","type":"image\/png"}],"author":"Reconoce MX","twitter_card":"summary_large_image","twitter_creator":"@reconocemx","twitter_site":"@reconocemx","twitter_misc":{"Escrito por":"Reconoce MX","Tiempo de lectura":"5 minutos"},"schema":{"@context":"https:\/\/schema.org","@graph":[{"@type":"Article","@id":"https:\/\/www.reconoce.mx\/?p=62959#article","isPartOf":{"@id":"https:\/\/www.reconoce.mx\/?p=62959"},"author":{"name":"Reconoce MX","@id":"http:\/\/www.reconoce.mx\/#\/schema\/person\/2117e997d7051dc15d6880eaf9bca0b2"},"headline":"La soberbia musical presente en El Plaza: Deafheaven + Mono","datePublished":"2017-07-06T05:06:03+00:00","dateModified":"2017-07-06T20:54:18+00:00","mainEntityOfPage":{"@id":"https:\/\/www.reconoce.mx\/?p=62959"},"wordCount":932,"commentCount":0,"publisher":{"@id":"http:\/\/www.reconoce.mx\/#organization"},"image":{"@id":"https:\/\/www.reconoce.mx\/?p=62959#primaryimage"},"thumbnailUrl":"https:\/\/www.reconoce.mx\/wp-content\/uploads\/2017\/07\/mono-cover.png","articleSection":["Cultura","M\u00fasica","Principal"],"inLanguage":"es","potentialAction":[{"@type":"CommentAction","name":"Comment","target":["https:\/\/www.reconoce.mx\/?p=62959#respond"]}]},{"@type":"WebPage","@id":"https:\/\/www.reconoce.mx\/?p=62959","url":"https:\/\/www.reconoce.mx\/?p=62959","name":"La soberbia musical presente en El Plaza: Deafheaven + Mono &#171; Reconoce MX","isPartOf":{"@id":"http:\/\/www.reconoce.mx\/#website"},"primaryImageOfPage":{"@id":"https:\/\/www.reconoce.mx\/?p=62959#primaryimage"},"image":{"@id":"https:\/\/www.reconoce.mx\/?p=62959#primaryimage"},"thumbnailUrl":"https:\/\/www.reconoce.mx\/wp-content\/uploads\/2017\/07\/mono-cover.png","datePublished":"2017-07-06T05:06:03+00:00","dateModified":"2017-07-06T20:54:18+00:00","breadcrumb":{"@id":"https:\/\/www.reconoce.mx\/?p=62959#breadcrumb"},"inLanguage":"es","potentialAction":[{"@type":"ReadAction","target":["https:\/\/www.reconoce.mx\/?p=62959"]}]},{"@type":"ImageObject","inLanguage":"es","@id":"https:\/\/www.reconoce.mx\/?p=62959#primaryimage","url":"https:\/\/www.reconoce.mx\/wp-content\/uploads\/2017\/07\/mono-cover.png","contentUrl":"https:\/\/www.reconoce.mx\/wp-content\/uploads\/2017\/07\/mono-cover.png","width":590,"height":380},{"@type":"BreadcrumbList","@id":"https:\/\/www.reconoce.mx\/?p=62959#breadcrumb","itemListElement":[{"@type":"ListItem","position":1,"name":"Portada","item":"http:\/\/www.reconoce.mx\/"},{"@type":"ListItem","position":2,"name":"La soberbia musical presente en El Plaza: Deafheaven + Mono"}]},{"@type":"WebSite","@id":"http:\/\/www.reconoce.mx\/#website","url":"http:\/\/www.reconoce.mx\/","name":"Reconoce MX","description":"En Reconoce MX difundimos arte, cultura y conciencia social en M\u00e9xico. Tu ciudad en otra perspectiva.","publisher":{"@id":"http:\/\/www.reconoce.mx\/#organization"},"potentialAction":[{"@type":"SearchAction","target":{"@type":"EntryPoint","urlTemplate":"http:\/\/www.reconoce.mx\/?s={search_term_string}"},"query-input":{"@type":"PropertyValueSpecification","valueRequired":true,"valueName":"search_term_string"}}],"inLanguage":"es"},{"@type":"Organization","@id":"http:\/\/www.reconoce.mx\/#organization","name":"Reconoce MX","url":"http:\/\/www.reconoce.mx\/","logo":{"@type":"ImageObject","inLanguage":"es","@id":"http:\/\/www.reconoce.mx\/#\/schema\/logo\/image\/","url":"https:\/\/www.reconoce.mx\/wp-content\/uploads\/2019\/03\/logorcmx-good-1.png","contentUrl":"https:\/\/www.reconoce.mx\/wp-content\/uploads\/2019\/03\/logorcmx-good-1.png","width":280,"height":90,"caption":"Reconoce MX"},"image":{"@id":"http:\/\/www.reconoce.mx\/#\/schema\/logo\/image\/"},"sameAs":["https:\/\/es-la.facebook.com\/ReconoceMX\/","https:\/\/x.com\/reconocemx","http:\/\/@reconocemx"]},{"@type":"Person","@id":"http:\/\/www.reconoce.mx\/#\/schema\/person\/2117e997d7051dc15d6880eaf9bca0b2","name":"Reconoce MX","image":{"@type":"ImageObject","inLanguage":"es","@id":"http:\/\/www.reconoce.mx\/#\/schema\/person\/image\/","url":"https:\/\/secure.gravatar.com\/avatar\/6c8d4dc7569ca1c90c5fdcc349f839d5ddef6fe1e70b4337ead2ef1a4c43fc3a?s=96&d=identicon&r=g","contentUrl":"https:\/\/secure.gravatar.com\/avatar\/6c8d4dc7569ca1c90c5fdcc349f839d5ddef6fe1e70b4337ead2ef1a4c43fc3a?s=96&d=identicon&r=g","caption":"Reconoce MX"},"description":"Reconoce MX es un proyecto de difusi\u00f3n art\u00edstica, cultural y de conciencia social que est\u00e1 enfocado a difundir y fomentar el entretenimiento alternativo de calidad para todo el p\u00fablico que comparta el mismo entusiasmo.","sameAs":["http:\/\/www.reconoce.mx"],"url":"https:\/\/www.reconoce.mx\/?author=2"}]}},"_links":{"self":[{"href":"https:\/\/www.reconoce.mx\/index.php?rest_route=\/wp\/v2\/posts\/62959","targetHints":{"allow":["GET"]}}],"collection":[{"href":"https:\/\/www.reconoce.mx\/index.php?rest_route=\/wp\/v2\/posts"}],"about":[{"href":"https:\/\/www.reconoce.mx\/index.php?rest_route=\/wp\/v2\/types\/post"}],"author":[{"embeddable":true,"href":"https:\/\/www.reconoce.mx\/index.php?rest_route=\/wp\/v2\/users\/2"}],"replies":[{"embeddable":true,"href":"https:\/\/www.reconoce.mx\/index.php?rest_route=%2Fwp%2Fv2%2Fcomments&post=62959"}],"version-history":[{"count":2,"href":"https:\/\/www.reconoce.mx\/index.php?rest_route=\/wp\/v2\/posts\/62959\/revisions"}],"predecessor-version":[{"id":62966,"href":"https:\/\/www.reconoce.mx\/index.php?rest_route=\/wp\/v2\/posts\/62959\/revisions\/62966"}],"wp:featuredmedia":[{"embeddable":true,"href":"https:\/\/www.reconoce.mx\/index.php?rest_route=\/wp\/v2\/media\/62965"}],"wp:attachment":[{"href":"https:\/\/www.reconoce.mx\/index.php?rest_route=%2Fwp%2Fv2%2Fmedia&parent=62959"}],"wp:term":[{"taxonomy":"category","embeddable":true,"href":"https:\/\/www.reconoce.mx\/index.php?rest_route=%2Fwp%2Fv2%2Fcategories&post=62959"},{"taxonomy":"post_tag","embeddable":true,"href":"https:\/\/www.reconoce.mx\/index.php?rest_route=%2Fwp%2Fv2%2Ftags&post=62959"}],"curies":[{"name":"wp","href":"https:\/\/api.w.org\/{rel}","templated":true}]}}