{"id":62969,"date":"2017-07-07T00:02:56","date_gmt":"2017-07-07T05:02:56","guid":{"rendered":"http:\/\/www.reconoce.mx\/?p=62969"},"modified":"2017-07-07T06:34:18","modified_gmt":"2017-07-07T11:34:18","slug":"le-cinema-ifal-cartelera-del-07-al-13-de-julio","status":"publish","type":"post","link":"https:\/\/www.reconoce.mx\/?p=62969","title":{"rendered":"Le Cin\u00e9ma IFAL: Cartelera del 07 al 13 de julio"},"content":{"rendered":"<p><strong>Por <a title=\"@AsfaltosTweets\" href=\"http:\/\/twitter.com\/AsfaltosTweets\" target=\"_blank\" rel=\"noopener noreferrer\">Asfaltos<\/a><\/strong>.<\/p>\n<p>Cine independiente, de culto y de autor, en un espacio ubicado en el <strong>Instituto Franc\u00e9s de Am\u00e9rica Latina<\/strong> llamado <strong>Le Cin\u00e9ma IFAL<\/strong>. <strong>Le Cin\u00e9ma IFAL<\/strong> cuenta con una sala de cine absolutamente acondicionada para que la experiencia sea agradable. Por si fuera poco adem\u00e1s cuenta con costos muy accesibles, por lo que la cita a <strong>Le Cin\u00e9ma IFAL<\/strong> es obligada.<\/p>\n<p>No falten a la \u00faltima funci\u00f3n del ciclo de \u00abGrandes pintores en el cine franc\u00e9s\u00bb con la presentaci\u00f3n especial de \u00abVan Gogh\u00bb de <strong>Maurice Pialat<\/strong> por el maestro <strong>Roberto Ruiz Guadalajara<\/strong>.<\/p>\n<p>A partir del mi\u00e9rcoles 12 de julio a las 19:00 horas inicia la tercera temporada de los \u00abGrandes cl\u00e1sicos del cine franc\u00e9s en versi\u00f3n restaurada\u00bb. Se inaugura con una joya del cine <em>noir<\/em> que cobra vida en la pantalla grande, la cinta de <strong>Louis Malle<\/strong>, \u00abAscensor para el cadalso\u00bb, protagonizada por <strong>Jeanne Moreau<\/strong> y <strong>Maurice Ronet<\/strong>, y musicalizada por <strong>Miles Davis<\/strong>.<\/p>\n<p>Estrena \u00ab<a href=\"http:\/\/www.reconoce.mx\/tras-la-tormenta-no-siempre-viene-la-calma\/\" target=\"_blank\" rel=\"noopener noreferrer\">Tras la tormenta<\/a>\u00ab, la nueva pel\u00edcula de uno de los cineastas independientes m\u00e1s consentido del p\u00fablico mexicano, el japon\u00e9s <strong>Hirokazu Koreeda<\/strong>.<\/p>\n<p>El jueves 13 de julio, el <strong>FERATUM FILM FEST<\/strong> nos espera en <strong>Le Cin\u00e9ma IFAL<\/strong> para una nueva edici\u00f3n de los <a href=\"https:\/\/twitter.com\/search?f=tweets&amp;q=%2313thdeterrorFeratum&amp;src=typd\" target=\"_blank\" rel=\"noopener noreferrer\">#13thdeterrorFeratum<\/a>. El director y elenco de \u00abShibari\u00bb presentar\u00e1n en exclusiva esta pel\u00edcula que cuenta con la participaci\u00f3n del dibujante <strong>Felipe Erhenberg<\/strong>. Habr\u00e1 mezcal de cortes\u00eda por parte de <strong>Pelot\u00f3n de la Muerte<\/strong>.<\/p>\n<p>Siguen en cartelera: \u00ab<a href=\"http:\/\/www.reconoce.mx\/maquinaria-panamericana-retrato-acido-de-la-realidad-nacional\/\" target=\"_blank\" rel=\"noopener noreferrer\">Maquinaria Panamericana<\/a>\u00bb (<strong>Joaqu\u00edn Del Paso<\/strong>, M\u00e9xico), \u00ab<a href=\"http:\/\/www.reconoce.mx\/un-hombre-grunon-o-como-sobre-vivir-entre-tanto\/\" target=\"_blank\" rel=\"noopener noreferrer\">Un hombre gru\u00f1\u00f3n<\/a>\u00bb (<strong>Hannes Holm<\/strong>, Suecia, 2015), \u00abUn saco de canicas\u00bb (<strong>Christian Duguay<\/strong>, Francia, 2017), \u00abEl hombre que vio demasiado\u00bb (<strong>Trisha Ziff<\/strong>, M\u00e9xico,2016) y \u00abCordero de Dios\u00bb (<strong>Anne Fontaine<\/strong>, Francia-Polonia).<\/p>\n<p>Recuerden que pueden comprar sus boletos en taquilla o por internet a trav\u00e9s de la app <a href=\"http:\/\/cinemasapp.co\/\" target=\"_blank\" rel=\"noopener noreferrer\">Cine+<\/a> disponible para IOS y Android. <strong>Le Cin\u00e9ma IFAL<\/strong> acepta pagos con tarjeta en la taquilla.<\/p>\n<p>Para visitar <strong>Le Cin\u00e9ma IFAL<\/strong> deben llevar identificaci\u00f3n con foto. Indispensable.<\/p>\n<p><a href=\"http:\/\/www.reconoce.mx\/wp-content\/uploads\/2017\/07\/unnamed.jpg\"><img loading=\"lazy\" decoding=\"async\" src=\"http:\/\/www.reconoce.mx\/wp-content\/uploads\/2017\/07\/unnamed.jpg\" alt=\"\" width=\"1342\" height=\"2048\" class=\"aligncenter size-full wp-image-62971\" srcset=\"https:\/\/www.reconoce.mx\/wp-content\/uploads\/2017\/07\/unnamed.jpg 1342w, https:\/\/www.reconoce.mx\/wp-content\/uploads\/2017\/07\/unnamed-197x300.jpg 197w, https:\/\/www.reconoce.mx\/wp-content\/uploads\/2017\/07\/unnamed-768x1172.jpg 768w, https:\/\/www.reconoce.mx\/wp-content\/uploads\/2017\/07\/unnamed-671x1024.jpg 671w, https:\/\/www.reconoce.mx\/wp-content\/uploads\/2017\/07\/unnamed-150x229.jpg 150w, https:\/\/www.reconoce.mx\/wp-content\/uploads\/2017\/07\/unnamed-700x1068.jpg 700w, https:\/\/www.reconoce.mx\/wp-content\/uploads\/2017\/07\/unnamed-658x1004.jpg 658w, https:\/\/www.reconoce.mx\/wp-content\/uploads\/2017\/07\/unnamed-300x458.jpg 300w\" sizes=\"auto, (max-width: 1342px) 100vw, 1342px\" \/><\/a><br \/>\n<strong>Le Cin\u00e9ma IFAL<\/strong> se encuentra en R\u00edo Nazas 43, Col. Cuauht\u00e9moc, M\u00e9xico, Distrito Federal.<\/p>\n<p>&nbsp;<\/p>\n<p>&nbsp;<\/p>\n","protected":false},"excerpt":{"rendered":"<p>Cine independiente, de culto y de autor, en un espacio ubicado en el Instituto Franc\u00e9s de Am\u00e9rica Latina llamado Le Cin\u00e9ma IFAL.<\/p>\n","protected":false},"author":2,"featured_media":43732,"comment_status":"open","ping_status":"open","sticky":false,"template":"","format":"standard","meta":{"footnotes":""},"categories":[24,1,17],"tags":[],"class_list":["post-62969","post","type-post","status-publish","format-standard","has-post-thumbnail","hentry","category-cine","category-cultura","category-principal"],"yoast_head":"<!-- This site is optimized with the Yoast SEO plugin v24.7 - https:\/\/yoast.com\/wordpress\/plugins\/seo\/ -->\n<title>Le Cin\u00e9ma IFAL: Cartelera del 07 al 13 de julio &#171; Reconoce MX<\/title>\n<meta name=\"robots\" content=\"index, follow, max-snippet:-1, max-image-preview:large, max-video-preview:-1\" \/>\n<link rel=\"canonical\" href=\"https:\/\/www.reconoce.mx\/?p=62969\" \/>\n<meta property=\"og:locale\" content=\"es_ES\" \/>\n<meta property=\"og:type\" content=\"article\" \/>\n<meta property=\"og:title\" content=\"Le Cin\u00e9ma IFAL: Cartelera del 07 al 13 de julio &#171; Reconoce MX\" \/>\n<meta property=\"og:description\" content=\"Cine independiente, de culto y de autor, en un espacio ubicado en el Instituto Franc\u00e9s de Am\u00e9rica Latina llamado Le Cin\u00e9ma IFAL.\" \/>\n<meta property=\"og:url\" content=\"https:\/\/www.reconoce.mx\/?p=62969\" \/>\n<meta property=\"og:site_name\" content=\"Reconoce MX\" \/>\n<meta property=\"article:publisher\" content=\"https:\/\/es-la.facebook.com\/ReconoceMX\/\" \/>\n<meta property=\"article:published_time\" content=\"2017-07-07T05:02:56+00:00\" \/>\n<meta property=\"article:modified_time\" content=\"2017-07-07T11:34:18+00:00\" \/>\n<meta property=\"og:image\" content=\"https:\/\/www.reconoce.mx\/wp-content\/uploads\/2016\/01\/lecinemaifal-2015-2.png\" \/>\n\t<meta property=\"og:image:width\" content=\"570\" \/>\n\t<meta property=\"og:image:height\" content=\"360\" \/>\n\t<meta property=\"og:image:type\" content=\"image\/png\" \/>\n<meta name=\"author\" content=\"Reconoce MX\" \/>\n<meta name=\"twitter:card\" content=\"summary_large_image\" \/>\n<meta name=\"twitter:creator\" content=\"@reconocemx\" \/>\n<meta name=\"twitter:site\" content=\"@reconocemx\" \/>\n<meta name=\"twitter:label1\" content=\"Escrito por\" \/>\n\t<meta name=\"twitter:data1\" content=\"Reconoce MX\" \/>\n\t<meta name=\"twitter:label2\" content=\"Tiempo de lectura\" \/>\n\t<meta name=\"twitter:data2\" content=\"2 minutos\" \/>\n<script type=\"application\/ld+json\" class=\"yoast-schema-graph\">{\"@context\":\"https:\/\/schema.org\",\"@graph\":[{\"@type\":\"Article\",\"@id\":\"https:\/\/www.reconoce.mx\/?p=62969#article\",\"isPartOf\":{\"@id\":\"https:\/\/www.reconoce.mx\/?p=62969\"},\"author\":{\"name\":\"Reconoce MX\",\"@id\":\"http:\/\/www.reconoce.mx\/#\/schema\/person\/2117e997d7051dc15d6880eaf9bca0b2\"},\"headline\":\"Le Cin\u00e9ma IFAL: Cartelera del 07 al 13 de julio\",\"datePublished\":\"2017-07-07T05:02:56+00:00\",\"dateModified\":\"2017-07-07T11:34:18+00:00\",\"mainEntityOfPage\":{\"@id\":\"https:\/\/www.reconoce.mx\/?p=62969\"},\"wordCount\":366,\"commentCount\":0,\"publisher\":{\"@id\":\"http:\/\/www.reconoce.mx\/#organization\"},\"image\":{\"@id\":\"https:\/\/www.reconoce.mx\/?p=62969#primaryimage\"},\"thumbnailUrl\":\"https:\/\/www.reconoce.mx\/wp-content\/uploads\/2016\/01\/lecinemaifal-2015-2.png\",\"articleSection\":[\"Cine\",\"Cultura\",\"Principal\"],\"inLanguage\":\"es\",\"potentialAction\":[{\"@type\":\"CommentAction\",\"name\":\"Comment\",\"target\":[\"https:\/\/www.reconoce.mx\/?p=62969#respond\"]}]},{\"@type\":\"WebPage\",\"@id\":\"https:\/\/www.reconoce.mx\/?p=62969\",\"url\":\"https:\/\/www.reconoce.mx\/?p=62969\",\"name\":\"Le Cin\u00e9ma IFAL: Cartelera del 07 al 13 de julio &#171; Reconoce MX\",\"isPartOf\":{\"@id\":\"http:\/\/www.reconoce.mx\/#website\"},\"primaryImageOfPage\":{\"@id\":\"https:\/\/www.reconoce.mx\/?p=62969#primaryimage\"},\"image\":{\"@id\":\"https:\/\/www.reconoce.mx\/?p=62969#primaryimage\"},\"thumbnailUrl\":\"https:\/\/www.reconoce.mx\/wp-content\/uploads\/2016\/01\/lecinemaifal-2015-2.png\",\"datePublished\":\"2017-07-07T05:02:56+00:00\",\"dateModified\":\"2017-07-07T11:34:18+00:00\",\"breadcrumb\":{\"@id\":\"https:\/\/www.reconoce.mx\/?p=62969#breadcrumb\"},\"inLanguage\":\"es\",\"potentialAction\":[{\"@type\":\"ReadAction\",\"target\":[\"https:\/\/www.reconoce.mx\/?p=62969\"]}]},{\"@type\":\"ImageObject\",\"inLanguage\":\"es\",\"@id\":\"https:\/\/www.reconoce.mx\/?p=62969#primaryimage\",\"url\":\"https:\/\/www.reconoce.mx\/wp-content\/uploads\/2016\/01\/lecinemaifal-2015-2.png\",\"contentUrl\":\"https:\/\/www.reconoce.mx\/wp-content\/uploads\/2016\/01\/lecinemaifal-2015-2.png\",\"width\":570,\"height\":360},{\"@type\":\"BreadcrumbList\",\"@id\":\"https:\/\/www.reconoce.mx\/?p=62969#breadcrumb\",\"itemListElement\":[{\"@type\":\"ListItem\",\"position\":1,\"name\":\"Portada\",\"item\":\"http:\/\/www.reconoce.mx\/\"},{\"@type\":\"ListItem\",\"position\":2,\"name\":\"Le Cin\u00e9ma IFAL: Cartelera del 07 al 13 de julio\"}]},{\"@type\":\"WebSite\",\"@id\":\"http:\/\/www.reconoce.mx\/#website\",\"url\":\"http:\/\/www.reconoce.mx\/\",\"name\":\"Reconoce MX\",\"description\":\"En Reconoce MX difundimos arte, cultura y conciencia social en M\u00e9xico. Tu ciudad en otra perspectiva.\",\"publisher\":{\"@id\":\"http:\/\/www.reconoce.mx\/#organization\"},\"potentialAction\":[{\"@type\":\"SearchAction\",\"target\":{\"@type\":\"EntryPoint\",\"urlTemplate\":\"http:\/\/www.reconoce.mx\/?s={search_term_string}\"},\"query-input\":{\"@type\":\"PropertyValueSpecification\",\"valueRequired\":true,\"valueName\":\"search_term_string\"}}],\"inLanguage\":\"es\"},{\"@type\":\"Organization\",\"@id\":\"http:\/\/www.reconoce.mx\/#organization\",\"name\":\"Reconoce MX\",\"url\":\"http:\/\/www.reconoce.mx\/\",\"logo\":{\"@type\":\"ImageObject\",\"inLanguage\":\"es\",\"@id\":\"http:\/\/www.reconoce.mx\/#\/schema\/logo\/image\/\",\"url\":\"https:\/\/www.reconoce.mx\/wp-content\/uploads\/2019\/03\/logorcmx-good-1.png\",\"contentUrl\":\"https:\/\/www.reconoce.mx\/wp-content\/uploads\/2019\/03\/logorcmx-good-1.png\",\"width\":280,\"height\":90,\"caption\":\"Reconoce MX\"},\"image\":{\"@id\":\"http:\/\/www.reconoce.mx\/#\/schema\/logo\/image\/\"},\"sameAs\":[\"https:\/\/es-la.facebook.com\/ReconoceMX\/\",\"https:\/\/x.com\/reconocemx\",\"http:\/\/@reconocemx\"]},{\"@type\":\"Person\",\"@id\":\"http:\/\/www.reconoce.mx\/#\/schema\/person\/2117e997d7051dc15d6880eaf9bca0b2\",\"name\":\"Reconoce MX\",\"image\":{\"@type\":\"ImageObject\",\"inLanguage\":\"es\",\"@id\":\"http:\/\/www.reconoce.mx\/#\/schema\/person\/image\/\",\"url\":\"https:\/\/secure.gravatar.com\/avatar\/6c8d4dc7569ca1c90c5fdcc349f839d5ddef6fe1e70b4337ead2ef1a4c43fc3a?s=96&d=identicon&r=g\",\"contentUrl\":\"https:\/\/secure.gravatar.com\/avatar\/6c8d4dc7569ca1c90c5fdcc349f839d5ddef6fe1e70b4337ead2ef1a4c43fc3a?s=96&d=identicon&r=g\",\"caption\":\"Reconoce MX\"},\"description\":\"Reconoce MX es un proyecto de difusi\u00f3n art\u00edstica, cultural y de conciencia social que est\u00e1 enfocado a difundir y fomentar el entretenimiento alternativo de calidad para todo el p\u00fablico que comparta el mismo entusiasmo.\",\"sameAs\":[\"http:\/\/www.reconoce.mx\"],\"url\":\"https:\/\/www.reconoce.mx\/?author=2\"}]}<\/script>\n<!-- \/ Yoast SEO plugin. -->","yoast_head_json":{"title":"Le Cin\u00e9ma IFAL: Cartelera del 07 al 13 de julio &#171; Reconoce MX","robots":{"index":"index","follow":"follow","max-snippet":"max-snippet:-1","max-image-preview":"max-image-preview:large","max-video-preview":"max-video-preview:-1"},"canonical":"https:\/\/www.reconoce.mx\/?p=62969","og_locale":"es_ES","og_type":"article","og_title":"Le Cin\u00e9ma IFAL: Cartelera del 07 al 13 de julio &#171; Reconoce MX","og_description":"Cine independiente, de culto y de autor, en un espacio ubicado en el Instituto Franc\u00e9s de Am\u00e9rica Latina llamado Le Cin\u00e9ma IFAL.","og_url":"https:\/\/www.reconoce.mx\/?p=62969","og_site_name":"Reconoce MX","article_publisher":"https:\/\/es-la.facebook.com\/ReconoceMX\/","article_published_time":"2017-07-07T05:02:56+00:00","article_modified_time":"2017-07-07T11:34:18+00:00","og_image":[{"width":570,"height":360,"url":"https:\/\/www.reconoce.mx\/wp-content\/uploads\/2016\/01\/lecinemaifal-2015-2.png","type":"image\/png"}],"author":"Reconoce MX","twitter_card":"summary_large_image","twitter_creator":"@reconocemx","twitter_site":"@reconocemx","twitter_misc":{"Escrito por":"Reconoce MX","Tiempo de lectura":"2 minutos"},"schema":{"@context":"https:\/\/schema.org","@graph":[{"@type":"Article","@id":"https:\/\/www.reconoce.mx\/?p=62969#article","isPartOf":{"@id":"https:\/\/www.reconoce.mx\/?p=62969"},"author":{"name":"Reconoce MX","@id":"http:\/\/www.reconoce.mx\/#\/schema\/person\/2117e997d7051dc15d6880eaf9bca0b2"},"headline":"Le Cin\u00e9ma IFAL: Cartelera del 07 al 13 de julio","datePublished":"2017-07-07T05:02:56+00:00","dateModified":"2017-07-07T11:34:18+00:00","mainEntityOfPage":{"@id":"https:\/\/www.reconoce.mx\/?p=62969"},"wordCount":366,"commentCount":0,"publisher":{"@id":"http:\/\/www.reconoce.mx\/#organization"},"image":{"@id":"https:\/\/www.reconoce.mx\/?p=62969#primaryimage"},"thumbnailUrl":"https:\/\/www.reconoce.mx\/wp-content\/uploads\/2016\/01\/lecinemaifal-2015-2.png","articleSection":["Cine","Cultura","Principal"],"inLanguage":"es","potentialAction":[{"@type":"CommentAction","name":"Comment","target":["https:\/\/www.reconoce.mx\/?p=62969#respond"]}]},{"@type":"WebPage","@id":"https:\/\/www.reconoce.mx\/?p=62969","url":"https:\/\/www.reconoce.mx\/?p=62969","name":"Le Cin\u00e9ma IFAL: Cartelera del 07 al 13 de julio &#171; Reconoce MX","isPartOf":{"@id":"http:\/\/www.reconoce.mx\/#website"},"primaryImageOfPage":{"@id":"https:\/\/www.reconoce.mx\/?p=62969#primaryimage"},"image":{"@id":"https:\/\/www.reconoce.mx\/?p=62969#primaryimage"},"thumbnailUrl":"https:\/\/www.reconoce.mx\/wp-content\/uploads\/2016\/01\/lecinemaifal-2015-2.png","datePublished":"2017-07-07T05:02:56+00:00","dateModified":"2017-07-07T11:34:18+00:00","breadcrumb":{"@id":"https:\/\/www.reconoce.mx\/?p=62969#breadcrumb"},"inLanguage":"es","potentialAction":[{"@type":"ReadAction","target":["https:\/\/www.reconoce.mx\/?p=62969"]}]},{"@type":"ImageObject","inLanguage":"es","@id":"https:\/\/www.reconoce.mx\/?p=62969#primaryimage","url":"https:\/\/www.reconoce.mx\/wp-content\/uploads\/2016\/01\/lecinemaifal-2015-2.png","contentUrl":"https:\/\/www.reconoce.mx\/wp-content\/uploads\/2016\/01\/lecinemaifal-2015-2.png","width":570,"height":360},{"@type":"BreadcrumbList","@id":"https:\/\/www.reconoce.mx\/?p=62969#breadcrumb","itemListElement":[{"@type":"ListItem","position":1,"name":"Portada","item":"http:\/\/www.reconoce.mx\/"},{"@type":"ListItem","position":2,"name":"Le Cin\u00e9ma IFAL: Cartelera del 07 al 13 de julio"}]},{"@type":"WebSite","@id":"http:\/\/www.reconoce.mx\/#website","url":"http:\/\/www.reconoce.mx\/","name":"Reconoce MX","description":"En Reconoce MX difundimos arte, cultura y conciencia social en M\u00e9xico. Tu ciudad en otra perspectiva.","publisher":{"@id":"http:\/\/www.reconoce.mx\/#organization"},"potentialAction":[{"@type":"SearchAction","target":{"@type":"EntryPoint","urlTemplate":"http:\/\/www.reconoce.mx\/?s={search_term_string}"},"query-input":{"@type":"PropertyValueSpecification","valueRequired":true,"valueName":"search_term_string"}}],"inLanguage":"es"},{"@type":"Organization","@id":"http:\/\/www.reconoce.mx\/#organization","name":"Reconoce MX","url":"http:\/\/www.reconoce.mx\/","logo":{"@type":"ImageObject","inLanguage":"es","@id":"http:\/\/www.reconoce.mx\/#\/schema\/logo\/image\/","url":"https:\/\/www.reconoce.mx\/wp-content\/uploads\/2019\/03\/logorcmx-good-1.png","contentUrl":"https:\/\/www.reconoce.mx\/wp-content\/uploads\/2019\/03\/logorcmx-good-1.png","width":280,"height":90,"caption":"Reconoce MX"},"image":{"@id":"http:\/\/www.reconoce.mx\/#\/schema\/logo\/image\/"},"sameAs":["https:\/\/es-la.facebook.com\/ReconoceMX\/","https:\/\/x.com\/reconocemx","http:\/\/@reconocemx"]},{"@type":"Person","@id":"http:\/\/www.reconoce.mx\/#\/schema\/person\/2117e997d7051dc15d6880eaf9bca0b2","name":"Reconoce MX","image":{"@type":"ImageObject","inLanguage":"es","@id":"http:\/\/www.reconoce.mx\/#\/schema\/person\/image\/","url":"https:\/\/secure.gravatar.com\/avatar\/6c8d4dc7569ca1c90c5fdcc349f839d5ddef6fe1e70b4337ead2ef1a4c43fc3a?s=96&d=identicon&r=g","contentUrl":"https:\/\/secure.gravatar.com\/avatar\/6c8d4dc7569ca1c90c5fdcc349f839d5ddef6fe1e70b4337ead2ef1a4c43fc3a?s=96&d=identicon&r=g","caption":"Reconoce MX"},"description":"Reconoce MX es un proyecto de difusi\u00f3n art\u00edstica, cultural y de conciencia social que est\u00e1 enfocado a difundir y fomentar el entretenimiento alternativo de calidad para todo el p\u00fablico que comparta el mismo entusiasmo.","sameAs":["http:\/\/www.reconoce.mx"],"url":"https:\/\/www.reconoce.mx\/?author=2"}]}},"_links":{"self":[{"href":"https:\/\/www.reconoce.mx\/index.php?rest_route=\/wp\/v2\/posts\/62969","targetHints":{"allow":["GET"]}}],"collection":[{"href":"https:\/\/www.reconoce.mx\/index.php?rest_route=\/wp\/v2\/posts"}],"about":[{"href":"https:\/\/www.reconoce.mx\/index.php?rest_route=\/wp\/v2\/types\/post"}],"author":[{"embeddable":true,"href":"https:\/\/www.reconoce.mx\/index.php?rest_route=\/wp\/v2\/users\/2"}],"replies":[{"embeddable":true,"href":"https:\/\/www.reconoce.mx\/index.php?rest_route=%2Fwp%2Fv2%2Fcomments&post=62969"}],"version-history":[{"count":3,"href":"https:\/\/www.reconoce.mx\/index.php?rest_route=\/wp\/v2\/posts\/62969\/revisions"}],"predecessor-version":[{"id":62973,"href":"https:\/\/www.reconoce.mx\/index.php?rest_route=\/wp\/v2\/posts\/62969\/revisions\/62973"}],"wp:featuredmedia":[{"embeddable":true,"href":"https:\/\/www.reconoce.mx\/index.php?rest_route=\/wp\/v2\/media\/43732"}],"wp:attachment":[{"href":"https:\/\/www.reconoce.mx\/index.php?rest_route=%2Fwp%2Fv2%2Fmedia&parent=62969"}],"wp:term":[{"taxonomy":"category","embeddable":true,"href":"https:\/\/www.reconoce.mx\/index.php?rest_route=%2Fwp%2Fv2%2Fcategories&post=62969"},{"taxonomy":"post_tag","embeddable":true,"href":"https:\/\/www.reconoce.mx\/index.php?rest_route=%2Fwp%2Fv2%2Ftags&post=62969"}],"curies":[{"name":"wp","href":"https:\/\/api.w.org\/{rel}","templated":true}]}}