{"id":62974,"date":"2017-07-07T00:03:35","date_gmt":"2017-07-07T05:03:35","guid":{"rendered":"http:\/\/www.reconoce.mx\/?p=62974"},"modified":"2017-07-07T06:55:30","modified_gmt":"2017-07-07T11:55:30","slug":"lunario-cartelera-del-07-al-13-de-julio","status":"publish","type":"post","link":"https:\/\/www.reconoce.mx\/?p=62974","title":{"rendered":"Lunario: Cartelera del 07 al 13 de julio"},"content":{"rendered":"<p><strong>Por <a title=\"@AsfaltosTweets\" href=\"http:\/\/twitter.com\/AsfaltosTweets\" target=\"_blank\" rel=\"noopener noreferrer\">Asfaltos<\/a><\/strong>.<\/p>\n<p>Al caer la noche, en una ubicaci\u00f3n inmejorable como es Paseo de la Reforma, en el coraz\u00f3n del Bosque de Chapultepec, el foro alternativo del <strong>Auditorio Nacional<\/strong>, el <strong>Lunario<\/strong>, se convierte en un espacio \u00edntimo y confortable donde innumerables artistas, grupos, solistas, ensambles y compa\u00f1\u00edas de prestigio nacional e internacional, deleitan a los muy diversos p\u00fablicos que se permiten disfrutar de sus noches.<\/p>\n<p>Disfruta de la variopinta cartelera del <strong>Lunario del Auditorio Nacional<\/strong>, un sitio donde lo sentidos son atendidos sin reserva y s\u00ed con mucha calidez.<\/p>\n<h1>Fela Dom\u00ednguez en concierto<\/h1>\n<p>\/\/ julio 7; viernes; 21:00h<br \/>\n\/\/ precios: de $450.00 a $900.00<\/p>\n<p><a href=\"http:\/\/www.reconoce.mx\/wp-content\/uploads\/2017\/07\/DDWwmEOVoAEwNI8.jpg\"><img loading=\"lazy\" decoding=\"async\" class=\"aligncenter size-full wp-image-62977\" src=\"http:\/\/www.reconoce.mx\/wp-content\/uploads\/2017\/07\/DDWwmEOVoAEwNI8.jpg\" alt=\"\" width=\"1024\" height=\"1024\" srcset=\"https:\/\/www.reconoce.mx\/wp-content\/uploads\/2017\/07\/DDWwmEOVoAEwNI8.jpg 1024w, https:\/\/www.reconoce.mx\/wp-content\/uploads\/2017\/07\/DDWwmEOVoAEwNI8-150x150.jpg 150w, https:\/\/www.reconoce.mx\/wp-content\/uploads\/2017\/07\/DDWwmEOVoAEwNI8-300x300.jpg 300w, https:\/\/www.reconoce.mx\/wp-content\/uploads\/2017\/07\/DDWwmEOVoAEwNI8-768x768.jpg 768w, https:\/\/www.reconoce.mx\/wp-content\/uploads\/2017\/07\/DDWwmEOVoAEwNI8-65x65.jpg 65w, https:\/\/www.reconoce.mx\/wp-content\/uploads\/2017\/07\/DDWwmEOVoAEwNI8-700x700.jpg 700w, https:\/\/www.reconoce.mx\/wp-content\/uploads\/2017\/07\/DDWwmEOVoAEwNI8-658x658.jpg 658w\" sizes=\"auto, (max-width: 1024px) 100vw, 1024px\" \/><\/a><\/p>\n<p>La cantante y actriz mexicana <strong>Fela Dom\u00ednguez<\/strong>, quien actualmente protagoniza el papel de Nala en el musical \u00abEl Rey Le\u00f3n\u00bb en M\u00e9xico, ofrecer\u00e1 un concierto en el <strong>Lunario<\/strong> para despedirse temporalmente de los escenarios mexicanos y viajar a Madrid, Espa\u00f1a, donde protagonizar\u00e1 la puesta en escena \u00abEl Guardaespaldas\u00bb. Con estudios realizados en el <strong>Conservatorio Nacional de M\u00fasica<\/strong>, la int\u00e9rprete ha realizado coros para artistas como Lupita D&#8217;Alessio, Pepe Aguilar y Emmanuel, adem\u00e1s de que fue primera voz de la Big Band Jazz de M\u00e9xico. Gracias a su calidad interpretativa ha pisado los principales escenarios del jazz en nuestro pa\u00eds y ha compartido con m\u00fasicos de la talla de Roberto Aymes, Enrique Nery y Pepe Hern\u00e1ndez, entre otros.<\/p>\n<h1>Lunario Ni\u00f1os presenta Gaby Vega y Los Nubecinos<\/h1>\n<p>\/\/ julio 9; domingo; 13:00h<br \/>\n\/\/ precios: preventa $220; d\u00eda del evento $280<\/p>\n<p><a href=\"http:\/\/www.reconoce.mx\/wp-content\/uploads\/2017\/06\/C8rBX_EUwAAFRmu.jpg\"><img loading=\"lazy\" decoding=\"async\" class=\"aligncenter size-full wp-image-62534\" src=\"http:\/\/www.reconoce.mx\/wp-content\/uploads\/2017\/06\/C8rBX_EUwAAFRmu.jpg\" alt=\"\" width=\"1200\" height=\"673\" srcset=\"https:\/\/www.reconoce.mx\/wp-content\/uploads\/2017\/06\/C8rBX_EUwAAFRmu.jpg 1200w, https:\/\/www.reconoce.mx\/wp-content\/uploads\/2017\/06\/C8rBX_EUwAAFRmu-300x168.jpg 300w, https:\/\/www.reconoce.mx\/wp-content\/uploads\/2017\/06\/C8rBX_EUwAAFRmu-768x431.jpg 768w, https:\/\/www.reconoce.mx\/wp-content\/uploads\/2017\/06\/C8rBX_EUwAAFRmu-1024x574.jpg 1024w, https:\/\/www.reconoce.mx\/wp-content\/uploads\/2017\/06\/C8rBX_EUwAAFRmu-150x84.jpg 150w, https:\/\/www.reconoce.mx\/wp-content\/uploads\/2017\/06\/C8rBX_EUwAAFRmu-700x393.jpg 700w, https:\/\/www.reconoce.mx\/wp-content\/uploads\/2017\/06\/C8rBX_EUwAAFRmu-658x369.jpg 658w\" sizes=\"auto, (max-width: 1200px) 100vw, 1200px\" \/><\/a><\/p>\n<p>Segundo concierto de la nueva temporada del espect\u00e1culo de <strong>Gaby Vega y Los Nubecinos<\/strong> que presenta el ciclo \u00abLunario Ni\u00f1os\u00bb. La cantante mexicana, acompa\u00f1ada por m\u00fasicos en vivo, interpretar\u00e1 divertidas canciones que hablan de forma original sobre los valores, situaciones cotidianas y diversos personajes, por ejemplo c\u00f3mo comenzar el d\u00eda con \u00abKarli despierta\u00bb. Por m\u00e1s de 25 a\u00f1os <strong>Gabriela Vega<\/strong> se ha dedicado a hacer m\u00fasica para ni\u00f1os y doblaje de animaciones como \u00abLa gallina pintadita\u00bb, \u00abTrepsi El Payaso\u00bb y \u00abEl mundo Karli\u00bb. En el cine particip\u00f3 en la pel\u00edcula \u00abEl extra\u00f1o mundo de Jack\u00bb (Henry Selick, 1993) en el papel de Sally. Tambi\u00e9n ha trabajado como corista de artistas como <strong>Aleks Syntek<\/strong>, <strong>Julieta Venegas<\/strong> y <strong>Pepe Aguilar<\/strong>.<\/p>\n<h1>Hojas de T\u00e9 presenta Noche Flamenca Vol. 100<\/h1>\n<p>\/\/ julio 12; mi\u00e9rcoles; 21:00h<br \/>\n\/\/ precios: de $300.00 a $380.00<\/p>\n<p><a href=\"http:\/\/www.reconoce.mx\/wp-content\/uploads\/2017\/07\/Hojasjpeg-jtaNe1qLjl-640x960.jpg\"><img loading=\"lazy\" decoding=\"async\" class=\"aligncenter size-full wp-image-62978\" src=\"http:\/\/www.reconoce.mx\/wp-content\/uploads\/2017\/07\/Hojasjpeg-jtaNe1qLjl-640x960.jpg\" alt=\"\" width=\"960\" height=\"960\" srcset=\"https:\/\/www.reconoce.mx\/wp-content\/uploads\/2017\/07\/Hojasjpeg-jtaNe1qLjl-640x960.jpg 960w, https:\/\/www.reconoce.mx\/wp-content\/uploads\/2017\/07\/Hojasjpeg-jtaNe1qLjl-640x960-150x150.jpg 150w, https:\/\/www.reconoce.mx\/wp-content\/uploads\/2017\/07\/Hojasjpeg-jtaNe1qLjl-640x960-300x300.jpg 300w, https:\/\/www.reconoce.mx\/wp-content\/uploads\/2017\/07\/Hojasjpeg-jtaNe1qLjl-640x960-768x768.jpg 768w, https:\/\/www.reconoce.mx\/wp-content\/uploads\/2017\/07\/Hojasjpeg-jtaNe1qLjl-640x960-65x65.jpg 65w, https:\/\/www.reconoce.mx\/wp-content\/uploads\/2017\/07\/Hojasjpeg-jtaNe1qLjl-640x960-700x700.jpg 700w, https:\/\/www.reconoce.mx\/wp-content\/uploads\/2017\/07\/Hojasjpeg-jtaNe1qLjl-640x960-658x658.jpg 658w\" sizes=\"auto, (max-width: 960px) 100vw, 960px\" \/><\/a><\/p>\n<p>El baile, la guitarra y el cante se combinar\u00e1n para ofrecer el espect\u00e1culo \u00abNoche Flamenca Vol. 100\u00bb, con la participaci\u00f3n de 15 artistas de la escena nacional y de Espa\u00f1a que celebrar\u00e1n el primer centenar de noches flamencas en <strong>Hojas de T\u00e9<\/strong>, un espacio capitalino que por m\u00e1s de cuatro a\u00f1os se ha dedicado a presentar lo mejor del flamenco. En esta ocasi\u00f3n, el foro alterno del <strong>Auditorio Nacional<\/strong> se convertir\u00e1 en el lugar id\u00f3neo para que los bailaores <strong>Mari\u00e9n Lu\u00e9vano<\/strong>, <strong>Selene Gonz\u00e1lez<\/strong>, <strong>Pilar Fern\u00e1ndez<\/strong>, <strong>Armando Tovar<\/strong>, <strong>Ana Pruneda<\/strong>, <strong>Maleni Jim\u00e9nez<\/strong> e <strong>Irlanda Mora<\/strong>, acompa\u00f1ados por m\u00fasicos y expertos en cante, muestren su amor al arte flamenco con una puesta en escena en la que el p\u00fablico podr\u00e1 apreciar sus mejores pasos en temas como \u00abSole\u00e1 por buler\u00edas\u00bb, \u00abBaile por Seguiriya\u00bb y \u00abBaile por alegr\u00edas\u00bb, entre otros.<\/p>\n<h1>El PeeWee<\/h1>\n<p>\/\/ julio 13; jueves; 21:00h<br \/>\n\/\/ precios: de $400.00 a $850.00<\/p>\n<p><a href=\"http:\/\/www.reconoce.mx\/wp-content\/uploads\/2017\/07\/18700261_1336946526386995_3205752563798158567_n.jpg\"><img loading=\"lazy\" decoding=\"async\" class=\"aligncenter size-full wp-image-62976\" src=\"http:\/\/www.reconoce.mx\/wp-content\/uploads\/2017\/07\/18700261_1336946526386995_3205752563798158567_n.jpg\" alt=\"\" width=\"960\" height=\"542\" srcset=\"https:\/\/www.reconoce.mx\/wp-content\/uploads\/2017\/07\/18700261_1336946526386995_3205752563798158567_n.jpg 960w, https:\/\/www.reconoce.mx\/wp-content\/uploads\/2017\/07\/18700261_1336946526386995_3205752563798158567_n-300x169.jpg 300w, https:\/\/www.reconoce.mx\/wp-content\/uploads\/2017\/07\/18700261_1336946526386995_3205752563798158567_n-768x434.jpg 768w, https:\/\/www.reconoce.mx\/wp-content\/uploads\/2017\/07\/18700261_1336946526386995_3205752563798158567_n-150x85.jpg 150w, https:\/\/www.reconoce.mx\/wp-content\/uploads\/2017\/07\/18700261_1336946526386995_3205752563798158567_n-700x395.jpg 700w, https:\/\/www.reconoce.mx\/wp-content\/uploads\/2017\/07\/18700261_1336946526386995_3205752563798158567_n-658x371.jpg 658w\" sizes=\"auto, (max-width: 960px) 100vw, 960px\" \/><\/a><\/p>\n<p>En su primer concierto en el <strong>Lunario<\/strong>, el cantante <strong>PeeWee<\/strong> presentar\u00e1 su reciente disco \u00abEl PeeWee\u00bb (2016) y dar\u00e1 inicio a su nueva gira. En este show renovado har\u00e1 un recorrido musical por sus 15 a\u00f1os de trayectoria art\u00edstica y dar\u00e1 muestra de su evoluci\u00f3n musical al interpretar canciones como \u00abCon tus besos\u00bb, \u00abCuando llegaste\u00bb, \u00abS\u00f3lo t\u00fa\u00bb y \u00abMe provoca y me domina\u00bb, que se han ubicado entre las m\u00e1s sonadas del pop en espa\u00f1ol. <strong>PeeWee<\/strong> inici\u00f3 su carrera como integrante de los grupos Kumbia Kings y Kumbia All Starz, que se hicieran populares con \u00e9xitos como \u00abSabes a chocolate\u00bb y \u00abMi dulce ni\u00f1a\u00bb. En 2009 lanz\u00f3 su primer \u00e1lbum como solista \u00abYo soy\u00bb.<\/p>\n<p>Boletos a la venta en taquilla y a trav\u00e9s del <a href=\"http:\/\/www.ticketmaster.com.mx\/Lunario-Del-Auditorio-Nacional-boletos-Mexico\/venue\/164051\" target=\"_blank\" rel=\"noopener noreferrer\">Sistema Ticketmaster<\/a>. <strong>Lunario<\/strong> se encuentra ubicado en Paseo de la Reforma #50, Polanco V Secc, Miguel Hidalgo, Ciudad de M\u00e9xico.<\/p>\n<p>&nbsp;<\/p>\n<p>&nbsp;<\/p>\n","protected":false},"excerpt":{"rendered":"<p>Disfruta de la variopinta cartelera del Lunario del Auditorio Nacional, un sitio donde lo sentidos son atendidos sin reserva y s\u00ed con mucha calidez.<\/p>\n","protected":false},"author":2,"featured_media":53154,"comment_status":"open","ping_status":"open","sticky":false,"template":"","format":"standard","meta":{"footnotes":""},"categories":[1,18,17],"tags":[],"class_list":["post-62974","post","type-post","status-publish","format-standard","has-post-thumbnail","hentry","category-cultura","category-musica","category-principal"],"yoast_head":"<!-- This site is optimized with the Yoast SEO plugin v24.7 - https:\/\/yoast.com\/wordpress\/plugins\/seo\/ -->\n<title>Lunario: Cartelera del 07 al 13 de julio &#171; Reconoce MX<\/title>\n<meta name=\"robots\" content=\"index, follow, max-snippet:-1, max-image-preview:large, max-video-preview:-1\" \/>\n<link rel=\"canonical\" href=\"http:\/\/www.reconoce.mx\/?p=62974\" \/>\n<meta property=\"og:locale\" content=\"es_ES\" \/>\n<meta property=\"og:type\" content=\"article\" \/>\n<meta property=\"og:title\" content=\"Lunario: Cartelera del 07 al 13 de julio &#171; Reconoce MX\" \/>\n<meta property=\"og:description\" content=\"Disfruta de la variopinta cartelera del Lunario del Auditorio Nacional, un sitio donde lo sentidos son atendidos sin reserva y s\u00ed con mucha calidez.\" \/>\n<meta property=\"og:url\" content=\"http:\/\/www.reconoce.mx\/?p=62974\" \/>\n<meta property=\"og:site_name\" content=\"Reconoce MX\" \/>\n<meta property=\"article:publisher\" content=\"https:\/\/es-la.facebook.com\/ReconoceMX\/\" \/>\n<meta property=\"article:published_time\" content=\"2017-07-07T05:03:35+00:00\" \/>\n<meta property=\"article:modified_time\" content=\"2017-07-07T11:55:30+00:00\" \/>\n<meta property=\"og:image\" content=\"http:\/\/www.reconoce.mx\/wp-content\/uploads\/2016\/10\/lunario.cover2_.png\" \/>\n\t<meta property=\"og:image:width\" content=\"590\" \/>\n\t<meta property=\"og:image:height\" content=\"380\" \/>\n\t<meta property=\"og:image:type\" content=\"image\/png\" \/>\n<meta name=\"author\" content=\"Reconoce MX\" \/>\n<meta name=\"twitter:card\" content=\"summary_large_image\" \/>\n<meta name=\"twitter:creator\" content=\"@reconocemx\" \/>\n<meta name=\"twitter:site\" content=\"@reconocemx\" \/>\n<meta name=\"twitter:label1\" content=\"Escrito por\" \/>\n\t<meta name=\"twitter:data1\" content=\"Reconoce MX\" \/>\n\t<meta name=\"twitter:label2\" content=\"Tiempo de lectura\" \/>\n\t<meta name=\"twitter:data2\" content=\"4 minutos\" \/>\n<script type=\"application\/ld+json\" class=\"yoast-schema-graph\">{\"@context\":\"https:\/\/schema.org\",\"@graph\":[{\"@type\":\"Article\",\"@id\":\"http:\/\/www.reconoce.mx\/?p=62974#article\",\"isPartOf\":{\"@id\":\"http:\/\/www.reconoce.mx\/?p=62974\"},\"author\":{\"name\":\"Reconoce MX\",\"@id\":\"https:\/\/www.reconoce.mx\/#\/schema\/person\/2117e997d7051dc15d6880eaf9bca0b2\"},\"headline\":\"Lunario: Cartelera del 07 al 13 de julio\",\"datePublished\":\"2017-07-07T05:03:35+00:00\",\"dateModified\":\"2017-07-07T11:55:30+00:00\",\"mainEntityOfPage\":{\"@id\":\"http:\/\/www.reconoce.mx\/?p=62974\"},\"wordCount\":712,\"commentCount\":0,\"publisher\":{\"@id\":\"https:\/\/www.reconoce.mx\/#organization\"},\"image\":{\"@id\":\"http:\/\/www.reconoce.mx\/?p=62974#primaryimage\"},\"thumbnailUrl\":\"https:\/\/www.reconoce.mx\/wp-content\/uploads\/2016\/10\/lunario.cover2_.png\",\"articleSection\":[\"Cultura\",\"M\u00fasica\",\"Principal\"],\"inLanguage\":\"es\",\"potentialAction\":[{\"@type\":\"CommentAction\",\"name\":\"Comment\",\"target\":[\"http:\/\/www.reconoce.mx\/?p=62974#respond\"]}]},{\"@type\":\"WebPage\",\"@id\":\"http:\/\/www.reconoce.mx\/?p=62974\",\"url\":\"http:\/\/www.reconoce.mx\/?p=62974\",\"name\":\"Lunario: Cartelera del 07 al 13 de julio &#171; Reconoce MX\",\"isPartOf\":{\"@id\":\"https:\/\/www.reconoce.mx\/#website\"},\"primaryImageOfPage\":{\"@id\":\"http:\/\/www.reconoce.mx\/?p=62974#primaryimage\"},\"image\":{\"@id\":\"http:\/\/www.reconoce.mx\/?p=62974#primaryimage\"},\"thumbnailUrl\":\"https:\/\/www.reconoce.mx\/wp-content\/uploads\/2016\/10\/lunario.cover2_.png\",\"datePublished\":\"2017-07-07T05:03:35+00:00\",\"dateModified\":\"2017-07-07T11:55:30+00:00\",\"breadcrumb\":{\"@id\":\"http:\/\/www.reconoce.mx\/?p=62974#breadcrumb\"},\"inLanguage\":\"es\",\"potentialAction\":[{\"@type\":\"ReadAction\",\"target\":[\"http:\/\/www.reconoce.mx\/?p=62974\"]}]},{\"@type\":\"ImageObject\",\"inLanguage\":\"es\",\"@id\":\"http:\/\/www.reconoce.mx\/?p=62974#primaryimage\",\"url\":\"https:\/\/www.reconoce.mx\/wp-content\/uploads\/2016\/10\/lunario.cover2_.png\",\"contentUrl\":\"https:\/\/www.reconoce.mx\/wp-content\/uploads\/2016\/10\/lunario.cover2_.png\",\"width\":590,\"height\":380},{\"@type\":\"BreadcrumbList\",\"@id\":\"http:\/\/www.reconoce.mx\/?p=62974#breadcrumb\",\"itemListElement\":[{\"@type\":\"ListItem\",\"position\":1,\"name\":\"Portada\",\"item\":\"https:\/\/www.reconoce.mx\/\"},{\"@type\":\"ListItem\",\"position\":2,\"name\":\"Lunario: Cartelera del 07 al 13 de julio\"}]},{\"@type\":\"WebSite\",\"@id\":\"https:\/\/www.reconoce.mx\/#website\",\"url\":\"https:\/\/www.reconoce.mx\/\",\"name\":\"Reconoce MX\",\"description\":\"En Reconoce MX difundimos arte, cultura y conciencia social en M\u00e9xico. Tu ciudad en otra perspectiva.\",\"publisher\":{\"@id\":\"https:\/\/www.reconoce.mx\/#organization\"},\"potentialAction\":[{\"@type\":\"SearchAction\",\"target\":{\"@type\":\"EntryPoint\",\"urlTemplate\":\"https:\/\/www.reconoce.mx\/?s={search_term_string}\"},\"query-input\":{\"@type\":\"PropertyValueSpecification\",\"valueRequired\":true,\"valueName\":\"search_term_string\"}}],\"inLanguage\":\"es\"},{\"@type\":\"Organization\",\"@id\":\"https:\/\/www.reconoce.mx\/#organization\",\"name\":\"Reconoce MX\",\"url\":\"https:\/\/www.reconoce.mx\/\",\"logo\":{\"@type\":\"ImageObject\",\"inLanguage\":\"es\",\"@id\":\"https:\/\/www.reconoce.mx\/#\/schema\/logo\/image\/\",\"url\":\"https:\/\/www.reconoce.mx\/wp-content\/uploads\/2019\/03\/logorcmx-good-1.png\",\"contentUrl\":\"https:\/\/www.reconoce.mx\/wp-content\/uploads\/2019\/03\/logorcmx-good-1.png\",\"width\":280,\"height\":90,\"caption\":\"Reconoce MX\"},\"image\":{\"@id\":\"https:\/\/www.reconoce.mx\/#\/schema\/logo\/image\/\"},\"sameAs\":[\"https:\/\/es-la.facebook.com\/ReconoceMX\/\",\"https:\/\/x.com\/reconocemx\",\"http:\/\/@reconocemx\"]},{\"@type\":\"Person\",\"@id\":\"https:\/\/www.reconoce.mx\/#\/schema\/person\/2117e997d7051dc15d6880eaf9bca0b2\",\"name\":\"Reconoce MX\",\"image\":{\"@type\":\"ImageObject\",\"inLanguage\":\"es\",\"@id\":\"https:\/\/www.reconoce.mx\/#\/schema\/person\/image\/\",\"url\":\"https:\/\/secure.gravatar.com\/avatar\/6c8d4dc7569ca1c90c5fdcc349f839d5ddef6fe1e70b4337ead2ef1a4c43fc3a?s=96&d=identicon&r=g\",\"contentUrl\":\"https:\/\/secure.gravatar.com\/avatar\/6c8d4dc7569ca1c90c5fdcc349f839d5ddef6fe1e70b4337ead2ef1a4c43fc3a?s=96&d=identicon&r=g\",\"caption\":\"Reconoce MX\"},\"description\":\"Reconoce MX es un proyecto de difusi\u00f3n art\u00edstica, cultural y de conciencia social que est\u00e1 enfocado a difundir y fomentar el entretenimiento alternativo de calidad para todo el p\u00fablico que comparta el mismo entusiasmo.\",\"sameAs\":[\"http:\/\/www.reconoce.mx\"],\"url\":\"https:\/\/www.reconoce.mx\/?author=2\"}]}<\/script>\n<!-- \/ Yoast SEO plugin. -->","yoast_head_json":{"title":"Lunario: Cartelera del 07 al 13 de julio &#171; Reconoce MX","robots":{"index":"index","follow":"follow","max-snippet":"max-snippet:-1","max-image-preview":"max-image-preview:large","max-video-preview":"max-video-preview:-1"},"canonical":"http:\/\/www.reconoce.mx\/?p=62974","og_locale":"es_ES","og_type":"article","og_title":"Lunario: Cartelera del 07 al 13 de julio &#171; Reconoce MX","og_description":"Disfruta de la variopinta cartelera del Lunario del Auditorio Nacional, un sitio donde lo sentidos son atendidos sin reserva y s\u00ed con mucha calidez.","og_url":"http:\/\/www.reconoce.mx\/?p=62974","og_site_name":"Reconoce MX","article_publisher":"https:\/\/es-la.facebook.com\/ReconoceMX\/","article_published_time":"2017-07-07T05:03:35+00:00","article_modified_time":"2017-07-07T11:55:30+00:00","og_image":[{"width":590,"height":380,"url":"http:\/\/www.reconoce.mx\/wp-content\/uploads\/2016\/10\/lunario.cover2_.png","type":"image\/png"}],"author":"Reconoce MX","twitter_card":"summary_large_image","twitter_creator":"@reconocemx","twitter_site":"@reconocemx","twitter_misc":{"Escrito por":"Reconoce MX","Tiempo de lectura":"4 minutos"},"schema":{"@context":"https:\/\/schema.org","@graph":[{"@type":"Article","@id":"http:\/\/www.reconoce.mx\/?p=62974#article","isPartOf":{"@id":"http:\/\/www.reconoce.mx\/?p=62974"},"author":{"name":"Reconoce MX","@id":"https:\/\/www.reconoce.mx\/#\/schema\/person\/2117e997d7051dc15d6880eaf9bca0b2"},"headline":"Lunario: Cartelera del 07 al 13 de julio","datePublished":"2017-07-07T05:03:35+00:00","dateModified":"2017-07-07T11:55:30+00:00","mainEntityOfPage":{"@id":"http:\/\/www.reconoce.mx\/?p=62974"},"wordCount":712,"commentCount":0,"publisher":{"@id":"https:\/\/www.reconoce.mx\/#organization"},"image":{"@id":"http:\/\/www.reconoce.mx\/?p=62974#primaryimage"},"thumbnailUrl":"https:\/\/www.reconoce.mx\/wp-content\/uploads\/2016\/10\/lunario.cover2_.png","articleSection":["Cultura","M\u00fasica","Principal"],"inLanguage":"es","potentialAction":[{"@type":"CommentAction","name":"Comment","target":["http:\/\/www.reconoce.mx\/?p=62974#respond"]}]},{"@type":"WebPage","@id":"http:\/\/www.reconoce.mx\/?p=62974","url":"http:\/\/www.reconoce.mx\/?p=62974","name":"Lunario: Cartelera del 07 al 13 de julio &#171; Reconoce MX","isPartOf":{"@id":"https:\/\/www.reconoce.mx\/#website"},"primaryImageOfPage":{"@id":"http:\/\/www.reconoce.mx\/?p=62974#primaryimage"},"image":{"@id":"http:\/\/www.reconoce.mx\/?p=62974#primaryimage"},"thumbnailUrl":"https:\/\/www.reconoce.mx\/wp-content\/uploads\/2016\/10\/lunario.cover2_.png","datePublished":"2017-07-07T05:03:35+00:00","dateModified":"2017-07-07T11:55:30+00:00","breadcrumb":{"@id":"http:\/\/www.reconoce.mx\/?p=62974#breadcrumb"},"inLanguage":"es","potentialAction":[{"@type":"ReadAction","target":["http:\/\/www.reconoce.mx\/?p=62974"]}]},{"@type":"ImageObject","inLanguage":"es","@id":"http:\/\/www.reconoce.mx\/?p=62974#primaryimage","url":"https:\/\/www.reconoce.mx\/wp-content\/uploads\/2016\/10\/lunario.cover2_.png","contentUrl":"https:\/\/www.reconoce.mx\/wp-content\/uploads\/2016\/10\/lunario.cover2_.png","width":590,"height":380},{"@type":"BreadcrumbList","@id":"http:\/\/www.reconoce.mx\/?p=62974#breadcrumb","itemListElement":[{"@type":"ListItem","position":1,"name":"Portada","item":"https:\/\/www.reconoce.mx\/"},{"@type":"ListItem","position":2,"name":"Lunario: Cartelera del 07 al 13 de julio"}]},{"@type":"WebSite","@id":"https:\/\/www.reconoce.mx\/#website","url":"https:\/\/www.reconoce.mx\/","name":"Reconoce MX","description":"En Reconoce MX difundimos arte, cultura y conciencia social en M\u00e9xico. Tu ciudad en otra perspectiva.","publisher":{"@id":"https:\/\/www.reconoce.mx\/#organization"},"potentialAction":[{"@type":"SearchAction","target":{"@type":"EntryPoint","urlTemplate":"https:\/\/www.reconoce.mx\/?s={search_term_string}"},"query-input":{"@type":"PropertyValueSpecification","valueRequired":true,"valueName":"search_term_string"}}],"inLanguage":"es"},{"@type":"Organization","@id":"https:\/\/www.reconoce.mx\/#organization","name":"Reconoce MX","url":"https:\/\/www.reconoce.mx\/","logo":{"@type":"ImageObject","inLanguage":"es","@id":"https:\/\/www.reconoce.mx\/#\/schema\/logo\/image\/","url":"https:\/\/www.reconoce.mx\/wp-content\/uploads\/2019\/03\/logorcmx-good-1.png","contentUrl":"https:\/\/www.reconoce.mx\/wp-content\/uploads\/2019\/03\/logorcmx-good-1.png","width":280,"height":90,"caption":"Reconoce MX"},"image":{"@id":"https:\/\/www.reconoce.mx\/#\/schema\/logo\/image\/"},"sameAs":["https:\/\/es-la.facebook.com\/ReconoceMX\/","https:\/\/x.com\/reconocemx","http:\/\/@reconocemx"]},{"@type":"Person","@id":"https:\/\/www.reconoce.mx\/#\/schema\/person\/2117e997d7051dc15d6880eaf9bca0b2","name":"Reconoce MX","image":{"@type":"ImageObject","inLanguage":"es","@id":"https:\/\/www.reconoce.mx\/#\/schema\/person\/image\/","url":"https:\/\/secure.gravatar.com\/avatar\/6c8d4dc7569ca1c90c5fdcc349f839d5ddef6fe1e70b4337ead2ef1a4c43fc3a?s=96&d=identicon&r=g","contentUrl":"https:\/\/secure.gravatar.com\/avatar\/6c8d4dc7569ca1c90c5fdcc349f839d5ddef6fe1e70b4337ead2ef1a4c43fc3a?s=96&d=identicon&r=g","caption":"Reconoce MX"},"description":"Reconoce MX es un proyecto de difusi\u00f3n art\u00edstica, cultural y de conciencia social que est\u00e1 enfocado a difundir y fomentar el entretenimiento alternativo de calidad para todo el p\u00fablico que comparta el mismo entusiasmo.","sameAs":["http:\/\/www.reconoce.mx"],"url":"https:\/\/www.reconoce.mx\/?author=2"}]}},"_links":{"self":[{"href":"https:\/\/www.reconoce.mx\/index.php?rest_route=\/wp\/v2\/posts\/62974","targetHints":{"allow":["GET"]}}],"collection":[{"href":"https:\/\/www.reconoce.mx\/index.php?rest_route=\/wp\/v2\/posts"}],"about":[{"href":"https:\/\/www.reconoce.mx\/index.php?rest_route=\/wp\/v2\/types\/post"}],"author":[{"embeddable":true,"href":"https:\/\/www.reconoce.mx\/index.php?rest_route=\/wp\/v2\/users\/2"}],"replies":[{"embeddable":true,"href":"https:\/\/www.reconoce.mx\/index.php?rest_route=%2Fwp%2Fv2%2Fcomments&post=62974"}],"version-history":[{"count":3,"href":"https:\/\/www.reconoce.mx\/index.php?rest_route=\/wp\/v2\/posts\/62974\/revisions"}],"predecessor-version":[{"id":62980,"href":"https:\/\/www.reconoce.mx\/index.php?rest_route=\/wp\/v2\/posts\/62974\/revisions\/62980"}],"wp:featuredmedia":[{"embeddable":true,"href":"https:\/\/www.reconoce.mx\/index.php?rest_route=\/wp\/v2\/media\/53154"}],"wp:attachment":[{"href":"https:\/\/www.reconoce.mx\/index.php?rest_route=%2Fwp%2Fv2%2Fmedia&parent=62974"}],"wp:term":[{"taxonomy":"category","embeddable":true,"href":"https:\/\/www.reconoce.mx\/index.php?rest_route=%2Fwp%2Fv2%2Fcategories&post=62974"},{"taxonomy":"post_tag","embeddable":true,"href":"https:\/\/www.reconoce.mx\/index.php?rest_route=%2Fwp%2Fv2%2Ftags&post=62974"}],"curies":[{"name":"wp","href":"https:\/\/api.w.org\/{rel}","templated":true}]}}