{"id":62989,"date":"2017-07-07T00:01:07","date_gmt":"2017-07-07T05:01:07","guid":{"rendered":"http:\/\/www.reconoce.mx\/?p=62989"},"modified":"2017-07-07T07:27:54","modified_gmt":"2017-07-07T12:27:54","slug":"asian-kung-fu-generation-tocara-en-el-plaza","status":"publish","type":"post","link":"https:\/\/www.reconoce.mx\/?p=62989","title":{"rendered":"Asian Kung-Fu Generation tocar\u00e1 en El Plaza"},"content":{"rendered":"<p><strong>Por\u00a0<a href=\"https:\/\/twitter.com\/carlosanglara\" target=\"_blank\" rel=\"noopener noreferrer\">Carlos Ang Lara<\/a><\/strong>.<\/p>\n<p><strong>Asian Kung-Fu Generation<\/strong>, una de las bandas de rock japon\u00e9s m\u00e1s destacadas a nivel mundial, vuelve a nuestro pa\u00eds. Formada desde 1996 en el pueblo de Kaganawa por Masafumi Got\u014d, Kensuke Kita, Takahiro Yamada e Ijichi Kiyoshi, son creadores de numerosos <em>openings <\/em>de famosos <em>animes <\/em>como lo son \u00abNaruto\u00bb, \u00abFull Metal\u00bb \u00abAlchemist\u00bb y \u00abBleach\u00bb.<\/p>\n<p><a href=\"http:\/\/www.reconoce.mx\/wp-content\/uploads\/2017\/07\/Asian-Kung-Fu-Generation-_plaza_condesa_2017.jpg\"><img loading=\"lazy\" decoding=\"async\" class=\"aligncenter size-full wp-image-62991\" src=\"http:\/\/www.reconoce.mx\/wp-content\/uploads\/2017\/07\/Asian-Kung-Fu-Generation-_plaza_condesa_2017.jpg\" alt=\"\" width=\"816\" height=\"1200\" srcset=\"https:\/\/www.reconoce.mx\/wp-content\/uploads\/2017\/07\/Asian-Kung-Fu-Generation-_plaza_condesa_2017.jpg 816w, https:\/\/www.reconoce.mx\/wp-content\/uploads\/2017\/07\/Asian-Kung-Fu-Generation-_plaza_condesa_2017-204x300.jpg 204w, https:\/\/www.reconoce.mx\/wp-content\/uploads\/2017\/07\/Asian-Kung-Fu-Generation-_plaza_condesa_2017-768x1129.jpg 768w, https:\/\/www.reconoce.mx\/wp-content\/uploads\/2017\/07\/Asian-Kung-Fu-Generation-_plaza_condesa_2017-696x1024.jpg 696w, https:\/\/www.reconoce.mx\/wp-content\/uploads\/2017\/07\/Asian-Kung-Fu-Generation-_plaza_condesa_2017-150x221.jpg 150w, https:\/\/www.reconoce.mx\/wp-content\/uploads\/2017\/07\/Asian-Kung-Fu-Generation-_plaza_condesa_2017-700x1029.jpg 700w, https:\/\/www.reconoce.mx\/wp-content\/uploads\/2017\/07\/Asian-Kung-Fu-Generation-_plaza_condesa_2017-658x968.jpg 658w, https:\/\/www.reconoce.mx\/wp-content\/uploads\/2017\/07\/Asian-Kung-Fu-Generation-_plaza_condesa_2017-300x441.jpg 300w\" sizes=\"auto, (max-width: 816px) 100vw, 816px\" \/><\/a><\/p>\n<p>Debemos recordar que la primera y \u00faltima vez que vinieron los int\u00e9rpretes de \u00abHaruka Kanta\u00bb, fue a finales de 2015, cuando se presentaron en <strong>El Plaza Condesa<\/strong> como parte de su gira \u00abWonder Future\u00bb.<\/p>\n<p>Esta vez, los nipones har\u00e1n vibrar el recinto de la capital con el \u00abLatin America Tour\u00bb, interpretando sus mayores \u00e9xitos, por lo que este es una oportunidad que nadie se quiere perder.<\/p>\n<p>\u00bfCu\u00e1ndo, d\u00f3nde y de a c\u00f3mo? El viernes 14 de julio de 2017 a las 20:00 horas en <strong>El Plaza Condesa<\/strong> (Av. Juan Escutia #4, col. Hip\u00f3dromo Condesa, Ciudad de M\u00e9xico). Boletos a la venta en taquillas del recinto y a trav\u00e9s del <a href=\"http:\/\/www.ticketmaster.com.mx\/asian-kung-fu-generation-el-plaza-condesa-mexico-df\/venueartist\/164618\/1851132\" target=\"_blank\" rel=\"noopener noreferrer\">Sistema Ticketmaster<\/a>.<\/p>\n<p>&nbsp;<\/p>\n<p>&nbsp;<\/p>\n","protected":false},"excerpt":{"rendered":"<p>Asian Kung-Fu Generation, una de las bandas de rock japon\u00e9s m\u00e1s destacadas a nivel mundial, vuelve a nuestro pa\u00eds.<\/p>\n","protected":false},"author":2,"featured_media":62990,"comment_status":"open","ping_status":"open","sticky":false,"template":"","format":"standard","meta":{"footnotes":""},"categories":[1,18,17],"tags":[],"class_list":["post-62989","post","type-post","status-publish","format-standard","has-post-thumbnail","hentry","category-cultura","category-musica","category-principal"],"yoast_head":"<!-- This site is optimized with the Yoast SEO plugin v24.7 - https:\/\/yoast.com\/wordpress\/plugins\/seo\/ -->\n<title>Asian Kung-Fu Generation tocar\u00e1 en El Plaza &#171; Reconoce MX<\/title>\n<meta name=\"robots\" content=\"index, follow, max-snippet:-1, max-image-preview:large, max-video-preview:-1\" \/>\n<link rel=\"canonical\" href=\"https:\/\/www.reconoce.mx\/?p=62989\" \/>\n<meta property=\"og:locale\" content=\"es_ES\" \/>\n<meta property=\"og:type\" content=\"article\" \/>\n<meta property=\"og:title\" content=\"Asian Kung-Fu Generation tocar\u00e1 en El Plaza &#171; Reconoce MX\" \/>\n<meta property=\"og:description\" content=\"Asian Kung-Fu Generation, una de las bandas de rock japon\u00e9s m\u00e1s destacadas a nivel mundial, vuelve a nuestro pa\u00eds.\" \/>\n<meta property=\"og:url\" content=\"https:\/\/www.reconoce.mx\/?p=62989\" \/>\n<meta property=\"og:site_name\" content=\"Reconoce MX\" \/>\n<meta property=\"article:publisher\" content=\"https:\/\/es-la.facebook.com\/ReconoceMX\/\" \/>\n<meta property=\"article:published_time\" content=\"2017-07-07T05:01:07+00:00\" \/>\n<meta property=\"article:modified_time\" content=\"2017-07-07T12:27:54+00:00\" \/>\n<meta property=\"og:image\" content=\"https:\/\/www.reconoce.mx\/wp-content\/uploads\/2017\/07\/asian-kung-fu-el-plaza.png\" \/>\n\t<meta property=\"og:image:width\" content=\"590\" \/>\n\t<meta property=\"og:image:height\" content=\"380\" \/>\n\t<meta property=\"og:image:type\" content=\"image\/png\" \/>\n<meta name=\"author\" content=\"Reconoce MX\" \/>\n<meta name=\"twitter:card\" content=\"summary_large_image\" \/>\n<meta name=\"twitter:creator\" content=\"@reconocemx\" \/>\n<meta name=\"twitter:site\" content=\"@reconocemx\" \/>\n<meta name=\"twitter:label1\" content=\"Escrito por\" \/>\n\t<meta name=\"twitter:data1\" content=\"Reconoce MX\" \/>\n\t<meta name=\"twitter:label2\" content=\"Tiempo de lectura\" \/>\n\t<meta name=\"twitter:data2\" content=\"1 minuto\" \/>\n<script type=\"application\/ld+json\" class=\"yoast-schema-graph\">{\"@context\":\"https:\/\/schema.org\",\"@graph\":[{\"@type\":\"Article\",\"@id\":\"https:\/\/www.reconoce.mx\/?p=62989#article\",\"isPartOf\":{\"@id\":\"https:\/\/www.reconoce.mx\/?p=62989\"},\"author\":{\"name\":\"Reconoce MX\",\"@id\":\"http:\/\/www.reconoce.mx\/#\/schema\/person\/2117e997d7051dc15d6880eaf9bca0b2\"},\"headline\":\"Asian Kung-Fu Generation tocar\u00e1 en El Plaza\",\"datePublished\":\"2017-07-07T05:01:07+00:00\",\"dateModified\":\"2017-07-07T12:27:54+00:00\",\"mainEntityOfPage\":{\"@id\":\"https:\/\/www.reconoce.mx\/?p=62989\"},\"wordCount\":183,\"commentCount\":0,\"publisher\":{\"@id\":\"http:\/\/www.reconoce.mx\/#organization\"},\"image\":{\"@id\":\"https:\/\/www.reconoce.mx\/?p=62989#primaryimage\"},\"thumbnailUrl\":\"https:\/\/www.reconoce.mx\/wp-content\/uploads\/2017\/07\/asian-kung-fu-el-plaza.png\",\"articleSection\":[\"Cultura\",\"M\u00fasica\",\"Principal\"],\"inLanguage\":\"es\",\"potentialAction\":[{\"@type\":\"CommentAction\",\"name\":\"Comment\",\"target\":[\"https:\/\/www.reconoce.mx\/?p=62989#respond\"]}]},{\"@type\":\"WebPage\",\"@id\":\"https:\/\/www.reconoce.mx\/?p=62989\",\"url\":\"https:\/\/www.reconoce.mx\/?p=62989\",\"name\":\"Asian Kung-Fu Generation tocar\u00e1 en El Plaza &#171; Reconoce MX\",\"isPartOf\":{\"@id\":\"http:\/\/www.reconoce.mx\/#website\"},\"primaryImageOfPage\":{\"@id\":\"https:\/\/www.reconoce.mx\/?p=62989#primaryimage\"},\"image\":{\"@id\":\"https:\/\/www.reconoce.mx\/?p=62989#primaryimage\"},\"thumbnailUrl\":\"https:\/\/www.reconoce.mx\/wp-content\/uploads\/2017\/07\/asian-kung-fu-el-plaza.png\",\"datePublished\":\"2017-07-07T05:01:07+00:00\",\"dateModified\":\"2017-07-07T12:27:54+00:00\",\"breadcrumb\":{\"@id\":\"https:\/\/www.reconoce.mx\/?p=62989#breadcrumb\"},\"inLanguage\":\"es\",\"potentialAction\":[{\"@type\":\"ReadAction\",\"target\":[\"https:\/\/www.reconoce.mx\/?p=62989\"]}]},{\"@type\":\"ImageObject\",\"inLanguage\":\"es\",\"@id\":\"https:\/\/www.reconoce.mx\/?p=62989#primaryimage\",\"url\":\"https:\/\/www.reconoce.mx\/wp-content\/uploads\/2017\/07\/asian-kung-fu-el-plaza.png\",\"contentUrl\":\"https:\/\/www.reconoce.mx\/wp-content\/uploads\/2017\/07\/asian-kung-fu-el-plaza.png\",\"width\":590,\"height\":380},{\"@type\":\"BreadcrumbList\",\"@id\":\"https:\/\/www.reconoce.mx\/?p=62989#breadcrumb\",\"itemListElement\":[{\"@type\":\"ListItem\",\"position\":1,\"name\":\"Portada\",\"item\":\"http:\/\/www.reconoce.mx\/\"},{\"@type\":\"ListItem\",\"position\":2,\"name\":\"Asian Kung-Fu Generation tocar\u00e1 en El Plaza\"}]},{\"@type\":\"WebSite\",\"@id\":\"http:\/\/www.reconoce.mx\/#website\",\"url\":\"http:\/\/www.reconoce.mx\/\",\"name\":\"Reconoce MX\",\"description\":\"En Reconoce MX difundimos arte, cultura y conciencia social en M\u00e9xico. Tu ciudad en otra perspectiva.\",\"publisher\":{\"@id\":\"http:\/\/www.reconoce.mx\/#organization\"},\"potentialAction\":[{\"@type\":\"SearchAction\",\"target\":{\"@type\":\"EntryPoint\",\"urlTemplate\":\"http:\/\/www.reconoce.mx\/?s={search_term_string}\"},\"query-input\":{\"@type\":\"PropertyValueSpecification\",\"valueRequired\":true,\"valueName\":\"search_term_string\"}}],\"inLanguage\":\"es\"},{\"@type\":\"Organization\",\"@id\":\"http:\/\/www.reconoce.mx\/#organization\",\"name\":\"Reconoce MX\",\"url\":\"http:\/\/www.reconoce.mx\/\",\"logo\":{\"@type\":\"ImageObject\",\"inLanguage\":\"es\",\"@id\":\"http:\/\/www.reconoce.mx\/#\/schema\/logo\/image\/\",\"url\":\"https:\/\/www.reconoce.mx\/wp-content\/uploads\/2019\/03\/logorcmx-good-1.png\",\"contentUrl\":\"https:\/\/www.reconoce.mx\/wp-content\/uploads\/2019\/03\/logorcmx-good-1.png\",\"width\":280,\"height\":90,\"caption\":\"Reconoce MX\"},\"image\":{\"@id\":\"http:\/\/www.reconoce.mx\/#\/schema\/logo\/image\/\"},\"sameAs\":[\"https:\/\/es-la.facebook.com\/ReconoceMX\/\",\"https:\/\/x.com\/reconocemx\",\"http:\/\/@reconocemx\"]},{\"@type\":\"Person\",\"@id\":\"http:\/\/www.reconoce.mx\/#\/schema\/person\/2117e997d7051dc15d6880eaf9bca0b2\",\"name\":\"Reconoce MX\",\"image\":{\"@type\":\"ImageObject\",\"inLanguage\":\"es\",\"@id\":\"http:\/\/www.reconoce.mx\/#\/schema\/person\/image\/\",\"url\":\"https:\/\/secure.gravatar.com\/avatar\/6c8d4dc7569ca1c90c5fdcc349f839d5ddef6fe1e70b4337ead2ef1a4c43fc3a?s=96&d=identicon&r=g\",\"contentUrl\":\"https:\/\/secure.gravatar.com\/avatar\/6c8d4dc7569ca1c90c5fdcc349f839d5ddef6fe1e70b4337ead2ef1a4c43fc3a?s=96&d=identicon&r=g\",\"caption\":\"Reconoce MX\"},\"description\":\"Reconoce MX es un proyecto de difusi\u00f3n art\u00edstica, cultural y de conciencia social que est\u00e1 enfocado a difundir y fomentar el entretenimiento alternativo de calidad para todo el p\u00fablico que comparta el mismo entusiasmo.\",\"sameAs\":[\"http:\/\/www.reconoce.mx\"],\"url\":\"https:\/\/www.reconoce.mx\/?author=2\"}]}<\/script>\n<!-- \/ Yoast SEO plugin. -->","yoast_head_json":{"title":"Asian Kung-Fu Generation tocar\u00e1 en El Plaza &#171; Reconoce MX","robots":{"index":"index","follow":"follow","max-snippet":"max-snippet:-1","max-image-preview":"max-image-preview:large","max-video-preview":"max-video-preview:-1"},"canonical":"https:\/\/www.reconoce.mx\/?p=62989","og_locale":"es_ES","og_type":"article","og_title":"Asian Kung-Fu Generation tocar\u00e1 en El Plaza &#171; Reconoce MX","og_description":"Asian Kung-Fu Generation, una de las bandas de rock japon\u00e9s m\u00e1s destacadas a nivel mundial, vuelve a nuestro pa\u00eds.","og_url":"https:\/\/www.reconoce.mx\/?p=62989","og_site_name":"Reconoce MX","article_publisher":"https:\/\/es-la.facebook.com\/ReconoceMX\/","article_published_time":"2017-07-07T05:01:07+00:00","article_modified_time":"2017-07-07T12:27:54+00:00","og_image":[{"width":590,"height":380,"url":"https:\/\/www.reconoce.mx\/wp-content\/uploads\/2017\/07\/asian-kung-fu-el-plaza.png","type":"image\/png"}],"author":"Reconoce MX","twitter_card":"summary_large_image","twitter_creator":"@reconocemx","twitter_site":"@reconocemx","twitter_misc":{"Escrito por":"Reconoce MX","Tiempo de lectura":"1 minuto"},"schema":{"@context":"https:\/\/schema.org","@graph":[{"@type":"Article","@id":"https:\/\/www.reconoce.mx\/?p=62989#article","isPartOf":{"@id":"https:\/\/www.reconoce.mx\/?p=62989"},"author":{"name":"Reconoce MX","@id":"http:\/\/www.reconoce.mx\/#\/schema\/person\/2117e997d7051dc15d6880eaf9bca0b2"},"headline":"Asian Kung-Fu Generation tocar\u00e1 en El Plaza","datePublished":"2017-07-07T05:01:07+00:00","dateModified":"2017-07-07T12:27:54+00:00","mainEntityOfPage":{"@id":"https:\/\/www.reconoce.mx\/?p=62989"},"wordCount":183,"commentCount":0,"publisher":{"@id":"http:\/\/www.reconoce.mx\/#organization"},"image":{"@id":"https:\/\/www.reconoce.mx\/?p=62989#primaryimage"},"thumbnailUrl":"https:\/\/www.reconoce.mx\/wp-content\/uploads\/2017\/07\/asian-kung-fu-el-plaza.png","articleSection":["Cultura","M\u00fasica","Principal"],"inLanguage":"es","potentialAction":[{"@type":"CommentAction","name":"Comment","target":["https:\/\/www.reconoce.mx\/?p=62989#respond"]}]},{"@type":"WebPage","@id":"https:\/\/www.reconoce.mx\/?p=62989","url":"https:\/\/www.reconoce.mx\/?p=62989","name":"Asian Kung-Fu Generation tocar\u00e1 en El Plaza &#171; Reconoce MX","isPartOf":{"@id":"http:\/\/www.reconoce.mx\/#website"},"primaryImageOfPage":{"@id":"https:\/\/www.reconoce.mx\/?p=62989#primaryimage"},"image":{"@id":"https:\/\/www.reconoce.mx\/?p=62989#primaryimage"},"thumbnailUrl":"https:\/\/www.reconoce.mx\/wp-content\/uploads\/2017\/07\/asian-kung-fu-el-plaza.png","datePublished":"2017-07-07T05:01:07+00:00","dateModified":"2017-07-07T12:27:54+00:00","breadcrumb":{"@id":"https:\/\/www.reconoce.mx\/?p=62989#breadcrumb"},"inLanguage":"es","potentialAction":[{"@type":"ReadAction","target":["https:\/\/www.reconoce.mx\/?p=62989"]}]},{"@type":"ImageObject","inLanguage":"es","@id":"https:\/\/www.reconoce.mx\/?p=62989#primaryimage","url":"https:\/\/www.reconoce.mx\/wp-content\/uploads\/2017\/07\/asian-kung-fu-el-plaza.png","contentUrl":"https:\/\/www.reconoce.mx\/wp-content\/uploads\/2017\/07\/asian-kung-fu-el-plaza.png","width":590,"height":380},{"@type":"BreadcrumbList","@id":"https:\/\/www.reconoce.mx\/?p=62989#breadcrumb","itemListElement":[{"@type":"ListItem","position":1,"name":"Portada","item":"http:\/\/www.reconoce.mx\/"},{"@type":"ListItem","position":2,"name":"Asian Kung-Fu Generation tocar\u00e1 en El Plaza"}]},{"@type":"WebSite","@id":"http:\/\/www.reconoce.mx\/#website","url":"http:\/\/www.reconoce.mx\/","name":"Reconoce MX","description":"En Reconoce MX difundimos arte, cultura y conciencia social en M\u00e9xico. Tu ciudad en otra perspectiva.","publisher":{"@id":"http:\/\/www.reconoce.mx\/#organization"},"potentialAction":[{"@type":"SearchAction","target":{"@type":"EntryPoint","urlTemplate":"http:\/\/www.reconoce.mx\/?s={search_term_string}"},"query-input":{"@type":"PropertyValueSpecification","valueRequired":true,"valueName":"search_term_string"}}],"inLanguage":"es"},{"@type":"Organization","@id":"http:\/\/www.reconoce.mx\/#organization","name":"Reconoce MX","url":"http:\/\/www.reconoce.mx\/","logo":{"@type":"ImageObject","inLanguage":"es","@id":"http:\/\/www.reconoce.mx\/#\/schema\/logo\/image\/","url":"https:\/\/www.reconoce.mx\/wp-content\/uploads\/2019\/03\/logorcmx-good-1.png","contentUrl":"https:\/\/www.reconoce.mx\/wp-content\/uploads\/2019\/03\/logorcmx-good-1.png","width":280,"height":90,"caption":"Reconoce MX"},"image":{"@id":"http:\/\/www.reconoce.mx\/#\/schema\/logo\/image\/"},"sameAs":["https:\/\/es-la.facebook.com\/ReconoceMX\/","https:\/\/x.com\/reconocemx","http:\/\/@reconocemx"]},{"@type":"Person","@id":"http:\/\/www.reconoce.mx\/#\/schema\/person\/2117e997d7051dc15d6880eaf9bca0b2","name":"Reconoce MX","image":{"@type":"ImageObject","inLanguage":"es","@id":"http:\/\/www.reconoce.mx\/#\/schema\/person\/image\/","url":"https:\/\/secure.gravatar.com\/avatar\/6c8d4dc7569ca1c90c5fdcc349f839d5ddef6fe1e70b4337ead2ef1a4c43fc3a?s=96&d=identicon&r=g","contentUrl":"https:\/\/secure.gravatar.com\/avatar\/6c8d4dc7569ca1c90c5fdcc349f839d5ddef6fe1e70b4337ead2ef1a4c43fc3a?s=96&d=identicon&r=g","caption":"Reconoce MX"},"description":"Reconoce MX es un proyecto de difusi\u00f3n art\u00edstica, cultural y de conciencia social que est\u00e1 enfocado a difundir y fomentar el entretenimiento alternativo de calidad para todo el p\u00fablico que comparta el mismo entusiasmo.","sameAs":["http:\/\/www.reconoce.mx"],"url":"https:\/\/www.reconoce.mx\/?author=2"}]}},"_links":{"self":[{"href":"https:\/\/www.reconoce.mx\/index.php?rest_route=\/wp\/v2\/posts\/62989","targetHints":{"allow":["GET"]}}],"collection":[{"href":"https:\/\/www.reconoce.mx\/index.php?rest_route=\/wp\/v2\/posts"}],"about":[{"href":"https:\/\/www.reconoce.mx\/index.php?rest_route=\/wp\/v2\/types\/post"}],"author":[{"embeddable":true,"href":"https:\/\/www.reconoce.mx\/index.php?rest_route=\/wp\/v2\/users\/2"}],"replies":[{"embeddable":true,"href":"https:\/\/www.reconoce.mx\/index.php?rest_route=%2Fwp%2Fv2%2Fcomments&post=62989"}],"version-history":[{"count":3,"href":"https:\/\/www.reconoce.mx\/index.php?rest_route=\/wp\/v2\/posts\/62989\/revisions"}],"predecessor-version":[{"id":62994,"href":"https:\/\/www.reconoce.mx\/index.php?rest_route=\/wp\/v2\/posts\/62989\/revisions\/62994"}],"wp:featuredmedia":[{"embeddable":true,"href":"https:\/\/www.reconoce.mx\/index.php?rest_route=\/wp\/v2\/media\/62990"}],"wp:attachment":[{"href":"https:\/\/www.reconoce.mx\/index.php?rest_route=%2Fwp%2Fv2%2Fmedia&parent=62989"}],"wp:term":[{"taxonomy":"category","embeddable":true,"href":"https:\/\/www.reconoce.mx\/index.php?rest_route=%2Fwp%2Fv2%2Fcategories&post=62989"},{"taxonomy":"post_tag","embeddable":true,"href":"https:\/\/www.reconoce.mx\/index.php?rest_route=%2Fwp%2Fv2%2Ftags&post=62989"}],"curies":[{"name":"wp","href":"https:\/\/api.w.org\/{rel}","templated":true}]}}