{"id":6401,"date":"2012-03-25T02:00:24","date_gmt":"2012-03-25T02:00:24","guid":{"rendered":"http:\/\/www.reconoce.mx\/?p=6401"},"modified":"2018-03-12T20:58:58","modified_gmt":"2018-03-13T02:58:58","slug":"que-ver-en-el-vive-latino-2012-dia-2","status":"publish","type":"post","link":"https:\/\/www.reconoce.mx\/?p=6401","title":{"rendered":"\u00bfQu\u00e9 ver en el Vive Latino 2012? D\u00eda 2"},"content":{"rendered":"<p><strong>Por\u00a0<a title=\"@AsfaltosTweets\" href=\"http:\/\/twitter.com\/#%21\/AsfaltosTweets\" target=\"_blank\" rel=\"noopener\">Asfaltos<\/a><\/strong>.<\/p>\n<p>Ha pasado ya el primer d\u00eda del Vive Latino, con un \u00e9xito que era de esperarse, y a\u00fan le faltan dos d\u00edas m\u00e1s de fiesta. <strong>Seguiremos cubriendo el festival de m\u00fasica m\u00e1s importante de M\u00e9xico<\/strong>, por lo que hoy toca compartir nuestro segundo itinerario, que m\u00e1s bien se centrar\u00e1 en un escenario en espec\u00edfico por la riqueza y variedad de propuestas.\u00a0Adem\u00e1s una breve rese\u00f1a de cuatro bandas que no deben perderse.<\/p>\n<p><span style=\"text-decoration: underline;\"><strong>Siddhartha<\/strong><\/span><\/p>\n<p>A Siddhartha lo escuch\u00e9 por primera vez en el Pasag\u00fcero. De inmediato me qued\u00e9 atrapado por su voz. Habiendo trabajado con otros m\u00fasicos, como alguna vez lo hizo con Zo\u00e9, el camino de Siddhartha lo ubic\u00f3 en una propuesta musical que como solista le ha retribu\u00eddo en un \u00e9xito. En esta ocasi\u00f3n promocionando su reciente <em>N\u00e1ufrago<\/em>,<strong> si gustan de sonidos suaves como Monocordio y Jumbo, Siddhartha es para ustedes<\/strong>. Les dejo el video del sencillo que da nombre a su reciente material.<\/p>\n<style>.embed-container { position: relative; padding-bottom: 56.25%; height: 0; overflow: hidden; max-width: 100%; } .embed-container iframe, .embed-container object, .embed-container embed { position: absolute; top: 0; left: 0; width: 100%; height: 100%; }<\/style>\n<div class='embed-container'><iframe src='https:\/\/www.youtube.com\/embed\/xgyJsfXkD_4' frameborder='0' allowfullscreen><\/iframe><\/div>\n<p>&nbsp;<\/p>\n<p><span style=\"text-decoration: underline;\"><strong>Astro<\/strong><\/span><\/p>\n<p>Si hay una propuesta en espa\u00f1ol que deben de escuchar, esa, sin duda, es Astro. Desde Chile este grupo de j\u00f3venes ha puesto sobre la mesa una propuesta musical que ha llamado la atenci\u00f3n de todos aquellos a quienes nos gusta movernos con algunos cuantos acordes. La curiosidad por ver c\u00f3mo se comporta en vivo esta agrupaci\u00f3n, es suficiente para invitarlos a asistir. Les dejo el video de su sencillo <em>Ciervos<\/em>.<\/p>\n<style>.embed-container { position: relative; padding-bottom: 56.25%; height: 0; overflow: hidden; max-width: 100%; } .embed-container iframe, .embed-container object, .embed-container embed { position: absolute; top: 0; left: 0; width: 100%; height: 100%; }<\/style>\n<div class='embed-container'><iframe src='https:\/\/www.youtube.com\/embed\/jQQsB7SI7tQ' frameborder='0' allowfullscreen><\/iframe><\/div>\n<p>&nbsp;<\/p>\n<p><span style=\"text-decoration: underline;\"><strong>Javiera Mena<\/strong><\/span><\/p>\n<p>En la misma l\u00ednea de Astro, la m\u00fasica de esta tambi\u00e9n chilena, es una propuesta que experimenta con los sonidos electr\u00f3nicos y su muy bien trabajada voz. A Javiera he querido verla varias veces, pero por alguna u otra raz\u00f3n me era imposible, cosa que afortunadamente ha quedado atr\u00e1s. Aqu\u00ed les dejo el video de <em>Hasta la verdad<\/em>.<\/p>\n<style>.embed-container { position: relative; padding-bottom: 56.25%; height: 0; overflow: hidden; max-width: 100%; } .embed-container iframe, .embed-container object, .embed-container embed { position: absolute; top: 0; left: 0; width: 100%; height: 100%; }<\/style>\n<div class='embed-container'><iframe src='https:\/\/www.youtube.com\/embed\/UQFrNuvINkw' frameborder='0' allowfullscreen><\/iframe><\/div>\n<p>&nbsp;<\/p>\n<p><span style=\"text-decoration: underline;\"><strong>Hocico<\/strong><\/span><\/p>\n<p>Ahora s\u00ed voy a dar un giro de 180\u00b0 porque la recomendaci\u00f3n con la que termino corresponde a una banda que trabaja con un electr\u00f3nico oscuro y pesado que a pesar de lo que pudiera perecer una influencia europea evidente, es una propuesta completamente mexicana. Vamos, hay que darles una oportunidad y refrescar nuestros o\u00eddos, ya que despu\u00e9s de vivir m\u00fasica en vivo uno sabe qu\u00e9 tan significativa es esta experiencia.<\/p>\n<style>.embed-container { position: relative; padding-bottom: 56.25%; height: 0; overflow: hidden; max-width: 100%; } .embed-container iframe, .embed-container object, .embed-container embed { position: absolute; top: 0; left: 0; width: 100%; height: 100%; }<\/style>\n<div class='embed-container'><iframe src='https:\/\/www.youtube.com\/embed\/a-1lzP_Y5n4' frameborder='0' allowfullscreen><\/iframe><\/div>\n<p>&nbsp;<\/p>\n<p>Y ahora s\u00ed, <strong>nuestro recorrido<\/strong>\u2026 \u00bflos veremos por ah\u00ed?<\/p>\n<p>13:55 a 14:30 &#8211; <span style=\"color: #ff0000;\"><strong>Siddhartha<\/strong><\/span><br \/>\n14:40 a 15:10 &#8211; <span style=\"color: #ff0000;\">Phito Torres<\/span><br \/>\n15:20 a 15:50 &#8211; <span style=\"color: #ff0000;\">Amanditita<\/span><br \/>\n16:55 a 17:25 &#8211; <span style=\"color: #ff0000;\"><strong>Astro<\/strong><\/span><br \/>\n17:45 a 18:15 &#8211; <span style=\"color: #ff0000;\">Napole\u00f3n Solo<\/span><br \/>\n18:50 a 19:25 &#8211; <span style=\"color: #ff6600;\">Los Infierno<\/span><br \/>\n20:15 a 20:50 &#8211; <span style=\"color: #ff0000;\"><strong>Javiera Mena<\/strong><\/span><br \/>\n21:15 a 21:55 &#8211; <span style=\"color: #008000;\">Descartes a Kant<\/span><br \/>\n22:15 a 23:05 &#8211; <span style=\"color: #008000;\"><strong>Hocico<\/strong><\/span><\/p>\n<p style=\"text-align: right;\"><span style=\"color: #ff0000;\"><em>*Carpa Danup<\/em><\/span><br \/>\n<span style=\"color: #ff6600;\"><em>*Carpa Intolerante<br \/>\n<span style=\"color: #008000;\">*Escenario Indio Blanco <\/span><\/em><\/span><\/p>\n<p>&nbsp;<\/p>\n<p>&nbsp;<\/p>\n","protected":false},"excerpt":{"rendered":"<p>Ha pasado ya el primer d\u00eda del Vive Latino, con un \u00e9xito que era de esperarse, y a\u00fan le faltan dos d\u00edas m\u00e1s de fiesta. Seguiremos cubriendo el festival de m\u00fasica m\u00e1s importante de M\u00e9xico.<\/p>\n","protected":false},"author":2,"featured_media":6413,"comment_status":"open","ping_status":"open","sticky":false,"template":"","format":"standard","meta":{"footnotes":""},"categories":[1,18],"tags":[532,531,36,104,536,306,537,534,492,2611,535,533],"class_list":["post-6401","post","type-post","status-publish","format-standard","has-post-thumbnail","hentry","category-cultura","category-musica","tag-cafe-tacuba","tag-cafe-tacvba","tag-ciudad-de-mexico","tag-conciertos","tag-fat-boy-slim","tag-festival","tag-foro-sol","tag-kinky","tag-molotov","tag-musica","tag-vive-latino","tag-zoe"],"yoast_head":"<!-- This site is optimized with the Yoast SEO plugin v24.7 - https:\/\/yoast.com\/wordpress\/plugins\/seo\/ -->\n<title>\u00bfQu\u00e9 ver en el Vive Latino 2012? D\u00eda 2 &#171; Reconoce MX<\/title>\n<meta name=\"robots\" content=\"index, follow, max-snippet:-1, max-image-preview:large, max-video-preview:-1\" \/>\n<link rel=\"canonical\" href=\"http:\/\/www.reconoce.mx\/?p=6401\" \/>\n<meta property=\"og:locale\" content=\"es_ES\" \/>\n<meta property=\"og:type\" content=\"article\" \/>\n<meta property=\"og:title\" content=\"\u00bfQu\u00e9 ver en el Vive Latino 2012? D\u00eda 2 &#171; Reconoce MX\" \/>\n<meta property=\"og:description\" content=\"Ha pasado ya el primer d\u00eda del Vive Latino, con un \u00e9xito que era de esperarse, y a\u00fan le faltan dos d\u00edas m\u00e1s de fiesta. Seguiremos cubriendo el festival de m\u00fasica m\u00e1s importante de M\u00e9xico.\" \/>\n<meta property=\"og:url\" content=\"http:\/\/www.reconoce.mx\/?p=6401\" \/>\n<meta property=\"og:site_name\" content=\"Reconoce MX\" \/>\n<meta property=\"article:publisher\" content=\"https:\/\/es-la.facebook.com\/ReconoceMX\/\" \/>\n<meta property=\"article:published_time\" content=\"2012-03-25T02:00:24+00:00\" \/>\n<meta property=\"article:modified_time\" content=\"2018-03-13T02:58:58+00:00\" \/>\n<meta property=\"og:image\" content=\"http:\/\/www.reconoce.mx\/wp-content\/uploads\/vl23gente.png\" \/>\n\t<meta property=\"og:image:width\" content=\"649\" \/>\n\t<meta property=\"og:image:height\" content=\"301\" \/>\n\t<meta property=\"og:image:type\" content=\"image\/png\" \/>\n<meta name=\"author\" content=\"Reconoce MX\" \/>\n<meta name=\"twitter:card\" content=\"summary_large_image\" \/>\n<meta name=\"twitter:creator\" content=\"@reconocemx\" \/>\n<meta name=\"twitter:site\" content=\"@reconocemx\" \/>\n<meta name=\"twitter:label1\" content=\"Escrito por\" \/>\n\t<meta name=\"twitter:data1\" content=\"Reconoce MX\" \/>\n\t<meta name=\"twitter:label2\" content=\"Tiempo de lectura\" \/>\n\t<meta name=\"twitter:data2\" content=\"2 minutos\" \/>\n<script type=\"application\/ld+json\" class=\"yoast-schema-graph\">{\"@context\":\"https:\/\/schema.org\",\"@graph\":[{\"@type\":\"Article\",\"@id\":\"http:\/\/www.reconoce.mx\/?p=6401#article\",\"isPartOf\":{\"@id\":\"http:\/\/www.reconoce.mx\/?p=6401\"},\"author\":{\"name\":\"Reconoce MX\",\"@id\":\"http:\/\/www.reconoce.mx\/#\/schema\/person\/2117e997d7051dc15d6880eaf9bca0b2\"},\"headline\":\"\u00bfQu\u00e9 ver en el Vive Latino 2012? D\u00eda 2\",\"datePublished\":\"2012-03-25T02:00:24+00:00\",\"dateModified\":\"2018-03-13T02:58:58+00:00\",\"mainEntityOfPage\":{\"@id\":\"http:\/\/www.reconoce.mx\/?p=6401\"},\"wordCount\":456,\"commentCount\":0,\"publisher\":{\"@id\":\"http:\/\/www.reconoce.mx\/#organization\"},\"image\":{\"@id\":\"http:\/\/www.reconoce.mx\/?p=6401#primaryimage\"},\"thumbnailUrl\":\"https:\/\/www.reconoce.mx\/wp-content\/uploads\/vl23gente.png\",\"keywords\":[\"Caf\u00e9 Tacuba\",\"Caf\u00e9 Tacvba\",\"ciudad de m\u00e9xico\",\"Conciertos\",\"Fat Boy Slim\",\"Festival\",\"Foro Sol\",\"Kinky\",\"Molotov\",\"M\u00fasica\",\"Vive Latino\",\"Zo\u00e9\"],\"articleSection\":[\"Cultura\",\"M\u00fasica\"],\"inLanguage\":\"es\",\"potentialAction\":[{\"@type\":\"CommentAction\",\"name\":\"Comment\",\"target\":[\"http:\/\/www.reconoce.mx\/?p=6401#respond\"]}]},{\"@type\":\"WebPage\",\"@id\":\"http:\/\/www.reconoce.mx\/?p=6401\",\"url\":\"http:\/\/www.reconoce.mx\/?p=6401\",\"name\":\"\u00bfQu\u00e9 ver en el Vive Latino 2012? D\u00eda 2 &#171; Reconoce MX\",\"isPartOf\":{\"@id\":\"http:\/\/www.reconoce.mx\/#website\"},\"primaryImageOfPage\":{\"@id\":\"http:\/\/www.reconoce.mx\/?p=6401#primaryimage\"},\"image\":{\"@id\":\"http:\/\/www.reconoce.mx\/?p=6401#primaryimage\"},\"thumbnailUrl\":\"https:\/\/www.reconoce.mx\/wp-content\/uploads\/vl23gente.png\",\"datePublished\":\"2012-03-25T02:00:24+00:00\",\"dateModified\":\"2018-03-13T02:58:58+00:00\",\"breadcrumb\":{\"@id\":\"http:\/\/www.reconoce.mx\/?p=6401#breadcrumb\"},\"inLanguage\":\"es\",\"potentialAction\":[{\"@type\":\"ReadAction\",\"target\":[\"http:\/\/www.reconoce.mx\/?p=6401\"]}]},{\"@type\":\"ImageObject\",\"inLanguage\":\"es\",\"@id\":\"http:\/\/www.reconoce.mx\/?p=6401#primaryimage\",\"url\":\"https:\/\/www.reconoce.mx\/wp-content\/uploads\/vl23gente.png\",\"contentUrl\":\"https:\/\/www.reconoce.mx\/wp-content\/uploads\/vl23gente.png\",\"width\":649,\"height\":301,\"caption\":\"El ambiente se desata en el Vive Latino. (Foto OCESA\/ Salvador Bonilla).\"},{\"@type\":\"BreadcrumbList\",\"@id\":\"http:\/\/www.reconoce.mx\/?p=6401#breadcrumb\",\"itemListElement\":[{\"@type\":\"ListItem\",\"position\":1,\"name\":\"Portada\",\"item\":\"http:\/\/www.reconoce.mx\/\"},{\"@type\":\"ListItem\",\"position\":2,\"name\":\"\u00bfQu\u00e9 ver en el Vive Latino 2012? D\u00eda 2\"}]},{\"@type\":\"WebSite\",\"@id\":\"http:\/\/www.reconoce.mx\/#website\",\"url\":\"http:\/\/www.reconoce.mx\/\",\"name\":\"Reconoce MX\",\"description\":\"En Reconoce MX difundimos arte, cultura y conciencia social en M\u00e9xico. Tu ciudad en otra perspectiva.\",\"publisher\":{\"@id\":\"http:\/\/www.reconoce.mx\/#organization\"},\"potentialAction\":[{\"@type\":\"SearchAction\",\"target\":{\"@type\":\"EntryPoint\",\"urlTemplate\":\"http:\/\/www.reconoce.mx\/?s={search_term_string}\"},\"query-input\":{\"@type\":\"PropertyValueSpecification\",\"valueRequired\":true,\"valueName\":\"search_term_string\"}}],\"inLanguage\":\"es\"},{\"@type\":\"Organization\",\"@id\":\"http:\/\/www.reconoce.mx\/#organization\",\"name\":\"Reconoce MX\",\"url\":\"http:\/\/www.reconoce.mx\/\",\"logo\":{\"@type\":\"ImageObject\",\"inLanguage\":\"es\",\"@id\":\"http:\/\/www.reconoce.mx\/#\/schema\/logo\/image\/\",\"url\":\"https:\/\/www.reconoce.mx\/wp-content\/uploads\/2019\/03\/logorcmx-good-1.png\",\"contentUrl\":\"https:\/\/www.reconoce.mx\/wp-content\/uploads\/2019\/03\/logorcmx-good-1.png\",\"width\":280,\"height\":90,\"caption\":\"Reconoce MX\"},\"image\":{\"@id\":\"http:\/\/www.reconoce.mx\/#\/schema\/logo\/image\/\"},\"sameAs\":[\"https:\/\/es-la.facebook.com\/ReconoceMX\/\",\"https:\/\/x.com\/reconocemx\",\"http:\/\/@reconocemx\"]},{\"@type\":\"Person\",\"@id\":\"http:\/\/www.reconoce.mx\/#\/schema\/person\/2117e997d7051dc15d6880eaf9bca0b2\",\"name\":\"Reconoce MX\",\"image\":{\"@type\":\"ImageObject\",\"inLanguage\":\"es\",\"@id\":\"http:\/\/www.reconoce.mx\/#\/schema\/person\/image\/\",\"url\":\"https:\/\/secure.gravatar.com\/avatar\/6c8d4dc7569ca1c90c5fdcc349f839d5ddef6fe1e70b4337ead2ef1a4c43fc3a?s=96&d=identicon&r=g\",\"contentUrl\":\"https:\/\/secure.gravatar.com\/avatar\/6c8d4dc7569ca1c90c5fdcc349f839d5ddef6fe1e70b4337ead2ef1a4c43fc3a?s=96&d=identicon&r=g\",\"caption\":\"Reconoce MX\"},\"description\":\"Reconoce MX es un proyecto de difusi\u00f3n art\u00edstica, cultural y de conciencia social que est\u00e1 enfocado a difundir y fomentar el entretenimiento alternativo de calidad para todo el p\u00fablico que comparta el mismo entusiasmo.\",\"sameAs\":[\"http:\/\/www.reconoce.mx\"],\"url\":\"https:\/\/www.reconoce.mx\/?author=2\"}]}<\/script>\n<!-- \/ Yoast SEO plugin. -->","yoast_head_json":{"title":"\u00bfQu\u00e9 ver en el Vive Latino 2012? D\u00eda 2 &#171; Reconoce MX","robots":{"index":"index","follow":"follow","max-snippet":"max-snippet:-1","max-image-preview":"max-image-preview:large","max-video-preview":"max-video-preview:-1"},"canonical":"http:\/\/www.reconoce.mx\/?p=6401","og_locale":"es_ES","og_type":"article","og_title":"\u00bfQu\u00e9 ver en el Vive Latino 2012? D\u00eda 2 &#171; Reconoce MX","og_description":"Ha pasado ya el primer d\u00eda del Vive Latino, con un \u00e9xito que era de esperarse, y a\u00fan le faltan dos d\u00edas m\u00e1s de fiesta. Seguiremos cubriendo el festival de m\u00fasica m\u00e1s importante de M\u00e9xico.","og_url":"http:\/\/www.reconoce.mx\/?p=6401","og_site_name":"Reconoce MX","article_publisher":"https:\/\/es-la.facebook.com\/ReconoceMX\/","article_published_time":"2012-03-25T02:00:24+00:00","article_modified_time":"2018-03-13T02:58:58+00:00","og_image":[{"width":649,"height":301,"url":"http:\/\/www.reconoce.mx\/wp-content\/uploads\/vl23gente.png","type":"image\/png"}],"author":"Reconoce MX","twitter_card":"summary_large_image","twitter_creator":"@reconocemx","twitter_site":"@reconocemx","twitter_misc":{"Escrito por":"Reconoce MX","Tiempo de lectura":"2 minutos"},"schema":{"@context":"https:\/\/schema.org","@graph":[{"@type":"Article","@id":"http:\/\/www.reconoce.mx\/?p=6401#article","isPartOf":{"@id":"http:\/\/www.reconoce.mx\/?p=6401"},"author":{"name":"Reconoce MX","@id":"http:\/\/www.reconoce.mx\/#\/schema\/person\/2117e997d7051dc15d6880eaf9bca0b2"},"headline":"\u00bfQu\u00e9 ver en el Vive Latino 2012? D\u00eda 2","datePublished":"2012-03-25T02:00:24+00:00","dateModified":"2018-03-13T02:58:58+00:00","mainEntityOfPage":{"@id":"http:\/\/www.reconoce.mx\/?p=6401"},"wordCount":456,"commentCount":0,"publisher":{"@id":"http:\/\/www.reconoce.mx\/#organization"},"image":{"@id":"http:\/\/www.reconoce.mx\/?p=6401#primaryimage"},"thumbnailUrl":"https:\/\/www.reconoce.mx\/wp-content\/uploads\/vl23gente.png","keywords":["Caf\u00e9 Tacuba","Caf\u00e9 Tacvba","ciudad de m\u00e9xico","Conciertos","Fat Boy Slim","Festival","Foro Sol","Kinky","Molotov","M\u00fasica","Vive Latino","Zo\u00e9"],"articleSection":["Cultura","M\u00fasica"],"inLanguage":"es","potentialAction":[{"@type":"CommentAction","name":"Comment","target":["http:\/\/www.reconoce.mx\/?p=6401#respond"]}]},{"@type":"WebPage","@id":"http:\/\/www.reconoce.mx\/?p=6401","url":"http:\/\/www.reconoce.mx\/?p=6401","name":"\u00bfQu\u00e9 ver en el Vive Latino 2012? D\u00eda 2 &#171; Reconoce MX","isPartOf":{"@id":"http:\/\/www.reconoce.mx\/#website"},"primaryImageOfPage":{"@id":"http:\/\/www.reconoce.mx\/?p=6401#primaryimage"},"image":{"@id":"http:\/\/www.reconoce.mx\/?p=6401#primaryimage"},"thumbnailUrl":"https:\/\/www.reconoce.mx\/wp-content\/uploads\/vl23gente.png","datePublished":"2012-03-25T02:00:24+00:00","dateModified":"2018-03-13T02:58:58+00:00","breadcrumb":{"@id":"http:\/\/www.reconoce.mx\/?p=6401#breadcrumb"},"inLanguage":"es","potentialAction":[{"@type":"ReadAction","target":["http:\/\/www.reconoce.mx\/?p=6401"]}]},{"@type":"ImageObject","inLanguage":"es","@id":"http:\/\/www.reconoce.mx\/?p=6401#primaryimage","url":"https:\/\/www.reconoce.mx\/wp-content\/uploads\/vl23gente.png","contentUrl":"https:\/\/www.reconoce.mx\/wp-content\/uploads\/vl23gente.png","width":649,"height":301,"caption":"El ambiente se desata en el Vive Latino. (Foto OCESA\/ Salvador Bonilla)."},{"@type":"BreadcrumbList","@id":"http:\/\/www.reconoce.mx\/?p=6401#breadcrumb","itemListElement":[{"@type":"ListItem","position":1,"name":"Portada","item":"http:\/\/www.reconoce.mx\/"},{"@type":"ListItem","position":2,"name":"\u00bfQu\u00e9 ver en el Vive Latino 2012? D\u00eda 2"}]},{"@type":"WebSite","@id":"http:\/\/www.reconoce.mx\/#website","url":"http:\/\/www.reconoce.mx\/","name":"Reconoce MX","description":"En Reconoce MX difundimos arte, cultura y conciencia social en M\u00e9xico. Tu ciudad en otra perspectiva.","publisher":{"@id":"http:\/\/www.reconoce.mx\/#organization"},"potentialAction":[{"@type":"SearchAction","target":{"@type":"EntryPoint","urlTemplate":"http:\/\/www.reconoce.mx\/?s={search_term_string}"},"query-input":{"@type":"PropertyValueSpecification","valueRequired":true,"valueName":"search_term_string"}}],"inLanguage":"es"},{"@type":"Organization","@id":"http:\/\/www.reconoce.mx\/#organization","name":"Reconoce MX","url":"http:\/\/www.reconoce.mx\/","logo":{"@type":"ImageObject","inLanguage":"es","@id":"http:\/\/www.reconoce.mx\/#\/schema\/logo\/image\/","url":"https:\/\/www.reconoce.mx\/wp-content\/uploads\/2019\/03\/logorcmx-good-1.png","contentUrl":"https:\/\/www.reconoce.mx\/wp-content\/uploads\/2019\/03\/logorcmx-good-1.png","width":280,"height":90,"caption":"Reconoce MX"},"image":{"@id":"http:\/\/www.reconoce.mx\/#\/schema\/logo\/image\/"},"sameAs":["https:\/\/es-la.facebook.com\/ReconoceMX\/","https:\/\/x.com\/reconocemx","http:\/\/@reconocemx"]},{"@type":"Person","@id":"http:\/\/www.reconoce.mx\/#\/schema\/person\/2117e997d7051dc15d6880eaf9bca0b2","name":"Reconoce MX","image":{"@type":"ImageObject","inLanguage":"es","@id":"http:\/\/www.reconoce.mx\/#\/schema\/person\/image\/","url":"https:\/\/secure.gravatar.com\/avatar\/6c8d4dc7569ca1c90c5fdcc349f839d5ddef6fe1e70b4337ead2ef1a4c43fc3a?s=96&d=identicon&r=g","contentUrl":"https:\/\/secure.gravatar.com\/avatar\/6c8d4dc7569ca1c90c5fdcc349f839d5ddef6fe1e70b4337ead2ef1a4c43fc3a?s=96&d=identicon&r=g","caption":"Reconoce MX"},"description":"Reconoce MX es un proyecto de difusi\u00f3n art\u00edstica, cultural y de conciencia social que est\u00e1 enfocado a difundir y fomentar el entretenimiento alternativo de calidad para todo el p\u00fablico que comparta el mismo entusiasmo.","sameAs":["http:\/\/www.reconoce.mx"],"url":"https:\/\/www.reconoce.mx\/?author=2"}]}},"_links":{"self":[{"href":"https:\/\/www.reconoce.mx\/index.php?rest_route=\/wp\/v2\/posts\/6401","targetHints":{"allow":["GET"]}}],"collection":[{"href":"https:\/\/www.reconoce.mx\/index.php?rest_route=\/wp\/v2\/posts"}],"about":[{"href":"https:\/\/www.reconoce.mx\/index.php?rest_route=\/wp\/v2\/types\/post"}],"author":[{"embeddable":true,"href":"https:\/\/www.reconoce.mx\/index.php?rest_route=\/wp\/v2\/users\/2"}],"replies":[{"embeddable":true,"href":"https:\/\/www.reconoce.mx\/index.php?rest_route=%2Fwp%2Fv2%2Fcomments&post=6401"}],"version-history":[{"count":12,"href":"https:\/\/www.reconoce.mx\/index.php?rest_route=\/wp\/v2\/posts\/6401\/revisions"}],"predecessor-version":[{"id":71393,"href":"https:\/\/www.reconoce.mx\/index.php?rest_route=\/wp\/v2\/posts\/6401\/revisions\/71393"}],"wp:featuredmedia":[{"embeddable":true,"href":"https:\/\/www.reconoce.mx\/index.php?rest_route=\/wp\/v2\/media\/6413"}],"wp:attachment":[{"href":"https:\/\/www.reconoce.mx\/index.php?rest_route=%2Fwp%2Fv2%2Fmedia&parent=6401"}],"wp:term":[{"taxonomy":"category","embeddable":true,"href":"https:\/\/www.reconoce.mx\/index.php?rest_route=%2Fwp%2Fv2%2Fcategories&post=6401"},{"taxonomy":"post_tag","embeddable":true,"href":"https:\/\/www.reconoce.mx\/index.php?rest_route=%2Fwp%2Fv2%2Ftags&post=6401"}],"curies":[{"name":"wp","href":"https:\/\/api.w.org\/{rel}","templated":true}]}}