{"id":6522,"date":"2012-03-27T04:00:53","date_gmt":"2012-03-27T04:00:53","guid":{"rendered":"http:\/\/www.reconoce.mx\/?p=6522"},"modified":"2012-04-02T20:31:41","modified_gmt":"2012-04-02T20:31:41","slug":"encuentros-y-desencuentros","status":"publish","type":"post","link":"https:\/\/www.reconoce.mx\/?p=6522","title":{"rendered":"Encuentros y desencuentros"},"content":{"rendered":"<ul id=\"botones-home\">\n<li><script type=\"text\/javascript\" src=\"https:\/\/apis.google.com\/js\/plusone.js\"><\/script><g:plusone width=\"55\" height=\"20\" href=\"http:\/\/www.reconoce.mx\/encuentros-y-desencuentros\/\"><\/g:plusone><\/li>\n<li><a href=\"http:\/\/twitter.com\/share\" class=\"twitter-share-button\" data-url=\"http:\/\/www.reconoce.mx\/encuentros-y-desencuentros\/\" data-count=\"horizontal\" data-via=\"reconocemx\" data-lang=\"es\">Tweet<\/a><script type=\"text\/javascript\" src=\"http:\/\/platform.twitter.com\/widgets.js\"><\/script><\/li>\n<li><iframe src=\"http:\/\/www.facebook.com\/plugins\/like.php?locale=es_ES&amp;href=http%3A%2F%2Freconoce.mx\/encuentros-y-desencuentros\/&amp;send=false&amp;layout=button_count &amp;width=110&amp;show_faces=false&amp;action=like&amp;colorscheme=light&amp;font=verdana&amp;height=21\" scrolling=\"no\" frameborder=\"0\" style=\"border:none; overflow:hidden; width:110px; height:21px;\" allowtransparency=\"true\"><\/iframe><\/li>\n<p><strong>Por <a title=\"@syrenna\" href=\"http:\/\/twitter.com\/#%21\/syrenna\" target=\"_blank\">Mar\u00eda Fernanda P\u00e9rez Reyes<\/a><\/strong>.<\/p>\n<p><strong> <\/strong><\/p>\n<p>El pr\u00f3ximo<strong> s\u00e1bado 31 de marzo, el bailador catal\u00e1n, Sebasti\u00e1n S\u00e1nchez junto con la bailadora mexicana Karla Guzm\u00e1n<\/strong>, se presentar\u00e1 en el Lunario del Auditorio Nacional con el espect\u00e1culo <em>Encuentros y desencuentros<\/em> en punto de las 21:00 hrs.<\/p>\n<div id=\"attachment_6523\" style=\"width: 610px\" class=\"wp-caption aligncenter\"><a href=\"http:\/\/www.reconoce.mx\/wp-content\/uploads\/danza27.png\"><img loading=\"lazy\" decoding=\"async\" aria-describedby=\"caption-attachment-6523\" class=\"size-full wp-image-6523\" title=\"Encuentros y desencuentros.\" src=\"http:\/\/www.reconoce.mx\/wp-content\/uploads\/danza27.png\" alt=\"Encuentros y desencuentros.\" width=\"600\" height=\"275\" \/><\/a><p id=\"caption-attachment-6523\" class=\"wp-caption-text\">Encuentros y desencuentros.<\/p><\/div>\n<p><!--more-->Asimismo, con la participaci\u00f3n de los artistas invitados, Natalia Loza y Aka\u012as Chindosen, Sebasti\u00e1n S\u00e1nchez encabeza <em>Encuentros y desencuentros. <\/em>Dicha obra, con el flamenco como com\u00fan denominador, <strong>nos muestra el incesante andar de los flamencos alrededor del mundo y el azar que los re\u00fane de los modos y en los sitios m\u00e1s inesperados<\/strong>. Siempre, a causa del flamenco. Fuerza, pasi\u00f3n y sentimiento son los elementos caracter\u00edsticos de estos encuentros y desencuentros.<\/p>\n<p>Sebasti\u00e1n S\u00e1nchez es bailar\u00edn, maestro y core\u00f3grafo de flamenco, originario de Buenos Aires, Argentina. Con una experiencia de quince a\u00f1os como docente, este a\u00f1o inici\u00f3 su <strong>Workshop Tour-Sebasti\u00e1n S\u00e1nchez 2012<\/strong> con el que recorrer\u00e1 M\u00e9xico, Argentina, Brasil, Uruguay, Chile y Paraguay difundiendo; a trav\u00e9s de la t\u00e9cnica e interpretaci\u00f3n, su forma de apreciar y entender el arte flamenco.<\/p>\n<p>Como intervenci\u00f3n final en su estancia por la Ciudad de M\u00e9xico presentar\u00e1 <em>Encuentros y desencuentros <\/em>en el Lunario. Es as\u00ed, que Sebasti\u00e1n, Karla, Natalia y Aka\u012as buscan reunirnos este pr\u00f3ximo fin de semana y apreciar <strong>una mezcla del flamenco que se hace aqu\u00ed en M\u00e9xico y en Espa\u00f1a<\/strong>.<\/p>\n<p>Sigue el evento en <strong><a title=\"Sigue el evento en Facebook.\" href=\"http:\/\/www.facebook.com\/events\/184279775015046\/\" target=\"_blank\">Facebook<\/a><\/strong>.<\/p>\n<p>Boletos en <strong><a title=\"Boletos en Ticket Master.\" href=\"http:\/\/www.ticketmaster.com.mx\/Encuentros-y-Desencuentros-Sebastian-Sanchez-y-Karla-Guzman-boletos\/artist\/1701712\" target=\"_blank\">Ticket Master<\/a><\/strong>.<\/p>\n<p>Video promocional en <a title=\"Video promocional en Canal 40.\" href=\"http:\/\/www.facebook.com\/photo.php?v=3417628074438\" target=\"_blank\">Canal 40<\/a>. <a href=\"http:\/\/www.facebook.com\/photo.php?v=3417628074438\"><\/a><\/p>\n<p><strong>P\u00e1gina oficial de <a title=\"Sebasti\u00e1n S\u00e1nchez.\" href=\"http:\/\/sebastiansanchezflamenco.jimdo.com\/\" target=\"_blank\">Sebasti\u00e1n S\u00e1nchez<\/a><\/strong>. <a href=\"http:\/\/sebastiansanchezflamenco.jimdo.com\/\"><\/a><\/p>\n","protected":false},"excerpt":{"rendered":"<p>El pr\u00f3ximo s\u00e1bado 31 de marzo, el bailador catal\u00e1n, Sebasti\u00e1n S\u00e1nchez junto con la bailadora mexicana Karla Guzm\u00e1n, se presentar\u00e1 en el Lunario del Auditorio Nacional.<\/p>\n","protected":false},"author":2,"featured_media":6523,"comment_status":"open","ping_status":"open","sticky":false,"template":"","format":"standard","meta":{"footnotes":""},"categories":[1,112],"tags":[467,521,520,519],"class_list":["post-6522","post","type-post","status-publish","format-standard","has-post-thumbnail","hentry","category-cultura","category-danza","tag-danza-2","tag-karla-guzman","tag-lunario-del-auditorio","tag-sebastian-sanchez"],"yoast_head":"<!-- This site is optimized with the Yoast SEO plugin v24.7 - https:\/\/yoast.com\/wordpress\/plugins\/seo\/ -->\n<title>Encuentros y desencuentros &#171; Reconoce MX<\/title>\n<meta name=\"robots\" content=\"index, follow, max-snippet:-1, max-image-preview:large, max-video-preview:-1\" \/>\n<link rel=\"canonical\" href=\"https:\/\/www.reconoce.mx\/?p=6522\" \/>\n<meta property=\"og:locale\" content=\"es_ES\" \/>\n<meta property=\"og:type\" content=\"article\" \/>\n<meta property=\"og:title\" content=\"Encuentros y desencuentros &#171; Reconoce MX\" \/>\n<meta property=\"og:description\" content=\"El pr\u00f3ximo s\u00e1bado 31 de marzo, el bailador catal\u00e1n, Sebasti\u00e1n S\u00e1nchez junto con la bailadora mexicana Karla Guzm\u00e1n, se presentar\u00e1 en el Lunario del Auditorio Nacional.\" \/>\n<meta property=\"og:url\" content=\"https:\/\/www.reconoce.mx\/?p=6522\" \/>\n<meta property=\"og:site_name\" content=\"Reconoce MX\" \/>\n<meta property=\"article:publisher\" content=\"https:\/\/es-la.facebook.com\/ReconoceMX\/\" \/>\n<meta property=\"article:published_time\" content=\"2012-03-27T04:00:53+00:00\" \/>\n<meta property=\"article:modified_time\" content=\"2012-04-02T20:31:41+00:00\" \/>\n<meta property=\"og:image\" content=\"https:\/\/www.reconoce.mx\/wp-content\/uploads\/danza27.png\" \/>\n\t<meta property=\"og:image:width\" content=\"649\" \/>\n\t<meta property=\"og:image:height\" content=\"301\" \/>\n\t<meta property=\"og:image:type\" content=\"image\/png\" \/>\n<meta name=\"author\" content=\"Reconoce MX\" \/>\n<meta name=\"twitter:card\" content=\"summary_large_image\" \/>\n<meta name=\"twitter:creator\" content=\"@reconocemx\" \/>\n<meta name=\"twitter:site\" content=\"@reconocemx\" \/>\n<meta name=\"twitter:label1\" content=\"Escrito por\" \/>\n\t<meta name=\"twitter:data1\" content=\"Reconoce MX\" \/>\n\t<meta name=\"twitter:label2\" content=\"Tiempo de lectura\" \/>\n\t<meta name=\"twitter:data2\" content=\"1 minuto\" \/>\n<script type=\"application\/ld+json\" class=\"yoast-schema-graph\">{\"@context\":\"https:\/\/schema.org\",\"@graph\":[{\"@type\":\"Article\",\"@id\":\"https:\/\/www.reconoce.mx\/?p=6522#article\",\"isPartOf\":{\"@id\":\"https:\/\/www.reconoce.mx\/?p=6522\"},\"author\":{\"name\":\"Reconoce MX\",\"@id\":\"http:\/\/www.reconoce.mx\/#\/schema\/person\/2117e997d7051dc15d6880eaf9bca0b2\"},\"headline\":\"Encuentros y desencuentros\",\"datePublished\":\"2012-03-27T04:00:53+00:00\",\"dateModified\":\"2012-04-02T20:31:41+00:00\",\"mainEntityOfPage\":{\"@id\":\"https:\/\/www.reconoce.mx\/?p=6522\"},\"wordCount\":290,\"commentCount\":0,\"publisher\":{\"@id\":\"http:\/\/www.reconoce.mx\/#organization\"},\"image\":{\"@id\":\"https:\/\/www.reconoce.mx\/?p=6522#primaryimage\"},\"thumbnailUrl\":\"https:\/\/www.reconoce.mx\/wp-content\/uploads\/danza27.png\",\"keywords\":[\"danza\",\"Karla Guzm\u00e1n\",\"Lunario del Auditorio\",\"Sebasti\u00e1n S\u00e1nchez\"],\"articleSection\":[\"Cultura\",\"Danza\"],\"inLanguage\":\"es\",\"potentialAction\":[{\"@type\":\"CommentAction\",\"name\":\"Comment\",\"target\":[\"https:\/\/www.reconoce.mx\/?p=6522#respond\"]}]},{\"@type\":\"WebPage\",\"@id\":\"https:\/\/www.reconoce.mx\/?p=6522\",\"url\":\"https:\/\/www.reconoce.mx\/?p=6522\",\"name\":\"Encuentros y desencuentros &#171; Reconoce MX\",\"isPartOf\":{\"@id\":\"http:\/\/www.reconoce.mx\/#website\"},\"primaryImageOfPage\":{\"@id\":\"https:\/\/www.reconoce.mx\/?p=6522#primaryimage\"},\"image\":{\"@id\":\"https:\/\/www.reconoce.mx\/?p=6522#primaryimage\"},\"thumbnailUrl\":\"https:\/\/www.reconoce.mx\/wp-content\/uploads\/danza27.png\",\"datePublished\":\"2012-03-27T04:00:53+00:00\",\"dateModified\":\"2012-04-02T20:31:41+00:00\",\"breadcrumb\":{\"@id\":\"https:\/\/www.reconoce.mx\/?p=6522#breadcrumb\"},\"inLanguage\":\"es\",\"potentialAction\":[{\"@type\":\"ReadAction\",\"target\":[\"https:\/\/www.reconoce.mx\/?p=6522\"]}]},{\"@type\":\"ImageObject\",\"inLanguage\":\"es\",\"@id\":\"https:\/\/www.reconoce.mx\/?p=6522#primaryimage\",\"url\":\"https:\/\/www.reconoce.mx\/wp-content\/uploads\/danza27.png\",\"contentUrl\":\"https:\/\/www.reconoce.mx\/wp-content\/uploads\/danza27.png\",\"width\":649,\"height\":301,\"caption\":\"Encuentros y desencuentros.\"},{\"@type\":\"BreadcrumbList\",\"@id\":\"https:\/\/www.reconoce.mx\/?p=6522#breadcrumb\",\"itemListElement\":[{\"@type\":\"ListItem\",\"position\":1,\"name\":\"Portada\",\"item\":\"http:\/\/www.reconoce.mx\/\"},{\"@type\":\"ListItem\",\"position\":2,\"name\":\"Encuentros y desencuentros\"}]},{\"@type\":\"WebSite\",\"@id\":\"http:\/\/www.reconoce.mx\/#website\",\"url\":\"http:\/\/www.reconoce.mx\/\",\"name\":\"Reconoce MX\",\"description\":\"En Reconoce MX difundimos arte, cultura y conciencia social en M\u00e9xico. Tu ciudad en otra perspectiva.\",\"publisher\":{\"@id\":\"http:\/\/www.reconoce.mx\/#organization\"},\"potentialAction\":[{\"@type\":\"SearchAction\",\"target\":{\"@type\":\"EntryPoint\",\"urlTemplate\":\"http:\/\/www.reconoce.mx\/?s={search_term_string}\"},\"query-input\":{\"@type\":\"PropertyValueSpecification\",\"valueRequired\":true,\"valueName\":\"search_term_string\"}}],\"inLanguage\":\"es\"},{\"@type\":\"Organization\",\"@id\":\"http:\/\/www.reconoce.mx\/#organization\",\"name\":\"Reconoce MX\",\"url\":\"http:\/\/www.reconoce.mx\/\",\"logo\":{\"@type\":\"ImageObject\",\"inLanguage\":\"es\",\"@id\":\"http:\/\/www.reconoce.mx\/#\/schema\/logo\/image\/\",\"url\":\"https:\/\/www.reconoce.mx\/wp-content\/uploads\/2019\/03\/logorcmx-good-1.png\",\"contentUrl\":\"https:\/\/www.reconoce.mx\/wp-content\/uploads\/2019\/03\/logorcmx-good-1.png\",\"width\":280,\"height\":90,\"caption\":\"Reconoce MX\"},\"image\":{\"@id\":\"http:\/\/www.reconoce.mx\/#\/schema\/logo\/image\/\"},\"sameAs\":[\"https:\/\/es-la.facebook.com\/ReconoceMX\/\",\"https:\/\/x.com\/reconocemx\",\"http:\/\/@reconocemx\"]},{\"@type\":\"Person\",\"@id\":\"http:\/\/www.reconoce.mx\/#\/schema\/person\/2117e997d7051dc15d6880eaf9bca0b2\",\"name\":\"Reconoce MX\",\"image\":{\"@type\":\"ImageObject\",\"inLanguage\":\"es\",\"@id\":\"http:\/\/www.reconoce.mx\/#\/schema\/person\/image\/\",\"url\":\"https:\/\/secure.gravatar.com\/avatar\/6c8d4dc7569ca1c90c5fdcc349f839d5ddef6fe1e70b4337ead2ef1a4c43fc3a?s=96&d=identicon&r=g\",\"contentUrl\":\"https:\/\/secure.gravatar.com\/avatar\/6c8d4dc7569ca1c90c5fdcc349f839d5ddef6fe1e70b4337ead2ef1a4c43fc3a?s=96&d=identicon&r=g\",\"caption\":\"Reconoce MX\"},\"description\":\"Reconoce MX es un proyecto de difusi\u00f3n art\u00edstica, cultural y de conciencia social que est\u00e1 enfocado a difundir y fomentar el entretenimiento alternativo de calidad para todo el p\u00fablico que comparta el mismo entusiasmo.\",\"sameAs\":[\"http:\/\/www.reconoce.mx\"],\"url\":\"https:\/\/www.reconoce.mx\/?author=2\"}]}<\/script>\n<!-- \/ Yoast SEO plugin. -->","yoast_head_json":{"title":"Encuentros y desencuentros &#171; Reconoce MX","robots":{"index":"index","follow":"follow","max-snippet":"max-snippet:-1","max-image-preview":"max-image-preview:large","max-video-preview":"max-video-preview:-1"},"canonical":"https:\/\/www.reconoce.mx\/?p=6522","og_locale":"es_ES","og_type":"article","og_title":"Encuentros y desencuentros &#171; Reconoce MX","og_description":"El pr\u00f3ximo s\u00e1bado 31 de marzo, el bailador catal\u00e1n, Sebasti\u00e1n S\u00e1nchez junto con la bailadora mexicana Karla Guzm\u00e1n, se presentar\u00e1 en el Lunario del Auditorio Nacional.","og_url":"https:\/\/www.reconoce.mx\/?p=6522","og_site_name":"Reconoce MX","article_publisher":"https:\/\/es-la.facebook.com\/ReconoceMX\/","article_published_time":"2012-03-27T04:00:53+00:00","article_modified_time":"2012-04-02T20:31:41+00:00","og_image":[{"width":649,"height":301,"url":"https:\/\/www.reconoce.mx\/wp-content\/uploads\/danza27.png","type":"image\/png"}],"author":"Reconoce MX","twitter_card":"summary_large_image","twitter_creator":"@reconocemx","twitter_site":"@reconocemx","twitter_misc":{"Escrito por":"Reconoce MX","Tiempo de lectura":"1 minuto"},"schema":{"@context":"https:\/\/schema.org","@graph":[{"@type":"Article","@id":"https:\/\/www.reconoce.mx\/?p=6522#article","isPartOf":{"@id":"https:\/\/www.reconoce.mx\/?p=6522"},"author":{"name":"Reconoce MX","@id":"http:\/\/www.reconoce.mx\/#\/schema\/person\/2117e997d7051dc15d6880eaf9bca0b2"},"headline":"Encuentros y desencuentros","datePublished":"2012-03-27T04:00:53+00:00","dateModified":"2012-04-02T20:31:41+00:00","mainEntityOfPage":{"@id":"https:\/\/www.reconoce.mx\/?p=6522"},"wordCount":290,"commentCount":0,"publisher":{"@id":"http:\/\/www.reconoce.mx\/#organization"},"image":{"@id":"https:\/\/www.reconoce.mx\/?p=6522#primaryimage"},"thumbnailUrl":"https:\/\/www.reconoce.mx\/wp-content\/uploads\/danza27.png","keywords":["danza","Karla Guzm\u00e1n","Lunario del Auditorio","Sebasti\u00e1n S\u00e1nchez"],"articleSection":["Cultura","Danza"],"inLanguage":"es","potentialAction":[{"@type":"CommentAction","name":"Comment","target":["https:\/\/www.reconoce.mx\/?p=6522#respond"]}]},{"@type":"WebPage","@id":"https:\/\/www.reconoce.mx\/?p=6522","url":"https:\/\/www.reconoce.mx\/?p=6522","name":"Encuentros y desencuentros &#171; Reconoce MX","isPartOf":{"@id":"http:\/\/www.reconoce.mx\/#website"},"primaryImageOfPage":{"@id":"https:\/\/www.reconoce.mx\/?p=6522#primaryimage"},"image":{"@id":"https:\/\/www.reconoce.mx\/?p=6522#primaryimage"},"thumbnailUrl":"https:\/\/www.reconoce.mx\/wp-content\/uploads\/danza27.png","datePublished":"2012-03-27T04:00:53+00:00","dateModified":"2012-04-02T20:31:41+00:00","breadcrumb":{"@id":"https:\/\/www.reconoce.mx\/?p=6522#breadcrumb"},"inLanguage":"es","potentialAction":[{"@type":"ReadAction","target":["https:\/\/www.reconoce.mx\/?p=6522"]}]},{"@type":"ImageObject","inLanguage":"es","@id":"https:\/\/www.reconoce.mx\/?p=6522#primaryimage","url":"https:\/\/www.reconoce.mx\/wp-content\/uploads\/danza27.png","contentUrl":"https:\/\/www.reconoce.mx\/wp-content\/uploads\/danza27.png","width":649,"height":301,"caption":"Encuentros y desencuentros."},{"@type":"BreadcrumbList","@id":"https:\/\/www.reconoce.mx\/?p=6522#breadcrumb","itemListElement":[{"@type":"ListItem","position":1,"name":"Portada","item":"http:\/\/www.reconoce.mx\/"},{"@type":"ListItem","position":2,"name":"Encuentros y desencuentros"}]},{"@type":"WebSite","@id":"http:\/\/www.reconoce.mx\/#website","url":"http:\/\/www.reconoce.mx\/","name":"Reconoce MX","description":"En Reconoce MX difundimos arte, cultura y conciencia social en M\u00e9xico. Tu ciudad en otra perspectiva.","publisher":{"@id":"http:\/\/www.reconoce.mx\/#organization"},"potentialAction":[{"@type":"SearchAction","target":{"@type":"EntryPoint","urlTemplate":"http:\/\/www.reconoce.mx\/?s={search_term_string}"},"query-input":{"@type":"PropertyValueSpecification","valueRequired":true,"valueName":"search_term_string"}}],"inLanguage":"es"},{"@type":"Organization","@id":"http:\/\/www.reconoce.mx\/#organization","name":"Reconoce MX","url":"http:\/\/www.reconoce.mx\/","logo":{"@type":"ImageObject","inLanguage":"es","@id":"http:\/\/www.reconoce.mx\/#\/schema\/logo\/image\/","url":"https:\/\/www.reconoce.mx\/wp-content\/uploads\/2019\/03\/logorcmx-good-1.png","contentUrl":"https:\/\/www.reconoce.mx\/wp-content\/uploads\/2019\/03\/logorcmx-good-1.png","width":280,"height":90,"caption":"Reconoce MX"},"image":{"@id":"http:\/\/www.reconoce.mx\/#\/schema\/logo\/image\/"},"sameAs":["https:\/\/es-la.facebook.com\/ReconoceMX\/","https:\/\/x.com\/reconocemx","http:\/\/@reconocemx"]},{"@type":"Person","@id":"http:\/\/www.reconoce.mx\/#\/schema\/person\/2117e997d7051dc15d6880eaf9bca0b2","name":"Reconoce MX","image":{"@type":"ImageObject","inLanguage":"es","@id":"http:\/\/www.reconoce.mx\/#\/schema\/person\/image\/","url":"https:\/\/secure.gravatar.com\/avatar\/6c8d4dc7569ca1c90c5fdcc349f839d5ddef6fe1e70b4337ead2ef1a4c43fc3a?s=96&d=identicon&r=g","contentUrl":"https:\/\/secure.gravatar.com\/avatar\/6c8d4dc7569ca1c90c5fdcc349f839d5ddef6fe1e70b4337ead2ef1a4c43fc3a?s=96&d=identicon&r=g","caption":"Reconoce MX"},"description":"Reconoce MX es un proyecto de difusi\u00f3n art\u00edstica, cultural y de conciencia social que est\u00e1 enfocado a difundir y fomentar el entretenimiento alternativo de calidad para todo el p\u00fablico que comparta el mismo entusiasmo.","sameAs":["http:\/\/www.reconoce.mx"],"url":"https:\/\/www.reconoce.mx\/?author=2"}]}},"_links":{"self":[{"href":"https:\/\/www.reconoce.mx\/index.php?rest_route=\/wp\/v2\/posts\/6522","targetHints":{"allow":["GET"]}}],"collection":[{"href":"https:\/\/www.reconoce.mx\/index.php?rest_route=\/wp\/v2\/posts"}],"about":[{"href":"https:\/\/www.reconoce.mx\/index.php?rest_route=\/wp\/v2\/types\/post"}],"author":[{"embeddable":true,"href":"https:\/\/www.reconoce.mx\/index.php?rest_route=\/wp\/v2\/users\/2"}],"replies":[{"embeddable":true,"href":"https:\/\/www.reconoce.mx\/index.php?rest_route=%2Fwp%2Fv2%2Fcomments&post=6522"}],"version-history":[{"count":9,"href":"https:\/\/www.reconoce.mx\/index.php?rest_route=\/wp\/v2\/posts\/6522\/revisions"}],"predecessor-version":[{"id":6747,"href":"https:\/\/www.reconoce.mx\/index.php?rest_route=\/wp\/v2\/posts\/6522\/revisions\/6747"}],"wp:featuredmedia":[{"embeddable":true,"href":"https:\/\/www.reconoce.mx\/index.php?rest_route=\/wp\/v2\/media\/6523"}],"wp:attachment":[{"href":"https:\/\/www.reconoce.mx\/index.php?rest_route=%2Fwp%2Fv2%2Fmedia&parent=6522"}],"wp:term":[{"taxonomy":"category","embeddable":true,"href":"https:\/\/www.reconoce.mx\/index.php?rest_route=%2Fwp%2Fv2%2Fcategories&post=6522"},{"taxonomy":"post_tag","embeddable":true,"href":"https:\/\/www.reconoce.mx\/index.php?rest_route=%2Fwp%2Fv2%2Ftags&post=6522"}],"curies":[{"name":"wp","href":"https:\/\/api.w.org\/{rel}","templated":true}]}}