{"id":65379,"date":"2017-09-14T00:05:09","date_gmt":"2017-09-14T05:05:09","guid":{"rendered":"http:\/\/www.reconoce.mx\/?p=65379"},"modified":"2017-09-14T11:10:15","modified_gmt":"2017-09-14T16:10:15","slug":"semanairencdmx-mylko-y-digitalism-dan-cierre-perfecto","status":"publish","type":"post","link":"https:\/\/www.reconoce.mx\/?p=65379","title":{"rendered":"#SemanaIRenCDMX: Mylko y Digitalism dan cierre perfecto"},"content":{"rendered":"<p><strong>Por <a href=\"https:\/\/twitter.com\/alice_freckles\" target=\"_blank\" rel=\"noopener noreferrer\">Alicia \u00c1vila Monroy<\/a>.<\/strong><\/p>\n<p>El s\u00e1bado 2 de septiembre por la noche, mucho m\u00e1s capitalinos que las otras noches de la <a href=\"https:\/\/twitter.com\/search?q=%23SemanaIRenCDMX&amp;src=tyah\" target=\"_blank\" rel=\"noopener\">#SemanaIRenCDMX<\/a>, se dieron cita para celebrar el cierre de esta aut\u00e9ntica pachanga musical.<\/p>\n<p><a href=\"http:\/\/www.reconoce.mx\/wp-content\/uploads\/2017\/09\/COJ7024.jpg\"><img loading=\"lazy\" decoding=\"async\" class=\"aligncenter size-full wp-image-65535\" src=\"http:\/\/www.reconoce.mx\/wp-content\/uploads\/2017\/09\/COJ7024.jpg\" alt=\"\" width=\"2095\" height=\"1396\" srcset=\"https:\/\/www.reconoce.mx\/wp-content\/uploads\/2017\/09\/COJ7024.jpg 2095w, https:\/\/www.reconoce.mx\/wp-content\/uploads\/2017\/09\/COJ7024-300x200.jpg 300w, https:\/\/www.reconoce.mx\/wp-content\/uploads\/2017\/09\/COJ7024-768x512.jpg 768w, https:\/\/www.reconoce.mx\/wp-content\/uploads\/2017\/09\/COJ7024-1024x682.jpg 1024w, https:\/\/www.reconoce.mx\/wp-content\/uploads\/2017\/09\/COJ7024-150x100.jpg 150w, https:\/\/www.reconoce.mx\/wp-content\/uploads\/2017\/09\/COJ7024-700x466.jpg 700w, https:\/\/www.reconoce.mx\/wp-content\/uploads\/2017\/09\/COJ7024-658x438.jpg 658w\" sizes=\"auto, (max-width: 2095px) 100vw, 2095px\" \/><\/a><\/p>\n<p>Result\u00f3 ser una noche perfecta despojada de lluvia, el d\u00fao inici\u00f3 su presentaci\u00f3n aproximadamente a las 22:15 horas, unos minutos antes de lo que estaban iniciando las otras bandas teloneras de la semana.<\/p>\n<p>Un incre\u00edble ritmo que te transportaba a la playa hac\u00eda f\u00e1cilmente que te imaginaras junto al mar acompa\u00f1ado de deliciosas notas electr\u00f3nicas. Tanto Jopa como Pato tienen ese don de hacer bailar f\u00e1cilmente a la gente con cada una de sus piezas, elemento b\u00e1sico del g\u00e9nero para mantener al p\u00fablico entretenido y que disfrute de una presentaci\u00f3n de principio a fin.<\/p>\n<p><a href=\"http:\/\/www.reconoce.mx\/wp-content\/uploads\/2017\/09\/COJ7224.jpg\"><img loading=\"lazy\" decoding=\"async\" class=\"aligncenter size-full wp-image-65537\" src=\"http:\/\/www.reconoce.mx\/wp-content\/uploads\/2017\/09\/COJ7224.jpg\" alt=\"\" width=\"1703\" height=\"2555\" srcset=\"https:\/\/www.reconoce.mx\/wp-content\/uploads\/2017\/09\/COJ7224.jpg 1703w, https:\/\/www.reconoce.mx\/wp-content\/uploads\/2017\/09\/COJ7224-200x300.jpg 200w, https:\/\/www.reconoce.mx\/wp-content\/uploads\/2017\/09\/COJ7224-768x1152.jpg 768w, https:\/\/www.reconoce.mx\/wp-content\/uploads\/2017\/09\/COJ7224-683x1024.jpg 683w, https:\/\/www.reconoce.mx\/wp-content\/uploads\/2017\/09\/COJ7224-150x225.jpg 150w, https:\/\/www.reconoce.mx\/wp-content\/uploads\/2017\/09\/COJ7224-700x1050.jpg 700w, https:\/\/www.reconoce.mx\/wp-content\/uploads\/2017\/09\/COJ7224-658x987.jpg 658w, https:\/\/www.reconoce.mx\/wp-content\/uploads\/2017\/09\/COJ7224-300x450.jpg 300w\" sizes=\"auto, (max-width: 1703px) 100vw, 1703px\" \/><\/a><\/p>\n<p>Durante los d\u00edas que tuvimos la oportunidad de ir a cubrir y de disfrutar tanto ambiente amistoso junto a las bandas que formaron el cartel, nos percatamos que sin importar si vas solo o acompa\u00f1ado, si conoces a la banda o es nueva para ti, si tienes una chela en la mano, un vaso de agua o nada, la m\u00fasica puede disfrutarse en su totalidad.<\/p>\n<p><strong>Mylko<\/strong> es, en el marco de la palabra, uno de los proyectos \u201cnuevos\u201d que est\u00e1 dedic\u00e1ndose de lleno a una de sus m\u00e1s grandes pasiones: la m\u00fasica. Ambos productores originarios de la Ciudad de M\u00e9xico lograron encontrar ese elemento que los ha llevado a tener repercusi\u00f3n en otras latitudes con ideas originales y\u2026 \u00a1Van por m\u00e1s!<\/p>\n<p><a href=\"http:\/\/www.reconoce.mx\/wp-content\/uploads\/2017\/09\/COJ7096.jpg\"><img loading=\"lazy\" decoding=\"async\" class=\"aligncenter size-full wp-image-65536\" src=\"http:\/\/www.reconoce.mx\/wp-content\/uploads\/2017\/09\/COJ7096.jpg\" alt=\"\" width=\"2784\" height=\"1856\" srcset=\"https:\/\/www.reconoce.mx\/wp-content\/uploads\/2017\/09\/COJ7096.jpg 2784w, https:\/\/www.reconoce.mx\/wp-content\/uploads\/2017\/09\/COJ7096-300x200.jpg 300w, https:\/\/www.reconoce.mx\/wp-content\/uploads\/2017\/09\/COJ7096-768x512.jpg 768w, https:\/\/www.reconoce.mx\/wp-content\/uploads\/2017\/09\/COJ7096-1024x683.jpg 1024w, https:\/\/www.reconoce.mx\/wp-content\/uploads\/2017\/09\/COJ7096-150x100.jpg 150w, https:\/\/www.reconoce.mx\/wp-content\/uploads\/2017\/09\/COJ7096-700x467.jpg 700w, https:\/\/www.reconoce.mx\/wp-content\/uploads\/2017\/09\/COJ7096-658x439.jpg 658w\" sizes=\"auto, (max-width: 2784px) 100vw, 2784px\" \/><\/a><\/p>\n<p>La serie de conciertos concluy\u00f3 con el \u00faltimo show pasadas las 23:00 horas a cargo del d\u00fao alem\u00e1n <strong>Digitalism<\/strong>. Destellos de luz y sonido se apoderaron del recinto desde las primeras notas que sonaron.<\/p>\n<p>Siempre fue cuesti\u00f3n de tiempo, pero no pas\u00f3 tanto para reconocer a la dupla como uno de los mejores proyectos. Definitivamente <strong>Mylko<\/strong> y <strong>Digitalism<\/strong> fueron los indicados para hacer tremenda fiesta y complacer a un p\u00fablico presente en todos sus sentidos.<\/p>\n<p style=\"text-align: right;\">Fotos de <strong>Claudia Ochoa<\/strong> cortes\u00eda de <strong>Malfi Co<\/strong>.<\/p>\n<p>&nbsp;<\/p>\n<p>&nbsp;<\/p>\n","protected":false},"excerpt":{"rendered":"<p>El s\u00e1bado 2 de septiembre por la noche, mucho m\u00e1s capitalinos que las otras noches de la #SemanaIRenCDMX, se dieron cita para celebrar el cierre de esta aut\u00e9ntica pachanga musical.<\/p>\n","protected":false},"author":2,"featured_media":65538,"comment_status":"open","ping_status":"open","sticky":false,"template":"","format":"standard","meta":{"footnotes":""},"categories":[1,18,17],"tags":[],"class_list":["post-65379","post","type-post","status-publish","format-standard","has-post-thumbnail","hentry","category-cultura","category-musica","category-principal"],"yoast_head":"<!-- This site is optimized with the Yoast SEO plugin v24.7 - https:\/\/yoast.com\/wordpress\/plugins\/seo\/ -->\n<title>#SemanaIRenCDMX: Mylko y Digitalism dan cierre perfecto &#171; Reconoce MX<\/title>\n<meta name=\"robots\" content=\"index, follow, max-snippet:-1, max-image-preview:large, max-video-preview:-1\" \/>\n<link rel=\"canonical\" href=\"https:\/\/www.reconoce.mx\/?p=65379\" \/>\n<meta property=\"og:locale\" content=\"es_ES\" \/>\n<meta property=\"og:type\" content=\"article\" \/>\n<meta property=\"og:title\" content=\"#SemanaIRenCDMX: Mylko y Digitalism dan cierre perfecto &#171; Reconoce MX\" \/>\n<meta property=\"og:description\" content=\"El s\u00e1bado 2 de septiembre por la noche, mucho m\u00e1s capitalinos que las otras noches de la #SemanaIRenCDMX, se dieron cita para celebrar el cierre de esta aut\u00e9ntica pachanga musical.\" \/>\n<meta property=\"og:url\" content=\"https:\/\/www.reconoce.mx\/?p=65379\" \/>\n<meta property=\"og:site_name\" content=\"Reconoce MX\" \/>\n<meta property=\"article:publisher\" content=\"https:\/\/es-la.facebook.com\/ReconoceMX\/\" \/>\n<meta property=\"article:published_time\" content=\"2017-09-14T05:05:09+00:00\" \/>\n<meta property=\"article:modified_time\" content=\"2017-09-14T16:10:15+00:00\" \/>\n<meta property=\"og:image\" content=\"https:\/\/www.reconoce.mx\/wp-content\/uploads\/2017\/09\/digitalism-cover.png\" \/>\n\t<meta property=\"og:image:width\" content=\"590\" \/>\n\t<meta property=\"og:image:height\" content=\"380\" \/>\n\t<meta property=\"og:image:type\" content=\"image\/png\" \/>\n<meta name=\"author\" content=\"Reconoce MX\" \/>\n<meta name=\"twitter:card\" content=\"summary_large_image\" \/>\n<meta name=\"twitter:creator\" content=\"@reconocemx\" \/>\n<meta name=\"twitter:site\" content=\"@reconocemx\" \/>\n<meta name=\"twitter:label1\" content=\"Escrito por\" \/>\n\t<meta name=\"twitter:data1\" content=\"Reconoce MX\" \/>\n\t<meta name=\"twitter:label2\" content=\"Tiempo de lectura\" \/>\n\t<meta name=\"twitter:data2\" content=\"2 minutos\" \/>\n<script type=\"application\/ld+json\" class=\"yoast-schema-graph\">{\"@context\":\"https:\/\/schema.org\",\"@graph\":[{\"@type\":\"Article\",\"@id\":\"https:\/\/www.reconoce.mx\/?p=65379#article\",\"isPartOf\":{\"@id\":\"https:\/\/www.reconoce.mx\/?p=65379\"},\"author\":{\"name\":\"Reconoce MX\",\"@id\":\"http:\/\/www.reconoce.mx\/#\/schema\/person\/2117e997d7051dc15d6880eaf9bca0b2\"},\"headline\":\"#SemanaIRenCDMX: Mylko y Digitalism dan cierre perfecto\",\"datePublished\":\"2017-09-14T05:05:09+00:00\",\"dateModified\":\"2017-09-14T16:10:15+00:00\",\"mainEntityOfPage\":{\"@id\":\"https:\/\/www.reconoce.mx\/?p=65379\"},\"wordCount\":367,\"commentCount\":0,\"publisher\":{\"@id\":\"http:\/\/www.reconoce.mx\/#organization\"},\"image\":{\"@id\":\"https:\/\/www.reconoce.mx\/?p=65379#primaryimage\"},\"thumbnailUrl\":\"https:\/\/www.reconoce.mx\/wp-content\/uploads\/2017\/09\/digitalism-cover.png\",\"articleSection\":[\"Cultura\",\"M\u00fasica\",\"Principal\"],\"inLanguage\":\"es\",\"potentialAction\":[{\"@type\":\"CommentAction\",\"name\":\"Comment\",\"target\":[\"https:\/\/www.reconoce.mx\/?p=65379#respond\"]}]},{\"@type\":\"WebPage\",\"@id\":\"https:\/\/www.reconoce.mx\/?p=65379\",\"url\":\"https:\/\/www.reconoce.mx\/?p=65379\",\"name\":\"#SemanaIRenCDMX: Mylko y Digitalism dan cierre perfecto &#171; Reconoce MX\",\"isPartOf\":{\"@id\":\"http:\/\/www.reconoce.mx\/#website\"},\"primaryImageOfPage\":{\"@id\":\"https:\/\/www.reconoce.mx\/?p=65379#primaryimage\"},\"image\":{\"@id\":\"https:\/\/www.reconoce.mx\/?p=65379#primaryimage\"},\"thumbnailUrl\":\"https:\/\/www.reconoce.mx\/wp-content\/uploads\/2017\/09\/digitalism-cover.png\",\"datePublished\":\"2017-09-14T05:05:09+00:00\",\"dateModified\":\"2017-09-14T16:10:15+00:00\",\"breadcrumb\":{\"@id\":\"https:\/\/www.reconoce.mx\/?p=65379#breadcrumb\"},\"inLanguage\":\"es\",\"potentialAction\":[{\"@type\":\"ReadAction\",\"target\":[\"https:\/\/www.reconoce.mx\/?p=65379\"]}]},{\"@type\":\"ImageObject\",\"inLanguage\":\"es\",\"@id\":\"https:\/\/www.reconoce.mx\/?p=65379#primaryimage\",\"url\":\"https:\/\/www.reconoce.mx\/wp-content\/uploads\/2017\/09\/digitalism-cover.png\",\"contentUrl\":\"https:\/\/www.reconoce.mx\/wp-content\/uploads\/2017\/09\/digitalism-cover.png\",\"width\":590,\"height\":380},{\"@type\":\"BreadcrumbList\",\"@id\":\"https:\/\/www.reconoce.mx\/?p=65379#breadcrumb\",\"itemListElement\":[{\"@type\":\"ListItem\",\"position\":1,\"name\":\"Portada\",\"item\":\"http:\/\/www.reconoce.mx\/\"},{\"@type\":\"ListItem\",\"position\":2,\"name\":\"#SemanaIRenCDMX: Mylko y Digitalism dan cierre perfecto\"}]},{\"@type\":\"WebSite\",\"@id\":\"http:\/\/www.reconoce.mx\/#website\",\"url\":\"http:\/\/www.reconoce.mx\/\",\"name\":\"Reconoce MX\",\"description\":\"En Reconoce MX difundimos arte, cultura y conciencia social en M\u00e9xico. Tu ciudad en otra perspectiva.\",\"publisher\":{\"@id\":\"http:\/\/www.reconoce.mx\/#organization\"},\"potentialAction\":[{\"@type\":\"SearchAction\",\"target\":{\"@type\":\"EntryPoint\",\"urlTemplate\":\"http:\/\/www.reconoce.mx\/?s={search_term_string}\"},\"query-input\":{\"@type\":\"PropertyValueSpecification\",\"valueRequired\":true,\"valueName\":\"search_term_string\"}}],\"inLanguage\":\"es\"},{\"@type\":\"Organization\",\"@id\":\"http:\/\/www.reconoce.mx\/#organization\",\"name\":\"Reconoce MX\",\"url\":\"http:\/\/www.reconoce.mx\/\",\"logo\":{\"@type\":\"ImageObject\",\"inLanguage\":\"es\",\"@id\":\"http:\/\/www.reconoce.mx\/#\/schema\/logo\/image\/\",\"url\":\"https:\/\/www.reconoce.mx\/wp-content\/uploads\/2019\/03\/logorcmx-good-1.png\",\"contentUrl\":\"https:\/\/www.reconoce.mx\/wp-content\/uploads\/2019\/03\/logorcmx-good-1.png\",\"width\":280,\"height\":90,\"caption\":\"Reconoce MX\"},\"image\":{\"@id\":\"http:\/\/www.reconoce.mx\/#\/schema\/logo\/image\/\"},\"sameAs\":[\"https:\/\/es-la.facebook.com\/ReconoceMX\/\",\"https:\/\/x.com\/reconocemx\",\"http:\/\/@reconocemx\"]},{\"@type\":\"Person\",\"@id\":\"http:\/\/www.reconoce.mx\/#\/schema\/person\/2117e997d7051dc15d6880eaf9bca0b2\",\"name\":\"Reconoce MX\",\"image\":{\"@type\":\"ImageObject\",\"inLanguage\":\"es\",\"@id\":\"http:\/\/www.reconoce.mx\/#\/schema\/person\/image\/\",\"url\":\"https:\/\/secure.gravatar.com\/avatar\/6c8d4dc7569ca1c90c5fdcc349f839d5ddef6fe1e70b4337ead2ef1a4c43fc3a?s=96&d=identicon&r=g\",\"contentUrl\":\"https:\/\/secure.gravatar.com\/avatar\/6c8d4dc7569ca1c90c5fdcc349f839d5ddef6fe1e70b4337ead2ef1a4c43fc3a?s=96&d=identicon&r=g\",\"caption\":\"Reconoce MX\"},\"description\":\"Reconoce MX es un proyecto de difusi\u00f3n art\u00edstica, cultural y de conciencia social que est\u00e1 enfocado a difundir y fomentar el entretenimiento alternativo de calidad para todo el p\u00fablico que comparta el mismo entusiasmo.\",\"sameAs\":[\"http:\/\/www.reconoce.mx\"],\"url\":\"https:\/\/www.reconoce.mx\/?author=2\"}]}<\/script>\n<!-- \/ Yoast SEO plugin. -->","yoast_head_json":{"title":"#SemanaIRenCDMX: Mylko y Digitalism dan cierre perfecto &#171; Reconoce MX","robots":{"index":"index","follow":"follow","max-snippet":"max-snippet:-1","max-image-preview":"max-image-preview:large","max-video-preview":"max-video-preview:-1"},"canonical":"https:\/\/www.reconoce.mx\/?p=65379","og_locale":"es_ES","og_type":"article","og_title":"#SemanaIRenCDMX: Mylko y Digitalism dan cierre perfecto &#171; Reconoce MX","og_description":"El s\u00e1bado 2 de septiembre por la noche, mucho m\u00e1s capitalinos que las otras noches de la #SemanaIRenCDMX, se dieron cita para celebrar el cierre de esta aut\u00e9ntica pachanga musical.","og_url":"https:\/\/www.reconoce.mx\/?p=65379","og_site_name":"Reconoce MX","article_publisher":"https:\/\/es-la.facebook.com\/ReconoceMX\/","article_published_time":"2017-09-14T05:05:09+00:00","article_modified_time":"2017-09-14T16:10:15+00:00","og_image":[{"width":590,"height":380,"url":"https:\/\/www.reconoce.mx\/wp-content\/uploads\/2017\/09\/digitalism-cover.png","type":"image\/png"}],"author":"Reconoce MX","twitter_card":"summary_large_image","twitter_creator":"@reconocemx","twitter_site":"@reconocemx","twitter_misc":{"Escrito por":"Reconoce MX","Tiempo de lectura":"2 minutos"},"schema":{"@context":"https:\/\/schema.org","@graph":[{"@type":"Article","@id":"https:\/\/www.reconoce.mx\/?p=65379#article","isPartOf":{"@id":"https:\/\/www.reconoce.mx\/?p=65379"},"author":{"name":"Reconoce MX","@id":"http:\/\/www.reconoce.mx\/#\/schema\/person\/2117e997d7051dc15d6880eaf9bca0b2"},"headline":"#SemanaIRenCDMX: Mylko y Digitalism dan cierre perfecto","datePublished":"2017-09-14T05:05:09+00:00","dateModified":"2017-09-14T16:10:15+00:00","mainEntityOfPage":{"@id":"https:\/\/www.reconoce.mx\/?p=65379"},"wordCount":367,"commentCount":0,"publisher":{"@id":"http:\/\/www.reconoce.mx\/#organization"},"image":{"@id":"https:\/\/www.reconoce.mx\/?p=65379#primaryimage"},"thumbnailUrl":"https:\/\/www.reconoce.mx\/wp-content\/uploads\/2017\/09\/digitalism-cover.png","articleSection":["Cultura","M\u00fasica","Principal"],"inLanguage":"es","potentialAction":[{"@type":"CommentAction","name":"Comment","target":["https:\/\/www.reconoce.mx\/?p=65379#respond"]}]},{"@type":"WebPage","@id":"https:\/\/www.reconoce.mx\/?p=65379","url":"https:\/\/www.reconoce.mx\/?p=65379","name":"#SemanaIRenCDMX: Mylko y Digitalism dan cierre perfecto &#171; Reconoce MX","isPartOf":{"@id":"http:\/\/www.reconoce.mx\/#website"},"primaryImageOfPage":{"@id":"https:\/\/www.reconoce.mx\/?p=65379#primaryimage"},"image":{"@id":"https:\/\/www.reconoce.mx\/?p=65379#primaryimage"},"thumbnailUrl":"https:\/\/www.reconoce.mx\/wp-content\/uploads\/2017\/09\/digitalism-cover.png","datePublished":"2017-09-14T05:05:09+00:00","dateModified":"2017-09-14T16:10:15+00:00","breadcrumb":{"@id":"https:\/\/www.reconoce.mx\/?p=65379#breadcrumb"},"inLanguage":"es","potentialAction":[{"@type":"ReadAction","target":["https:\/\/www.reconoce.mx\/?p=65379"]}]},{"@type":"ImageObject","inLanguage":"es","@id":"https:\/\/www.reconoce.mx\/?p=65379#primaryimage","url":"https:\/\/www.reconoce.mx\/wp-content\/uploads\/2017\/09\/digitalism-cover.png","contentUrl":"https:\/\/www.reconoce.mx\/wp-content\/uploads\/2017\/09\/digitalism-cover.png","width":590,"height":380},{"@type":"BreadcrumbList","@id":"https:\/\/www.reconoce.mx\/?p=65379#breadcrumb","itemListElement":[{"@type":"ListItem","position":1,"name":"Portada","item":"http:\/\/www.reconoce.mx\/"},{"@type":"ListItem","position":2,"name":"#SemanaIRenCDMX: Mylko y Digitalism dan cierre perfecto"}]},{"@type":"WebSite","@id":"http:\/\/www.reconoce.mx\/#website","url":"http:\/\/www.reconoce.mx\/","name":"Reconoce MX","description":"En Reconoce MX difundimos arte, cultura y conciencia social en M\u00e9xico. Tu ciudad en otra perspectiva.","publisher":{"@id":"http:\/\/www.reconoce.mx\/#organization"},"potentialAction":[{"@type":"SearchAction","target":{"@type":"EntryPoint","urlTemplate":"http:\/\/www.reconoce.mx\/?s={search_term_string}"},"query-input":{"@type":"PropertyValueSpecification","valueRequired":true,"valueName":"search_term_string"}}],"inLanguage":"es"},{"@type":"Organization","@id":"http:\/\/www.reconoce.mx\/#organization","name":"Reconoce MX","url":"http:\/\/www.reconoce.mx\/","logo":{"@type":"ImageObject","inLanguage":"es","@id":"http:\/\/www.reconoce.mx\/#\/schema\/logo\/image\/","url":"https:\/\/www.reconoce.mx\/wp-content\/uploads\/2019\/03\/logorcmx-good-1.png","contentUrl":"https:\/\/www.reconoce.mx\/wp-content\/uploads\/2019\/03\/logorcmx-good-1.png","width":280,"height":90,"caption":"Reconoce MX"},"image":{"@id":"http:\/\/www.reconoce.mx\/#\/schema\/logo\/image\/"},"sameAs":["https:\/\/es-la.facebook.com\/ReconoceMX\/","https:\/\/x.com\/reconocemx","http:\/\/@reconocemx"]},{"@type":"Person","@id":"http:\/\/www.reconoce.mx\/#\/schema\/person\/2117e997d7051dc15d6880eaf9bca0b2","name":"Reconoce MX","image":{"@type":"ImageObject","inLanguage":"es","@id":"http:\/\/www.reconoce.mx\/#\/schema\/person\/image\/","url":"https:\/\/secure.gravatar.com\/avatar\/6c8d4dc7569ca1c90c5fdcc349f839d5ddef6fe1e70b4337ead2ef1a4c43fc3a?s=96&d=identicon&r=g","contentUrl":"https:\/\/secure.gravatar.com\/avatar\/6c8d4dc7569ca1c90c5fdcc349f839d5ddef6fe1e70b4337ead2ef1a4c43fc3a?s=96&d=identicon&r=g","caption":"Reconoce MX"},"description":"Reconoce MX es un proyecto de difusi\u00f3n art\u00edstica, cultural y de conciencia social que est\u00e1 enfocado a difundir y fomentar el entretenimiento alternativo de calidad para todo el p\u00fablico que comparta el mismo entusiasmo.","sameAs":["http:\/\/www.reconoce.mx"],"url":"https:\/\/www.reconoce.mx\/?author=2"}]}},"_links":{"self":[{"href":"https:\/\/www.reconoce.mx\/index.php?rest_route=\/wp\/v2\/posts\/65379","targetHints":{"allow":["GET"]}}],"collection":[{"href":"https:\/\/www.reconoce.mx\/index.php?rest_route=\/wp\/v2\/posts"}],"about":[{"href":"https:\/\/www.reconoce.mx\/index.php?rest_route=\/wp\/v2\/types\/post"}],"author":[{"embeddable":true,"href":"https:\/\/www.reconoce.mx\/index.php?rest_route=\/wp\/v2\/users\/2"}],"replies":[{"embeddable":true,"href":"https:\/\/www.reconoce.mx\/index.php?rest_route=%2Fwp%2Fv2%2Fcomments&post=65379"}],"version-history":[{"count":2,"href":"https:\/\/www.reconoce.mx\/index.php?rest_route=\/wp\/v2\/posts\/65379\/revisions"}],"predecessor-version":[{"id":65539,"href":"https:\/\/www.reconoce.mx\/index.php?rest_route=\/wp\/v2\/posts\/65379\/revisions\/65539"}],"wp:featuredmedia":[{"embeddable":true,"href":"https:\/\/www.reconoce.mx\/index.php?rest_route=\/wp\/v2\/media\/65538"}],"wp:attachment":[{"href":"https:\/\/www.reconoce.mx\/index.php?rest_route=%2Fwp%2Fv2%2Fmedia&parent=65379"}],"wp:term":[{"taxonomy":"category","embeddable":true,"href":"https:\/\/www.reconoce.mx\/index.php?rest_route=%2Fwp%2Fv2%2Fcategories&post=65379"},{"taxonomy":"post_tag","embeddable":true,"href":"https:\/\/www.reconoce.mx\/index.php?rest_route=%2Fwp%2Fv2%2Ftags&post=65379"}],"curies":[{"name":"wp","href":"https:\/\/api.w.org\/{rel}","templated":true}]}}