{"id":65474,"date":"2017-09-13T00:05:55","date_gmt":"2017-09-13T05:05:55","guid":{"rendered":"http:\/\/www.reconoce.mx\/?p=65474"},"modified":"2018-09-07T09:16:06","modified_gmt":"2018-09-07T14:16:06","slug":"el-sismo-mas-poderoso-de-los-ultimos-100-anos","status":"publish","type":"post","link":"https:\/\/www.reconoce.mx\/?p=65474","title":{"rendered":"El sismo m\u00e1s poderoso de los \u00faltimos 100 a\u00f1os"},"content":{"rendered":"<p><strong>Por <a title=\"@danielhiga_al\" href=\"https:\/\/twitter.com\/danielhiga_al\" target=\"_blank\" rel=\"noopener noreferrer\">Daniel Higa Alquicira<\/a><\/strong>.<\/p>\n<p>Sigo sorprendido <a href=\"http:\/\/www.reconoce.mx\/ciudad-de-mexico-vive-el-mas-fuerte-sismo-en-100-anos-se-espera-replica\/\" target=\"_blank\" rel=\"noopener\">del terremoto de la noche del s\u00e1bado 7 de septiembre<\/a>, a pesar de que lo percib\u00ed y me pareci\u00f3 muy largo, nunca pas\u00f3 por mi mente la magnitud y la potencia que registr\u00f3; y por otro lado, me parece a\u00fan sorprendente que dada la magnitud para ser considerado el sismo m\u00e1s poderoso de los \u00faltimos 100 a\u00f1os, Ciudad de M\u00e9xico no haya presentado ning\u00fan derrumbe grave ni da\u00f1os a la infraestructura.<\/p>\n<blockquote class=\"twitter-tweet\" data-lang=\"es\">\n<p dir=\"ltr\" lang=\"es\">Consulta informaci\u00f3n oportuna sobre refugios, hospitales y centros de acopio con motivo del <a href=\"https:\/\/twitter.com\/hashtag\/sismo?src=hash\">#sismo<\/a> y hurac\u00e1n <a href=\"https:\/\/twitter.com\/hashtag\/Katia?src=hash\">#Katia<\/a> <a href=\"https:\/\/t.co\/5kShBMi87a\">https:\/\/t.co\/5kShBMi87a<\/a> <a href=\"https:\/\/t.co\/4PU00Efg4W\">pic.twitter.com\/4PU00Efg4W<\/a><\/p>\n<p>\u2014 SEGOB M\u00e9xico (@SEGOB_mx) <a href=\"https:\/\/twitter.com\/SEGOB_mx\/status\/907816228089188352\">13 de septiembre de 2017<\/a><\/p><\/blockquote>\n<p><script async src=\"\/\/platform.twitter.com\/widgets.js\" charset=\"utf-8\"><\/script><\/p>\n<p>No as\u00ed el caso de Chiapas, Oaxaca y Tabasco, en donde miles de personas han perdidos sus casas y al menos 90 personas han fallecido como consecuencia del terremoto de 8.2 grados registrado en las costas del peque\u00f1o poblado chiapaneco de Pijijiapan.<\/p>\n<p>Estamos pues en una nueva etapa de emergencia en el pa\u00eds para atender a estas v\u00edctimas, que de manera inmediata necesitan alimentos, productos de limpieza personal y sobre todo, un plan oficial entre los tres \u00f3rdenes de gobierno para destinar recursos, especialistas y ayuda t\u00e9cnica no solo para limpiar los escombros y rescatar cuerpos, sino para devolver a los damnificados un lugar digno donde vivir.<\/p>\n<p>De acuerdo a cifras de <strong>Reuters<\/strong>, podr\u00edan ser \u201cdos millones de mexicanos los que \u00a0habr\u00edan resultado afectados por el poderoso terremoto\u201d; sin especificar el tipo de afectaci\u00f3n, resulta interesante esta cifra, ya que m\u00e1s all\u00e1 de las v\u00edctimas mortales, habr\u00e1n en los pr\u00f3ximos meses familias de las que nadie habla en este momento pero que no podr\u00e1n volver a sus casas por el peligro de derrumbes o porque definitivamente se han quedado sin un hogar.<\/p>\n<blockquote class=\"twitter-tweet\" data-lang=\"es\">\n<p dir=\"ltr\" lang=\"es\"><a href=\"https:\/\/twitter.com\/hashtag\/RT?src=hash\">#RT<\/a> a esta publicaci\u00f3n para que mas personas se sumen a esta causa. \u00a1Vamos apoyar a nuestros hermanos!. <a href=\"https:\/\/twitter.com\/hashtag\/CentrosDeAcopio?src=hash\">#CentrosDeAcopio<\/a> <a href=\"https:\/\/t.co\/j6vMERT2kp\">pic.twitter.com\/j6vMERT2kp<\/a><\/p>\n<p>\u2014 Cruz Roja Mexicana (@CruzRoja_MX) <a href=\"https:\/\/twitter.com\/CruzRoja_MX\/status\/907361628546408448\">11 de septiembre de 2017<\/a><\/p><\/blockquote>\n<p><script async src=\"\/\/platform.twitter.com\/widgets.js\" charset=\"utf-8\"><\/script><\/p>\n<p>Como siempre sucede en este tipo de desgracias en M\u00e9xico, los ojos del mundo est\u00e1n sobre las zonas afectadas, pero en la medida en que la emergencia disminuye, deja de fluir la ayuda, la entrega de alimentos se politiza y los gobiernos locales no pueden hacer mucho por su poblaci\u00f3n ya que los recursos ofrecidos tardan en llegar.<\/p>\n<p>Esperemos que este no sea el caso, pero de ah\u00ed la necesidad de exigir acciones concretas por parte de las autoridades, ya que suena muy conmovedor que se declaren tres d\u00edas de luto nacional o que las banderas ondeen a media asta, pero esto resulta in\u00fatil si algunas de las v\u00edctimas quedan en el olvido dentro de algunas semanas o se les niega la ayuda humanitaria.<\/p>\n<p>Y este sismo adem\u00e1s de estas desgracias, tambi\u00e9n despert\u00f3 el instintito c\u00f3mico de algunos mexicanos y en alg\u00fan meme dec\u00eda algo as\u00ed como: \u00ab\u00bfTemblor? \u00bfHurac\u00e1n? \u00bfEclipse? \u00bfQu\u00e9 sigue? \u00bfCruz Azul campe\u00f3n?\u00bb.<\/p>\n<blockquote class=\"twitter-tweet\" data-lang=\"es\">\n<p dir=\"ltr\" lang=\"es\">\ud83d\udea8\u26a0 \u00a1Ayudemos a ayudar! Te esperamos en nuestros <a href=\"https:\/\/twitter.com\/hashtag\/CentrosDeAcopio?src=hash\">#CentrosDeAcopio<\/a> \ud83e\udd1d Encuentra los productos que m\u00e1s necesitamos \ud83d\udc47<a href=\"https:\/\/twitter.com\/hashtag\/FuerzaM%C3%A9xico?src=hash\">#FuerzaM\u00e9xico<\/a> \ud83c\uddf2\ud83c\uddfd <a href=\"https:\/\/t.co\/VjxWiUyMt0\">pic.twitter.com\/VjxWiUyMt0<\/a><\/p>\n<p>\u2014 DIF Nacional (@DIF_NMX) <a href=\"https:\/\/twitter.com\/DIF_NMX\/status\/907018949765853184\">10 de septiembre de 2017<\/a><\/p><\/blockquote>\n<p><script async src=\"\/\/platform.twitter.com\/widgets.js\" charset=\"utf-8\"><\/script><\/p>\n<p>Lo cierto es que nuevamente es hora de ser solidarios y ayudar de alguna manera a las v\u00edctimas de Chiapas, Oaxaca y Tabasco, sin olvidar a los de Veracruz por el paso de los huracanes y hasta los que se inundaron en Ciudad de M\u00e9xico.<\/p>\n<p>Ahora parece que nos est\u00e1 lloviendo sobre mojado, con una situaci\u00f3n cada vez m\u00e1s preocupante en temas de seguridad, la inflaci\u00f3n a la alza como hace muchos a\u00f1os no lo estaba, los alimentos siguen subiendo y luego la tierra nos sacude de fea forma\u2026 y aparte de todo, no hay que perder de vista que las elecciones ya iniciaron oficialmente y mientras Juchit\u00e1n est\u00e1 pr\u00e1cticamente destruido, los partidos pol\u00edticos tendr\u00e1n dineros a manos llenas ya que el presupuesto para el proceso electoral es de 6 mil 778 millones de pesos para el financiamiento de los partidos pol\u00edticos y candidatos independientes, el m\u00e1s alto de la historia.<\/p>\n<p>Y vaya paradoja, con tanto dinero, los partidos o candidatos no podr\u00e1n ayudar a las v\u00edctimas del terremoto o huracanes, ya que esto violar\u00eda los lineamientos permitidos\u2026 Aunque sinceramente, no creo que tuvieran intenciones de donar parte de su riqueza en caso de que la ley no se los prohibiera.<\/p>\n<p style=\"text-align: right;\">Foto: <strong>Daniel Silva<\/strong>.<\/p>\n<p>&nbsp;<\/p>\n<p>&nbsp;<\/p>\n","protected":false},"excerpt":{"rendered":"<p>Sigo sorprendido del terremoto de la noche del s\u00e1bado 7 de septiembre, a pesar de que lo percib\u00ed y me pareci\u00f3 muy largo, nunca pas\u00f3 por mi mente la magnitud y la potencia que registr\u00f3.<\/p>\n","protected":false},"author":2,"featured_media":65475,"comment_status":"open","ping_status":"open","sticky":false,"template":"","format":"standard","meta":{"footnotes":""},"categories":[43,275,17],"tags":[],"class_list":["post-65474","post","type-post","status-publish","format-standard","has-post-thumbnail","hentry","category-conciencia","category-derechos-humanos","category-principal"],"yoast_head":"<!-- This site is optimized with the Yoast SEO plugin v24.7 - https:\/\/yoast.com\/wordpress\/plugins\/seo\/ -->\n<title>El sismo m\u00e1s poderoso de los \u00faltimos 100 a\u00f1os &#171; Reconoce MX<\/title>\n<meta name=\"robots\" content=\"index, follow, max-snippet:-1, max-image-preview:large, max-video-preview:-1\" \/>\n<link rel=\"canonical\" href=\"https:\/\/www.reconoce.mx\/?p=65474\" \/>\n<meta property=\"og:locale\" content=\"es_ES\" \/>\n<meta property=\"og:type\" content=\"article\" \/>\n<meta property=\"og:title\" content=\"El sismo m\u00e1s poderoso de los \u00faltimos 100 a\u00f1os &#171; Reconoce MX\" \/>\n<meta property=\"og:description\" content=\"Sigo sorprendido del terremoto de la noche del s\u00e1bado 7 de septiembre, a pesar de que lo percib\u00ed y me pareci\u00f3 muy largo, nunca pas\u00f3 por mi mente la magnitud y la potencia que registr\u00f3.\" \/>\n<meta property=\"og:url\" content=\"https:\/\/www.reconoce.mx\/?p=65474\" \/>\n<meta property=\"og:site_name\" content=\"Reconoce MX\" \/>\n<meta property=\"article:publisher\" content=\"https:\/\/es-la.facebook.com\/ReconoceMX\/\" \/>\n<meta property=\"article:published_time\" content=\"2017-09-13T05:05:55+00:00\" \/>\n<meta property=\"article:modified_time\" content=\"2018-09-07T14:16:06+00:00\" \/>\n<meta property=\"og:image\" content=\"https:\/\/www.reconoce.mx\/wp-content\/uploads\/2017\/09\/sismo-mexico.png\" \/>\n\t<meta property=\"og:image:width\" content=\"590\" \/>\n\t<meta property=\"og:image:height\" content=\"380\" \/>\n\t<meta property=\"og:image:type\" content=\"image\/png\" \/>\n<meta name=\"author\" content=\"Reconoce MX\" \/>\n<meta name=\"twitter:card\" content=\"summary_large_image\" \/>\n<meta name=\"twitter:creator\" content=\"@reconocemx\" \/>\n<meta name=\"twitter:site\" content=\"@reconocemx\" \/>\n<meta name=\"twitter:label1\" content=\"Escrito por\" \/>\n\t<meta name=\"twitter:data1\" content=\"Reconoce MX\" \/>\n\t<meta name=\"twitter:label2\" content=\"Tiempo de lectura\" \/>\n\t<meta name=\"twitter:data2\" content=\"4 minutos\" \/>\n<script type=\"application\/ld+json\" class=\"yoast-schema-graph\">{\"@context\":\"https:\/\/schema.org\",\"@graph\":[{\"@type\":\"Article\",\"@id\":\"https:\/\/www.reconoce.mx\/?p=65474#article\",\"isPartOf\":{\"@id\":\"https:\/\/www.reconoce.mx\/?p=65474\"},\"author\":{\"name\":\"Reconoce MX\",\"@id\":\"https:\/\/www.reconoce.mx\/#\/schema\/person\/2117e997d7051dc15d6880eaf9bca0b2\"},\"headline\":\"El sismo m\u00e1s poderoso de los \u00faltimos 100 a\u00f1os\",\"datePublished\":\"2017-09-13T05:05:55+00:00\",\"dateModified\":\"2018-09-07T14:16:06+00:00\",\"mainEntityOfPage\":{\"@id\":\"https:\/\/www.reconoce.mx\/?p=65474\"},\"wordCount\":771,\"commentCount\":0,\"publisher\":{\"@id\":\"https:\/\/www.reconoce.mx\/#organization\"},\"image\":{\"@id\":\"https:\/\/www.reconoce.mx\/?p=65474#primaryimage\"},\"thumbnailUrl\":\"https:\/\/www.reconoce.mx\/wp-content\/uploads\/2017\/09\/sismo-mexico.png\",\"articleSection\":[\"Conciencia\",\"Derechos Humanos\",\"Principal\"],\"inLanguage\":\"es\",\"potentialAction\":[{\"@type\":\"CommentAction\",\"name\":\"Comment\",\"target\":[\"https:\/\/www.reconoce.mx\/?p=65474#respond\"]}]},{\"@type\":\"WebPage\",\"@id\":\"https:\/\/www.reconoce.mx\/?p=65474\",\"url\":\"https:\/\/www.reconoce.mx\/?p=65474\",\"name\":\"El sismo m\u00e1s poderoso de los \u00faltimos 100 a\u00f1os &#171; Reconoce MX\",\"isPartOf\":{\"@id\":\"https:\/\/www.reconoce.mx\/#website\"},\"primaryImageOfPage\":{\"@id\":\"https:\/\/www.reconoce.mx\/?p=65474#primaryimage\"},\"image\":{\"@id\":\"https:\/\/www.reconoce.mx\/?p=65474#primaryimage\"},\"thumbnailUrl\":\"https:\/\/www.reconoce.mx\/wp-content\/uploads\/2017\/09\/sismo-mexico.png\",\"datePublished\":\"2017-09-13T05:05:55+00:00\",\"dateModified\":\"2018-09-07T14:16:06+00:00\",\"breadcrumb\":{\"@id\":\"https:\/\/www.reconoce.mx\/?p=65474#breadcrumb\"},\"inLanguage\":\"es\",\"potentialAction\":[{\"@type\":\"ReadAction\",\"target\":[\"https:\/\/www.reconoce.mx\/?p=65474\"]}]},{\"@type\":\"ImageObject\",\"inLanguage\":\"es\",\"@id\":\"https:\/\/www.reconoce.mx\/?p=65474#primaryimage\",\"url\":\"https:\/\/www.reconoce.mx\/wp-content\/uploads\/2017\/09\/sismo-mexico.png\",\"contentUrl\":\"https:\/\/www.reconoce.mx\/wp-content\/uploads\/2017\/09\/sismo-mexico.png\",\"width\":590,\"height\":380},{\"@type\":\"BreadcrumbList\",\"@id\":\"https:\/\/www.reconoce.mx\/?p=65474#breadcrumb\",\"itemListElement\":[{\"@type\":\"ListItem\",\"position\":1,\"name\":\"Portada\",\"item\":\"https:\/\/www.reconoce.mx\/\"},{\"@type\":\"ListItem\",\"position\":2,\"name\":\"El sismo m\u00e1s poderoso de los \u00faltimos 100 a\u00f1os\"}]},{\"@type\":\"WebSite\",\"@id\":\"https:\/\/www.reconoce.mx\/#website\",\"url\":\"https:\/\/www.reconoce.mx\/\",\"name\":\"Reconoce MX\",\"description\":\"En Reconoce MX difundimos arte, cultura y conciencia social en M\u00e9xico. Tu ciudad en otra perspectiva.\",\"publisher\":{\"@id\":\"https:\/\/www.reconoce.mx\/#organization\"},\"potentialAction\":[{\"@type\":\"SearchAction\",\"target\":{\"@type\":\"EntryPoint\",\"urlTemplate\":\"https:\/\/www.reconoce.mx\/?s={search_term_string}\"},\"query-input\":{\"@type\":\"PropertyValueSpecification\",\"valueRequired\":true,\"valueName\":\"search_term_string\"}}],\"inLanguage\":\"es\"},{\"@type\":\"Organization\",\"@id\":\"https:\/\/www.reconoce.mx\/#organization\",\"name\":\"Reconoce MX\",\"url\":\"https:\/\/www.reconoce.mx\/\",\"logo\":{\"@type\":\"ImageObject\",\"inLanguage\":\"es\",\"@id\":\"https:\/\/www.reconoce.mx\/#\/schema\/logo\/image\/\",\"url\":\"https:\/\/www.reconoce.mx\/wp-content\/uploads\/2019\/03\/logorcmx-good-1.png\",\"contentUrl\":\"https:\/\/www.reconoce.mx\/wp-content\/uploads\/2019\/03\/logorcmx-good-1.png\",\"width\":280,\"height\":90,\"caption\":\"Reconoce MX\"},\"image\":{\"@id\":\"https:\/\/www.reconoce.mx\/#\/schema\/logo\/image\/\"},\"sameAs\":[\"https:\/\/es-la.facebook.com\/ReconoceMX\/\",\"https:\/\/x.com\/reconocemx\",\"http:\/\/@reconocemx\"]},{\"@type\":\"Person\",\"@id\":\"https:\/\/www.reconoce.mx\/#\/schema\/person\/2117e997d7051dc15d6880eaf9bca0b2\",\"name\":\"Reconoce MX\",\"image\":{\"@type\":\"ImageObject\",\"inLanguage\":\"es\",\"@id\":\"https:\/\/www.reconoce.mx\/#\/schema\/person\/image\/\",\"url\":\"https:\/\/secure.gravatar.com\/avatar\/6c8d4dc7569ca1c90c5fdcc349f839d5ddef6fe1e70b4337ead2ef1a4c43fc3a?s=96&d=identicon&r=g\",\"contentUrl\":\"https:\/\/secure.gravatar.com\/avatar\/6c8d4dc7569ca1c90c5fdcc349f839d5ddef6fe1e70b4337ead2ef1a4c43fc3a?s=96&d=identicon&r=g\",\"caption\":\"Reconoce MX\"},\"description\":\"Reconoce MX es un proyecto de difusi\u00f3n art\u00edstica, cultural y de conciencia social que est\u00e1 enfocado a difundir y fomentar el entretenimiento alternativo de calidad para todo el p\u00fablico que comparta el mismo entusiasmo.\",\"sameAs\":[\"http:\/\/www.reconoce.mx\"],\"url\":\"https:\/\/www.reconoce.mx\/?author=2\"}]}<\/script>\n<!-- \/ Yoast SEO plugin. -->","yoast_head_json":{"title":"El sismo m\u00e1s poderoso de los \u00faltimos 100 a\u00f1os &#171; Reconoce MX","robots":{"index":"index","follow":"follow","max-snippet":"max-snippet:-1","max-image-preview":"max-image-preview:large","max-video-preview":"max-video-preview:-1"},"canonical":"https:\/\/www.reconoce.mx\/?p=65474","og_locale":"es_ES","og_type":"article","og_title":"El sismo m\u00e1s poderoso de los \u00faltimos 100 a\u00f1os &#171; Reconoce MX","og_description":"Sigo sorprendido del terremoto de la noche del s\u00e1bado 7 de septiembre, a pesar de que lo percib\u00ed y me pareci\u00f3 muy largo, nunca pas\u00f3 por mi mente la magnitud y la potencia que registr\u00f3.","og_url":"https:\/\/www.reconoce.mx\/?p=65474","og_site_name":"Reconoce MX","article_publisher":"https:\/\/es-la.facebook.com\/ReconoceMX\/","article_published_time":"2017-09-13T05:05:55+00:00","article_modified_time":"2018-09-07T14:16:06+00:00","og_image":[{"width":590,"height":380,"url":"https:\/\/www.reconoce.mx\/wp-content\/uploads\/2017\/09\/sismo-mexico.png","type":"image\/png"}],"author":"Reconoce MX","twitter_card":"summary_large_image","twitter_creator":"@reconocemx","twitter_site":"@reconocemx","twitter_misc":{"Escrito por":"Reconoce MX","Tiempo de lectura":"4 minutos"},"schema":{"@context":"https:\/\/schema.org","@graph":[{"@type":"Article","@id":"https:\/\/www.reconoce.mx\/?p=65474#article","isPartOf":{"@id":"https:\/\/www.reconoce.mx\/?p=65474"},"author":{"name":"Reconoce MX","@id":"https:\/\/www.reconoce.mx\/#\/schema\/person\/2117e997d7051dc15d6880eaf9bca0b2"},"headline":"El sismo m\u00e1s poderoso de los \u00faltimos 100 a\u00f1os","datePublished":"2017-09-13T05:05:55+00:00","dateModified":"2018-09-07T14:16:06+00:00","mainEntityOfPage":{"@id":"https:\/\/www.reconoce.mx\/?p=65474"},"wordCount":771,"commentCount":0,"publisher":{"@id":"https:\/\/www.reconoce.mx\/#organization"},"image":{"@id":"https:\/\/www.reconoce.mx\/?p=65474#primaryimage"},"thumbnailUrl":"https:\/\/www.reconoce.mx\/wp-content\/uploads\/2017\/09\/sismo-mexico.png","articleSection":["Conciencia","Derechos Humanos","Principal"],"inLanguage":"es","potentialAction":[{"@type":"CommentAction","name":"Comment","target":["https:\/\/www.reconoce.mx\/?p=65474#respond"]}]},{"@type":"WebPage","@id":"https:\/\/www.reconoce.mx\/?p=65474","url":"https:\/\/www.reconoce.mx\/?p=65474","name":"El sismo m\u00e1s poderoso de los \u00faltimos 100 a\u00f1os &#171; Reconoce MX","isPartOf":{"@id":"https:\/\/www.reconoce.mx\/#website"},"primaryImageOfPage":{"@id":"https:\/\/www.reconoce.mx\/?p=65474#primaryimage"},"image":{"@id":"https:\/\/www.reconoce.mx\/?p=65474#primaryimage"},"thumbnailUrl":"https:\/\/www.reconoce.mx\/wp-content\/uploads\/2017\/09\/sismo-mexico.png","datePublished":"2017-09-13T05:05:55+00:00","dateModified":"2018-09-07T14:16:06+00:00","breadcrumb":{"@id":"https:\/\/www.reconoce.mx\/?p=65474#breadcrumb"},"inLanguage":"es","potentialAction":[{"@type":"ReadAction","target":["https:\/\/www.reconoce.mx\/?p=65474"]}]},{"@type":"ImageObject","inLanguage":"es","@id":"https:\/\/www.reconoce.mx\/?p=65474#primaryimage","url":"https:\/\/www.reconoce.mx\/wp-content\/uploads\/2017\/09\/sismo-mexico.png","contentUrl":"https:\/\/www.reconoce.mx\/wp-content\/uploads\/2017\/09\/sismo-mexico.png","width":590,"height":380},{"@type":"BreadcrumbList","@id":"https:\/\/www.reconoce.mx\/?p=65474#breadcrumb","itemListElement":[{"@type":"ListItem","position":1,"name":"Portada","item":"https:\/\/www.reconoce.mx\/"},{"@type":"ListItem","position":2,"name":"El sismo m\u00e1s poderoso de los \u00faltimos 100 a\u00f1os"}]},{"@type":"WebSite","@id":"https:\/\/www.reconoce.mx\/#website","url":"https:\/\/www.reconoce.mx\/","name":"Reconoce MX","description":"En Reconoce MX difundimos arte, cultura y conciencia social en M\u00e9xico. Tu ciudad en otra perspectiva.","publisher":{"@id":"https:\/\/www.reconoce.mx\/#organization"},"potentialAction":[{"@type":"SearchAction","target":{"@type":"EntryPoint","urlTemplate":"https:\/\/www.reconoce.mx\/?s={search_term_string}"},"query-input":{"@type":"PropertyValueSpecification","valueRequired":true,"valueName":"search_term_string"}}],"inLanguage":"es"},{"@type":"Organization","@id":"https:\/\/www.reconoce.mx\/#organization","name":"Reconoce MX","url":"https:\/\/www.reconoce.mx\/","logo":{"@type":"ImageObject","inLanguage":"es","@id":"https:\/\/www.reconoce.mx\/#\/schema\/logo\/image\/","url":"https:\/\/www.reconoce.mx\/wp-content\/uploads\/2019\/03\/logorcmx-good-1.png","contentUrl":"https:\/\/www.reconoce.mx\/wp-content\/uploads\/2019\/03\/logorcmx-good-1.png","width":280,"height":90,"caption":"Reconoce MX"},"image":{"@id":"https:\/\/www.reconoce.mx\/#\/schema\/logo\/image\/"},"sameAs":["https:\/\/es-la.facebook.com\/ReconoceMX\/","https:\/\/x.com\/reconocemx","http:\/\/@reconocemx"]},{"@type":"Person","@id":"https:\/\/www.reconoce.mx\/#\/schema\/person\/2117e997d7051dc15d6880eaf9bca0b2","name":"Reconoce MX","image":{"@type":"ImageObject","inLanguage":"es","@id":"https:\/\/www.reconoce.mx\/#\/schema\/person\/image\/","url":"https:\/\/secure.gravatar.com\/avatar\/6c8d4dc7569ca1c90c5fdcc349f839d5ddef6fe1e70b4337ead2ef1a4c43fc3a?s=96&d=identicon&r=g","contentUrl":"https:\/\/secure.gravatar.com\/avatar\/6c8d4dc7569ca1c90c5fdcc349f839d5ddef6fe1e70b4337ead2ef1a4c43fc3a?s=96&d=identicon&r=g","caption":"Reconoce MX"},"description":"Reconoce MX es un proyecto de difusi\u00f3n art\u00edstica, cultural y de conciencia social que est\u00e1 enfocado a difundir y fomentar el entretenimiento alternativo de calidad para todo el p\u00fablico que comparta el mismo entusiasmo.","sameAs":["http:\/\/www.reconoce.mx"],"url":"https:\/\/www.reconoce.mx\/?author=2"}]}},"_links":{"self":[{"href":"https:\/\/www.reconoce.mx\/index.php?rest_route=\/wp\/v2\/posts\/65474","targetHints":{"allow":["GET"]}}],"collection":[{"href":"https:\/\/www.reconoce.mx\/index.php?rest_route=\/wp\/v2\/posts"}],"about":[{"href":"https:\/\/www.reconoce.mx\/index.php?rest_route=\/wp\/v2\/types\/post"}],"author":[{"embeddable":true,"href":"https:\/\/www.reconoce.mx\/index.php?rest_route=\/wp\/v2\/users\/2"}],"replies":[{"embeddable":true,"href":"https:\/\/www.reconoce.mx\/index.php?rest_route=%2Fwp%2Fv2%2Fcomments&post=65474"}],"version-history":[{"count":5,"href":"https:\/\/www.reconoce.mx\/index.php?rest_route=\/wp\/v2\/posts\/65474\/revisions"}],"predecessor-version":[{"id":76209,"href":"https:\/\/www.reconoce.mx\/index.php?rest_route=\/wp\/v2\/posts\/65474\/revisions\/76209"}],"wp:featuredmedia":[{"embeddable":true,"href":"https:\/\/www.reconoce.mx\/index.php?rest_route=\/wp\/v2\/media\/65475"}],"wp:attachment":[{"href":"https:\/\/www.reconoce.mx\/index.php?rest_route=%2Fwp%2Fv2%2Fmedia&parent=65474"}],"wp:term":[{"taxonomy":"category","embeddable":true,"href":"https:\/\/www.reconoce.mx\/index.php?rest_route=%2Fwp%2Fv2%2Fcategories&post=65474"},{"taxonomy":"post_tag","embeddable":true,"href":"https:\/\/www.reconoce.mx\/index.php?rest_route=%2Fwp%2Fv2%2Ftags&post=65474"}],"curies":[{"name":"wp","href":"https:\/\/api.w.org\/{rel}","templated":true}]}}