{"id":65495,"date":"2017-09-13T00:04:22","date_gmt":"2017-09-13T05:04:22","guid":{"rendered":"http:\/\/www.reconoce.mx\/?p=65495"},"modified":"2017-09-13T13:03:30","modified_gmt":"2017-09-13T18:03:30","slug":"volveras-de-madame-recamier","status":"publish","type":"post","link":"https:\/\/www.reconoce.mx\/?p=65495","title":{"rendered":"&#8216;Volver\u00e1s&#8217;, de Madame R\u00e9camier"},"content":{"rendered":"<p><a href=\"http:\/\/www.reconoce.mx\/category\/cultura\/musica\/video-de-la-semana\/\"><img loading=\"lazy\" decoding=\"async\" class=\"aligncenter size-full wp-image-38360\" src=\"http:\/\/www.reconoce.mx\/wp-content\/uploads\/2015\/06\/videodelasemana.png\" alt=\"Martes\" width=\"550\" height=\"70\" \/><\/a><strong><br \/>\nPor <a title=\"@AsfaltosTweets\" href=\"http:\/\/twitter.com\/AsfaltosTweets\" target=\"_blank\" rel=\"noopener noreferrer\">Asfaltos<\/a><\/strong>.<\/p>\n<p>Como nos lo hab\u00eda anticipado ya <strong>Madame R\u00e9camier<\/strong>, <a href=\"http:\/\/mx.ivoox.com\/es\/podcastrcmxitinerante-madame-recamier-desde-mercado-acoxpa-audios-mp3_rf_20501879_1.html\" target=\"_blank\" rel=\"noopener\">en la entrevista que tuvimos con ella hace unas semanas en nuestro #PodcastRCMXitinerante de 6\u00b0 aniversario<\/a>, \u00abVolver\u00e1s\u00bb fue lanzado como sencillo y como su m\u00e1s reciente video, mismo que elegimos en <span style=\"color: #a81f25;\"><strong>Reconoce MX<\/strong><\/span> como nuestro <a href=\"http:\/\/www.reconoce.mx\/category\/cultura\/musica\/video-de-la-semana\/\" target=\"_blank\" rel=\"noopener\">Video de la semana<\/a>. \u00bfLas razones? Tan solo denle click, v\u00e9anlo, <del datetime=\"2017-09-13T17:41:06+00:00\">disfr\u00fatenla<\/del> disfr\u00fatenlo y juzguen.<\/p>\n<style>.embed-container { position: relative; padding-bottom: 56.25%; height: 0; overflow: hidden; max-width: 100%; } .embed-container iframe, .embed-container object, .embed-container embed { position: absolute; top: 0; left: 0; width: 100%; height: 100%; }<\/style>\n<div class=\"embed-container\"><iframe loading=\"lazy\" src=\"https:\/\/www.youtube.com\/embed\/7Kfjeu-xSPw\" width=\"300\" height=\"150\" frameborder=\"0\" allowfullscreen=\"allowfullscreen\"><\/iframe><\/div>\n<p>&nbsp;<\/p>\n<p>Parte del \u00abMi coraz\u00f3n\u00bb que <strong>Madame R\u00e9camier<\/strong> lanzara en febrero del presente a\u00f1o, \u00abVolver\u00e1s\u00bb es uno de los tracks favoritos de su servilleta por esa combinaci\u00f3n entre alegr\u00eda y tristeza; s\u00ed, una especie de melancol\u00eda, pero melancol\u00eda guapachosa que con la m\u00fasica y dulce voz de Gina Recamier agarra un sabor muy especial al que si le suman el audivisual&#8230;<\/p>\n<p>\u00abEstoy muy emocionada porque es un video muy pol\u00e9mico porque no se c\u00f3mo vaya a reaccionar la gente\u00bb, me platicaba <strong>Madame Recamier<\/strong> en el <a href=\"http:\/\/mx.ivoox.com\/es\/podcast-podcastrcmxitinerante_sq_f1399259_1.html\" target=\"_blank\" rel=\"noopener\">#PodcastRCMXitinerante<\/a> que les invito a escuchar completo -\u00a1desmenuzamos el \u00abMi coraz\u00f3n\u00bb enterito!-. Firme defensora de la no correcci\u00f3n pol\u00edtica, sincera, abierta y muy directa, las expectativas de la cantautora por crear ruido con el audivisual de \u00abVolver\u00e1s\u00bb eran esas porque como ella misma me confes\u00f3, \u00abamo cuando eso sucede\u00bb.<\/p>\n<p><iframe loading=\"lazy\" id=\"audio_20501879\" style=\"border: 1px solid #EEE; box-sizing: border-box; width: 100%;\" src=\"http:\/\/mx.ivoox.com\/es\/player_ej_20501879_4_1.html?c1=A81F25\" width=\"300\" height=\"200\" frameborder=\"0\" scrolling=\"no\" allowfullscreen=\"allowfullscreen\"><\/iframe><\/p>\n<p>En el videoclip de \u00abVolver\u00e1s\u00bb vemos a Gina interpretar a una maestra muy joven y sensual que sonsaca a uno de sus alumnos para algo m\u00e1s all\u00e1 que simple jugueteo. Sin embargo, sin estropearles mucho el trabajo, algo sucede que entre tanto juego y juego, todo termina en esa sensaci\u00f3n de esperanza de que alguien vuelva, que regrese de donde no debi\u00f3 haberse ido nunca.<\/p>\n<p>\u00bfSe involucra mucho en sus audiovisuales? \u00abS\u00ed, mucho, siempre llego con la idea principal y luego ya el director me empieza a decir &#8216;hay que hacer esto, hay que hacer lo otro y no se qu\u00e9'\u00bb. Adem\u00e1s, le gusta actuar: \u00abme gusta mucho estar muy involucrada en los videos, salir en los videos. Es como mi momento de ser actriz, porque soy p\u00e9sima actriz; pero me divierte much\u00edsimo actuar, entonces es muy divertido\u00bb.<\/p>\n<p>La verdad es que el audiovisual de \u00abVolver\u00e1s\u00bb es un goce tremendo para los ojos y los o\u00eddos. Con una bella fotograf\u00eda y elementos creativos muy adecuados para crear esa sensaci\u00f3n de deliciosa tensi\u00f3n sexual, Madame se da el lujo de atraparnos en todos los sentidos con uno de los mejores videos musicales que le hemos visto. \u00a1Bien por la cantautora por despertar nuestros instintos m\u00e1s b\u00e1sicos y sobre todo regalarnos su enorme sentido del humor!<\/p>\n<p><strong>Madame R\u00e9camier<\/strong> sigue de gira, y el 29 de septiembre podr\u00e1n disfrutarla en vivo y en directo en el <strong>Batacl\u00e1n<\/strong> (Popocat\u00e9petl 25 col. Condesa). \u00a1No falten, que es todo un espect\u00e1culo su m\u00fasica en vivo!<\/p>\n<p>&nbsp;<\/p>\n<p>&nbsp;<\/p>\n","protected":false},"excerpt":{"rendered":"<p>Como nos lo hab\u00eda anticipado ya Madame R\u00e9camier, en la entrevista que tuvimos con ella hace unas semanas en nuestro #PodcastRCMXitinerante de 6\u00b0 aniversario, \u00abVolver\u00e1s\u00bb fue lanzado como sencillo y como su m\u00e1s reciente video, mismo que elegimos en Reconoce MX como nuestro Video de la semana.<\/p>\n","protected":false},"author":2,"featured_media":65496,"comment_status":"open","ping_status":"open","sticky":false,"template":"","format":"standard","meta":{"footnotes":""},"categories":[1,18,17,2575],"tags":[],"class_list":["post-65495","post","type-post","status-publish","format-standard","has-post-thumbnail","hentry","category-cultura","category-musica","category-principal","category-video-de-la-semana"],"yoast_head":"<!-- This site is optimized with the Yoast SEO plugin v24.7 - https:\/\/yoast.com\/wordpress\/plugins\/seo\/ -->\n<title>&#039;Volver\u00e1s&#039;, de Madame R\u00e9camier &#171; Reconoce MX<\/title>\n<meta name=\"robots\" content=\"index, follow, max-snippet:-1, max-image-preview:large, max-video-preview:-1\" \/>\n<link rel=\"canonical\" href=\"https:\/\/www.reconoce.mx\/?p=65495\" \/>\n<meta property=\"og:locale\" content=\"es_ES\" \/>\n<meta property=\"og:type\" content=\"article\" \/>\n<meta property=\"og:title\" content=\"&#039;Volver\u00e1s&#039;, de Madame R\u00e9camier &#171; Reconoce MX\" \/>\n<meta property=\"og:description\" content=\"Como nos lo hab\u00eda anticipado ya Madame R\u00e9camier, en la entrevista que tuvimos con ella hace unas semanas en nuestro #PodcastRCMXitinerante de 6\u00b0 aniversario, &quot;Volver\u00e1s&quot; fue lanzado como sencillo y como su m\u00e1s reciente video, mismo que elegimos en Reconoce MX como nuestro Video de la semana.\" \/>\n<meta property=\"og:url\" content=\"https:\/\/www.reconoce.mx\/?p=65495\" \/>\n<meta property=\"og:site_name\" content=\"Reconoce MX\" \/>\n<meta property=\"article:publisher\" content=\"https:\/\/es-la.facebook.com\/ReconoceMX\/\" \/>\n<meta property=\"article:published_time\" content=\"2017-09-13T05:04:22+00:00\" \/>\n<meta property=\"article:modified_time\" content=\"2017-09-13T18:03:30+00:00\" \/>\n<meta property=\"og:image\" content=\"https:\/\/www.reconoce.mx\/wp-content\/uploads\/2017\/09\/madame-recamier-volveras.png\" \/>\n\t<meta property=\"og:image:width\" content=\"590\" \/>\n\t<meta property=\"og:image:height\" content=\"380\" \/>\n\t<meta property=\"og:image:type\" content=\"image\/png\" \/>\n<meta name=\"author\" content=\"Reconoce MX\" \/>\n<meta name=\"twitter:card\" content=\"summary_large_image\" \/>\n<meta name=\"twitter:creator\" content=\"@reconocemx\" \/>\n<meta name=\"twitter:site\" content=\"@reconocemx\" \/>\n<meta name=\"twitter:label1\" content=\"Escrito por\" \/>\n\t<meta name=\"twitter:data1\" content=\"Reconoce MX\" \/>\n\t<meta name=\"twitter:label2\" content=\"Tiempo de lectura\" \/>\n\t<meta name=\"twitter:data2\" content=\"2 minutos\" \/>\n<script type=\"application\/ld+json\" class=\"yoast-schema-graph\">{\"@context\":\"https:\/\/schema.org\",\"@graph\":[{\"@type\":\"Article\",\"@id\":\"https:\/\/www.reconoce.mx\/?p=65495#article\",\"isPartOf\":{\"@id\":\"https:\/\/www.reconoce.mx\/?p=65495\"},\"author\":{\"name\":\"Reconoce MX\",\"@id\":\"http:\/\/www.reconoce.mx\/#\/schema\/person\/2117e997d7051dc15d6880eaf9bca0b2\"},\"headline\":\"&#8216;Volver\u00e1s&#8217;, de Madame R\u00e9camier\",\"datePublished\":\"2017-09-13T05:04:22+00:00\",\"dateModified\":\"2017-09-13T18:03:30+00:00\",\"mainEntityOfPage\":{\"@id\":\"https:\/\/www.reconoce.mx\/?p=65495\"},\"wordCount\":492,\"commentCount\":0,\"publisher\":{\"@id\":\"http:\/\/www.reconoce.mx\/#organization\"},\"image\":{\"@id\":\"https:\/\/www.reconoce.mx\/?p=65495#primaryimage\"},\"thumbnailUrl\":\"https:\/\/www.reconoce.mx\/wp-content\/uploads\/2017\/09\/madame-recamier-volveras.png\",\"articleSection\":[\"Cultura\",\"M\u00fasica\",\"Principal\",\"Video de la semana\"],\"inLanguage\":\"es\",\"potentialAction\":[{\"@type\":\"CommentAction\",\"name\":\"Comment\",\"target\":[\"https:\/\/www.reconoce.mx\/?p=65495#respond\"]}]},{\"@type\":\"WebPage\",\"@id\":\"https:\/\/www.reconoce.mx\/?p=65495\",\"url\":\"https:\/\/www.reconoce.mx\/?p=65495\",\"name\":\"'Volver\u00e1s', de Madame R\u00e9camier &#171; Reconoce MX\",\"isPartOf\":{\"@id\":\"http:\/\/www.reconoce.mx\/#website\"},\"primaryImageOfPage\":{\"@id\":\"https:\/\/www.reconoce.mx\/?p=65495#primaryimage\"},\"image\":{\"@id\":\"https:\/\/www.reconoce.mx\/?p=65495#primaryimage\"},\"thumbnailUrl\":\"https:\/\/www.reconoce.mx\/wp-content\/uploads\/2017\/09\/madame-recamier-volveras.png\",\"datePublished\":\"2017-09-13T05:04:22+00:00\",\"dateModified\":\"2017-09-13T18:03:30+00:00\",\"breadcrumb\":{\"@id\":\"https:\/\/www.reconoce.mx\/?p=65495#breadcrumb\"},\"inLanguage\":\"es\",\"potentialAction\":[{\"@type\":\"ReadAction\",\"target\":[\"https:\/\/www.reconoce.mx\/?p=65495\"]}]},{\"@type\":\"ImageObject\",\"inLanguage\":\"es\",\"@id\":\"https:\/\/www.reconoce.mx\/?p=65495#primaryimage\",\"url\":\"https:\/\/www.reconoce.mx\/wp-content\/uploads\/2017\/09\/madame-recamier-volveras.png\",\"contentUrl\":\"https:\/\/www.reconoce.mx\/wp-content\/uploads\/2017\/09\/madame-recamier-volveras.png\",\"width\":590,\"height\":380},{\"@type\":\"BreadcrumbList\",\"@id\":\"https:\/\/www.reconoce.mx\/?p=65495#breadcrumb\",\"itemListElement\":[{\"@type\":\"ListItem\",\"position\":1,\"name\":\"Portada\",\"item\":\"http:\/\/www.reconoce.mx\/\"},{\"@type\":\"ListItem\",\"position\":2,\"name\":\"&#8216;Volver\u00e1s&#8217;, de Madame R\u00e9camier\"}]},{\"@type\":\"WebSite\",\"@id\":\"http:\/\/www.reconoce.mx\/#website\",\"url\":\"http:\/\/www.reconoce.mx\/\",\"name\":\"Reconoce MX\",\"description\":\"En Reconoce MX difundimos arte, cultura y conciencia social en M\u00e9xico. Tu ciudad en otra perspectiva.\",\"publisher\":{\"@id\":\"http:\/\/www.reconoce.mx\/#organization\"},\"potentialAction\":[{\"@type\":\"SearchAction\",\"target\":{\"@type\":\"EntryPoint\",\"urlTemplate\":\"http:\/\/www.reconoce.mx\/?s={search_term_string}\"},\"query-input\":{\"@type\":\"PropertyValueSpecification\",\"valueRequired\":true,\"valueName\":\"search_term_string\"}}],\"inLanguage\":\"es\"},{\"@type\":\"Organization\",\"@id\":\"http:\/\/www.reconoce.mx\/#organization\",\"name\":\"Reconoce MX\",\"url\":\"http:\/\/www.reconoce.mx\/\",\"logo\":{\"@type\":\"ImageObject\",\"inLanguage\":\"es\",\"@id\":\"http:\/\/www.reconoce.mx\/#\/schema\/logo\/image\/\",\"url\":\"https:\/\/www.reconoce.mx\/wp-content\/uploads\/2019\/03\/logorcmx-good-1.png\",\"contentUrl\":\"https:\/\/www.reconoce.mx\/wp-content\/uploads\/2019\/03\/logorcmx-good-1.png\",\"width\":280,\"height\":90,\"caption\":\"Reconoce MX\"},\"image\":{\"@id\":\"http:\/\/www.reconoce.mx\/#\/schema\/logo\/image\/\"},\"sameAs\":[\"https:\/\/es-la.facebook.com\/ReconoceMX\/\",\"https:\/\/x.com\/reconocemx\",\"http:\/\/@reconocemx\"]},{\"@type\":\"Person\",\"@id\":\"http:\/\/www.reconoce.mx\/#\/schema\/person\/2117e997d7051dc15d6880eaf9bca0b2\",\"name\":\"Reconoce MX\",\"image\":{\"@type\":\"ImageObject\",\"inLanguage\":\"es\",\"@id\":\"http:\/\/www.reconoce.mx\/#\/schema\/person\/image\/\",\"url\":\"https:\/\/secure.gravatar.com\/avatar\/6c8d4dc7569ca1c90c5fdcc349f839d5ddef6fe1e70b4337ead2ef1a4c43fc3a?s=96&d=identicon&r=g\",\"contentUrl\":\"https:\/\/secure.gravatar.com\/avatar\/6c8d4dc7569ca1c90c5fdcc349f839d5ddef6fe1e70b4337ead2ef1a4c43fc3a?s=96&d=identicon&r=g\",\"caption\":\"Reconoce MX\"},\"description\":\"Reconoce MX es un proyecto de difusi\u00f3n art\u00edstica, cultural y de conciencia social que est\u00e1 enfocado a difundir y fomentar el entretenimiento alternativo de calidad para todo el p\u00fablico que comparta el mismo entusiasmo.\",\"sameAs\":[\"http:\/\/www.reconoce.mx\"],\"url\":\"https:\/\/www.reconoce.mx\/?author=2\"}]}<\/script>\n<!-- \/ Yoast SEO plugin. -->","yoast_head_json":{"title":"'Volver\u00e1s', de Madame R\u00e9camier &#171; Reconoce MX","robots":{"index":"index","follow":"follow","max-snippet":"max-snippet:-1","max-image-preview":"max-image-preview:large","max-video-preview":"max-video-preview:-1"},"canonical":"https:\/\/www.reconoce.mx\/?p=65495","og_locale":"es_ES","og_type":"article","og_title":"'Volver\u00e1s', de Madame R\u00e9camier &#171; Reconoce MX","og_description":"Como nos lo hab\u00eda anticipado ya Madame R\u00e9camier, en la entrevista que tuvimos con ella hace unas semanas en nuestro #PodcastRCMXitinerante de 6\u00b0 aniversario, \"Volver\u00e1s\" fue lanzado como sencillo y como su m\u00e1s reciente video, mismo que elegimos en Reconoce MX como nuestro Video de la semana.","og_url":"https:\/\/www.reconoce.mx\/?p=65495","og_site_name":"Reconoce MX","article_publisher":"https:\/\/es-la.facebook.com\/ReconoceMX\/","article_published_time":"2017-09-13T05:04:22+00:00","article_modified_time":"2017-09-13T18:03:30+00:00","og_image":[{"width":590,"height":380,"url":"https:\/\/www.reconoce.mx\/wp-content\/uploads\/2017\/09\/madame-recamier-volveras.png","type":"image\/png"}],"author":"Reconoce MX","twitter_card":"summary_large_image","twitter_creator":"@reconocemx","twitter_site":"@reconocemx","twitter_misc":{"Escrito por":"Reconoce MX","Tiempo de lectura":"2 minutos"},"schema":{"@context":"https:\/\/schema.org","@graph":[{"@type":"Article","@id":"https:\/\/www.reconoce.mx\/?p=65495#article","isPartOf":{"@id":"https:\/\/www.reconoce.mx\/?p=65495"},"author":{"name":"Reconoce MX","@id":"http:\/\/www.reconoce.mx\/#\/schema\/person\/2117e997d7051dc15d6880eaf9bca0b2"},"headline":"&#8216;Volver\u00e1s&#8217;, de Madame R\u00e9camier","datePublished":"2017-09-13T05:04:22+00:00","dateModified":"2017-09-13T18:03:30+00:00","mainEntityOfPage":{"@id":"https:\/\/www.reconoce.mx\/?p=65495"},"wordCount":492,"commentCount":0,"publisher":{"@id":"http:\/\/www.reconoce.mx\/#organization"},"image":{"@id":"https:\/\/www.reconoce.mx\/?p=65495#primaryimage"},"thumbnailUrl":"https:\/\/www.reconoce.mx\/wp-content\/uploads\/2017\/09\/madame-recamier-volveras.png","articleSection":["Cultura","M\u00fasica","Principal","Video de la semana"],"inLanguage":"es","potentialAction":[{"@type":"CommentAction","name":"Comment","target":["https:\/\/www.reconoce.mx\/?p=65495#respond"]}]},{"@type":"WebPage","@id":"https:\/\/www.reconoce.mx\/?p=65495","url":"https:\/\/www.reconoce.mx\/?p=65495","name":"'Volver\u00e1s', de Madame R\u00e9camier &#171; Reconoce MX","isPartOf":{"@id":"http:\/\/www.reconoce.mx\/#website"},"primaryImageOfPage":{"@id":"https:\/\/www.reconoce.mx\/?p=65495#primaryimage"},"image":{"@id":"https:\/\/www.reconoce.mx\/?p=65495#primaryimage"},"thumbnailUrl":"https:\/\/www.reconoce.mx\/wp-content\/uploads\/2017\/09\/madame-recamier-volveras.png","datePublished":"2017-09-13T05:04:22+00:00","dateModified":"2017-09-13T18:03:30+00:00","breadcrumb":{"@id":"https:\/\/www.reconoce.mx\/?p=65495#breadcrumb"},"inLanguage":"es","potentialAction":[{"@type":"ReadAction","target":["https:\/\/www.reconoce.mx\/?p=65495"]}]},{"@type":"ImageObject","inLanguage":"es","@id":"https:\/\/www.reconoce.mx\/?p=65495#primaryimage","url":"https:\/\/www.reconoce.mx\/wp-content\/uploads\/2017\/09\/madame-recamier-volveras.png","contentUrl":"https:\/\/www.reconoce.mx\/wp-content\/uploads\/2017\/09\/madame-recamier-volveras.png","width":590,"height":380},{"@type":"BreadcrumbList","@id":"https:\/\/www.reconoce.mx\/?p=65495#breadcrumb","itemListElement":[{"@type":"ListItem","position":1,"name":"Portada","item":"http:\/\/www.reconoce.mx\/"},{"@type":"ListItem","position":2,"name":"&#8216;Volver\u00e1s&#8217;, de Madame R\u00e9camier"}]},{"@type":"WebSite","@id":"http:\/\/www.reconoce.mx\/#website","url":"http:\/\/www.reconoce.mx\/","name":"Reconoce MX","description":"En Reconoce MX difundimos arte, cultura y conciencia social en M\u00e9xico. Tu ciudad en otra perspectiva.","publisher":{"@id":"http:\/\/www.reconoce.mx\/#organization"},"potentialAction":[{"@type":"SearchAction","target":{"@type":"EntryPoint","urlTemplate":"http:\/\/www.reconoce.mx\/?s={search_term_string}"},"query-input":{"@type":"PropertyValueSpecification","valueRequired":true,"valueName":"search_term_string"}}],"inLanguage":"es"},{"@type":"Organization","@id":"http:\/\/www.reconoce.mx\/#organization","name":"Reconoce MX","url":"http:\/\/www.reconoce.mx\/","logo":{"@type":"ImageObject","inLanguage":"es","@id":"http:\/\/www.reconoce.mx\/#\/schema\/logo\/image\/","url":"https:\/\/www.reconoce.mx\/wp-content\/uploads\/2019\/03\/logorcmx-good-1.png","contentUrl":"https:\/\/www.reconoce.mx\/wp-content\/uploads\/2019\/03\/logorcmx-good-1.png","width":280,"height":90,"caption":"Reconoce MX"},"image":{"@id":"http:\/\/www.reconoce.mx\/#\/schema\/logo\/image\/"},"sameAs":["https:\/\/es-la.facebook.com\/ReconoceMX\/","https:\/\/x.com\/reconocemx","http:\/\/@reconocemx"]},{"@type":"Person","@id":"http:\/\/www.reconoce.mx\/#\/schema\/person\/2117e997d7051dc15d6880eaf9bca0b2","name":"Reconoce MX","image":{"@type":"ImageObject","inLanguage":"es","@id":"http:\/\/www.reconoce.mx\/#\/schema\/person\/image\/","url":"https:\/\/secure.gravatar.com\/avatar\/6c8d4dc7569ca1c90c5fdcc349f839d5ddef6fe1e70b4337ead2ef1a4c43fc3a?s=96&d=identicon&r=g","contentUrl":"https:\/\/secure.gravatar.com\/avatar\/6c8d4dc7569ca1c90c5fdcc349f839d5ddef6fe1e70b4337ead2ef1a4c43fc3a?s=96&d=identicon&r=g","caption":"Reconoce MX"},"description":"Reconoce MX es un proyecto de difusi\u00f3n art\u00edstica, cultural y de conciencia social que est\u00e1 enfocado a difundir y fomentar el entretenimiento alternativo de calidad para todo el p\u00fablico que comparta el mismo entusiasmo.","sameAs":["http:\/\/www.reconoce.mx"],"url":"https:\/\/www.reconoce.mx\/?author=2"}]}},"_links":{"self":[{"href":"https:\/\/www.reconoce.mx\/index.php?rest_route=\/wp\/v2\/posts\/65495","targetHints":{"allow":["GET"]}}],"collection":[{"href":"https:\/\/www.reconoce.mx\/index.php?rest_route=\/wp\/v2\/posts"}],"about":[{"href":"https:\/\/www.reconoce.mx\/index.php?rest_route=\/wp\/v2\/types\/post"}],"author":[{"embeddable":true,"href":"https:\/\/www.reconoce.mx\/index.php?rest_route=\/wp\/v2\/users\/2"}],"replies":[{"embeddable":true,"href":"https:\/\/www.reconoce.mx\/index.php?rest_route=%2Fwp%2Fv2%2Fcomments&post=65495"}],"version-history":[{"count":8,"href":"https:\/\/www.reconoce.mx\/index.php?rest_route=\/wp\/v2\/posts\/65495\/revisions"}],"predecessor-version":[{"id":65504,"href":"https:\/\/www.reconoce.mx\/index.php?rest_route=\/wp\/v2\/posts\/65495\/revisions\/65504"}],"wp:featuredmedia":[{"embeddable":true,"href":"https:\/\/www.reconoce.mx\/index.php?rest_route=\/wp\/v2\/media\/65496"}],"wp:attachment":[{"href":"https:\/\/www.reconoce.mx\/index.php?rest_route=%2Fwp%2Fv2%2Fmedia&parent=65495"}],"wp:term":[{"taxonomy":"category","embeddable":true,"href":"https:\/\/www.reconoce.mx\/index.php?rest_route=%2Fwp%2Fv2%2Fcategories&post=65495"},{"taxonomy":"post_tag","embeddable":true,"href":"https:\/\/www.reconoce.mx\/index.php?rest_route=%2Fwp%2Fv2%2Ftags&post=65495"}],"curies":[{"name":"wp","href":"https:\/\/api.w.org\/{rel}","templated":true}]}}