{"id":65619,"date":"2017-09-15T00:05:22","date_gmt":"2017-09-15T05:05:22","guid":{"rendered":"http:\/\/www.reconoce.mx\/?p=65619"},"modified":"2017-09-14T22:58:14","modified_gmt":"2017-09-15T03:58:14","slug":"fiesta-del-16-de-septiembre-con-alesana-e-invitados","status":"publish","type":"post","link":"https:\/\/www.reconoce.mx\/?p=65619","title":{"rendered":"\u00a1Fiesta del 16 de septiembre con Alesana e invitados!"},"content":{"rendered":"<p><strong> Por <a title=\"@AsfaltosTweets\" href=\"http:\/\/twitter.com\/AsfaltosTweets\" target=\"_blank\" rel=\"noopener noreferrer\" data-slimstat-type=\"0\" data-slimstat-callback=\"false\" data-slimstat-tracking=\"true\">Asfaltos<\/a><\/strong>.<\/p>\n<p>\u00bfSin plan para el 16 de septiembre? \u00bfQu\u00e9 tal pasar una tarde junto a la banda de <em>post-hardcore<\/em> estadounidense, <strong>Alesana<\/strong>? El grupo, uno de los m\u00e1s talentosos del g\u00e9nero, se presentar\u00e1 en el <strong>Teatro Ramiro Jim\u00e9nez<\/strong> de Ciudad de M\u00e9xico para celebrar una tarde completa junto a propuestas nacionales que calentar\u00e1n el ambiente para su esperad\u00edsima actuaci\u00f3n en suelo nacional.<\/p>\n<p><a href=\"http:\/\/www.reconoce.mx\/wp-content\/uploads\/2017\/09\/DIvKcmmUMAAzFaL.jpg\"><img loading=\"lazy\" decoding=\"async\" class=\"aligncenter size-full wp-image-65620\" src=\"http:\/\/www.reconoce.mx\/wp-content\/uploads\/2017\/09\/DIvKcmmUMAAzFaL.jpg\" alt=\"\" width=\"750\" height=\"1115\" srcset=\"https:\/\/www.reconoce.mx\/wp-content\/uploads\/2017\/09\/DIvKcmmUMAAzFaL.jpg 750w, https:\/\/www.reconoce.mx\/wp-content\/uploads\/2017\/09\/DIvKcmmUMAAzFaL-202x300.jpg 202w, https:\/\/www.reconoce.mx\/wp-content\/uploads\/2017\/09\/DIvKcmmUMAAzFaL-689x1024.jpg 689w, https:\/\/www.reconoce.mx\/wp-content\/uploads\/2017\/09\/DIvKcmmUMAAzFaL-150x223.jpg 150w, https:\/\/www.reconoce.mx\/wp-content\/uploads\/2017\/09\/DIvKcmmUMAAzFaL-700x1041.jpg 700w, https:\/\/www.reconoce.mx\/wp-content\/uploads\/2017\/09\/DIvKcmmUMAAzFaL-658x978.jpg 658w, https:\/\/www.reconoce.mx\/wp-content\/uploads\/2017\/09\/DIvKcmmUMAAzFaL-300x446.jpg 300w\" sizes=\"auto, (max-width: 750px) 100vw, 750px\" \/><\/a><\/p>\n<p>Tras 10 a\u00f1os del lanzamiento de su emblem\u00e1tico \u00abOn Frial Wings of Vanity and Wax\u00bb inpirado en la mitolog\u00eda griega, Shawn Milke (voz, guitarra, teclados), Dennis Lee (Voz), Patrick Thompson (guitarra), Shane Crump (bajo), Jeremy Bryan (bater\u00eda) y Jake Campbell (guitarra) llegan desde Raleigh, Carolina del Norte, Estados Unidos, para pasar una tarde intensa en la que la m\u00fasica tendr\u00e1 principalente explosiva energ\u00eda.<\/p>\n<p>Los invitados al festejo de <strong>Alesana<\/strong> son los nacionales <strong>Allison<\/strong>, <strong>Cerberus, Kamikaze Ninja<\/strong>, <strong>Say Ocean<\/strong> y <strong>Kaizan<\/strong>, quienes se unir\u00e1n a una tarde musical donde las emociones ser\u00e1n intensas y \u00e9stas se desbordar\u00e1n seguramente sobre y bajo el escenario.<\/p>\n<p>\u00bfD\u00f3nde, cu\u00e1ndo y de a c\u00f3mo? Ma\u00f1ana s\u00e1bado 16 de septiembre en el <strong>Teatro Ramiro Jim\u00e9nez<\/strong> (Ciudad ) desde las 16:00 horas. Las localidades est\u00e1n a un costo de $500.00, acceso general, y se encuentran disponibles en taquillas del recinto sin cargo, y a trav\u00e9s del <a href=\"http:\/\/www.ticketmaster.com.mx\/alesana-teatro-ramiro-jimenez-mexico-df\/venueartist\/163877\/1094704\" target=\"_blank\" rel=\"noopener\">Sistema Ticketmaster<\/a>.<\/p>\n<p>&nbsp;<\/p>\n<p>&nbsp;<\/p>\n","protected":false},"excerpt":{"rendered":"<p>\u00bfSin plan para el 16 de septiembre? \u00bfQu\u00e9 tal pasar una tarde junto a la banda de post-hardcore estadounidense, Alesana? <\/p>\n","protected":false},"author":2,"featured_media":65623,"comment_status":"open","ping_status":"open","sticky":false,"template":"","format":"standard","meta":{"footnotes":""},"categories":[1,18,17],"tags":[],"class_list":["post-65619","post","type-post","status-publish","format-standard","has-post-thumbnail","hentry","category-cultura","category-musica","category-principal"],"yoast_head":"<!-- This site is optimized with the Yoast SEO plugin v24.7 - https:\/\/yoast.com\/wordpress\/plugins\/seo\/ -->\n<title>\u00a1Fiesta del 16 de septiembre con Alesana e invitados! &#171; Reconoce MX<\/title>\n<meta name=\"robots\" content=\"index, follow, max-snippet:-1, max-image-preview:large, max-video-preview:-1\" \/>\n<link rel=\"canonical\" href=\"https:\/\/www.reconoce.mx\/?p=65619\" \/>\n<meta property=\"og:locale\" content=\"es_ES\" \/>\n<meta property=\"og:type\" content=\"article\" \/>\n<meta property=\"og:title\" content=\"\u00a1Fiesta del 16 de septiembre con Alesana e invitados! &#171; Reconoce MX\" \/>\n<meta property=\"og:description\" content=\"\u00bfSin plan para el 16 de septiembre? \u00bfQu\u00e9 tal pasar una tarde junto a la banda de post-hardcore estadounidense, Alesana?\" \/>\n<meta property=\"og:url\" content=\"https:\/\/www.reconoce.mx\/?p=65619\" \/>\n<meta property=\"og:site_name\" content=\"Reconoce MX\" \/>\n<meta property=\"article:publisher\" content=\"https:\/\/es-la.facebook.com\/ReconoceMX\/\" \/>\n<meta property=\"article:published_time\" content=\"2017-09-15T05:05:22+00:00\" \/>\n<meta property=\"og:image\" content=\"https:\/\/www.reconoce.mx\/wp-content\/uploads\/2017\/09\/alesana.png\" \/>\n\t<meta property=\"og:image:width\" content=\"590\" \/>\n\t<meta property=\"og:image:height\" content=\"380\" \/>\n\t<meta property=\"og:image:type\" content=\"image\/png\" \/>\n<meta name=\"author\" content=\"Reconoce MX\" \/>\n<meta name=\"twitter:card\" content=\"summary_large_image\" \/>\n<meta name=\"twitter:creator\" content=\"@reconocemx\" \/>\n<meta name=\"twitter:site\" content=\"@reconocemx\" \/>\n<meta name=\"twitter:label1\" content=\"Escrito por\" \/>\n\t<meta name=\"twitter:data1\" content=\"Reconoce MX\" \/>\n\t<meta name=\"twitter:label2\" content=\"Tiempo de lectura\" \/>\n\t<meta name=\"twitter:data2\" content=\"1 minuto\" \/>\n<script type=\"application\/ld+json\" class=\"yoast-schema-graph\">{\"@context\":\"https:\/\/schema.org\",\"@graph\":[{\"@type\":\"Article\",\"@id\":\"https:\/\/www.reconoce.mx\/?p=65619#article\",\"isPartOf\":{\"@id\":\"https:\/\/www.reconoce.mx\/?p=65619\"},\"author\":{\"name\":\"Reconoce MX\",\"@id\":\"http:\/\/www.reconoce.mx\/#\/schema\/person\/2117e997d7051dc15d6880eaf9bca0b2\"},\"headline\":\"\u00a1Fiesta del 16 de septiembre con Alesana e invitados!\",\"datePublished\":\"2017-09-15T05:05:22+00:00\",\"mainEntityOfPage\":{\"@id\":\"https:\/\/www.reconoce.mx\/?p=65619\"},\"wordCount\":240,\"commentCount\":0,\"publisher\":{\"@id\":\"http:\/\/www.reconoce.mx\/#organization\"},\"image\":{\"@id\":\"https:\/\/www.reconoce.mx\/?p=65619#primaryimage\"},\"thumbnailUrl\":\"https:\/\/www.reconoce.mx\/wp-content\/uploads\/2017\/09\/alesana.png\",\"articleSection\":[\"Cultura\",\"M\u00fasica\",\"Principal\"],\"inLanguage\":\"es\",\"potentialAction\":[{\"@type\":\"CommentAction\",\"name\":\"Comment\",\"target\":[\"https:\/\/www.reconoce.mx\/?p=65619#respond\"]}]},{\"@type\":\"WebPage\",\"@id\":\"https:\/\/www.reconoce.mx\/?p=65619\",\"url\":\"https:\/\/www.reconoce.mx\/?p=65619\",\"name\":\"\u00a1Fiesta del 16 de septiembre con Alesana e invitados! &#171; Reconoce MX\",\"isPartOf\":{\"@id\":\"http:\/\/www.reconoce.mx\/#website\"},\"primaryImageOfPage\":{\"@id\":\"https:\/\/www.reconoce.mx\/?p=65619#primaryimage\"},\"image\":{\"@id\":\"https:\/\/www.reconoce.mx\/?p=65619#primaryimage\"},\"thumbnailUrl\":\"https:\/\/www.reconoce.mx\/wp-content\/uploads\/2017\/09\/alesana.png\",\"datePublished\":\"2017-09-15T05:05:22+00:00\",\"breadcrumb\":{\"@id\":\"https:\/\/www.reconoce.mx\/?p=65619#breadcrumb\"},\"inLanguage\":\"es\",\"potentialAction\":[{\"@type\":\"ReadAction\",\"target\":[\"https:\/\/www.reconoce.mx\/?p=65619\"]}]},{\"@type\":\"ImageObject\",\"inLanguage\":\"es\",\"@id\":\"https:\/\/www.reconoce.mx\/?p=65619#primaryimage\",\"url\":\"https:\/\/www.reconoce.mx\/wp-content\/uploads\/2017\/09\/alesana.png\",\"contentUrl\":\"https:\/\/www.reconoce.mx\/wp-content\/uploads\/2017\/09\/alesana.png\",\"width\":590,\"height\":380},{\"@type\":\"BreadcrumbList\",\"@id\":\"https:\/\/www.reconoce.mx\/?p=65619#breadcrumb\",\"itemListElement\":[{\"@type\":\"ListItem\",\"position\":1,\"name\":\"Portada\",\"item\":\"http:\/\/www.reconoce.mx\/\"},{\"@type\":\"ListItem\",\"position\":2,\"name\":\"\u00a1Fiesta del 16 de septiembre con Alesana e invitados!\"}]},{\"@type\":\"WebSite\",\"@id\":\"http:\/\/www.reconoce.mx\/#website\",\"url\":\"http:\/\/www.reconoce.mx\/\",\"name\":\"Reconoce MX\",\"description\":\"En Reconoce MX difundimos arte, cultura y conciencia social en M\u00e9xico. Tu ciudad en otra perspectiva.\",\"publisher\":{\"@id\":\"http:\/\/www.reconoce.mx\/#organization\"},\"potentialAction\":[{\"@type\":\"SearchAction\",\"target\":{\"@type\":\"EntryPoint\",\"urlTemplate\":\"http:\/\/www.reconoce.mx\/?s={search_term_string}\"},\"query-input\":{\"@type\":\"PropertyValueSpecification\",\"valueRequired\":true,\"valueName\":\"search_term_string\"}}],\"inLanguage\":\"es\"},{\"@type\":\"Organization\",\"@id\":\"http:\/\/www.reconoce.mx\/#organization\",\"name\":\"Reconoce MX\",\"url\":\"http:\/\/www.reconoce.mx\/\",\"logo\":{\"@type\":\"ImageObject\",\"inLanguage\":\"es\",\"@id\":\"http:\/\/www.reconoce.mx\/#\/schema\/logo\/image\/\",\"url\":\"https:\/\/www.reconoce.mx\/wp-content\/uploads\/2019\/03\/logorcmx-good-1.png\",\"contentUrl\":\"https:\/\/www.reconoce.mx\/wp-content\/uploads\/2019\/03\/logorcmx-good-1.png\",\"width\":280,\"height\":90,\"caption\":\"Reconoce MX\"},\"image\":{\"@id\":\"http:\/\/www.reconoce.mx\/#\/schema\/logo\/image\/\"},\"sameAs\":[\"https:\/\/es-la.facebook.com\/ReconoceMX\/\",\"https:\/\/x.com\/reconocemx\",\"http:\/\/@reconocemx\"]},{\"@type\":\"Person\",\"@id\":\"http:\/\/www.reconoce.mx\/#\/schema\/person\/2117e997d7051dc15d6880eaf9bca0b2\",\"name\":\"Reconoce MX\",\"image\":{\"@type\":\"ImageObject\",\"inLanguage\":\"es\",\"@id\":\"http:\/\/www.reconoce.mx\/#\/schema\/person\/image\/\",\"url\":\"https:\/\/secure.gravatar.com\/avatar\/6c8d4dc7569ca1c90c5fdcc349f839d5ddef6fe1e70b4337ead2ef1a4c43fc3a?s=96&d=identicon&r=g\",\"contentUrl\":\"https:\/\/secure.gravatar.com\/avatar\/6c8d4dc7569ca1c90c5fdcc349f839d5ddef6fe1e70b4337ead2ef1a4c43fc3a?s=96&d=identicon&r=g\",\"caption\":\"Reconoce MX\"},\"description\":\"Reconoce MX es un proyecto de difusi\u00f3n art\u00edstica, cultural y de conciencia social que est\u00e1 enfocado a difundir y fomentar el entretenimiento alternativo de calidad para todo el p\u00fablico que comparta el mismo entusiasmo.\",\"sameAs\":[\"http:\/\/www.reconoce.mx\"],\"url\":\"https:\/\/www.reconoce.mx\/?author=2\"}]}<\/script>\n<!-- \/ Yoast SEO plugin. -->","yoast_head_json":{"title":"\u00a1Fiesta del 16 de septiembre con Alesana e invitados! &#171; Reconoce MX","robots":{"index":"index","follow":"follow","max-snippet":"max-snippet:-1","max-image-preview":"max-image-preview:large","max-video-preview":"max-video-preview:-1"},"canonical":"https:\/\/www.reconoce.mx\/?p=65619","og_locale":"es_ES","og_type":"article","og_title":"\u00a1Fiesta del 16 de septiembre con Alesana e invitados! &#171; Reconoce MX","og_description":"\u00bfSin plan para el 16 de septiembre? \u00bfQu\u00e9 tal pasar una tarde junto a la banda de post-hardcore estadounidense, Alesana?","og_url":"https:\/\/www.reconoce.mx\/?p=65619","og_site_name":"Reconoce MX","article_publisher":"https:\/\/es-la.facebook.com\/ReconoceMX\/","article_published_time":"2017-09-15T05:05:22+00:00","og_image":[{"width":590,"height":380,"url":"https:\/\/www.reconoce.mx\/wp-content\/uploads\/2017\/09\/alesana.png","type":"image\/png"}],"author":"Reconoce MX","twitter_card":"summary_large_image","twitter_creator":"@reconocemx","twitter_site":"@reconocemx","twitter_misc":{"Escrito por":"Reconoce MX","Tiempo de lectura":"1 minuto"},"schema":{"@context":"https:\/\/schema.org","@graph":[{"@type":"Article","@id":"https:\/\/www.reconoce.mx\/?p=65619#article","isPartOf":{"@id":"https:\/\/www.reconoce.mx\/?p=65619"},"author":{"name":"Reconoce MX","@id":"http:\/\/www.reconoce.mx\/#\/schema\/person\/2117e997d7051dc15d6880eaf9bca0b2"},"headline":"\u00a1Fiesta del 16 de septiembre con Alesana e invitados!","datePublished":"2017-09-15T05:05:22+00:00","mainEntityOfPage":{"@id":"https:\/\/www.reconoce.mx\/?p=65619"},"wordCount":240,"commentCount":0,"publisher":{"@id":"http:\/\/www.reconoce.mx\/#organization"},"image":{"@id":"https:\/\/www.reconoce.mx\/?p=65619#primaryimage"},"thumbnailUrl":"https:\/\/www.reconoce.mx\/wp-content\/uploads\/2017\/09\/alesana.png","articleSection":["Cultura","M\u00fasica","Principal"],"inLanguage":"es","potentialAction":[{"@type":"CommentAction","name":"Comment","target":["https:\/\/www.reconoce.mx\/?p=65619#respond"]}]},{"@type":"WebPage","@id":"https:\/\/www.reconoce.mx\/?p=65619","url":"https:\/\/www.reconoce.mx\/?p=65619","name":"\u00a1Fiesta del 16 de septiembre con Alesana e invitados! &#171; Reconoce MX","isPartOf":{"@id":"http:\/\/www.reconoce.mx\/#website"},"primaryImageOfPage":{"@id":"https:\/\/www.reconoce.mx\/?p=65619#primaryimage"},"image":{"@id":"https:\/\/www.reconoce.mx\/?p=65619#primaryimage"},"thumbnailUrl":"https:\/\/www.reconoce.mx\/wp-content\/uploads\/2017\/09\/alesana.png","datePublished":"2017-09-15T05:05:22+00:00","breadcrumb":{"@id":"https:\/\/www.reconoce.mx\/?p=65619#breadcrumb"},"inLanguage":"es","potentialAction":[{"@type":"ReadAction","target":["https:\/\/www.reconoce.mx\/?p=65619"]}]},{"@type":"ImageObject","inLanguage":"es","@id":"https:\/\/www.reconoce.mx\/?p=65619#primaryimage","url":"https:\/\/www.reconoce.mx\/wp-content\/uploads\/2017\/09\/alesana.png","contentUrl":"https:\/\/www.reconoce.mx\/wp-content\/uploads\/2017\/09\/alesana.png","width":590,"height":380},{"@type":"BreadcrumbList","@id":"https:\/\/www.reconoce.mx\/?p=65619#breadcrumb","itemListElement":[{"@type":"ListItem","position":1,"name":"Portada","item":"http:\/\/www.reconoce.mx\/"},{"@type":"ListItem","position":2,"name":"\u00a1Fiesta del 16 de septiembre con Alesana e invitados!"}]},{"@type":"WebSite","@id":"http:\/\/www.reconoce.mx\/#website","url":"http:\/\/www.reconoce.mx\/","name":"Reconoce MX","description":"En Reconoce MX difundimos arte, cultura y conciencia social en M\u00e9xico. Tu ciudad en otra perspectiva.","publisher":{"@id":"http:\/\/www.reconoce.mx\/#organization"},"potentialAction":[{"@type":"SearchAction","target":{"@type":"EntryPoint","urlTemplate":"http:\/\/www.reconoce.mx\/?s={search_term_string}"},"query-input":{"@type":"PropertyValueSpecification","valueRequired":true,"valueName":"search_term_string"}}],"inLanguage":"es"},{"@type":"Organization","@id":"http:\/\/www.reconoce.mx\/#organization","name":"Reconoce MX","url":"http:\/\/www.reconoce.mx\/","logo":{"@type":"ImageObject","inLanguage":"es","@id":"http:\/\/www.reconoce.mx\/#\/schema\/logo\/image\/","url":"https:\/\/www.reconoce.mx\/wp-content\/uploads\/2019\/03\/logorcmx-good-1.png","contentUrl":"https:\/\/www.reconoce.mx\/wp-content\/uploads\/2019\/03\/logorcmx-good-1.png","width":280,"height":90,"caption":"Reconoce MX"},"image":{"@id":"http:\/\/www.reconoce.mx\/#\/schema\/logo\/image\/"},"sameAs":["https:\/\/es-la.facebook.com\/ReconoceMX\/","https:\/\/x.com\/reconocemx","http:\/\/@reconocemx"]},{"@type":"Person","@id":"http:\/\/www.reconoce.mx\/#\/schema\/person\/2117e997d7051dc15d6880eaf9bca0b2","name":"Reconoce MX","image":{"@type":"ImageObject","inLanguage":"es","@id":"http:\/\/www.reconoce.mx\/#\/schema\/person\/image\/","url":"https:\/\/secure.gravatar.com\/avatar\/6c8d4dc7569ca1c90c5fdcc349f839d5ddef6fe1e70b4337ead2ef1a4c43fc3a?s=96&d=identicon&r=g","contentUrl":"https:\/\/secure.gravatar.com\/avatar\/6c8d4dc7569ca1c90c5fdcc349f839d5ddef6fe1e70b4337ead2ef1a4c43fc3a?s=96&d=identicon&r=g","caption":"Reconoce MX"},"description":"Reconoce MX es un proyecto de difusi\u00f3n art\u00edstica, cultural y de conciencia social que est\u00e1 enfocado a difundir y fomentar el entretenimiento alternativo de calidad para todo el p\u00fablico que comparta el mismo entusiasmo.","sameAs":["http:\/\/www.reconoce.mx"],"url":"https:\/\/www.reconoce.mx\/?author=2"}]}},"_links":{"self":[{"href":"https:\/\/www.reconoce.mx\/index.php?rest_route=\/wp\/v2\/posts\/65619","targetHints":{"allow":["GET"]}}],"collection":[{"href":"https:\/\/www.reconoce.mx\/index.php?rest_route=\/wp\/v2\/posts"}],"about":[{"href":"https:\/\/www.reconoce.mx\/index.php?rest_route=\/wp\/v2\/types\/post"}],"author":[{"embeddable":true,"href":"https:\/\/www.reconoce.mx\/index.php?rest_route=\/wp\/v2\/users\/2"}],"replies":[{"embeddable":true,"href":"https:\/\/www.reconoce.mx\/index.php?rest_route=%2Fwp%2Fv2%2Fcomments&post=65619"}],"version-history":[{"count":3,"href":"https:\/\/www.reconoce.mx\/index.php?rest_route=\/wp\/v2\/posts\/65619\/revisions"}],"predecessor-version":[{"id":65624,"href":"https:\/\/www.reconoce.mx\/index.php?rest_route=\/wp\/v2\/posts\/65619\/revisions\/65624"}],"wp:featuredmedia":[{"embeddable":true,"href":"https:\/\/www.reconoce.mx\/index.php?rest_route=\/wp\/v2\/media\/65623"}],"wp:attachment":[{"href":"https:\/\/www.reconoce.mx\/index.php?rest_route=%2Fwp%2Fv2%2Fmedia&parent=65619"}],"wp:term":[{"taxonomy":"category","embeddable":true,"href":"https:\/\/www.reconoce.mx\/index.php?rest_route=%2Fwp%2Fv2%2Fcategories&post=65619"},{"taxonomy":"post_tag","embeddable":true,"href":"https:\/\/www.reconoce.mx\/index.php?rest_route=%2Fwp%2Fv2%2Ftags&post=65619"}],"curies":[{"name":"wp","href":"https:\/\/api.w.org\/{rel}","templated":true}]}}