{"id":65625,"date":"2017-09-15T00:06:20","date_gmt":"2017-09-15T05:06:20","guid":{"rendered":"http:\/\/www.reconoce.mx\/?p=65625"},"modified":"2017-09-15T08:14:36","modified_gmt":"2017-09-15T13:14:36","slug":"walk-the-moon-en-el-plaza-un-viaje-musical-a-la-luna","status":"publish","type":"post","link":"https:\/\/www.reconoce.mx\/?p=65625","title":{"rendered":"Walk the Moon en El Plaza: un viaje musical a la luna"},"content":{"rendered":"<p><strong>Texto por <a href=\"https:\/\/twitter.com\/llamamepollo\" target=\"_blank\" rel=\"noopener noreferrer\">Elizabeth Gonz\u00e1lez Pazar\u00e1n<\/a>.<br \/>\nFotos por <a title=\"@anasofisolis\" href=\"https:\/\/twitter.com\/Anasofisolis\" target=\"_blank\" rel=\"noopener\">Ana Sof Sol\u00eds<\/a>.<br \/>\n<\/strong><\/p>\n<p>Despu\u00e9s de su exitosa presentaci\u00f3n en el <strong>Corona Capital 2016<\/strong>, por fin lleg\u00f3 a Ciudad de M\u00e9xico <strong>Walk the Moon<\/strong>, esta banda originaria de Cincinnati inund\u00f3 <strong>El Plaza Condesa<\/strong> para hacernos bailar y cantar con su ritmo \u00fanico y letras que llegan a lo m\u00e1s profundo del coraz\u00f3n.<\/p>\n<p><a href=\"http:\/\/www.reconoce.mx\/wp-content\/uploads\/2017\/09\/WTM-3-e1505480617932.jpg\"><img loading=\"lazy\" decoding=\"async\" class=\"aligncenter size-full wp-image-65628\" src=\"http:\/\/www.reconoce.mx\/wp-content\/uploads\/2017\/09\/WTM-3-e1505480617932.jpg\" alt=\"\" width=\"1000\" height=\"667\" \/><\/a><\/p>\n<p><em><strong>&gt;&gt;<a href=\"https:\/\/www.flickr.com\/photos\/reconocemx\/albums\/72157686679453014\" target=\"_blank\" rel=\"noopener\">Disfruta nuestra galer\u00eda completa de Viva el Rey en El Plaza Condesa<\/a>&lt;&lt;<\/strong><\/em><\/p>\n<p>A casi un a\u00f1o de la primera vez que estuvieron en tierras mexicanas, llegaron estos americanos a comprobar el porqu\u00e9 se est\u00e1n convirtiendo en una de las bandas consentidas de los mexicanos. Para calentar motores llegaron al escenario <strong>Viva el Rey<\/strong>, una banda nacional de <em>tropical power<\/em> que llen\u00f3 de ritmo y buena vibra el recinto para poner a bailar a los ansiosos fans que esperaban por los estelares de la noche.<\/p>\n<p>Al t\u00e9rmino de los teloneros, los fans comenzaban a impacientarse y pensaban en las canciones que ser\u00edan las estrellas de la noche; de pronto las luces se apagaron, <strong>Walk the Moon<\/strong> estaban listos para entregarse a su p\u00fablico mexicano, y con una gran sonrisa que les dur\u00f3 todo el concierto salieron al escenario para recibir el cari\u00f1o de sus fans.<\/p>\n<p><a href=\"http:\/\/www.reconoce.mx\/wp-content\/uploads\/2017\/09\/WTM-15-e1505481160393.jpg\"><img loading=\"lazy\" decoding=\"async\" class=\"aligncenter size-full wp-image-65630\" src=\"http:\/\/www.reconoce.mx\/wp-content\/uploads\/2017\/09\/WTM-15-e1505481160393.jpg\" alt=\"\" width=\"1000\" height=\"667\" \/><\/a><\/p>\n<p><em><strong>&gt;&gt;<a href=\"https:\/\/www.flickr.com\/photos\/reconocemx\/albums\/72157689065215105\" target=\"_blank\" rel=\"noopener\">Disfruta nuestra galer\u00eda completa de Walk the Moon en El Plaza Condesa<\/a>&lt;&lt;<\/strong><\/em><\/p>\n<p>En ese momento <strong>El Plaza Condesa<\/strong> se llen\u00f3 de energ\u00eda, colores y mucha m\u00fasica, pues esta banda tiene la capacidad de comenzar una melodiosa balada para terminarla en una explosi\u00f3n de ritmos que pone a bailar a cualquiera.<\/p>\n<p>Con canciones como \u00abAquaman\u00bb, \u00abUp 2 u\u00bb, \u00abPortugal\u00bb y \u00abDifferent colors\u00bb, la banda se conect\u00f3 por dos horas con sus fans haciendo una complicidad que se sent\u00eda en el ambiente, para terminar en una fiesta con el ya cl\u00e1sico tema \u00abShut up and dance\u00bb, no sin antes prometer su pr\u00f3ximo regreso y anunciar un \u00e1lbum nuevo que tambi\u00e9n llegar\u00e1 muy pronto.<\/p>\n<p><a href=\"http:\/\/www.reconoce.mx\/wp-content\/uploads\/2017\/09\/WTM-13-e1505480658699.jpg\"><img loading=\"lazy\" decoding=\"async\" class=\"aligncenter size-full wp-image-65629\" src=\"http:\/\/www.reconoce.mx\/wp-content\/uploads\/2017\/09\/WTM-13-e1505480658699.jpg\" alt=\"\" width=\"1000\" height=\"667\" \/><\/a><\/p>\n<p><em><strong>&gt;&gt;<a href=\"https:\/\/www.flickr.com\/photos\/reconocemx\/albums\/72157689065215105\" target=\"_blank\" rel=\"noopener\">Disfruta nuestra galer\u00eda completa de Walk the Moon en El Plaza Condesa<\/a>&lt;&lt;<\/strong><\/em><\/p>\n<p>Sin duda fue un concierto que se convirti\u00f3 en un pretexto para ponerse a bailar, cantar y gritar. Esperamos que pronto podamos escuchar su nueva m\u00fasica, mientras tanto nos quedamos con un gran sabor de esta presentaci\u00f3n que nos deb\u00edan desde octubre pasado y con la esperanza de recibirlos nuevamente en tierras mexicanas.<\/p>\n<p>&nbsp;<\/p>\n<p>&nbsp;<\/p>\n","protected":false},"excerpt":{"rendered":"<p>Despu\u00e9s de su exitosa presentaci\u00f3n en el Corona Capital 2016, por fin lleg\u00f3 a Ciudad de M\u00e9xico Walk the Moon, esta banda originaria de Cincinnati inund\u00f3 El Plaza Condesa para hacernos bailar y cantar con su ritmo \u00fanico y letras que llegan a lo m\u00e1s profundo del coraz\u00f3n.<\/p>\n","protected":false},"author":2,"featured_media":65627,"comment_status":"open","ping_status":"open","sticky":false,"template":"","format":"standard","meta":{"footnotes":""},"categories":[1,18,17],"tags":[],"class_list":["post-65625","post","type-post","status-publish","format-standard","has-post-thumbnail","hentry","category-cultura","category-musica","category-principal"],"yoast_head":"<!-- This site is optimized with the Yoast SEO plugin v24.7 - https:\/\/yoast.com\/wordpress\/plugins\/seo\/ -->\n<title>Walk the Moon en El Plaza: un viaje musical a la luna &#171; Reconoce MX<\/title>\n<meta name=\"robots\" content=\"index, follow, max-snippet:-1, max-image-preview:large, max-video-preview:-1\" \/>\n<link rel=\"canonical\" href=\"https:\/\/www.reconoce.mx\/?p=65625\" \/>\n<meta property=\"og:locale\" content=\"es_ES\" \/>\n<meta property=\"og:type\" content=\"article\" \/>\n<meta property=\"og:title\" content=\"Walk the Moon en El Plaza: un viaje musical a la luna &#171; Reconoce MX\" \/>\n<meta property=\"og:description\" content=\"Despu\u00e9s de su exitosa presentaci\u00f3n en el Corona Capital 2016, por fin lleg\u00f3 a Ciudad de M\u00e9xico Walk the Moon, esta banda originaria de Cincinnati inund\u00f3 El Plaza Condesa para hacernos bailar y cantar con su ritmo \u00fanico y letras que llegan a lo m\u00e1s profundo del coraz\u00f3n.\" \/>\n<meta property=\"og:url\" content=\"https:\/\/www.reconoce.mx\/?p=65625\" \/>\n<meta property=\"og:site_name\" content=\"Reconoce MX\" \/>\n<meta property=\"article:publisher\" content=\"https:\/\/es-la.facebook.com\/ReconoceMX\/\" \/>\n<meta property=\"article:published_time\" content=\"2017-09-15T05:06:20+00:00\" \/>\n<meta property=\"article:modified_time\" content=\"2017-09-15T13:14:36+00:00\" \/>\n<meta property=\"og:image\" content=\"https:\/\/www.reconoce.mx\/wp-content\/uploads\/2017\/09\/walk-the-moon-cover.png\" \/>\n\t<meta property=\"og:image:width\" content=\"590\" \/>\n\t<meta property=\"og:image:height\" content=\"380\" \/>\n\t<meta property=\"og:image:type\" content=\"image\/png\" \/>\n<meta name=\"author\" content=\"Reconoce MX\" \/>\n<meta name=\"twitter:card\" content=\"summary_large_image\" \/>\n<meta name=\"twitter:creator\" content=\"@reconocemx\" \/>\n<meta name=\"twitter:site\" content=\"@reconocemx\" \/>\n<meta name=\"twitter:label1\" content=\"Escrito por\" \/>\n\t<meta name=\"twitter:data1\" content=\"Reconoce MX\" \/>\n\t<meta name=\"twitter:label2\" content=\"Tiempo de lectura\" \/>\n\t<meta name=\"twitter:data2\" content=\"2 minutos\" \/>\n<script type=\"application\/ld+json\" class=\"yoast-schema-graph\">{\"@context\":\"https:\/\/schema.org\",\"@graph\":[{\"@type\":\"Article\",\"@id\":\"https:\/\/www.reconoce.mx\/?p=65625#article\",\"isPartOf\":{\"@id\":\"https:\/\/www.reconoce.mx\/?p=65625\"},\"author\":{\"name\":\"Reconoce MX\",\"@id\":\"http:\/\/www.reconoce.mx\/#\/schema\/person\/2117e997d7051dc15d6880eaf9bca0b2\"},\"headline\":\"Walk the Moon en El Plaza: un viaje musical a la luna\",\"datePublished\":\"2017-09-15T05:06:20+00:00\",\"dateModified\":\"2017-09-15T13:14:36+00:00\",\"mainEntityOfPage\":{\"@id\":\"https:\/\/www.reconoce.mx\/?p=65625\"},\"wordCount\":429,\"commentCount\":0,\"publisher\":{\"@id\":\"http:\/\/www.reconoce.mx\/#organization\"},\"image\":{\"@id\":\"https:\/\/www.reconoce.mx\/?p=65625#primaryimage\"},\"thumbnailUrl\":\"https:\/\/www.reconoce.mx\/wp-content\/uploads\/2017\/09\/walk-the-moon-cover.png\",\"articleSection\":[\"Cultura\",\"M\u00fasica\",\"Principal\"],\"inLanguage\":\"es\",\"potentialAction\":[{\"@type\":\"CommentAction\",\"name\":\"Comment\",\"target\":[\"https:\/\/www.reconoce.mx\/?p=65625#respond\"]}]},{\"@type\":\"WebPage\",\"@id\":\"https:\/\/www.reconoce.mx\/?p=65625\",\"url\":\"https:\/\/www.reconoce.mx\/?p=65625\",\"name\":\"Walk the Moon en El Plaza: un viaje musical a la luna &#171; Reconoce MX\",\"isPartOf\":{\"@id\":\"http:\/\/www.reconoce.mx\/#website\"},\"primaryImageOfPage\":{\"@id\":\"https:\/\/www.reconoce.mx\/?p=65625#primaryimage\"},\"image\":{\"@id\":\"https:\/\/www.reconoce.mx\/?p=65625#primaryimage\"},\"thumbnailUrl\":\"https:\/\/www.reconoce.mx\/wp-content\/uploads\/2017\/09\/walk-the-moon-cover.png\",\"datePublished\":\"2017-09-15T05:06:20+00:00\",\"dateModified\":\"2017-09-15T13:14:36+00:00\",\"breadcrumb\":{\"@id\":\"https:\/\/www.reconoce.mx\/?p=65625#breadcrumb\"},\"inLanguage\":\"es\",\"potentialAction\":[{\"@type\":\"ReadAction\",\"target\":[\"https:\/\/www.reconoce.mx\/?p=65625\"]}]},{\"@type\":\"ImageObject\",\"inLanguage\":\"es\",\"@id\":\"https:\/\/www.reconoce.mx\/?p=65625#primaryimage\",\"url\":\"https:\/\/www.reconoce.mx\/wp-content\/uploads\/2017\/09\/walk-the-moon-cover.png\",\"contentUrl\":\"https:\/\/www.reconoce.mx\/wp-content\/uploads\/2017\/09\/walk-the-moon-cover.png\",\"width\":590,\"height\":380},{\"@type\":\"BreadcrumbList\",\"@id\":\"https:\/\/www.reconoce.mx\/?p=65625#breadcrumb\",\"itemListElement\":[{\"@type\":\"ListItem\",\"position\":1,\"name\":\"Portada\",\"item\":\"http:\/\/www.reconoce.mx\/\"},{\"@type\":\"ListItem\",\"position\":2,\"name\":\"Walk the Moon en El Plaza: un viaje musical a la luna\"}]},{\"@type\":\"WebSite\",\"@id\":\"http:\/\/www.reconoce.mx\/#website\",\"url\":\"http:\/\/www.reconoce.mx\/\",\"name\":\"Reconoce MX\",\"description\":\"En Reconoce MX difundimos arte, cultura y conciencia social en M\u00e9xico. Tu ciudad en otra perspectiva.\",\"publisher\":{\"@id\":\"http:\/\/www.reconoce.mx\/#organization\"},\"potentialAction\":[{\"@type\":\"SearchAction\",\"target\":{\"@type\":\"EntryPoint\",\"urlTemplate\":\"http:\/\/www.reconoce.mx\/?s={search_term_string}\"},\"query-input\":{\"@type\":\"PropertyValueSpecification\",\"valueRequired\":true,\"valueName\":\"search_term_string\"}}],\"inLanguage\":\"es\"},{\"@type\":\"Organization\",\"@id\":\"http:\/\/www.reconoce.mx\/#organization\",\"name\":\"Reconoce MX\",\"url\":\"http:\/\/www.reconoce.mx\/\",\"logo\":{\"@type\":\"ImageObject\",\"inLanguage\":\"es\",\"@id\":\"http:\/\/www.reconoce.mx\/#\/schema\/logo\/image\/\",\"url\":\"https:\/\/www.reconoce.mx\/wp-content\/uploads\/2019\/03\/logorcmx-good-1.png\",\"contentUrl\":\"https:\/\/www.reconoce.mx\/wp-content\/uploads\/2019\/03\/logorcmx-good-1.png\",\"width\":280,\"height\":90,\"caption\":\"Reconoce MX\"},\"image\":{\"@id\":\"http:\/\/www.reconoce.mx\/#\/schema\/logo\/image\/\"},\"sameAs\":[\"https:\/\/es-la.facebook.com\/ReconoceMX\/\",\"https:\/\/x.com\/reconocemx\",\"http:\/\/@reconocemx\"]},{\"@type\":\"Person\",\"@id\":\"http:\/\/www.reconoce.mx\/#\/schema\/person\/2117e997d7051dc15d6880eaf9bca0b2\",\"name\":\"Reconoce MX\",\"image\":{\"@type\":\"ImageObject\",\"inLanguage\":\"es\",\"@id\":\"http:\/\/www.reconoce.mx\/#\/schema\/person\/image\/\",\"url\":\"https:\/\/secure.gravatar.com\/avatar\/6c8d4dc7569ca1c90c5fdcc349f839d5ddef6fe1e70b4337ead2ef1a4c43fc3a?s=96&d=identicon&r=g\",\"contentUrl\":\"https:\/\/secure.gravatar.com\/avatar\/6c8d4dc7569ca1c90c5fdcc349f839d5ddef6fe1e70b4337ead2ef1a4c43fc3a?s=96&d=identicon&r=g\",\"caption\":\"Reconoce MX\"},\"description\":\"Reconoce MX es un proyecto de difusi\u00f3n art\u00edstica, cultural y de conciencia social que est\u00e1 enfocado a difundir y fomentar el entretenimiento alternativo de calidad para todo el p\u00fablico que comparta el mismo entusiasmo.\",\"sameAs\":[\"http:\/\/www.reconoce.mx\"],\"url\":\"https:\/\/www.reconoce.mx\/?author=2\"}]}<\/script>\n<!-- \/ Yoast SEO plugin. -->","yoast_head_json":{"title":"Walk the Moon en El Plaza: un viaje musical a la luna &#171; Reconoce MX","robots":{"index":"index","follow":"follow","max-snippet":"max-snippet:-1","max-image-preview":"max-image-preview:large","max-video-preview":"max-video-preview:-1"},"canonical":"https:\/\/www.reconoce.mx\/?p=65625","og_locale":"es_ES","og_type":"article","og_title":"Walk the Moon en El Plaza: un viaje musical a la luna &#171; Reconoce MX","og_description":"Despu\u00e9s de su exitosa presentaci\u00f3n en el Corona Capital 2016, por fin lleg\u00f3 a Ciudad de M\u00e9xico Walk the Moon, esta banda originaria de Cincinnati inund\u00f3 El Plaza Condesa para hacernos bailar y cantar con su ritmo \u00fanico y letras que llegan a lo m\u00e1s profundo del coraz\u00f3n.","og_url":"https:\/\/www.reconoce.mx\/?p=65625","og_site_name":"Reconoce MX","article_publisher":"https:\/\/es-la.facebook.com\/ReconoceMX\/","article_published_time":"2017-09-15T05:06:20+00:00","article_modified_time":"2017-09-15T13:14:36+00:00","og_image":[{"width":590,"height":380,"url":"https:\/\/www.reconoce.mx\/wp-content\/uploads\/2017\/09\/walk-the-moon-cover.png","type":"image\/png"}],"author":"Reconoce MX","twitter_card":"summary_large_image","twitter_creator":"@reconocemx","twitter_site":"@reconocemx","twitter_misc":{"Escrito por":"Reconoce MX","Tiempo de lectura":"2 minutos"},"schema":{"@context":"https:\/\/schema.org","@graph":[{"@type":"Article","@id":"https:\/\/www.reconoce.mx\/?p=65625#article","isPartOf":{"@id":"https:\/\/www.reconoce.mx\/?p=65625"},"author":{"name":"Reconoce MX","@id":"http:\/\/www.reconoce.mx\/#\/schema\/person\/2117e997d7051dc15d6880eaf9bca0b2"},"headline":"Walk the Moon en El Plaza: un viaje musical a la luna","datePublished":"2017-09-15T05:06:20+00:00","dateModified":"2017-09-15T13:14:36+00:00","mainEntityOfPage":{"@id":"https:\/\/www.reconoce.mx\/?p=65625"},"wordCount":429,"commentCount":0,"publisher":{"@id":"http:\/\/www.reconoce.mx\/#organization"},"image":{"@id":"https:\/\/www.reconoce.mx\/?p=65625#primaryimage"},"thumbnailUrl":"https:\/\/www.reconoce.mx\/wp-content\/uploads\/2017\/09\/walk-the-moon-cover.png","articleSection":["Cultura","M\u00fasica","Principal"],"inLanguage":"es","potentialAction":[{"@type":"CommentAction","name":"Comment","target":["https:\/\/www.reconoce.mx\/?p=65625#respond"]}]},{"@type":"WebPage","@id":"https:\/\/www.reconoce.mx\/?p=65625","url":"https:\/\/www.reconoce.mx\/?p=65625","name":"Walk the Moon en El Plaza: un viaje musical a la luna &#171; Reconoce MX","isPartOf":{"@id":"http:\/\/www.reconoce.mx\/#website"},"primaryImageOfPage":{"@id":"https:\/\/www.reconoce.mx\/?p=65625#primaryimage"},"image":{"@id":"https:\/\/www.reconoce.mx\/?p=65625#primaryimage"},"thumbnailUrl":"https:\/\/www.reconoce.mx\/wp-content\/uploads\/2017\/09\/walk-the-moon-cover.png","datePublished":"2017-09-15T05:06:20+00:00","dateModified":"2017-09-15T13:14:36+00:00","breadcrumb":{"@id":"https:\/\/www.reconoce.mx\/?p=65625#breadcrumb"},"inLanguage":"es","potentialAction":[{"@type":"ReadAction","target":["https:\/\/www.reconoce.mx\/?p=65625"]}]},{"@type":"ImageObject","inLanguage":"es","@id":"https:\/\/www.reconoce.mx\/?p=65625#primaryimage","url":"https:\/\/www.reconoce.mx\/wp-content\/uploads\/2017\/09\/walk-the-moon-cover.png","contentUrl":"https:\/\/www.reconoce.mx\/wp-content\/uploads\/2017\/09\/walk-the-moon-cover.png","width":590,"height":380},{"@type":"BreadcrumbList","@id":"https:\/\/www.reconoce.mx\/?p=65625#breadcrumb","itemListElement":[{"@type":"ListItem","position":1,"name":"Portada","item":"http:\/\/www.reconoce.mx\/"},{"@type":"ListItem","position":2,"name":"Walk the Moon en El Plaza: un viaje musical a la luna"}]},{"@type":"WebSite","@id":"http:\/\/www.reconoce.mx\/#website","url":"http:\/\/www.reconoce.mx\/","name":"Reconoce MX","description":"En Reconoce MX difundimos arte, cultura y conciencia social en M\u00e9xico. Tu ciudad en otra perspectiva.","publisher":{"@id":"http:\/\/www.reconoce.mx\/#organization"},"potentialAction":[{"@type":"SearchAction","target":{"@type":"EntryPoint","urlTemplate":"http:\/\/www.reconoce.mx\/?s={search_term_string}"},"query-input":{"@type":"PropertyValueSpecification","valueRequired":true,"valueName":"search_term_string"}}],"inLanguage":"es"},{"@type":"Organization","@id":"http:\/\/www.reconoce.mx\/#organization","name":"Reconoce MX","url":"http:\/\/www.reconoce.mx\/","logo":{"@type":"ImageObject","inLanguage":"es","@id":"http:\/\/www.reconoce.mx\/#\/schema\/logo\/image\/","url":"https:\/\/www.reconoce.mx\/wp-content\/uploads\/2019\/03\/logorcmx-good-1.png","contentUrl":"https:\/\/www.reconoce.mx\/wp-content\/uploads\/2019\/03\/logorcmx-good-1.png","width":280,"height":90,"caption":"Reconoce MX"},"image":{"@id":"http:\/\/www.reconoce.mx\/#\/schema\/logo\/image\/"},"sameAs":["https:\/\/es-la.facebook.com\/ReconoceMX\/","https:\/\/x.com\/reconocemx","http:\/\/@reconocemx"]},{"@type":"Person","@id":"http:\/\/www.reconoce.mx\/#\/schema\/person\/2117e997d7051dc15d6880eaf9bca0b2","name":"Reconoce MX","image":{"@type":"ImageObject","inLanguage":"es","@id":"http:\/\/www.reconoce.mx\/#\/schema\/person\/image\/","url":"https:\/\/secure.gravatar.com\/avatar\/6c8d4dc7569ca1c90c5fdcc349f839d5ddef6fe1e70b4337ead2ef1a4c43fc3a?s=96&d=identicon&r=g","contentUrl":"https:\/\/secure.gravatar.com\/avatar\/6c8d4dc7569ca1c90c5fdcc349f839d5ddef6fe1e70b4337ead2ef1a4c43fc3a?s=96&d=identicon&r=g","caption":"Reconoce MX"},"description":"Reconoce MX es un proyecto de difusi\u00f3n art\u00edstica, cultural y de conciencia social que est\u00e1 enfocado a difundir y fomentar el entretenimiento alternativo de calidad para todo el p\u00fablico que comparta el mismo entusiasmo.","sameAs":["http:\/\/www.reconoce.mx"],"url":"https:\/\/www.reconoce.mx\/?author=2"}]}},"_links":{"self":[{"href":"https:\/\/www.reconoce.mx\/index.php?rest_route=\/wp\/v2\/posts\/65625","targetHints":{"allow":["GET"]}}],"collection":[{"href":"https:\/\/www.reconoce.mx\/index.php?rest_route=\/wp\/v2\/posts"}],"about":[{"href":"https:\/\/www.reconoce.mx\/index.php?rest_route=\/wp\/v2\/types\/post"}],"author":[{"embeddable":true,"href":"https:\/\/www.reconoce.mx\/index.php?rest_route=\/wp\/v2\/users\/2"}],"replies":[{"embeddable":true,"href":"https:\/\/www.reconoce.mx\/index.php?rest_route=%2Fwp%2Fv2%2Fcomments&post=65625"}],"version-history":[{"count":2,"href":"https:\/\/www.reconoce.mx\/index.php?rest_route=\/wp\/v2\/posts\/65625\/revisions"}],"predecessor-version":[{"id":65631,"href":"https:\/\/www.reconoce.mx\/index.php?rest_route=\/wp\/v2\/posts\/65625\/revisions\/65631"}],"wp:featuredmedia":[{"embeddable":true,"href":"https:\/\/www.reconoce.mx\/index.php?rest_route=\/wp\/v2\/media\/65627"}],"wp:attachment":[{"href":"https:\/\/www.reconoce.mx\/index.php?rest_route=%2Fwp%2Fv2%2Fmedia&parent=65625"}],"wp:term":[{"taxonomy":"category","embeddable":true,"href":"https:\/\/www.reconoce.mx\/index.php?rest_route=%2Fwp%2Fv2%2Fcategories&post=65625"},{"taxonomy":"post_tag","embeddable":true,"href":"https:\/\/www.reconoce.mx\/index.php?rest_route=%2Fwp%2Fv2%2Ftags&post=65625"}],"curies":[{"name":"wp","href":"https:\/\/api.w.org\/{rel}","templated":true}]}}