{"id":65792,"date":"2017-09-20T00:06:15","date_gmt":"2017-09-20T05:06:15","guid":{"rendered":"http:\/\/www.reconoce.mx\/?p=65792"},"modified":"2017-10-12T15:02:17","modified_gmt":"2017-10-12T20:02:17","slug":"otra-vez-un-19-de-septiembre","status":"publish","type":"post","link":"https:\/\/www.reconoce.mx\/?p=65792","title":{"rendered":"Otra vez un 19 de septiembre"},"content":{"rendered":"<p><strong>Por <a title=\"@danielhiga_al\" href=\"https:\/\/twitter.com\/danielhiga_al\" target=\"_blank\" rel=\"noopener noreferrer\">Daniel Higa Alquicira<\/a><\/strong>.<\/p>\n<p>Nadie lo hubiera cre\u00eddo de haberlo sabido antes. Que el mismo d\u00eda pero 32 a\u00f1os despu\u00e9s, un sismo devastador se presentar\u00eda en el centro del pa\u00eds da\u00f1ando nuevamente a Ciudad de M\u00e9xico. Pero la desgracia no se percibe hasta que se est\u00e1 en el lugar de los hechos, en donde la magnitud de los escombros estremece el coraz\u00f3n y provoca una sensaci\u00f3n muy extra\u00f1a.<\/p>\n<p><a href=\"http:\/\/www.reconoce.mx\/wp-content\/uploads\/2017\/09\/AYUDA-2.jpeg\"><img loading=\"lazy\" decoding=\"async\" class=\"aligncenter size-full wp-image-65794\" src=\"http:\/\/www.reconoce.mx\/wp-content\/uploads\/2017\/09\/AYUDA-2.jpeg\" alt=\"\" width=\"648\" height=\"1152\" srcset=\"https:\/\/www.reconoce.mx\/wp-content\/uploads\/2017\/09\/AYUDA-2.jpeg 648w, https:\/\/www.reconoce.mx\/wp-content\/uploads\/2017\/09\/AYUDA-2-169x300.jpeg 169w, https:\/\/www.reconoce.mx\/wp-content\/uploads\/2017\/09\/AYUDA-2-576x1024.jpeg 576w, https:\/\/www.reconoce.mx\/wp-content\/uploads\/2017\/09\/AYUDA-2-150x267.jpeg 150w, https:\/\/www.reconoce.mx\/wp-content\/uploads\/2017\/09\/AYUDA-2-300x533.jpeg 300w\" sizes=\"auto, (max-width: 648px) 100vw, 648px\" \/><\/a><\/p>\n<p>Por un lado, la sociedad nuevamente levanta las manos para ayudar en las desgracias. En Gabriel Mancera y Escocia, en la Colonia del Valle, se derribaron dos edificios y algunos m\u00e1s quedaron muy da\u00f1ados. Ah\u00ed la ayuda fue abrumadora desde el primer momento.<\/p>\n<p>Algunas personas como Carla Franco (26 a\u00f1os, licenciada en enfermer\u00eda), Nicol\u00e1s V\u00e1zquez (estudiante de medicina) y Alejandra Elizarrar\u00e1s (25 a\u00f1os, tambi\u00e9n enfermera), llegaron caminando desde la Cl\u00ednica 8 del IMSS ubicada en Tizap\u00e1n, San \u00c1ngel, y se alistaron como voluntarios en la secci\u00f3n m\u00e9dica con el fin de ayudar a las personas que as\u00ed lo requirieran.<\/p>\n<p>Filas enormes de personas formados unos frente a otros que pasaban por un lado botes y cubetas vac\u00edas, mientras que la otra hilera los regresaban llenos de escombros en una tarea que parec\u00eda interminable, pero nadie se rend\u00eda; mientras otros pasaban agua, comida y cubre bocas.<\/p>\n<p><a href=\"http:\/\/www.reconoce.mx\/wp-content\/uploads\/2017\/09\/AYUDA-4.jpeg\"><img loading=\"lazy\" decoding=\"async\" class=\"aligncenter size-full wp-image-65795\" src=\"http:\/\/www.reconoce.mx\/wp-content\/uploads\/2017\/09\/AYUDA-4.jpeg\" alt=\"\" width=\"1152\" height=\"648\" srcset=\"https:\/\/www.reconoce.mx\/wp-content\/uploads\/2017\/09\/AYUDA-4.jpeg 1152w, https:\/\/www.reconoce.mx\/wp-content\/uploads\/2017\/09\/AYUDA-4-300x169.jpeg 300w, https:\/\/www.reconoce.mx\/wp-content\/uploads\/2017\/09\/AYUDA-4-768x432.jpeg 768w, https:\/\/www.reconoce.mx\/wp-content\/uploads\/2017\/09\/AYUDA-4-1024x576.jpeg 1024w, https:\/\/www.reconoce.mx\/wp-content\/uploads\/2017\/09\/AYUDA-4-150x84.jpeg 150w, https:\/\/www.reconoce.mx\/wp-content\/uploads\/2017\/09\/AYUDA-4-700x394.jpeg 700w, https:\/\/www.reconoce.mx\/wp-content\/uploads\/2017\/09\/AYUDA-4-658x370.jpeg 658w\" sizes=\"auto, (max-width: 1152px) 100vw, 1152px\" \/><\/a><\/p>\n<p>Y la tarea se repet\u00eda, el polvo cegaba los ojos y la esperanza de encontrar personas vivas era un motivo de peso para continuar con la tarea y la cantidad de manos ya sobrepasaban por mucho lo necesario e incluso ya se estorbaban.<\/p>\n<p>Pero la primera escena fue aterradora. Un mont\u00edculo de escombros de concreto que se escurr\u00eda por los lados y en donde lo \u00fanico que se distingu\u00eda era la puerta principal, la del estacionamiento y un auto que qued\u00f3 en la calle aplastado.<\/p>\n<p>Este era un edifico de al menos seis pisos con doble fachada que abarcaba tanto Gabriel Mancera como la calle de Escocia. En la azotea ten\u00eda unas columnas que distingu\u00edan a esta construcci\u00f3n y que luego del sismo, era lo \u00fanico reconocible.<\/p>\n<p><a href=\"http:\/\/www.reconoce.mx\/wp-content\/uploads\/2017\/09\/AYUDA-5.jpeg\"><img loading=\"lazy\" decoding=\"async\" class=\"aligncenter size-full wp-image-65796\" src=\"http:\/\/www.reconoce.mx\/wp-content\/uploads\/2017\/09\/AYUDA-5.jpeg\" alt=\"\" width=\"1152\" height=\"648\" srcset=\"https:\/\/www.reconoce.mx\/wp-content\/uploads\/2017\/09\/AYUDA-5.jpeg 1152w, https:\/\/www.reconoce.mx\/wp-content\/uploads\/2017\/09\/AYUDA-5-300x169.jpeg 300w, https:\/\/www.reconoce.mx\/wp-content\/uploads\/2017\/09\/AYUDA-5-768x432.jpeg 768w, https:\/\/www.reconoce.mx\/wp-content\/uploads\/2017\/09\/AYUDA-5-1024x576.jpeg 1024w, https:\/\/www.reconoce.mx\/wp-content\/uploads\/2017\/09\/AYUDA-5-150x84.jpeg 150w, https:\/\/www.reconoce.mx\/wp-content\/uploads\/2017\/09\/AYUDA-5-700x394.jpeg 700w, https:\/\/www.reconoce.mx\/wp-content\/uploads\/2017\/09\/AYUDA-5-658x370.jpeg 658w\" sizes=\"auto, (max-width: 1152px) 100vw, 1152px\" \/><\/a><\/p>\n<p>Dando la vuelta sobre Escocia, las cosas eran peores. La calle hab\u00eda desaparecido y solo hab\u00eda una monta\u00f1a de escombros que tambi\u00e9n cubr\u00edan la esquina de Edimburgo. Ah\u00ed hab\u00eda una torre enorme con 8 \u00f3 9 pisos de altura y en la que seg\u00fan algunos vecinos viv\u00edan al menos 200 personas. Una imagen indescriptible.<\/p>\n<p>Pero hay que darle un cr\u00e9dito especial a las personas que de inmediato actuaron luego de los derrumbes y tal como lo explica David Santacruz, un periodista que vive por la zona y que se convirti\u00f3 en rescatista, los primeros en llegar fueron los alba\u00f1iles que trabajan en las construcciones de esta colonia.<\/p>\n<p>\u00abLos alba\u00f1iles son los primeros grandes h\u00e9roes porque fueron los que llegaron al rescate para mover y sacar escombro y ver si hab\u00eda gente\u00bb, explic\u00f3 Santacruz.<\/p>\n<p><a href=\"http:\/\/www.reconoce.mx\/wp-content\/uploads\/2017\/09\/AYUDA-1.jpeg\"><img loading=\"lazy\" decoding=\"async\" class=\"aligncenter size-full wp-image-65793\" src=\"http:\/\/www.reconoce.mx\/wp-content\/uploads\/2017\/09\/AYUDA-1.jpeg\" alt=\"\" width=\"1152\" height=\"648\" srcset=\"https:\/\/www.reconoce.mx\/wp-content\/uploads\/2017\/09\/AYUDA-1.jpeg 1152w, https:\/\/www.reconoce.mx\/wp-content\/uploads\/2017\/09\/AYUDA-1-300x169.jpeg 300w, https:\/\/www.reconoce.mx\/wp-content\/uploads\/2017\/09\/AYUDA-1-768x432.jpeg 768w, https:\/\/www.reconoce.mx\/wp-content\/uploads\/2017\/09\/AYUDA-1-1024x576.jpeg 1024w, https:\/\/www.reconoce.mx\/wp-content\/uploads\/2017\/09\/AYUDA-1-150x84.jpeg 150w, https:\/\/www.reconoce.mx\/wp-content\/uploads\/2017\/09\/AYUDA-1-700x394.jpeg 700w, https:\/\/www.reconoce.mx\/wp-content\/uploads\/2017\/09\/AYUDA-1-658x370.jpeg 658w\" sizes=\"auto, (max-width: 1152px) 100vw, 1152px\" \/><\/a><\/p>\n<p>Mientras tanto, los pu\u00f1os se levantaban para pedir silencio en la zona; tal vez hab\u00edan escuchado algo entre los escombros, alguna persona viva.<\/p>\n<p>Pero en el lado opuesto a los alba\u00f1iles, la elegancia de las personas no imped\u00eda meterse al polvo. En esos momentos todos intentaban hacer algo.<\/p>\n<p>\u00abHab\u00eda una chava con abrigo y vestido, una mujer s\u00faper elegante sacando piedras de los escombros para tratar de ayudar, igual hombres con trajes, en estos casos no importa la condici\u00f3n social\u00bb, asegur\u00f3 David Santacruz.<\/p>\n<blockquote class=\"twitter-tweet\" data-lang=\"es\">\n<p lang=\"en\" dir=\"ltr\">UPDATE: 7.1-magnitude earthquake strikes <a href=\"https:\/\/twitter.com\/hashtag\/Mexico?src=hash\">#Mexico<\/a>&#39;s Puebla state, causing damage to buildings. | <a href=\"https:\/\/twitter.com\/reconocemx\">@reconocemx<\/a><a href=\"https:\/\/t.co\/8CvnfjWZpn\">https:\/\/t.co\/8CvnfjWZpn<\/a><\/p>\n<p>&mdash; Periscope TV News (@PeriscopeTVNews) <a href=\"https:\/\/twitter.com\/PeriscopeTVNews\/status\/910216981403578375\">19 de septiembre de 2017<\/a><\/p><\/blockquote>\n<p><script async src=\"\/\/platform.twitter.com\/widgets.js\" charset=\"utf-8\"><\/script><\/p>\n<p>Unas horas despu\u00e9s las m\u00e1quinas pesadas, los camiones y las herramientas el\u00e9ctricas sustituyeron a las manos de los miles de voluntarios mientras el personal oficial tom\u00f3 el control de la zona.<\/p>\n<p>Sin embargo, la sensaci\u00f3n de tristeza no ha desaparecido luego de ver todo esto, imaginando que por m\u00e1s esfuerzo humano que se haga, la destrucci\u00f3n es tan vasta que seguro quedar\u00e1n personas atrapadas entre los escombros sin que se pueda hacer mucho por ellos.<\/p>\n<p>Pero como siempre sucede, la calidad humana que se percibe en medio de tanto desastre, hace que uno no caiga del todo y se refuerce la esperanza de que todav\u00eda se puede ayudar.<\/p>\n<p style=\"text-align: right;\">Fotos: <strong>Janette Alle Tamer <\/strong>\/<span style=\"color: #a81f25;\"><strong> Reconoce MX<\/strong><\/span>.<\/p>\n<p>&nbsp;<\/p>\n<p>&nbsp;<\/p>\n","protected":false},"excerpt":{"rendered":"<p>Nadie lo hubiera cre\u00eddo de haberlo sabido antes. Que el mismo d\u00eda pero 32 a\u00f1os despu\u00e9s, un sismo devastador se presentar\u00eda en el centro del pa\u00eds da\u00f1ando nuevamente a Ciudad de M\u00e9xico.<\/p>\n","protected":false},"author":2,"featured_media":65797,"comment_status":"open","ping_status":"open","sticky":false,"template":"","format":"standard","meta":{"footnotes":""},"categories":[247,43,17,2663],"tags":[563],"class_list":["post-65792","post","type-post","status-publish","format-standard","has-post-thumbnail","hentry","category-asociaciones-civiles","category-conciencia","category-principal","category-sismo-19-s","tag-sismo"],"yoast_head":"<!-- This site is optimized with the Yoast SEO plugin v24.7 - https:\/\/yoast.com\/wordpress\/plugins\/seo\/ -->\n<title>Otra vez un 19 de septiembre &#171; Reconoce MX<\/title>\n<meta name=\"robots\" content=\"index, follow, max-snippet:-1, max-image-preview:large, max-video-preview:-1\" \/>\n<link rel=\"canonical\" href=\"https:\/\/www.reconoce.mx\/?p=65792\" \/>\n<meta property=\"og:locale\" content=\"es_ES\" \/>\n<meta property=\"og:type\" content=\"article\" \/>\n<meta property=\"og:title\" content=\"Otra vez un 19 de septiembre &#171; Reconoce MX\" \/>\n<meta property=\"og:description\" content=\"Nadie lo hubiera cre\u00eddo de haberlo sabido antes. Que el mismo d\u00eda pero 32 a\u00f1os despu\u00e9s, un sismo devastador se presentar\u00eda en el centro del pa\u00eds da\u00f1ando nuevamente a Ciudad de M\u00e9xico.\" \/>\n<meta property=\"og:url\" content=\"https:\/\/www.reconoce.mx\/?p=65792\" \/>\n<meta property=\"og:site_name\" content=\"Reconoce MX\" \/>\n<meta property=\"article:publisher\" content=\"https:\/\/es-la.facebook.com\/ReconoceMX\/\" \/>\n<meta property=\"article:published_time\" content=\"2017-09-20T05:06:15+00:00\" \/>\n<meta property=\"article:modified_time\" content=\"2017-10-12T20:02:17+00:00\" \/>\n<meta property=\"og:image\" content=\"https:\/\/www.reconoce.mx\/wp-content\/uploads\/2017\/09\/ayuda-cdmx.png\" \/>\n\t<meta property=\"og:image:width\" content=\"590\" \/>\n\t<meta property=\"og:image:height\" content=\"380\" \/>\n\t<meta property=\"og:image:type\" content=\"image\/png\" \/>\n<meta name=\"author\" content=\"Reconoce MX\" \/>\n<meta name=\"twitter:card\" content=\"summary_large_image\" \/>\n<meta name=\"twitter:creator\" content=\"@reconocemx\" \/>\n<meta name=\"twitter:site\" content=\"@reconocemx\" \/>\n<meta name=\"twitter:label1\" content=\"Escrito por\" \/>\n\t<meta name=\"twitter:data1\" content=\"Reconoce MX\" \/>\n\t<meta name=\"twitter:label2\" content=\"Tiempo de lectura\" \/>\n\t<meta name=\"twitter:data2\" content=\"4 minutos\" \/>\n<script type=\"application\/ld+json\" class=\"yoast-schema-graph\">{\"@context\":\"https:\/\/schema.org\",\"@graph\":[{\"@type\":\"Article\",\"@id\":\"https:\/\/www.reconoce.mx\/?p=65792#article\",\"isPartOf\":{\"@id\":\"https:\/\/www.reconoce.mx\/?p=65792\"},\"author\":{\"name\":\"Reconoce MX\",\"@id\":\"http:\/\/www.reconoce.mx\/#\/schema\/person\/2117e997d7051dc15d6880eaf9bca0b2\"},\"headline\":\"Otra vez un 19 de septiembre\",\"datePublished\":\"2017-09-20T05:06:15+00:00\",\"dateModified\":\"2017-10-12T20:02:17+00:00\",\"mainEntityOfPage\":{\"@id\":\"https:\/\/www.reconoce.mx\/?p=65792\"},\"wordCount\":756,\"commentCount\":0,\"publisher\":{\"@id\":\"http:\/\/www.reconoce.mx\/#organization\"},\"image\":{\"@id\":\"https:\/\/www.reconoce.mx\/?p=65792#primaryimage\"},\"thumbnailUrl\":\"https:\/\/www.reconoce.mx\/wp-content\/uploads\/2017\/09\/ayuda-cdmx.png\",\"keywords\":[\"sismo\"],\"articleSection\":[\"Asociaciones Civiles\",\"Conciencia\",\"Principal\",\"Sismo 19-S\"],\"inLanguage\":\"es\",\"potentialAction\":[{\"@type\":\"CommentAction\",\"name\":\"Comment\",\"target\":[\"https:\/\/www.reconoce.mx\/?p=65792#respond\"]}]},{\"@type\":\"WebPage\",\"@id\":\"https:\/\/www.reconoce.mx\/?p=65792\",\"url\":\"https:\/\/www.reconoce.mx\/?p=65792\",\"name\":\"Otra vez un 19 de septiembre &#171; Reconoce MX\",\"isPartOf\":{\"@id\":\"http:\/\/www.reconoce.mx\/#website\"},\"primaryImageOfPage\":{\"@id\":\"https:\/\/www.reconoce.mx\/?p=65792#primaryimage\"},\"image\":{\"@id\":\"https:\/\/www.reconoce.mx\/?p=65792#primaryimage\"},\"thumbnailUrl\":\"https:\/\/www.reconoce.mx\/wp-content\/uploads\/2017\/09\/ayuda-cdmx.png\",\"datePublished\":\"2017-09-20T05:06:15+00:00\",\"dateModified\":\"2017-10-12T20:02:17+00:00\",\"breadcrumb\":{\"@id\":\"https:\/\/www.reconoce.mx\/?p=65792#breadcrumb\"},\"inLanguage\":\"es\",\"potentialAction\":[{\"@type\":\"ReadAction\",\"target\":[\"https:\/\/www.reconoce.mx\/?p=65792\"]}]},{\"@type\":\"ImageObject\",\"inLanguage\":\"es\",\"@id\":\"https:\/\/www.reconoce.mx\/?p=65792#primaryimage\",\"url\":\"https:\/\/www.reconoce.mx\/wp-content\/uploads\/2017\/09\/ayuda-cdmx.png\",\"contentUrl\":\"https:\/\/www.reconoce.mx\/wp-content\/uploads\/2017\/09\/ayuda-cdmx.png\",\"width\":590,\"height\":380},{\"@type\":\"BreadcrumbList\",\"@id\":\"https:\/\/www.reconoce.mx\/?p=65792#breadcrumb\",\"itemListElement\":[{\"@type\":\"ListItem\",\"position\":1,\"name\":\"Portada\",\"item\":\"http:\/\/www.reconoce.mx\/\"},{\"@type\":\"ListItem\",\"position\":2,\"name\":\"Otra vez un 19 de septiembre\"}]},{\"@type\":\"WebSite\",\"@id\":\"http:\/\/www.reconoce.mx\/#website\",\"url\":\"http:\/\/www.reconoce.mx\/\",\"name\":\"Reconoce MX\",\"description\":\"En Reconoce MX difundimos arte, cultura y conciencia social en M\u00e9xico. Tu ciudad en otra perspectiva.\",\"publisher\":{\"@id\":\"http:\/\/www.reconoce.mx\/#organization\"},\"potentialAction\":[{\"@type\":\"SearchAction\",\"target\":{\"@type\":\"EntryPoint\",\"urlTemplate\":\"http:\/\/www.reconoce.mx\/?s={search_term_string}\"},\"query-input\":{\"@type\":\"PropertyValueSpecification\",\"valueRequired\":true,\"valueName\":\"search_term_string\"}}],\"inLanguage\":\"es\"},{\"@type\":\"Organization\",\"@id\":\"http:\/\/www.reconoce.mx\/#organization\",\"name\":\"Reconoce MX\",\"url\":\"http:\/\/www.reconoce.mx\/\",\"logo\":{\"@type\":\"ImageObject\",\"inLanguage\":\"es\",\"@id\":\"http:\/\/www.reconoce.mx\/#\/schema\/logo\/image\/\",\"url\":\"https:\/\/www.reconoce.mx\/wp-content\/uploads\/2019\/03\/logorcmx-good-1.png\",\"contentUrl\":\"https:\/\/www.reconoce.mx\/wp-content\/uploads\/2019\/03\/logorcmx-good-1.png\",\"width\":280,\"height\":90,\"caption\":\"Reconoce MX\"},\"image\":{\"@id\":\"http:\/\/www.reconoce.mx\/#\/schema\/logo\/image\/\"},\"sameAs\":[\"https:\/\/es-la.facebook.com\/ReconoceMX\/\",\"https:\/\/x.com\/reconocemx\",\"http:\/\/@reconocemx\"]},{\"@type\":\"Person\",\"@id\":\"http:\/\/www.reconoce.mx\/#\/schema\/person\/2117e997d7051dc15d6880eaf9bca0b2\",\"name\":\"Reconoce MX\",\"image\":{\"@type\":\"ImageObject\",\"inLanguage\":\"es\",\"@id\":\"http:\/\/www.reconoce.mx\/#\/schema\/person\/image\/\",\"url\":\"https:\/\/secure.gravatar.com\/avatar\/6c8d4dc7569ca1c90c5fdcc349f839d5ddef6fe1e70b4337ead2ef1a4c43fc3a?s=96&d=identicon&r=g\",\"contentUrl\":\"https:\/\/secure.gravatar.com\/avatar\/6c8d4dc7569ca1c90c5fdcc349f839d5ddef6fe1e70b4337ead2ef1a4c43fc3a?s=96&d=identicon&r=g\",\"caption\":\"Reconoce MX\"},\"description\":\"Reconoce MX es un proyecto de difusi\u00f3n art\u00edstica, cultural y de conciencia social que est\u00e1 enfocado a difundir y fomentar el entretenimiento alternativo de calidad para todo el p\u00fablico que comparta el mismo entusiasmo.\",\"sameAs\":[\"http:\/\/www.reconoce.mx\"],\"url\":\"https:\/\/www.reconoce.mx\/?author=2\"}]}<\/script>\n<!-- \/ Yoast SEO plugin. -->","yoast_head_json":{"title":"Otra vez un 19 de septiembre &#171; Reconoce MX","robots":{"index":"index","follow":"follow","max-snippet":"max-snippet:-1","max-image-preview":"max-image-preview:large","max-video-preview":"max-video-preview:-1"},"canonical":"https:\/\/www.reconoce.mx\/?p=65792","og_locale":"es_ES","og_type":"article","og_title":"Otra vez un 19 de septiembre &#171; Reconoce MX","og_description":"Nadie lo hubiera cre\u00eddo de haberlo sabido antes. Que el mismo d\u00eda pero 32 a\u00f1os despu\u00e9s, un sismo devastador se presentar\u00eda en el centro del pa\u00eds da\u00f1ando nuevamente a Ciudad de M\u00e9xico.","og_url":"https:\/\/www.reconoce.mx\/?p=65792","og_site_name":"Reconoce MX","article_publisher":"https:\/\/es-la.facebook.com\/ReconoceMX\/","article_published_time":"2017-09-20T05:06:15+00:00","article_modified_time":"2017-10-12T20:02:17+00:00","og_image":[{"width":590,"height":380,"url":"https:\/\/www.reconoce.mx\/wp-content\/uploads\/2017\/09\/ayuda-cdmx.png","type":"image\/png"}],"author":"Reconoce MX","twitter_card":"summary_large_image","twitter_creator":"@reconocemx","twitter_site":"@reconocemx","twitter_misc":{"Escrito por":"Reconoce MX","Tiempo de lectura":"4 minutos"},"schema":{"@context":"https:\/\/schema.org","@graph":[{"@type":"Article","@id":"https:\/\/www.reconoce.mx\/?p=65792#article","isPartOf":{"@id":"https:\/\/www.reconoce.mx\/?p=65792"},"author":{"name":"Reconoce MX","@id":"http:\/\/www.reconoce.mx\/#\/schema\/person\/2117e997d7051dc15d6880eaf9bca0b2"},"headline":"Otra vez un 19 de septiembre","datePublished":"2017-09-20T05:06:15+00:00","dateModified":"2017-10-12T20:02:17+00:00","mainEntityOfPage":{"@id":"https:\/\/www.reconoce.mx\/?p=65792"},"wordCount":756,"commentCount":0,"publisher":{"@id":"http:\/\/www.reconoce.mx\/#organization"},"image":{"@id":"https:\/\/www.reconoce.mx\/?p=65792#primaryimage"},"thumbnailUrl":"https:\/\/www.reconoce.mx\/wp-content\/uploads\/2017\/09\/ayuda-cdmx.png","keywords":["sismo"],"articleSection":["Asociaciones Civiles","Conciencia","Principal","Sismo 19-S"],"inLanguage":"es","potentialAction":[{"@type":"CommentAction","name":"Comment","target":["https:\/\/www.reconoce.mx\/?p=65792#respond"]}]},{"@type":"WebPage","@id":"https:\/\/www.reconoce.mx\/?p=65792","url":"https:\/\/www.reconoce.mx\/?p=65792","name":"Otra vez un 19 de septiembre &#171; Reconoce MX","isPartOf":{"@id":"http:\/\/www.reconoce.mx\/#website"},"primaryImageOfPage":{"@id":"https:\/\/www.reconoce.mx\/?p=65792#primaryimage"},"image":{"@id":"https:\/\/www.reconoce.mx\/?p=65792#primaryimage"},"thumbnailUrl":"https:\/\/www.reconoce.mx\/wp-content\/uploads\/2017\/09\/ayuda-cdmx.png","datePublished":"2017-09-20T05:06:15+00:00","dateModified":"2017-10-12T20:02:17+00:00","breadcrumb":{"@id":"https:\/\/www.reconoce.mx\/?p=65792#breadcrumb"},"inLanguage":"es","potentialAction":[{"@type":"ReadAction","target":["https:\/\/www.reconoce.mx\/?p=65792"]}]},{"@type":"ImageObject","inLanguage":"es","@id":"https:\/\/www.reconoce.mx\/?p=65792#primaryimage","url":"https:\/\/www.reconoce.mx\/wp-content\/uploads\/2017\/09\/ayuda-cdmx.png","contentUrl":"https:\/\/www.reconoce.mx\/wp-content\/uploads\/2017\/09\/ayuda-cdmx.png","width":590,"height":380},{"@type":"BreadcrumbList","@id":"https:\/\/www.reconoce.mx\/?p=65792#breadcrumb","itemListElement":[{"@type":"ListItem","position":1,"name":"Portada","item":"http:\/\/www.reconoce.mx\/"},{"@type":"ListItem","position":2,"name":"Otra vez un 19 de septiembre"}]},{"@type":"WebSite","@id":"http:\/\/www.reconoce.mx\/#website","url":"http:\/\/www.reconoce.mx\/","name":"Reconoce MX","description":"En Reconoce MX difundimos arte, cultura y conciencia social en M\u00e9xico. Tu ciudad en otra perspectiva.","publisher":{"@id":"http:\/\/www.reconoce.mx\/#organization"},"potentialAction":[{"@type":"SearchAction","target":{"@type":"EntryPoint","urlTemplate":"http:\/\/www.reconoce.mx\/?s={search_term_string}"},"query-input":{"@type":"PropertyValueSpecification","valueRequired":true,"valueName":"search_term_string"}}],"inLanguage":"es"},{"@type":"Organization","@id":"http:\/\/www.reconoce.mx\/#organization","name":"Reconoce MX","url":"http:\/\/www.reconoce.mx\/","logo":{"@type":"ImageObject","inLanguage":"es","@id":"http:\/\/www.reconoce.mx\/#\/schema\/logo\/image\/","url":"https:\/\/www.reconoce.mx\/wp-content\/uploads\/2019\/03\/logorcmx-good-1.png","contentUrl":"https:\/\/www.reconoce.mx\/wp-content\/uploads\/2019\/03\/logorcmx-good-1.png","width":280,"height":90,"caption":"Reconoce MX"},"image":{"@id":"http:\/\/www.reconoce.mx\/#\/schema\/logo\/image\/"},"sameAs":["https:\/\/es-la.facebook.com\/ReconoceMX\/","https:\/\/x.com\/reconocemx","http:\/\/@reconocemx"]},{"@type":"Person","@id":"http:\/\/www.reconoce.mx\/#\/schema\/person\/2117e997d7051dc15d6880eaf9bca0b2","name":"Reconoce MX","image":{"@type":"ImageObject","inLanguage":"es","@id":"http:\/\/www.reconoce.mx\/#\/schema\/person\/image\/","url":"https:\/\/secure.gravatar.com\/avatar\/6c8d4dc7569ca1c90c5fdcc349f839d5ddef6fe1e70b4337ead2ef1a4c43fc3a?s=96&d=identicon&r=g","contentUrl":"https:\/\/secure.gravatar.com\/avatar\/6c8d4dc7569ca1c90c5fdcc349f839d5ddef6fe1e70b4337ead2ef1a4c43fc3a?s=96&d=identicon&r=g","caption":"Reconoce MX"},"description":"Reconoce MX es un proyecto de difusi\u00f3n art\u00edstica, cultural y de conciencia social que est\u00e1 enfocado a difundir y fomentar el entretenimiento alternativo de calidad para todo el p\u00fablico que comparta el mismo entusiasmo.","sameAs":["http:\/\/www.reconoce.mx"],"url":"https:\/\/www.reconoce.mx\/?author=2"}]}},"_links":{"self":[{"href":"https:\/\/www.reconoce.mx\/index.php?rest_route=\/wp\/v2\/posts\/65792","targetHints":{"allow":["GET"]}}],"collection":[{"href":"https:\/\/www.reconoce.mx\/index.php?rest_route=\/wp\/v2\/posts"}],"about":[{"href":"https:\/\/www.reconoce.mx\/index.php?rest_route=\/wp\/v2\/types\/post"}],"author":[{"embeddable":true,"href":"https:\/\/www.reconoce.mx\/index.php?rest_route=\/wp\/v2\/users\/2"}],"replies":[{"embeddable":true,"href":"https:\/\/www.reconoce.mx\/index.php?rest_route=%2Fwp%2Fv2%2Fcomments&post=65792"}],"version-history":[{"count":4,"href":"https:\/\/www.reconoce.mx\/index.php?rest_route=\/wp\/v2\/posts\/65792\/revisions"}],"predecessor-version":[{"id":65801,"href":"https:\/\/www.reconoce.mx\/index.php?rest_route=\/wp\/v2\/posts\/65792\/revisions\/65801"}],"wp:featuredmedia":[{"embeddable":true,"href":"https:\/\/www.reconoce.mx\/index.php?rest_route=\/wp\/v2\/media\/65797"}],"wp:attachment":[{"href":"https:\/\/www.reconoce.mx\/index.php?rest_route=%2Fwp%2Fv2%2Fmedia&parent=65792"}],"wp:term":[{"taxonomy":"category","embeddable":true,"href":"https:\/\/www.reconoce.mx\/index.php?rest_route=%2Fwp%2Fv2%2Fcategories&post=65792"},{"taxonomy":"post_tag","embeddable":true,"href":"https:\/\/www.reconoce.mx\/index.php?rest_route=%2Fwp%2Fv2%2Ftags&post=65792"}],"curies":[{"name":"wp","href":"https:\/\/api.w.org\/{rel}","templated":true}]}}