{"id":65802,"date":"2017-09-20T00:02:57","date_gmt":"2017-09-20T05:02:57","guid":{"rendered":"http:\/\/www.reconoce.mx\/?p=65802"},"modified":"2017-10-12T15:02:17","modified_gmt":"2017-10-12T20:02:17","slug":"auditorio-nacional-pospone-conciertos-por-causa-de-sismo","status":"publish","type":"post","link":"https:\/\/www.reconoce.mx\/?p=65802","title":{"rendered":"Auditorio Nacional pospone conciertos por causa de sismo"},"content":{"rendered":"<p><strong>Comunicado oficial<\/strong>.<\/p>\n<p>El <strong>Auditorio Nacional<\/strong> informa que, debido al luto nacional por las p\u00e9rdidas humanas derivadas del sismo ocurrido este martes 19 de septiembre y a la situaci\u00f3n de emergencia por la que atraviesa la Ciudad de M\u00e9xico, los conciertos que se llevar\u00edan a cabo el jueves 21 y viernes 22 de septiembre en sus dos escenarios ser\u00e1n pospuestos.<\/p>\n<p style=\"text-align: center;\"><strong>AUDITORIO NACIONAL<\/strong><\/p>\n<p style=\"text-align: center;\">Timbiriche<em> \u00a1Juntos!<\/em> \/\/ Jueves 21 y viernes 22 de septiembre, 20:30 horas<\/p>\n<p style=\"text-align: center;\"><strong>LUNARIO<\/strong><\/p>\n<p style=\"text-align: center;\">Ed Lorenz <em>15 a\u00f1os<\/em> \/\/ Jueves 21 de septiembre, 21:00 horas<\/p>\n<p style=\"text-align: center;\">Carlos Mac\u00edas <em>Mi m\u00fasica en vivo<\/em> \/\/ Viernes 22 de septiembre, 21:00 horas<\/p>\n<p>A la brevedad posible se notificar\u00e1n las nuevas fechas y dem\u00e1s modalidades que tiendan a causar los menores inconvenientes al p\u00fablico.<\/p>\n<p>Asimismo, este centro de arte y cultura confirma que se realiz\u00f3 una inspecci\u00f3n a cargo del Tercer Acreditado en Protecci\u00f3n Civil, quien concluy\u00f3 que los efectos del sismo no representan riesgo alguno para la construcci\u00f3n ni los usuarios; por lo tanto el <strong>Auditorio Nacional<\/strong> y el <strong>Lunario<\/strong> se encuentran en buen estado estructural para su uso y operaci\u00f3n.<\/p>\n<p>El <strong>Auditorio Nacional<\/strong> reitera su compromiso de salvaguardar la seguridad del p\u00fablico, artistas y quienes laboran en sus instalaciones y expresa sus condolencias y solidaridad con las personas afectadas por el sismo y sus lamentables consecuencias.<\/p>\n<p>&nbsp;<\/p>\n<p>&nbsp;<\/p>\n","protected":false},"excerpt":{"rendered":"<p>El Auditorio Nacional informa que, debido al luto nacional por las p\u00e9rdidas humanas derivadas del sismo ocurrido este martes 19 de septiembre y a la situaci\u00f3n de emergencia por la que atraviesa la Ciudad de M\u00e9xico, los conciertos que se llevar\u00edan a cabo el jueves 21 y viernes 22 de septiembre en sus dos escenarios ser\u00e1n pospuestos.<\/p>\n","protected":false},"author":2,"featured_media":65803,"comment_status":"open","ping_status":"open","sticky":false,"template":"","format":"standard","meta":{"footnotes":""},"categories":[1,18,17,2663],"tags":[563],"class_list":["post-65802","post","type-post","status-publish","format-standard","has-post-thumbnail","hentry","category-cultura","category-musica","category-principal","category-sismo-19-s","tag-sismo"],"yoast_head":"<!-- This site is optimized with the Yoast SEO plugin v24.7 - https:\/\/yoast.com\/wordpress\/plugins\/seo\/ -->\n<title>Auditorio Nacional pospone conciertos por causa de sismo &#171; Reconoce MX<\/title>\n<meta name=\"robots\" content=\"index, follow, max-snippet:-1, max-image-preview:large, max-video-preview:-1\" \/>\n<link rel=\"canonical\" href=\"https:\/\/www.reconoce.mx\/?p=65802\" \/>\n<meta property=\"og:locale\" content=\"es_ES\" \/>\n<meta property=\"og:type\" content=\"article\" \/>\n<meta property=\"og:title\" content=\"Auditorio Nacional pospone conciertos por causa de sismo &#171; Reconoce MX\" \/>\n<meta property=\"og:description\" content=\"El Auditorio Nacional informa que, debido al luto nacional por las p\u00e9rdidas humanas derivadas del sismo ocurrido este martes 19 de septiembre y a la situaci\u00f3n de emergencia por la que atraviesa la Ciudad de M\u00e9xico, los conciertos que se llevar\u00edan a cabo el jueves 21 y viernes 22 de septiembre en sus dos escenarios ser\u00e1n pospuestos.\" \/>\n<meta property=\"og:url\" content=\"https:\/\/www.reconoce.mx\/?p=65802\" \/>\n<meta property=\"og:site_name\" content=\"Reconoce MX\" \/>\n<meta property=\"article:publisher\" content=\"https:\/\/es-la.facebook.com\/ReconoceMX\/\" \/>\n<meta property=\"article:published_time\" content=\"2017-09-20T05:02:57+00:00\" \/>\n<meta property=\"article:modified_time\" content=\"2017-10-12T20:02:17+00:00\" \/>\n<meta property=\"og:image\" content=\"https:\/\/www.reconoce.mx\/wp-content\/uploads\/2017\/09\/auditorio-nacional.png\" \/>\n\t<meta property=\"og:image:width\" content=\"590\" \/>\n\t<meta property=\"og:image:height\" content=\"380\" \/>\n\t<meta property=\"og:image:type\" content=\"image\/png\" \/>\n<meta name=\"author\" content=\"Reconoce MX\" \/>\n<meta name=\"twitter:card\" content=\"summary_large_image\" \/>\n<meta name=\"twitter:creator\" content=\"@reconocemx\" \/>\n<meta name=\"twitter:site\" content=\"@reconocemx\" \/>\n<meta name=\"twitter:label1\" content=\"Escrito por\" \/>\n\t<meta name=\"twitter:data1\" content=\"Reconoce MX\" \/>\n\t<meta name=\"twitter:label2\" content=\"Tiempo de lectura\" \/>\n\t<meta name=\"twitter:data2\" content=\"1 minuto\" \/>\n<script type=\"application\/ld+json\" class=\"yoast-schema-graph\">{\"@context\":\"https:\/\/schema.org\",\"@graph\":[{\"@type\":\"Article\",\"@id\":\"https:\/\/www.reconoce.mx\/?p=65802#article\",\"isPartOf\":{\"@id\":\"https:\/\/www.reconoce.mx\/?p=65802\"},\"author\":{\"name\":\"Reconoce MX\",\"@id\":\"https:\/\/www.reconoce.mx\/#\/schema\/person\/2117e997d7051dc15d6880eaf9bca0b2\"},\"headline\":\"Auditorio Nacional pospone conciertos por causa de sismo\",\"datePublished\":\"2017-09-20T05:02:57+00:00\",\"dateModified\":\"2017-10-12T20:02:17+00:00\",\"mainEntityOfPage\":{\"@id\":\"https:\/\/www.reconoce.mx\/?p=65802\"},\"wordCount\":225,\"commentCount\":0,\"publisher\":{\"@id\":\"https:\/\/www.reconoce.mx\/#organization\"},\"image\":{\"@id\":\"https:\/\/www.reconoce.mx\/?p=65802#primaryimage\"},\"thumbnailUrl\":\"https:\/\/www.reconoce.mx\/wp-content\/uploads\/2017\/09\/auditorio-nacional.png\",\"keywords\":[\"sismo\"],\"articleSection\":[\"Cultura\",\"M\u00fasica\",\"Principal\",\"Sismo 19-S\"],\"inLanguage\":\"es\",\"potentialAction\":[{\"@type\":\"CommentAction\",\"name\":\"Comment\",\"target\":[\"https:\/\/www.reconoce.mx\/?p=65802#respond\"]}]},{\"@type\":\"WebPage\",\"@id\":\"https:\/\/www.reconoce.mx\/?p=65802\",\"url\":\"https:\/\/www.reconoce.mx\/?p=65802\",\"name\":\"Auditorio Nacional pospone conciertos por causa de sismo &#171; Reconoce MX\",\"isPartOf\":{\"@id\":\"https:\/\/www.reconoce.mx\/#website\"},\"primaryImageOfPage\":{\"@id\":\"https:\/\/www.reconoce.mx\/?p=65802#primaryimage\"},\"image\":{\"@id\":\"https:\/\/www.reconoce.mx\/?p=65802#primaryimage\"},\"thumbnailUrl\":\"https:\/\/www.reconoce.mx\/wp-content\/uploads\/2017\/09\/auditorio-nacional.png\",\"datePublished\":\"2017-09-20T05:02:57+00:00\",\"dateModified\":\"2017-10-12T20:02:17+00:00\",\"breadcrumb\":{\"@id\":\"https:\/\/www.reconoce.mx\/?p=65802#breadcrumb\"},\"inLanguage\":\"es\",\"potentialAction\":[{\"@type\":\"ReadAction\",\"target\":[\"https:\/\/www.reconoce.mx\/?p=65802\"]}]},{\"@type\":\"ImageObject\",\"inLanguage\":\"es\",\"@id\":\"https:\/\/www.reconoce.mx\/?p=65802#primaryimage\",\"url\":\"https:\/\/www.reconoce.mx\/wp-content\/uploads\/2017\/09\/auditorio-nacional.png\",\"contentUrl\":\"https:\/\/www.reconoce.mx\/wp-content\/uploads\/2017\/09\/auditorio-nacional.png\",\"width\":590,\"height\":380},{\"@type\":\"BreadcrumbList\",\"@id\":\"https:\/\/www.reconoce.mx\/?p=65802#breadcrumb\",\"itemListElement\":[{\"@type\":\"ListItem\",\"position\":1,\"name\":\"Portada\",\"item\":\"https:\/\/www.reconoce.mx\/\"},{\"@type\":\"ListItem\",\"position\":2,\"name\":\"Auditorio Nacional pospone conciertos por causa de sismo\"}]},{\"@type\":\"WebSite\",\"@id\":\"https:\/\/www.reconoce.mx\/#website\",\"url\":\"https:\/\/www.reconoce.mx\/\",\"name\":\"Reconoce MX\",\"description\":\"En Reconoce MX difundimos arte, cultura y conciencia social en M\u00e9xico. Tu ciudad en otra perspectiva.\",\"publisher\":{\"@id\":\"https:\/\/www.reconoce.mx\/#organization\"},\"potentialAction\":[{\"@type\":\"SearchAction\",\"target\":{\"@type\":\"EntryPoint\",\"urlTemplate\":\"https:\/\/www.reconoce.mx\/?s={search_term_string}\"},\"query-input\":{\"@type\":\"PropertyValueSpecification\",\"valueRequired\":true,\"valueName\":\"search_term_string\"}}],\"inLanguage\":\"es\"},{\"@type\":\"Organization\",\"@id\":\"https:\/\/www.reconoce.mx\/#organization\",\"name\":\"Reconoce MX\",\"url\":\"https:\/\/www.reconoce.mx\/\",\"logo\":{\"@type\":\"ImageObject\",\"inLanguage\":\"es\",\"@id\":\"https:\/\/www.reconoce.mx\/#\/schema\/logo\/image\/\",\"url\":\"https:\/\/www.reconoce.mx\/wp-content\/uploads\/2019\/03\/logorcmx-good-1.png\",\"contentUrl\":\"https:\/\/www.reconoce.mx\/wp-content\/uploads\/2019\/03\/logorcmx-good-1.png\",\"width\":280,\"height\":90,\"caption\":\"Reconoce MX\"},\"image\":{\"@id\":\"https:\/\/www.reconoce.mx\/#\/schema\/logo\/image\/\"},\"sameAs\":[\"https:\/\/es-la.facebook.com\/ReconoceMX\/\",\"https:\/\/x.com\/reconocemx\",\"http:\/\/@reconocemx\"]},{\"@type\":\"Person\",\"@id\":\"https:\/\/www.reconoce.mx\/#\/schema\/person\/2117e997d7051dc15d6880eaf9bca0b2\",\"name\":\"Reconoce MX\",\"image\":{\"@type\":\"ImageObject\",\"inLanguage\":\"es\",\"@id\":\"https:\/\/www.reconoce.mx\/#\/schema\/person\/image\/\",\"url\":\"https:\/\/secure.gravatar.com\/avatar\/6c8d4dc7569ca1c90c5fdcc349f839d5ddef6fe1e70b4337ead2ef1a4c43fc3a?s=96&d=identicon&r=g\",\"contentUrl\":\"https:\/\/secure.gravatar.com\/avatar\/6c8d4dc7569ca1c90c5fdcc349f839d5ddef6fe1e70b4337ead2ef1a4c43fc3a?s=96&d=identicon&r=g\",\"caption\":\"Reconoce MX\"},\"description\":\"Reconoce MX es un proyecto de difusi\u00f3n art\u00edstica, cultural y de conciencia social que est\u00e1 enfocado a difundir y fomentar el entretenimiento alternativo de calidad para todo el p\u00fablico que comparta el mismo entusiasmo.\",\"sameAs\":[\"http:\/\/www.reconoce.mx\"],\"url\":\"https:\/\/www.reconoce.mx\/?author=2\"}]}<\/script>\n<!-- \/ Yoast SEO plugin. -->","yoast_head_json":{"title":"Auditorio Nacional pospone conciertos por causa de sismo &#171; Reconoce MX","robots":{"index":"index","follow":"follow","max-snippet":"max-snippet:-1","max-image-preview":"max-image-preview:large","max-video-preview":"max-video-preview:-1"},"canonical":"https:\/\/www.reconoce.mx\/?p=65802","og_locale":"es_ES","og_type":"article","og_title":"Auditorio Nacional pospone conciertos por causa de sismo &#171; Reconoce MX","og_description":"El Auditorio Nacional informa que, debido al luto nacional por las p\u00e9rdidas humanas derivadas del sismo ocurrido este martes 19 de septiembre y a la situaci\u00f3n de emergencia por la que atraviesa la Ciudad de M\u00e9xico, los conciertos que se llevar\u00edan a cabo el jueves 21 y viernes 22 de septiembre en sus dos escenarios ser\u00e1n pospuestos.","og_url":"https:\/\/www.reconoce.mx\/?p=65802","og_site_name":"Reconoce MX","article_publisher":"https:\/\/es-la.facebook.com\/ReconoceMX\/","article_published_time":"2017-09-20T05:02:57+00:00","article_modified_time":"2017-10-12T20:02:17+00:00","og_image":[{"width":590,"height":380,"url":"https:\/\/www.reconoce.mx\/wp-content\/uploads\/2017\/09\/auditorio-nacional.png","type":"image\/png"}],"author":"Reconoce MX","twitter_card":"summary_large_image","twitter_creator":"@reconocemx","twitter_site":"@reconocemx","twitter_misc":{"Escrito por":"Reconoce MX","Tiempo de lectura":"1 minuto"},"schema":{"@context":"https:\/\/schema.org","@graph":[{"@type":"Article","@id":"https:\/\/www.reconoce.mx\/?p=65802#article","isPartOf":{"@id":"https:\/\/www.reconoce.mx\/?p=65802"},"author":{"name":"Reconoce MX","@id":"https:\/\/www.reconoce.mx\/#\/schema\/person\/2117e997d7051dc15d6880eaf9bca0b2"},"headline":"Auditorio Nacional pospone conciertos por causa de sismo","datePublished":"2017-09-20T05:02:57+00:00","dateModified":"2017-10-12T20:02:17+00:00","mainEntityOfPage":{"@id":"https:\/\/www.reconoce.mx\/?p=65802"},"wordCount":225,"commentCount":0,"publisher":{"@id":"https:\/\/www.reconoce.mx\/#organization"},"image":{"@id":"https:\/\/www.reconoce.mx\/?p=65802#primaryimage"},"thumbnailUrl":"https:\/\/www.reconoce.mx\/wp-content\/uploads\/2017\/09\/auditorio-nacional.png","keywords":["sismo"],"articleSection":["Cultura","M\u00fasica","Principal","Sismo 19-S"],"inLanguage":"es","potentialAction":[{"@type":"CommentAction","name":"Comment","target":["https:\/\/www.reconoce.mx\/?p=65802#respond"]}]},{"@type":"WebPage","@id":"https:\/\/www.reconoce.mx\/?p=65802","url":"https:\/\/www.reconoce.mx\/?p=65802","name":"Auditorio Nacional pospone conciertos por causa de sismo &#171; Reconoce MX","isPartOf":{"@id":"https:\/\/www.reconoce.mx\/#website"},"primaryImageOfPage":{"@id":"https:\/\/www.reconoce.mx\/?p=65802#primaryimage"},"image":{"@id":"https:\/\/www.reconoce.mx\/?p=65802#primaryimage"},"thumbnailUrl":"https:\/\/www.reconoce.mx\/wp-content\/uploads\/2017\/09\/auditorio-nacional.png","datePublished":"2017-09-20T05:02:57+00:00","dateModified":"2017-10-12T20:02:17+00:00","breadcrumb":{"@id":"https:\/\/www.reconoce.mx\/?p=65802#breadcrumb"},"inLanguage":"es","potentialAction":[{"@type":"ReadAction","target":["https:\/\/www.reconoce.mx\/?p=65802"]}]},{"@type":"ImageObject","inLanguage":"es","@id":"https:\/\/www.reconoce.mx\/?p=65802#primaryimage","url":"https:\/\/www.reconoce.mx\/wp-content\/uploads\/2017\/09\/auditorio-nacional.png","contentUrl":"https:\/\/www.reconoce.mx\/wp-content\/uploads\/2017\/09\/auditorio-nacional.png","width":590,"height":380},{"@type":"BreadcrumbList","@id":"https:\/\/www.reconoce.mx\/?p=65802#breadcrumb","itemListElement":[{"@type":"ListItem","position":1,"name":"Portada","item":"https:\/\/www.reconoce.mx\/"},{"@type":"ListItem","position":2,"name":"Auditorio Nacional pospone conciertos por causa de sismo"}]},{"@type":"WebSite","@id":"https:\/\/www.reconoce.mx\/#website","url":"https:\/\/www.reconoce.mx\/","name":"Reconoce MX","description":"En Reconoce MX difundimos arte, cultura y conciencia social en M\u00e9xico. Tu ciudad en otra perspectiva.","publisher":{"@id":"https:\/\/www.reconoce.mx\/#organization"},"potentialAction":[{"@type":"SearchAction","target":{"@type":"EntryPoint","urlTemplate":"https:\/\/www.reconoce.mx\/?s={search_term_string}"},"query-input":{"@type":"PropertyValueSpecification","valueRequired":true,"valueName":"search_term_string"}}],"inLanguage":"es"},{"@type":"Organization","@id":"https:\/\/www.reconoce.mx\/#organization","name":"Reconoce MX","url":"https:\/\/www.reconoce.mx\/","logo":{"@type":"ImageObject","inLanguage":"es","@id":"https:\/\/www.reconoce.mx\/#\/schema\/logo\/image\/","url":"https:\/\/www.reconoce.mx\/wp-content\/uploads\/2019\/03\/logorcmx-good-1.png","contentUrl":"https:\/\/www.reconoce.mx\/wp-content\/uploads\/2019\/03\/logorcmx-good-1.png","width":280,"height":90,"caption":"Reconoce MX"},"image":{"@id":"https:\/\/www.reconoce.mx\/#\/schema\/logo\/image\/"},"sameAs":["https:\/\/es-la.facebook.com\/ReconoceMX\/","https:\/\/x.com\/reconocemx","http:\/\/@reconocemx"]},{"@type":"Person","@id":"https:\/\/www.reconoce.mx\/#\/schema\/person\/2117e997d7051dc15d6880eaf9bca0b2","name":"Reconoce MX","image":{"@type":"ImageObject","inLanguage":"es","@id":"https:\/\/www.reconoce.mx\/#\/schema\/person\/image\/","url":"https:\/\/secure.gravatar.com\/avatar\/6c8d4dc7569ca1c90c5fdcc349f839d5ddef6fe1e70b4337ead2ef1a4c43fc3a?s=96&d=identicon&r=g","contentUrl":"https:\/\/secure.gravatar.com\/avatar\/6c8d4dc7569ca1c90c5fdcc349f839d5ddef6fe1e70b4337ead2ef1a4c43fc3a?s=96&d=identicon&r=g","caption":"Reconoce MX"},"description":"Reconoce MX es un proyecto de difusi\u00f3n art\u00edstica, cultural y de conciencia social que est\u00e1 enfocado a difundir y fomentar el entretenimiento alternativo de calidad para todo el p\u00fablico que comparta el mismo entusiasmo.","sameAs":["http:\/\/www.reconoce.mx"],"url":"https:\/\/www.reconoce.mx\/?author=2"}]}},"_links":{"self":[{"href":"https:\/\/www.reconoce.mx\/index.php?rest_route=\/wp\/v2\/posts\/65802","targetHints":{"allow":["GET"]}}],"collection":[{"href":"https:\/\/www.reconoce.mx\/index.php?rest_route=\/wp\/v2\/posts"}],"about":[{"href":"https:\/\/www.reconoce.mx\/index.php?rest_route=\/wp\/v2\/types\/post"}],"author":[{"embeddable":true,"href":"https:\/\/www.reconoce.mx\/index.php?rest_route=\/wp\/v2\/users\/2"}],"replies":[{"embeddable":true,"href":"https:\/\/www.reconoce.mx\/index.php?rest_route=%2Fwp%2Fv2%2Fcomments&post=65802"}],"version-history":[{"count":4,"href":"https:\/\/www.reconoce.mx\/index.php?rest_route=\/wp\/v2\/posts\/65802\/revisions"}],"predecessor-version":[{"id":65807,"href":"https:\/\/www.reconoce.mx\/index.php?rest_route=\/wp\/v2\/posts\/65802\/revisions\/65807"}],"wp:featuredmedia":[{"embeddable":true,"href":"https:\/\/www.reconoce.mx\/index.php?rest_route=\/wp\/v2\/media\/65803"}],"wp:attachment":[{"href":"https:\/\/www.reconoce.mx\/index.php?rest_route=%2Fwp%2Fv2%2Fmedia&parent=65802"}],"wp:term":[{"taxonomy":"category","embeddable":true,"href":"https:\/\/www.reconoce.mx\/index.php?rest_route=%2Fwp%2Fv2%2Fcategories&post=65802"},{"taxonomy":"post_tag","embeddable":true,"href":"https:\/\/www.reconoce.mx\/index.php?rest_route=%2Fwp%2Fv2%2Ftags&post=65802"}],"curies":[{"name":"wp","href":"https:\/\/api.w.org\/{rel}","templated":true}]}}