{"id":65820,"date":"2017-09-22T00:07:30","date_gmt":"2017-09-22T05:07:30","guid":{"rendered":"http:\/\/www.reconoce.mx\/?p=65820"},"modified":"2017-10-12T15:01:46","modified_gmt":"2017-10-12T20:01:46","slug":"fuerzamexico-imagenes-del-sismo-del-19-de-septiembre-de-2017","status":"publish","type":"post","link":"https:\/\/www.reconoce.mx\/?p=65820","title":{"rendered":"#FuerzaM\u00e9xico: Im\u00e1genes del sismo del 19 de septiembre de 2017"},"content":{"rendered":"<p><strong>Compilado por\u00a0<a title=\"@enriquefa86\" href=\"https:\/\/twitter.com\/enriquefa86\" target=\"_blank\" rel=\"noopener noreferrer\">Enrique Figueroa Anaya<\/a>.<\/strong><\/p>\n<p>Las siguientes im\u00e1genes fueron captadas minutos despu\u00e9s, y en el transcurso de los d\u00edas 19, 20 y 21 de septiembre de 2017, tras el sismo del martes 19 de septiembre en Ciudad de M\u00e9xico, Tetela del Volc\u00e1n (Morelos), Tlayacapan (Morelos) y Ecatzingo (Estado de M\u00e9xico). Todas fueron captadas por el equipo humano de <span style=\"color: #a81f25;\"><strong>Reconoce MX<\/strong><\/span>, reporteros diseminados en los diversos puntos que ayudamos a confirmar o negar rumores; a informar de manera certera y servir en las zonas de emergencia. Quedan como testimonio tambi\u00e9n de un evento que cimbra y marca de manera importante a Ciudad de M\u00e9xico, Morelos, las zonas efactadas y M\u00e9xico en general.<\/p>\n<h1><strong>19 de septiembre de 2017<\/strong><\/h1>\n<blockquote class=\"twitter-tweet\" data-lang=\"es\">\n<p dir=\"ltr\" lang=\"und\"><a href=\"https:\/\/twitter.com\/hashtag\/Sismo?src=hash\">#Sismo<\/a> en <a href=\"https:\/\/twitter.com\/hashtag\/CDMX?src=hash\">#CDMX<\/a>. <a href=\"https:\/\/t.co\/TLzZqtn8mZ\">https:\/\/t.co\/TLzZqtn8mZ<\/a><\/p>\n<p>\u2014 Reconoce MX (@reconocemx) <a href=\"https:\/\/twitter.com\/reconocemx\/status\/910209389847617536\">19 de septiembre de 2017<\/a><\/p><\/blockquote>\n<p><script async src=\"\/\/platform.twitter.com\/widgets.js\" charset=\"utf-8\"><\/script><\/p>\n<p>Primer Periscope transmitido a minutos del sismo del 19 de septiembre en la colonia Roma. (Video: <strong>Enrique F. Anaya<\/strong>)<\/p>\n<blockquote class=\"twitter-tweet\" data-lang=\"es\">\n<p dir=\"ltr\" lang=\"es\">Edificio en colonia Roma, Puebla 280 derrumbado. <a href=\"https:\/\/twitter.com\/hashtag\/sismo?src=hash\">#sismo<\/a> <a href=\"https:\/\/twitter.com\/hashtag\/CDMX?src=hash\">#CDMX<\/a> <a href=\"https:\/\/t.co\/po2VxLw2Pp\">https:\/\/t.co\/po2VxLw2Pp<\/a><\/p>\n<p>\u2014 Reconoce MX (@reconocemx) <a href=\"https:\/\/twitter.com\/reconocemx\/status\/910215196190429185\">19 de septiembre de 2017<\/a><\/p><\/blockquote>\n<p><script async src=\"\/\/platform.twitter.com\/widgets.js\" charset=\"utf-8\"><\/script><\/p>\n<p><a href=\"http:\/\/www.reconoce.mx\/wp-content\/uploads\/2017\/09\/ENRIQUE-FIGUEROA-PUEBLA-286-ROMA.jpg\"><img loading=\"lazy\" decoding=\"async\" class=\"aligncenter size-full wp-image-65828\" src=\"http:\/\/www.reconoce.mx\/wp-content\/uploads\/2017\/09\/ENRIQUE-FIGUEROA-PUEBLA-286-ROMA.jpg\" alt=\"\" width=\"4160\" height=\"3120\" srcset=\"https:\/\/www.reconoce.mx\/wp-content\/uploads\/2017\/09\/ENRIQUE-FIGUEROA-PUEBLA-286-ROMA.jpg 4160w, https:\/\/www.reconoce.mx\/wp-content\/uploads\/2017\/09\/ENRIQUE-FIGUEROA-PUEBLA-286-ROMA-300x225.jpg 300w, https:\/\/www.reconoce.mx\/wp-content\/uploads\/2017\/09\/ENRIQUE-FIGUEROA-PUEBLA-286-ROMA-768x576.jpg 768w, https:\/\/www.reconoce.mx\/wp-content\/uploads\/2017\/09\/ENRIQUE-FIGUEROA-PUEBLA-286-ROMA-1024x768.jpg 1024w, https:\/\/www.reconoce.mx\/wp-content\/uploads\/2017\/09\/ENRIQUE-FIGUEROA-PUEBLA-286-ROMA-150x113.jpg 150w, https:\/\/www.reconoce.mx\/wp-content\/uploads\/2017\/09\/ENRIQUE-FIGUEROA-PUEBLA-286-ROMA-700x525.jpg 700w, https:\/\/www.reconoce.mx\/wp-content\/uploads\/2017\/09\/ENRIQUE-FIGUEROA-PUEBLA-286-ROMA-658x494.jpg 658w\" sizes=\"auto, (max-width: 4160px) 100vw, 4160px\" \/><\/a><\/p>\n<p>Edificio derrumbado en Puebla #286, col. Roma Norte. (Foto: <strong>Enrique F. Anaya<\/strong>)<\/p>\n<p>Reporte de edificio derrumbado en Puebla #286, colonia Roma. (Video: <strong>Enrique F. Anaya<\/strong>)<\/p>\n<blockquote class=\"twitter-tweet\" data-lang=\"es\">\n<p dir=\"ltr\" lang=\"es\">Da\u00f1os en edificios sobre Lucio. <a href=\"https:\/\/twitter.com\/hashtag\/CDMX?src=hash\">#CDMX<\/a> <a href=\"https:\/\/twitter.com\/hashtag\/sismo?src=hash\">#sismo<\/a> <a href=\"https:\/\/t.co\/u0yhuh97mb\">https:\/\/t.co\/u0yhuh97mb<\/a><\/p>\n<p>\u2014 Reconoce MX (@reconocemx) <a href=\"https:\/\/twitter.com\/reconocemx\/status\/910232512638660608\">19 de septiembre de 2017<\/a><\/p><\/blockquote>\n<p><script async src=\"\/\/platform.twitter.com\/widgets.js\" charset=\"utf-8\"><\/script><\/p>\n<p><a href=\"http:\/\/www.reconoce.mx\/wp-content\/uploads\/2017\/09\/ENRIQUE-FIGUEROA-AV.-CHAPULTEPEC-ROMA.jpg\"><img loading=\"lazy\" decoding=\"async\" class=\"aligncenter size-full wp-image-65825\" src=\"http:\/\/www.reconoce.mx\/wp-content\/uploads\/2017\/09\/ENRIQUE-FIGUEROA-AV.-CHAPULTEPEC-ROMA.jpg\" alt=\"\" width=\"4160\" height=\"3120\" srcset=\"https:\/\/www.reconoce.mx\/wp-content\/uploads\/2017\/09\/ENRIQUE-FIGUEROA-AV.-CHAPULTEPEC-ROMA.jpg 4160w, https:\/\/www.reconoce.mx\/wp-content\/uploads\/2017\/09\/ENRIQUE-FIGUEROA-AV.-CHAPULTEPEC-ROMA-300x225.jpg 300w, https:\/\/www.reconoce.mx\/wp-content\/uploads\/2017\/09\/ENRIQUE-FIGUEROA-AV.-CHAPULTEPEC-ROMA-768x576.jpg 768w, https:\/\/www.reconoce.mx\/wp-content\/uploads\/2017\/09\/ENRIQUE-FIGUEROA-AV.-CHAPULTEPEC-ROMA-1024x768.jpg 1024w, https:\/\/www.reconoce.mx\/wp-content\/uploads\/2017\/09\/ENRIQUE-FIGUEROA-AV.-CHAPULTEPEC-ROMA-150x113.jpg 150w, https:\/\/www.reconoce.mx\/wp-content\/uploads\/2017\/09\/ENRIQUE-FIGUEROA-AV.-CHAPULTEPEC-ROMA-700x525.jpg 700w, https:\/\/www.reconoce.mx\/wp-content\/uploads\/2017\/09\/ENRIQUE-FIGUEROA-AV.-CHAPULTEPEC-ROMA-658x494.jpg 658w\" sizes=\"auto, (max-width: 4160px) 100vw, 4160px\" \/><\/a><\/p>\n<p>Apoyo de personal del IMSS para ni\u00f1os sobre Av. Chapultepec. (Foto: <strong>Enrique F. Anaya<\/strong>)<\/p>\n<p>Edificios con da\u00f1os sobre Calle Dr. Lucio en la colonia Doctores. (Video: <strong>Enrique F. Anaya<\/strong>)<\/p>\n<blockquote class=\"twitter-tweet\" data-lang=\"es\">\n<p dir=\"ltr\" lang=\"es\">Dr. Lucio y Dr. Liceaga, da\u00f1os edificios ya evacuados en <a href=\"https:\/\/twitter.com\/hashtag\/CDMX?src=hash\">#CDMX<\/a>. <a href=\"https:\/\/twitter.com\/hashtag\/sismo?src=hash\">#sismo<\/a> <a href=\"https:\/\/t.co\/XckJLpvRxb\">https:\/\/t.co\/XckJLpvRxb<\/a><\/p>\n<p>\u2014 Reconoce MX (@reconocemx) <a href=\"https:\/\/twitter.com\/reconocemx\/status\/910234754712260615\">19 de septiembre de 2017<\/a><\/p><\/blockquote>\n<p><script async src=\"\/\/platform.twitter.com\/widgets.js\" charset=\"utf-8\"><\/script><\/p>\n<p>Edificios con da\u00f1os en calles Dr. Lucio y Dr. Liceaga en la colonia Doctores. (Video: <strong>Enrique F. Anaya<\/strong>)<\/p>\n<p><a href=\"http:\/\/www.reconoce.mx\/wp-content\/uploads\/2017\/09\/ENRIQUE-FIGUEROA-COL.-EDUCACI\u00d3N.jpg\"><img loading=\"lazy\" decoding=\"async\" class=\"aligncenter size-full wp-image-65827\" src=\"http:\/\/www.reconoce.mx\/wp-content\/uploads\/2017\/09\/ENRIQUE-FIGUEROA-COL.-EDUCACI\u00d3N.jpg\" alt=\"\" width=\"4160\" height=\"3120\" srcset=\"https:\/\/www.reconoce.mx\/wp-content\/uploads\/2017\/09\/ENRIQUE-FIGUEROA-COL.-EDUCACI\u00d3N.jpg 4160w, https:\/\/www.reconoce.mx\/wp-content\/uploads\/2017\/09\/ENRIQUE-FIGUEROA-COL.-EDUCACI\u00d3N-300x225.jpg 300w, https:\/\/www.reconoce.mx\/wp-content\/uploads\/2017\/09\/ENRIQUE-FIGUEROA-COL.-EDUCACI\u00d3N-768x576.jpg 768w, https:\/\/www.reconoce.mx\/wp-content\/uploads\/2017\/09\/ENRIQUE-FIGUEROA-COL.-EDUCACI\u00d3N-1024x768.jpg 1024w, https:\/\/www.reconoce.mx\/wp-content\/uploads\/2017\/09\/ENRIQUE-FIGUEROA-COL.-EDUCACI\u00d3N-150x113.jpg 150w, https:\/\/www.reconoce.mx\/wp-content\/uploads\/2017\/09\/ENRIQUE-FIGUEROA-COL.-EDUCACI\u00d3N-700x525.jpg 700w, https:\/\/www.reconoce.mx\/wp-content\/uploads\/2017\/09\/ENRIQUE-FIGUEROA-COL.-EDUCACI\u00d3N-658x494.jpg 658w\" sizes=\"auto, (max-width: 4160px) 100vw, 4160px\" \/><\/a><\/p>\n<p>Mensaje en col. Educaci\u00f3n. (Foto: <strong>Enrique F. Anaya<\/strong>)<\/p>\n<h1><strong>20 de septiembre de 2017<\/strong><\/h1>\n<p><a href=\"http:\/\/www.reconoce.mx\/wp-content\/uploads\/2017\/09\/SOFIA-SERRANO-ANAHUAC-e1505971745711.jpeg\"><img loading=\"lazy\" decoding=\"async\" class=\"aligncenter size-full wp-image-65848\" src=\"http:\/\/www.reconoce.mx\/wp-content\/uploads\/2017\/09\/SOFIA-SERRANO-ANAHUAC-e1505971745711.jpeg\" alt=\"\" width=\"1052\" height=\"592\" srcset=\"https:\/\/www.reconoce.mx\/wp-content\/uploads\/2017\/09\/SOFIA-SERRANO-ANAHUAC-e1505971745711.jpeg 1052w, https:\/\/www.reconoce.mx\/wp-content\/uploads\/2017\/09\/SOFIA-SERRANO-ANAHUAC-e1505971745711-300x169.jpeg 300w, https:\/\/www.reconoce.mx\/wp-content\/uploads\/2017\/09\/SOFIA-SERRANO-ANAHUAC-e1505971745711-1024x576.jpeg 1024w, https:\/\/www.reconoce.mx\/wp-content\/uploads\/2017\/09\/SOFIA-SERRANO-ANAHUAC-e1505971745711-150x84.jpeg 150w, https:\/\/www.reconoce.mx\/wp-content\/uploads\/2017\/09\/SOFIA-SERRANO-ANAHUAC-e1505971745711-768x432.jpeg 768w, https:\/\/www.reconoce.mx\/wp-content\/uploads\/2017\/09\/SOFIA-SERRANO-ANAHUAC-e1505971745711-700x394.jpeg 700w, https:\/\/www.reconoce.mx\/wp-content\/uploads\/2017\/09\/SOFIA-SERRANO-ANAHUAC-e1505971745711-658x370.jpeg 658w\" sizes=\"auto, (max-width: 1052px) 100vw, 1052px\" \/><\/a><\/p>\n<p>Centro de acopio en Universidad An\u00e1huac Norte. (Foto: <strong>Sof\u00eda Serrano<\/strong>)<\/p>\n<p><a href=\"http:\/\/www.reconoce.mx\/wp-content\/uploads\/2017\/09\/ANA-ESCARCEGA-EJE-5-Y-DIVISION-DEL-NORTE.jpeg\"><img loading=\"lazy\" decoding=\"async\" class=\"aligncenter size-full wp-image-65824\" src=\"http:\/\/www.reconoce.mx\/wp-content\/uploads\/2017\/09\/ANA-ESCARCEGA-EJE-5-Y-DIVISION-DEL-NORTE.jpeg\" alt=\"\" width=\"1280\" height=\"960\" srcset=\"https:\/\/www.reconoce.mx\/wp-content\/uploads\/2017\/09\/ANA-ESCARCEGA-EJE-5-Y-DIVISION-DEL-NORTE.jpeg 1280w, https:\/\/www.reconoce.mx\/wp-content\/uploads\/2017\/09\/ANA-ESCARCEGA-EJE-5-Y-DIVISION-DEL-NORTE-300x225.jpeg 300w, https:\/\/www.reconoce.mx\/wp-content\/uploads\/2017\/09\/ANA-ESCARCEGA-EJE-5-Y-DIVISION-DEL-NORTE-768x576.jpeg 768w, https:\/\/www.reconoce.mx\/wp-content\/uploads\/2017\/09\/ANA-ESCARCEGA-EJE-5-Y-DIVISION-DEL-NORTE-1024x768.jpeg 1024w, https:\/\/www.reconoce.mx\/wp-content\/uploads\/2017\/09\/ANA-ESCARCEGA-EJE-5-Y-DIVISION-DEL-NORTE-150x113.jpeg 150w, https:\/\/www.reconoce.mx\/wp-content\/uploads\/2017\/09\/ANA-ESCARCEGA-EJE-5-Y-DIVISION-DEL-NORTE-700x525.jpeg 700w, https:\/\/www.reconoce.mx\/wp-content\/uploads\/2017\/09\/ANA-ESCARCEGA-EJE-5-Y-DIVISION-DEL-NORTE-658x494.jpeg 658w\" sizes=\"auto, (max-width: 1280px) 100vw, 1280px\" \/><\/a><\/p>\n<p>V\u00edveres, hombres y herramienta parten rumbo a Xochimilco y Morelos en Eje 5 y Divisi\u00f3n del Norte. (Foto: <strong>Ana Esc\u00e1rcega<\/strong>)<\/p>\n<blockquote class=\"twitter-tweet\" data-lang=\"es\">\n<p dir=\"ltr\" lang=\"es\">Eje 5 y Divisi\u00f3n del N., <a href=\"https:\/\/twitter.com\/Animalceluloide\">@Animalceluloide<\/a>: \u00absubiendo v\u00edveres, herramientas y hombres a un cami\u00f3n rumbo a Mor. y Xoch.\u00bb. <a href=\"https:\/\/twitter.com\/hashtag\/AyudaCDMX?src=hash\">#AyudaCDMX<\/a> <a href=\"https:\/\/twitter.com\/hashtag\/sismo?src=hash\">#sismo<\/a> <a href=\"https:\/\/t.co\/ZKHTccy0B3\">pic.twitter.com\/ZKHTccy0B3<\/a><\/p>\n<p>\u2014 Reconoce MX (@reconocemx) <a href=\"https:\/\/twitter.com\/reconocemx\/status\/910628360539201536\">20 de septiembre de 2017<\/a><\/p><\/blockquote>\n<p><script async src=\"\/\/platform.twitter.com\/widgets.js\" charset=\"utf-8\"><\/script><\/p>\n<p>Aplausos en Eugenia y Heriberto Fr\u00edas. (Video: <strong>Ana Esc\u00e1rcega<\/strong>)<\/p>\n<p><a href=\"http:\/\/www.reconoce.mx\/wp-content\/uploads\/2017\/09\/MONCERRAT-RAM\u00cdREZ-TLAYACAPAN.jpeg\"><img loading=\"lazy\" decoding=\"async\" class=\"aligncenter size-full wp-image-65846\" src=\"http:\/\/www.reconoce.mx\/wp-content\/uploads\/2017\/09\/MONCERRAT-RAM\u00cdREZ-TLAYACAPAN.jpeg\" alt=\"\" width=\"1280\" height=\"960\" srcset=\"https:\/\/www.reconoce.mx\/wp-content\/uploads\/2017\/09\/MONCERRAT-RAM\u00cdREZ-TLAYACAPAN.jpeg 1280w, https:\/\/www.reconoce.mx\/wp-content\/uploads\/2017\/09\/MONCERRAT-RAM\u00cdREZ-TLAYACAPAN-300x225.jpeg 300w, https:\/\/www.reconoce.mx\/wp-content\/uploads\/2017\/09\/MONCERRAT-RAM\u00cdREZ-TLAYACAPAN-768x576.jpeg 768w, https:\/\/www.reconoce.mx\/wp-content\/uploads\/2017\/09\/MONCERRAT-RAM\u00cdREZ-TLAYACAPAN-1024x768.jpeg 1024w, https:\/\/www.reconoce.mx\/wp-content\/uploads\/2017\/09\/MONCERRAT-RAM\u00cdREZ-TLAYACAPAN-150x113.jpeg 150w, https:\/\/www.reconoce.mx\/wp-content\/uploads\/2017\/09\/MONCERRAT-RAM\u00cdREZ-TLAYACAPAN-700x525.jpeg 700w, https:\/\/www.reconoce.mx\/wp-content\/uploads\/2017\/09\/MONCERRAT-RAM\u00cdREZ-TLAYACAPAN-658x494.jpeg 658w\" sizes=\"auto, (max-width: 1280px) 100vw, 1280px\" \/><\/a><\/p>\n<p>Ayuda que llega a Tlayacapan, Morelos. (Foto: <strong>Moncerrat Ram\u00edrez<\/strong>)<\/p>\n<blockquote class=\"twitter-tweet\" data-lang=\"es\">\n<p dir=\"ltr\" lang=\"es\">En Tlalpan y Emperador, BJ, intentan sacar a dos personas. Lleg\u00f3 Marina y Protecci\u00f3n Civil. Una fuera; falta otra. <a href=\"https:\/\/twitter.com\/hashtag\/AyudaCDMX?src=hash\">#AyudaCDMX<\/a> <a href=\"https:\/\/twitter.com\/hashtag\/sismo?src=hash\">#sismo<\/a> <a href=\"https:\/\/t.co\/umwFmNbwe9\">pic.twitter.com\/umwFmNbwe9<\/a><\/p>\n<p>\u2014 Reconoce MX (@reconocemx) <a href=\"https:\/\/twitter.com\/reconocemx\/status\/910630544882286593\">20 de septiembre de 2017<\/a><\/p><\/blockquote>\n<p><script async src=\"\/\/platform.twitter.com\/widgets.js\" charset=\"utf-8\"><\/script><\/p>\n<p>Edificio con da\u00f1os en Tlalpan y Emperador, delegaci\u00f3n Benito Ju\u00e1rez. (Video: <strong>Joaqu\u00edn Cervantes<\/strong>)<\/p>\n<p><a href=\"http:\/\/www.reconoce.mx\/wp-content\/uploads\/2017\/09\/MARCO-HERRERA-TEATRO-\u00c1NGELA-PERALTA.jpeg\"><img loading=\"lazy\" decoding=\"async\" class=\"aligncenter size-full wp-image-65842\" src=\"http:\/\/www.reconoce.mx\/wp-content\/uploads\/2017\/09\/MARCO-HERRERA-TEATRO-\u00c1NGELA-PERALTA.jpeg\" alt=\"\" width=\"1280\" height=\"720\" srcset=\"https:\/\/www.reconoce.mx\/wp-content\/uploads\/2017\/09\/MARCO-HERRERA-TEATRO-\u00c1NGELA-PERALTA.jpeg 1280w, https:\/\/www.reconoce.mx\/wp-content\/uploads\/2017\/09\/MARCO-HERRERA-TEATRO-\u00c1NGELA-PERALTA-300x169.jpeg 300w, https:\/\/www.reconoce.mx\/wp-content\/uploads\/2017\/09\/MARCO-HERRERA-TEATRO-\u00c1NGELA-PERALTA-768x432.jpeg 768w, https:\/\/www.reconoce.mx\/wp-content\/uploads\/2017\/09\/MARCO-HERRERA-TEATRO-\u00c1NGELA-PERALTA-1024x576.jpeg 1024w, https:\/\/www.reconoce.mx\/wp-content\/uploads\/2017\/09\/MARCO-HERRERA-TEATRO-\u00c1NGELA-PERALTA-150x84.jpeg 150w, https:\/\/www.reconoce.mx\/wp-content\/uploads\/2017\/09\/MARCO-HERRERA-TEATRO-\u00c1NGELA-PERALTA-700x394.jpeg 700w, https:\/\/www.reconoce.mx\/wp-content\/uploads\/2017\/09\/MARCO-HERRERA-TEATRO-\u00c1NGELA-PERALTA-658x370.jpeg 658w\" sizes=\"auto, (max-width: 1280px) 100vw, 1280px\" \/><\/a><\/p>\n<p>Centro de acopio en el Teatro \u00c1ngela Peralta en Polanco. (Foto: <strong>Marco Herrera<\/strong>)<\/p>\n<p><a href=\"http:\/\/www.reconoce.mx\/wp-content\/uploads\/2017\/09\/ALEXANDRA-CAREAGA-CONDESA.jpeg\"><img loading=\"lazy\" decoding=\"async\" class=\"aligncenter size-full wp-image-65822\" src=\"http:\/\/www.reconoce.mx\/wp-content\/uploads\/2017\/09\/ALEXANDRA-CAREAGA-CONDESA.jpeg\" alt=\"\" width=\"1280\" height=\"960\" srcset=\"https:\/\/www.reconoce.mx\/wp-content\/uploads\/2017\/09\/ALEXANDRA-CAREAGA-CONDESA.jpeg 1280w, https:\/\/www.reconoce.mx\/wp-content\/uploads\/2017\/09\/ALEXANDRA-CAREAGA-CONDESA-300x225.jpeg 300w, https:\/\/www.reconoce.mx\/wp-content\/uploads\/2017\/09\/ALEXANDRA-CAREAGA-CONDESA-768x576.jpeg 768w, https:\/\/www.reconoce.mx\/wp-content\/uploads\/2017\/09\/ALEXANDRA-CAREAGA-CONDESA-1024x768.jpeg 1024w, https:\/\/www.reconoce.mx\/wp-content\/uploads\/2017\/09\/ALEXANDRA-CAREAGA-CONDESA-150x113.jpeg 150w, https:\/\/www.reconoce.mx\/wp-content\/uploads\/2017\/09\/ALEXANDRA-CAREAGA-CONDESA-700x525.jpeg 700w, https:\/\/www.reconoce.mx\/wp-content\/uploads\/2017\/09\/ALEXANDRA-CAREAGA-CONDESA-658x494.jpeg 658w\" sizes=\"auto, (max-width: 1280px) 100vw, 1280px\" \/><\/a><\/p>\n<p>Edificio colapsado en corredor Condesa-Roma. (Foto: <strong>Alexandra Careaga<\/strong>)<\/p>\n<p><a href=\"http:\/\/www.reconoce.mx\/wp-content\/uploads\/2017\/09\/ALEXANDRA-CAREAGA-CONDESA-2.jpeg\"><img loading=\"lazy\" decoding=\"async\" class=\"aligncenter size-full wp-image-65821\" src=\"http:\/\/www.reconoce.mx\/wp-content\/uploads\/2017\/09\/ALEXANDRA-CAREAGA-CONDESA-2.jpeg\" alt=\"\" width=\"960\" height=\"1280\" srcset=\"https:\/\/www.reconoce.mx\/wp-content\/uploads\/2017\/09\/ALEXANDRA-CAREAGA-CONDESA-2.jpeg 960w, https:\/\/www.reconoce.mx\/wp-content\/uploads\/2017\/09\/ALEXANDRA-CAREAGA-CONDESA-2-225x300.jpeg 225w, https:\/\/www.reconoce.mx\/wp-content\/uploads\/2017\/09\/ALEXANDRA-CAREAGA-CONDESA-2-768x1024.jpeg 768w, https:\/\/www.reconoce.mx\/wp-content\/uploads\/2017\/09\/ALEXANDRA-CAREAGA-CONDESA-2-150x200.jpeg 150w, https:\/\/www.reconoce.mx\/wp-content\/uploads\/2017\/09\/ALEXANDRA-CAREAGA-CONDESA-2-700x933.jpeg 700w, https:\/\/www.reconoce.mx\/wp-content\/uploads\/2017\/09\/ALEXANDRA-CAREAGA-CONDESA-2-658x877.jpeg 658w, https:\/\/www.reconoce.mx\/wp-content\/uploads\/2017\/09\/ALEXANDRA-CAREAGA-CONDESA-2-300x400.jpeg 300w\" sizes=\"auto, (max-width: 960px) 100vw, 960px\" \/><\/a><\/p>\n<p>Edificio con da\u00f1os en corredor Condesa-Roma. (Foto: <strong>Alexandra Careaga<\/strong>)<\/p>\n<p><a href=\"http:\/\/www.reconoce.mx\/wp-content\/uploads\/2017\/09\/WhatsApp-Image-2017-09-20-at-5.22.45-PM.jpeg\"><img loading=\"lazy\" decoding=\"async\" class=\"aligncenter size-full wp-image-65859\" src=\"http:\/\/www.reconoce.mx\/wp-content\/uploads\/2017\/09\/WhatsApp-Image-2017-09-20-at-5.22.45-PM.jpeg\" alt=\"\" width=\"1280\" height=\"720\" srcset=\"https:\/\/www.reconoce.mx\/wp-content\/uploads\/2017\/09\/WhatsApp-Image-2017-09-20-at-5.22.45-PM.jpeg 1280w, https:\/\/www.reconoce.mx\/wp-content\/uploads\/2017\/09\/WhatsApp-Image-2017-09-20-at-5.22.45-PM-300x169.jpeg 300w, https:\/\/www.reconoce.mx\/wp-content\/uploads\/2017\/09\/WhatsApp-Image-2017-09-20-at-5.22.45-PM-768x432.jpeg 768w, https:\/\/www.reconoce.mx\/wp-content\/uploads\/2017\/09\/WhatsApp-Image-2017-09-20-at-5.22.45-PM-1024x576.jpeg 1024w, https:\/\/www.reconoce.mx\/wp-content\/uploads\/2017\/09\/WhatsApp-Image-2017-09-20-at-5.22.45-PM-150x84.jpeg 150w, https:\/\/www.reconoce.mx\/wp-content\/uploads\/2017\/09\/WhatsApp-Image-2017-09-20-at-5.22.45-PM-700x394.jpeg 700w, https:\/\/www.reconoce.mx\/wp-content\/uploads\/2017\/09\/WhatsApp-Image-2017-09-20-at-5.22.45-PM-658x370.jpeg 658w\" sizes=\"auto, (max-width: 1280px) 100vw, 1280px\" \/><\/a><\/p>\n<p>Voluntarios desplaz\u00e1ndose en Municipio Libre y Eje Central. (Foto: <strong>Daniel Higa Alquicira<\/strong>)<\/p>\n<p><a href=\"http:\/\/www.reconoce.mx\/wp-content\/uploads\/2017\/09\/JAN-ALLE-SUEGRA-CONDESA-2-1.jpeg\"><img loading=\"lazy\" decoding=\"async\" class=\"aligncenter size-full wp-image-65910\" src=\"http:\/\/www.reconoce.mx\/wp-content\/uploads\/2017\/09\/JAN-ALLE-SUEGRA-CONDESA-2-1.jpeg\" alt=\"\" width=\"1280\" height=\"960\" srcset=\"https:\/\/www.reconoce.mx\/wp-content\/uploads\/2017\/09\/JAN-ALLE-SUEGRA-CONDESA-2-1.jpeg 1280w, https:\/\/www.reconoce.mx\/wp-content\/uploads\/2017\/09\/JAN-ALLE-SUEGRA-CONDESA-2-1-300x225.jpeg 300w, https:\/\/www.reconoce.mx\/wp-content\/uploads\/2017\/09\/JAN-ALLE-SUEGRA-CONDESA-2-1-768x576.jpeg 768w, https:\/\/www.reconoce.mx\/wp-content\/uploads\/2017\/09\/JAN-ALLE-SUEGRA-CONDESA-2-1-1024x768.jpeg 1024w, https:\/\/www.reconoce.mx\/wp-content\/uploads\/2017\/09\/JAN-ALLE-SUEGRA-CONDESA-2-1-150x113.jpeg 150w, https:\/\/www.reconoce.mx\/wp-content\/uploads\/2017\/09\/JAN-ALLE-SUEGRA-CONDESA-2-1-700x525.jpeg 700w, https:\/\/www.reconoce.mx\/wp-content\/uploads\/2017\/09\/JAN-ALLE-SUEGRA-CONDESA-2-1-658x494.jpeg 658w\" sizes=\"auto, (max-width: 1280px) 100vw, 1280px\" \/><\/a><\/p>\n<p>Desplome de fachada en edificio en colonia Condesa. (Foto: <strong>Mercedes Rodr\u00edguez<\/strong>)<\/p>\n<p><a href=\"http:\/\/www.reconoce.mx\/wp-content\/uploads\/2017\/09\/IAN-MILLER-TEC-CSF.jpeg\"><img loading=\"lazy\" decoding=\"async\" class=\"aligncenter size-full wp-image-65829\" src=\"http:\/\/www.reconoce.mx\/wp-content\/uploads\/2017\/09\/IAN-MILLER-TEC-CSF.jpeg\" alt=\"\" width=\"1280\" height=\"720\" srcset=\"https:\/\/www.reconoce.mx\/wp-content\/uploads\/2017\/09\/IAN-MILLER-TEC-CSF.jpeg 1280w, https:\/\/www.reconoce.mx\/wp-content\/uploads\/2017\/09\/IAN-MILLER-TEC-CSF-300x169.jpeg 300w, https:\/\/www.reconoce.mx\/wp-content\/uploads\/2017\/09\/IAN-MILLER-TEC-CSF-768x432.jpeg 768w, https:\/\/www.reconoce.mx\/wp-content\/uploads\/2017\/09\/IAN-MILLER-TEC-CSF-1024x576.jpeg 1024w, https:\/\/www.reconoce.mx\/wp-content\/uploads\/2017\/09\/IAN-MILLER-TEC-CSF-150x84.jpeg 150w, https:\/\/www.reconoce.mx\/wp-content\/uploads\/2017\/09\/IAN-MILLER-TEC-CSF-700x394.jpeg 700w, https:\/\/www.reconoce.mx\/wp-content\/uploads\/2017\/09\/IAN-MILLER-TEC-CSF-658x370.jpeg 658w\" sizes=\"auto, (max-width: 1280px) 100vw, 1280px\" \/><\/a><\/p>\n<p>Centro de acopio en Tec de Monterrey en Santa Fe. (Foto:<strong> Ian Miller<\/strong>)<\/p>\n<p><a href=\"http:\/\/www.reconoce.mx\/wp-content\/uploads\/2017\/09\/MONCERRAT-RAM\u00cdREZ-TETELA-DEL-VOLC\u00c1N.jpeg\"><img loading=\"lazy\" decoding=\"async\" class=\"aligncenter size-full wp-image-65845\" src=\"http:\/\/www.reconoce.mx\/wp-content\/uploads\/2017\/09\/MONCERRAT-RAM\u00cdREZ-TETELA-DEL-VOLC\u00c1N.jpeg\" alt=\"\" width=\"960\" height=\"1280\" srcset=\"https:\/\/www.reconoce.mx\/wp-content\/uploads\/2017\/09\/MONCERRAT-RAM\u00cdREZ-TETELA-DEL-VOLC\u00c1N.jpeg 960w, https:\/\/www.reconoce.mx\/wp-content\/uploads\/2017\/09\/MONCERRAT-RAM\u00cdREZ-TETELA-DEL-VOLC\u00c1N-225x300.jpeg 225w, https:\/\/www.reconoce.mx\/wp-content\/uploads\/2017\/09\/MONCERRAT-RAM\u00cdREZ-TETELA-DEL-VOLC\u00c1N-768x1024.jpeg 768w, https:\/\/www.reconoce.mx\/wp-content\/uploads\/2017\/09\/MONCERRAT-RAM\u00cdREZ-TETELA-DEL-VOLC\u00c1N-150x200.jpeg 150w, https:\/\/www.reconoce.mx\/wp-content\/uploads\/2017\/09\/MONCERRAT-RAM\u00cdREZ-TETELA-DEL-VOLC\u00c1N-700x933.jpeg 700w, https:\/\/www.reconoce.mx\/wp-content\/uploads\/2017\/09\/MONCERRAT-RAM\u00cdREZ-TETELA-DEL-VOLC\u00c1N-658x877.jpeg 658w, https:\/\/www.reconoce.mx\/wp-content\/uploads\/2017\/09\/MONCERRAT-RAM\u00cdREZ-TETELA-DEL-VOLC\u00c1N-300x400.jpeg 300w\" sizes=\"auto, (max-width: 960px) 100vw, 960px\" \/><\/a><\/p>\n<p>Iglesia con da\u00f1os en Tetela del Volc\u00e1n, Morelos. (Foto: <strong>Moncerrat Ram\u00edrez<\/strong>)<\/p>\n<p><a href=\"http:\/\/www.reconoce.mx\/wp-content\/uploads\/2017\/09\/ALEXANDRA-CAREAGA-PARROQUIA-DE-LA-SANTA-CRUZ-EN-LA-HERRADURA.jpeg\"><img loading=\"lazy\" decoding=\"async\" class=\"aligncenter size-full wp-image-65823\" src=\"http:\/\/www.reconoce.mx\/wp-content\/uploads\/2017\/09\/ALEXANDRA-CAREAGA-PARROQUIA-DE-LA-SANTA-CRUZ-EN-LA-HERRADURA.jpeg\" alt=\"\" width=\"1280\" height=\"720\" srcset=\"https:\/\/www.reconoce.mx\/wp-content\/uploads\/2017\/09\/ALEXANDRA-CAREAGA-PARROQUIA-DE-LA-SANTA-CRUZ-EN-LA-HERRADURA.jpeg 1280w, https:\/\/www.reconoce.mx\/wp-content\/uploads\/2017\/09\/ALEXANDRA-CAREAGA-PARROQUIA-DE-LA-SANTA-CRUZ-EN-LA-HERRADURA-300x169.jpeg 300w, https:\/\/www.reconoce.mx\/wp-content\/uploads\/2017\/09\/ALEXANDRA-CAREAGA-PARROQUIA-DE-LA-SANTA-CRUZ-EN-LA-HERRADURA-768x432.jpeg 768w, https:\/\/www.reconoce.mx\/wp-content\/uploads\/2017\/09\/ALEXANDRA-CAREAGA-PARROQUIA-DE-LA-SANTA-CRUZ-EN-LA-HERRADURA-1024x576.jpeg 1024w, https:\/\/www.reconoce.mx\/wp-content\/uploads\/2017\/09\/ALEXANDRA-CAREAGA-PARROQUIA-DE-LA-SANTA-CRUZ-EN-LA-HERRADURA-150x84.jpeg 150w, https:\/\/www.reconoce.mx\/wp-content\/uploads\/2017\/09\/ALEXANDRA-CAREAGA-PARROQUIA-DE-LA-SANTA-CRUZ-EN-LA-HERRADURA-700x394.jpeg 700w, https:\/\/www.reconoce.mx\/wp-content\/uploads\/2017\/09\/ALEXANDRA-CAREAGA-PARROQUIA-DE-LA-SANTA-CRUZ-EN-LA-HERRADURA-658x370.jpeg 658w\" sizes=\"auto, (max-width: 1280px) 100vw, 1280px\" \/><\/a><\/p>\n<p>Parroquia de Santa Cruz en La Herradura. (Foto: <strong>Alexandra Careaga<\/strong>)<\/p>\n<p><a href=\"http:\/\/www.reconoce.mx\/wp-content\/uploads\/2017\/09\/MONCERRAT-RAM\u00cdREZ-TETELA-DEL-VOLC\u00c1N-2.jpeg\"><img loading=\"lazy\" decoding=\"async\" class=\"aligncenter size-full wp-image-65843\" src=\"http:\/\/www.reconoce.mx\/wp-content\/uploads\/2017\/09\/MONCERRAT-RAM\u00cdREZ-TETELA-DEL-VOLC\u00c1N-2.jpeg\" alt=\"\" width=\"1280\" height=\"719\" srcset=\"https:\/\/www.reconoce.mx\/wp-content\/uploads\/2017\/09\/MONCERRAT-RAM\u00cdREZ-TETELA-DEL-VOLC\u00c1N-2.jpeg 1280w, https:\/\/www.reconoce.mx\/wp-content\/uploads\/2017\/09\/MONCERRAT-RAM\u00cdREZ-TETELA-DEL-VOLC\u00c1N-2-300x169.jpeg 300w, https:\/\/www.reconoce.mx\/wp-content\/uploads\/2017\/09\/MONCERRAT-RAM\u00cdREZ-TETELA-DEL-VOLC\u00c1N-2-768x431.jpeg 768w, https:\/\/www.reconoce.mx\/wp-content\/uploads\/2017\/09\/MONCERRAT-RAM\u00cdREZ-TETELA-DEL-VOLC\u00c1N-2-1024x575.jpeg 1024w, https:\/\/www.reconoce.mx\/wp-content\/uploads\/2017\/09\/MONCERRAT-RAM\u00cdREZ-TETELA-DEL-VOLC\u00c1N-2-150x84.jpeg 150w, https:\/\/www.reconoce.mx\/wp-content\/uploads\/2017\/09\/MONCERRAT-RAM\u00cdREZ-TETELA-DEL-VOLC\u00c1N-2-700x393.jpeg 700w, https:\/\/www.reconoce.mx\/wp-content\/uploads\/2017\/09\/MONCERRAT-RAM\u00cdREZ-TETELA-DEL-VOLC\u00c1N-2-658x370.jpeg 658w\" sizes=\"auto, (max-width: 1280px) 100vw, 1280px\" \/><\/a><\/p>\n<p>Casa derrumbada en Tetela del Volc\u00e1n, Morelos. (Foto: <strong>Moncerrat Ram\u00edrez<\/strong>)<\/p>\n<p><a href=\"http:\/\/www.reconoce.mx\/wp-content\/uploads\/2017\/09\/WhatsApp-Image-2017-09-20-at-7.08.20-PM.jpeg\"><img loading=\"lazy\" decoding=\"async\" class=\"aligncenter size-full wp-image-65860\" src=\"http:\/\/www.reconoce.mx\/wp-content\/uploads\/2017\/09\/WhatsApp-Image-2017-09-20-at-7.08.20-PM.jpeg\" alt=\"\" width=\"960\" height=\"1280\" srcset=\"https:\/\/www.reconoce.mx\/wp-content\/uploads\/2017\/09\/WhatsApp-Image-2017-09-20-at-7.08.20-PM.jpeg 960w, https:\/\/www.reconoce.mx\/wp-content\/uploads\/2017\/09\/WhatsApp-Image-2017-09-20-at-7.08.20-PM-225x300.jpeg 225w, https:\/\/www.reconoce.mx\/wp-content\/uploads\/2017\/09\/WhatsApp-Image-2017-09-20-at-7.08.20-PM-768x1024.jpeg 768w, https:\/\/www.reconoce.mx\/wp-content\/uploads\/2017\/09\/WhatsApp-Image-2017-09-20-at-7.08.20-PM-150x200.jpeg 150w, https:\/\/www.reconoce.mx\/wp-content\/uploads\/2017\/09\/WhatsApp-Image-2017-09-20-at-7.08.20-PM-700x933.jpeg 700w, https:\/\/www.reconoce.mx\/wp-content\/uploads\/2017\/09\/WhatsApp-Image-2017-09-20-at-7.08.20-PM-658x877.jpeg 658w, https:\/\/www.reconoce.mx\/wp-content\/uploads\/2017\/09\/WhatsApp-Image-2017-09-20-at-7.08.20-PM-300x400.jpeg 300w\" sizes=\"auto, (max-width: 960px) 100vw, 960px\" \/><\/a><\/p>\n<p>Hombre observando derrumbes en Tetela del Volc\u00e1n, Morelos. (Foto: <strong>Moncerrat Ram\u00edrez<\/strong>)<\/p>\n<p><a href=\"http:\/\/www.reconoce.mx\/wp-content\/uploads\/2017\/09\/REGINA-MEDINA-PASEO-DEL-R\u00cdO-EN-PASEOS-DE-TAXQUE\u00d1A.jpeg\"><img loading=\"lazy\" decoding=\"async\" class=\"aligncenter size-full wp-image-65847\" src=\"http:\/\/www.reconoce.mx\/wp-content\/uploads\/2017\/09\/REGINA-MEDINA-PASEO-DEL-R\u00cdO-EN-PASEOS-DE-TAXQUE\u00d1A.jpeg\" alt=\"\" width=\"719\" height=\"1280\" srcset=\"https:\/\/www.reconoce.mx\/wp-content\/uploads\/2017\/09\/REGINA-MEDINA-PASEO-DEL-R\u00cdO-EN-PASEOS-DE-TAXQUE\u00d1A.jpeg 719w, https:\/\/www.reconoce.mx\/wp-content\/uploads\/2017\/09\/REGINA-MEDINA-PASEO-DEL-R\u00cdO-EN-PASEOS-DE-TAXQUE\u00d1A-169x300.jpeg 169w, https:\/\/www.reconoce.mx\/wp-content\/uploads\/2017\/09\/REGINA-MEDINA-PASEO-DEL-R\u00cdO-EN-PASEOS-DE-TAXQUE\u00d1A-575x1024.jpeg 575w, https:\/\/www.reconoce.mx\/wp-content\/uploads\/2017\/09\/REGINA-MEDINA-PASEO-DEL-R\u00cdO-EN-PASEOS-DE-TAXQUE\u00d1A-150x267.jpeg 150w, https:\/\/www.reconoce.mx\/wp-content\/uploads\/2017\/09\/REGINA-MEDINA-PASEO-DEL-R\u00cdO-EN-PASEOS-DE-TAXQUE\u00d1A-700x1246.jpeg 700w, https:\/\/www.reconoce.mx\/wp-content\/uploads\/2017\/09\/REGINA-MEDINA-PASEO-DEL-R\u00cdO-EN-PASEOS-DE-TAXQUE\u00d1A-658x1171.jpeg 658w, https:\/\/www.reconoce.mx\/wp-content\/uploads\/2017\/09\/REGINA-MEDINA-PASEO-DEL-R\u00cdO-EN-PASEOS-DE-TAXQUE\u00d1A-300x534.jpeg 300w\" sizes=\"auto, (max-width: 719px) 100vw, 719px\" \/><\/a><\/p>\n<p>Edificio evacuado en Paseo del R\u00edo, Paseos de Taxque\u00f1a. (Foto: <strong>Regina Medina<\/strong>)<\/p>\n<p><a href=\"http:\/\/www.reconoce.mx\/wp-content\/uploads\/2017\/09\/MONCERRAT-RAM\u00cdREZ-TETELA-DEL-VOLC\u00c1N-3.jpeg\"><img loading=\"lazy\" decoding=\"async\" class=\"aligncenter size-full wp-image-65844\" src=\"http:\/\/www.reconoce.mx\/wp-content\/uploads\/2017\/09\/MONCERRAT-RAM\u00cdREZ-TETELA-DEL-VOLC\u00c1N-3.jpeg\" alt=\"\" width=\"960\" height=\"1280\" srcset=\"https:\/\/www.reconoce.mx\/wp-content\/uploads\/2017\/09\/MONCERRAT-RAM\u00cdREZ-TETELA-DEL-VOLC\u00c1N-3.jpeg 960w, https:\/\/www.reconoce.mx\/wp-content\/uploads\/2017\/09\/MONCERRAT-RAM\u00cdREZ-TETELA-DEL-VOLC\u00c1N-3-225x300.jpeg 225w, https:\/\/www.reconoce.mx\/wp-content\/uploads\/2017\/09\/MONCERRAT-RAM\u00cdREZ-TETELA-DEL-VOLC\u00c1N-3-768x1024.jpeg 768w, https:\/\/www.reconoce.mx\/wp-content\/uploads\/2017\/09\/MONCERRAT-RAM\u00cdREZ-TETELA-DEL-VOLC\u00c1N-3-150x200.jpeg 150w, https:\/\/www.reconoce.mx\/wp-content\/uploads\/2017\/09\/MONCERRAT-RAM\u00cdREZ-TETELA-DEL-VOLC\u00c1N-3-700x933.jpeg 700w, https:\/\/www.reconoce.mx\/wp-content\/uploads\/2017\/09\/MONCERRAT-RAM\u00cdREZ-TETELA-DEL-VOLC\u00c1N-3-658x877.jpeg 658w, https:\/\/www.reconoce.mx\/wp-content\/uploads\/2017\/09\/MONCERRAT-RAM\u00cdREZ-TETELA-DEL-VOLC\u00c1N-3-300x400.jpeg 300w\" sizes=\"auto, (max-width: 960px) 100vw, 960px\" \/><\/a><\/p>\n<p>Poblaci\u00f3n en Tetela del Volc\u00e1n, Morelos. (Foto: <strong>Moncerrat Ram\u00edrez<\/strong>)<\/p>\n<p><a href=\"http:\/\/www.reconoce.mx\/wp-content\/uploads\/2017\/09\/JES\u00daS-ORTEGA-PREGUNTAR.jpeg\"><img loading=\"lazy\" decoding=\"async\" class=\"aligncenter size-full wp-image-65841\" src=\"http:\/\/www.reconoce.mx\/wp-content\/uploads\/2017\/09\/JES\u00daS-ORTEGA-PREGUNTAR.jpeg\" alt=\"\" width=\"1280\" height=\"720\" srcset=\"https:\/\/www.reconoce.mx\/wp-content\/uploads\/2017\/09\/JES\u00daS-ORTEGA-PREGUNTAR.jpeg 1280w, https:\/\/www.reconoce.mx\/wp-content\/uploads\/2017\/09\/JES\u00daS-ORTEGA-PREGUNTAR-300x169.jpeg 300w, https:\/\/www.reconoce.mx\/wp-content\/uploads\/2017\/09\/JES\u00daS-ORTEGA-PREGUNTAR-768x432.jpeg 768w, https:\/\/www.reconoce.mx\/wp-content\/uploads\/2017\/09\/JES\u00daS-ORTEGA-PREGUNTAR-1024x576.jpeg 1024w, https:\/\/www.reconoce.mx\/wp-content\/uploads\/2017\/09\/JES\u00daS-ORTEGA-PREGUNTAR-150x84.jpeg 150w, https:\/\/www.reconoce.mx\/wp-content\/uploads\/2017\/09\/JES\u00daS-ORTEGA-PREGUNTAR-700x394.jpeg 700w, https:\/\/www.reconoce.mx\/wp-content\/uploads\/2017\/09\/JES\u00daS-ORTEGA-PREGUNTAR-658x370.jpeg 658w\" sizes=\"auto, (max-width: 1280px) 100vw, 1280px\" \/><\/a><\/p>\n<p>Edificio derrumbado en Pet\u00e9n y Zapata. (Foto: <strong>Jes\u00fas Ortega<\/strong>)<\/p>\n<h1><strong>19 de septiembre de 2017<\/strong><\/h1>\n<p><a href=\"http:\/\/www.reconoce.mx\/wp-content\/uploads\/2017\/09\/ALEXANDRA-CAREAGA-Cruz-Roja-Polanco-1.jpeg\"><img loading=\"lazy\" decoding=\"async\" class=\"aligncenter size-full wp-image-65898\" src=\"http:\/\/www.reconoce.mx\/wp-content\/uploads\/2017\/09\/ALEXANDRA-CAREAGA-Cruz-Roja-Polanco-1.jpeg\" alt=\"\" width=\"1280\" height=\"720\" srcset=\"https:\/\/www.reconoce.mx\/wp-content\/uploads\/2017\/09\/ALEXANDRA-CAREAGA-Cruz-Roja-Polanco-1.jpeg 1280w, https:\/\/www.reconoce.mx\/wp-content\/uploads\/2017\/09\/ALEXANDRA-CAREAGA-Cruz-Roja-Polanco-1-300x169.jpeg 300w, https:\/\/www.reconoce.mx\/wp-content\/uploads\/2017\/09\/ALEXANDRA-CAREAGA-Cruz-Roja-Polanco-1-768x432.jpeg 768w, https:\/\/www.reconoce.mx\/wp-content\/uploads\/2017\/09\/ALEXANDRA-CAREAGA-Cruz-Roja-Polanco-1-1024x576.jpeg 1024w, https:\/\/www.reconoce.mx\/wp-content\/uploads\/2017\/09\/ALEXANDRA-CAREAGA-Cruz-Roja-Polanco-1-150x84.jpeg 150w, https:\/\/www.reconoce.mx\/wp-content\/uploads\/2017\/09\/ALEXANDRA-CAREAGA-Cruz-Roja-Polanco-1-700x394.jpeg 700w, https:\/\/www.reconoce.mx\/wp-content\/uploads\/2017\/09\/ALEXANDRA-CAREAGA-Cruz-Roja-Polanco-1-658x370.jpeg 658w\" sizes=\"auto, (max-width: 1280px) 100vw, 1280px\" \/><\/a><br \/>\nAcopio en Cruz Roja mexicana en Polanco. (Foto:<strong> Alexandra Careaga<\/strong>)<\/p>\n<p><a href=\"http:\/\/www.reconoce.mx\/wp-content\/uploads\/2017\/09\/IAN-MILLER-ACOPIO-TEC-CSF.jpeg\"><img loading=\"lazy\" decoding=\"async\" class=\"aligncenter size-full wp-image-65905\" src=\"http:\/\/www.reconoce.mx\/wp-content\/uploads\/2017\/09\/IAN-MILLER-ACOPIO-TEC-CSF.jpeg\" alt=\"\" width=\"1280\" height=\"720\" srcset=\"https:\/\/www.reconoce.mx\/wp-content\/uploads\/2017\/09\/IAN-MILLER-ACOPIO-TEC-CSF.jpeg 1280w, https:\/\/www.reconoce.mx\/wp-content\/uploads\/2017\/09\/IAN-MILLER-ACOPIO-TEC-CSF-300x169.jpeg 300w, https:\/\/www.reconoce.mx\/wp-content\/uploads\/2017\/09\/IAN-MILLER-ACOPIO-TEC-CSF-768x432.jpeg 768w, https:\/\/www.reconoce.mx\/wp-content\/uploads\/2017\/09\/IAN-MILLER-ACOPIO-TEC-CSF-1024x576.jpeg 1024w, https:\/\/www.reconoce.mx\/wp-content\/uploads\/2017\/09\/IAN-MILLER-ACOPIO-TEC-CSF-150x84.jpeg 150w, https:\/\/www.reconoce.mx\/wp-content\/uploads\/2017\/09\/IAN-MILLER-ACOPIO-TEC-CSF-700x394.jpeg 700w, https:\/\/www.reconoce.mx\/wp-content\/uploads\/2017\/09\/IAN-MILLER-ACOPIO-TEC-CSF-658x370.jpeg 658w\" sizes=\"auto, (max-width: 1280px) 100vw, 1280px\" \/><\/a><\/p>\n<p>Carga de acopio en Tec de Monterrey en Santa Fe en camionetas urbvan. (Foto: <strong>Ian Miller<\/strong>)<\/p>\n<p><a href=\"http:\/\/www.reconoce.mx\/wp-content\/uploads\/2017\/09\/REGINA-MEDINA-ACOPIO-EN-SAN-GREGORIO-XOCH.jpeg\"><img loading=\"lazy\" decoding=\"async\" class=\"aligncenter size-full wp-image-65907\" src=\"http:\/\/www.reconoce.mx\/wp-content\/uploads\/2017\/09\/REGINA-MEDINA-ACOPIO-EN-SAN-GREGORIO-XOCH.jpeg\" alt=\"\" width=\"719\" height=\"1280\" srcset=\"https:\/\/www.reconoce.mx\/wp-content\/uploads\/2017\/09\/REGINA-MEDINA-ACOPIO-EN-SAN-GREGORIO-XOCH.jpeg 719w, https:\/\/www.reconoce.mx\/wp-content\/uploads\/2017\/09\/REGINA-MEDINA-ACOPIO-EN-SAN-GREGORIO-XOCH-169x300.jpeg 169w, https:\/\/www.reconoce.mx\/wp-content\/uploads\/2017\/09\/REGINA-MEDINA-ACOPIO-EN-SAN-GREGORIO-XOCH-575x1024.jpeg 575w, https:\/\/www.reconoce.mx\/wp-content\/uploads\/2017\/09\/REGINA-MEDINA-ACOPIO-EN-SAN-GREGORIO-XOCH-150x267.jpeg 150w, https:\/\/www.reconoce.mx\/wp-content\/uploads\/2017\/09\/REGINA-MEDINA-ACOPIO-EN-SAN-GREGORIO-XOCH-700x1246.jpeg 700w, https:\/\/www.reconoce.mx\/wp-content\/uploads\/2017\/09\/REGINA-MEDINA-ACOPIO-EN-SAN-GREGORIO-XOCH-658x1171.jpeg 658w, https:\/\/www.reconoce.mx\/wp-content\/uploads\/2017\/09\/REGINA-MEDINA-ACOPIO-EN-SAN-GREGORIO-XOCH-300x534.jpeg 300w\" sizes=\"auto, (max-width: 719px) 100vw, 719px\" \/><\/a><\/p>\n<p>Centro de acopio en San Gregorio Atlapulco, Xochimilco. (Foto: <strong>Regina Medina<\/strong>)<\/p>\n<p><a href=\"http:\/\/www.reconoce.mx\/wp-content\/uploads\/2017\/09\/ANA-ESC\u00c1RCEGA-ACOPIO-EN-Centro-de-Atenci\u00f3n-Social-Especializada-BJ.jpg\"><img loading=\"lazy\" decoding=\"async\" class=\"aligncenter size-full wp-image-65900\" src=\"http:\/\/www.reconoce.mx\/wp-content\/uploads\/2017\/09\/ANA-ESC\u00c1RCEGA-ACOPIO-EN-Centro-de-Atenci\u00f3n-Social-Especializada-BJ.jpg\" alt=\"\" width=\"900\" height=\"1200\" srcset=\"https:\/\/www.reconoce.mx\/wp-content\/uploads\/2017\/09\/ANA-ESC\u00c1RCEGA-ACOPIO-EN-Centro-de-Atenci\u00f3n-Social-Especializada-BJ.jpg 900w, https:\/\/www.reconoce.mx\/wp-content\/uploads\/2017\/09\/ANA-ESC\u00c1RCEGA-ACOPIO-EN-Centro-de-Atenci\u00f3n-Social-Especializada-BJ-225x300.jpg 225w, https:\/\/www.reconoce.mx\/wp-content\/uploads\/2017\/09\/ANA-ESC\u00c1RCEGA-ACOPIO-EN-Centro-de-Atenci\u00f3n-Social-Especializada-BJ-768x1024.jpg 768w, https:\/\/www.reconoce.mx\/wp-content\/uploads\/2017\/09\/ANA-ESC\u00c1RCEGA-ACOPIO-EN-Centro-de-Atenci\u00f3n-Social-Especializada-BJ-150x200.jpg 150w, https:\/\/www.reconoce.mx\/wp-content\/uploads\/2017\/09\/ANA-ESC\u00c1RCEGA-ACOPIO-EN-Centro-de-Atenci\u00f3n-Social-Especializada-BJ-700x933.jpg 700w, https:\/\/www.reconoce.mx\/wp-content\/uploads\/2017\/09\/ANA-ESC\u00c1RCEGA-ACOPIO-EN-Centro-de-Atenci\u00f3n-Social-Especializada-BJ-658x877.jpg 658w, https:\/\/www.reconoce.mx\/wp-content\/uploads\/2017\/09\/ANA-ESC\u00c1RCEGA-ACOPIO-EN-Centro-de-Atenci\u00f3n-Social-Especializada-BJ-300x400.jpg 300w\" sizes=\"auto, (max-width: 900px) 100vw, 900px\" \/><\/a><\/p>\n<p>Acopio en Centro de Atenci\u00f3n Social Especializada en delegaci\u00f3n Benito Ju\u00e1rez. (Foto: <strong>Ana Esc\u00e1rcega<\/strong>)<\/p>\n<p><a href=\"http:\/\/www.reconoce.mx\/wp-content\/uploads\/2017\/09\/ANA-ESC\u00c1RCEGA-Se-llama-Nala-anoche-rescat\u00f3-a-7-de-Chimalpopoca.jpeg\"><img loading=\"lazy\" decoding=\"async\" class=\"aligncenter size-full wp-image-65901\" src=\"http:\/\/www.reconoce.mx\/wp-content\/uploads\/2017\/09\/ANA-ESC\u00c1RCEGA-Se-llama-Nala-anoche-rescat\u00f3-a-7-de-Chimalpopoca.jpeg\" alt=\"\" width=\"960\" height=\"1280\" srcset=\"https:\/\/www.reconoce.mx\/wp-content\/uploads\/2017\/09\/ANA-ESC\u00c1RCEGA-Se-llama-Nala-anoche-rescat\u00f3-a-7-de-Chimalpopoca.jpeg 960w, https:\/\/www.reconoce.mx\/wp-content\/uploads\/2017\/09\/ANA-ESC\u00c1RCEGA-Se-llama-Nala-anoche-rescat\u00f3-a-7-de-Chimalpopoca-225x300.jpeg 225w, https:\/\/www.reconoce.mx\/wp-content\/uploads\/2017\/09\/ANA-ESC\u00c1RCEGA-Se-llama-Nala-anoche-rescat\u00f3-a-7-de-Chimalpopoca-768x1024.jpeg 768w, https:\/\/www.reconoce.mx\/wp-content\/uploads\/2017\/09\/ANA-ESC\u00c1RCEGA-Se-llama-Nala-anoche-rescat\u00f3-a-7-de-Chimalpopoca-150x200.jpeg 150w, https:\/\/www.reconoce.mx\/wp-content\/uploads\/2017\/09\/ANA-ESC\u00c1RCEGA-Se-llama-Nala-anoche-rescat\u00f3-a-7-de-Chimalpopoca-700x933.jpeg 700w, https:\/\/www.reconoce.mx\/wp-content\/uploads\/2017\/09\/ANA-ESC\u00c1RCEGA-Se-llama-Nala-anoche-rescat\u00f3-a-7-de-Chimalpopoca-658x877.jpeg 658w, https:\/\/www.reconoce.mx\/wp-content\/uploads\/2017\/09\/ANA-ESC\u00c1RCEGA-Se-llama-Nala-anoche-rescat\u00f3-a-7-de-Chimalpopoca-300x400.jpeg 300w\" sizes=\"auto, (max-width: 960px) 100vw, 960px\" \/><\/a><\/p>\n<p>\u00abSe llama Nala, anoche rescat\u00f3 a 7 de Chimalpopoca\u00bb. (Foto: <strong>Ana Esc\u00e1rcega<\/strong>)<\/p>\n<p><a href=\"http:\/\/www.reconoce.mx\/wp-content\/uploads\/2017\/09\/JOAQU\u00cdN-CERVANTES-Apoyo-que-ha-brindado-la-delegaci\u00f3n-BJ-en-las-zonas-de-Zapata-y-Pet\u00e9n-y-en-la-delegazi\u00f3n-zona-de-soluciones-2.jpeg\"><img loading=\"lazy\" decoding=\"async\" class=\"aligncenter size-full wp-image-65915\" src=\"http:\/\/www.reconoce.mx\/wp-content\/uploads\/2017\/09\/JOAQU\u00cdN-CERVANTES-Apoyo-que-ha-brindado-la-delegaci\u00f3n-BJ-en-las-zonas-de-Zapata-y-Pet\u00e9n-y-en-la-delegazi\u00f3n-zona-de-soluciones-2.jpeg\" alt=\"\" width=\"1280\" height=\"965\" srcset=\"https:\/\/www.reconoce.mx\/wp-content\/uploads\/2017\/09\/JOAQU\u00cdN-CERVANTES-Apoyo-que-ha-brindado-la-delegaci\u00f3n-BJ-en-las-zonas-de-Zapata-y-Pet\u00e9n-y-en-la-delegazi\u00f3n-zona-de-soluciones-2.jpeg 1280w, https:\/\/www.reconoce.mx\/wp-content\/uploads\/2017\/09\/JOAQU\u00cdN-CERVANTES-Apoyo-que-ha-brindado-la-delegaci\u00f3n-BJ-en-las-zonas-de-Zapata-y-Pet\u00e9n-y-en-la-delegazi\u00f3n-zona-de-soluciones-2-300x226.jpeg 300w, https:\/\/www.reconoce.mx\/wp-content\/uploads\/2017\/09\/JOAQU\u00cdN-CERVANTES-Apoyo-que-ha-brindado-la-delegaci\u00f3n-BJ-en-las-zonas-de-Zapata-y-Pet\u00e9n-y-en-la-delegazi\u00f3n-zona-de-soluciones-2-768x579.jpeg 768w, https:\/\/www.reconoce.mx\/wp-content\/uploads\/2017\/09\/JOAQU\u00cdN-CERVANTES-Apoyo-que-ha-brindado-la-delegaci\u00f3n-BJ-en-las-zonas-de-Zapata-y-Pet\u00e9n-y-en-la-delegazi\u00f3n-zona-de-soluciones-2-1024x772.jpeg 1024w, https:\/\/www.reconoce.mx\/wp-content\/uploads\/2017\/09\/JOAQU\u00cdN-CERVANTES-Apoyo-que-ha-brindado-la-delegaci\u00f3n-BJ-en-las-zonas-de-Zapata-y-Pet\u00e9n-y-en-la-delegazi\u00f3n-zona-de-soluciones-2-150x113.jpeg 150w, https:\/\/www.reconoce.mx\/wp-content\/uploads\/2017\/09\/JOAQU\u00cdN-CERVANTES-Apoyo-que-ha-brindado-la-delegaci\u00f3n-BJ-en-las-zonas-de-Zapata-y-Pet\u00e9n-y-en-la-delegazi\u00f3n-zona-de-soluciones-2-700x528.jpeg 700w, https:\/\/www.reconoce.mx\/wp-content\/uploads\/2017\/09\/JOAQU\u00cdN-CERVANTES-Apoyo-que-ha-brindado-la-delegaci\u00f3n-BJ-en-las-zonas-de-Zapata-y-Pet\u00e9n-y-en-la-delegazi\u00f3n-zona-de-soluciones-2-658x496.jpeg 658w\" sizes=\"auto, (max-width: 1280px) 100vw, 1280px\" \/><\/a><\/p>\n<p>Ej\u00e9rcito Mexicano auxiliando en Zapata y Pet\u00e9n, delegaci\u00f3n Benito Ju\u00e1rez. (Foto: <strong>Joaqu\u00edn Cervantes<\/strong>)<\/p>\n<p><a href=\"http:\/\/www.reconoce.mx\/wp-content\/uploads\/2017\/09\/JOAQU\u00cdN-CERVANTES-Apoyo-que-ha-brindado-la-delegaci\u00f3n-BJ-en-las-zonas-de-Zapata-y-Pet\u00e9n-y-en-la-delegazi\u00f3n-zona-de-soluciones-1.jpeg\"><img loading=\"lazy\" decoding=\"async\" class=\"aligncenter size-full wp-image-65914\" src=\"http:\/\/www.reconoce.mx\/wp-content\/uploads\/2017\/09\/JOAQU\u00cdN-CERVANTES-Apoyo-que-ha-brindado-la-delegaci\u00f3n-BJ-en-las-zonas-de-Zapata-y-Pet\u00e9n-y-en-la-delegazi\u00f3n-zona-de-soluciones-1.jpeg\" alt=\"\" width=\"1280\" height=\"1017\" srcset=\"https:\/\/www.reconoce.mx\/wp-content\/uploads\/2017\/09\/JOAQU\u00cdN-CERVANTES-Apoyo-que-ha-brindado-la-delegaci\u00f3n-BJ-en-las-zonas-de-Zapata-y-Pet\u00e9n-y-en-la-delegazi\u00f3n-zona-de-soluciones-1.jpeg 1280w, https:\/\/www.reconoce.mx\/wp-content\/uploads\/2017\/09\/JOAQU\u00cdN-CERVANTES-Apoyo-que-ha-brindado-la-delegaci\u00f3n-BJ-en-las-zonas-de-Zapata-y-Pet\u00e9n-y-en-la-delegazi\u00f3n-zona-de-soluciones-1-300x238.jpeg 300w, https:\/\/www.reconoce.mx\/wp-content\/uploads\/2017\/09\/JOAQU\u00cdN-CERVANTES-Apoyo-que-ha-brindado-la-delegaci\u00f3n-BJ-en-las-zonas-de-Zapata-y-Pet\u00e9n-y-en-la-delegazi\u00f3n-zona-de-soluciones-1-768x610.jpeg 768w, https:\/\/www.reconoce.mx\/wp-content\/uploads\/2017\/09\/JOAQU\u00cdN-CERVANTES-Apoyo-que-ha-brindado-la-delegaci\u00f3n-BJ-en-las-zonas-de-Zapata-y-Pet\u00e9n-y-en-la-delegazi\u00f3n-zona-de-soluciones-1-1024x814.jpeg 1024w, https:\/\/www.reconoce.mx\/wp-content\/uploads\/2017\/09\/JOAQU\u00cdN-CERVANTES-Apoyo-que-ha-brindado-la-delegaci\u00f3n-BJ-en-las-zonas-de-Zapata-y-Pet\u00e9n-y-en-la-delegazi\u00f3n-zona-de-soluciones-1-150x119.jpeg 150w, https:\/\/www.reconoce.mx\/wp-content\/uploads\/2017\/09\/JOAQU\u00cdN-CERVANTES-Apoyo-que-ha-brindado-la-delegaci\u00f3n-BJ-en-las-zonas-de-Zapata-y-Pet\u00e9n-y-en-la-delegazi\u00f3n-zona-de-soluciones-1-700x556.jpeg 700w, https:\/\/www.reconoce.mx\/wp-content\/uploads\/2017\/09\/JOAQU\u00cdN-CERVANTES-Apoyo-que-ha-brindado-la-delegaci\u00f3n-BJ-en-las-zonas-de-Zapata-y-Pet\u00e9n-y-en-la-delegazi\u00f3n-zona-de-soluciones-1-658x523.jpeg 658w\" sizes=\"auto, (max-width: 1280px) 100vw, 1280px\" \/><\/a><\/p>\n<p>Auxilio en Zapata y Pet\u00e9n, delegaci\u00f3n Benito Ju\u00e1rez. (Foto: <strong>Joaqu\u00edn Cervantes<\/strong>)<\/p>\n<p><a href=\"http:\/\/www.reconoce.mx\/wp-content\/uploads\/2017\/09\/JOAQU\u00cdN-CERVANTES-Apoyo-que-ha-brindado-la-delegaci\u00f3n-BJ-en-las-zonas-de-Zapata-y-Pet\u00e9n-y-en-la-delegazi\u00f3n-zona-de-soluciones-3.jpeg\"><img loading=\"lazy\" decoding=\"async\" class=\"aligncenter size-full wp-image-65916\" src=\"http:\/\/www.reconoce.mx\/wp-content\/uploads\/2017\/09\/JOAQU\u00cdN-CERVANTES-Apoyo-que-ha-brindado-la-delegaci\u00f3n-BJ-en-las-zonas-de-Zapata-y-Pet\u00e9n-y-en-la-delegazi\u00f3n-zona-de-soluciones-3.jpeg\" alt=\"\" width=\"1280\" height=\"894\" srcset=\"https:\/\/www.reconoce.mx\/wp-content\/uploads\/2017\/09\/JOAQU\u00cdN-CERVANTES-Apoyo-que-ha-brindado-la-delegaci\u00f3n-BJ-en-las-zonas-de-Zapata-y-Pet\u00e9n-y-en-la-delegazi\u00f3n-zona-de-soluciones-3.jpeg 1280w, https:\/\/www.reconoce.mx\/wp-content\/uploads\/2017\/09\/JOAQU\u00cdN-CERVANTES-Apoyo-que-ha-brindado-la-delegaci\u00f3n-BJ-en-las-zonas-de-Zapata-y-Pet\u00e9n-y-en-la-delegazi\u00f3n-zona-de-soluciones-3-300x210.jpeg 300w, https:\/\/www.reconoce.mx\/wp-content\/uploads\/2017\/09\/JOAQU\u00cdN-CERVANTES-Apoyo-que-ha-brindado-la-delegaci\u00f3n-BJ-en-las-zonas-de-Zapata-y-Pet\u00e9n-y-en-la-delegazi\u00f3n-zona-de-soluciones-3-768x536.jpeg 768w, https:\/\/www.reconoce.mx\/wp-content\/uploads\/2017\/09\/JOAQU\u00cdN-CERVANTES-Apoyo-que-ha-brindado-la-delegaci\u00f3n-BJ-en-las-zonas-de-Zapata-y-Pet\u00e9n-y-en-la-delegazi\u00f3n-zona-de-soluciones-3-1024x715.jpeg 1024w, https:\/\/www.reconoce.mx\/wp-content\/uploads\/2017\/09\/JOAQU\u00cdN-CERVANTES-Apoyo-que-ha-brindado-la-delegaci\u00f3n-BJ-en-las-zonas-de-Zapata-y-Pet\u00e9n-y-en-la-delegazi\u00f3n-zona-de-soluciones-3-150x105.jpeg 150w, https:\/\/www.reconoce.mx\/wp-content\/uploads\/2017\/09\/JOAQU\u00cdN-CERVANTES-Apoyo-que-ha-brindado-la-delegaci\u00f3n-BJ-en-las-zonas-de-Zapata-y-Pet\u00e9n-y-en-la-delegazi\u00f3n-zona-de-soluciones-3-700x489.jpeg 700w, https:\/\/www.reconoce.mx\/wp-content\/uploads\/2017\/09\/JOAQU\u00cdN-CERVANTES-Apoyo-que-ha-brindado-la-delegaci\u00f3n-BJ-en-las-zonas-de-Zapata-y-Pet\u00e9n-y-en-la-delegazi\u00f3n-zona-de-soluciones-3-658x460.jpeg 658w\" sizes=\"auto, (max-width: 1280px) 100vw, 1280px\" \/><\/a><\/p>\n<p>Bandera colgando en edificio en la delegaci\u00f3n Benito Ju\u00e1rez. (Foto: <strong>Joaqu\u00edn Cervantes<\/strong>)<\/p>\n<p><a href=\"http:\/\/www.reconoce.mx\/wp-content\/uploads\/2017\/09\/JOAQU\u00cdN-CERVANTES-Apoyo-que-ha-brindado-la-delegaci\u00f3n-BJ-en-las-zonas-de-Zapata-y-Pet\u00e9n-y-en-la-delegazi\u00f3n-zona-de-soluciones-4.jpeg\"><img loading=\"lazy\" decoding=\"async\" class=\"aligncenter size-full wp-image-65917\" src=\"http:\/\/www.reconoce.mx\/wp-content\/uploads\/2017\/09\/JOAQU\u00cdN-CERVANTES-Apoyo-que-ha-brindado-la-delegaci\u00f3n-BJ-en-las-zonas-de-Zapata-y-Pet\u00e9n-y-en-la-delegazi\u00f3n-zona-de-soluciones-4.jpeg\" alt=\"\" width=\"885\" height=\"1280\" srcset=\"https:\/\/www.reconoce.mx\/wp-content\/uploads\/2017\/09\/JOAQU\u00cdN-CERVANTES-Apoyo-que-ha-brindado-la-delegaci\u00f3n-BJ-en-las-zonas-de-Zapata-y-Pet\u00e9n-y-en-la-delegazi\u00f3n-zona-de-soluciones-4.jpeg 885w, https:\/\/www.reconoce.mx\/wp-content\/uploads\/2017\/09\/JOAQU\u00cdN-CERVANTES-Apoyo-que-ha-brindado-la-delegaci\u00f3n-BJ-en-las-zonas-de-Zapata-y-Pet\u00e9n-y-en-la-delegazi\u00f3n-zona-de-soluciones-4-207x300.jpeg 207w, https:\/\/www.reconoce.mx\/wp-content\/uploads\/2017\/09\/JOAQU\u00cdN-CERVANTES-Apoyo-que-ha-brindado-la-delegaci\u00f3n-BJ-en-las-zonas-de-Zapata-y-Pet\u00e9n-y-en-la-delegazi\u00f3n-zona-de-soluciones-4-768x1111.jpeg 768w, https:\/\/www.reconoce.mx\/wp-content\/uploads\/2017\/09\/JOAQU\u00cdN-CERVANTES-Apoyo-que-ha-brindado-la-delegaci\u00f3n-BJ-en-las-zonas-de-Zapata-y-Pet\u00e9n-y-en-la-delegazi\u00f3n-zona-de-soluciones-4-708x1024.jpeg 708w, https:\/\/www.reconoce.mx\/wp-content\/uploads\/2017\/09\/JOAQU\u00cdN-CERVANTES-Apoyo-que-ha-brindado-la-delegaci\u00f3n-BJ-en-las-zonas-de-Zapata-y-Pet\u00e9n-y-en-la-delegazi\u00f3n-zona-de-soluciones-4-150x217.jpeg 150w, https:\/\/www.reconoce.mx\/wp-content\/uploads\/2017\/09\/JOAQU\u00cdN-CERVANTES-Apoyo-que-ha-brindado-la-delegaci\u00f3n-BJ-en-las-zonas-de-Zapata-y-Pet\u00e9n-y-en-la-delegazi\u00f3n-zona-de-soluciones-4-700x1012.jpeg 700w, https:\/\/www.reconoce.mx\/wp-content\/uploads\/2017\/09\/JOAQU\u00cdN-CERVANTES-Apoyo-que-ha-brindado-la-delegaci\u00f3n-BJ-en-las-zonas-de-Zapata-y-Pet\u00e9n-y-en-la-delegazi\u00f3n-zona-de-soluciones-4-658x952.jpeg 658w, https:\/\/www.reconoce.mx\/wp-content\/uploads\/2017\/09\/JOAQU\u00cdN-CERVANTES-Apoyo-que-ha-brindado-la-delegaci\u00f3n-BJ-en-las-zonas-de-Zapata-y-Pet\u00e9n-y-en-la-delegazi\u00f3n-zona-de-soluciones-4-300x434.jpeg 300w\" sizes=\"auto, (max-width: 885px) 100vw, 885px\" \/><\/a><\/p>\n<p>M\u00e9dicos de la risa regalando abrazos y alegr\u00eda en Centro de Soluciones Ciudadanas en Benito Ju\u00e1rez. (Foto: <strong>Joaqu\u00edn Cervantes<\/strong>)<\/p>\n<p><a href=\"http:\/\/www.reconoce.mx\/wp-content\/uploads\/2017\/09\/JOAQU\u00cdN-CERVANTES-Apoyo-que-ha-brindado-la-delegaci\u00f3n-BJ-en-las-zonas-de-Zapata-y-Pet\u00e9n-y-en-la-delegazi\u00f3n-zona-de-soluciones-5.jpeg\"><img loading=\"lazy\" decoding=\"async\" class=\"aligncenter size-full wp-image-65918\" src=\"http:\/\/www.reconoce.mx\/wp-content\/uploads\/2017\/09\/JOAQU\u00cdN-CERVANTES-Apoyo-que-ha-brindado-la-delegaci\u00f3n-BJ-en-las-zonas-de-Zapata-y-Pet\u00e9n-y-en-la-delegazi\u00f3n-zona-de-soluciones-5.jpeg\" alt=\"\" width=\"1280\" height=\"845\" srcset=\"https:\/\/www.reconoce.mx\/wp-content\/uploads\/2017\/09\/JOAQU\u00cdN-CERVANTES-Apoyo-que-ha-brindado-la-delegaci\u00f3n-BJ-en-las-zonas-de-Zapata-y-Pet\u00e9n-y-en-la-delegazi\u00f3n-zona-de-soluciones-5.jpeg 1280w, https:\/\/www.reconoce.mx\/wp-content\/uploads\/2017\/09\/JOAQU\u00cdN-CERVANTES-Apoyo-que-ha-brindado-la-delegaci\u00f3n-BJ-en-las-zonas-de-Zapata-y-Pet\u00e9n-y-en-la-delegazi\u00f3n-zona-de-soluciones-5-300x198.jpeg 300w, https:\/\/www.reconoce.mx\/wp-content\/uploads\/2017\/09\/JOAQU\u00cdN-CERVANTES-Apoyo-que-ha-brindado-la-delegaci\u00f3n-BJ-en-las-zonas-de-Zapata-y-Pet\u00e9n-y-en-la-delegazi\u00f3n-zona-de-soluciones-5-768x507.jpeg 768w, https:\/\/www.reconoce.mx\/wp-content\/uploads\/2017\/09\/JOAQU\u00cdN-CERVANTES-Apoyo-que-ha-brindado-la-delegaci\u00f3n-BJ-en-las-zonas-de-Zapata-y-Pet\u00e9n-y-en-la-delegazi\u00f3n-zona-de-soluciones-5-1024x676.jpeg 1024w, https:\/\/www.reconoce.mx\/wp-content\/uploads\/2017\/09\/JOAQU\u00cdN-CERVANTES-Apoyo-que-ha-brindado-la-delegaci\u00f3n-BJ-en-las-zonas-de-Zapata-y-Pet\u00e9n-y-en-la-delegazi\u00f3n-zona-de-soluciones-5-150x99.jpeg 150w, https:\/\/www.reconoce.mx\/wp-content\/uploads\/2017\/09\/JOAQU\u00cdN-CERVANTES-Apoyo-que-ha-brindado-la-delegaci\u00f3n-BJ-en-las-zonas-de-Zapata-y-Pet\u00e9n-y-en-la-delegazi\u00f3n-zona-de-soluciones-5-700x462.jpeg 700w, https:\/\/www.reconoce.mx\/wp-content\/uploads\/2017\/09\/JOAQU\u00cdN-CERVANTES-Apoyo-que-ha-brindado-la-delegaci\u00f3n-BJ-en-las-zonas-de-Zapata-y-Pet\u00e9n-y-en-la-delegazi\u00f3n-zona-de-soluciones-5-658x434.jpeg 658w\" sizes=\"auto, (max-width: 1280px) 100vw, 1280px\" \/><\/a><\/p>\n<p>Voluntarios en Centro de Soluciones Ciudadanas en Benito Ju\u00e1rez. (Foto: <strong>Joaqu\u00edn Cervantes<\/strong>)<\/p>\n<p><a href=\"http:\/\/www.reconoce.mx\/wp-content\/uploads\/2017\/09\/JOAQU\u00cdN-CERVANTES-Apoyo-que-ha-brindado-la-delegaci\u00f3n-BJ-en-las-zonas-de-Zapata-y-Pet\u00e9n-y-en-la-delegazi\u00f3n-zona-de-soluciones-65.jpeg\"><img loading=\"lazy\" decoding=\"async\" class=\"aligncenter size-full wp-image-65919\" src=\"http:\/\/www.reconoce.mx\/wp-content\/uploads\/2017\/09\/JOAQU\u00cdN-CERVANTES-Apoyo-que-ha-brindado-la-delegaci\u00f3n-BJ-en-las-zonas-de-Zapata-y-Pet\u00e9n-y-en-la-delegazi\u00f3n-zona-de-soluciones-65.jpeg\" alt=\"\" width=\"1280\" height=\"881\" srcset=\"https:\/\/www.reconoce.mx\/wp-content\/uploads\/2017\/09\/JOAQU\u00cdN-CERVANTES-Apoyo-que-ha-brindado-la-delegaci\u00f3n-BJ-en-las-zonas-de-Zapata-y-Pet\u00e9n-y-en-la-delegazi\u00f3n-zona-de-soluciones-65.jpeg 1280w, https:\/\/www.reconoce.mx\/wp-content\/uploads\/2017\/09\/JOAQU\u00cdN-CERVANTES-Apoyo-que-ha-brindado-la-delegaci\u00f3n-BJ-en-las-zonas-de-Zapata-y-Pet\u00e9n-y-en-la-delegazi\u00f3n-zona-de-soluciones-65-300x206.jpeg 300w, https:\/\/www.reconoce.mx\/wp-content\/uploads\/2017\/09\/JOAQU\u00cdN-CERVANTES-Apoyo-que-ha-brindado-la-delegaci\u00f3n-BJ-en-las-zonas-de-Zapata-y-Pet\u00e9n-y-en-la-delegazi\u00f3n-zona-de-soluciones-65-768x529.jpeg 768w, https:\/\/www.reconoce.mx\/wp-content\/uploads\/2017\/09\/JOAQU\u00cdN-CERVANTES-Apoyo-que-ha-brindado-la-delegaci\u00f3n-BJ-en-las-zonas-de-Zapata-y-Pet\u00e9n-y-en-la-delegazi\u00f3n-zona-de-soluciones-65-1024x705.jpeg 1024w, https:\/\/www.reconoce.mx\/wp-content\/uploads\/2017\/09\/JOAQU\u00cdN-CERVANTES-Apoyo-que-ha-brindado-la-delegaci\u00f3n-BJ-en-las-zonas-de-Zapata-y-Pet\u00e9n-y-en-la-delegazi\u00f3n-zona-de-soluciones-65-150x103.jpeg 150w, https:\/\/www.reconoce.mx\/wp-content\/uploads\/2017\/09\/JOAQU\u00cdN-CERVANTES-Apoyo-que-ha-brindado-la-delegaci\u00f3n-BJ-en-las-zonas-de-Zapata-y-Pet\u00e9n-y-en-la-delegazi\u00f3n-zona-de-soluciones-65-700x482.jpeg 700w, https:\/\/www.reconoce.mx\/wp-content\/uploads\/2017\/09\/JOAQU\u00cdN-CERVANTES-Apoyo-que-ha-brindado-la-delegaci\u00f3n-BJ-en-las-zonas-de-Zapata-y-Pet\u00e9n-y-en-la-delegazi\u00f3n-zona-de-soluciones-65-658x453.jpeg 658w\" sizes=\"auto, (max-width: 1280px) 100vw, 1280px\" \/><\/a><\/p>\n<p>M\u00e9dicos de la risa regalando abrazos y alegr\u00eda en Centro de Soluciones Ciudadanas en Benito Ju\u00e1rez. (Foto: <strong>Joaqu\u00edn Cervantes<\/strong>)<\/p>\n<p><a href=\"http:\/\/www.reconoce.mx\/wp-content\/uploads\/2017\/09\/MONCERRAT-RAM\u00cdREZ-ECATZINGO.jpeg\"><img loading=\"lazy\" decoding=\"async\" class=\"aligncenter size-full wp-image-65906\" src=\"http:\/\/www.reconoce.mx\/wp-content\/uploads\/2017\/09\/MONCERRAT-RAM\u00cdREZ-ECATZINGO.jpeg\" alt=\"\" width=\"1280\" height=\"960\" srcset=\"https:\/\/www.reconoce.mx\/wp-content\/uploads\/2017\/09\/MONCERRAT-RAM\u00cdREZ-ECATZINGO.jpeg 1280w, https:\/\/www.reconoce.mx\/wp-content\/uploads\/2017\/09\/MONCERRAT-RAM\u00cdREZ-ECATZINGO-300x225.jpeg 300w, https:\/\/www.reconoce.mx\/wp-content\/uploads\/2017\/09\/MONCERRAT-RAM\u00cdREZ-ECATZINGO-768x576.jpeg 768w, https:\/\/www.reconoce.mx\/wp-content\/uploads\/2017\/09\/MONCERRAT-RAM\u00cdREZ-ECATZINGO-1024x768.jpeg 1024w, https:\/\/www.reconoce.mx\/wp-content\/uploads\/2017\/09\/MONCERRAT-RAM\u00cdREZ-ECATZINGO-150x113.jpeg 150w, https:\/\/www.reconoce.mx\/wp-content\/uploads\/2017\/09\/MONCERRAT-RAM\u00cdREZ-ECATZINGO-700x525.jpeg 700w, https:\/\/www.reconoce.mx\/wp-content\/uploads\/2017\/09\/MONCERRAT-RAM\u00cdREZ-ECATZINGO-658x494.jpeg 658w\" sizes=\"auto, (max-width: 1280px) 100vw, 1280px\" \/><\/a><\/p>\n<p>Casa derrumbada en Ecatzingo, Estado de M\u00e9xico. (Foto: <strong>Moncerrat Ram\u00edrez<\/strong>)<\/p>\n<p><a href=\"http:\/\/www.reconoce.mx\/wp-content\/uploads\/2017\/09\/ESTEBAN-HERN\u00c1NDEZ-CRIT-TLALNEPANTLA.jpeg\"><img loading=\"lazy\" decoding=\"async\" class=\"aligncenter size-full wp-image-65902\" src=\"http:\/\/www.reconoce.mx\/wp-content\/uploads\/2017\/09\/ESTEBAN-HERN\u00c1NDEZ-CRIT-TLALNEPANTLA.jpeg\" alt=\"\" width=\"1280\" height=\"720\" srcset=\"https:\/\/www.reconoce.mx\/wp-content\/uploads\/2017\/09\/ESTEBAN-HERN\u00c1NDEZ-CRIT-TLALNEPANTLA.jpeg 1280w, https:\/\/www.reconoce.mx\/wp-content\/uploads\/2017\/09\/ESTEBAN-HERN\u00c1NDEZ-CRIT-TLALNEPANTLA-300x169.jpeg 300w, https:\/\/www.reconoce.mx\/wp-content\/uploads\/2017\/09\/ESTEBAN-HERN\u00c1NDEZ-CRIT-TLALNEPANTLA-768x432.jpeg 768w, https:\/\/www.reconoce.mx\/wp-content\/uploads\/2017\/09\/ESTEBAN-HERN\u00c1NDEZ-CRIT-TLALNEPANTLA-1024x576.jpeg 1024w, https:\/\/www.reconoce.mx\/wp-content\/uploads\/2017\/09\/ESTEBAN-HERN\u00c1NDEZ-CRIT-TLALNEPANTLA-150x84.jpeg 150w, https:\/\/www.reconoce.mx\/wp-content\/uploads\/2017\/09\/ESTEBAN-HERN\u00c1NDEZ-CRIT-TLALNEPANTLA-700x394.jpeg 700w, https:\/\/www.reconoce.mx\/wp-content\/uploads\/2017\/09\/ESTEBAN-HERN\u00c1NDEZ-CRIT-TLALNEPANTLA-658x370.jpeg 658w\" sizes=\"auto, (max-width: 1280px) 100vw, 1280px\" \/><\/a><\/p>\n<p>Solicitudes de v\u00edveres en centro de acopio en CRIT Tlalnepantla. (Foto: <strong>Esteban Hern\u00e1ndez<\/strong>)<\/p>\n<p><a href=\"http:\/\/www.reconoce.mx\/wp-content\/uploads\/2017\/09\/IAN-MILLER-ACOPIO-EN-TEC-CSF.jpg\"><img loading=\"lazy\" decoding=\"async\" class=\"aligncenter size-full wp-image-65904\" src=\"http:\/\/www.reconoce.mx\/wp-content\/uploads\/2017\/09\/IAN-MILLER-ACOPIO-EN-TEC-CSF.jpg\" alt=\"\" width=\"1200\" height=\"675\" srcset=\"https:\/\/www.reconoce.mx\/wp-content\/uploads\/2017\/09\/IAN-MILLER-ACOPIO-EN-TEC-CSF.jpg 1200w, https:\/\/www.reconoce.mx\/wp-content\/uploads\/2017\/09\/IAN-MILLER-ACOPIO-EN-TEC-CSF-300x169.jpg 300w, https:\/\/www.reconoce.mx\/wp-content\/uploads\/2017\/09\/IAN-MILLER-ACOPIO-EN-TEC-CSF-768x432.jpg 768w, https:\/\/www.reconoce.mx\/wp-content\/uploads\/2017\/09\/IAN-MILLER-ACOPIO-EN-TEC-CSF-1024x576.jpg 1024w, https:\/\/www.reconoce.mx\/wp-content\/uploads\/2017\/09\/IAN-MILLER-ACOPIO-EN-TEC-CSF-150x84.jpg 150w, https:\/\/www.reconoce.mx\/wp-content\/uploads\/2017\/09\/IAN-MILLER-ACOPIO-EN-TEC-CSF-700x394.jpg 700w, https:\/\/www.reconoce.mx\/wp-content\/uploads\/2017\/09\/IAN-MILLER-ACOPIO-EN-TEC-CSF-658x370.jpg 658w\" sizes=\"auto, (max-width: 1200px) 100vw, 1200px\" \/><\/a><\/p>\n<p>Cadenas humanas para recolecci\u00f3n de v\u00edveres. (Foto: <strong>Ian Miller<\/strong>)<\/p>\n<p><a href=\"http:\/\/www.reconoce.mx\/wp-content\/uploads\/2017\/09\/ALEXANDRA-CAREAGA-EDIFICIO-CON-DA\u00d1OS-EN-SONORA-Y-\u00c1MSTERDAM.jpg\"><img loading=\"lazy\" decoding=\"async\" class=\"aligncenter size-full wp-image-65899\" src=\"http:\/\/www.reconoce.mx\/wp-content\/uploads\/2017\/09\/ALEXANDRA-CAREAGA-EDIFICIO-CON-DA\u00d1OS-EN-SONORA-Y-\u00c1MSTERDAM.jpg\" alt=\"\" width=\"960\" height=\"1280\" srcset=\"https:\/\/www.reconoce.mx\/wp-content\/uploads\/2017\/09\/ALEXANDRA-CAREAGA-EDIFICIO-CON-DA\u00d1OS-EN-SONORA-Y-\u00c1MSTERDAM.jpg 960w, https:\/\/www.reconoce.mx\/wp-content\/uploads\/2017\/09\/ALEXANDRA-CAREAGA-EDIFICIO-CON-DA\u00d1OS-EN-SONORA-Y-\u00c1MSTERDAM-225x300.jpg 225w, https:\/\/www.reconoce.mx\/wp-content\/uploads\/2017\/09\/ALEXANDRA-CAREAGA-EDIFICIO-CON-DA\u00d1OS-EN-SONORA-Y-\u00c1MSTERDAM-768x1024.jpg 768w, https:\/\/www.reconoce.mx\/wp-content\/uploads\/2017\/09\/ALEXANDRA-CAREAGA-EDIFICIO-CON-DA\u00d1OS-EN-SONORA-Y-\u00c1MSTERDAM-150x200.jpg 150w, https:\/\/www.reconoce.mx\/wp-content\/uploads\/2017\/09\/ALEXANDRA-CAREAGA-EDIFICIO-CON-DA\u00d1OS-EN-SONORA-Y-\u00c1MSTERDAM-700x933.jpg 700w, https:\/\/www.reconoce.mx\/wp-content\/uploads\/2017\/09\/ALEXANDRA-CAREAGA-EDIFICIO-CON-DA\u00d1OS-EN-SONORA-Y-\u00c1MSTERDAM-658x877.jpg 658w, https:\/\/www.reconoce.mx\/wp-content\/uploads\/2017\/09\/ALEXANDRA-CAREAGA-EDIFICIO-CON-DA\u00d1OS-EN-SONORA-Y-\u00c1MSTERDAM-300x400.jpg 300w\" sizes=\"auto, (max-width: 960px) 100vw, 960px\" \/><\/a><\/p>\n<p>Edificio en peligro de colapso en Sonora y \u00c1msterdam, colonia Condesa. (Foto: <strong>Alexandra Careaga<\/strong>)<\/p>\n<p><a href=\"http:\/\/www.reconoce.mx\/wp-content\/uploads\/2017\/09\/IAN-MILLER-40-TONELADAS-DE-UNILEVER-AL-TEC.jpg\"><img loading=\"lazy\" decoding=\"async\" class=\"aligncenter size-full wp-image-65903\" src=\"http:\/\/www.reconoce.mx\/wp-content\/uploads\/2017\/09\/IAN-MILLER-40-TONELADAS-DE-UNILEVER-AL-TEC.jpg\" alt=\"\" width=\"1200\" height=\"675\" srcset=\"https:\/\/www.reconoce.mx\/wp-content\/uploads\/2017\/09\/IAN-MILLER-40-TONELADAS-DE-UNILEVER-AL-TEC.jpg 1200w, https:\/\/www.reconoce.mx\/wp-content\/uploads\/2017\/09\/IAN-MILLER-40-TONELADAS-DE-UNILEVER-AL-TEC-300x169.jpg 300w, https:\/\/www.reconoce.mx\/wp-content\/uploads\/2017\/09\/IAN-MILLER-40-TONELADAS-DE-UNILEVER-AL-TEC-768x432.jpg 768w, https:\/\/www.reconoce.mx\/wp-content\/uploads\/2017\/09\/IAN-MILLER-40-TONELADAS-DE-UNILEVER-AL-TEC-1024x576.jpg 1024w, https:\/\/www.reconoce.mx\/wp-content\/uploads\/2017\/09\/IAN-MILLER-40-TONELADAS-DE-UNILEVER-AL-TEC-150x84.jpg 150w, https:\/\/www.reconoce.mx\/wp-content\/uploads\/2017\/09\/IAN-MILLER-40-TONELADAS-DE-UNILEVER-AL-TEC-700x394.jpg 700w, https:\/\/www.reconoce.mx\/wp-content\/uploads\/2017\/09\/IAN-MILLER-40-TONELADAS-DE-UNILEVER-AL-TEC-658x370.jpg 658w\" sizes=\"auto, (max-width: 1200px) 100vw, 1200px\" \/><\/a><\/p>\n<p>40 toneladas de amor que llegaron a centro de acopio en Tec Santa Fe. (Foto: <strong>Ian Miller<\/strong>)<\/p>\n<p>&nbsp;<\/p>\n<p>&nbsp;<\/p>\n","protected":false},"excerpt":{"rendered":"<p>Las siguientes im\u00e1genes fueron captadas minutos despu\u00e9s, y en el transcurso de los d\u00edas 19, 20 y 21 de septiembre de 2017, tras el sismo del martes 19 de septiembre en Ciudad de M\u00e9xico, Tetela del Volc\u00e1n (Morelos), Tlayacapan (Morelos) y Ecatzingo (Estado de M\u00e9xico).<\/p>\n","protected":false},"author":2,"featured_media":65921,"comment_status":"open","ping_status":"open","sticky":false,"template":"","format":"standard","meta":{"footnotes":""},"categories":[3,1115,17,2663],"tags":[563],"class_list":["post-65820","post","type-post","status-publish","format-standard","has-post-thumbnail","hentry","category-ciudad","category-convivencia-ciudadana","category-principal","category-sismo-19-s","tag-sismo"],"yoast_head":"<!-- This site is optimized with the Yoast SEO plugin v24.7 - https:\/\/yoast.com\/wordpress\/plugins\/seo\/ -->\n<title>#FuerzaM\u00e9xico: Im\u00e1genes del sismo del 19 de septiembre de 2017 &#171; Reconoce MX<\/title>\n<meta name=\"robots\" content=\"index, follow, max-snippet:-1, max-image-preview:large, max-video-preview:-1\" \/>\n<link rel=\"canonical\" href=\"https:\/\/www.reconoce.mx\/?p=65820\" \/>\n<meta property=\"og:locale\" content=\"es_ES\" \/>\n<meta property=\"og:type\" content=\"article\" \/>\n<meta property=\"og:title\" content=\"#FuerzaM\u00e9xico: Im\u00e1genes del sismo del 19 de septiembre de 2017 &#171; Reconoce MX\" \/>\n<meta property=\"og:description\" content=\"Las siguientes im\u00e1genes fueron captadas minutos despu\u00e9s, y en el transcurso de los d\u00edas 19, 20 y 21 de septiembre de 2017, tras el sismo del martes 19 de septiembre en Ciudad de M\u00e9xico, Tetela del Volc\u00e1n (Morelos), Tlayacapan (Morelos) y Ecatzingo (Estado de M\u00e9xico).\" \/>\n<meta property=\"og:url\" content=\"https:\/\/www.reconoce.mx\/?p=65820\" \/>\n<meta property=\"og:site_name\" content=\"Reconoce MX\" \/>\n<meta property=\"article:publisher\" content=\"https:\/\/es-la.facebook.com\/ReconoceMX\/\" \/>\n<meta property=\"article:published_time\" content=\"2017-09-22T05:07:30+00:00\" \/>\n<meta property=\"article:modified_time\" content=\"2017-10-12T20:01:46+00:00\" \/>\n<meta property=\"og:image\" content=\"https:\/\/www.reconoce.mx\/wp-content\/uploads\/2017\/09\/ejercito-mexicano-1.png\" \/>\n\t<meta property=\"og:image:width\" content=\"590\" \/>\n\t<meta property=\"og:image:height\" content=\"380\" \/>\n\t<meta property=\"og:image:type\" content=\"image\/png\" \/>\n<meta name=\"author\" content=\"Reconoce MX\" \/>\n<meta name=\"twitter:card\" content=\"summary_large_image\" \/>\n<meta name=\"twitter:creator\" content=\"@reconocemx\" \/>\n<meta name=\"twitter:site\" content=\"@reconocemx\" \/>\n<meta name=\"twitter:label1\" content=\"Escrito por\" \/>\n\t<meta name=\"twitter:data1\" content=\"Reconoce MX\" \/>\n\t<meta name=\"twitter:label2\" content=\"Tiempo de lectura\" \/>\n\t<meta name=\"twitter:data2\" content=\"4 minutos\" \/>\n<script type=\"application\/ld+json\" class=\"yoast-schema-graph\">{\"@context\":\"https:\/\/schema.org\",\"@graph\":[{\"@type\":\"Article\",\"@id\":\"https:\/\/www.reconoce.mx\/?p=65820#article\",\"isPartOf\":{\"@id\":\"https:\/\/www.reconoce.mx\/?p=65820\"},\"author\":{\"name\":\"Reconoce MX\",\"@id\":\"https:\/\/www.reconoce.mx\/#\/schema\/person\/2117e997d7051dc15d6880eaf9bca0b2\"},\"headline\":\"#FuerzaM\u00e9xico: Im\u00e1genes del sismo del 19 de septiembre de 2017\",\"datePublished\":\"2017-09-22T05:07:30+00:00\",\"dateModified\":\"2017-10-12T20:01:46+00:00\",\"mainEntityOfPage\":{\"@id\":\"https:\/\/www.reconoce.mx\/?p=65820\"},\"wordCount\":850,\"commentCount\":0,\"publisher\":{\"@id\":\"https:\/\/www.reconoce.mx\/#organization\"},\"image\":{\"@id\":\"https:\/\/www.reconoce.mx\/?p=65820#primaryimage\"},\"thumbnailUrl\":\"https:\/\/www.reconoce.mx\/wp-content\/uploads\/2017\/09\/ejercito-mexicano-1.png\",\"keywords\":[\"sismo\"],\"articleSection\":[\"Ciudad\",\"Convivencia ciudadana\",\"Principal\",\"Sismo 19-S\"],\"inLanguage\":\"es\",\"potentialAction\":[{\"@type\":\"CommentAction\",\"name\":\"Comment\",\"target\":[\"https:\/\/www.reconoce.mx\/?p=65820#respond\"]}]},{\"@type\":\"WebPage\",\"@id\":\"https:\/\/www.reconoce.mx\/?p=65820\",\"url\":\"https:\/\/www.reconoce.mx\/?p=65820\",\"name\":\"#FuerzaM\u00e9xico: Im\u00e1genes del sismo del 19 de septiembre de 2017 &#171; Reconoce MX\",\"isPartOf\":{\"@id\":\"https:\/\/www.reconoce.mx\/#website\"},\"primaryImageOfPage\":{\"@id\":\"https:\/\/www.reconoce.mx\/?p=65820#primaryimage\"},\"image\":{\"@id\":\"https:\/\/www.reconoce.mx\/?p=65820#primaryimage\"},\"thumbnailUrl\":\"https:\/\/www.reconoce.mx\/wp-content\/uploads\/2017\/09\/ejercito-mexicano-1.png\",\"datePublished\":\"2017-09-22T05:07:30+00:00\",\"dateModified\":\"2017-10-12T20:01:46+00:00\",\"breadcrumb\":{\"@id\":\"https:\/\/www.reconoce.mx\/?p=65820#breadcrumb\"},\"inLanguage\":\"es\",\"potentialAction\":[{\"@type\":\"ReadAction\",\"target\":[\"https:\/\/www.reconoce.mx\/?p=65820\"]}]},{\"@type\":\"ImageObject\",\"inLanguage\":\"es\",\"@id\":\"https:\/\/www.reconoce.mx\/?p=65820#primaryimage\",\"url\":\"https:\/\/www.reconoce.mx\/wp-content\/uploads\/2017\/09\/ejercito-mexicano-1.png\",\"contentUrl\":\"https:\/\/www.reconoce.mx\/wp-content\/uploads\/2017\/09\/ejercito-mexicano-1.png\",\"width\":590,\"height\":380},{\"@type\":\"BreadcrumbList\",\"@id\":\"https:\/\/www.reconoce.mx\/?p=65820#breadcrumb\",\"itemListElement\":[{\"@type\":\"ListItem\",\"position\":1,\"name\":\"Portada\",\"item\":\"https:\/\/www.reconoce.mx\/\"},{\"@type\":\"ListItem\",\"position\":2,\"name\":\"#FuerzaM\u00e9xico: Im\u00e1genes del sismo del 19 de septiembre de 2017\"}]},{\"@type\":\"WebSite\",\"@id\":\"https:\/\/www.reconoce.mx\/#website\",\"url\":\"https:\/\/www.reconoce.mx\/\",\"name\":\"Reconoce MX\",\"description\":\"En Reconoce MX difundimos arte, cultura y conciencia social en M\u00e9xico. Tu ciudad en otra perspectiva.\",\"publisher\":{\"@id\":\"https:\/\/www.reconoce.mx\/#organization\"},\"potentialAction\":[{\"@type\":\"SearchAction\",\"target\":{\"@type\":\"EntryPoint\",\"urlTemplate\":\"https:\/\/www.reconoce.mx\/?s={search_term_string}\"},\"query-input\":{\"@type\":\"PropertyValueSpecification\",\"valueRequired\":true,\"valueName\":\"search_term_string\"}}],\"inLanguage\":\"es\"},{\"@type\":\"Organization\",\"@id\":\"https:\/\/www.reconoce.mx\/#organization\",\"name\":\"Reconoce MX\",\"url\":\"https:\/\/www.reconoce.mx\/\",\"logo\":{\"@type\":\"ImageObject\",\"inLanguage\":\"es\",\"@id\":\"https:\/\/www.reconoce.mx\/#\/schema\/logo\/image\/\",\"url\":\"https:\/\/www.reconoce.mx\/wp-content\/uploads\/2019\/03\/logorcmx-good-1.png\",\"contentUrl\":\"https:\/\/www.reconoce.mx\/wp-content\/uploads\/2019\/03\/logorcmx-good-1.png\",\"width\":280,\"height\":90,\"caption\":\"Reconoce MX\"},\"image\":{\"@id\":\"https:\/\/www.reconoce.mx\/#\/schema\/logo\/image\/\"},\"sameAs\":[\"https:\/\/es-la.facebook.com\/ReconoceMX\/\",\"https:\/\/x.com\/reconocemx\",\"http:\/\/@reconocemx\"]},{\"@type\":\"Person\",\"@id\":\"https:\/\/www.reconoce.mx\/#\/schema\/person\/2117e997d7051dc15d6880eaf9bca0b2\",\"name\":\"Reconoce MX\",\"image\":{\"@type\":\"ImageObject\",\"inLanguage\":\"es\",\"@id\":\"https:\/\/www.reconoce.mx\/#\/schema\/person\/image\/\",\"url\":\"https:\/\/secure.gravatar.com\/avatar\/6c8d4dc7569ca1c90c5fdcc349f839d5ddef6fe1e70b4337ead2ef1a4c43fc3a?s=96&d=identicon&r=g\",\"contentUrl\":\"https:\/\/secure.gravatar.com\/avatar\/6c8d4dc7569ca1c90c5fdcc349f839d5ddef6fe1e70b4337ead2ef1a4c43fc3a?s=96&d=identicon&r=g\",\"caption\":\"Reconoce MX\"},\"description\":\"Reconoce MX es un proyecto de difusi\u00f3n art\u00edstica, cultural y de conciencia social que est\u00e1 enfocado a difundir y fomentar el entretenimiento alternativo de calidad para todo el p\u00fablico que comparta el mismo entusiasmo.\",\"sameAs\":[\"http:\/\/www.reconoce.mx\"],\"url\":\"https:\/\/www.reconoce.mx\/?author=2\"}]}<\/script>\n<!-- \/ Yoast SEO plugin. -->","yoast_head_json":{"title":"#FuerzaM\u00e9xico: Im\u00e1genes del sismo del 19 de septiembre de 2017 &#171; Reconoce MX","robots":{"index":"index","follow":"follow","max-snippet":"max-snippet:-1","max-image-preview":"max-image-preview:large","max-video-preview":"max-video-preview:-1"},"canonical":"https:\/\/www.reconoce.mx\/?p=65820","og_locale":"es_ES","og_type":"article","og_title":"#FuerzaM\u00e9xico: Im\u00e1genes del sismo del 19 de septiembre de 2017 &#171; Reconoce MX","og_description":"Las siguientes im\u00e1genes fueron captadas minutos despu\u00e9s, y en el transcurso de los d\u00edas 19, 20 y 21 de septiembre de 2017, tras el sismo del martes 19 de septiembre en Ciudad de M\u00e9xico, Tetela del Volc\u00e1n (Morelos), Tlayacapan (Morelos) y Ecatzingo (Estado de M\u00e9xico).","og_url":"https:\/\/www.reconoce.mx\/?p=65820","og_site_name":"Reconoce MX","article_publisher":"https:\/\/es-la.facebook.com\/ReconoceMX\/","article_published_time":"2017-09-22T05:07:30+00:00","article_modified_time":"2017-10-12T20:01:46+00:00","og_image":[{"width":590,"height":380,"url":"https:\/\/www.reconoce.mx\/wp-content\/uploads\/2017\/09\/ejercito-mexicano-1.png","type":"image\/png"}],"author":"Reconoce MX","twitter_card":"summary_large_image","twitter_creator":"@reconocemx","twitter_site":"@reconocemx","twitter_misc":{"Escrito por":"Reconoce MX","Tiempo de lectura":"4 minutos"},"schema":{"@context":"https:\/\/schema.org","@graph":[{"@type":"Article","@id":"https:\/\/www.reconoce.mx\/?p=65820#article","isPartOf":{"@id":"https:\/\/www.reconoce.mx\/?p=65820"},"author":{"name":"Reconoce MX","@id":"https:\/\/www.reconoce.mx\/#\/schema\/person\/2117e997d7051dc15d6880eaf9bca0b2"},"headline":"#FuerzaM\u00e9xico: Im\u00e1genes del sismo del 19 de septiembre de 2017","datePublished":"2017-09-22T05:07:30+00:00","dateModified":"2017-10-12T20:01:46+00:00","mainEntityOfPage":{"@id":"https:\/\/www.reconoce.mx\/?p=65820"},"wordCount":850,"commentCount":0,"publisher":{"@id":"https:\/\/www.reconoce.mx\/#organization"},"image":{"@id":"https:\/\/www.reconoce.mx\/?p=65820#primaryimage"},"thumbnailUrl":"https:\/\/www.reconoce.mx\/wp-content\/uploads\/2017\/09\/ejercito-mexicano-1.png","keywords":["sismo"],"articleSection":["Ciudad","Convivencia ciudadana","Principal","Sismo 19-S"],"inLanguage":"es","potentialAction":[{"@type":"CommentAction","name":"Comment","target":["https:\/\/www.reconoce.mx\/?p=65820#respond"]}]},{"@type":"WebPage","@id":"https:\/\/www.reconoce.mx\/?p=65820","url":"https:\/\/www.reconoce.mx\/?p=65820","name":"#FuerzaM\u00e9xico: Im\u00e1genes del sismo del 19 de septiembre de 2017 &#171; Reconoce MX","isPartOf":{"@id":"https:\/\/www.reconoce.mx\/#website"},"primaryImageOfPage":{"@id":"https:\/\/www.reconoce.mx\/?p=65820#primaryimage"},"image":{"@id":"https:\/\/www.reconoce.mx\/?p=65820#primaryimage"},"thumbnailUrl":"https:\/\/www.reconoce.mx\/wp-content\/uploads\/2017\/09\/ejercito-mexicano-1.png","datePublished":"2017-09-22T05:07:30+00:00","dateModified":"2017-10-12T20:01:46+00:00","breadcrumb":{"@id":"https:\/\/www.reconoce.mx\/?p=65820#breadcrumb"},"inLanguage":"es","potentialAction":[{"@type":"ReadAction","target":["https:\/\/www.reconoce.mx\/?p=65820"]}]},{"@type":"ImageObject","inLanguage":"es","@id":"https:\/\/www.reconoce.mx\/?p=65820#primaryimage","url":"https:\/\/www.reconoce.mx\/wp-content\/uploads\/2017\/09\/ejercito-mexicano-1.png","contentUrl":"https:\/\/www.reconoce.mx\/wp-content\/uploads\/2017\/09\/ejercito-mexicano-1.png","width":590,"height":380},{"@type":"BreadcrumbList","@id":"https:\/\/www.reconoce.mx\/?p=65820#breadcrumb","itemListElement":[{"@type":"ListItem","position":1,"name":"Portada","item":"https:\/\/www.reconoce.mx\/"},{"@type":"ListItem","position":2,"name":"#FuerzaM\u00e9xico: Im\u00e1genes del sismo del 19 de septiembre de 2017"}]},{"@type":"WebSite","@id":"https:\/\/www.reconoce.mx\/#website","url":"https:\/\/www.reconoce.mx\/","name":"Reconoce MX","description":"En Reconoce MX difundimos arte, cultura y conciencia social en M\u00e9xico. Tu ciudad en otra perspectiva.","publisher":{"@id":"https:\/\/www.reconoce.mx\/#organization"},"potentialAction":[{"@type":"SearchAction","target":{"@type":"EntryPoint","urlTemplate":"https:\/\/www.reconoce.mx\/?s={search_term_string}"},"query-input":{"@type":"PropertyValueSpecification","valueRequired":true,"valueName":"search_term_string"}}],"inLanguage":"es"},{"@type":"Organization","@id":"https:\/\/www.reconoce.mx\/#organization","name":"Reconoce MX","url":"https:\/\/www.reconoce.mx\/","logo":{"@type":"ImageObject","inLanguage":"es","@id":"https:\/\/www.reconoce.mx\/#\/schema\/logo\/image\/","url":"https:\/\/www.reconoce.mx\/wp-content\/uploads\/2019\/03\/logorcmx-good-1.png","contentUrl":"https:\/\/www.reconoce.mx\/wp-content\/uploads\/2019\/03\/logorcmx-good-1.png","width":280,"height":90,"caption":"Reconoce MX"},"image":{"@id":"https:\/\/www.reconoce.mx\/#\/schema\/logo\/image\/"},"sameAs":["https:\/\/es-la.facebook.com\/ReconoceMX\/","https:\/\/x.com\/reconocemx","http:\/\/@reconocemx"]},{"@type":"Person","@id":"https:\/\/www.reconoce.mx\/#\/schema\/person\/2117e997d7051dc15d6880eaf9bca0b2","name":"Reconoce MX","image":{"@type":"ImageObject","inLanguage":"es","@id":"https:\/\/www.reconoce.mx\/#\/schema\/person\/image\/","url":"https:\/\/secure.gravatar.com\/avatar\/6c8d4dc7569ca1c90c5fdcc349f839d5ddef6fe1e70b4337ead2ef1a4c43fc3a?s=96&d=identicon&r=g","contentUrl":"https:\/\/secure.gravatar.com\/avatar\/6c8d4dc7569ca1c90c5fdcc349f839d5ddef6fe1e70b4337ead2ef1a4c43fc3a?s=96&d=identicon&r=g","caption":"Reconoce MX"},"description":"Reconoce MX es un proyecto de difusi\u00f3n art\u00edstica, cultural y de conciencia social que est\u00e1 enfocado a difundir y fomentar el entretenimiento alternativo de calidad para todo el p\u00fablico que comparta el mismo entusiasmo.","sameAs":["http:\/\/www.reconoce.mx"],"url":"https:\/\/www.reconoce.mx\/?author=2"}]}},"_links":{"self":[{"href":"https:\/\/www.reconoce.mx\/index.php?rest_route=\/wp\/v2\/posts\/65820","targetHints":{"allow":["GET"]}}],"collection":[{"href":"https:\/\/www.reconoce.mx\/index.php?rest_route=\/wp\/v2\/posts"}],"about":[{"href":"https:\/\/www.reconoce.mx\/index.php?rest_route=\/wp\/v2\/types\/post"}],"author":[{"embeddable":true,"href":"https:\/\/www.reconoce.mx\/index.php?rest_route=\/wp\/v2\/users\/2"}],"replies":[{"embeddable":true,"href":"https:\/\/www.reconoce.mx\/index.php?rest_route=%2Fwp%2Fv2%2Fcomments&post=65820"}],"version-history":[{"count":15,"href":"https:\/\/www.reconoce.mx\/index.php?rest_route=\/wp\/v2\/posts\/65820\/revisions"}],"predecessor-version":[{"id":65909,"href":"https:\/\/www.reconoce.mx\/index.php?rest_route=\/wp\/v2\/posts\/65820\/revisions\/65909"}],"wp:featuredmedia":[{"embeddable":true,"href":"https:\/\/www.reconoce.mx\/index.php?rest_route=\/wp\/v2\/media\/65921"}],"wp:attachment":[{"href":"https:\/\/www.reconoce.mx\/index.php?rest_route=%2Fwp%2Fv2%2Fmedia&parent=65820"}],"wp:term":[{"taxonomy":"category","embeddable":true,"href":"https:\/\/www.reconoce.mx\/index.php?rest_route=%2Fwp%2Fv2%2Fcategories&post=65820"},{"taxonomy":"post_tag","embeddable":true,"href":"https:\/\/www.reconoce.mx\/index.php?rest_route=%2Fwp%2Fv2%2Ftags&post=65820"}],"curies":[{"name":"wp","href":"https:\/\/api.w.org\/{rel}","templated":true}]}}