{"id":65878,"date":"2017-09-21T00:07:56","date_gmt":"2017-09-21T05:07:56","guid":{"rendered":"http:\/\/www.reconoce.mx\/?p=65878"},"modified":"2017-10-12T15:01:47","modified_gmt":"2017-10-12T20:01:47","slug":"ayudemos-a-mexico-costarricenses-organizan-concierto","status":"publish","type":"post","link":"https:\/\/www.reconoce.mx\/?p=65878","title":{"rendered":"Ayudemos a M\u00e9xico: costarricenses organizan concierto"},"content":{"rendered":"<p><strong> Por <a title=\"@AsfaltosTweets\" href=\"http:\/\/twitter.com\/AsfaltosTweets\" target=\"_blank\" rel=\"noopener noreferrer\">Asfaltos<\/a><\/strong>.<\/p>\n<p>La ayuda internacional, tras el sismo del pasado 19 de septiembre en M\u00e9xico, no se ha hecho esperar. Muchos son los gestos de la comunidad internacional que se solidariza con M\u00e9xico de la forma que pueden. Ese es el caso de un grupo diverso de productores, bandas y medios de Costa Rica quienes se han unido para ayudar a M\u00e9xico bajo el lema \u00abAyudemos a M\u00e9xico\u00bb.<\/p>\n<p><a href=\"http:\/\/www.reconoce.mx\/wp-content\/uploads\/2017\/09\/Flyer-vertical.png\"><img loading=\"lazy\" decoding=\"async\" class=\"aligncenter size-full wp-image-65879\" src=\"http:\/\/www.reconoce.mx\/wp-content\/uploads\/2017\/09\/Flyer-vertical.png\" alt=\"\" width=\"3300\" height=\"5100\" srcset=\"https:\/\/www.reconoce.mx\/wp-content\/uploads\/2017\/09\/Flyer-vertical.png 3300w, https:\/\/www.reconoce.mx\/wp-content\/uploads\/2017\/09\/Flyer-vertical-194x300.png 194w, https:\/\/www.reconoce.mx\/wp-content\/uploads\/2017\/09\/Flyer-vertical-768x1187.png 768w, https:\/\/www.reconoce.mx\/wp-content\/uploads\/2017\/09\/Flyer-vertical-663x1024.png 663w, https:\/\/www.reconoce.mx\/wp-content\/uploads\/2017\/09\/Flyer-vertical-150x232.png 150w, https:\/\/www.reconoce.mx\/wp-content\/uploads\/2017\/09\/Flyer-vertical-700x1082.png 700w, https:\/\/www.reconoce.mx\/wp-content\/uploads\/2017\/09\/Flyer-vertical-658x1017.png 658w, https:\/\/www.reconoce.mx\/wp-content\/uploads\/2017\/09\/Flyer-vertical-300x464.png 300w\" sizes=\"auto, (max-width: 3300px) 100vw, 3300px\" \/><\/a><\/p>\n<p>Ser\u00e1 con la producci\u00f3n de un concierto que parte de la comunidad musical costarricense se sumar\u00e1 a la ayuda de damnificados y rescatistas del terremoto que lastim\u00f3 a la zona central de M\u00e9xico. La totalidad de la taquilla ser\u00e1 donada a la <strong>Cruz Roja mexicana<\/strong>, por medio de las personas mexicanas involucradas en la producci\u00f3n del evento.<\/p>\n<p>El comunicado oficial del anuncio destaca que todos los integrantes del esfuerzo \u00abconcuerdan en que el mercado, p\u00fablico y promotores mexicanos se caracterizan por recibir con los brazos abiertos a las bandas costarricenses, por lo que este concierto es una peque\u00f1a, pero significante retribuci\u00f3n a ese cari\u00f1o y apoyo recibido por parte de los mexicanos a trav\u00e9s de los a\u00f1os.\u00bb<\/p>\n<p>Los m\u00fasicos participantes son <strong>424<\/strong>, <strong>Alphabetics<\/strong>, <strong>Overseas<\/strong>, <strong>Entre Lobos<\/strong>, <strong>Dylan Thomas<\/strong>, <strong>Go-Go Dancers<\/strong>, <strong>Endemia<\/strong>, <strong>Punk Rock<\/strong>.<\/p>\n<p>El concierto \u00abAyudemos a M\u00e9xico\u00bb se llevar\u00e1 a cabo el domingo 24 de septiembre en <strong>Am\u00f3n Solar<\/strong>, m\u00e1s conocido como \u00abEl S\u00f3tano\u00bb, en el Barrio Am\u00f3n (Calle 3, Avenida 11) de la ciudad de San Jos\u00e9, Costa Rica. El concierto iniciar\u00e1 a las 14:00 horas y se extender\u00e1 hasta a las 19:00 horas (tiempo local).<\/p>\n<p>Desde M\u00e9xico \u00a1todo nuestro cari\u00f1o a nuestros colegas costarricenses! \u00a1Pura vida!<\/p>\n<p>&nbsp;<\/p>\n<p>&nbsp;<\/p>\n","protected":false},"excerpt":{"rendered":"<p>La ayuda internacional, tras el sismo del pasado 19 de septiembre en M\u00e9xico, no se ha hecho esperar. Muchos son los gestos de la comunidad internacional que se solidariza con M\u00e9xico de la forma que pueden. <\/p>\n","protected":false},"author":2,"featured_media":65880,"comment_status":"open","ping_status":"open","sticky":false,"template":"","format":"standard","meta":{"footnotes":""},"categories":[1,18,17,2663],"tags":[563],"class_list":["post-65878","post","type-post","status-publish","format-standard","has-post-thumbnail","hentry","category-cultura","category-musica","category-principal","category-sismo-19-s","tag-sismo"],"yoast_head":"<!-- This site is optimized with the Yoast SEO plugin v24.7 - https:\/\/yoast.com\/wordpress\/plugins\/seo\/ -->\n<title>Ayudemos a M\u00e9xico: costarricenses organizan concierto &#171; Reconoce MX<\/title>\n<meta name=\"robots\" content=\"index, follow, max-snippet:-1, max-image-preview:large, max-video-preview:-1\" \/>\n<link rel=\"canonical\" href=\"http:\/\/www.reconoce.mx\/?p=65878\" \/>\n<meta property=\"og:locale\" content=\"es_ES\" \/>\n<meta property=\"og:type\" content=\"article\" \/>\n<meta property=\"og:title\" content=\"Ayudemos a M\u00e9xico: costarricenses organizan concierto &#171; Reconoce MX\" \/>\n<meta property=\"og:description\" content=\"La ayuda internacional, tras el sismo del pasado 19 de septiembre en M\u00e9xico, no se ha hecho esperar. Muchos son los gestos de la comunidad internacional que se solidariza con M\u00e9xico de la forma que pueden.\" \/>\n<meta property=\"og:url\" content=\"http:\/\/www.reconoce.mx\/?p=65878\" \/>\n<meta property=\"og:site_name\" content=\"Reconoce MX\" \/>\n<meta property=\"article:publisher\" content=\"https:\/\/es-la.facebook.com\/ReconoceMX\/\" \/>\n<meta property=\"article:published_time\" content=\"2017-09-21T05:07:56+00:00\" \/>\n<meta property=\"article:modified_time\" content=\"2017-10-12T20:01:47+00:00\" \/>\n<meta property=\"og:image\" content=\"http:\/\/www.reconoce.mx\/wp-content\/uploads\/2017\/09\/mexicoayudemosa.png\" \/>\n\t<meta property=\"og:image:width\" content=\"590\" \/>\n\t<meta property=\"og:image:height\" content=\"380\" \/>\n\t<meta property=\"og:image:type\" content=\"image\/png\" \/>\n<meta name=\"author\" content=\"Reconoce MX\" \/>\n<meta name=\"twitter:card\" content=\"summary_large_image\" \/>\n<meta name=\"twitter:creator\" content=\"@reconocemx\" \/>\n<meta name=\"twitter:site\" content=\"@reconocemx\" \/>\n<meta name=\"twitter:label1\" content=\"Escrito por\" \/>\n\t<meta name=\"twitter:data1\" content=\"Reconoce MX\" \/>\n\t<meta name=\"twitter:label2\" content=\"Tiempo de lectura\" \/>\n\t<meta name=\"twitter:data2\" content=\"1 minuto\" \/>\n<script type=\"application\/ld+json\" class=\"yoast-schema-graph\">{\"@context\":\"https:\/\/schema.org\",\"@graph\":[{\"@type\":\"Article\",\"@id\":\"http:\/\/www.reconoce.mx\/?p=65878#article\",\"isPartOf\":{\"@id\":\"http:\/\/www.reconoce.mx\/?p=65878\"},\"author\":{\"name\":\"Reconoce MX\",\"@id\":\"http:\/\/www.reconoce.mx\/#\/schema\/person\/2117e997d7051dc15d6880eaf9bca0b2\"},\"headline\":\"Ayudemos a M\u00e9xico: costarricenses organizan concierto\",\"datePublished\":\"2017-09-21T05:07:56+00:00\",\"dateModified\":\"2017-10-12T20:01:47+00:00\",\"mainEntityOfPage\":{\"@id\":\"http:\/\/www.reconoce.mx\/?p=65878\"},\"wordCount\":290,\"commentCount\":0,\"publisher\":{\"@id\":\"http:\/\/www.reconoce.mx\/#organization\"},\"image\":{\"@id\":\"http:\/\/www.reconoce.mx\/?p=65878#primaryimage\"},\"thumbnailUrl\":\"https:\/\/www.reconoce.mx\/wp-content\/uploads\/2017\/09\/mexicoayudemosa.png\",\"keywords\":[\"sismo\"],\"articleSection\":[\"Cultura\",\"M\u00fasica\",\"Principal\",\"Sismo 19-S\"],\"inLanguage\":\"es\",\"potentialAction\":[{\"@type\":\"CommentAction\",\"name\":\"Comment\",\"target\":[\"http:\/\/www.reconoce.mx\/?p=65878#respond\"]}]},{\"@type\":\"WebPage\",\"@id\":\"http:\/\/www.reconoce.mx\/?p=65878\",\"url\":\"http:\/\/www.reconoce.mx\/?p=65878\",\"name\":\"Ayudemos a M\u00e9xico: costarricenses organizan concierto &#171; Reconoce MX\",\"isPartOf\":{\"@id\":\"http:\/\/www.reconoce.mx\/#website\"},\"primaryImageOfPage\":{\"@id\":\"http:\/\/www.reconoce.mx\/?p=65878#primaryimage\"},\"image\":{\"@id\":\"http:\/\/www.reconoce.mx\/?p=65878#primaryimage\"},\"thumbnailUrl\":\"https:\/\/www.reconoce.mx\/wp-content\/uploads\/2017\/09\/mexicoayudemosa.png\",\"datePublished\":\"2017-09-21T05:07:56+00:00\",\"dateModified\":\"2017-10-12T20:01:47+00:00\",\"breadcrumb\":{\"@id\":\"http:\/\/www.reconoce.mx\/?p=65878#breadcrumb\"},\"inLanguage\":\"es\",\"potentialAction\":[{\"@type\":\"ReadAction\",\"target\":[\"http:\/\/www.reconoce.mx\/?p=65878\"]}]},{\"@type\":\"ImageObject\",\"inLanguage\":\"es\",\"@id\":\"http:\/\/www.reconoce.mx\/?p=65878#primaryimage\",\"url\":\"https:\/\/www.reconoce.mx\/wp-content\/uploads\/2017\/09\/mexicoayudemosa.png\",\"contentUrl\":\"https:\/\/www.reconoce.mx\/wp-content\/uploads\/2017\/09\/mexicoayudemosa.png\",\"width\":590,\"height\":380},{\"@type\":\"BreadcrumbList\",\"@id\":\"http:\/\/www.reconoce.mx\/?p=65878#breadcrumb\",\"itemListElement\":[{\"@type\":\"ListItem\",\"position\":1,\"name\":\"Portada\",\"item\":\"http:\/\/www.reconoce.mx\/\"},{\"@type\":\"ListItem\",\"position\":2,\"name\":\"Ayudemos a M\u00e9xico: costarricenses organizan concierto\"}]},{\"@type\":\"WebSite\",\"@id\":\"http:\/\/www.reconoce.mx\/#website\",\"url\":\"http:\/\/www.reconoce.mx\/\",\"name\":\"Reconoce MX\",\"description\":\"En Reconoce MX difundimos arte, cultura y conciencia social en M\u00e9xico. Tu ciudad en otra perspectiva.\",\"publisher\":{\"@id\":\"http:\/\/www.reconoce.mx\/#organization\"},\"potentialAction\":[{\"@type\":\"SearchAction\",\"target\":{\"@type\":\"EntryPoint\",\"urlTemplate\":\"http:\/\/www.reconoce.mx\/?s={search_term_string}\"},\"query-input\":{\"@type\":\"PropertyValueSpecification\",\"valueRequired\":true,\"valueName\":\"search_term_string\"}}],\"inLanguage\":\"es\"},{\"@type\":\"Organization\",\"@id\":\"http:\/\/www.reconoce.mx\/#organization\",\"name\":\"Reconoce MX\",\"url\":\"http:\/\/www.reconoce.mx\/\",\"logo\":{\"@type\":\"ImageObject\",\"inLanguage\":\"es\",\"@id\":\"http:\/\/www.reconoce.mx\/#\/schema\/logo\/image\/\",\"url\":\"https:\/\/www.reconoce.mx\/wp-content\/uploads\/2019\/03\/logorcmx-good-1.png\",\"contentUrl\":\"https:\/\/www.reconoce.mx\/wp-content\/uploads\/2019\/03\/logorcmx-good-1.png\",\"width\":280,\"height\":90,\"caption\":\"Reconoce MX\"},\"image\":{\"@id\":\"http:\/\/www.reconoce.mx\/#\/schema\/logo\/image\/\"},\"sameAs\":[\"https:\/\/es-la.facebook.com\/ReconoceMX\/\",\"https:\/\/x.com\/reconocemx\",\"http:\/\/@reconocemx\"]},{\"@type\":\"Person\",\"@id\":\"http:\/\/www.reconoce.mx\/#\/schema\/person\/2117e997d7051dc15d6880eaf9bca0b2\",\"name\":\"Reconoce MX\",\"image\":{\"@type\":\"ImageObject\",\"inLanguage\":\"es\",\"@id\":\"http:\/\/www.reconoce.mx\/#\/schema\/person\/image\/\",\"url\":\"https:\/\/secure.gravatar.com\/avatar\/6c8d4dc7569ca1c90c5fdcc349f839d5ddef6fe1e70b4337ead2ef1a4c43fc3a?s=96&d=identicon&r=g\",\"contentUrl\":\"https:\/\/secure.gravatar.com\/avatar\/6c8d4dc7569ca1c90c5fdcc349f839d5ddef6fe1e70b4337ead2ef1a4c43fc3a?s=96&d=identicon&r=g\",\"caption\":\"Reconoce MX\"},\"description\":\"Reconoce MX es un proyecto de difusi\u00f3n art\u00edstica, cultural y de conciencia social que est\u00e1 enfocado a difundir y fomentar el entretenimiento alternativo de calidad para todo el p\u00fablico que comparta el mismo entusiasmo.\",\"sameAs\":[\"http:\/\/www.reconoce.mx\"],\"url\":\"https:\/\/www.reconoce.mx\/?author=2\"}]}<\/script>\n<!-- \/ Yoast SEO plugin. -->","yoast_head_json":{"title":"Ayudemos a M\u00e9xico: costarricenses organizan concierto &#171; Reconoce MX","robots":{"index":"index","follow":"follow","max-snippet":"max-snippet:-1","max-image-preview":"max-image-preview:large","max-video-preview":"max-video-preview:-1"},"canonical":"http:\/\/www.reconoce.mx\/?p=65878","og_locale":"es_ES","og_type":"article","og_title":"Ayudemos a M\u00e9xico: costarricenses organizan concierto &#171; Reconoce MX","og_description":"La ayuda internacional, tras el sismo del pasado 19 de septiembre en M\u00e9xico, no se ha hecho esperar. Muchos son los gestos de la comunidad internacional que se solidariza con M\u00e9xico de la forma que pueden.","og_url":"http:\/\/www.reconoce.mx\/?p=65878","og_site_name":"Reconoce MX","article_publisher":"https:\/\/es-la.facebook.com\/ReconoceMX\/","article_published_time":"2017-09-21T05:07:56+00:00","article_modified_time":"2017-10-12T20:01:47+00:00","og_image":[{"width":590,"height":380,"url":"http:\/\/www.reconoce.mx\/wp-content\/uploads\/2017\/09\/mexicoayudemosa.png","type":"image\/png"}],"author":"Reconoce MX","twitter_card":"summary_large_image","twitter_creator":"@reconocemx","twitter_site":"@reconocemx","twitter_misc":{"Escrito por":"Reconoce MX","Tiempo de lectura":"1 minuto"},"schema":{"@context":"https:\/\/schema.org","@graph":[{"@type":"Article","@id":"http:\/\/www.reconoce.mx\/?p=65878#article","isPartOf":{"@id":"http:\/\/www.reconoce.mx\/?p=65878"},"author":{"name":"Reconoce MX","@id":"http:\/\/www.reconoce.mx\/#\/schema\/person\/2117e997d7051dc15d6880eaf9bca0b2"},"headline":"Ayudemos a M\u00e9xico: costarricenses organizan concierto","datePublished":"2017-09-21T05:07:56+00:00","dateModified":"2017-10-12T20:01:47+00:00","mainEntityOfPage":{"@id":"http:\/\/www.reconoce.mx\/?p=65878"},"wordCount":290,"commentCount":0,"publisher":{"@id":"http:\/\/www.reconoce.mx\/#organization"},"image":{"@id":"http:\/\/www.reconoce.mx\/?p=65878#primaryimage"},"thumbnailUrl":"https:\/\/www.reconoce.mx\/wp-content\/uploads\/2017\/09\/mexicoayudemosa.png","keywords":["sismo"],"articleSection":["Cultura","M\u00fasica","Principal","Sismo 19-S"],"inLanguage":"es","potentialAction":[{"@type":"CommentAction","name":"Comment","target":["http:\/\/www.reconoce.mx\/?p=65878#respond"]}]},{"@type":"WebPage","@id":"http:\/\/www.reconoce.mx\/?p=65878","url":"http:\/\/www.reconoce.mx\/?p=65878","name":"Ayudemos a M\u00e9xico: costarricenses organizan concierto &#171; Reconoce MX","isPartOf":{"@id":"http:\/\/www.reconoce.mx\/#website"},"primaryImageOfPage":{"@id":"http:\/\/www.reconoce.mx\/?p=65878#primaryimage"},"image":{"@id":"http:\/\/www.reconoce.mx\/?p=65878#primaryimage"},"thumbnailUrl":"https:\/\/www.reconoce.mx\/wp-content\/uploads\/2017\/09\/mexicoayudemosa.png","datePublished":"2017-09-21T05:07:56+00:00","dateModified":"2017-10-12T20:01:47+00:00","breadcrumb":{"@id":"http:\/\/www.reconoce.mx\/?p=65878#breadcrumb"},"inLanguage":"es","potentialAction":[{"@type":"ReadAction","target":["http:\/\/www.reconoce.mx\/?p=65878"]}]},{"@type":"ImageObject","inLanguage":"es","@id":"http:\/\/www.reconoce.mx\/?p=65878#primaryimage","url":"https:\/\/www.reconoce.mx\/wp-content\/uploads\/2017\/09\/mexicoayudemosa.png","contentUrl":"https:\/\/www.reconoce.mx\/wp-content\/uploads\/2017\/09\/mexicoayudemosa.png","width":590,"height":380},{"@type":"BreadcrumbList","@id":"http:\/\/www.reconoce.mx\/?p=65878#breadcrumb","itemListElement":[{"@type":"ListItem","position":1,"name":"Portada","item":"http:\/\/www.reconoce.mx\/"},{"@type":"ListItem","position":2,"name":"Ayudemos a M\u00e9xico: costarricenses organizan concierto"}]},{"@type":"WebSite","@id":"http:\/\/www.reconoce.mx\/#website","url":"http:\/\/www.reconoce.mx\/","name":"Reconoce MX","description":"En Reconoce MX difundimos arte, cultura y conciencia social en M\u00e9xico. Tu ciudad en otra perspectiva.","publisher":{"@id":"http:\/\/www.reconoce.mx\/#organization"},"potentialAction":[{"@type":"SearchAction","target":{"@type":"EntryPoint","urlTemplate":"http:\/\/www.reconoce.mx\/?s={search_term_string}"},"query-input":{"@type":"PropertyValueSpecification","valueRequired":true,"valueName":"search_term_string"}}],"inLanguage":"es"},{"@type":"Organization","@id":"http:\/\/www.reconoce.mx\/#organization","name":"Reconoce MX","url":"http:\/\/www.reconoce.mx\/","logo":{"@type":"ImageObject","inLanguage":"es","@id":"http:\/\/www.reconoce.mx\/#\/schema\/logo\/image\/","url":"https:\/\/www.reconoce.mx\/wp-content\/uploads\/2019\/03\/logorcmx-good-1.png","contentUrl":"https:\/\/www.reconoce.mx\/wp-content\/uploads\/2019\/03\/logorcmx-good-1.png","width":280,"height":90,"caption":"Reconoce MX"},"image":{"@id":"http:\/\/www.reconoce.mx\/#\/schema\/logo\/image\/"},"sameAs":["https:\/\/es-la.facebook.com\/ReconoceMX\/","https:\/\/x.com\/reconocemx","http:\/\/@reconocemx"]},{"@type":"Person","@id":"http:\/\/www.reconoce.mx\/#\/schema\/person\/2117e997d7051dc15d6880eaf9bca0b2","name":"Reconoce MX","image":{"@type":"ImageObject","inLanguage":"es","@id":"http:\/\/www.reconoce.mx\/#\/schema\/person\/image\/","url":"https:\/\/secure.gravatar.com\/avatar\/6c8d4dc7569ca1c90c5fdcc349f839d5ddef6fe1e70b4337ead2ef1a4c43fc3a?s=96&d=identicon&r=g","contentUrl":"https:\/\/secure.gravatar.com\/avatar\/6c8d4dc7569ca1c90c5fdcc349f839d5ddef6fe1e70b4337ead2ef1a4c43fc3a?s=96&d=identicon&r=g","caption":"Reconoce MX"},"description":"Reconoce MX es un proyecto de difusi\u00f3n art\u00edstica, cultural y de conciencia social que est\u00e1 enfocado a difundir y fomentar el entretenimiento alternativo de calidad para todo el p\u00fablico que comparta el mismo entusiasmo.","sameAs":["http:\/\/www.reconoce.mx"],"url":"https:\/\/www.reconoce.mx\/?author=2"}]}},"_links":{"self":[{"href":"https:\/\/www.reconoce.mx\/index.php?rest_route=\/wp\/v2\/posts\/65878","targetHints":{"allow":["GET"]}}],"collection":[{"href":"https:\/\/www.reconoce.mx\/index.php?rest_route=\/wp\/v2\/posts"}],"about":[{"href":"https:\/\/www.reconoce.mx\/index.php?rest_route=\/wp\/v2\/types\/post"}],"author":[{"embeddable":true,"href":"https:\/\/www.reconoce.mx\/index.php?rest_route=\/wp\/v2\/users\/2"}],"replies":[{"embeddable":true,"href":"https:\/\/www.reconoce.mx\/index.php?rest_route=%2Fwp%2Fv2%2Fcomments&post=65878"}],"version-history":[{"count":3,"href":"https:\/\/www.reconoce.mx\/index.php?rest_route=\/wp\/v2\/posts\/65878\/revisions"}],"predecessor-version":[{"id":65883,"href":"https:\/\/www.reconoce.mx\/index.php?rest_route=\/wp\/v2\/posts\/65878\/revisions\/65883"}],"wp:featuredmedia":[{"embeddable":true,"href":"https:\/\/www.reconoce.mx\/index.php?rest_route=\/wp\/v2\/media\/65880"}],"wp:attachment":[{"href":"https:\/\/www.reconoce.mx\/index.php?rest_route=%2Fwp%2Fv2%2Fmedia&parent=65878"}],"wp:term":[{"taxonomy":"category","embeddable":true,"href":"https:\/\/www.reconoce.mx\/index.php?rest_route=%2Fwp%2Fv2%2Fcategories&post=65878"},{"taxonomy":"post_tag","embeddable":true,"href":"https:\/\/www.reconoce.mx\/index.php?rest_route=%2Fwp%2Fv2%2Ftags&post=65878"}],"curies":[{"name":"wp","href":"https:\/\/api.w.org\/{rel}","templated":true}]}}