{"id":65884,"date":"2017-09-21T00:03:33","date_gmt":"2017-09-21T05:03:33","guid":{"rendered":"http:\/\/www.reconoce.mx\/?p=65884"},"modified":"2017-10-12T15:01:47","modified_gmt":"2017-10-12T20:01:47","slug":"rockfestmx-2017-se-une-ahora-por-damnificados-tras-sismo","status":"publish","type":"post","link":"https:\/\/www.reconoce.mx\/?p=65884","title":{"rendered":"ROCKFESTMX 2017 se une ahora por damnificados tras sismo"},"content":{"rendered":"<p><strong> Por <a title=\"@AsfaltosTweets\" href=\"http:\/\/twitter.com\/AsfaltosTweets\" target=\"_blank\" rel=\"noopener noreferrer\">Asfaltos<\/a><\/strong>.<\/p>\n<p>Proyectado a realizarse el pr\u00f3ximo 30 de septiembre, en un inicio pensado con la idea de realizar un voto colectivo por la paz, <strong>ROCKFESTMX 2017<\/strong> ha anunciado que tras el sismo del pasado 19 de septiembre se convertir\u00e1 en un enlace de uni\u00f3n entre los mexicanos. El voto colectivo por la paz se convertir\u00e1 en solidaridad, compromiso y uni\u00f3n entre los mexicanos.<\/p>\n<p><a href=\"http:\/\/www.reconoce.mx\/wp-content\/uploads\/2017\/08\/rockfest.jpg\"><img loading=\"lazy\" decoding=\"async\" class=\"aligncenter size-full wp-image-64576\" src=\"http:\/\/www.reconoce.mx\/wp-content\/uploads\/2017\/08\/rockfest.jpg\" alt=\"\" width=\"1430\" height=\"960\" srcset=\"https:\/\/www.reconoce.mx\/wp-content\/uploads\/2017\/08\/rockfest.jpg 1430w, https:\/\/www.reconoce.mx\/wp-content\/uploads\/2017\/08\/rockfest-300x201.jpg 300w, https:\/\/www.reconoce.mx\/wp-content\/uploads\/2017\/08\/rockfest-768x516.jpg 768w, https:\/\/www.reconoce.mx\/wp-content\/uploads\/2017\/08\/rockfest-1024x687.jpg 1024w, https:\/\/www.reconoce.mx\/wp-content\/uploads\/2017\/08\/rockfest-150x101.jpg 150w, https:\/\/www.reconoce.mx\/wp-content\/uploads\/2017\/08\/rockfest-700x470.jpg 700w, https:\/\/www.reconoce.mx\/wp-content\/uploads\/2017\/08\/rockfest-658x442.jpg 658w\" sizes=\"auto, (max-width: 1430px) 100vw, 1430px\" \/><\/a><\/p>\n<p>El 15% de lo recaudadi en taquillas del <strong>ROCKFESTMX 2017<\/strong>, ser\u00e1 recaudado como donativo a los damnificados por los recientes sismos en Ciudad de M\u00e9xico, Estado de M\u00e9xico, Guerrero, Puebla, Morelos, Oaxaca y Chiapas; as\u00ed mismo el d\u00eda del festival se colocar\u00e1 un centro de acopio dentro del foro con una lista que ser\u00e1 publicada en sus redes sociales con anticipaci\u00f3n.<\/p>\n<p>\u00bfCu\u00e1ndo, d\u00f3nde y de a c\u00f3mo? El 30 de septiembre de 2017 en el Foro Pegaso (Km 52.5, Carretera Toluca-Naucalpan, San Mateo Otzacatipan). Los boletos, ya a la venta a trav\u00e9s del <a href=\"http:\/\/web.superboletos.com:8001\/SuperBoletos\/CDMXYEDOMEX\/CONCIERTO\/ROCKFESTMX\/NAxzxBVyLqe43SSmzC98fA\" target=\"_blank\" rel=\"noopener\">Sistema Superboletos<\/a>, est\u00e1n a un costo general de $800.00 y vip de $1,150.00. Para m\u00e1s informaci\u00f3n consulta el <a href=\"http:\/\/www.rockfestmx.com\/music\/\" target=\"_blank\" rel=\"noopener\">sitio oficial<\/a>.<\/p>\n<p>&nbsp;<\/p>\n<p>&nbsp;<\/p>\n","protected":false},"excerpt":{"rendered":"<p>Proyectado a realizarse el pr\u00f3ximo 30 de septiembre, en un inicio pensado con la idea de realizar un voto colectivo por la paz, ROCKFESTMX 2017 ha anunciado que tras el sismo del pasado 19 de septiembre se convertir\u00e1 en un enlace de uni\u00f3n entre los mexicanos. <\/p>\n","protected":false},"author":2,"featured_media":64577,"comment_status":"open","ping_status":"open","sticky":false,"template":"","format":"standard","meta":{"footnotes":""},"categories":[1,18,17,2663],"tags":[563],"class_list":["post-65884","post","type-post","status-publish","format-standard","has-post-thumbnail","hentry","category-cultura","category-musica","category-principal","category-sismo-19-s","tag-sismo"],"yoast_head":"<!-- This site is optimized with the Yoast SEO plugin v24.7 - https:\/\/yoast.com\/wordpress\/plugins\/seo\/ -->\n<title>ROCKFESTMX 2017 se une ahora por damnificados tras sismo &#171; Reconoce MX<\/title>\n<meta name=\"robots\" content=\"index, follow, max-snippet:-1, max-image-preview:large, max-video-preview:-1\" \/>\n<link rel=\"canonical\" href=\"http:\/\/www.reconoce.mx\/?p=65884\" \/>\n<meta property=\"og:locale\" content=\"es_ES\" \/>\n<meta property=\"og:type\" content=\"article\" \/>\n<meta property=\"og:title\" content=\"ROCKFESTMX 2017 se une ahora por damnificados tras sismo &#171; Reconoce MX\" \/>\n<meta property=\"og:description\" content=\"Proyectado a realizarse el pr\u00f3ximo 30 de septiembre, en un inicio pensado con la idea de realizar un voto colectivo por la paz, ROCKFESTMX 2017 ha anunciado que tras el sismo del pasado 19 de septiembre se convertir\u00e1 en un enlace de uni\u00f3n entre los mexicanos.\" \/>\n<meta property=\"og:url\" content=\"http:\/\/www.reconoce.mx\/?p=65884\" \/>\n<meta property=\"og:site_name\" content=\"Reconoce MX\" \/>\n<meta property=\"article:publisher\" content=\"https:\/\/es-la.facebook.com\/ReconoceMX\/\" \/>\n<meta property=\"article:published_time\" content=\"2017-09-21T05:03:33+00:00\" \/>\n<meta property=\"article:modified_time\" content=\"2017-10-12T20:01:47+00:00\" \/>\n<meta property=\"og:image\" content=\"http:\/\/www.reconoce.mx\/wp-content\/uploads\/2017\/08\/rockfestmx.png\" \/>\n\t<meta property=\"og:image:width\" content=\"590\" \/>\n\t<meta property=\"og:image:height\" content=\"380\" \/>\n\t<meta property=\"og:image:type\" content=\"image\/png\" \/>\n<meta name=\"author\" content=\"Reconoce MX\" \/>\n<meta name=\"twitter:card\" content=\"summary_large_image\" \/>\n<meta name=\"twitter:creator\" content=\"@reconocemx\" \/>\n<meta name=\"twitter:site\" content=\"@reconocemx\" \/>\n<meta name=\"twitter:label1\" content=\"Escrito por\" \/>\n\t<meta name=\"twitter:data1\" content=\"Reconoce MX\" \/>\n\t<meta name=\"twitter:label2\" content=\"Tiempo de lectura\" \/>\n\t<meta name=\"twitter:data2\" content=\"1 minuto\" \/>\n<script type=\"application\/ld+json\" class=\"yoast-schema-graph\">{\"@context\":\"https:\/\/schema.org\",\"@graph\":[{\"@type\":\"Article\",\"@id\":\"http:\/\/www.reconoce.mx\/?p=65884#article\",\"isPartOf\":{\"@id\":\"http:\/\/www.reconoce.mx\/?p=65884\"},\"author\":{\"name\":\"Reconoce MX\",\"@id\":\"http:\/\/www.reconoce.mx\/#\/schema\/person\/2117e997d7051dc15d6880eaf9bca0b2\"},\"headline\":\"ROCKFESTMX 2017 se une ahora por damnificados tras sismo\",\"datePublished\":\"2017-09-21T05:03:33+00:00\",\"dateModified\":\"2017-10-12T20:01:47+00:00\",\"mainEntityOfPage\":{\"@id\":\"http:\/\/www.reconoce.mx\/?p=65884\"},\"wordCount\":191,\"commentCount\":0,\"publisher\":{\"@id\":\"http:\/\/www.reconoce.mx\/#organization\"},\"image\":{\"@id\":\"http:\/\/www.reconoce.mx\/?p=65884#primaryimage\"},\"thumbnailUrl\":\"https:\/\/www.reconoce.mx\/wp-content\/uploads\/2017\/08\/rockfestmx.png\",\"keywords\":[\"sismo\"],\"articleSection\":[\"Cultura\",\"M\u00fasica\",\"Principal\",\"Sismo 19-S\"],\"inLanguage\":\"es\",\"potentialAction\":[{\"@type\":\"CommentAction\",\"name\":\"Comment\",\"target\":[\"http:\/\/www.reconoce.mx\/?p=65884#respond\"]}]},{\"@type\":\"WebPage\",\"@id\":\"http:\/\/www.reconoce.mx\/?p=65884\",\"url\":\"http:\/\/www.reconoce.mx\/?p=65884\",\"name\":\"ROCKFESTMX 2017 se une ahora por damnificados tras sismo &#171; Reconoce MX\",\"isPartOf\":{\"@id\":\"http:\/\/www.reconoce.mx\/#website\"},\"primaryImageOfPage\":{\"@id\":\"http:\/\/www.reconoce.mx\/?p=65884#primaryimage\"},\"image\":{\"@id\":\"http:\/\/www.reconoce.mx\/?p=65884#primaryimage\"},\"thumbnailUrl\":\"https:\/\/www.reconoce.mx\/wp-content\/uploads\/2017\/08\/rockfestmx.png\",\"datePublished\":\"2017-09-21T05:03:33+00:00\",\"dateModified\":\"2017-10-12T20:01:47+00:00\",\"breadcrumb\":{\"@id\":\"http:\/\/www.reconoce.mx\/?p=65884#breadcrumb\"},\"inLanguage\":\"es\",\"potentialAction\":[{\"@type\":\"ReadAction\",\"target\":[\"http:\/\/www.reconoce.mx\/?p=65884\"]}]},{\"@type\":\"ImageObject\",\"inLanguage\":\"es\",\"@id\":\"http:\/\/www.reconoce.mx\/?p=65884#primaryimage\",\"url\":\"https:\/\/www.reconoce.mx\/wp-content\/uploads\/2017\/08\/rockfestmx.png\",\"contentUrl\":\"https:\/\/www.reconoce.mx\/wp-content\/uploads\/2017\/08\/rockfestmx.png\",\"width\":590,\"height\":380},{\"@type\":\"BreadcrumbList\",\"@id\":\"http:\/\/www.reconoce.mx\/?p=65884#breadcrumb\",\"itemListElement\":[{\"@type\":\"ListItem\",\"position\":1,\"name\":\"Portada\",\"item\":\"http:\/\/www.reconoce.mx\/\"},{\"@type\":\"ListItem\",\"position\":2,\"name\":\"ROCKFESTMX 2017 se une ahora por damnificados tras sismo\"}]},{\"@type\":\"WebSite\",\"@id\":\"http:\/\/www.reconoce.mx\/#website\",\"url\":\"http:\/\/www.reconoce.mx\/\",\"name\":\"Reconoce MX\",\"description\":\"En Reconoce MX difundimos arte, cultura y conciencia social en M\u00e9xico. Tu ciudad en otra perspectiva.\",\"publisher\":{\"@id\":\"http:\/\/www.reconoce.mx\/#organization\"},\"potentialAction\":[{\"@type\":\"SearchAction\",\"target\":{\"@type\":\"EntryPoint\",\"urlTemplate\":\"http:\/\/www.reconoce.mx\/?s={search_term_string}\"},\"query-input\":{\"@type\":\"PropertyValueSpecification\",\"valueRequired\":true,\"valueName\":\"search_term_string\"}}],\"inLanguage\":\"es\"},{\"@type\":\"Organization\",\"@id\":\"http:\/\/www.reconoce.mx\/#organization\",\"name\":\"Reconoce MX\",\"url\":\"http:\/\/www.reconoce.mx\/\",\"logo\":{\"@type\":\"ImageObject\",\"inLanguage\":\"es\",\"@id\":\"http:\/\/www.reconoce.mx\/#\/schema\/logo\/image\/\",\"url\":\"https:\/\/www.reconoce.mx\/wp-content\/uploads\/2019\/03\/logorcmx-good-1.png\",\"contentUrl\":\"https:\/\/www.reconoce.mx\/wp-content\/uploads\/2019\/03\/logorcmx-good-1.png\",\"width\":280,\"height\":90,\"caption\":\"Reconoce MX\"},\"image\":{\"@id\":\"http:\/\/www.reconoce.mx\/#\/schema\/logo\/image\/\"},\"sameAs\":[\"https:\/\/es-la.facebook.com\/ReconoceMX\/\",\"https:\/\/x.com\/reconocemx\",\"http:\/\/@reconocemx\"]},{\"@type\":\"Person\",\"@id\":\"http:\/\/www.reconoce.mx\/#\/schema\/person\/2117e997d7051dc15d6880eaf9bca0b2\",\"name\":\"Reconoce MX\",\"image\":{\"@type\":\"ImageObject\",\"inLanguage\":\"es\",\"@id\":\"http:\/\/www.reconoce.mx\/#\/schema\/person\/image\/\",\"url\":\"https:\/\/secure.gravatar.com\/avatar\/6c8d4dc7569ca1c90c5fdcc349f839d5ddef6fe1e70b4337ead2ef1a4c43fc3a?s=96&d=identicon&r=g\",\"contentUrl\":\"https:\/\/secure.gravatar.com\/avatar\/6c8d4dc7569ca1c90c5fdcc349f839d5ddef6fe1e70b4337ead2ef1a4c43fc3a?s=96&d=identicon&r=g\",\"caption\":\"Reconoce MX\"},\"description\":\"Reconoce MX es un proyecto de difusi\u00f3n art\u00edstica, cultural y de conciencia social que est\u00e1 enfocado a difundir y fomentar el entretenimiento alternativo de calidad para todo el p\u00fablico que comparta el mismo entusiasmo.\",\"sameAs\":[\"http:\/\/www.reconoce.mx\"],\"url\":\"https:\/\/www.reconoce.mx\/?author=2\"}]}<\/script>\n<!-- \/ Yoast SEO plugin. -->","yoast_head_json":{"title":"ROCKFESTMX 2017 se une ahora por damnificados tras sismo &#171; Reconoce MX","robots":{"index":"index","follow":"follow","max-snippet":"max-snippet:-1","max-image-preview":"max-image-preview:large","max-video-preview":"max-video-preview:-1"},"canonical":"http:\/\/www.reconoce.mx\/?p=65884","og_locale":"es_ES","og_type":"article","og_title":"ROCKFESTMX 2017 se une ahora por damnificados tras sismo &#171; Reconoce MX","og_description":"Proyectado a realizarse el pr\u00f3ximo 30 de septiembre, en un inicio pensado con la idea de realizar un voto colectivo por la paz, ROCKFESTMX 2017 ha anunciado que tras el sismo del pasado 19 de septiembre se convertir\u00e1 en un enlace de uni\u00f3n entre los mexicanos.","og_url":"http:\/\/www.reconoce.mx\/?p=65884","og_site_name":"Reconoce MX","article_publisher":"https:\/\/es-la.facebook.com\/ReconoceMX\/","article_published_time":"2017-09-21T05:03:33+00:00","article_modified_time":"2017-10-12T20:01:47+00:00","og_image":[{"width":590,"height":380,"url":"http:\/\/www.reconoce.mx\/wp-content\/uploads\/2017\/08\/rockfestmx.png","type":"image\/png"}],"author":"Reconoce MX","twitter_card":"summary_large_image","twitter_creator":"@reconocemx","twitter_site":"@reconocemx","twitter_misc":{"Escrito por":"Reconoce MX","Tiempo de lectura":"1 minuto"},"schema":{"@context":"https:\/\/schema.org","@graph":[{"@type":"Article","@id":"http:\/\/www.reconoce.mx\/?p=65884#article","isPartOf":{"@id":"http:\/\/www.reconoce.mx\/?p=65884"},"author":{"name":"Reconoce MX","@id":"http:\/\/www.reconoce.mx\/#\/schema\/person\/2117e997d7051dc15d6880eaf9bca0b2"},"headline":"ROCKFESTMX 2017 se une ahora por damnificados tras sismo","datePublished":"2017-09-21T05:03:33+00:00","dateModified":"2017-10-12T20:01:47+00:00","mainEntityOfPage":{"@id":"http:\/\/www.reconoce.mx\/?p=65884"},"wordCount":191,"commentCount":0,"publisher":{"@id":"http:\/\/www.reconoce.mx\/#organization"},"image":{"@id":"http:\/\/www.reconoce.mx\/?p=65884#primaryimage"},"thumbnailUrl":"https:\/\/www.reconoce.mx\/wp-content\/uploads\/2017\/08\/rockfestmx.png","keywords":["sismo"],"articleSection":["Cultura","M\u00fasica","Principal","Sismo 19-S"],"inLanguage":"es","potentialAction":[{"@type":"CommentAction","name":"Comment","target":["http:\/\/www.reconoce.mx\/?p=65884#respond"]}]},{"@type":"WebPage","@id":"http:\/\/www.reconoce.mx\/?p=65884","url":"http:\/\/www.reconoce.mx\/?p=65884","name":"ROCKFESTMX 2017 se une ahora por damnificados tras sismo &#171; Reconoce MX","isPartOf":{"@id":"http:\/\/www.reconoce.mx\/#website"},"primaryImageOfPage":{"@id":"http:\/\/www.reconoce.mx\/?p=65884#primaryimage"},"image":{"@id":"http:\/\/www.reconoce.mx\/?p=65884#primaryimage"},"thumbnailUrl":"https:\/\/www.reconoce.mx\/wp-content\/uploads\/2017\/08\/rockfestmx.png","datePublished":"2017-09-21T05:03:33+00:00","dateModified":"2017-10-12T20:01:47+00:00","breadcrumb":{"@id":"http:\/\/www.reconoce.mx\/?p=65884#breadcrumb"},"inLanguage":"es","potentialAction":[{"@type":"ReadAction","target":["http:\/\/www.reconoce.mx\/?p=65884"]}]},{"@type":"ImageObject","inLanguage":"es","@id":"http:\/\/www.reconoce.mx\/?p=65884#primaryimage","url":"https:\/\/www.reconoce.mx\/wp-content\/uploads\/2017\/08\/rockfestmx.png","contentUrl":"https:\/\/www.reconoce.mx\/wp-content\/uploads\/2017\/08\/rockfestmx.png","width":590,"height":380},{"@type":"BreadcrumbList","@id":"http:\/\/www.reconoce.mx\/?p=65884#breadcrumb","itemListElement":[{"@type":"ListItem","position":1,"name":"Portada","item":"http:\/\/www.reconoce.mx\/"},{"@type":"ListItem","position":2,"name":"ROCKFESTMX 2017 se une ahora por damnificados tras sismo"}]},{"@type":"WebSite","@id":"http:\/\/www.reconoce.mx\/#website","url":"http:\/\/www.reconoce.mx\/","name":"Reconoce MX","description":"En Reconoce MX difundimos arte, cultura y conciencia social en M\u00e9xico. Tu ciudad en otra perspectiva.","publisher":{"@id":"http:\/\/www.reconoce.mx\/#organization"},"potentialAction":[{"@type":"SearchAction","target":{"@type":"EntryPoint","urlTemplate":"http:\/\/www.reconoce.mx\/?s={search_term_string}"},"query-input":{"@type":"PropertyValueSpecification","valueRequired":true,"valueName":"search_term_string"}}],"inLanguage":"es"},{"@type":"Organization","@id":"http:\/\/www.reconoce.mx\/#organization","name":"Reconoce MX","url":"http:\/\/www.reconoce.mx\/","logo":{"@type":"ImageObject","inLanguage":"es","@id":"http:\/\/www.reconoce.mx\/#\/schema\/logo\/image\/","url":"https:\/\/www.reconoce.mx\/wp-content\/uploads\/2019\/03\/logorcmx-good-1.png","contentUrl":"https:\/\/www.reconoce.mx\/wp-content\/uploads\/2019\/03\/logorcmx-good-1.png","width":280,"height":90,"caption":"Reconoce MX"},"image":{"@id":"http:\/\/www.reconoce.mx\/#\/schema\/logo\/image\/"},"sameAs":["https:\/\/es-la.facebook.com\/ReconoceMX\/","https:\/\/x.com\/reconocemx","http:\/\/@reconocemx"]},{"@type":"Person","@id":"http:\/\/www.reconoce.mx\/#\/schema\/person\/2117e997d7051dc15d6880eaf9bca0b2","name":"Reconoce MX","image":{"@type":"ImageObject","inLanguage":"es","@id":"http:\/\/www.reconoce.mx\/#\/schema\/person\/image\/","url":"https:\/\/secure.gravatar.com\/avatar\/6c8d4dc7569ca1c90c5fdcc349f839d5ddef6fe1e70b4337ead2ef1a4c43fc3a?s=96&d=identicon&r=g","contentUrl":"https:\/\/secure.gravatar.com\/avatar\/6c8d4dc7569ca1c90c5fdcc349f839d5ddef6fe1e70b4337ead2ef1a4c43fc3a?s=96&d=identicon&r=g","caption":"Reconoce MX"},"description":"Reconoce MX es un proyecto de difusi\u00f3n art\u00edstica, cultural y de conciencia social que est\u00e1 enfocado a difundir y fomentar el entretenimiento alternativo de calidad para todo el p\u00fablico que comparta el mismo entusiasmo.","sameAs":["http:\/\/www.reconoce.mx"],"url":"https:\/\/www.reconoce.mx\/?author=2"}]}},"_links":{"self":[{"href":"https:\/\/www.reconoce.mx\/index.php?rest_route=\/wp\/v2\/posts\/65884","targetHints":{"allow":["GET"]}}],"collection":[{"href":"https:\/\/www.reconoce.mx\/index.php?rest_route=\/wp\/v2\/posts"}],"about":[{"href":"https:\/\/www.reconoce.mx\/index.php?rest_route=\/wp\/v2\/types\/post"}],"author":[{"embeddable":true,"href":"https:\/\/www.reconoce.mx\/index.php?rest_route=\/wp\/v2\/users\/2"}],"replies":[{"embeddable":true,"href":"https:\/\/www.reconoce.mx\/index.php?rest_route=%2Fwp%2Fv2%2Fcomments&post=65884"}],"version-history":[{"count":2,"href":"https:\/\/www.reconoce.mx\/index.php?rest_route=\/wp\/v2\/posts\/65884\/revisions"}],"predecessor-version":[{"id":65886,"href":"https:\/\/www.reconoce.mx\/index.php?rest_route=\/wp\/v2\/posts\/65884\/revisions\/65886"}],"wp:featuredmedia":[{"embeddable":true,"href":"https:\/\/www.reconoce.mx\/index.php?rest_route=\/wp\/v2\/media\/64577"}],"wp:attachment":[{"href":"https:\/\/www.reconoce.mx\/index.php?rest_route=%2Fwp%2Fv2%2Fmedia&parent=65884"}],"wp:term":[{"taxonomy":"category","embeddable":true,"href":"https:\/\/www.reconoce.mx\/index.php?rest_route=%2Fwp%2Fv2%2Fcategories&post=65884"},{"taxonomy":"post_tag","embeddable":true,"href":"https:\/\/www.reconoce.mx\/index.php?rest_route=%2Fwp%2Fv2%2Ftags&post=65884"}],"curies":[{"name":"wp","href":"https:\/\/api.w.org\/{rel}","templated":true}]}}