{"id":65968,"date":"2017-09-25T00:06:56","date_gmt":"2017-09-25T05:06:56","guid":{"rendered":"http:\/\/www.reconoce.mx\/?p=65968"},"modified":"2017-10-12T15:01:46","modified_gmt":"2017-10-12T20:01:46","slug":"19-de-septiembre-32-anos-despues","status":"publish","type":"post","link":"https:\/\/www.reconoce.mx\/?p=65968","title":{"rendered":"19 de septiembre&#8230; 32 a\u00f1os despu\u00e9s"},"content":{"rendered":"<p><a href=\"http:\/\/www.reconoce.mx\/category\/columnistas\/la-ballesta-de-mascatabaco\/\"><img loading=\"lazy\" decoding=\"async\" class=\"aligncenter size-full wp-image-42011\" src=\"http:\/\/www.reconoce.mx\/wp-content\/uploads\/2015\/05\/la-ballesta.png\" sizes=\"auto, (max-width: 570px) 100vw, 570px\" srcset=\"http:\/\/www.reconoce.mx\/wp-content\/uploads\/2015\/05\/la-ballesta.png 570w, http:\/\/www.reconoce.mx\/wp-content\/uploads\/2015\/05\/la-ballesta-300x37.png 300w, http:\/\/www.reconoce.mx\/wp-content\/uploads\/2015\/05\/la-ballesta-150x18.png 150w\" alt=\"la-ballesta\" width=\"570\" height=\"70\" \/><\/a><strong><br \/>\nPor <a title=\"@AsfaltosTweets\" href=\"http:\/\/twitter.com\/AsfaltosTweets\" target=\"_blank\" rel=\"noopener noreferrer\">Asfaltos<\/a><\/strong>.<\/p>\n<p>19 de septiembre, fecha que desde que tengo memoria siempre ha sido importante para mi ciudad, para mi familia y para m\u00ed. Fue un 19 de septiembre, pero de 1985, cuando en Ciudad de M\u00e9xico se vivi\u00f3 la herida m\u00e1s fulminante que la capital mexicana ha recibido; <a href=\"http:\/\/www.reconoce.mx\/asi-vivi-el-terremoto-del-19-de-septiembre-de-1985\/\" target=\"_blank\" rel=\"noopener\">fue ese mismo 19 de septiembre cuando la vida para mi familia dio un vuelco definitivo<\/a>.<\/p>\n<p>Me levant\u00e9 temprano, como todos los martes, y empec\u00e9 labores; entre ellas, subir y programar algunos textos para este sitio. La fecha lo ameritaba, y si bien no hab\u00eda en s\u00ed un texto original en esta ocasi\u00f3n, en nuestro #ArchivoRCMX vaya que s\u00ed me encontr\u00e9 con un buen material relativo. Entre los textos<a href=\"http:\/\/www.reconoce.mx\/asi-vivi-el-terremoto-del-19-de-septiembre-de-1985\/\" target=\"_blank\" rel=\"noopener\"> inclu\u00ed curiosamente uno que escrib\u00eda mi pap\u00e1 con motivo del 30\u00b0 aniversario<\/a>, texto a trav\u00e9s del cual conoc\u00ed finalmente de su propia boca detalles de ese d\u00eda, s\u00ed, 3 d\u00e9cadas despu\u00e9s. Un silencio respetuoso se sent\u00eda por la fecha, pero tambi\u00e9n, un miedo que tard\u00f3 en salir por tantos a\u00f1os. Qui\u00e9n iba a decirme que ahora yo escribir\u00eda otro texto similar, justamente 32 a\u00f1os despu\u00e9s.<\/p>\n<p>En mi agenda del d\u00eda como reportero hab\u00eda dos eventos de cine en <strong>Cineteca Nacional<\/strong>, mismos que dej\u00e9 pasar por la premura del tiempo y por el hecho de que hab\u00eda que dejar programado en redes sociales y en el portal una serie de textos. Adem\u00e1s, a las 11:00 horas en punto, habr\u00eda justo un simulacro con motivo de la fecha; y como es habitual en <span style=\"color: #a81f25;\"><strong>Reconoce MX<\/strong><\/span>, los sismos y simulacros nos los tomamos en serio. La \u00fanica cita a la que asistir\u00eda ser\u00eda antes de la hora de la comida, en la colonia Roma Norte&#8230;<\/p>\n<p>Primero tomar\u00eda un cami\u00f3n para dirigirme hacia Metro Taxque\u00f1a, luego de ah\u00ed tomar\u00eda rumbo hacia Metro Pino Su\u00e1rez, y de ah\u00ed transbordar\u00eda otra l\u00ednea que me llevar\u00eda a Metro Sevilla. La cita era en <strong>Corredor Salamanca<\/strong> ubicado en la calle de Salamanca #32; el motivo era una entrevista, entre otros, con Eduardo Espa\u00f1a, actor de \u00abMorir de amor\u00bb.<\/p>\n<p>Como es mi costumbre -y no por ser pretencioso-, llegu\u00e9 a tiempo. Es m\u00e1s, mi idea era llegar all\u00e1 a las 13:30 horas, puesto que mi turno al micr\u00f3fono era a las 13:45 horas; y llegu\u00e9 temprano. A eso de las 13:00 horas saliendo de Metro Sevilla me encontr\u00e9 a mi amigo y colega Julio L\u00f3pez de<strong> Canal 22<\/strong>, con quien enfil\u00e9 justo hacia el lugar en autom\u00e1tico, mientras platic\u00e1bamos de todo y de nada.<\/p>\n<p>\u00abUn mercado hipster m\u00e1s\u00bb, pens\u00e9, cuando despu\u00e9s de caminar al fondo me encontr\u00e9 con quien nos guiar\u00eda hacia la parte de arriba, pero de nuevo hacia el fondo -al fondo, al fondo&#8230;-. Todo normal. Saludo a los anfitriones, colegas de <strong>Loft Cinema<\/strong>, y a al amigo y tambi\u00e9n compa\u00f1ero de <strong>Radio y Televisi\u00f3n Mexiquense<\/strong>, Rolando Mart\u00ednez. Todo bien, todo normal, y entonces dieron las 13:14 horas. \u00abAh caray, vaya que se mueve este puente\u00bb, coment\u00e9. \u00abS\u00ed, se mueve mucho\u00bb, me dijeron entre risas todos. Despu\u00e9s todo fue caos.<\/p>\n<p>\u00ab\u00a1Est\u00e1 temblando, salgan!\u00bb Estaba confundido, preocupado y s\u00ed, aterrado. No sab\u00eda hacia d\u00f3nde moverme, pues como las escaleras estaban al fondo hab\u00eda que recorrer todo el largo primer piso para llegar a la planta baja y luego recorrer \u00e9sta tambi\u00e9n en toda su longitud para finalmente salir. Pens\u00e9 r\u00e1pido en guarecerme por un momento bajo una mesa, \u00a1vi que alguien hizo eso!, pero la turba se segu\u00eda moviendo. Hu\u00edmos todos.<\/p>\n<p>No me fij\u00e9 mucho en el trayecto por el primer piso, si acaso que alguien me tomaba del brazo para salir corriendo tambi\u00e9n; v\u00ed de reojo, era Eduardo Espa\u00f1a, a quien iba a entrevistar. No fue hasta sino hasta la planta baja que me percat\u00e9 un poco de la magnitud del temblor. Todo se mov\u00eda. Era un caos. No era un sismo com\u00fan y corriente. Luego, de milagro y despu\u00e9s de pensar que terminar\u00eda entre las escaleras cuando todav\u00eda en movimiento las bajamos: la luz. Estaba fuera, estaba a salvo.<\/p>\n<p>Muy desorientado, sacudido como todos los que salimos a la calle de Salamanca, alcanc\u00e9 a ver a un exalumno al que me dio gusto ver, le hice un chiste y luego me fui -fue raro, quiz\u00e1 ni se dio cuenta de que era yo-. No sab\u00eda hacia d\u00f3nde moverme, no sab\u00eda qu\u00e9 hacer. La gente gritaba y a la vuelta, en la esquina de Salamanca con la calle de Puebla, gritos. \u00ab\u00a1Una polvareda!\u00bb \u00ab\u00a1Al\u00e9jense que ah\u00ed hay qu\u00edmicos!\u00bb Me mov\u00ed, creo que vi de nuevo a Rolando quien marcaba por tel\u00e9fono, y despu\u00e9s me encontr\u00e9 en la esquina de Salamanca y Durango. El camell\u00f3n estaba lleno, no supe c\u00f3mo llegu\u00e9 ah\u00ed. Mucha gente muy nerviosa, algunos llorando. Yo intentaba tranquilizarme y tomar respiraciones. Dieron las 13:30 horas, tom\u00e9 mi celular y lanc\u00e9 mi primera transmisi\u00f3n; deb\u00eda informar. \u00ab<a href=\"https:\/\/twitter.com\/reconocemx\/status\/910215917853913089\" target=\"_blank\" rel=\"noopener\">Estoy aqu\u00ed para <strong>Reconoce MX<\/strong>, Enrique Figueroa<\/a>&#8230;\u00bb<\/p>\n<p>Despu\u00e9s, dando vueltas por la zona, regres\u00e9 a la calle de Puebla donde hab\u00eda visto la polvareda, donde nos movieron porque hab\u00eda qu\u00edmicos; donde s\u00ed, un edificio de 3 pisos hab\u00eda colapsado. \u00a1Colaps\u00f3! \u00a1Fue un terremoto! Justo en la misma cuadra donde me encontraba. Ten\u00eda que informar, que la gente supiera de inmediato y acudiera a ayudar; volv\u00ed a conectarme e inform\u00e9 lo que ve\u00eda. Eran las 13:53 horas, hab\u00eda pasado poco m\u00e1s de media hora del sismo, el sismo que hab\u00eda sido un terremoto que sacudi\u00f3 Ciudad de M\u00e9xico y la volvi\u00f3 a lastimar.<\/p>\n<p>\u00ab\u00a1Mi familia!\u00bb, reaccion\u00e9. Mi pap\u00e1, justamente, me marc\u00f3. Vio la transmisi\u00f3n que hice y pregunt\u00f3 por m\u00ed. \u00abTodo estaba bien, &#8216;solo el susto'\u00bb, respond\u00ed. Respir\u00e9, \u00e9l tambi\u00e9n estaba bien. \u00bf\u00a1Pero y mam\u00e1, mi hermano!? No entraba la llamada, no hab\u00eda se\u00f1al. A una chica le pas\u00f3 igual, lloraba, hab\u00eda dejado su tel\u00e9fono; le prest\u00e9 el m\u00edo, todos estaban bien. \u00bfPero y mi mam\u00e1, mi hermano? No contestaban. Zozobra.<\/p>\n<p><a href=\"http:\/\/www.reconoce.mx\/wp-content\/uploads\/2017\/09\/ENRIQUE-FIGUEROA-AV.-CHAPULTEPEC-ROMA.jpg\"><img loading=\"lazy\" decoding=\"async\" class=\"aligncenter size-full wp-image-65825\" src=\"http:\/\/www.reconoce.mx\/wp-content\/uploads\/2017\/09\/ENRIQUE-FIGUEROA-AV.-CHAPULTEPEC-ROMA.jpg\" alt=\"\" width=\"4160\" height=\"3120\" srcset=\"https:\/\/www.reconoce.mx\/wp-content\/uploads\/2017\/09\/ENRIQUE-FIGUEROA-AV.-CHAPULTEPEC-ROMA.jpg 4160w, https:\/\/www.reconoce.mx\/wp-content\/uploads\/2017\/09\/ENRIQUE-FIGUEROA-AV.-CHAPULTEPEC-ROMA-300x225.jpg 300w, https:\/\/www.reconoce.mx\/wp-content\/uploads\/2017\/09\/ENRIQUE-FIGUEROA-AV.-CHAPULTEPEC-ROMA-768x576.jpg 768w, https:\/\/www.reconoce.mx\/wp-content\/uploads\/2017\/09\/ENRIQUE-FIGUEROA-AV.-CHAPULTEPEC-ROMA-1024x768.jpg 1024w, https:\/\/www.reconoce.mx\/wp-content\/uploads\/2017\/09\/ENRIQUE-FIGUEROA-AV.-CHAPULTEPEC-ROMA-150x113.jpg 150w, https:\/\/www.reconoce.mx\/wp-content\/uploads\/2017\/09\/ENRIQUE-FIGUEROA-AV.-CHAPULTEPEC-ROMA-700x525.jpg 700w, https:\/\/www.reconoce.mx\/wp-content\/uploads\/2017\/09\/ENRIQUE-FIGUEROA-AV.-CHAPULTEPEC-ROMA-658x494.jpg 658w\" sizes=\"auto, (max-width: 4160px) 100vw, 4160px\" \/><\/a><\/p>\n<p>Mand\u00e9 un mensaje de <strong>WhatsApp<\/strong> e intent\u00e9 calmarme. Quer\u00eda y necesitaba saber qu\u00e9 hab\u00eda pasado, me conect\u00e9 a la radio que llevo siempre conmigo como desde aquel d\u00eda en los 90 cuando me regalaron mi primer aparato. 7.1, epicentro en Puebla. Llegu\u00e9 a Avenida Chapultepec, gente asustada como yo y unas trabajadoras del <strong>IMSS<\/strong> cuidando de los ni\u00f1os tamb\u00ed\u00e9n espantados. Camin\u00e9 por Chapultepec hacia el centro y me encontr\u00e9 con algunos edificios con vidrios rotos. Llegu\u00e9 a Monterrey.<\/p>\n<p>Mientras caminaba sobre Monterrey me top\u00e9 de nuevo con Durango, donde otros edificios luc\u00edan con sendas cuarteaduras. Segu\u00ed sobre Monterrey, deb\u00eda llegar a \u00c1lvaro Obreg\u00f3n donde tambi\u00e9n en radio escuchaba que un edificio se hab\u00eda ca\u00eddo y donde pod\u00eda auxiliar, ayudar. Camin\u00e9 por \u00c1lvaro Obreg\u00f3n, pero hacia el otro lado. Segu\u00eda desorientado, me mov\u00eda por moverme y ni sab\u00eda ni a d\u00f3nde moverme.<\/p>\n<p>Avenida Cuaht\u00e9moc, Calle Dr. Velasco y Calle Dr. Lucio; hab\u00eda llegado a la Doctores. Multifamiliares lastimados, edificios evacuados, gente en las calles visiblemente nerviosa. Camin\u00e9 y camin\u00e9, me mov\u00ed y me mov\u00ed. Capt\u00e9 da\u00f1os. Inform\u00e9. Me mov\u00eda agitado, nervioso y tremendamente zarandeado.<\/p>\n<p>Dr. J Navarro, Av. Ni\u00f1os H\u00e9roes y luego en el camino un agua de lim\u00f3n con ch\u00eda \u00aba precio de promoci\u00f3n\u00bb. Finalmente Metro Ni\u00f1os H\u00e9roes, y de ah\u00ed rumbo al sur. Antes de eso, mi hermano. Mi mam\u00e1 y \u00e9l estaban bien. Tranquilidad. Pero ahora, necesitaba llegar al sur, verlos. En la radio escucho que en la calle donde vivo: un multifamiliar ca\u00eddo. Miedo. Debo regresar.<\/p>\n<p>Llegar al sur no result\u00f3 nada sencillo. Primero de Metro Ni\u00f1os H\u00e9roes me dirig\u00ed a Metro Coyoac\u00e1n donde seg\u00fan yo tomar\u00eda un taxi y llegar\u00eda a casa. Cuando sal\u00ed del metro, que por cierto luc\u00eda en silencio sepulcral y pr\u00e1cticamente vac\u00edo, me reencontr\u00e9 con el caos. Calles llenas de autos, r\u00edos de gente caminando por ellas. \u00ab\u00bfEst\u00e1s dando servicio?\u00bb, pregunt\u00e9 al que cuidaba un sitio de taxis, quien secamente me dijo que no. A caminar, a llegar a R\u00edo Churubusco y caminar.<\/p>\n<p>\u00c9xodo. Con el tr\u00e1nsito detenido y el transporte p\u00fablico en camiones colapsado, no hab\u00eda mas que caminar. Ah\u00ed me encontr\u00e9 con j\u00f3venes y adultos, todos caminando tras la escuela o el trabajo; todos huyendo hacia el sur o hacia el oriente. En ese trayecto conoc\u00ed a Jazm\u00edn, quien detuvo su auto y se ofreci\u00f3 a llevarnos a m\u00ed y a un grupo de hombres. En la banqueta, quien aparentemente organizaba eso, pregunt\u00f3 qui\u00e9n iba hacia Eje 5 y sin pensarlo me sub\u00ed y me salud\u00f3. Hace no pocos d\u00edas un chofer hab\u00eda matado a una joven en Puebla; en M\u00e9xico los feminicidios son altos y tristemente comunes. A pesar de ello, esa tarde del 19 de septiembre, una chica sola se ofreci\u00f3 a llevar a hombres completamente desconocidos solo por las ganas de ayudar. Entre lo triste que ve\u00eda y escuchaba, algo tomaba un color, por as\u00ed decirlo, m\u00e1s c\u00e1lido.<\/p>\n<p>En cuanto me acerc\u00f3 a donde me dirig\u00eda, le agradec\u00ed como mil veces. Ya, de <strong>Centro Nacional de las Artes<\/strong> volv\u00ed a a caminar y caminar para despu\u00e9s de algunos minutos finalmente llegar a mi colonia, donde si bien en el camino me encontr\u00e9 con algunos leves da\u00f1os en fachadas, nada grave. A unos edificios de mi casa un letrero pegado sobre un negocio que cerr\u00f3 temprano: \u00abMam\u00e1, estoy con Ruth. Todo bien\u00bb. Todo bien&#8230; Sonre\u00ed.<\/p>\n<p><a href=\"http:\/\/www.reconoce.mx\/wp-content\/uploads\/2017\/09\/ENRIQUE-FIGUEROA-COL.-EDUCACI\u00d3N.jpg\"><img loading=\"lazy\" decoding=\"async\" class=\"aligncenter size-full wp-image-65827\" src=\"http:\/\/www.reconoce.mx\/wp-content\/uploads\/2017\/09\/ENRIQUE-FIGUEROA-COL.-EDUCACI\u00d3N.jpg\" alt=\"\" width=\"4160\" height=\"3120\" srcset=\"https:\/\/www.reconoce.mx\/wp-content\/uploads\/2017\/09\/ENRIQUE-FIGUEROA-COL.-EDUCACI\u00d3N.jpg 4160w, https:\/\/www.reconoce.mx\/wp-content\/uploads\/2017\/09\/ENRIQUE-FIGUEROA-COL.-EDUCACI\u00d3N-300x225.jpg 300w, https:\/\/www.reconoce.mx\/wp-content\/uploads\/2017\/09\/ENRIQUE-FIGUEROA-COL.-EDUCACI\u00d3N-768x576.jpg 768w, https:\/\/www.reconoce.mx\/wp-content\/uploads\/2017\/09\/ENRIQUE-FIGUEROA-COL.-EDUCACI\u00d3N-1024x768.jpg 1024w, https:\/\/www.reconoce.mx\/wp-content\/uploads\/2017\/09\/ENRIQUE-FIGUEROA-COL.-EDUCACI\u00d3N-150x113.jpg 150w, https:\/\/www.reconoce.mx\/wp-content\/uploads\/2017\/09\/ENRIQUE-FIGUEROA-COL.-EDUCACI\u00d3N-700x525.jpg 700w, https:\/\/www.reconoce.mx\/wp-content\/uploads\/2017\/09\/ENRIQUE-FIGUEROA-COL.-EDUCACI\u00d3N-658x494.jpg 658w\" sizes=\"auto, (max-width: 4160px) 100vw, 4160px\" \/><\/a><\/p>\n<p>D\u00eda dif\u00edcil y d\u00eda que fue el pre\u00e1mbulo de muchas emociones m\u00e1s que al d\u00eda de hoy no logro descifrar ni c\u00f3mo compartir. D\u00edas pesados, d\u00edas de rescate, de llevar v\u00edveres, de informar, de cargar, de organizar, de re\u00edr y de llorar; d\u00edas en los que mas que el cuerpo, el alma se llena de tremendo cansancio. Han habido emociones fuertes, felices y tristes. Ha habido alegr\u00eda, s\u00ed, pero tambi\u00e9n mucha tristeza. S\u00ed, tambi\u00e9n ha habido miedo, mucho miedo.<\/p>\n<p>Al momento que escribo apenas logro sentarme a dejar lo que traigo en la cabeza y compartir lo que viv\u00ed en esas primeras horas tras el sismo del 19 de septiembre de 2017 y soltarlo. Necesitaba hacerlo.<\/p>\n<p>El d\u00eda que escribo, s\u00e1bado 23, volvi\u00f3 a temblar por la ma\u00f1ana. En el momento en el que escuch\u00e9 la alarma s\u00edsmica y corr\u00ed me di cuenta de algo: ya nada era lo mismo; ahora todo hab\u00eda cambiado.<\/p>\n<p style=\"text-align: right;\">Fotos: <strong>Enrique Figueroa Anaya<\/strong> \/<span style=\"color: #a81f25;\"><strong> Reconoce MX<\/strong><\/span>.<\/p>\n<blockquote><p><a href=\"http:\/\/www.reconoce.mx\/wp-content\/uploads\/2016\/03\/968932_515227815190918_654397283_n-e1459260491114.jpg\" rel=\"lightbox[62561]\"><img loading=\"lazy\" decoding=\"async\" class=\"alignleft size-thumbnail wp-image-39872\" src=\"http:\/\/www.reconoce.mx\/wp-content\/uploads\/2016\/03\/968932_515227815190918_654397283_n-e1459260491114.jpg\" alt=\"IMG_5743\" width=\"150\" height=\"150\" \/><\/a><strong>Asfaltos<\/strong>. Sobrevivo en una ciudad junto a millones de personas. \u00bfMexique\u00f1o? Me enamoro r\u00e1pido y olvido dif\u00edcilmente. Amo la m\u00fasica, el cine, los c\u00f3mics, las mujeres y -\u00faltimamente gracias a los servicios de <em>streaming<\/em>\u2013 las series tambi\u00e9n. Vivo la vida a trav\u00e9s de letras y melod\u00edas. M\u00fasico frustrado. Me pueden encontrar escuchando U2, Radiohead y Coldplay; as\u00ed como Grand Funk Railroad, Styx y Eric Burdon; Chetes, Jumbo y Siddhartha; y hasta Jesse &amp; Joy, Silverio y Aleks Syntek. Batman y Star Wars mis pasiones; tambi\u00e9n el Cruz Azul, pero ya saben\u2026 subcampeon\u00edsimo. Sobreviviente y n\u00e1ufrago; ermita\u00f1o que odia la soledad.<\/p><\/blockquote>\n<p>&nbsp;<\/p>\n<p>&nbsp;<\/p>\n","protected":false},"excerpt":{"rendered":"<p>19 de septiembre, fecha que desde que tengo memoria siempre ha sido importante para mi ciudad, para mi familia y para m\u00ed. <\/p>\n","protected":false},"author":2,"featured_media":65863,"comment_status":"open","ping_status":"open","sticky":false,"template":"","format":"standard","meta":{"footnotes":""},"categories":[16,2602,17,2663],"tags":[563],"class_list":["post-65968","post","type-post","status-publish","format-standard","has-post-thumbnail","hentry","category-columnistas","category-la-ballesta-de-mascatabaco","category-principal","category-sismo-19-s","tag-sismo"],"yoast_head":"<!-- This site is optimized with the Yoast SEO plugin v24.7 - https:\/\/yoast.com\/wordpress\/plugins\/seo\/ -->\n<title>19 de septiembre... 32 a\u00f1os despu\u00e9s &#171; Reconoce MX<\/title>\n<meta name=\"robots\" content=\"index, follow, max-snippet:-1, max-image-preview:large, max-video-preview:-1\" \/>\n<link rel=\"canonical\" href=\"https:\/\/www.reconoce.mx\/?p=65968\" \/>\n<meta property=\"og:locale\" content=\"es_ES\" \/>\n<meta property=\"og:type\" content=\"article\" \/>\n<meta property=\"og:title\" content=\"19 de septiembre... 32 a\u00f1os despu\u00e9s &#171; Reconoce MX\" \/>\n<meta property=\"og:description\" content=\"19 de septiembre, fecha que desde que tengo memoria siempre ha sido importante para mi ciudad, para mi familia y para m\u00ed.\" \/>\n<meta property=\"og:url\" content=\"https:\/\/www.reconoce.mx\/?p=65968\" \/>\n<meta property=\"og:site_name\" content=\"Reconoce MX\" \/>\n<meta property=\"article:publisher\" content=\"https:\/\/es-la.facebook.com\/ReconoceMX\/\" \/>\n<meta property=\"article:published_time\" content=\"2017-09-25T05:06:56+00:00\" \/>\n<meta property=\"article:modified_time\" content=\"2017-10-12T20:01:46+00:00\" \/>\n<meta property=\"og:image\" content=\"https:\/\/www.reconoce.mx\/wp-content\/uploads\/2017\/09\/puebla-286-colonia-roma-sismo-cdmx.png\" \/>\n\t<meta property=\"og:image:width\" content=\"590\" \/>\n\t<meta property=\"og:image:height\" content=\"380\" \/>\n\t<meta property=\"og:image:type\" content=\"image\/png\" \/>\n<meta name=\"author\" content=\"Reconoce MX\" \/>\n<meta name=\"twitter:card\" content=\"summary_large_image\" \/>\n<meta name=\"twitter:creator\" content=\"@reconocemx\" \/>\n<meta name=\"twitter:site\" content=\"@reconocemx\" \/>\n<meta name=\"twitter:label1\" content=\"Escrito por\" \/>\n\t<meta name=\"twitter:data1\" content=\"Reconoce MX\" \/>\n\t<meta name=\"twitter:label2\" content=\"Tiempo de lectura\" \/>\n\t<meta name=\"twitter:data2\" content=\"10 minutos\" \/>\n<script type=\"application\/ld+json\" class=\"yoast-schema-graph\">{\"@context\":\"https:\/\/schema.org\",\"@graph\":[{\"@type\":\"Article\",\"@id\":\"https:\/\/www.reconoce.mx\/?p=65968#article\",\"isPartOf\":{\"@id\":\"https:\/\/www.reconoce.mx\/?p=65968\"},\"author\":{\"name\":\"Reconoce MX\",\"@id\":\"http:\/\/www.reconoce.mx\/#\/schema\/person\/2117e997d7051dc15d6880eaf9bca0b2\"},\"headline\":\"19 de septiembre&#8230; 32 a\u00f1os despu\u00e9s\",\"datePublished\":\"2017-09-25T05:06:56+00:00\",\"dateModified\":\"2017-10-12T20:01:46+00:00\",\"mainEntityOfPage\":{\"@id\":\"https:\/\/www.reconoce.mx\/?p=65968\"},\"wordCount\":1948,\"commentCount\":0,\"publisher\":{\"@id\":\"http:\/\/www.reconoce.mx\/#organization\"},\"image\":{\"@id\":\"https:\/\/www.reconoce.mx\/?p=65968#primaryimage\"},\"thumbnailUrl\":\"https:\/\/www.reconoce.mx\/wp-content\/uploads\/2017\/09\/puebla-286-colonia-roma-sismo-cdmx.png\",\"keywords\":[\"sismo\"],\"articleSection\":[\"Columnistas\",\"La ballesta de Mascatabaco\",\"Principal\",\"Sismo 19-S\"],\"inLanguage\":\"es\",\"potentialAction\":[{\"@type\":\"CommentAction\",\"name\":\"Comment\",\"target\":[\"https:\/\/www.reconoce.mx\/?p=65968#respond\"]}]},{\"@type\":\"WebPage\",\"@id\":\"https:\/\/www.reconoce.mx\/?p=65968\",\"url\":\"https:\/\/www.reconoce.mx\/?p=65968\",\"name\":\"19 de septiembre... 32 a\u00f1os despu\u00e9s &#171; Reconoce MX\",\"isPartOf\":{\"@id\":\"http:\/\/www.reconoce.mx\/#website\"},\"primaryImageOfPage\":{\"@id\":\"https:\/\/www.reconoce.mx\/?p=65968#primaryimage\"},\"image\":{\"@id\":\"https:\/\/www.reconoce.mx\/?p=65968#primaryimage\"},\"thumbnailUrl\":\"https:\/\/www.reconoce.mx\/wp-content\/uploads\/2017\/09\/puebla-286-colonia-roma-sismo-cdmx.png\",\"datePublished\":\"2017-09-25T05:06:56+00:00\",\"dateModified\":\"2017-10-12T20:01:46+00:00\",\"breadcrumb\":{\"@id\":\"https:\/\/www.reconoce.mx\/?p=65968#breadcrumb\"},\"inLanguage\":\"es\",\"potentialAction\":[{\"@type\":\"ReadAction\",\"target\":[\"https:\/\/www.reconoce.mx\/?p=65968\"]}]},{\"@type\":\"ImageObject\",\"inLanguage\":\"es\",\"@id\":\"https:\/\/www.reconoce.mx\/?p=65968#primaryimage\",\"url\":\"https:\/\/www.reconoce.mx\/wp-content\/uploads\/2017\/09\/puebla-286-colonia-roma-sismo-cdmx.png\",\"contentUrl\":\"https:\/\/www.reconoce.mx\/wp-content\/uploads\/2017\/09\/puebla-286-colonia-roma-sismo-cdmx.png\",\"width\":590,\"height\":380},{\"@type\":\"BreadcrumbList\",\"@id\":\"https:\/\/www.reconoce.mx\/?p=65968#breadcrumb\",\"itemListElement\":[{\"@type\":\"ListItem\",\"position\":1,\"name\":\"Portada\",\"item\":\"http:\/\/www.reconoce.mx\/\"},{\"@type\":\"ListItem\",\"position\":2,\"name\":\"19 de septiembre&#8230; 32 a\u00f1os despu\u00e9s\"}]},{\"@type\":\"WebSite\",\"@id\":\"http:\/\/www.reconoce.mx\/#website\",\"url\":\"http:\/\/www.reconoce.mx\/\",\"name\":\"Reconoce MX\",\"description\":\"En Reconoce MX difundimos arte, cultura y conciencia social en M\u00e9xico. Tu ciudad en otra perspectiva.\",\"publisher\":{\"@id\":\"http:\/\/www.reconoce.mx\/#organization\"},\"potentialAction\":[{\"@type\":\"SearchAction\",\"target\":{\"@type\":\"EntryPoint\",\"urlTemplate\":\"http:\/\/www.reconoce.mx\/?s={search_term_string}\"},\"query-input\":{\"@type\":\"PropertyValueSpecification\",\"valueRequired\":true,\"valueName\":\"search_term_string\"}}],\"inLanguage\":\"es\"},{\"@type\":\"Organization\",\"@id\":\"http:\/\/www.reconoce.mx\/#organization\",\"name\":\"Reconoce MX\",\"url\":\"http:\/\/www.reconoce.mx\/\",\"logo\":{\"@type\":\"ImageObject\",\"inLanguage\":\"es\",\"@id\":\"http:\/\/www.reconoce.mx\/#\/schema\/logo\/image\/\",\"url\":\"https:\/\/www.reconoce.mx\/wp-content\/uploads\/2019\/03\/logorcmx-good-1.png\",\"contentUrl\":\"https:\/\/www.reconoce.mx\/wp-content\/uploads\/2019\/03\/logorcmx-good-1.png\",\"width\":280,\"height\":90,\"caption\":\"Reconoce MX\"},\"image\":{\"@id\":\"http:\/\/www.reconoce.mx\/#\/schema\/logo\/image\/\"},\"sameAs\":[\"https:\/\/es-la.facebook.com\/ReconoceMX\/\",\"https:\/\/x.com\/reconocemx\",\"http:\/\/@reconocemx\"]},{\"@type\":\"Person\",\"@id\":\"http:\/\/www.reconoce.mx\/#\/schema\/person\/2117e997d7051dc15d6880eaf9bca0b2\",\"name\":\"Reconoce MX\",\"image\":{\"@type\":\"ImageObject\",\"inLanguage\":\"es\",\"@id\":\"http:\/\/www.reconoce.mx\/#\/schema\/person\/image\/\",\"url\":\"https:\/\/secure.gravatar.com\/avatar\/6c8d4dc7569ca1c90c5fdcc349f839d5ddef6fe1e70b4337ead2ef1a4c43fc3a?s=96&d=identicon&r=g\",\"contentUrl\":\"https:\/\/secure.gravatar.com\/avatar\/6c8d4dc7569ca1c90c5fdcc349f839d5ddef6fe1e70b4337ead2ef1a4c43fc3a?s=96&d=identicon&r=g\",\"caption\":\"Reconoce MX\"},\"description\":\"Reconoce MX es un proyecto de difusi\u00f3n art\u00edstica, cultural y de conciencia social que est\u00e1 enfocado a difundir y fomentar el entretenimiento alternativo de calidad para todo el p\u00fablico que comparta el mismo entusiasmo.\",\"sameAs\":[\"http:\/\/www.reconoce.mx\"],\"url\":\"https:\/\/www.reconoce.mx\/?author=2\"}]}<\/script>\n<!-- \/ Yoast SEO plugin. -->","yoast_head_json":{"title":"19 de septiembre... 32 a\u00f1os despu\u00e9s &#171; Reconoce MX","robots":{"index":"index","follow":"follow","max-snippet":"max-snippet:-1","max-image-preview":"max-image-preview:large","max-video-preview":"max-video-preview:-1"},"canonical":"https:\/\/www.reconoce.mx\/?p=65968","og_locale":"es_ES","og_type":"article","og_title":"19 de septiembre... 32 a\u00f1os despu\u00e9s &#171; Reconoce MX","og_description":"19 de septiembre, fecha que desde que tengo memoria siempre ha sido importante para mi ciudad, para mi familia y para m\u00ed.","og_url":"https:\/\/www.reconoce.mx\/?p=65968","og_site_name":"Reconoce MX","article_publisher":"https:\/\/es-la.facebook.com\/ReconoceMX\/","article_published_time":"2017-09-25T05:06:56+00:00","article_modified_time":"2017-10-12T20:01:46+00:00","og_image":[{"width":590,"height":380,"url":"https:\/\/www.reconoce.mx\/wp-content\/uploads\/2017\/09\/puebla-286-colonia-roma-sismo-cdmx.png","type":"image\/png"}],"author":"Reconoce MX","twitter_card":"summary_large_image","twitter_creator":"@reconocemx","twitter_site":"@reconocemx","twitter_misc":{"Escrito por":"Reconoce MX","Tiempo de lectura":"10 minutos"},"schema":{"@context":"https:\/\/schema.org","@graph":[{"@type":"Article","@id":"https:\/\/www.reconoce.mx\/?p=65968#article","isPartOf":{"@id":"https:\/\/www.reconoce.mx\/?p=65968"},"author":{"name":"Reconoce MX","@id":"http:\/\/www.reconoce.mx\/#\/schema\/person\/2117e997d7051dc15d6880eaf9bca0b2"},"headline":"19 de septiembre&#8230; 32 a\u00f1os despu\u00e9s","datePublished":"2017-09-25T05:06:56+00:00","dateModified":"2017-10-12T20:01:46+00:00","mainEntityOfPage":{"@id":"https:\/\/www.reconoce.mx\/?p=65968"},"wordCount":1948,"commentCount":0,"publisher":{"@id":"http:\/\/www.reconoce.mx\/#organization"},"image":{"@id":"https:\/\/www.reconoce.mx\/?p=65968#primaryimage"},"thumbnailUrl":"https:\/\/www.reconoce.mx\/wp-content\/uploads\/2017\/09\/puebla-286-colonia-roma-sismo-cdmx.png","keywords":["sismo"],"articleSection":["Columnistas","La ballesta de Mascatabaco","Principal","Sismo 19-S"],"inLanguage":"es","potentialAction":[{"@type":"CommentAction","name":"Comment","target":["https:\/\/www.reconoce.mx\/?p=65968#respond"]}]},{"@type":"WebPage","@id":"https:\/\/www.reconoce.mx\/?p=65968","url":"https:\/\/www.reconoce.mx\/?p=65968","name":"19 de septiembre... 32 a\u00f1os despu\u00e9s &#171; Reconoce MX","isPartOf":{"@id":"http:\/\/www.reconoce.mx\/#website"},"primaryImageOfPage":{"@id":"https:\/\/www.reconoce.mx\/?p=65968#primaryimage"},"image":{"@id":"https:\/\/www.reconoce.mx\/?p=65968#primaryimage"},"thumbnailUrl":"https:\/\/www.reconoce.mx\/wp-content\/uploads\/2017\/09\/puebla-286-colonia-roma-sismo-cdmx.png","datePublished":"2017-09-25T05:06:56+00:00","dateModified":"2017-10-12T20:01:46+00:00","breadcrumb":{"@id":"https:\/\/www.reconoce.mx\/?p=65968#breadcrumb"},"inLanguage":"es","potentialAction":[{"@type":"ReadAction","target":["https:\/\/www.reconoce.mx\/?p=65968"]}]},{"@type":"ImageObject","inLanguage":"es","@id":"https:\/\/www.reconoce.mx\/?p=65968#primaryimage","url":"https:\/\/www.reconoce.mx\/wp-content\/uploads\/2017\/09\/puebla-286-colonia-roma-sismo-cdmx.png","contentUrl":"https:\/\/www.reconoce.mx\/wp-content\/uploads\/2017\/09\/puebla-286-colonia-roma-sismo-cdmx.png","width":590,"height":380},{"@type":"BreadcrumbList","@id":"https:\/\/www.reconoce.mx\/?p=65968#breadcrumb","itemListElement":[{"@type":"ListItem","position":1,"name":"Portada","item":"http:\/\/www.reconoce.mx\/"},{"@type":"ListItem","position":2,"name":"19 de septiembre&#8230; 32 a\u00f1os despu\u00e9s"}]},{"@type":"WebSite","@id":"http:\/\/www.reconoce.mx\/#website","url":"http:\/\/www.reconoce.mx\/","name":"Reconoce MX","description":"En Reconoce MX difundimos arte, cultura y conciencia social en M\u00e9xico. Tu ciudad en otra perspectiva.","publisher":{"@id":"http:\/\/www.reconoce.mx\/#organization"},"potentialAction":[{"@type":"SearchAction","target":{"@type":"EntryPoint","urlTemplate":"http:\/\/www.reconoce.mx\/?s={search_term_string}"},"query-input":{"@type":"PropertyValueSpecification","valueRequired":true,"valueName":"search_term_string"}}],"inLanguage":"es"},{"@type":"Organization","@id":"http:\/\/www.reconoce.mx\/#organization","name":"Reconoce MX","url":"http:\/\/www.reconoce.mx\/","logo":{"@type":"ImageObject","inLanguage":"es","@id":"http:\/\/www.reconoce.mx\/#\/schema\/logo\/image\/","url":"https:\/\/www.reconoce.mx\/wp-content\/uploads\/2019\/03\/logorcmx-good-1.png","contentUrl":"https:\/\/www.reconoce.mx\/wp-content\/uploads\/2019\/03\/logorcmx-good-1.png","width":280,"height":90,"caption":"Reconoce MX"},"image":{"@id":"http:\/\/www.reconoce.mx\/#\/schema\/logo\/image\/"},"sameAs":["https:\/\/es-la.facebook.com\/ReconoceMX\/","https:\/\/x.com\/reconocemx","http:\/\/@reconocemx"]},{"@type":"Person","@id":"http:\/\/www.reconoce.mx\/#\/schema\/person\/2117e997d7051dc15d6880eaf9bca0b2","name":"Reconoce MX","image":{"@type":"ImageObject","inLanguage":"es","@id":"http:\/\/www.reconoce.mx\/#\/schema\/person\/image\/","url":"https:\/\/secure.gravatar.com\/avatar\/6c8d4dc7569ca1c90c5fdcc349f839d5ddef6fe1e70b4337ead2ef1a4c43fc3a?s=96&d=identicon&r=g","contentUrl":"https:\/\/secure.gravatar.com\/avatar\/6c8d4dc7569ca1c90c5fdcc349f839d5ddef6fe1e70b4337ead2ef1a4c43fc3a?s=96&d=identicon&r=g","caption":"Reconoce MX"},"description":"Reconoce MX es un proyecto de difusi\u00f3n art\u00edstica, cultural y de conciencia social que est\u00e1 enfocado a difundir y fomentar el entretenimiento alternativo de calidad para todo el p\u00fablico que comparta el mismo entusiasmo.","sameAs":["http:\/\/www.reconoce.mx"],"url":"https:\/\/www.reconoce.mx\/?author=2"}]}},"_links":{"self":[{"href":"https:\/\/www.reconoce.mx\/index.php?rest_route=\/wp\/v2\/posts\/65968","targetHints":{"allow":["GET"]}}],"collection":[{"href":"https:\/\/www.reconoce.mx\/index.php?rest_route=\/wp\/v2\/posts"}],"about":[{"href":"https:\/\/www.reconoce.mx\/index.php?rest_route=\/wp\/v2\/types\/post"}],"author":[{"embeddable":true,"href":"https:\/\/www.reconoce.mx\/index.php?rest_route=\/wp\/v2\/users\/2"}],"replies":[{"embeddable":true,"href":"https:\/\/www.reconoce.mx\/index.php?rest_route=%2Fwp%2Fv2%2Fcomments&post=65968"}],"version-history":[{"count":10,"href":"https:\/\/www.reconoce.mx\/index.php?rest_route=\/wp\/v2\/posts\/65968\/revisions"}],"predecessor-version":[{"id":66790,"href":"https:\/\/www.reconoce.mx\/index.php?rest_route=\/wp\/v2\/posts\/65968\/revisions\/66790"}],"wp:featuredmedia":[{"embeddable":true,"href":"https:\/\/www.reconoce.mx\/index.php?rest_route=\/wp\/v2\/media\/65863"}],"wp:attachment":[{"href":"https:\/\/www.reconoce.mx\/index.php?rest_route=%2Fwp%2Fv2%2Fmedia&parent=65968"}],"wp:term":[{"taxonomy":"category","embeddable":true,"href":"https:\/\/www.reconoce.mx\/index.php?rest_route=%2Fwp%2Fv2%2Fcategories&post=65968"},{"taxonomy":"post_tag","embeddable":true,"href":"https:\/\/www.reconoce.mx\/index.php?rest_route=%2Fwp%2Fv2%2Ftags&post=65968"}],"curies":[{"name":"wp","href":"https:\/\/api.w.org\/{rel}","templated":true}]}}