{"id":66056,"date":"2017-09-25T00:02:51","date_gmt":"2017-09-25T05:02:51","guid":{"rendered":"http:\/\/www.reconoce.mx\/?p=66056"},"modified":"2017-09-26T19:31:52","modified_gmt":"2017-09-27T00:31:52","slug":"nofm5-asi-celebrara-nofm-su-5-aniversario","status":"publish","type":"post","link":"https:\/\/www.reconoce.mx\/?p=66056","title":{"rendered":"#NoFM5, as\u00ed celebrar\u00e1 NoFM su 5\u00b0 aniversario"},"content":{"rendered":"<p><strong>Por\u00a0<a href=\"https:\/\/twitter.com\/alice_freckles\" target=\"_blank\" rel=\"noopener noreferrer\">Alicia \u00c1vila Monroy<\/a><\/strong>.<\/p>\n<blockquote><p><span style=\"color: #a81f25;\"><strong>Nota #SismoCDMX<\/strong><\/span>: <strong>NoFM<\/strong> han pospuesto su evento de aniversario para otro momento m\u00e1s adecuado: \u00abhemos decidido que la mejor manera que tenemos para estar a la altura de las circunstancias es ser sensibles y posponer nuestra fiesta de aniversario. Vamos a sumar esfuerzos y hacer una convocatoria a distintos actores para realizar el evento <strong>Todo Menos Miedo<\/strong> a beneficio de las personas afectadas por el sismo del 19 de septiembre. [&#8230;] Al evento de recaudaci\u00f3n que se llevar\u00e1 a cabo el s\u00e1bado 30 de septiembre, se sumar\u00e1n <strong>Los Alan Anaya<\/strong>, <strong>Los Macuanos<\/strong> y <strong>Belafonte Sensacional<\/strong>. Y la totalidad de la taquilla ser\u00e1 donada a <strong><a href=\"http:\/\/www.techo.org\/mexico\/\" rel=\"noopener\" target=\"_blank\">Techo M\u00e9xico<\/a><\/strong> para su programa de construcci\u00f3n de viviendas emergentes para la poblaci\u00f3n afectada en diferentes entidades del pa\u00eds.\u00bb En los pr\u00f3ximos d\u00edas confirmaron que se publicar\u00e1 el flyer oficial del evento; lo anunciaremos a trav\u00e9s de nuestras cuenta de Twitter (@<a href=\"https:\/\/twitter.com\/reconocemx\" target=\"_blank\" rel=\"noopener\">reconocemx<\/a>).<\/p><\/blockquote>\n<p>&nbsp;<br \/>\nSi alguien sabe de fiestas, sin duda esos son los de <strong>NoFM<\/strong>. La estaci\u00f3n de radio celebra el pr\u00f3ximo 2 de octubre 5 a\u00f1os de transmisi\u00f3n interrumpida y de mantenerse en total independencia.<\/p>\n<p><a href=\"http:\/\/www.reconoce.mx\/wp-content\/uploads\/2017\/09\/NoFM5.gif\"><img loading=\"lazy\" decoding=\"async\" class=\"aligncenter size-full wp-image-66058\" src=\"http:\/\/www.reconoce.mx\/wp-content\/uploads\/2017\/09\/NoFM5.gif\" alt=\"\" width=\"1050\" height=\"1050\" \/><\/a><\/p>\n<p>Sin miedo y utilizando de manera positiva la libertar de expresi\u00f3n se ha fortalecido como ha ido pasando el tiempo invitando a sus seguidores a participar de manera activa desde todos los medios de comunicaci\u00f3n a los que han tenido alcance y no para.<\/p>\n<p><strong>NoFM<\/strong> es reconocida por generar temas de sumo inter\u00e9s y acciones reflexivas desde distintos frentes. Su participaci\u00f3n activa ha logrado fortalecer la resistencia y sumar de manera significativa interesados convirti\u00e9ndolos en seguidores.<\/p>\n<p>Este mes de septiembre, el presidente de M\u00e9xico entreg\u00f3 su quinto informe y como dice la estaci\u00f3n, sabemos lo mucho que hemos pedido como pa\u00eds. La semana pasada la ciudad sufri\u00f3 un acontecimiento brutal en el que se perdieron vidas y materiales; sin embargo, entre nosotros como sociedad, hemos demostrado la capacidad que tenemos de ayudar, apoyar, escuchar, entender y ser emp\u00e1ticos; nos hemos ganado el derecho como sociedad de ser mexicanos y no solamente por haber nacido en este pa\u00eds, sino por los valores y la \u00e9tica con la que hemos vividos nuestros \u00faltimos d\u00edas, despu\u00e9s de este cat\u00e1strofe que derrumb\u00f3 a muchos.<\/p>\n<p>Con esta celebraci\u00f3n, <strong>NoFM<\/strong> tiene la intenci\u00f3n de proponer una reflexi\u00f3n incisiva que permita a cada uno de los asistentes, amigos y cercanos, entenderse en este presente rumbo al futuro. Los artistas invitados son:<\/p>\n<p style=\"text-align: center;\"><strong>Belafonte Sensacional<\/strong> \/<strong> Los Macuanos<\/strong> \/ <strong>Los Alan Anaya<\/strong> \/ <strong>Vaya Futuro<\/strong><\/p>\n<p>Dicha fiesta, se llevar\u00e1 a cabo el pr\u00f3ximo s\u00e1bado 30 de septiembre en el <strong>Foro Normandie<\/strong> (Calle L\u00f3pez #15, col. Centro; a media cuadra del Palacio de Bellas Artes) en donde podr\u00e1s disfrutar algunas de las propuestas nacionales m\u00e1s relevantes en la escena musical. Cover de $100.00.<\/p>\n<p>Celebremos cinco a\u00f1os, de libertad de expresi\u00f3n y un a\u00f1o m\u00e1s, de ser mexicanos.<\/p>\n<p>&nbsp;<\/p>\n<p>&nbsp;<\/p>\n","protected":false},"excerpt":{"rendered":"<p>Si alguien sabe de fiestas, sin duda esos son los de NoFM. La estaci\u00f3n de radio celebra el pr\u00f3ximo 2 de octubre 5 a\u00f1os de transmisi\u00f3n interrumpida y de mantenerse en total independencia.<\/p>\n","protected":false},"author":2,"featured_media":66057,"comment_status":"open","ping_status":"open","sticky":false,"template":"","format":"standard","meta":{"footnotes":""},"categories":[1,18,17],"tags":[],"class_list":["post-66056","post","type-post","status-publish","format-standard","has-post-thumbnail","hentry","category-cultura","category-musica","category-principal"],"yoast_head":"<!-- This site is optimized with the Yoast SEO plugin v24.7 - https:\/\/yoast.com\/wordpress\/plugins\/seo\/ -->\n<title>#NoFM5, as\u00ed celebrar\u00e1 NoFM su 5\u00b0 aniversario &#171; Reconoce MX<\/title>\n<meta name=\"robots\" content=\"index, follow, max-snippet:-1, max-image-preview:large, max-video-preview:-1\" \/>\n<link rel=\"canonical\" href=\"https:\/\/www.reconoce.mx\/?p=66056\" \/>\n<meta property=\"og:locale\" content=\"es_ES\" \/>\n<meta property=\"og:type\" content=\"article\" \/>\n<meta property=\"og:title\" content=\"#NoFM5, as\u00ed celebrar\u00e1 NoFM su 5\u00b0 aniversario &#171; Reconoce MX\" \/>\n<meta property=\"og:description\" content=\"Si alguien sabe de fiestas, sin duda esos son los de NoFM. La estaci\u00f3n de radio celebra el pr\u00f3ximo 2 de octubre 5 a\u00f1os de transmisi\u00f3n interrumpida y de mantenerse en total independencia.\" \/>\n<meta property=\"og:url\" content=\"https:\/\/www.reconoce.mx\/?p=66056\" \/>\n<meta property=\"og:site_name\" content=\"Reconoce MX\" \/>\n<meta property=\"article:publisher\" content=\"https:\/\/es-la.facebook.com\/ReconoceMX\/\" \/>\n<meta property=\"article:published_time\" content=\"2017-09-25T05:02:51+00:00\" \/>\n<meta property=\"article:modified_time\" content=\"2017-09-27T00:31:52+00:00\" \/>\n<meta property=\"og:image\" content=\"https:\/\/www.reconoce.mx\/wp-content\/uploads\/2017\/09\/nofm.png\" \/>\n\t<meta property=\"og:image:width\" content=\"590\" \/>\n\t<meta property=\"og:image:height\" content=\"380\" \/>\n\t<meta property=\"og:image:type\" content=\"image\/png\" \/>\n<meta name=\"author\" content=\"Reconoce MX\" \/>\n<meta name=\"twitter:card\" content=\"summary_large_image\" \/>\n<meta name=\"twitter:creator\" content=\"@reconocemx\" \/>\n<meta name=\"twitter:site\" content=\"@reconocemx\" \/>\n<meta name=\"twitter:label1\" content=\"Escrito por\" \/>\n\t<meta name=\"twitter:data1\" content=\"Reconoce MX\" \/>\n\t<meta name=\"twitter:label2\" content=\"Tiempo de lectura\" \/>\n\t<meta name=\"twitter:data2\" content=\"3 minutos\" \/>\n<script type=\"application\/ld+json\" class=\"yoast-schema-graph\">{\"@context\":\"https:\/\/schema.org\",\"@graph\":[{\"@type\":\"Article\",\"@id\":\"https:\/\/www.reconoce.mx\/?p=66056#article\",\"isPartOf\":{\"@id\":\"https:\/\/www.reconoce.mx\/?p=66056\"},\"author\":{\"name\":\"Reconoce MX\",\"@id\":\"http:\/\/www.reconoce.mx\/#\/schema\/person\/2117e997d7051dc15d6880eaf9bca0b2\"},\"headline\":\"#NoFM5, as\u00ed celebrar\u00e1 NoFM su 5\u00b0 aniversario\",\"datePublished\":\"2017-09-25T05:02:51+00:00\",\"dateModified\":\"2017-09-27T00:31:52+00:00\",\"mainEntityOfPage\":{\"@id\":\"https:\/\/www.reconoce.mx\/?p=66056\"},\"wordCount\":508,\"commentCount\":0,\"publisher\":{\"@id\":\"http:\/\/www.reconoce.mx\/#organization\"},\"image\":{\"@id\":\"https:\/\/www.reconoce.mx\/?p=66056#primaryimage\"},\"thumbnailUrl\":\"https:\/\/www.reconoce.mx\/wp-content\/uploads\/2017\/09\/nofm.png\",\"articleSection\":[\"Cultura\",\"M\u00fasica\",\"Principal\"],\"inLanguage\":\"es\",\"potentialAction\":[{\"@type\":\"CommentAction\",\"name\":\"Comment\",\"target\":[\"https:\/\/www.reconoce.mx\/?p=66056#respond\"]}]},{\"@type\":\"WebPage\",\"@id\":\"https:\/\/www.reconoce.mx\/?p=66056\",\"url\":\"https:\/\/www.reconoce.mx\/?p=66056\",\"name\":\"#NoFM5, as\u00ed celebrar\u00e1 NoFM su 5\u00b0 aniversario &#171; Reconoce MX\",\"isPartOf\":{\"@id\":\"http:\/\/www.reconoce.mx\/#website\"},\"primaryImageOfPage\":{\"@id\":\"https:\/\/www.reconoce.mx\/?p=66056#primaryimage\"},\"image\":{\"@id\":\"https:\/\/www.reconoce.mx\/?p=66056#primaryimage\"},\"thumbnailUrl\":\"https:\/\/www.reconoce.mx\/wp-content\/uploads\/2017\/09\/nofm.png\",\"datePublished\":\"2017-09-25T05:02:51+00:00\",\"dateModified\":\"2017-09-27T00:31:52+00:00\",\"breadcrumb\":{\"@id\":\"https:\/\/www.reconoce.mx\/?p=66056#breadcrumb\"},\"inLanguage\":\"es\",\"potentialAction\":[{\"@type\":\"ReadAction\",\"target\":[\"https:\/\/www.reconoce.mx\/?p=66056\"]}]},{\"@type\":\"ImageObject\",\"inLanguage\":\"es\",\"@id\":\"https:\/\/www.reconoce.mx\/?p=66056#primaryimage\",\"url\":\"https:\/\/www.reconoce.mx\/wp-content\/uploads\/2017\/09\/nofm.png\",\"contentUrl\":\"https:\/\/www.reconoce.mx\/wp-content\/uploads\/2017\/09\/nofm.png\",\"width\":590,\"height\":380},{\"@type\":\"BreadcrumbList\",\"@id\":\"https:\/\/www.reconoce.mx\/?p=66056#breadcrumb\",\"itemListElement\":[{\"@type\":\"ListItem\",\"position\":1,\"name\":\"Portada\",\"item\":\"http:\/\/www.reconoce.mx\/\"},{\"@type\":\"ListItem\",\"position\":2,\"name\":\"#NoFM5, as\u00ed celebrar\u00e1 NoFM su 5\u00b0 aniversario\"}]},{\"@type\":\"WebSite\",\"@id\":\"http:\/\/www.reconoce.mx\/#website\",\"url\":\"http:\/\/www.reconoce.mx\/\",\"name\":\"Reconoce MX\",\"description\":\"En Reconoce MX difundimos arte, cultura y conciencia social en M\u00e9xico. Tu ciudad en otra perspectiva.\",\"publisher\":{\"@id\":\"http:\/\/www.reconoce.mx\/#organization\"},\"potentialAction\":[{\"@type\":\"SearchAction\",\"target\":{\"@type\":\"EntryPoint\",\"urlTemplate\":\"http:\/\/www.reconoce.mx\/?s={search_term_string}\"},\"query-input\":{\"@type\":\"PropertyValueSpecification\",\"valueRequired\":true,\"valueName\":\"search_term_string\"}}],\"inLanguage\":\"es\"},{\"@type\":\"Organization\",\"@id\":\"http:\/\/www.reconoce.mx\/#organization\",\"name\":\"Reconoce MX\",\"url\":\"http:\/\/www.reconoce.mx\/\",\"logo\":{\"@type\":\"ImageObject\",\"inLanguage\":\"es\",\"@id\":\"http:\/\/www.reconoce.mx\/#\/schema\/logo\/image\/\",\"url\":\"https:\/\/www.reconoce.mx\/wp-content\/uploads\/2019\/03\/logorcmx-good-1.png\",\"contentUrl\":\"https:\/\/www.reconoce.mx\/wp-content\/uploads\/2019\/03\/logorcmx-good-1.png\",\"width\":280,\"height\":90,\"caption\":\"Reconoce MX\"},\"image\":{\"@id\":\"http:\/\/www.reconoce.mx\/#\/schema\/logo\/image\/\"},\"sameAs\":[\"https:\/\/es-la.facebook.com\/ReconoceMX\/\",\"https:\/\/x.com\/reconocemx\",\"http:\/\/@reconocemx\"]},{\"@type\":\"Person\",\"@id\":\"http:\/\/www.reconoce.mx\/#\/schema\/person\/2117e997d7051dc15d6880eaf9bca0b2\",\"name\":\"Reconoce MX\",\"image\":{\"@type\":\"ImageObject\",\"inLanguage\":\"es\",\"@id\":\"http:\/\/www.reconoce.mx\/#\/schema\/person\/image\/\",\"url\":\"https:\/\/secure.gravatar.com\/avatar\/6c8d4dc7569ca1c90c5fdcc349f839d5ddef6fe1e70b4337ead2ef1a4c43fc3a?s=96&d=identicon&r=g\",\"contentUrl\":\"https:\/\/secure.gravatar.com\/avatar\/6c8d4dc7569ca1c90c5fdcc349f839d5ddef6fe1e70b4337ead2ef1a4c43fc3a?s=96&d=identicon&r=g\",\"caption\":\"Reconoce MX\"},\"description\":\"Reconoce MX es un proyecto de difusi\u00f3n art\u00edstica, cultural y de conciencia social que est\u00e1 enfocado a difundir y fomentar el entretenimiento alternativo de calidad para todo el p\u00fablico que comparta el mismo entusiasmo.\",\"sameAs\":[\"http:\/\/www.reconoce.mx\"],\"url\":\"https:\/\/www.reconoce.mx\/?author=2\"}]}<\/script>\n<!-- \/ Yoast SEO plugin. -->","yoast_head_json":{"title":"#NoFM5, as\u00ed celebrar\u00e1 NoFM su 5\u00b0 aniversario &#171; Reconoce MX","robots":{"index":"index","follow":"follow","max-snippet":"max-snippet:-1","max-image-preview":"max-image-preview:large","max-video-preview":"max-video-preview:-1"},"canonical":"https:\/\/www.reconoce.mx\/?p=66056","og_locale":"es_ES","og_type":"article","og_title":"#NoFM5, as\u00ed celebrar\u00e1 NoFM su 5\u00b0 aniversario &#171; Reconoce MX","og_description":"Si alguien sabe de fiestas, sin duda esos son los de NoFM. La estaci\u00f3n de radio celebra el pr\u00f3ximo 2 de octubre 5 a\u00f1os de transmisi\u00f3n interrumpida y de mantenerse en total independencia.","og_url":"https:\/\/www.reconoce.mx\/?p=66056","og_site_name":"Reconoce MX","article_publisher":"https:\/\/es-la.facebook.com\/ReconoceMX\/","article_published_time":"2017-09-25T05:02:51+00:00","article_modified_time":"2017-09-27T00:31:52+00:00","og_image":[{"width":590,"height":380,"url":"https:\/\/www.reconoce.mx\/wp-content\/uploads\/2017\/09\/nofm.png","type":"image\/png"}],"author":"Reconoce MX","twitter_card":"summary_large_image","twitter_creator":"@reconocemx","twitter_site":"@reconocemx","twitter_misc":{"Escrito por":"Reconoce MX","Tiempo de lectura":"3 minutos"},"schema":{"@context":"https:\/\/schema.org","@graph":[{"@type":"Article","@id":"https:\/\/www.reconoce.mx\/?p=66056#article","isPartOf":{"@id":"https:\/\/www.reconoce.mx\/?p=66056"},"author":{"name":"Reconoce MX","@id":"http:\/\/www.reconoce.mx\/#\/schema\/person\/2117e997d7051dc15d6880eaf9bca0b2"},"headline":"#NoFM5, as\u00ed celebrar\u00e1 NoFM su 5\u00b0 aniversario","datePublished":"2017-09-25T05:02:51+00:00","dateModified":"2017-09-27T00:31:52+00:00","mainEntityOfPage":{"@id":"https:\/\/www.reconoce.mx\/?p=66056"},"wordCount":508,"commentCount":0,"publisher":{"@id":"http:\/\/www.reconoce.mx\/#organization"},"image":{"@id":"https:\/\/www.reconoce.mx\/?p=66056#primaryimage"},"thumbnailUrl":"https:\/\/www.reconoce.mx\/wp-content\/uploads\/2017\/09\/nofm.png","articleSection":["Cultura","M\u00fasica","Principal"],"inLanguage":"es","potentialAction":[{"@type":"CommentAction","name":"Comment","target":["https:\/\/www.reconoce.mx\/?p=66056#respond"]}]},{"@type":"WebPage","@id":"https:\/\/www.reconoce.mx\/?p=66056","url":"https:\/\/www.reconoce.mx\/?p=66056","name":"#NoFM5, as\u00ed celebrar\u00e1 NoFM su 5\u00b0 aniversario &#171; Reconoce MX","isPartOf":{"@id":"http:\/\/www.reconoce.mx\/#website"},"primaryImageOfPage":{"@id":"https:\/\/www.reconoce.mx\/?p=66056#primaryimage"},"image":{"@id":"https:\/\/www.reconoce.mx\/?p=66056#primaryimage"},"thumbnailUrl":"https:\/\/www.reconoce.mx\/wp-content\/uploads\/2017\/09\/nofm.png","datePublished":"2017-09-25T05:02:51+00:00","dateModified":"2017-09-27T00:31:52+00:00","breadcrumb":{"@id":"https:\/\/www.reconoce.mx\/?p=66056#breadcrumb"},"inLanguage":"es","potentialAction":[{"@type":"ReadAction","target":["https:\/\/www.reconoce.mx\/?p=66056"]}]},{"@type":"ImageObject","inLanguage":"es","@id":"https:\/\/www.reconoce.mx\/?p=66056#primaryimage","url":"https:\/\/www.reconoce.mx\/wp-content\/uploads\/2017\/09\/nofm.png","contentUrl":"https:\/\/www.reconoce.mx\/wp-content\/uploads\/2017\/09\/nofm.png","width":590,"height":380},{"@type":"BreadcrumbList","@id":"https:\/\/www.reconoce.mx\/?p=66056#breadcrumb","itemListElement":[{"@type":"ListItem","position":1,"name":"Portada","item":"http:\/\/www.reconoce.mx\/"},{"@type":"ListItem","position":2,"name":"#NoFM5, as\u00ed celebrar\u00e1 NoFM su 5\u00b0 aniversario"}]},{"@type":"WebSite","@id":"http:\/\/www.reconoce.mx\/#website","url":"http:\/\/www.reconoce.mx\/","name":"Reconoce MX","description":"En Reconoce MX difundimos arte, cultura y conciencia social en M\u00e9xico. Tu ciudad en otra perspectiva.","publisher":{"@id":"http:\/\/www.reconoce.mx\/#organization"},"potentialAction":[{"@type":"SearchAction","target":{"@type":"EntryPoint","urlTemplate":"http:\/\/www.reconoce.mx\/?s={search_term_string}"},"query-input":{"@type":"PropertyValueSpecification","valueRequired":true,"valueName":"search_term_string"}}],"inLanguage":"es"},{"@type":"Organization","@id":"http:\/\/www.reconoce.mx\/#organization","name":"Reconoce MX","url":"http:\/\/www.reconoce.mx\/","logo":{"@type":"ImageObject","inLanguage":"es","@id":"http:\/\/www.reconoce.mx\/#\/schema\/logo\/image\/","url":"https:\/\/www.reconoce.mx\/wp-content\/uploads\/2019\/03\/logorcmx-good-1.png","contentUrl":"https:\/\/www.reconoce.mx\/wp-content\/uploads\/2019\/03\/logorcmx-good-1.png","width":280,"height":90,"caption":"Reconoce MX"},"image":{"@id":"http:\/\/www.reconoce.mx\/#\/schema\/logo\/image\/"},"sameAs":["https:\/\/es-la.facebook.com\/ReconoceMX\/","https:\/\/x.com\/reconocemx","http:\/\/@reconocemx"]},{"@type":"Person","@id":"http:\/\/www.reconoce.mx\/#\/schema\/person\/2117e997d7051dc15d6880eaf9bca0b2","name":"Reconoce MX","image":{"@type":"ImageObject","inLanguage":"es","@id":"http:\/\/www.reconoce.mx\/#\/schema\/person\/image\/","url":"https:\/\/secure.gravatar.com\/avatar\/6c8d4dc7569ca1c90c5fdcc349f839d5ddef6fe1e70b4337ead2ef1a4c43fc3a?s=96&d=identicon&r=g","contentUrl":"https:\/\/secure.gravatar.com\/avatar\/6c8d4dc7569ca1c90c5fdcc349f839d5ddef6fe1e70b4337ead2ef1a4c43fc3a?s=96&d=identicon&r=g","caption":"Reconoce MX"},"description":"Reconoce MX es un proyecto de difusi\u00f3n art\u00edstica, cultural y de conciencia social que est\u00e1 enfocado a difundir y fomentar el entretenimiento alternativo de calidad para todo el p\u00fablico que comparta el mismo entusiasmo.","sameAs":["http:\/\/www.reconoce.mx"],"url":"https:\/\/www.reconoce.mx\/?author=2"}]}},"_links":{"self":[{"href":"https:\/\/www.reconoce.mx\/index.php?rest_route=\/wp\/v2\/posts\/66056","targetHints":{"allow":["GET"]}}],"collection":[{"href":"https:\/\/www.reconoce.mx\/index.php?rest_route=\/wp\/v2\/posts"}],"about":[{"href":"https:\/\/www.reconoce.mx\/index.php?rest_route=\/wp\/v2\/types\/post"}],"author":[{"embeddable":true,"href":"https:\/\/www.reconoce.mx\/index.php?rest_route=\/wp\/v2\/users\/2"}],"replies":[{"embeddable":true,"href":"https:\/\/www.reconoce.mx\/index.php?rest_route=%2Fwp%2Fv2%2Fcomments&post=66056"}],"version-history":[{"count":6,"href":"https:\/\/www.reconoce.mx\/index.php?rest_route=\/wp\/v2\/posts\/66056\/revisions"}],"predecessor-version":[{"id":66141,"href":"https:\/\/www.reconoce.mx\/index.php?rest_route=\/wp\/v2\/posts\/66056\/revisions\/66141"}],"wp:featuredmedia":[{"embeddable":true,"href":"https:\/\/www.reconoce.mx\/index.php?rest_route=\/wp\/v2\/media\/66057"}],"wp:attachment":[{"href":"https:\/\/www.reconoce.mx\/index.php?rest_route=%2Fwp%2Fv2%2Fmedia&parent=66056"}],"wp:term":[{"taxonomy":"category","embeddable":true,"href":"https:\/\/www.reconoce.mx\/index.php?rest_route=%2Fwp%2Fv2%2Fcategories&post=66056"},{"taxonomy":"post_tag","embeddable":true,"href":"https:\/\/www.reconoce.mx\/index.php?rest_route=%2Fwp%2Fv2%2Ftags&post=66056"}],"curies":[{"name":"wp","href":"https:\/\/api.w.org\/{rel}","templated":true}]}}