{"id":66262,"date":"2017-10-03T00:03:45","date_gmt":"2017-10-03T05:03:45","guid":{"rendered":"http:\/\/www.reconoce.mx\/?p=66262"},"modified":"2017-10-03T14:04:23","modified_gmt":"2017-10-03T19:04:23","slug":"mon-laferte-hara-suyo-por-tres-dias-auditorio-nacional","status":"publish","type":"post","link":"https:\/\/www.reconoce.mx\/?p=66262","title":{"rendered":"Mon Laferte har\u00e1 suyo por tres d\u00edas Auditorio Nacional"},"content":{"rendered":"<p><strong> Por <a title=\"@AsfaltosTweets\" href=\"http:\/\/twitter.com\/AsfaltosTweets\" target=\"_blank\" rel=\"noopener noreferrer\">Asfaltos<\/a><\/strong>.<\/p>\n<p>Con una larga carrera que que la llev\u00f3 a convertirse muy joven en una estrella de la televisi\u00f3n chilena, muchas cosas han pasado para <strong>Monserrat Bustamante<\/strong>, nombre real de una <strong>Mon Laferte<\/strong> que desde 2007 vino a probar suerte a nuestro pa\u00eds. Fue tras muchos a\u00f1os de lucha que con el \u00abMon Laferte Vol. 1\u00bb se le hizo justicia a una cantante que desde entonces se ha convertido en un fen\u00f3meno en nuestro pa\u00eds y un orgullo en su Chile natal.<\/p>\n<p><a href=\"http:\/\/www.reconoce.mx\/wp-content\/uploads\/2017\/10\/Flyer-Mon-Laferte.jpg\"><img loading=\"lazy\" decoding=\"async\" class=\"aligncenter size-full wp-image-66263\" src=\"http:\/\/www.reconoce.mx\/wp-content\/uploads\/2017\/10\/Flyer-Mon-Laferte.jpg\" alt=\"\" width=\"705\" height=\"1280\" srcset=\"https:\/\/www.reconoce.mx\/wp-content\/uploads\/2017\/10\/Flyer-Mon-Laferte.jpg 705w, https:\/\/www.reconoce.mx\/wp-content\/uploads\/2017\/10\/Flyer-Mon-Laferte-165x300.jpg 165w, https:\/\/www.reconoce.mx\/wp-content\/uploads\/2017\/10\/Flyer-Mon-Laferte-564x1024.jpg 564w, https:\/\/www.reconoce.mx\/wp-content\/uploads\/2017\/10\/Flyer-Mon-Laferte-150x272.jpg 150w, https:\/\/www.reconoce.mx\/wp-content\/uploads\/2017\/10\/Flyer-Mon-Laferte-700x1271.jpg 700w, https:\/\/www.reconoce.mx\/wp-content\/uploads\/2017\/10\/Flyer-Mon-Laferte-658x1195.jpg 658w, https:\/\/www.reconoce.mx\/wp-content\/uploads\/2017\/10\/Flyer-Mon-Laferte-300x545.jpg 300w\" sizes=\"auto, (max-width: 705px) 100vw, 705px\" \/><\/a><\/p>\n<p>3 fechas ser\u00e1n las que protagonice la ya mexicana por adopci\u00f3n <strong>Mon Laferte<\/strong>, como parte de su \u00abAm\u00e1rrame Tour\u00bb (2015), con el que promociona su m\u00e1s reciente material \u00abLa Trenza\u00bb (2017). Tras haber agotado las primeras dos fechas de su show, los d\u00edas 5 y 6 de octubre, la creadora de \u00e9xitos como \u00abTu falta de querer\u00bb y \u00abAm\u00e1rrame\u00bb ofrecer\u00e1 un tercer y \u00faltimo el s\u00e1bado 7 de octubre en <strong>Auditorio Nacional<\/strong>.<\/p>\n<p>\u00abLa Trenza\u00bb cuenta con la participaci\u00f3n de diversos m\u00fasicos y amigos como lo son <strong>Enrique Bunbury<\/strong>, <strong>Manuel Garc\u00eda<\/strong> y <strong>Juanes<\/strong>. El \u00e9xito del material ha sido abrumador, pues desde su lanzamiento se ha colocado en el gusto del p\u00fablico, dando como resultado \u00abDisco de Platino\u00bb en M\u00e9xico por sus m\u00e1s de 60 mil unidades vendidas y \u00abDoble Platino\u00bb en Chile.<\/p>\n<p>Por tres noches, 5, 6 y 7 de octubre, <strong>Mon Laferte<\/strong> brindar\u00e1 shows que prometen emociones diversas en <strong>Auditorio Nacional<\/strong>. Para el d\u00eda 7 de octubre, a\u00fan con accesos disponibles -5 y 6 de octubre est\u00e1n agotadas-, se adquieren boletos en taquillas del inmueble y a trav\u00e9s del <a href=\"http:\/\/www.ticketmaster.com.mx\/mon-laferte-ciudad-de-mexico-distrito-federal-07-10-2017\/event\/140052FA817C20E5?artistid=2144574&amp;majorcatid=10001&amp;minorcatid=824\" target=\"_blank\" rel=\"noopener\">Sistema Ticketmaster<\/a>.<\/p>\n<p>&nbsp;<\/p>\n<p>&nbsp;<\/p>\n","protected":false},"excerpt":{"rendered":"<p>Con una larga carrera que que la llev\u00f3 a convertirse muy joven en una estrella de la televisi\u00f3n chilena, muchas cosas han pasado para Monserrat Bustamante, nombre real de una Mon Laferte que desde 2007 vino a probar suerte a nuestro pa\u00eds.<\/p>\n","protected":false},"author":2,"featured_media":66264,"comment_status":"open","ping_status":"open","sticky":false,"template":"","format":"standard","meta":{"footnotes":""},"categories":[1,18,17],"tags":[],"class_list":["post-66262","post","type-post","status-publish","format-standard","has-post-thumbnail","hentry","category-cultura","category-musica","category-principal"],"yoast_head":"<!-- This site is optimized with the Yoast SEO plugin v24.7 - https:\/\/yoast.com\/wordpress\/plugins\/seo\/ -->\n<title>Mon Laferte har\u00e1 suyo por tres d\u00edas Auditorio Nacional &#171; Reconoce MX<\/title>\n<meta name=\"robots\" content=\"index, follow, max-snippet:-1, max-image-preview:large, max-video-preview:-1\" \/>\n<link rel=\"canonical\" href=\"https:\/\/www.reconoce.mx\/?p=66262\" \/>\n<meta property=\"og:locale\" content=\"es_ES\" \/>\n<meta property=\"og:type\" content=\"article\" \/>\n<meta property=\"og:title\" content=\"Mon Laferte har\u00e1 suyo por tres d\u00edas Auditorio Nacional &#171; Reconoce MX\" \/>\n<meta property=\"og:description\" content=\"Con una larga carrera que que la llev\u00f3 a convertirse muy joven en una estrella de la televisi\u00f3n chilena, muchas cosas han pasado para Monserrat Bustamante, nombre real de una Mon Laferte que desde 2007 vino a probar suerte a nuestro pa\u00eds.\" \/>\n<meta property=\"og:url\" content=\"https:\/\/www.reconoce.mx\/?p=66262\" \/>\n<meta property=\"og:site_name\" content=\"Reconoce MX\" \/>\n<meta property=\"article:publisher\" content=\"https:\/\/es-la.facebook.com\/ReconoceMX\/\" \/>\n<meta property=\"article:published_time\" content=\"2017-10-03T05:03:45+00:00\" \/>\n<meta property=\"article:modified_time\" content=\"2017-10-03T19:04:23+00:00\" \/>\n<meta property=\"og:image\" content=\"https:\/\/www.reconoce.mx\/wp-content\/uploads\/2017\/10\/mon-laferte-cover.png\" \/>\n\t<meta property=\"og:image:width\" content=\"590\" \/>\n\t<meta property=\"og:image:height\" content=\"380\" \/>\n\t<meta property=\"og:image:type\" content=\"image\/png\" \/>\n<meta name=\"author\" content=\"Reconoce MX\" \/>\n<meta name=\"twitter:card\" content=\"summary_large_image\" \/>\n<meta name=\"twitter:creator\" content=\"@reconocemx\" \/>\n<meta name=\"twitter:site\" content=\"@reconocemx\" \/>\n<meta name=\"twitter:label1\" content=\"Escrito por\" \/>\n\t<meta name=\"twitter:data1\" content=\"Reconoce MX\" \/>\n\t<meta name=\"twitter:label2\" content=\"Tiempo de lectura\" \/>\n\t<meta name=\"twitter:data2\" content=\"1 minuto\" \/>\n<script type=\"application\/ld+json\" class=\"yoast-schema-graph\">{\"@context\":\"https:\/\/schema.org\",\"@graph\":[{\"@type\":\"Article\",\"@id\":\"https:\/\/www.reconoce.mx\/?p=66262#article\",\"isPartOf\":{\"@id\":\"https:\/\/www.reconoce.mx\/?p=66262\"},\"author\":{\"name\":\"Reconoce MX\",\"@id\":\"http:\/\/www.reconoce.mx\/#\/schema\/person\/2117e997d7051dc15d6880eaf9bca0b2\"},\"headline\":\"Mon Laferte har\u00e1 suyo por tres d\u00edas Auditorio Nacional\",\"datePublished\":\"2017-10-03T05:03:45+00:00\",\"dateModified\":\"2017-10-03T19:04:23+00:00\",\"mainEntityOfPage\":{\"@id\":\"https:\/\/www.reconoce.mx\/?p=66262\"},\"wordCount\":285,\"commentCount\":0,\"publisher\":{\"@id\":\"http:\/\/www.reconoce.mx\/#organization\"},\"image\":{\"@id\":\"https:\/\/www.reconoce.mx\/?p=66262#primaryimage\"},\"thumbnailUrl\":\"https:\/\/www.reconoce.mx\/wp-content\/uploads\/2017\/10\/mon-laferte-cover.png\",\"articleSection\":[\"Cultura\",\"M\u00fasica\",\"Principal\"],\"inLanguage\":\"es\",\"potentialAction\":[{\"@type\":\"CommentAction\",\"name\":\"Comment\",\"target\":[\"https:\/\/www.reconoce.mx\/?p=66262#respond\"]}]},{\"@type\":\"WebPage\",\"@id\":\"https:\/\/www.reconoce.mx\/?p=66262\",\"url\":\"https:\/\/www.reconoce.mx\/?p=66262\",\"name\":\"Mon Laferte har\u00e1 suyo por tres d\u00edas Auditorio Nacional &#171; Reconoce MX\",\"isPartOf\":{\"@id\":\"http:\/\/www.reconoce.mx\/#website\"},\"primaryImageOfPage\":{\"@id\":\"https:\/\/www.reconoce.mx\/?p=66262#primaryimage\"},\"image\":{\"@id\":\"https:\/\/www.reconoce.mx\/?p=66262#primaryimage\"},\"thumbnailUrl\":\"https:\/\/www.reconoce.mx\/wp-content\/uploads\/2017\/10\/mon-laferte-cover.png\",\"datePublished\":\"2017-10-03T05:03:45+00:00\",\"dateModified\":\"2017-10-03T19:04:23+00:00\",\"breadcrumb\":{\"@id\":\"https:\/\/www.reconoce.mx\/?p=66262#breadcrumb\"},\"inLanguage\":\"es\",\"potentialAction\":[{\"@type\":\"ReadAction\",\"target\":[\"https:\/\/www.reconoce.mx\/?p=66262\"]}]},{\"@type\":\"ImageObject\",\"inLanguage\":\"es\",\"@id\":\"https:\/\/www.reconoce.mx\/?p=66262#primaryimage\",\"url\":\"https:\/\/www.reconoce.mx\/wp-content\/uploads\/2017\/10\/mon-laferte-cover.png\",\"contentUrl\":\"https:\/\/www.reconoce.mx\/wp-content\/uploads\/2017\/10\/mon-laferte-cover.png\",\"width\":590,\"height\":380},{\"@type\":\"BreadcrumbList\",\"@id\":\"https:\/\/www.reconoce.mx\/?p=66262#breadcrumb\",\"itemListElement\":[{\"@type\":\"ListItem\",\"position\":1,\"name\":\"Portada\",\"item\":\"http:\/\/www.reconoce.mx\/\"},{\"@type\":\"ListItem\",\"position\":2,\"name\":\"Mon Laferte har\u00e1 suyo por tres d\u00edas Auditorio Nacional\"}]},{\"@type\":\"WebSite\",\"@id\":\"http:\/\/www.reconoce.mx\/#website\",\"url\":\"http:\/\/www.reconoce.mx\/\",\"name\":\"Reconoce MX\",\"description\":\"En Reconoce MX difundimos arte, cultura y conciencia social en M\u00e9xico. Tu ciudad en otra perspectiva.\",\"publisher\":{\"@id\":\"http:\/\/www.reconoce.mx\/#organization\"},\"potentialAction\":[{\"@type\":\"SearchAction\",\"target\":{\"@type\":\"EntryPoint\",\"urlTemplate\":\"http:\/\/www.reconoce.mx\/?s={search_term_string}\"},\"query-input\":{\"@type\":\"PropertyValueSpecification\",\"valueRequired\":true,\"valueName\":\"search_term_string\"}}],\"inLanguage\":\"es\"},{\"@type\":\"Organization\",\"@id\":\"http:\/\/www.reconoce.mx\/#organization\",\"name\":\"Reconoce MX\",\"url\":\"http:\/\/www.reconoce.mx\/\",\"logo\":{\"@type\":\"ImageObject\",\"inLanguage\":\"es\",\"@id\":\"http:\/\/www.reconoce.mx\/#\/schema\/logo\/image\/\",\"url\":\"https:\/\/www.reconoce.mx\/wp-content\/uploads\/2019\/03\/logorcmx-good-1.png\",\"contentUrl\":\"https:\/\/www.reconoce.mx\/wp-content\/uploads\/2019\/03\/logorcmx-good-1.png\",\"width\":280,\"height\":90,\"caption\":\"Reconoce MX\"},\"image\":{\"@id\":\"http:\/\/www.reconoce.mx\/#\/schema\/logo\/image\/\"},\"sameAs\":[\"https:\/\/es-la.facebook.com\/ReconoceMX\/\",\"https:\/\/x.com\/reconocemx\",\"http:\/\/@reconocemx\"]},{\"@type\":\"Person\",\"@id\":\"http:\/\/www.reconoce.mx\/#\/schema\/person\/2117e997d7051dc15d6880eaf9bca0b2\",\"name\":\"Reconoce MX\",\"image\":{\"@type\":\"ImageObject\",\"inLanguage\":\"es\",\"@id\":\"http:\/\/www.reconoce.mx\/#\/schema\/person\/image\/\",\"url\":\"https:\/\/secure.gravatar.com\/avatar\/6c8d4dc7569ca1c90c5fdcc349f839d5ddef6fe1e70b4337ead2ef1a4c43fc3a?s=96&d=identicon&r=g\",\"contentUrl\":\"https:\/\/secure.gravatar.com\/avatar\/6c8d4dc7569ca1c90c5fdcc349f839d5ddef6fe1e70b4337ead2ef1a4c43fc3a?s=96&d=identicon&r=g\",\"caption\":\"Reconoce MX\"},\"description\":\"Reconoce MX es un proyecto de difusi\u00f3n art\u00edstica, cultural y de conciencia social que est\u00e1 enfocado a difundir y fomentar el entretenimiento alternativo de calidad para todo el p\u00fablico que comparta el mismo entusiasmo.\",\"sameAs\":[\"http:\/\/www.reconoce.mx\"],\"url\":\"https:\/\/www.reconoce.mx\/?author=2\"}]}<\/script>\n<!-- \/ Yoast SEO plugin. -->","yoast_head_json":{"title":"Mon Laferte har\u00e1 suyo por tres d\u00edas Auditorio Nacional &#171; Reconoce MX","robots":{"index":"index","follow":"follow","max-snippet":"max-snippet:-1","max-image-preview":"max-image-preview:large","max-video-preview":"max-video-preview:-1"},"canonical":"https:\/\/www.reconoce.mx\/?p=66262","og_locale":"es_ES","og_type":"article","og_title":"Mon Laferte har\u00e1 suyo por tres d\u00edas Auditorio Nacional &#171; Reconoce MX","og_description":"Con una larga carrera que que la llev\u00f3 a convertirse muy joven en una estrella de la televisi\u00f3n chilena, muchas cosas han pasado para Monserrat Bustamante, nombre real de una Mon Laferte que desde 2007 vino a probar suerte a nuestro pa\u00eds.","og_url":"https:\/\/www.reconoce.mx\/?p=66262","og_site_name":"Reconoce MX","article_publisher":"https:\/\/es-la.facebook.com\/ReconoceMX\/","article_published_time":"2017-10-03T05:03:45+00:00","article_modified_time":"2017-10-03T19:04:23+00:00","og_image":[{"width":590,"height":380,"url":"https:\/\/www.reconoce.mx\/wp-content\/uploads\/2017\/10\/mon-laferte-cover.png","type":"image\/png"}],"author":"Reconoce MX","twitter_card":"summary_large_image","twitter_creator":"@reconocemx","twitter_site":"@reconocemx","twitter_misc":{"Escrito por":"Reconoce MX","Tiempo de lectura":"1 minuto"},"schema":{"@context":"https:\/\/schema.org","@graph":[{"@type":"Article","@id":"https:\/\/www.reconoce.mx\/?p=66262#article","isPartOf":{"@id":"https:\/\/www.reconoce.mx\/?p=66262"},"author":{"name":"Reconoce MX","@id":"http:\/\/www.reconoce.mx\/#\/schema\/person\/2117e997d7051dc15d6880eaf9bca0b2"},"headline":"Mon Laferte har\u00e1 suyo por tres d\u00edas Auditorio Nacional","datePublished":"2017-10-03T05:03:45+00:00","dateModified":"2017-10-03T19:04:23+00:00","mainEntityOfPage":{"@id":"https:\/\/www.reconoce.mx\/?p=66262"},"wordCount":285,"commentCount":0,"publisher":{"@id":"http:\/\/www.reconoce.mx\/#organization"},"image":{"@id":"https:\/\/www.reconoce.mx\/?p=66262#primaryimage"},"thumbnailUrl":"https:\/\/www.reconoce.mx\/wp-content\/uploads\/2017\/10\/mon-laferte-cover.png","articleSection":["Cultura","M\u00fasica","Principal"],"inLanguage":"es","potentialAction":[{"@type":"CommentAction","name":"Comment","target":["https:\/\/www.reconoce.mx\/?p=66262#respond"]}]},{"@type":"WebPage","@id":"https:\/\/www.reconoce.mx\/?p=66262","url":"https:\/\/www.reconoce.mx\/?p=66262","name":"Mon Laferte har\u00e1 suyo por tres d\u00edas Auditorio Nacional &#171; Reconoce MX","isPartOf":{"@id":"http:\/\/www.reconoce.mx\/#website"},"primaryImageOfPage":{"@id":"https:\/\/www.reconoce.mx\/?p=66262#primaryimage"},"image":{"@id":"https:\/\/www.reconoce.mx\/?p=66262#primaryimage"},"thumbnailUrl":"https:\/\/www.reconoce.mx\/wp-content\/uploads\/2017\/10\/mon-laferte-cover.png","datePublished":"2017-10-03T05:03:45+00:00","dateModified":"2017-10-03T19:04:23+00:00","breadcrumb":{"@id":"https:\/\/www.reconoce.mx\/?p=66262#breadcrumb"},"inLanguage":"es","potentialAction":[{"@type":"ReadAction","target":["https:\/\/www.reconoce.mx\/?p=66262"]}]},{"@type":"ImageObject","inLanguage":"es","@id":"https:\/\/www.reconoce.mx\/?p=66262#primaryimage","url":"https:\/\/www.reconoce.mx\/wp-content\/uploads\/2017\/10\/mon-laferte-cover.png","contentUrl":"https:\/\/www.reconoce.mx\/wp-content\/uploads\/2017\/10\/mon-laferte-cover.png","width":590,"height":380},{"@type":"BreadcrumbList","@id":"https:\/\/www.reconoce.mx\/?p=66262#breadcrumb","itemListElement":[{"@type":"ListItem","position":1,"name":"Portada","item":"http:\/\/www.reconoce.mx\/"},{"@type":"ListItem","position":2,"name":"Mon Laferte har\u00e1 suyo por tres d\u00edas Auditorio Nacional"}]},{"@type":"WebSite","@id":"http:\/\/www.reconoce.mx\/#website","url":"http:\/\/www.reconoce.mx\/","name":"Reconoce MX","description":"En Reconoce MX difundimos arte, cultura y conciencia social en M\u00e9xico. Tu ciudad en otra perspectiva.","publisher":{"@id":"http:\/\/www.reconoce.mx\/#organization"},"potentialAction":[{"@type":"SearchAction","target":{"@type":"EntryPoint","urlTemplate":"http:\/\/www.reconoce.mx\/?s={search_term_string}"},"query-input":{"@type":"PropertyValueSpecification","valueRequired":true,"valueName":"search_term_string"}}],"inLanguage":"es"},{"@type":"Organization","@id":"http:\/\/www.reconoce.mx\/#organization","name":"Reconoce MX","url":"http:\/\/www.reconoce.mx\/","logo":{"@type":"ImageObject","inLanguage":"es","@id":"http:\/\/www.reconoce.mx\/#\/schema\/logo\/image\/","url":"https:\/\/www.reconoce.mx\/wp-content\/uploads\/2019\/03\/logorcmx-good-1.png","contentUrl":"https:\/\/www.reconoce.mx\/wp-content\/uploads\/2019\/03\/logorcmx-good-1.png","width":280,"height":90,"caption":"Reconoce MX"},"image":{"@id":"http:\/\/www.reconoce.mx\/#\/schema\/logo\/image\/"},"sameAs":["https:\/\/es-la.facebook.com\/ReconoceMX\/","https:\/\/x.com\/reconocemx","http:\/\/@reconocemx"]},{"@type":"Person","@id":"http:\/\/www.reconoce.mx\/#\/schema\/person\/2117e997d7051dc15d6880eaf9bca0b2","name":"Reconoce MX","image":{"@type":"ImageObject","inLanguage":"es","@id":"http:\/\/www.reconoce.mx\/#\/schema\/person\/image\/","url":"https:\/\/secure.gravatar.com\/avatar\/6c8d4dc7569ca1c90c5fdcc349f839d5ddef6fe1e70b4337ead2ef1a4c43fc3a?s=96&d=identicon&r=g","contentUrl":"https:\/\/secure.gravatar.com\/avatar\/6c8d4dc7569ca1c90c5fdcc349f839d5ddef6fe1e70b4337ead2ef1a4c43fc3a?s=96&d=identicon&r=g","caption":"Reconoce MX"},"description":"Reconoce MX es un proyecto de difusi\u00f3n art\u00edstica, cultural y de conciencia social que est\u00e1 enfocado a difundir y fomentar el entretenimiento alternativo de calidad para todo el p\u00fablico que comparta el mismo entusiasmo.","sameAs":["http:\/\/www.reconoce.mx"],"url":"https:\/\/www.reconoce.mx\/?author=2"}]}},"_links":{"self":[{"href":"https:\/\/www.reconoce.mx\/index.php?rest_route=\/wp\/v2\/posts\/66262","targetHints":{"allow":["GET"]}}],"collection":[{"href":"https:\/\/www.reconoce.mx\/index.php?rest_route=\/wp\/v2\/posts"}],"about":[{"href":"https:\/\/www.reconoce.mx\/index.php?rest_route=\/wp\/v2\/types\/post"}],"author":[{"embeddable":true,"href":"https:\/\/www.reconoce.mx\/index.php?rest_route=\/wp\/v2\/users\/2"}],"replies":[{"embeddable":true,"href":"https:\/\/www.reconoce.mx\/index.php?rest_route=%2Fwp%2Fv2%2Fcomments&post=66262"}],"version-history":[{"count":1,"href":"https:\/\/www.reconoce.mx\/index.php?rest_route=\/wp\/v2\/posts\/66262\/revisions"}],"predecessor-version":[{"id":66265,"href":"https:\/\/www.reconoce.mx\/index.php?rest_route=\/wp\/v2\/posts\/66262\/revisions\/66265"}],"wp:featuredmedia":[{"embeddable":true,"href":"https:\/\/www.reconoce.mx\/index.php?rest_route=\/wp\/v2\/media\/66264"}],"wp:attachment":[{"href":"https:\/\/www.reconoce.mx\/index.php?rest_route=%2Fwp%2Fv2%2Fmedia&parent=66262"}],"wp:term":[{"taxonomy":"category","embeddable":true,"href":"https:\/\/www.reconoce.mx\/index.php?rest_route=%2Fwp%2Fv2%2Fcategories&post=66262"},{"taxonomy":"post_tag","embeddable":true,"href":"https:\/\/www.reconoce.mx\/index.php?rest_route=%2Fwp%2Fv2%2Ftags&post=66262"}],"curies":[{"name":"wp","href":"https:\/\/api.w.org\/{rel}","templated":true}]}}