{"id":66266,"date":"2017-10-02T00:01:14","date_gmt":"2017-10-02T05:01:14","guid":{"rendered":"http:\/\/www.reconoce.mx\/?p=66266"},"modified":"2017-10-07T16:29:57","modified_gmt":"2017-10-07T21:29:57","slug":"talento-emergente-los-cineastas-del-futuro-en-cineteca-nacional","status":"publish","type":"post","link":"https:\/\/www.reconoce.mx\/?p=66266","title":{"rendered":"Talento Emergente: los cineastas del futuro en Cineteca Nacional"},"content":{"rendered":"<p><strong> Por <a title=\"@AsfaltosTweets\" href=\"http:\/\/twitter.com\/AsfaltosTweets\" target=\"_blank\" rel=\"noopener noreferrer\">Asfaltos<\/a><\/strong>.<\/p>\n<p>Los cineastas del futuro se re\u00fanen por tercera ocasi\u00f3n en <strong>Talento Emergente<\/strong> de <strong>Cineteca Nacional<\/strong>. En esta ocasi\u00f3n, para dar un repaso por propuestas que buscan consolidarse como los grandes nombres de ma\u00f1ana, se se han reunido 14 pel\u00edculas de Argentina, Chile, Sud\u00e1frica, Grecia y China, entre otras naciones. La muestra se lleva a cabo en <strong>Cineteca Nacional<\/strong> desde el s\u00e1bado 30 de septiembre y hasta el pr\u00f3ximo viernes 13 de octubre.<\/p>\n<p><a href=\"http:\/\/www.reconoce.mx\/wp-content\/uploads\/2017\/10\/Talento-Cartel-web.jpg\"><img loading=\"lazy\" decoding=\"async\" class=\"aligncenter size-full wp-image-66268\" src=\"http:\/\/www.reconoce.mx\/wp-content\/uploads\/2017\/10\/Talento-Cartel-web.jpg\" alt=\"\" width=\"667\" height=\"1000\" srcset=\"https:\/\/www.reconoce.mx\/wp-content\/uploads\/2017\/10\/Talento-Cartel-web.jpg 667w, https:\/\/www.reconoce.mx\/wp-content\/uploads\/2017\/10\/Talento-Cartel-web-200x300.jpg 200w, https:\/\/www.reconoce.mx\/wp-content\/uploads\/2017\/10\/Talento-Cartel-web-150x225.jpg 150w, https:\/\/www.reconoce.mx\/wp-content\/uploads\/2017\/10\/Talento-Cartel-web-658x987.jpg 658w, https:\/\/www.reconoce.mx\/wp-content\/uploads\/2017\/10\/Talento-Cartel-web-300x450.jpg 300w\" sizes=\"auto, (max-width: 667px) 100vw, 667px\" \/><\/a><\/p>\n<p><strong>Talento Emergente<\/strong> de <strong>Cineteca Nacional<\/strong> da cabida a las primeras y segundas obras de realizadores cuyo trabajo apuesta por mostrarlos como las luminarias del futuro pr\u00edximo. <strong>Talento Emergente<\/strong> tiene como intenci\u00f3n abrir un espacio que exhiba un panorama de \u00f3peras primas producidas en todo el mundo, sin distinci\u00f3n de sus maneras cinematogr\u00e1ficas, sean m\u00e1s o menos convencionales, pero que por supuesto revelen una calidad considerable.<\/p>\n<p>Para esta tercera edici\u00f3n, catorce filmes representan una muestra importante del cine latinoamericano, convocando as\u00ed pel\u00edculas de Argentina, Chile, Per\u00fa, Ecuador y M\u00e9xico; as\u00ed como obras de Suecia, Estados Unidos, Grecia, China y Sud\u00e1frica con respecto al resto del mundo.<\/p>\n<style>.embed-container { position: relative; padding-bottom: 56.25%; height: 0; overflow: hidden; max-width: 100%; } .embed-container iframe, .embed-container object, .embed-container embed { position: absolute; top: 0; left: 0; width: 100%; height: 100%; }<\/style>\n<div class=\"embed-container\"><iframe loading=\"lazy\" src=\"https:\/\/www.youtube.com\/embed\/M7p9BzlxEmE\" width=\"300\" height=\"150\" frameborder=\"0\" allowfullscreen=\"allowfullscreen\"><\/iframe><\/div>\n<p>&nbsp;<\/p>\n<p>Las producciones que cuentan con presencia nacional, son \u00abZanjas\u00bb (Argentina-M\u00e9xico, 2015) del realizador argentino <strong>Francisco Joaqu\u00edn Paparella<\/strong>, largometraje que acompa\u00f1a a un trabajador rural de la Patagonia mientras padece una crisis existencial a causa de la violencia que se vive en el pueblo. Tambi\u00e9n se presenta \u00abBruma\u00bb (M\u00e9xico-Alemania, 2017) de<strong> Max Zunino<\/strong>, que se concentra en las impresiones de una joven que intenta desvincularse de su familia, su noviazgo y su pa\u00eds para encontrar una identidad propia. En \u00abAlba\u00bb (Ecuador-M\u00e9xico-Grecia, 2016) de <strong>Ana Cristina Barrag\u00e1n<\/strong>, se nos cuenta la culminaci\u00f3n de una b\u00fasqueda por retratar con sutileza los \u00faltimos momentos de la ni\u00f1ez femenina podemos encontrarla; y en \u00abLa casa m\u00e1s grande del mundo\u00bb (Guatemala-M\u00e9xico, 2015) de <strong>Ana V. Boj\u00f3rquez<\/strong> y <strong>Luc\u00eda Carreras<\/strong> -su primera pel\u00edcula- se nos presenta una historia filmada en una comunidad maya de la etnia mam con elementos propios de una f\u00e1bula literaria.<\/p>\n<p>Para disfrutar de todas y cada una de las cintas presentes en <strong>Talento Emergente<\/strong>, <strong>Cineteca Nacional<\/strong> ha dispuesto de las siguientes promociones. \u00abPromoci\u00f3n estudiantes, menores de 25 a\u00f1os, maestros e INAPAM\u00bb: 14 boletos (uno por cada pel\u00edcula del <strong>Talento Emergente<\/strong>) por $336.00 (20% de descuento). \u00abPromoci\u00f3n p\u00fablico en general\u00bb: 14 boletos (uno por cada pel\u00edcula del <strong>Talento Emergente<\/strong>) por $560.00 (20% de descuento). Para conocer programaci\u00f3n y m\u00e1s informaci\u00f3n de<strong> Talento Emergente<\/strong>, <a href=\"http:\/\/www.cinetecanacional.net\/micrositios\/talento_emergente3\/\" target=\"_blank\" rel=\"noopener\">accede al micrositio<\/a> de <strong>Talento Emergente<\/strong>.<\/p>\n<p style=\"text-align: right;\">Con informaci\u00f3n e im\u00e1genes cortes\u00eda de <strong>Cineteca Nacional<\/strong>.<\/p>\n<p>&nbsp;<\/p>\n<p>&nbsp;<\/p>\n","protected":false},"excerpt":{"rendered":"<p>Los cineastas del futuro se re\u00fanen por tercera ocasi\u00f3n en Talento Emergente de Cineteca Nacional.<\/p>\n","protected":false},"author":2,"featured_media":66267,"comment_status":"open","ping_status":"open","sticky":false,"template":"","format":"standard","meta":{"footnotes":""},"categories":[24,1,17],"tags":[],"class_list":["post-66266","post","type-post","status-publish","format-standard","has-post-thumbnail","hentry","category-cine","category-cultura","category-principal"],"yoast_head":"<!-- This site is optimized with the Yoast SEO plugin v24.7 - https:\/\/yoast.com\/wordpress\/plugins\/seo\/ -->\n<title>Talento Emergente: los cineastas del futuro en Cineteca Nacional &#171; Reconoce MX<\/title>\n<meta name=\"robots\" content=\"index, follow, max-snippet:-1, max-image-preview:large, max-video-preview:-1\" \/>\n<link rel=\"canonical\" href=\"http:\/\/www.reconoce.mx\/?p=66266\" \/>\n<meta property=\"og:locale\" content=\"es_ES\" \/>\n<meta property=\"og:type\" content=\"article\" \/>\n<meta property=\"og:title\" content=\"Talento Emergente: los cineastas del futuro en Cineteca Nacional &#171; Reconoce MX\" \/>\n<meta property=\"og:description\" content=\"Los cineastas del futuro se re\u00fanen por tercera ocasi\u00f3n en Talento Emergente de Cineteca Nacional.\" \/>\n<meta property=\"og:url\" content=\"http:\/\/www.reconoce.mx\/?p=66266\" \/>\n<meta property=\"og:site_name\" content=\"Reconoce MX\" \/>\n<meta property=\"article:publisher\" content=\"https:\/\/es-la.facebook.com\/ReconoceMX\/\" \/>\n<meta property=\"article:published_time\" content=\"2017-10-02T05:01:14+00:00\" \/>\n<meta property=\"article:modified_time\" content=\"2017-10-07T21:29:57+00:00\" \/>\n<meta property=\"og:image\" content=\"http:\/\/www.reconoce.mx\/wp-content\/uploads\/2017\/10\/talento-emergente.png\" \/>\n\t<meta property=\"og:image:width\" content=\"590\" \/>\n\t<meta property=\"og:image:height\" content=\"380\" \/>\n\t<meta property=\"og:image:type\" content=\"image\/png\" \/>\n<meta name=\"author\" content=\"Reconoce MX\" \/>\n<meta name=\"twitter:card\" content=\"summary_large_image\" \/>\n<meta name=\"twitter:creator\" content=\"@reconocemx\" \/>\n<meta name=\"twitter:site\" content=\"@reconocemx\" \/>\n<meta name=\"twitter:label1\" content=\"Escrito por\" \/>\n\t<meta name=\"twitter:data1\" content=\"Reconoce MX\" \/>\n\t<meta name=\"twitter:label2\" content=\"Tiempo de lectura\" \/>\n\t<meta name=\"twitter:data2\" content=\"2 minutos\" \/>\n<script type=\"application\/ld+json\" class=\"yoast-schema-graph\">{\"@context\":\"https:\/\/schema.org\",\"@graph\":[{\"@type\":\"Article\",\"@id\":\"http:\/\/www.reconoce.mx\/?p=66266#article\",\"isPartOf\":{\"@id\":\"http:\/\/www.reconoce.mx\/?p=66266\"},\"author\":{\"name\":\"Reconoce MX\",\"@id\":\"http:\/\/www.reconoce.mx\/#\/schema\/person\/2117e997d7051dc15d6880eaf9bca0b2\"},\"headline\":\"Talento Emergente: los cineastas del futuro en Cineteca Nacional\",\"datePublished\":\"2017-10-02T05:01:14+00:00\",\"dateModified\":\"2017-10-07T21:29:57+00:00\",\"mainEntityOfPage\":{\"@id\":\"http:\/\/www.reconoce.mx\/?p=66266\"},\"wordCount\":456,\"commentCount\":0,\"publisher\":{\"@id\":\"http:\/\/www.reconoce.mx\/#organization\"},\"image\":{\"@id\":\"http:\/\/www.reconoce.mx\/?p=66266#primaryimage\"},\"thumbnailUrl\":\"https:\/\/www.reconoce.mx\/wp-content\/uploads\/2017\/10\/talento-emergente.png\",\"articleSection\":[\"Cine\",\"Cultura\",\"Principal\"],\"inLanguage\":\"es\",\"potentialAction\":[{\"@type\":\"CommentAction\",\"name\":\"Comment\",\"target\":[\"http:\/\/www.reconoce.mx\/?p=66266#respond\"]}]},{\"@type\":\"WebPage\",\"@id\":\"http:\/\/www.reconoce.mx\/?p=66266\",\"url\":\"http:\/\/www.reconoce.mx\/?p=66266\",\"name\":\"Talento Emergente: los cineastas del futuro en Cineteca Nacional &#171; Reconoce MX\",\"isPartOf\":{\"@id\":\"http:\/\/www.reconoce.mx\/#website\"},\"primaryImageOfPage\":{\"@id\":\"http:\/\/www.reconoce.mx\/?p=66266#primaryimage\"},\"image\":{\"@id\":\"http:\/\/www.reconoce.mx\/?p=66266#primaryimage\"},\"thumbnailUrl\":\"https:\/\/www.reconoce.mx\/wp-content\/uploads\/2017\/10\/talento-emergente.png\",\"datePublished\":\"2017-10-02T05:01:14+00:00\",\"dateModified\":\"2017-10-07T21:29:57+00:00\",\"breadcrumb\":{\"@id\":\"http:\/\/www.reconoce.mx\/?p=66266#breadcrumb\"},\"inLanguage\":\"es\",\"potentialAction\":[{\"@type\":\"ReadAction\",\"target\":[\"http:\/\/www.reconoce.mx\/?p=66266\"]}]},{\"@type\":\"ImageObject\",\"inLanguage\":\"es\",\"@id\":\"http:\/\/www.reconoce.mx\/?p=66266#primaryimage\",\"url\":\"https:\/\/www.reconoce.mx\/wp-content\/uploads\/2017\/10\/talento-emergente.png\",\"contentUrl\":\"https:\/\/www.reconoce.mx\/wp-content\/uploads\/2017\/10\/talento-emergente.png\",\"width\":590,\"height\":380},{\"@type\":\"BreadcrumbList\",\"@id\":\"http:\/\/www.reconoce.mx\/?p=66266#breadcrumb\",\"itemListElement\":[{\"@type\":\"ListItem\",\"position\":1,\"name\":\"Portada\",\"item\":\"http:\/\/www.reconoce.mx\/\"},{\"@type\":\"ListItem\",\"position\":2,\"name\":\"Talento Emergente: los cineastas del futuro en Cineteca Nacional\"}]},{\"@type\":\"WebSite\",\"@id\":\"http:\/\/www.reconoce.mx\/#website\",\"url\":\"http:\/\/www.reconoce.mx\/\",\"name\":\"Reconoce MX\",\"description\":\"En Reconoce MX difundimos arte, cultura y conciencia social en M\u00e9xico. Tu ciudad en otra perspectiva.\",\"publisher\":{\"@id\":\"http:\/\/www.reconoce.mx\/#organization\"},\"potentialAction\":[{\"@type\":\"SearchAction\",\"target\":{\"@type\":\"EntryPoint\",\"urlTemplate\":\"http:\/\/www.reconoce.mx\/?s={search_term_string}\"},\"query-input\":{\"@type\":\"PropertyValueSpecification\",\"valueRequired\":true,\"valueName\":\"search_term_string\"}}],\"inLanguage\":\"es\"},{\"@type\":\"Organization\",\"@id\":\"http:\/\/www.reconoce.mx\/#organization\",\"name\":\"Reconoce MX\",\"url\":\"http:\/\/www.reconoce.mx\/\",\"logo\":{\"@type\":\"ImageObject\",\"inLanguage\":\"es\",\"@id\":\"http:\/\/www.reconoce.mx\/#\/schema\/logo\/image\/\",\"url\":\"https:\/\/www.reconoce.mx\/wp-content\/uploads\/2019\/03\/logorcmx-good-1.png\",\"contentUrl\":\"https:\/\/www.reconoce.mx\/wp-content\/uploads\/2019\/03\/logorcmx-good-1.png\",\"width\":280,\"height\":90,\"caption\":\"Reconoce MX\"},\"image\":{\"@id\":\"http:\/\/www.reconoce.mx\/#\/schema\/logo\/image\/\"},\"sameAs\":[\"https:\/\/es-la.facebook.com\/ReconoceMX\/\",\"https:\/\/x.com\/reconocemx\",\"http:\/\/@reconocemx\"]},{\"@type\":\"Person\",\"@id\":\"http:\/\/www.reconoce.mx\/#\/schema\/person\/2117e997d7051dc15d6880eaf9bca0b2\",\"name\":\"Reconoce MX\",\"image\":{\"@type\":\"ImageObject\",\"inLanguage\":\"es\",\"@id\":\"http:\/\/www.reconoce.mx\/#\/schema\/person\/image\/\",\"url\":\"https:\/\/secure.gravatar.com\/avatar\/6c8d4dc7569ca1c90c5fdcc349f839d5ddef6fe1e70b4337ead2ef1a4c43fc3a?s=96&d=identicon&r=g\",\"contentUrl\":\"https:\/\/secure.gravatar.com\/avatar\/6c8d4dc7569ca1c90c5fdcc349f839d5ddef6fe1e70b4337ead2ef1a4c43fc3a?s=96&d=identicon&r=g\",\"caption\":\"Reconoce MX\"},\"description\":\"Reconoce MX es un proyecto de difusi\u00f3n art\u00edstica, cultural y de conciencia social que est\u00e1 enfocado a difundir y fomentar el entretenimiento alternativo de calidad para todo el p\u00fablico que comparta el mismo entusiasmo.\",\"sameAs\":[\"http:\/\/www.reconoce.mx\"],\"url\":\"https:\/\/www.reconoce.mx\/?author=2\"}]}<\/script>\n<!-- \/ Yoast SEO plugin. -->","yoast_head_json":{"title":"Talento Emergente: los cineastas del futuro en Cineteca Nacional &#171; Reconoce MX","robots":{"index":"index","follow":"follow","max-snippet":"max-snippet:-1","max-image-preview":"max-image-preview:large","max-video-preview":"max-video-preview:-1"},"canonical":"http:\/\/www.reconoce.mx\/?p=66266","og_locale":"es_ES","og_type":"article","og_title":"Talento Emergente: los cineastas del futuro en Cineteca Nacional &#171; Reconoce MX","og_description":"Los cineastas del futuro se re\u00fanen por tercera ocasi\u00f3n en Talento Emergente de Cineteca Nacional.","og_url":"http:\/\/www.reconoce.mx\/?p=66266","og_site_name":"Reconoce MX","article_publisher":"https:\/\/es-la.facebook.com\/ReconoceMX\/","article_published_time":"2017-10-02T05:01:14+00:00","article_modified_time":"2017-10-07T21:29:57+00:00","og_image":[{"width":590,"height":380,"url":"http:\/\/www.reconoce.mx\/wp-content\/uploads\/2017\/10\/talento-emergente.png","type":"image\/png"}],"author":"Reconoce MX","twitter_card":"summary_large_image","twitter_creator":"@reconocemx","twitter_site":"@reconocemx","twitter_misc":{"Escrito por":"Reconoce MX","Tiempo de lectura":"2 minutos"},"schema":{"@context":"https:\/\/schema.org","@graph":[{"@type":"Article","@id":"http:\/\/www.reconoce.mx\/?p=66266#article","isPartOf":{"@id":"http:\/\/www.reconoce.mx\/?p=66266"},"author":{"name":"Reconoce MX","@id":"http:\/\/www.reconoce.mx\/#\/schema\/person\/2117e997d7051dc15d6880eaf9bca0b2"},"headline":"Talento Emergente: los cineastas del futuro en Cineteca Nacional","datePublished":"2017-10-02T05:01:14+00:00","dateModified":"2017-10-07T21:29:57+00:00","mainEntityOfPage":{"@id":"http:\/\/www.reconoce.mx\/?p=66266"},"wordCount":456,"commentCount":0,"publisher":{"@id":"http:\/\/www.reconoce.mx\/#organization"},"image":{"@id":"http:\/\/www.reconoce.mx\/?p=66266#primaryimage"},"thumbnailUrl":"https:\/\/www.reconoce.mx\/wp-content\/uploads\/2017\/10\/talento-emergente.png","articleSection":["Cine","Cultura","Principal"],"inLanguage":"es","potentialAction":[{"@type":"CommentAction","name":"Comment","target":["http:\/\/www.reconoce.mx\/?p=66266#respond"]}]},{"@type":"WebPage","@id":"http:\/\/www.reconoce.mx\/?p=66266","url":"http:\/\/www.reconoce.mx\/?p=66266","name":"Talento Emergente: los cineastas del futuro en Cineteca Nacional &#171; Reconoce MX","isPartOf":{"@id":"http:\/\/www.reconoce.mx\/#website"},"primaryImageOfPage":{"@id":"http:\/\/www.reconoce.mx\/?p=66266#primaryimage"},"image":{"@id":"http:\/\/www.reconoce.mx\/?p=66266#primaryimage"},"thumbnailUrl":"https:\/\/www.reconoce.mx\/wp-content\/uploads\/2017\/10\/talento-emergente.png","datePublished":"2017-10-02T05:01:14+00:00","dateModified":"2017-10-07T21:29:57+00:00","breadcrumb":{"@id":"http:\/\/www.reconoce.mx\/?p=66266#breadcrumb"},"inLanguage":"es","potentialAction":[{"@type":"ReadAction","target":["http:\/\/www.reconoce.mx\/?p=66266"]}]},{"@type":"ImageObject","inLanguage":"es","@id":"http:\/\/www.reconoce.mx\/?p=66266#primaryimage","url":"https:\/\/www.reconoce.mx\/wp-content\/uploads\/2017\/10\/talento-emergente.png","contentUrl":"https:\/\/www.reconoce.mx\/wp-content\/uploads\/2017\/10\/talento-emergente.png","width":590,"height":380},{"@type":"BreadcrumbList","@id":"http:\/\/www.reconoce.mx\/?p=66266#breadcrumb","itemListElement":[{"@type":"ListItem","position":1,"name":"Portada","item":"http:\/\/www.reconoce.mx\/"},{"@type":"ListItem","position":2,"name":"Talento Emergente: los cineastas del futuro en Cineteca Nacional"}]},{"@type":"WebSite","@id":"http:\/\/www.reconoce.mx\/#website","url":"http:\/\/www.reconoce.mx\/","name":"Reconoce MX","description":"En Reconoce MX difundimos arte, cultura y conciencia social en M\u00e9xico. Tu ciudad en otra perspectiva.","publisher":{"@id":"http:\/\/www.reconoce.mx\/#organization"},"potentialAction":[{"@type":"SearchAction","target":{"@type":"EntryPoint","urlTemplate":"http:\/\/www.reconoce.mx\/?s={search_term_string}"},"query-input":{"@type":"PropertyValueSpecification","valueRequired":true,"valueName":"search_term_string"}}],"inLanguage":"es"},{"@type":"Organization","@id":"http:\/\/www.reconoce.mx\/#organization","name":"Reconoce MX","url":"http:\/\/www.reconoce.mx\/","logo":{"@type":"ImageObject","inLanguage":"es","@id":"http:\/\/www.reconoce.mx\/#\/schema\/logo\/image\/","url":"https:\/\/www.reconoce.mx\/wp-content\/uploads\/2019\/03\/logorcmx-good-1.png","contentUrl":"https:\/\/www.reconoce.mx\/wp-content\/uploads\/2019\/03\/logorcmx-good-1.png","width":280,"height":90,"caption":"Reconoce MX"},"image":{"@id":"http:\/\/www.reconoce.mx\/#\/schema\/logo\/image\/"},"sameAs":["https:\/\/es-la.facebook.com\/ReconoceMX\/","https:\/\/x.com\/reconocemx","http:\/\/@reconocemx"]},{"@type":"Person","@id":"http:\/\/www.reconoce.mx\/#\/schema\/person\/2117e997d7051dc15d6880eaf9bca0b2","name":"Reconoce MX","image":{"@type":"ImageObject","inLanguage":"es","@id":"http:\/\/www.reconoce.mx\/#\/schema\/person\/image\/","url":"https:\/\/secure.gravatar.com\/avatar\/6c8d4dc7569ca1c90c5fdcc349f839d5ddef6fe1e70b4337ead2ef1a4c43fc3a?s=96&d=identicon&r=g","contentUrl":"https:\/\/secure.gravatar.com\/avatar\/6c8d4dc7569ca1c90c5fdcc349f839d5ddef6fe1e70b4337ead2ef1a4c43fc3a?s=96&d=identicon&r=g","caption":"Reconoce MX"},"description":"Reconoce MX es un proyecto de difusi\u00f3n art\u00edstica, cultural y de conciencia social que est\u00e1 enfocado a difundir y fomentar el entretenimiento alternativo de calidad para todo el p\u00fablico que comparta el mismo entusiasmo.","sameAs":["http:\/\/www.reconoce.mx"],"url":"https:\/\/www.reconoce.mx\/?author=2"}]}},"_links":{"self":[{"href":"https:\/\/www.reconoce.mx\/index.php?rest_route=\/wp\/v2\/posts\/66266","targetHints":{"allow":["GET"]}}],"collection":[{"href":"https:\/\/www.reconoce.mx\/index.php?rest_route=\/wp\/v2\/posts"}],"about":[{"href":"https:\/\/www.reconoce.mx\/index.php?rest_route=\/wp\/v2\/types\/post"}],"author":[{"embeddable":true,"href":"https:\/\/www.reconoce.mx\/index.php?rest_route=\/wp\/v2\/users\/2"}],"replies":[{"embeddable":true,"href":"https:\/\/www.reconoce.mx\/index.php?rest_route=%2Fwp%2Fv2%2Fcomments&post=66266"}],"version-history":[{"count":5,"href":"https:\/\/www.reconoce.mx\/index.php?rest_route=\/wp\/v2\/posts\/66266\/revisions"}],"predecessor-version":[{"id":66545,"href":"https:\/\/www.reconoce.mx\/index.php?rest_route=\/wp\/v2\/posts\/66266\/revisions\/66545"}],"wp:featuredmedia":[{"embeddable":true,"href":"https:\/\/www.reconoce.mx\/index.php?rest_route=\/wp\/v2\/media\/66267"}],"wp:attachment":[{"href":"https:\/\/www.reconoce.mx\/index.php?rest_route=%2Fwp%2Fv2%2Fmedia&parent=66266"}],"wp:term":[{"taxonomy":"category","embeddable":true,"href":"https:\/\/www.reconoce.mx\/index.php?rest_route=%2Fwp%2Fv2%2Fcategories&post=66266"},{"taxonomy":"post_tag","embeddable":true,"href":"https:\/\/www.reconoce.mx\/index.php?rest_route=%2Fwp%2Fv2%2Ftags&post=66266"}],"curies":[{"name":"wp","href":"https:\/\/api.w.org\/{rel}","templated":true}]}}