{"id":66321,"date":"2017-10-02T00:05:30","date_gmt":"2017-10-02T05:05:30","guid":{"rendered":"http:\/\/www.reconoce.mx\/?p=66321"},"modified":"2017-10-02T00:25:49","modified_gmt":"2017-10-02T05:25:49","slug":"the-joshua-tree-y-yo","status":"publish","type":"post","link":"https:\/\/www.reconoce.mx\/?p=66321","title":{"rendered":"\u00abThe Joshua Tree\u00bb y yo"},"content":{"rendered":"<p><a href=\"http:\/\/www.reconoce.mx\/category\/columnistas\/la-ballesta-de-mascatabaco\/\"><img loading=\"lazy\" decoding=\"async\" class=\"aligncenter size-full wp-image-42011\" src=\"http:\/\/www.reconoce.mx\/wp-content\/uploads\/2015\/05\/la-ballesta.png\" sizes=\"auto, (max-width: 570px) 100vw, 570px\" srcset=\"http:\/\/www.reconoce.mx\/wp-content\/uploads\/2015\/05\/la-ballesta.png 570w, http:\/\/www.reconoce.mx\/wp-content\/uploads\/2015\/05\/la-ballesta-300x37.png 300w, http:\/\/www.reconoce.mx\/wp-content\/uploads\/2015\/05\/la-ballesta-150x18.png 150w\" alt=\"la-ballesta\" width=\"570\" height=\"70\" \/><\/a><strong><br \/>\nPor <a title=\"@AsfaltosTweets\" href=\"http:\/\/twitter.com\/AsfaltosTweets\" target=\"_blank\" rel=\"noopener noreferrer\">Asfaltos<\/a><\/strong>.<\/p>\n<p><a href=\"http:\/\/www.reconoce.mx\/19-de-septiembre-32-anos-despues\/\" target=\"_blank\" rel=\"noopener\">Con todo lo que ha pasado en Ciudad de M\u00e9xico<\/a>, apenas record\u00e9 hace unos d\u00edas que <strong>U2<\/strong> volver\u00eda a tocar a M\u00e9xico, y que s\u00ed, yo asistir\u00eda una vez m\u00e1s a verles. <strong>U2<\/strong> brindar\u00e1 2 conciertos en Ciudad de M\u00e9xico, ma\u00f1ana 3 y pasado ma\u00f1ana 4 de octubre de 2017; ambos shows ser\u00e1n en el <strong>Foro Sol<\/strong>. Por lo pronto, la primer fecha, la del 3 de octubre, est\u00e1 agotada. <strong>U2<\/strong> visita M\u00e9xico por quinta ocasi\u00f3n, desde aquella primera en noviembre de 1992.<\/p>\n<p><a href=\"http:\/\/www.reconoce.mx\/wp-content\/uploads\/2017\/10\/DSC00247.jpg\"><img loading=\"lazy\" decoding=\"async\" class=\"alignleft size-full wp-image-66323\" src=\"http:\/\/www.reconoce.mx\/wp-content\/uploads\/2017\/10\/DSC00247.jpg\" alt=\"\" width=\"225\" height=\"400\" srcset=\"https:\/\/www.reconoce.mx\/wp-content\/uploads\/2017\/10\/DSC00247.jpg 225w, https:\/\/www.reconoce.mx\/wp-content\/uploads\/2017\/10\/DSC00247-169x300.jpg 169w, https:\/\/www.reconoce.mx\/wp-content\/uploads\/2017\/10\/DSC00247-150x267.jpg 150w\" sizes=\"auto, (max-width: 225px) 100vw, 225px\" \/><\/a><strong>U2<\/strong> ha sido siempre mi grupo favorito. Su m\u00fasica me ha acompa\u00f1ado por muchos a\u00f1os desde que la empezaba a escuchar en el carro, cortes\u00eda de mis pap\u00e1s, quienes repet\u00edan y repet\u00edan, una y otra vez, los casetes que ten\u00edan de los irlandeses. \u00abThe Unforgettable Fire\u00bb (1984), \u00abRattle and Hum\u00bb (1988), \u00abAchtung Baby\u00bb (1991), \u00abZooropa\u00bb (1993) y s\u00ed, desde luego, \u00abThe Joshua Tree\u00bb (1987).<\/p>\n<p>Desde el inicio \u00abThe Joshua Tree\u00bb me parec\u00eda una maravilla, primero por la canci\u00f3n de introducci\u00f3n, por la maravillosa y siempre emotiva \u00abWhere The Streets Have No Name\u00bb. \u00a1Qu\u00e9 forma de empezar un \u00e1lbum! \u00a1Qu\u00e9 forma de iniciar cualquier obra! El famoso <em>riff<\/em> de la guitarra de The Edge, el eterno <em>riff<\/em> de la rola, sirve como base para una canci\u00f3n que ha sido siempre grandilocuente, y que sobre todo, emociona desde el momento en el que se le escucha.<\/p>\n<p>\u00bfDespu\u00e9s? Despu\u00e9s \u00abI Still Haven&#8217;t Found What I&#8217;m looking For\u00bb y \u00abWith Or Without You\u00bb. \u00bfAs\u00ed, o mejor forma de empezar un \u00e1lbum? Los tres grandes \u00e9xitos de \u00abThe Joshua Tree\u00bb pegaditos, listos para empezar un material que no te suelta sino hasta el final; tres \u00e9xitos que adem\u00e1s se cuentan sin problema entre los m\u00e1s grandes \u00e9xitos en toda la carrera de la banda. \u00bfSabr\u00edan desde el inicio que esas 3 se volver\u00edan eternas?<\/p>\n<p>Cuando estaba morro, cuando estudiaba en la primaria, mis amigos y compa\u00f1eros me preguntaban por el grupo musical que me gustaba. No recuerdo mucho qu\u00e9 escuch\u00e1bamos, no recuerdo en s\u00ed si en los primeros a\u00f1os de la primaria realmente a uno le gustara fervientemente la m\u00fasica; pero lo que s\u00ed recuerdo es que siempre me gust\u00f3 <strong>U2<\/strong>, siempre. No recuerdo el momento en el que no los conoc\u00eda, pues como escrib\u00eda, mis pap\u00e1s los pon\u00edan a cada rato: eran ya parte de m\u00ed.<\/p>\n<p>Mi mam\u00e1 era indudablemente la principal promotora del grupo, mi mam\u00e1 que suspiraba -y creo todav\u00eda- por <strong>Bono<\/strong>, el <strong>Bono<\/strong> exravagante de aquellos a\u00f1os; el <strong>Bono<\/strong> de la gran voz y el due\u00f1o del escenario. El <strong>Bono<\/strong> antes de los pol\u00e9micos acercamientos con pol\u00edticos, el <strong>Bono<\/strong> antes de la pol\u00edtica descaradamente abierta; el <strong>Bono<\/strong> antes del <strong>Bono<\/strong> que hoy muchos detestan y odian&#8230; y que yo, incluso, veo con recelo.<\/p>\n<p><a href=\"http:\/\/www.reconoce.mx\/wp-content\/uploads\/2017\/10\/u2_joshua-1488996977.jpg\"><img loading=\"lazy\" decoding=\"async\" class=\"alignleft size-full wp-image-66326\" src=\"http:\/\/www.reconoce.mx\/wp-content\/uploads\/2017\/10\/u2_joshua-1488996977.jpg\" alt=\"\" width=\"1500\" height=\"1487\" srcset=\"https:\/\/www.reconoce.mx\/wp-content\/uploads\/2017\/10\/u2_joshua-1488996977.jpg 1500w, https:\/\/www.reconoce.mx\/wp-content\/uploads\/2017\/10\/u2_joshua-1488996977-150x149.jpg 150w, https:\/\/www.reconoce.mx\/wp-content\/uploads\/2017\/10\/u2_joshua-1488996977-300x297.jpg 300w, https:\/\/www.reconoce.mx\/wp-content\/uploads\/2017\/10\/u2_joshua-1488996977-768x761.jpg 768w, https:\/\/www.reconoce.mx\/wp-content\/uploads\/2017\/10\/u2_joshua-1488996977-1024x1015.jpg 1024w, https:\/\/www.reconoce.mx\/wp-content\/uploads\/2017\/10\/u2_joshua-1488996977-65x65.jpg 65w, https:\/\/www.reconoce.mx\/wp-content\/uploads\/2017\/10\/u2_joshua-1488996977-700x694.jpg 700w, https:\/\/www.reconoce.mx\/wp-content\/uploads\/2017\/10\/u2_joshua-1488996977-658x652.jpg 658w\" sizes=\"auto, (max-width: 1500px) 100vw, 1500px\" \/><\/a><\/p>\n<p>\u00abThe Joshua Tree\u00bb siempre fue, de entre todos, mi \u00e1lbum favorito. Actualmente sigo considerando el \u00e1lbum de esa manera, aunque tambi\u00e9n acepto sin duda que \u00abAchtung Baby\u00bb es un mejor material por todo lo que implic\u00f3 para el grupo. Sin embargo, cuando algo se ama, cuando uno se enamora, el coraz\u00f3n suele no escuchar razones, y conmigo as\u00ed sucede con \u00abThe Joshua Tree\u00bb.<\/p>\n<p>Lo escuchaba en casete, luego, cuando pude, lo descargu\u00e9 y tambi\u00e9n me lo compr\u00e9 en CD. Creo que he escuchado todas las versiones habidas y por haber de un \u00e1lbum en el que se encuentra mi canci\u00f3n favorita, la canci\u00f3n que le dediqu\u00e9 y cant\u00e9 en un karaoke a una novia, la que creo mejor demuestra la calidad vocal de Bono, y vaya&#8230; \u00abRunning To Stand Still\u00bb.<\/p>\n<style>.embed-container { position: relative; padding-bottom: 56.25%; height: 0; overflow: hidden; max-width: 100%; } .embed-container iframe, .embed-container object, .embed-container embed { position: absolute; top: 0; left: 0; width: 100%; height: 100%; }<\/style>\n<div class=\"embed-container\"><iframe loading=\"lazy\" src=\"https:\/\/www.youtube.com\/embed\/Nl-pH6SWICM\" width=\"300\" height=\"150\" frameborder=\"0\" allowfullscreen=\"allowfullscreen\"><\/iframe><\/div>\n<p>&nbsp;<\/p>\n<p>Era febrero de 2006, \u00a1hace 11 a\u00f1os!, cuando yo ve\u00eda junto a mis pap\u00e1s el DVD de la gira de <strong>U2<\/strong> de aquellos a\u00f1os, \u00abVertigo: Live From Chicago\u00bb. Se apagaban las luces del escenaro en Chicago, sonaba un teclado tocado por <strong>The Edge<\/strong>, y s\u00ed, se escuchaban los primeros compases de \u00abRunning to Stand Still\u00bb de <strong>U2<\/strong>; Bono toca la arm\u00f3nica. Es curioso, pues a d\u00edas de mi primer fren\u00e9tico concierto de <strong>U2<\/strong>, cuando pensaba que nunca los ver\u00eda en vivo, me acuerdo muy bien de ese instante frente a la televisi\u00f3n en el que me emocion\u00e9 como pocas veces, casi queriendo derramar una l\u00e1grima de alegr\u00eda: ver\u00eda a <strong>U2<\/strong> finalmente.<\/p>\n<p>Al momento van 4 ocasiones que veo a <strong>U2<\/strong>, ma\u00f1ana ser\u00e1 la 5. La primera vez el concierto se me fue rapid\u00edsimo; la segunda y tercera vez los disfrut\u00e9 tremendamente, como nunca quiz\u00e1; y la cuarta vez, quiz\u00e1 m\u00e1s cansado, solo me dej\u00e9 llevar y apacig\u00fc\u00e9 mi fanatismo por un momento. Ma\u00f1ana no se c\u00f3mo lo viva, porque sin quererlo, ando como muchos en Ciudad de M\u00e9xico, a\u00fan un poco golpeado.<\/p>\n<p>Quiz\u00e1, quiz\u00e1 cuando escuche \u00abRunning To Stand Still\u00bb pueda decirles finalmente qu\u00e9 siento, rodeado de 2 grandes amigas, una que por cierto conoc\u00ed gracias a <strong>U2<\/strong>; quiz\u00e1 cuando escuche finalmente \u00abRunning To Stand Still\u00bb en directo pueda definir si fue, o no fue, cat\u00e1rtico. Quiz\u00e1, cuando suene aquel primer \u00e1lbum del que me enamor\u00e9 de principio a fin, en vivo, tocado por mi grupo favorito, pueda confesar que adem\u00e1s de todo, resultaba necesario.<\/p>\n<p>No lo s\u00e9, por lo pronto, lo que s\u00ed s\u00e9 con certeza, es que ma\u00f1ana ver\u00e9 a <strong>U2<\/strong> por quinta ocasi\u00f3n; que ma\u00f1ana escuchar\u00e9 \u00abThe Joshua Tree\u00bb en directo; y quiz\u00e1, con un poco de suerte, hasta escuche \u00abBad\u00bb tambi\u00e9n&#8230; vaya que eso, eso s\u00ed que ser\u00eda perfecto.<\/p>\n<p style=\"text-align: right;\">Foto de portada: <strong>U. S. National Park Service<\/strong>.<\/p>\n<blockquote><p><a href=\"http:\/\/www.reconoce.mx\/wp-content\/uploads\/2016\/03\/968932_515227815190918_654397283_n-e1459260491114.jpg\" rel=\"lightbox[62561]\"><img loading=\"lazy\" decoding=\"async\" class=\"alignleft size-thumbnail wp-image-39872\" src=\"http:\/\/www.reconoce.mx\/wp-content\/uploads\/2016\/03\/968932_515227815190918_654397283_n-e1459260491114.jpg\" alt=\"IMG_5743\" width=\"150\" height=\"150\" \/><\/a><strong>Asfaltos<\/strong>. Sobrevivo en una ciudad junto a millones de personas. \u00bfMexique\u00f1o? Me enamoro r\u00e1pido y olvido dif\u00edcilmente. Amo la m\u00fasica, el cine, los c\u00f3mics, las mujeres y -\u00faltimamente gracias a los servicios de <em>streaming<\/em>\u2013 las series tambi\u00e9n. Vivo la vida a trav\u00e9s de letras y melod\u00edas. M\u00fasico frustrado. Me pueden encontrar escuchando U2, Radiohead y Coldplay; as\u00ed como Grand Funk Railroad, Styx y Eric Burdon; Chetes, Jumbo y Siddhartha; y hasta Jesse &amp; Joy, Silverio y Aleks Syntek. Batman y Star Wars mis pasiones; tambi\u00e9n el Cruz Azul, pero ya saben\u2026 subcampeon\u00edsimo. Sobreviviente y n\u00e1ufrago; ermita\u00f1o que odia la soledad.<\/p><\/blockquote>\n<p>&nbsp;<\/p>\n<p>&nbsp;<\/p>\n","protected":false},"excerpt":{"rendered":"<p>Con todo lo que ha pasado en Ciudad de M\u00e9xico, apenas record\u00e9 hace unos d\u00edas que U2 volver\u00eda a tocar a M\u00e9xico, y que s\u00ed, yo asistir\u00eda una vez m\u00e1s a verles. <\/p>\n","protected":false},"author":2,"featured_media":66328,"comment_status":"open","ping_status":"open","sticky":false,"template":"","format":"standard","meta":{"footnotes":""},"categories":[16,2602,17],"tags":[],"class_list":["post-66321","post","type-post","status-publish","format-standard","has-post-thumbnail","hentry","category-columnistas","category-la-ballesta-de-mascatabaco","category-principal"],"yoast_head":"<!-- This site is optimized with the Yoast SEO plugin v24.7 - https:\/\/yoast.com\/wordpress\/plugins\/seo\/ -->\n<title>&quot;The Joshua Tree&quot; y yo &#171; Reconoce MX<\/title>\n<meta name=\"robots\" content=\"index, follow, max-snippet:-1, max-image-preview:large, max-video-preview:-1\" \/>\n<link rel=\"canonical\" href=\"https:\/\/www.reconoce.mx\/?p=66321\" \/>\n<meta property=\"og:locale\" content=\"es_ES\" \/>\n<meta property=\"og:type\" content=\"article\" \/>\n<meta property=\"og:title\" content=\"&quot;The Joshua Tree&quot; y yo &#171; Reconoce MX\" \/>\n<meta property=\"og:description\" content=\"Con todo lo que ha pasado en Ciudad de M\u00e9xico, apenas record\u00e9 hace unos d\u00edas que U2 volver\u00eda a tocar a M\u00e9xico, y que s\u00ed, yo asistir\u00eda una vez m\u00e1s a verles.\" \/>\n<meta property=\"og:url\" content=\"https:\/\/www.reconoce.mx\/?p=66321\" \/>\n<meta property=\"og:site_name\" content=\"Reconoce MX\" \/>\n<meta property=\"article:publisher\" content=\"https:\/\/es-la.facebook.com\/ReconoceMX\/\" \/>\n<meta property=\"article:published_time\" content=\"2017-10-02T05:05:30+00:00\" \/>\n<meta property=\"article:modified_time\" content=\"2017-10-02T05:25:49+00:00\" \/>\n<meta property=\"og:image\" content=\"https:\/\/www.reconoce.mx\/wp-content\/uploads\/2017\/10\/joshua-tree.png\" \/>\n\t<meta property=\"og:image:width\" content=\"590\" \/>\n\t<meta property=\"og:image:height\" content=\"380\" \/>\n\t<meta property=\"og:image:type\" content=\"image\/png\" \/>\n<meta name=\"author\" content=\"Reconoce MX\" \/>\n<meta name=\"twitter:card\" content=\"summary_large_image\" \/>\n<meta name=\"twitter:creator\" content=\"@reconocemx\" \/>\n<meta name=\"twitter:site\" content=\"@reconocemx\" \/>\n<meta name=\"twitter:label1\" content=\"Escrito por\" \/>\n\t<meta name=\"twitter:data1\" content=\"Reconoce MX\" \/>\n\t<meta name=\"twitter:label2\" content=\"Tiempo de lectura\" \/>\n\t<meta name=\"twitter:data2\" content=\"5 minutos\" \/>\n<script type=\"application\/ld+json\" class=\"yoast-schema-graph\">{\"@context\":\"https:\/\/schema.org\",\"@graph\":[{\"@type\":\"Article\",\"@id\":\"https:\/\/www.reconoce.mx\/?p=66321#article\",\"isPartOf\":{\"@id\":\"https:\/\/www.reconoce.mx\/?p=66321\"},\"author\":{\"name\":\"Reconoce MX\",\"@id\":\"http:\/\/www.reconoce.mx\/#\/schema\/person\/2117e997d7051dc15d6880eaf9bca0b2\"},\"headline\":\"\u00abThe Joshua Tree\u00bb y yo\",\"datePublished\":\"2017-10-02T05:05:30+00:00\",\"dateModified\":\"2017-10-02T05:25:49+00:00\",\"mainEntityOfPage\":{\"@id\":\"https:\/\/www.reconoce.mx\/?p=66321\"},\"wordCount\":1078,\"commentCount\":0,\"publisher\":{\"@id\":\"http:\/\/www.reconoce.mx\/#organization\"},\"image\":{\"@id\":\"https:\/\/www.reconoce.mx\/?p=66321#primaryimage\"},\"thumbnailUrl\":\"https:\/\/www.reconoce.mx\/wp-content\/uploads\/2017\/10\/joshua-tree.png\",\"articleSection\":[\"Columnistas\",\"La ballesta de Mascatabaco\",\"Principal\"],\"inLanguage\":\"es\",\"potentialAction\":[{\"@type\":\"CommentAction\",\"name\":\"Comment\",\"target\":[\"https:\/\/www.reconoce.mx\/?p=66321#respond\"]}]},{\"@type\":\"WebPage\",\"@id\":\"https:\/\/www.reconoce.mx\/?p=66321\",\"url\":\"https:\/\/www.reconoce.mx\/?p=66321\",\"name\":\"\\\"The Joshua Tree\\\" y yo &#171; Reconoce MX\",\"isPartOf\":{\"@id\":\"http:\/\/www.reconoce.mx\/#website\"},\"primaryImageOfPage\":{\"@id\":\"https:\/\/www.reconoce.mx\/?p=66321#primaryimage\"},\"image\":{\"@id\":\"https:\/\/www.reconoce.mx\/?p=66321#primaryimage\"},\"thumbnailUrl\":\"https:\/\/www.reconoce.mx\/wp-content\/uploads\/2017\/10\/joshua-tree.png\",\"datePublished\":\"2017-10-02T05:05:30+00:00\",\"dateModified\":\"2017-10-02T05:25:49+00:00\",\"breadcrumb\":{\"@id\":\"https:\/\/www.reconoce.mx\/?p=66321#breadcrumb\"},\"inLanguage\":\"es\",\"potentialAction\":[{\"@type\":\"ReadAction\",\"target\":[\"https:\/\/www.reconoce.mx\/?p=66321\"]}]},{\"@type\":\"ImageObject\",\"inLanguage\":\"es\",\"@id\":\"https:\/\/www.reconoce.mx\/?p=66321#primaryimage\",\"url\":\"https:\/\/www.reconoce.mx\/wp-content\/uploads\/2017\/10\/joshua-tree.png\",\"contentUrl\":\"https:\/\/www.reconoce.mx\/wp-content\/uploads\/2017\/10\/joshua-tree.png\",\"width\":590,\"height\":380},{\"@type\":\"BreadcrumbList\",\"@id\":\"https:\/\/www.reconoce.mx\/?p=66321#breadcrumb\",\"itemListElement\":[{\"@type\":\"ListItem\",\"position\":1,\"name\":\"Portada\",\"item\":\"http:\/\/www.reconoce.mx\/\"},{\"@type\":\"ListItem\",\"position\":2,\"name\":\"\u00abThe Joshua Tree\u00bb y yo\"}]},{\"@type\":\"WebSite\",\"@id\":\"http:\/\/www.reconoce.mx\/#website\",\"url\":\"http:\/\/www.reconoce.mx\/\",\"name\":\"Reconoce MX\",\"description\":\"En Reconoce MX difundimos arte, cultura y conciencia social en M\u00e9xico. Tu ciudad en otra perspectiva.\",\"publisher\":{\"@id\":\"http:\/\/www.reconoce.mx\/#organization\"},\"potentialAction\":[{\"@type\":\"SearchAction\",\"target\":{\"@type\":\"EntryPoint\",\"urlTemplate\":\"http:\/\/www.reconoce.mx\/?s={search_term_string}\"},\"query-input\":{\"@type\":\"PropertyValueSpecification\",\"valueRequired\":true,\"valueName\":\"search_term_string\"}}],\"inLanguage\":\"es\"},{\"@type\":\"Organization\",\"@id\":\"http:\/\/www.reconoce.mx\/#organization\",\"name\":\"Reconoce MX\",\"url\":\"http:\/\/www.reconoce.mx\/\",\"logo\":{\"@type\":\"ImageObject\",\"inLanguage\":\"es\",\"@id\":\"http:\/\/www.reconoce.mx\/#\/schema\/logo\/image\/\",\"url\":\"https:\/\/www.reconoce.mx\/wp-content\/uploads\/2019\/03\/logorcmx-good-1.png\",\"contentUrl\":\"https:\/\/www.reconoce.mx\/wp-content\/uploads\/2019\/03\/logorcmx-good-1.png\",\"width\":280,\"height\":90,\"caption\":\"Reconoce MX\"},\"image\":{\"@id\":\"http:\/\/www.reconoce.mx\/#\/schema\/logo\/image\/\"},\"sameAs\":[\"https:\/\/es-la.facebook.com\/ReconoceMX\/\",\"https:\/\/x.com\/reconocemx\",\"http:\/\/@reconocemx\"]},{\"@type\":\"Person\",\"@id\":\"http:\/\/www.reconoce.mx\/#\/schema\/person\/2117e997d7051dc15d6880eaf9bca0b2\",\"name\":\"Reconoce MX\",\"image\":{\"@type\":\"ImageObject\",\"inLanguage\":\"es\",\"@id\":\"http:\/\/www.reconoce.mx\/#\/schema\/person\/image\/\",\"url\":\"https:\/\/secure.gravatar.com\/avatar\/6c8d4dc7569ca1c90c5fdcc349f839d5ddef6fe1e70b4337ead2ef1a4c43fc3a?s=96&d=identicon&r=g\",\"contentUrl\":\"https:\/\/secure.gravatar.com\/avatar\/6c8d4dc7569ca1c90c5fdcc349f839d5ddef6fe1e70b4337ead2ef1a4c43fc3a?s=96&d=identicon&r=g\",\"caption\":\"Reconoce MX\"},\"description\":\"Reconoce MX es un proyecto de difusi\u00f3n art\u00edstica, cultural y de conciencia social que est\u00e1 enfocado a difundir y fomentar el entretenimiento alternativo de calidad para todo el p\u00fablico que comparta el mismo entusiasmo.\",\"sameAs\":[\"http:\/\/www.reconoce.mx\"],\"url\":\"https:\/\/www.reconoce.mx\/?author=2\"}]}<\/script>\n<!-- \/ Yoast SEO plugin. -->","yoast_head_json":{"title":"\"The Joshua Tree\" y yo &#171; Reconoce MX","robots":{"index":"index","follow":"follow","max-snippet":"max-snippet:-1","max-image-preview":"max-image-preview:large","max-video-preview":"max-video-preview:-1"},"canonical":"https:\/\/www.reconoce.mx\/?p=66321","og_locale":"es_ES","og_type":"article","og_title":"\"The Joshua Tree\" y yo &#171; Reconoce MX","og_description":"Con todo lo que ha pasado en Ciudad de M\u00e9xico, apenas record\u00e9 hace unos d\u00edas que U2 volver\u00eda a tocar a M\u00e9xico, y que s\u00ed, yo asistir\u00eda una vez m\u00e1s a verles.","og_url":"https:\/\/www.reconoce.mx\/?p=66321","og_site_name":"Reconoce MX","article_publisher":"https:\/\/es-la.facebook.com\/ReconoceMX\/","article_published_time":"2017-10-02T05:05:30+00:00","article_modified_time":"2017-10-02T05:25:49+00:00","og_image":[{"width":590,"height":380,"url":"https:\/\/www.reconoce.mx\/wp-content\/uploads\/2017\/10\/joshua-tree.png","type":"image\/png"}],"author":"Reconoce MX","twitter_card":"summary_large_image","twitter_creator":"@reconocemx","twitter_site":"@reconocemx","twitter_misc":{"Escrito por":"Reconoce MX","Tiempo de lectura":"5 minutos"},"schema":{"@context":"https:\/\/schema.org","@graph":[{"@type":"Article","@id":"https:\/\/www.reconoce.mx\/?p=66321#article","isPartOf":{"@id":"https:\/\/www.reconoce.mx\/?p=66321"},"author":{"name":"Reconoce MX","@id":"http:\/\/www.reconoce.mx\/#\/schema\/person\/2117e997d7051dc15d6880eaf9bca0b2"},"headline":"\u00abThe Joshua Tree\u00bb y yo","datePublished":"2017-10-02T05:05:30+00:00","dateModified":"2017-10-02T05:25:49+00:00","mainEntityOfPage":{"@id":"https:\/\/www.reconoce.mx\/?p=66321"},"wordCount":1078,"commentCount":0,"publisher":{"@id":"http:\/\/www.reconoce.mx\/#organization"},"image":{"@id":"https:\/\/www.reconoce.mx\/?p=66321#primaryimage"},"thumbnailUrl":"https:\/\/www.reconoce.mx\/wp-content\/uploads\/2017\/10\/joshua-tree.png","articleSection":["Columnistas","La ballesta de Mascatabaco","Principal"],"inLanguage":"es","potentialAction":[{"@type":"CommentAction","name":"Comment","target":["https:\/\/www.reconoce.mx\/?p=66321#respond"]}]},{"@type":"WebPage","@id":"https:\/\/www.reconoce.mx\/?p=66321","url":"https:\/\/www.reconoce.mx\/?p=66321","name":"\"The Joshua Tree\" y yo &#171; Reconoce MX","isPartOf":{"@id":"http:\/\/www.reconoce.mx\/#website"},"primaryImageOfPage":{"@id":"https:\/\/www.reconoce.mx\/?p=66321#primaryimage"},"image":{"@id":"https:\/\/www.reconoce.mx\/?p=66321#primaryimage"},"thumbnailUrl":"https:\/\/www.reconoce.mx\/wp-content\/uploads\/2017\/10\/joshua-tree.png","datePublished":"2017-10-02T05:05:30+00:00","dateModified":"2017-10-02T05:25:49+00:00","breadcrumb":{"@id":"https:\/\/www.reconoce.mx\/?p=66321#breadcrumb"},"inLanguage":"es","potentialAction":[{"@type":"ReadAction","target":["https:\/\/www.reconoce.mx\/?p=66321"]}]},{"@type":"ImageObject","inLanguage":"es","@id":"https:\/\/www.reconoce.mx\/?p=66321#primaryimage","url":"https:\/\/www.reconoce.mx\/wp-content\/uploads\/2017\/10\/joshua-tree.png","contentUrl":"https:\/\/www.reconoce.mx\/wp-content\/uploads\/2017\/10\/joshua-tree.png","width":590,"height":380},{"@type":"BreadcrumbList","@id":"https:\/\/www.reconoce.mx\/?p=66321#breadcrumb","itemListElement":[{"@type":"ListItem","position":1,"name":"Portada","item":"http:\/\/www.reconoce.mx\/"},{"@type":"ListItem","position":2,"name":"\u00abThe Joshua Tree\u00bb y yo"}]},{"@type":"WebSite","@id":"http:\/\/www.reconoce.mx\/#website","url":"http:\/\/www.reconoce.mx\/","name":"Reconoce MX","description":"En Reconoce MX difundimos arte, cultura y conciencia social en M\u00e9xico. Tu ciudad en otra perspectiva.","publisher":{"@id":"http:\/\/www.reconoce.mx\/#organization"},"potentialAction":[{"@type":"SearchAction","target":{"@type":"EntryPoint","urlTemplate":"http:\/\/www.reconoce.mx\/?s={search_term_string}"},"query-input":{"@type":"PropertyValueSpecification","valueRequired":true,"valueName":"search_term_string"}}],"inLanguage":"es"},{"@type":"Organization","@id":"http:\/\/www.reconoce.mx\/#organization","name":"Reconoce MX","url":"http:\/\/www.reconoce.mx\/","logo":{"@type":"ImageObject","inLanguage":"es","@id":"http:\/\/www.reconoce.mx\/#\/schema\/logo\/image\/","url":"https:\/\/www.reconoce.mx\/wp-content\/uploads\/2019\/03\/logorcmx-good-1.png","contentUrl":"https:\/\/www.reconoce.mx\/wp-content\/uploads\/2019\/03\/logorcmx-good-1.png","width":280,"height":90,"caption":"Reconoce MX"},"image":{"@id":"http:\/\/www.reconoce.mx\/#\/schema\/logo\/image\/"},"sameAs":["https:\/\/es-la.facebook.com\/ReconoceMX\/","https:\/\/x.com\/reconocemx","http:\/\/@reconocemx"]},{"@type":"Person","@id":"http:\/\/www.reconoce.mx\/#\/schema\/person\/2117e997d7051dc15d6880eaf9bca0b2","name":"Reconoce MX","image":{"@type":"ImageObject","inLanguage":"es","@id":"http:\/\/www.reconoce.mx\/#\/schema\/person\/image\/","url":"https:\/\/secure.gravatar.com\/avatar\/6c8d4dc7569ca1c90c5fdcc349f839d5ddef6fe1e70b4337ead2ef1a4c43fc3a?s=96&d=identicon&r=g","contentUrl":"https:\/\/secure.gravatar.com\/avatar\/6c8d4dc7569ca1c90c5fdcc349f839d5ddef6fe1e70b4337ead2ef1a4c43fc3a?s=96&d=identicon&r=g","caption":"Reconoce MX"},"description":"Reconoce MX es un proyecto de difusi\u00f3n art\u00edstica, cultural y de conciencia social que est\u00e1 enfocado a difundir y fomentar el entretenimiento alternativo de calidad para todo el p\u00fablico que comparta el mismo entusiasmo.","sameAs":["http:\/\/www.reconoce.mx"],"url":"https:\/\/www.reconoce.mx\/?author=2"}]}},"_links":{"self":[{"href":"https:\/\/www.reconoce.mx\/index.php?rest_route=\/wp\/v2\/posts\/66321","targetHints":{"allow":["GET"]}}],"collection":[{"href":"https:\/\/www.reconoce.mx\/index.php?rest_route=\/wp\/v2\/posts"}],"about":[{"href":"https:\/\/www.reconoce.mx\/index.php?rest_route=\/wp\/v2\/types\/post"}],"author":[{"embeddable":true,"href":"https:\/\/www.reconoce.mx\/index.php?rest_route=\/wp\/v2\/users\/2"}],"replies":[{"embeddable":true,"href":"https:\/\/www.reconoce.mx\/index.php?rest_route=%2Fwp%2Fv2%2Fcomments&post=66321"}],"version-history":[{"count":6,"href":"https:\/\/www.reconoce.mx\/index.php?rest_route=\/wp\/v2\/posts\/66321\/revisions"}],"predecessor-version":[{"id":66330,"href":"https:\/\/www.reconoce.mx\/index.php?rest_route=\/wp\/v2\/posts\/66321\/revisions\/66330"}],"wp:featuredmedia":[{"embeddable":true,"href":"https:\/\/www.reconoce.mx\/index.php?rest_route=\/wp\/v2\/media\/66328"}],"wp:attachment":[{"href":"https:\/\/www.reconoce.mx\/index.php?rest_route=%2Fwp%2Fv2%2Fmedia&parent=66321"}],"wp:term":[{"taxonomy":"category","embeddable":true,"href":"https:\/\/www.reconoce.mx\/index.php?rest_route=%2Fwp%2Fv2%2Fcategories&post=66321"},{"taxonomy":"post_tag","embeddable":true,"href":"https:\/\/www.reconoce.mx\/index.php?rest_route=%2Fwp%2Fv2%2Ftags&post=66321"}],"curies":[{"name":"wp","href":"https:\/\/api.w.org\/{rel}","templated":true}]}}