{"id":66342,"date":"2017-10-02T00:06:08","date_gmt":"2017-10-02T05:06:08","guid":{"rendered":"http:\/\/www.reconoce.mx\/?p=66342"},"modified":"2017-10-02T22:44:37","modified_gmt":"2017-10-03T03:44:37","slug":"rockfest-mx-2017-musica-para-curar-a-un-pais","status":"publish","type":"post","link":"https:\/\/www.reconoce.mx\/?p=66342","title":{"rendered":"RockFest MX 2017: m\u00fasica para curar a un pa\u00eds"},"content":{"rendered":"<p><strong>Texto por\u00a0<span class=\"st\"><a href=\"https:\/\/twitter.com\/Amauryshow\" target=\"_blank\" rel=\"noopener noreferrer\">Amaury Berdejo Ju\u00e1rez<\/a><\/span>.<br \/>\nFotos por <a href=\"https:\/\/twitter.com\/alice_freckles\" target=\"_blank\" rel=\"noopener noreferrer\">Alicia \u00c1vila Monroy<\/a>.<\/strong><\/p>\n<p>La primera edici\u00f3n del <strong>RockFest MX<\/strong> demostr\u00f3 que M\u00e9xico es un pa\u00eds con sed de rock en el que a\u00fan hay lugar para nuevos festivales de m\u00fasica. El <strong>Centro Din\u00e1mico Pegaso<\/strong>, ubicado en Toluca, ha cobrado fuerza como espacio propicio para dar cita a miles de personas que buscan escuchar a sus bandas favoritas, tanto agrupaciones nuevas como grandes nombres con amplia trayectoria.<\/p>\n<p><a href=\"http:\/\/www.reconoce.mx\/wp-content\/uploads\/2017\/10\/COLOR-1.jpg\"><img loading=\"lazy\" decoding=\"async\" class=\"size-full wp-image-66346 aligncenter\" src=\"http:\/\/www.reconoce.mx\/wp-content\/uploads\/2017\/10\/COLOR-1.jpg\" alt=\"\" width=\"800\" height=\"533\" srcset=\"https:\/\/www.reconoce.mx\/wp-content\/uploads\/2017\/10\/COLOR-1.jpg 800w, https:\/\/www.reconoce.mx\/wp-content\/uploads\/2017\/10\/COLOR-1-300x200.jpg 300w, https:\/\/www.reconoce.mx\/wp-content\/uploads\/2017\/10\/COLOR-1-768x512.jpg 768w, https:\/\/www.reconoce.mx\/wp-content\/uploads\/2017\/10\/COLOR-1-150x100.jpg 150w, https:\/\/www.reconoce.mx\/wp-content\/uploads\/2017\/10\/COLOR-1-700x466.jpg 700w, https:\/\/www.reconoce.mx\/wp-content\/uploads\/2017\/10\/COLOR-1-658x438.jpg 658w\" sizes=\"auto, (max-width: 800px) 100vw, 800px\" \/><\/a><\/p>\n<p>La jornada inici\u00f3 cerca del medio d\u00eda, cuando los primeros asistentes pudieron cruzar la puerta del recinto. Cabe destacar que algunos hicieron donativos para las v\u00edctimas del temblor del pasado 19 de septiembre, a cambio de lo cual se les ofreci\u00f3 un descuento en el costo de sus entradas.<\/p>\n<p><strong>Waichafe<\/strong>, <strong>Aitanire<\/strong> y <strong>Serbia<\/strong> abrieron los escenarios \u00abPeace\u00bb y \u00abLove\u00bb, ubicados uno junto al otro; una idea muy pr\u00e1ctica, ya que al terminar una banda inmediatamente comenzaba la siguiente: la puntualidad de los actos fue un aspecto muy destacable del festival que seguramente los fans agradecieron (algunos festivales tienen todo lo que prometen, excepto puntualidad en los shows).<\/p>\n<p><a href=\"http:\/\/www.reconoce.mx\/wp-content\/uploads\/2017\/10\/WEICHAFE.jpg\"><img loading=\"lazy\" decoding=\"async\" class=\"size-full wp-image-66357 aligncenter\" src=\"http:\/\/www.reconoce.mx\/wp-content\/uploads\/2017\/10\/WEICHAFE.jpg\" alt=\"\" width=\"960\" height=\"639\" srcset=\"https:\/\/www.reconoce.mx\/wp-content\/uploads\/2017\/10\/WEICHAFE.jpg 960w, https:\/\/www.reconoce.mx\/wp-content\/uploads\/2017\/10\/WEICHAFE-300x200.jpg 300w, https:\/\/www.reconoce.mx\/wp-content\/uploads\/2017\/10\/WEICHAFE-768x511.jpg 768w, https:\/\/www.reconoce.mx\/wp-content\/uploads\/2017\/10\/WEICHAFE-150x100.jpg 150w, https:\/\/www.reconoce.mx\/wp-content\/uploads\/2017\/10\/WEICHAFE-700x466.jpg 700w, https:\/\/www.reconoce.mx\/wp-content\/uploads\/2017\/10\/WEICHAFE-658x438.jpg 658w\" sizes=\"auto, (max-width: 960px) 100vw, 960px\" \/><\/a><\/p>\n<p><em><strong>&gt;&gt;<a href=\"https:\/\/www.flickr.com\/photos\/reconocemx\/albums\/72157687397020194\" target=\"_blank\" rel=\"noopener\">Disfruta nuestra galer\u00eda completa de Weichafe en RockFest MX 2017<\/a>&lt;&lt;<\/strong><\/em><\/p>\n<p><a href=\"http:\/\/www.reconoce.mx\/wp-content\/uploads\/2017\/10\/AITANIRE.jpg\"><img loading=\"lazy\" decoding=\"async\" class=\"aligncenter size-full wp-image-66343\" src=\"http:\/\/www.reconoce.mx\/wp-content\/uploads\/2017\/10\/AITANIRE.jpg\" alt=\"\" width=\"800\" height=\"611\" srcset=\"https:\/\/www.reconoce.mx\/wp-content\/uploads\/2017\/10\/AITANIRE.jpg 800w, https:\/\/www.reconoce.mx\/wp-content\/uploads\/2017\/10\/AITANIRE-300x229.jpg 300w, https:\/\/www.reconoce.mx\/wp-content\/uploads\/2017\/10\/AITANIRE-768x587.jpg 768w, https:\/\/www.reconoce.mx\/wp-content\/uploads\/2017\/10\/AITANIRE-150x115.jpg 150w, https:\/\/www.reconoce.mx\/wp-content\/uploads\/2017\/10\/AITANIRE-700x535.jpg 700w, https:\/\/www.reconoce.mx\/wp-content\/uploads\/2017\/10\/AITANIRE-658x503.jpg 658w\" sizes=\"auto, (max-width: 800px) 100vw, 800px\" \/><\/a><\/p>\n<p><em><strong>&gt;&gt;<a href=\"https:\/\/www.flickr.com\/photos\/reconocemx\/albums\/72157686607440131\" target=\"_blank\" rel=\"noopener\">Disfruta nuestra galer\u00eda completa de Aitanire en RockFest MX 2017<\/a>&lt;&lt;<\/strong><\/em><\/p>\n<p><a href=\"http:\/\/www.reconoce.mx\/wp-content\/uploads\/2017\/10\/SERBIA.jpg\"><img loading=\"lazy\" decoding=\"async\" class=\"aligncenter size-full wp-image-66355\" src=\"http:\/\/www.reconoce.mx\/wp-content\/uploads\/2017\/10\/SERBIA.jpg\" alt=\"\" width=\"800\" height=\"521\" srcset=\"https:\/\/www.reconoce.mx\/wp-content\/uploads\/2017\/10\/SERBIA.jpg 800w, https:\/\/www.reconoce.mx\/wp-content\/uploads\/2017\/10\/SERBIA-300x195.jpg 300w, https:\/\/www.reconoce.mx\/wp-content\/uploads\/2017\/10\/SERBIA-768x500.jpg 768w, https:\/\/www.reconoce.mx\/wp-content\/uploads\/2017\/10\/SERBIA-150x98.jpg 150w, https:\/\/www.reconoce.mx\/wp-content\/uploads\/2017\/10\/SERBIA-700x456.jpg 700w, https:\/\/www.reconoce.mx\/wp-content\/uploads\/2017\/10\/SERBIA-658x429.jpg 658w\" sizes=\"auto, (max-width: 800px) 100vw, 800px\" \/><\/a><\/p>\n<p><em><strong>&gt;&gt;<a href=\"https:\/\/www.flickr.com\/photos\/reconocemx\/albums\/72157687397690884\" target=\"_blank\" rel=\"noopener\">Disfruta nuestra galer\u00eda completa de Serbia en RockFest MX 2017<\/a>&lt;&lt;<\/strong><\/em><\/p>\n<p>Sigui\u00f3 el turno de bandas del llamado <em>mainstream indie<\/em>, agrupaciones que disfrutamos en los medios de comunicaci\u00f3n y que han forjado su trayectoria de inicios independientes con la ayuda de redes sociales y mucho trabajo: <strong>Costera<\/strong>, <strong>Little Jesus<\/strong> y <strong>The Warning<\/strong>, una nueva generaci\u00f3n de m\u00fasicos intercalando escenarios con bandas como <strong>Ni\u00f1a<\/strong> y <strong>Technicolor Fabrics<\/strong>, estas \u00faltimas de m\u00e1s trayectoria.<\/p>\n<p><a href=\"http:\/\/www.reconoce.mx\/wp-content\/uploads\/2017\/10\/LITTLE-JESUS.jpg\"><img loading=\"lazy\" decoding=\"async\" class=\"aligncenter size-full wp-image-66350\" src=\"http:\/\/www.reconoce.mx\/wp-content\/uploads\/2017\/10\/LITTLE-JESUS.jpg\" alt=\"\" width=\"800\" height=\"590\" srcset=\"https:\/\/www.reconoce.mx\/wp-content\/uploads\/2017\/10\/LITTLE-JESUS.jpg 800w, https:\/\/www.reconoce.mx\/wp-content\/uploads\/2017\/10\/LITTLE-JESUS-300x221.jpg 300w, https:\/\/www.reconoce.mx\/wp-content\/uploads\/2017\/10\/LITTLE-JESUS-768x566.jpg 768w, https:\/\/www.reconoce.mx\/wp-content\/uploads\/2017\/10\/LITTLE-JESUS-150x111.jpg 150w, https:\/\/www.reconoce.mx\/wp-content\/uploads\/2017\/10\/LITTLE-JESUS-700x516.jpg 700w, https:\/\/www.reconoce.mx\/wp-content\/uploads\/2017\/10\/LITTLE-JESUS-658x485.jpg 658w\" sizes=\"auto, (max-width: 800px) 100vw, 800px\" \/><\/a><\/p>\n<p><em><strong>&gt;&gt;<a href=\"https:\/\/www.flickr.com\/photos\/reconocemx\/albums\/72157686608478621\" target=\"_blank\" rel=\"noopener\">Disfruta nuestra galer\u00eda completa de Little Jesus en RockFest MX 2017<\/a>&lt;&lt;<\/strong><\/em><\/p>\n<p><a href=\"http:\/\/www.reconoce.mx\/wp-content\/uploads\/2017\/10\/NI\u00d1A.jpg\"><img loading=\"lazy\" decoding=\"async\" class=\"aligncenter size-full wp-image-66352\" src=\"http:\/\/www.reconoce.mx\/wp-content\/uploads\/2017\/10\/NI\u00d1A.jpg\" alt=\"\" width=\"800\" height=\"578\" srcset=\"https:\/\/www.reconoce.mx\/wp-content\/uploads\/2017\/10\/NI\u00d1A.jpg 800w, https:\/\/www.reconoce.mx\/wp-content\/uploads\/2017\/10\/NI\u00d1A-300x217.jpg 300w, https:\/\/www.reconoce.mx\/wp-content\/uploads\/2017\/10\/NI\u00d1A-768x555.jpg 768w, https:\/\/www.reconoce.mx\/wp-content\/uploads\/2017\/10\/NI\u00d1A-150x108.jpg 150w, https:\/\/www.reconoce.mx\/wp-content\/uploads\/2017\/10\/NI\u00d1A-700x506.jpg 700w, https:\/\/www.reconoce.mx\/wp-content\/uploads\/2017\/10\/NI\u00d1A-658x475.jpg 658w\" sizes=\"auto, (max-width: 800px) 100vw, 800px\" \/><\/a><\/p>\n<p><em><strong>&gt;&gt;<a href=\"https:\/\/www.flickr.com\/photos\/reconocemx\/albums\/72157686608400731\" target=\"_blank\" rel=\"noopener\">Disfruta nuestra galer\u00eda completa de Ni\u00f1a en RockFest MX 2017<\/a>&lt;&lt;<\/strong><\/em><\/p>\n<p><a href=\"http:\/\/www.reconoce.mx\/wp-content\/uploads\/2017\/10\/TECHNICOLOR-FABRICS.jpg\"><img loading=\"lazy\" decoding=\"async\" class=\"aligncenter size-full wp-image-66356\" src=\"http:\/\/www.reconoce.mx\/wp-content\/uploads\/2017\/10\/TECHNICOLOR-FABRICS.jpg\" alt=\"\" width=\"800\" height=\"551\" srcset=\"https:\/\/www.reconoce.mx\/wp-content\/uploads\/2017\/10\/TECHNICOLOR-FABRICS.jpg 800w, https:\/\/www.reconoce.mx\/wp-content\/uploads\/2017\/10\/TECHNICOLOR-FABRICS-300x207.jpg 300w, https:\/\/www.reconoce.mx\/wp-content\/uploads\/2017\/10\/TECHNICOLOR-FABRICS-768x529.jpg 768w, https:\/\/www.reconoce.mx\/wp-content\/uploads\/2017\/10\/TECHNICOLOR-FABRICS-150x103.jpg 150w, https:\/\/www.reconoce.mx\/wp-content\/uploads\/2017\/10\/TECHNICOLOR-FABRICS-700x482.jpg 700w, https:\/\/www.reconoce.mx\/wp-content\/uploads\/2017\/10\/TECHNICOLOR-FABRICS-658x453.jpg 658w\" sizes=\"auto, (max-width: 800px) 100vw, 800px\" \/><\/a><\/p>\n<p><em><strong>&gt;&gt;<a href=\"https:\/\/www.flickr.com\/photos\/reconocemx\/albums\/72157686856374930\" target=\"_blank\" rel=\"noopener\">Disfruta nuestra galer\u00eda completa de Technicolor Fabrics en RockFest MX 2017<\/a>&lt;&lt;<\/strong><\/em><\/p>\n<p>La distribuci\u00f3n del espacio, la zona de<em> food trucks<\/em> e incluso la zona VIP, resultaron ideales para el disfrute de todos los asistentes. Se percib\u00eda una buena vibra dentro del contexto de sentimientos encontrados por la situaci\u00f3n emocional que atraviesa nuestro pa\u00eds despu\u00e9s de los sismos recientes.<\/p>\n<p>Toc\u00f3 turno a varios actos muy esperados y que hoy en d\u00eda encabezan los festivales a lo largo del pa\u00eds: <strong>Reyno<\/strong>, <strong>Siddhartha<\/strong>, <strong>Los Victorios<\/strong> y <strong>Porter<\/strong> cerraban la tarde y daban paso al inicio de una noche llena de luces que iluminaban los rostros de un p\u00fablico cada vez m\u00e1s intenso; para esta hora el <strong>Centro Din\u00e1mico Pegaso<\/strong> ten\u00eda su punto de m\u00e1s audiencia.<\/p>\n<p><a href=\"http:\/\/www.reconoce.mx\/wp-content\/uploads\/2017\/10\/REYNO.jpg\"><img loading=\"lazy\" decoding=\"async\" class=\"aligncenter size-full wp-image-66354\" src=\"http:\/\/www.reconoce.mx\/wp-content\/uploads\/2017\/10\/REYNO.jpg\" alt=\"\" width=\"800\" height=\"612\" srcset=\"https:\/\/www.reconoce.mx\/wp-content\/uploads\/2017\/10\/REYNO.jpg 800w, https:\/\/www.reconoce.mx\/wp-content\/uploads\/2017\/10\/REYNO-300x230.jpg 300w, https:\/\/www.reconoce.mx\/wp-content\/uploads\/2017\/10\/REYNO-768x588.jpg 768w, https:\/\/www.reconoce.mx\/wp-content\/uploads\/2017\/10\/REYNO-150x115.jpg 150w, https:\/\/www.reconoce.mx\/wp-content\/uploads\/2017\/10\/REYNO-700x536.jpg 700w, https:\/\/www.reconoce.mx\/wp-content\/uploads\/2017\/10\/REYNO-658x503.jpg 658w\" sizes=\"auto, (max-width: 800px) 100vw, 800px\" \/><\/a><\/p>\n<p><em><strong>&gt;&gt;<a href=\"https:\/\/www.flickr.com\/photos\/reconocemx\/albums\/72157687398529454\" target=\"_blank\" rel=\"noopener\">Disfruta nuestra galer\u00eda completa de Reyno en RockFest MX 2017<\/a>&lt;&lt;<\/strong><\/em><\/p>\n<p><a href=\"http:\/\/www.reconoce.mx\/wp-content\/uploads\/2017\/10\/PORTER.jpg\"><img loading=\"lazy\" decoding=\"async\" class=\"aligncenter size-full wp-image-66353\" src=\"http:\/\/www.reconoce.mx\/wp-content\/uploads\/2017\/10\/PORTER.jpg\" alt=\"\" width=\"800\" height=\"577\" srcset=\"https:\/\/www.reconoce.mx\/wp-content\/uploads\/2017\/10\/PORTER.jpg 800w, https:\/\/www.reconoce.mx\/wp-content\/uploads\/2017\/10\/PORTER-300x216.jpg 300w, https:\/\/www.reconoce.mx\/wp-content\/uploads\/2017\/10\/PORTER-768x554.jpg 768w, https:\/\/www.reconoce.mx\/wp-content\/uploads\/2017\/10\/PORTER-150x108.jpg 150w, https:\/\/www.reconoce.mx\/wp-content\/uploads\/2017\/10\/PORTER-700x505.jpg 700w, https:\/\/www.reconoce.mx\/wp-content\/uploads\/2017\/10\/PORTER-658x475.jpg 658w\" sizes=\"auto, (max-width: 800px) 100vw, 800px\" \/><\/a><\/p>\n<p><em><strong>&gt;&gt;<a href=\"https:\/\/www.flickr.com\/photos\/reconocemx\/albums\/72157687398676144\" target=\"_blank\" rel=\"noopener\">Disfruta nuestra galer\u00eda completa de Porter en RockFest MX 2017<\/a>&lt;&lt;<\/strong><\/em><\/p>\n<p>Toc\u00f3 a los m\u00e1s experimentados cerrar la noche, uno tras otro, actos de calidad internacional como <strong>Amigos Invisibles<\/strong> y <strong>Aterciopelados<\/strong>, pasando por el nuevo show de <strong>Jon\u00e1z<\/strong> (integrante de <strong>Plastilina Mosh<\/strong>), los muy aplaudidos <strong>DLD<\/strong>, hasta llegar a dos bandas m\u00edticas del rock mexicano: <strong>Cuca<\/strong> y <strong>Maldita Vecindad y los Hijos del Quinto Patio<\/strong>.<\/p>\n<p><a href=\"http:\/\/www.reconoce.mx\/wp-content\/uploads\/2017\/10\/AMIGOS-INVISIBLES.jpg\"><img loading=\"lazy\" decoding=\"async\" class=\"aligncenter size-full wp-image-66344\" src=\"http:\/\/www.reconoce.mx\/wp-content\/uploads\/2017\/10\/AMIGOS-INVISIBLES.jpg\" alt=\"\" width=\"800\" height=\"555\" srcset=\"https:\/\/www.reconoce.mx\/wp-content\/uploads\/2017\/10\/AMIGOS-INVISIBLES.jpg 800w, https:\/\/www.reconoce.mx\/wp-content\/uploads\/2017\/10\/AMIGOS-INVISIBLES-300x208.jpg 300w, https:\/\/www.reconoce.mx\/wp-content\/uploads\/2017\/10\/AMIGOS-INVISIBLES-768x533.jpg 768w, https:\/\/www.reconoce.mx\/wp-content\/uploads\/2017\/10\/AMIGOS-INVISIBLES-150x104.jpg 150w, https:\/\/www.reconoce.mx\/wp-content\/uploads\/2017\/10\/AMIGOS-INVISIBLES-700x486.jpg 700w, https:\/\/www.reconoce.mx\/wp-content\/uploads\/2017\/10\/AMIGOS-INVISIBLES-658x456.jpg 658w\" sizes=\"auto, (max-width: 800px) 100vw, 800px\" \/><\/a><\/p>\n<p><em><strong>&gt;&gt;<a href=\"https:\/\/www.flickr.com\/photos\/reconocemx\/albums\/72157661101054258\" target=\"_blank\" rel=\"noopener\">Disfruta nuestra galer\u00eda completa de Amigos Invisibles en RockFest MX 2017<\/a>&lt;&lt;<\/strong><\/em><\/p>\n<p><a href=\"http:\/\/www.reconoce.mx\/wp-content\/uploads\/2017\/10\/ATERCIOPELADOS.jpg\"><img loading=\"lazy\" decoding=\"async\" class=\"aligncenter size-full wp-image-66345\" src=\"http:\/\/www.reconoce.mx\/wp-content\/uploads\/2017\/10\/ATERCIOPELADOS.jpg\" alt=\"\" width=\"800\" height=\"575\" srcset=\"https:\/\/www.reconoce.mx\/wp-content\/uploads\/2017\/10\/ATERCIOPELADOS.jpg 800w, https:\/\/www.reconoce.mx\/wp-content\/uploads\/2017\/10\/ATERCIOPELADOS-300x216.jpg 300w, https:\/\/www.reconoce.mx\/wp-content\/uploads\/2017\/10\/ATERCIOPELADOS-768x552.jpg 768w, https:\/\/www.reconoce.mx\/wp-content\/uploads\/2017\/10\/ATERCIOPELADOS-150x108.jpg 150w, https:\/\/www.reconoce.mx\/wp-content\/uploads\/2017\/10\/ATERCIOPELADOS-700x503.jpg 700w, https:\/\/www.reconoce.mx\/wp-content\/uploads\/2017\/10\/ATERCIOPELADOS-658x473.jpg 658w\" sizes=\"auto, (max-width: 800px) 100vw, 800px\" \/><\/a><\/p>\n<p><em><strong>&gt;&gt;<a href=\"https:\/\/www.flickr.com\/photos\/reconocemx\/albums\/72157687398773894\" target=\"_blank\" rel=\"noopener\">Disfruta nuestra galer\u00eda completa de Aterciopelados en RockFest MX 2017<\/a>&lt;&lt;<\/strong><\/em><\/p>\n<p><a href=\"http:\/\/www.reconoce.mx\/wp-content\/uploads\/2017\/10\/JON\u00c1Z.jpg\"><img loading=\"lazy\" decoding=\"async\" class=\"aligncenter size-full wp-image-66348\" src=\"http:\/\/www.reconoce.mx\/wp-content\/uploads\/2017\/10\/JON\u00c1Z.jpg\" alt=\"\" width=\"800\" height=\"571\" srcset=\"https:\/\/www.reconoce.mx\/wp-content\/uploads\/2017\/10\/JON\u00c1Z.jpg 800w, https:\/\/www.reconoce.mx\/wp-content\/uploads\/2017\/10\/JON\u00c1Z-300x214.jpg 300w, https:\/\/www.reconoce.mx\/wp-content\/uploads\/2017\/10\/JON\u00c1Z-768x548.jpg 768w, https:\/\/www.reconoce.mx\/wp-content\/uploads\/2017\/10\/JON\u00c1Z-150x107.jpg 150w, https:\/\/www.reconoce.mx\/wp-content\/uploads\/2017\/10\/JON\u00c1Z-700x500.jpg 700w, https:\/\/www.reconoce.mx\/wp-content\/uploads\/2017\/10\/JON\u00c1Z-658x470.jpg 658w\" sizes=\"auto, (max-width: 800px) 100vw, 800px\" \/><\/a><\/p>\n<p><em><strong>&gt;&gt;<a href=\"https:\/\/www.flickr.com\/photos\/reconocemx\/albums\/72157685800377242\" target=\"_blank\" rel=\"noopener\">Disfruta nuestra galer\u00eda completa de Jon\u00e1z en RockFest MX 2017<\/a>&lt;&lt;<\/strong><\/em><\/p>\n<p><a href=\"http:\/\/www.reconoce.mx\/wp-content\/uploads\/2017\/10\/DLD.jpg\"><img loading=\"lazy\" decoding=\"async\" class=\"aligncenter size-full wp-image-66347\" src=\"http:\/\/www.reconoce.mx\/wp-content\/uploads\/2017\/10\/DLD.jpg\" alt=\"\" width=\"800\" height=\"593\" srcset=\"https:\/\/www.reconoce.mx\/wp-content\/uploads\/2017\/10\/DLD.jpg 800w, https:\/\/www.reconoce.mx\/wp-content\/uploads\/2017\/10\/DLD-300x222.jpg 300w, https:\/\/www.reconoce.mx\/wp-content\/uploads\/2017\/10\/DLD-768x569.jpg 768w, https:\/\/www.reconoce.mx\/wp-content\/uploads\/2017\/10\/DLD-150x111.jpg 150w, https:\/\/www.reconoce.mx\/wp-content\/uploads\/2017\/10\/DLD-700x519.jpg 700w, https:\/\/www.reconoce.mx\/wp-content\/uploads\/2017\/10\/DLD-658x488.jpg 658w\" sizes=\"auto, (max-width: 800px) 100vw, 800px\" \/><\/a><\/p>\n<p><em><strong>&gt;&gt;<a href=\"https:\/\/www.flickr.com\/photos\/reconocemx\/albums\/72157689053207156\" target=\"_blank\" rel=\"noopener\">Disfruta nuestra galer\u00eda completa de DLD en RockFest MX 2017<\/a>&lt;&lt;<\/strong><\/em><\/p>\n<p><a href=\"http:\/\/www.reconoce.mx\/wp-content\/uploads\/2017\/10\/LA-CUCA.jpg\"><img loading=\"lazy\" decoding=\"async\" class=\"aligncenter size-full wp-image-66349\" src=\"http:\/\/www.reconoce.mx\/wp-content\/uploads\/2017\/10\/LA-CUCA.jpg\" alt=\"\" width=\"800\" height=\"587\" srcset=\"https:\/\/www.reconoce.mx\/wp-content\/uploads\/2017\/10\/LA-CUCA.jpg 800w, https:\/\/www.reconoce.mx\/wp-content\/uploads\/2017\/10\/LA-CUCA-300x220.jpg 300w, https:\/\/www.reconoce.mx\/wp-content\/uploads\/2017\/10\/LA-CUCA-768x564.jpg 768w, https:\/\/www.reconoce.mx\/wp-content\/uploads\/2017\/10\/LA-CUCA-150x110.jpg 150w, https:\/\/www.reconoce.mx\/wp-content\/uploads\/2017\/10\/LA-CUCA-700x514.jpg 700w, https:\/\/www.reconoce.mx\/wp-content\/uploads\/2017\/10\/LA-CUCA-658x483.jpg 658w\" sizes=\"auto, (max-width: 800px) 100vw, 800px\" \/><\/a><\/p>\n<p><em><strong>&gt;&gt;<a href=\"https:\/\/www.flickr.com\/photos\/reconocemx\/albums\/72157686856908680\" target=\"_blank\" rel=\"noopener\">Disfruta nuestra galer\u00eda completa de Cuca en RockFest MX 2017<\/a>&lt;&lt;<\/strong><\/em><\/p>\n<p><a href=\"http:\/\/www.reconoce.mx\/wp-content\/uploads\/2017\/10\/MALDITA-VECINDAD.jpg\"><img loading=\"lazy\" decoding=\"async\" class=\"aligncenter size-full wp-image-66351\" src=\"http:\/\/www.reconoce.mx\/wp-content\/uploads\/2017\/10\/MALDITA-VECINDAD.jpg\" alt=\"\" width=\"800\" height=\"529\" srcset=\"https:\/\/www.reconoce.mx\/wp-content\/uploads\/2017\/10\/MALDITA-VECINDAD.jpg 800w, https:\/\/www.reconoce.mx\/wp-content\/uploads\/2017\/10\/MALDITA-VECINDAD-300x198.jpg 300w, https:\/\/www.reconoce.mx\/wp-content\/uploads\/2017\/10\/MALDITA-VECINDAD-768x508.jpg 768w, https:\/\/www.reconoce.mx\/wp-content\/uploads\/2017\/10\/MALDITA-VECINDAD-150x99.jpg 150w, https:\/\/www.reconoce.mx\/wp-content\/uploads\/2017\/10\/MALDITA-VECINDAD-700x463.jpg 700w, https:\/\/www.reconoce.mx\/wp-content\/uploads\/2017\/10\/MALDITA-VECINDAD-658x435.jpg 658w\" sizes=\"auto, (max-width: 800px) 100vw, 800px\" \/><\/a><\/p>\n<p><em><strong>&gt;&gt;<a href=\"https:\/\/www.flickr.com\/photos\/reconocemx\/albums\/72157687399012024\" target=\"_blank\" rel=\"noopener\">Disfruta nuestra galer\u00eda completa de Maldita Vecindad en RockFest MX 2017<\/a>&lt;&lt;<\/strong><\/em><\/p>\n<p><strong>RockFest MX 2017<\/strong> fue un festival fluido, lleno de mensajes de amor para curar el coraz\u00f3n de nuestro pa\u00eds, que aunque est\u00e1 de luto, sabe que la m\u00fasica es una de las cosas que sanar\u00e1n sus heridas; actitud que se reflej\u00f3 en todos los artistas y en la respuesta del p\u00fablico.<\/p>\n<p>&nbsp;<\/p>\n<p>&nbsp;<\/p>\n","protected":false},"excerpt":{"rendered":"<p>La primera edici\u00f3n del RockFest MX demostr\u00f3 que M\u00e9xico es un pa\u00eds con sed de rock en el que a\u00fan hay lugar para nuevos festivales de m\u00fasica. <\/p>\n","protected":false},"author":2,"featured_media":66358,"comment_status":"open","ping_status":"open","sticky":false,"template":"","format":"standard","meta":{"footnotes":""},"categories":[1,18,17],"tags":[],"class_list":["post-66342","post","type-post","status-publish","format-standard","has-post-thumbnail","hentry","category-cultura","category-musica","category-principal"],"yoast_head":"<!-- This site is optimized with the Yoast SEO plugin v24.7 - https:\/\/yoast.com\/wordpress\/plugins\/seo\/ -->\n<title>RockFest MX 2017: m\u00fasica para curar a un pa\u00eds &#171; Reconoce MX<\/title>\n<meta name=\"robots\" content=\"index, follow, max-snippet:-1, max-image-preview:large, max-video-preview:-1\" \/>\n<link rel=\"canonical\" href=\"https:\/\/www.reconoce.mx\/?p=66342\" \/>\n<meta property=\"og:locale\" content=\"es_ES\" \/>\n<meta property=\"og:type\" content=\"article\" \/>\n<meta property=\"og:title\" content=\"RockFest MX 2017: m\u00fasica para curar a un pa\u00eds &#171; Reconoce MX\" \/>\n<meta property=\"og:description\" content=\"La primera edici\u00f3n del RockFest MX demostr\u00f3 que M\u00e9xico es un pa\u00eds con sed de rock en el que a\u00fan hay lugar para nuevos festivales de m\u00fasica.\" \/>\n<meta property=\"og:url\" content=\"https:\/\/www.reconoce.mx\/?p=66342\" \/>\n<meta property=\"og:site_name\" content=\"Reconoce MX\" \/>\n<meta property=\"article:publisher\" content=\"https:\/\/es-la.facebook.com\/ReconoceMX\/\" \/>\n<meta property=\"article:published_time\" content=\"2017-10-02T05:06:08+00:00\" \/>\n<meta property=\"article:modified_time\" content=\"2017-10-03T03:44:37+00:00\" \/>\n<meta property=\"og:image\" content=\"https:\/\/www.reconoce.mx\/wp-content\/uploads\/2017\/10\/ROCKFEST-MX-2017-cover.png\" \/>\n\t<meta property=\"og:image:width\" content=\"590\" \/>\n\t<meta property=\"og:image:height\" content=\"380\" \/>\n\t<meta property=\"og:image:type\" content=\"image\/png\" \/>\n<meta name=\"author\" content=\"Reconoce MX\" \/>\n<meta name=\"twitter:card\" content=\"summary_large_image\" \/>\n<meta name=\"twitter:creator\" content=\"@reconocemx\" \/>\n<meta name=\"twitter:site\" content=\"@reconocemx\" \/>\n<meta name=\"twitter:label1\" content=\"Escrito por\" \/>\n\t<meta name=\"twitter:data1\" content=\"Reconoce MX\" \/>\n\t<meta name=\"twitter:label2\" content=\"Tiempo de lectura\" \/>\n\t<meta name=\"twitter:data2\" content=\"3 minutos\" \/>\n<script type=\"application\/ld+json\" class=\"yoast-schema-graph\">{\"@context\":\"https:\/\/schema.org\",\"@graph\":[{\"@type\":\"Article\",\"@id\":\"https:\/\/www.reconoce.mx\/?p=66342#article\",\"isPartOf\":{\"@id\":\"https:\/\/www.reconoce.mx\/?p=66342\"},\"author\":{\"name\":\"Reconoce MX\",\"@id\":\"http:\/\/www.reconoce.mx\/#\/schema\/person\/2117e997d7051dc15d6880eaf9bca0b2\"},\"headline\":\"RockFest MX 2017: m\u00fasica para curar a un pa\u00eds\",\"datePublished\":\"2017-10-02T05:06:08+00:00\",\"dateModified\":\"2017-10-03T03:44:37+00:00\",\"mainEntityOfPage\":{\"@id\":\"https:\/\/www.reconoce.mx\/?p=66342\"},\"wordCount\":703,\"commentCount\":0,\"publisher\":{\"@id\":\"http:\/\/www.reconoce.mx\/#organization\"},\"image\":{\"@id\":\"https:\/\/www.reconoce.mx\/?p=66342#primaryimage\"},\"thumbnailUrl\":\"https:\/\/www.reconoce.mx\/wp-content\/uploads\/2017\/10\/ROCKFEST-MX-2017-cover.png\",\"articleSection\":[\"Cultura\",\"M\u00fasica\",\"Principal\"],\"inLanguage\":\"es\",\"potentialAction\":[{\"@type\":\"CommentAction\",\"name\":\"Comment\",\"target\":[\"https:\/\/www.reconoce.mx\/?p=66342#respond\"]}]},{\"@type\":\"WebPage\",\"@id\":\"https:\/\/www.reconoce.mx\/?p=66342\",\"url\":\"https:\/\/www.reconoce.mx\/?p=66342\",\"name\":\"RockFest MX 2017: m\u00fasica para curar a un pa\u00eds &#171; Reconoce MX\",\"isPartOf\":{\"@id\":\"http:\/\/www.reconoce.mx\/#website\"},\"primaryImageOfPage\":{\"@id\":\"https:\/\/www.reconoce.mx\/?p=66342#primaryimage\"},\"image\":{\"@id\":\"https:\/\/www.reconoce.mx\/?p=66342#primaryimage\"},\"thumbnailUrl\":\"https:\/\/www.reconoce.mx\/wp-content\/uploads\/2017\/10\/ROCKFEST-MX-2017-cover.png\",\"datePublished\":\"2017-10-02T05:06:08+00:00\",\"dateModified\":\"2017-10-03T03:44:37+00:00\",\"breadcrumb\":{\"@id\":\"https:\/\/www.reconoce.mx\/?p=66342#breadcrumb\"},\"inLanguage\":\"es\",\"potentialAction\":[{\"@type\":\"ReadAction\",\"target\":[\"https:\/\/www.reconoce.mx\/?p=66342\"]}]},{\"@type\":\"ImageObject\",\"inLanguage\":\"es\",\"@id\":\"https:\/\/www.reconoce.mx\/?p=66342#primaryimage\",\"url\":\"https:\/\/www.reconoce.mx\/wp-content\/uploads\/2017\/10\/ROCKFEST-MX-2017-cover.png\",\"contentUrl\":\"https:\/\/www.reconoce.mx\/wp-content\/uploads\/2017\/10\/ROCKFEST-MX-2017-cover.png\",\"width\":590,\"height\":380},{\"@type\":\"BreadcrumbList\",\"@id\":\"https:\/\/www.reconoce.mx\/?p=66342#breadcrumb\",\"itemListElement\":[{\"@type\":\"ListItem\",\"position\":1,\"name\":\"Portada\",\"item\":\"http:\/\/www.reconoce.mx\/\"},{\"@type\":\"ListItem\",\"position\":2,\"name\":\"RockFest MX 2017: m\u00fasica para curar a un pa\u00eds\"}]},{\"@type\":\"WebSite\",\"@id\":\"http:\/\/www.reconoce.mx\/#website\",\"url\":\"http:\/\/www.reconoce.mx\/\",\"name\":\"Reconoce MX\",\"description\":\"En Reconoce MX difundimos arte, cultura y conciencia social en M\u00e9xico. Tu ciudad en otra perspectiva.\",\"publisher\":{\"@id\":\"http:\/\/www.reconoce.mx\/#organization\"},\"potentialAction\":[{\"@type\":\"SearchAction\",\"target\":{\"@type\":\"EntryPoint\",\"urlTemplate\":\"http:\/\/www.reconoce.mx\/?s={search_term_string}\"},\"query-input\":{\"@type\":\"PropertyValueSpecification\",\"valueRequired\":true,\"valueName\":\"search_term_string\"}}],\"inLanguage\":\"es\"},{\"@type\":\"Organization\",\"@id\":\"http:\/\/www.reconoce.mx\/#organization\",\"name\":\"Reconoce MX\",\"url\":\"http:\/\/www.reconoce.mx\/\",\"logo\":{\"@type\":\"ImageObject\",\"inLanguage\":\"es\",\"@id\":\"http:\/\/www.reconoce.mx\/#\/schema\/logo\/image\/\",\"url\":\"https:\/\/www.reconoce.mx\/wp-content\/uploads\/2019\/03\/logorcmx-good-1.png\",\"contentUrl\":\"https:\/\/www.reconoce.mx\/wp-content\/uploads\/2019\/03\/logorcmx-good-1.png\",\"width\":280,\"height\":90,\"caption\":\"Reconoce MX\"},\"image\":{\"@id\":\"http:\/\/www.reconoce.mx\/#\/schema\/logo\/image\/\"},\"sameAs\":[\"https:\/\/es-la.facebook.com\/ReconoceMX\/\",\"https:\/\/x.com\/reconocemx\",\"http:\/\/@reconocemx\"]},{\"@type\":\"Person\",\"@id\":\"http:\/\/www.reconoce.mx\/#\/schema\/person\/2117e997d7051dc15d6880eaf9bca0b2\",\"name\":\"Reconoce MX\",\"image\":{\"@type\":\"ImageObject\",\"inLanguage\":\"es\",\"@id\":\"http:\/\/www.reconoce.mx\/#\/schema\/person\/image\/\",\"url\":\"https:\/\/secure.gravatar.com\/avatar\/6c8d4dc7569ca1c90c5fdcc349f839d5ddef6fe1e70b4337ead2ef1a4c43fc3a?s=96&d=identicon&r=g\",\"contentUrl\":\"https:\/\/secure.gravatar.com\/avatar\/6c8d4dc7569ca1c90c5fdcc349f839d5ddef6fe1e70b4337ead2ef1a4c43fc3a?s=96&d=identicon&r=g\",\"caption\":\"Reconoce MX\"},\"description\":\"Reconoce MX es un proyecto de difusi\u00f3n art\u00edstica, cultural y de conciencia social que est\u00e1 enfocado a difundir y fomentar el entretenimiento alternativo de calidad para todo el p\u00fablico que comparta el mismo entusiasmo.\",\"sameAs\":[\"http:\/\/www.reconoce.mx\"],\"url\":\"https:\/\/www.reconoce.mx\/?author=2\"}]}<\/script>\n<!-- \/ Yoast SEO plugin. -->","yoast_head_json":{"title":"RockFest MX 2017: m\u00fasica para curar a un pa\u00eds &#171; Reconoce MX","robots":{"index":"index","follow":"follow","max-snippet":"max-snippet:-1","max-image-preview":"max-image-preview:large","max-video-preview":"max-video-preview:-1"},"canonical":"https:\/\/www.reconoce.mx\/?p=66342","og_locale":"es_ES","og_type":"article","og_title":"RockFest MX 2017: m\u00fasica para curar a un pa\u00eds &#171; Reconoce MX","og_description":"La primera edici\u00f3n del RockFest MX demostr\u00f3 que M\u00e9xico es un pa\u00eds con sed de rock en el que a\u00fan hay lugar para nuevos festivales de m\u00fasica.","og_url":"https:\/\/www.reconoce.mx\/?p=66342","og_site_name":"Reconoce MX","article_publisher":"https:\/\/es-la.facebook.com\/ReconoceMX\/","article_published_time":"2017-10-02T05:06:08+00:00","article_modified_time":"2017-10-03T03:44:37+00:00","og_image":[{"width":590,"height":380,"url":"https:\/\/www.reconoce.mx\/wp-content\/uploads\/2017\/10\/ROCKFEST-MX-2017-cover.png","type":"image\/png"}],"author":"Reconoce MX","twitter_card":"summary_large_image","twitter_creator":"@reconocemx","twitter_site":"@reconocemx","twitter_misc":{"Escrito por":"Reconoce MX","Tiempo de lectura":"3 minutos"},"schema":{"@context":"https:\/\/schema.org","@graph":[{"@type":"Article","@id":"https:\/\/www.reconoce.mx\/?p=66342#article","isPartOf":{"@id":"https:\/\/www.reconoce.mx\/?p=66342"},"author":{"name":"Reconoce MX","@id":"http:\/\/www.reconoce.mx\/#\/schema\/person\/2117e997d7051dc15d6880eaf9bca0b2"},"headline":"RockFest MX 2017: m\u00fasica para curar a un pa\u00eds","datePublished":"2017-10-02T05:06:08+00:00","dateModified":"2017-10-03T03:44:37+00:00","mainEntityOfPage":{"@id":"https:\/\/www.reconoce.mx\/?p=66342"},"wordCount":703,"commentCount":0,"publisher":{"@id":"http:\/\/www.reconoce.mx\/#organization"},"image":{"@id":"https:\/\/www.reconoce.mx\/?p=66342#primaryimage"},"thumbnailUrl":"https:\/\/www.reconoce.mx\/wp-content\/uploads\/2017\/10\/ROCKFEST-MX-2017-cover.png","articleSection":["Cultura","M\u00fasica","Principal"],"inLanguage":"es","potentialAction":[{"@type":"CommentAction","name":"Comment","target":["https:\/\/www.reconoce.mx\/?p=66342#respond"]}]},{"@type":"WebPage","@id":"https:\/\/www.reconoce.mx\/?p=66342","url":"https:\/\/www.reconoce.mx\/?p=66342","name":"RockFest MX 2017: m\u00fasica para curar a un pa\u00eds &#171; Reconoce MX","isPartOf":{"@id":"http:\/\/www.reconoce.mx\/#website"},"primaryImageOfPage":{"@id":"https:\/\/www.reconoce.mx\/?p=66342#primaryimage"},"image":{"@id":"https:\/\/www.reconoce.mx\/?p=66342#primaryimage"},"thumbnailUrl":"https:\/\/www.reconoce.mx\/wp-content\/uploads\/2017\/10\/ROCKFEST-MX-2017-cover.png","datePublished":"2017-10-02T05:06:08+00:00","dateModified":"2017-10-03T03:44:37+00:00","breadcrumb":{"@id":"https:\/\/www.reconoce.mx\/?p=66342#breadcrumb"},"inLanguage":"es","potentialAction":[{"@type":"ReadAction","target":["https:\/\/www.reconoce.mx\/?p=66342"]}]},{"@type":"ImageObject","inLanguage":"es","@id":"https:\/\/www.reconoce.mx\/?p=66342#primaryimage","url":"https:\/\/www.reconoce.mx\/wp-content\/uploads\/2017\/10\/ROCKFEST-MX-2017-cover.png","contentUrl":"https:\/\/www.reconoce.mx\/wp-content\/uploads\/2017\/10\/ROCKFEST-MX-2017-cover.png","width":590,"height":380},{"@type":"BreadcrumbList","@id":"https:\/\/www.reconoce.mx\/?p=66342#breadcrumb","itemListElement":[{"@type":"ListItem","position":1,"name":"Portada","item":"http:\/\/www.reconoce.mx\/"},{"@type":"ListItem","position":2,"name":"RockFest MX 2017: m\u00fasica para curar a un pa\u00eds"}]},{"@type":"WebSite","@id":"http:\/\/www.reconoce.mx\/#website","url":"http:\/\/www.reconoce.mx\/","name":"Reconoce MX","description":"En Reconoce MX difundimos arte, cultura y conciencia social en M\u00e9xico. Tu ciudad en otra perspectiva.","publisher":{"@id":"http:\/\/www.reconoce.mx\/#organization"},"potentialAction":[{"@type":"SearchAction","target":{"@type":"EntryPoint","urlTemplate":"http:\/\/www.reconoce.mx\/?s={search_term_string}"},"query-input":{"@type":"PropertyValueSpecification","valueRequired":true,"valueName":"search_term_string"}}],"inLanguage":"es"},{"@type":"Organization","@id":"http:\/\/www.reconoce.mx\/#organization","name":"Reconoce MX","url":"http:\/\/www.reconoce.mx\/","logo":{"@type":"ImageObject","inLanguage":"es","@id":"http:\/\/www.reconoce.mx\/#\/schema\/logo\/image\/","url":"https:\/\/www.reconoce.mx\/wp-content\/uploads\/2019\/03\/logorcmx-good-1.png","contentUrl":"https:\/\/www.reconoce.mx\/wp-content\/uploads\/2019\/03\/logorcmx-good-1.png","width":280,"height":90,"caption":"Reconoce MX"},"image":{"@id":"http:\/\/www.reconoce.mx\/#\/schema\/logo\/image\/"},"sameAs":["https:\/\/es-la.facebook.com\/ReconoceMX\/","https:\/\/x.com\/reconocemx","http:\/\/@reconocemx"]},{"@type":"Person","@id":"http:\/\/www.reconoce.mx\/#\/schema\/person\/2117e997d7051dc15d6880eaf9bca0b2","name":"Reconoce MX","image":{"@type":"ImageObject","inLanguage":"es","@id":"http:\/\/www.reconoce.mx\/#\/schema\/person\/image\/","url":"https:\/\/secure.gravatar.com\/avatar\/6c8d4dc7569ca1c90c5fdcc349f839d5ddef6fe1e70b4337ead2ef1a4c43fc3a?s=96&d=identicon&r=g","contentUrl":"https:\/\/secure.gravatar.com\/avatar\/6c8d4dc7569ca1c90c5fdcc349f839d5ddef6fe1e70b4337ead2ef1a4c43fc3a?s=96&d=identicon&r=g","caption":"Reconoce MX"},"description":"Reconoce MX es un proyecto de difusi\u00f3n art\u00edstica, cultural y de conciencia social que est\u00e1 enfocado a difundir y fomentar el entretenimiento alternativo de calidad para todo el p\u00fablico que comparta el mismo entusiasmo.","sameAs":["http:\/\/www.reconoce.mx"],"url":"https:\/\/www.reconoce.mx\/?author=2"}]}},"_links":{"self":[{"href":"https:\/\/www.reconoce.mx\/index.php?rest_route=\/wp\/v2\/posts\/66342","targetHints":{"allow":["GET"]}}],"collection":[{"href":"https:\/\/www.reconoce.mx\/index.php?rest_route=\/wp\/v2\/posts"}],"about":[{"href":"https:\/\/www.reconoce.mx\/index.php?rest_route=\/wp\/v2\/types\/post"}],"author":[{"embeddable":true,"href":"https:\/\/www.reconoce.mx\/index.php?rest_route=\/wp\/v2\/users\/2"}],"replies":[{"embeddable":true,"href":"https:\/\/www.reconoce.mx\/index.php?rest_route=%2Fwp%2Fv2%2Fcomments&post=66342"}],"version-history":[{"count":3,"href":"https:\/\/www.reconoce.mx\/index.php?rest_route=\/wp\/v2\/posts\/66342\/revisions"}],"predecessor-version":[{"id":66361,"href":"https:\/\/www.reconoce.mx\/index.php?rest_route=\/wp\/v2\/posts\/66342\/revisions\/66361"}],"wp:featuredmedia":[{"embeddable":true,"href":"https:\/\/www.reconoce.mx\/index.php?rest_route=\/wp\/v2\/media\/66358"}],"wp:attachment":[{"href":"https:\/\/www.reconoce.mx\/index.php?rest_route=%2Fwp%2Fv2%2Fmedia&parent=66342"}],"wp:term":[{"taxonomy":"category","embeddable":true,"href":"https:\/\/www.reconoce.mx\/index.php?rest_route=%2Fwp%2Fv2%2Fcategories&post=66342"},{"taxonomy":"post_tag","embeddable":true,"href":"https:\/\/www.reconoce.mx\/index.php?rest_route=%2Fwp%2Fv2%2Ftags&post=66342"}],"curies":[{"name":"wp","href":"https:\/\/api.w.org\/{rel}","templated":true}]}}