{"id":66367,"date":"2017-10-03T00:02:09","date_gmt":"2017-10-03T05:02:09","guid":{"rendered":"http:\/\/www.reconoce.mx\/?p=66367"},"modified":"2017-10-03T14:04:29","modified_gmt":"2017-10-03T19:04:29","slug":"los-caligaris-regresan-a-mexico-para-celebrar-sus-20-anos","status":"publish","type":"post","link":"https:\/\/www.reconoce.mx\/?p=66367","title":{"rendered":"Los Caligaris regresan a M\u00e9xico para celebrar sus 20 a\u00f1os"},"content":{"rendered":"<p><strong>Por <a href=\"https:\/\/twitter.com\/AgroZsUno\" target=\"_blank\" rel=\"noopener noreferrer\">Jes\u00fas Ortega<\/a>.<\/strong><\/p>\n<p>Desde C\u00f3rdoba, Argentina, despu\u00e9s de tantos kil\u00f3metros recorridos, llegar\u00e1n <strong>Los Caligaris<\/strong> al <strong>Palacio de los Deportes<\/strong> con el &#8216;Show m\u00e1s feliz del mundo&#8217;.<\/p>\n<p><a href=\"http:\/\/www.reconoce.mx\/wp-content\/uploads\/2017\/10\/17358535_10154641935583795_3526033773547383166_o-1.jpg\"><img loading=\"lazy\" decoding=\"async\" class=\"aligncenter size-full wp-image-66370\" src=\"http:\/\/www.reconoce.mx\/wp-content\/uploads\/2017\/10\/17358535_10154641935583795_3526033773547383166_o-1.jpg\" alt=\"\" width=\"710\" height=\"1280\" srcset=\"https:\/\/www.reconoce.mx\/wp-content\/uploads\/2017\/10\/17358535_10154641935583795_3526033773547383166_o-1.jpg 710w, https:\/\/www.reconoce.mx\/wp-content\/uploads\/2017\/10\/17358535_10154641935583795_3526033773547383166_o-1-166x300.jpg 166w, https:\/\/www.reconoce.mx\/wp-content\/uploads\/2017\/10\/17358535_10154641935583795_3526033773547383166_o-1-568x1024.jpg 568w, https:\/\/www.reconoce.mx\/wp-content\/uploads\/2017\/10\/17358535_10154641935583795_3526033773547383166_o-1-150x270.jpg 150w, https:\/\/www.reconoce.mx\/wp-content\/uploads\/2017\/10\/17358535_10154641935583795_3526033773547383166_o-1-700x1262.jpg 700w, https:\/\/www.reconoce.mx\/wp-content\/uploads\/2017\/10\/17358535_10154641935583795_3526033773547383166_o-1-658x1186.jpg 658w, https:\/\/www.reconoce.mx\/wp-content\/uploads\/2017\/10\/17358535_10154641935583795_3526033773547383166_o-1-300x541.jpg 300w\" sizes=\"auto, (max-width: 710px) 100vw, 710px\" \/><\/a><\/p>\n<p>La banda originaria de Argentina, que inici\u00f3 en 1997, se ha ganado a sus fans mexicanos con sus shows que han pasado del <strong>Chopo<\/strong>, <strong>Jos\u00e9 Cuervo Sal\u00f3n<\/strong> y <strong>Pepsi Center WTC<\/strong>, hasta abarrotar fechas en <strong>El Plaza Condesa<\/strong>. Ahora, siendo uno de los foros m\u00e1s emblem\u00e1ticos de Ciudad de M\u00e9xico, y como parte del festejo de sus 20 a\u00f1os, <strong>Los Caligaris<\/strong> llegan al <strong>Palacio de los Deportes<\/strong> el pr\u00f3ximo 7 de octubre en punto de las 20:00 horas.<\/p>\n<p>Los creadores de \u00abKilometros\u00bb, \u00abRaz\u00f3n\u00bb y \u00abQue corran\u00bb, entre otros emblem\u00e1ticos temas que pertenecen a una gran discograf\u00eda, eligieron un recorrido por Estados Unidos, algunos pa\u00edses de Latinoam\u00e9rica y M\u00e9xico para concluir as\u00ed su gran y merecida celebraci\u00f3n.<\/p>\n<p><strong>Los Caligaris<\/strong> marcan con esta gira una nueva etapa para la banda, ya que est\u00e1n en proceso de la grabaci\u00f3n de su disco n\u00famero 9.<\/p>\n<p>Sin duda, para todos los fans de <strong>Los Caligaris<\/strong> ser\u00e1 una gran noche llena de alegr\u00eda, circo y la sensualidad de <strong>Ra\u00fal Sencillez<\/strong>.<\/p>\n<p>\u00a1Los boletos se agotaron! La gran demanda de la banda, lo merece.<\/p>\n<p>&nbsp;<\/p>\n<p>&nbsp;<\/p>\n","protected":false},"excerpt":{"rendered":"<p>Desde C\u00f3rdoba, Argentina, despu\u00e9s de tantos kil\u00f3metros recorridos, llegar\u00e1n Los Caligaris al Palacio de los Deportes con el &#8216;Show m\u00e1s feliz del mundo&#8217;.<\/p>\n","protected":false},"author":2,"featured_media":66369,"comment_status":"open","ping_status":"open","sticky":false,"template":"","format":"standard","meta":{"footnotes":""},"categories":[1,18,17],"tags":[],"class_list":["post-66367","post","type-post","status-publish","format-standard","has-post-thumbnail","hentry","category-cultura","category-musica","category-principal"],"yoast_head":"<!-- This site is optimized with the Yoast SEO plugin v24.7 - https:\/\/yoast.com\/wordpress\/plugins\/seo\/ -->\n<title>Los Caligaris regresan a M\u00e9xico para celebrar sus 20 a\u00f1os &#171; Reconoce MX<\/title>\n<meta name=\"robots\" content=\"index, follow, max-snippet:-1, max-image-preview:large, max-video-preview:-1\" \/>\n<link rel=\"canonical\" href=\"https:\/\/www.reconoce.mx\/?p=66367\" \/>\n<meta property=\"og:locale\" content=\"es_ES\" \/>\n<meta property=\"og:type\" content=\"article\" \/>\n<meta property=\"og:title\" content=\"Los Caligaris regresan a M\u00e9xico para celebrar sus 20 a\u00f1os &#171; Reconoce MX\" \/>\n<meta property=\"og:description\" content=\"Desde C\u00f3rdoba, Argentina, despu\u00e9s de tantos kil\u00f3metros recorridos, llegar\u00e1n Los Caligaris al Palacio de los Deportes con el &#039;Show m\u00e1s feliz del mundo&#039;.\" \/>\n<meta property=\"og:url\" content=\"https:\/\/www.reconoce.mx\/?p=66367\" \/>\n<meta property=\"og:site_name\" content=\"Reconoce MX\" \/>\n<meta property=\"article:publisher\" content=\"https:\/\/es-la.facebook.com\/ReconoceMX\/\" \/>\n<meta property=\"article:published_time\" content=\"2017-10-03T05:02:09+00:00\" \/>\n<meta property=\"article:modified_time\" content=\"2017-10-03T19:04:29+00:00\" \/>\n<meta property=\"og:image\" content=\"https:\/\/www.reconoce.mx\/wp-content\/uploads\/2017\/10\/los-caligaris.png\" \/>\n\t<meta property=\"og:image:width\" content=\"590\" \/>\n\t<meta property=\"og:image:height\" content=\"380\" \/>\n\t<meta property=\"og:image:type\" content=\"image\/png\" \/>\n<meta name=\"author\" content=\"Reconoce MX\" \/>\n<meta name=\"twitter:card\" content=\"summary_large_image\" \/>\n<meta name=\"twitter:creator\" content=\"@reconocemx\" \/>\n<meta name=\"twitter:site\" content=\"@reconocemx\" \/>\n<meta name=\"twitter:label1\" content=\"Escrito por\" \/>\n\t<meta name=\"twitter:data1\" content=\"Reconoce MX\" \/>\n\t<meta name=\"twitter:label2\" content=\"Tiempo de lectura\" \/>\n\t<meta name=\"twitter:data2\" content=\"1 minuto\" \/>\n<script type=\"application\/ld+json\" class=\"yoast-schema-graph\">{\"@context\":\"https:\/\/schema.org\",\"@graph\":[{\"@type\":\"Article\",\"@id\":\"https:\/\/www.reconoce.mx\/?p=66367#article\",\"isPartOf\":{\"@id\":\"https:\/\/www.reconoce.mx\/?p=66367\"},\"author\":{\"name\":\"Reconoce MX\",\"@id\":\"http:\/\/www.reconoce.mx\/#\/schema\/person\/2117e997d7051dc15d6880eaf9bca0b2\"},\"headline\":\"Los Caligaris regresan a M\u00e9xico para celebrar sus 20 a\u00f1os\",\"datePublished\":\"2017-10-03T05:02:09+00:00\",\"dateModified\":\"2017-10-03T19:04:29+00:00\",\"mainEntityOfPage\":{\"@id\":\"https:\/\/www.reconoce.mx\/?p=66367\"},\"wordCount\":234,\"commentCount\":0,\"publisher\":{\"@id\":\"http:\/\/www.reconoce.mx\/#organization\"},\"image\":{\"@id\":\"https:\/\/www.reconoce.mx\/?p=66367#primaryimage\"},\"thumbnailUrl\":\"https:\/\/www.reconoce.mx\/wp-content\/uploads\/2017\/10\/los-caligaris.png\",\"articleSection\":[\"Cultura\",\"M\u00fasica\",\"Principal\"],\"inLanguage\":\"es\",\"potentialAction\":[{\"@type\":\"CommentAction\",\"name\":\"Comment\",\"target\":[\"https:\/\/www.reconoce.mx\/?p=66367#respond\"]}]},{\"@type\":\"WebPage\",\"@id\":\"https:\/\/www.reconoce.mx\/?p=66367\",\"url\":\"https:\/\/www.reconoce.mx\/?p=66367\",\"name\":\"Los Caligaris regresan a M\u00e9xico para celebrar sus 20 a\u00f1os &#171; Reconoce MX\",\"isPartOf\":{\"@id\":\"http:\/\/www.reconoce.mx\/#website\"},\"primaryImageOfPage\":{\"@id\":\"https:\/\/www.reconoce.mx\/?p=66367#primaryimage\"},\"image\":{\"@id\":\"https:\/\/www.reconoce.mx\/?p=66367#primaryimage\"},\"thumbnailUrl\":\"https:\/\/www.reconoce.mx\/wp-content\/uploads\/2017\/10\/los-caligaris.png\",\"datePublished\":\"2017-10-03T05:02:09+00:00\",\"dateModified\":\"2017-10-03T19:04:29+00:00\",\"breadcrumb\":{\"@id\":\"https:\/\/www.reconoce.mx\/?p=66367#breadcrumb\"},\"inLanguage\":\"es\",\"potentialAction\":[{\"@type\":\"ReadAction\",\"target\":[\"https:\/\/www.reconoce.mx\/?p=66367\"]}]},{\"@type\":\"ImageObject\",\"inLanguage\":\"es\",\"@id\":\"https:\/\/www.reconoce.mx\/?p=66367#primaryimage\",\"url\":\"https:\/\/www.reconoce.mx\/wp-content\/uploads\/2017\/10\/los-caligaris.png\",\"contentUrl\":\"https:\/\/www.reconoce.mx\/wp-content\/uploads\/2017\/10\/los-caligaris.png\",\"width\":590,\"height\":380},{\"@type\":\"BreadcrumbList\",\"@id\":\"https:\/\/www.reconoce.mx\/?p=66367#breadcrumb\",\"itemListElement\":[{\"@type\":\"ListItem\",\"position\":1,\"name\":\"Portada\",\"item\":\"http:\/\/www.reconoce.mx\/\"},{\"@type\":\"ListItem\",\"position\":2,\"name\":\"Los Caligaris regresan a M\u00e9xico para celebrar sus 20 a\u00f1os\"}]},{\"@type\":\"WebSite\",\"@id\":\"http:\/\/www.reconoce.mx\/#website\",\"url\":\"http:\/\/www.reconoce.mx\/\",\"name\":\"Reconoce MX\",\"description\":\"En Reconoce MX difundimos arte, cultura y conciencia social en M\u00e9xico. Tu ciudad en otra perspectiva.\",\"publisher\":{\"@id\":\"http:\/\/www.reconoce.mx\/#organization\"},\"potentialAction\":[{\"@type\":\"SearchAction\",\"target\":{\"@type\":\"EntryPoint\",\"urlTemplate\":\"http:\/\/www.reconoce.mx\/?s={search_term_string}\"},\"query-input\":{\"@type\":\"PropertyValueSpecification\",\"valueRequired\":true,\"valueName\":\"search_term_string\"}}],\"inLanguage\":\"es\"},{\"@type\":\"Organization\",\"@id\":\"http:\/\/www.reconoce.mx\/#organization\",\"name\":\"Reconoce MX\",\"url\":\"http:\/\/www.reconoce.mx\/\",\"logo\":{\"@type\":\"ImageObject\",\"inLanguage\":\"es\",\"@id\":\"http:\/\/www.reconoce.mx\/#\/schema\/logo\/image\/\",\"url\":\"https:\/\/www.reconoce.mx\/wp-content\/uploads\/2019\/03\/logorcmx-good-1.png\",\"contentUrl\":\"https:\/\/www.reconoce.mx\/wp-content\/uploads\/2019\/03\/logorcmx-good-1.png\",\"width\":280,\"height\":90,\"caption\":\"Reconoce MX\"},\"image\":{\"@id\":\"http:\/\/www.reconoce.mx\/#\/schema\/logo\/image\/\"},\"sameAs\":[\"https:\/\/es-la.facebook.com\/ReconoceMX\/\",\"https:\/\/x.com\/reconocemx\",\"http:\/\/@reconocemx\"]},{\"@type\":\"Person\",\"@id\":\"http:\/\/www.reconoce.mx\/#\/schema\/person\/2117e997d7051dc15d6880eaf9bca0b2\",\"name\":\"Reconoce MX\",\"image\":{\"@type\":\"ImageObject\",\"inLanguage\":\"es\",\"@id\":\"http:\/\/www.reconoce.mx\/#\/schema\/person\/image\/\",\"url\":\"https:\/\/secure.gravatar.com\/avatar\/6c8d4dc7569ca1c90c5fdcc349f839d5ddef6fe1e70b4337ead2ef1a4c43fc3a?s=96&d=identicon&r=g\",\"contentUrl\":\"https:\/\/secure.gravatar.com\/avatar\/6c8d4dc7569ca1c90c5fdcc349f839d5ddef6fe1e70b4337ead2ef1a4c43fc3a?s=96&d=identicon&r=g\",\"caption\":\"Reconoce MX\"},\"description\":\"Reconoce MX es un proyecto de difusi\u00f3n art\u00edstica, cultural y de conciencia social que est\u00e1 enfocado a difundir y fomentar el entretenimiento alternativo de calidad para todo el p\u00fablico que comparta el mismo entusiasmo.\",\"sameAs\":[\"http:\/\/www.reconoce.mx\"],\"url\":\"https:\/\/www.reconoce.mx\/?author=2\"}]}<\/script>\n<!-- \/ Yoast SEO plugin. -->","yoast_head_json":{"title":"Los Caligaris regresan a M\u00e9xico para celebrar sus 20 a\u00f1os &#171; Reconoce MX","robots":{"index":"index","follow":"follow","max-snippet":"max-snippet:-1","max-image-preview":"max-image-preview:large","max-video-preview":"max-video-preview:-1"},"canonical":"https:\/\/www.reconoce.mx\/?p=66367","og_locale":"es_ES","og_type":"article","og_title":"Los Caligaris regresan a M\u00e9xico para celebrar sus 20 a\u00f1os &#171; Reconoce MX","og_description":"Desde C\u00f3rdoba, Argentina, despu\u00e9s de tantos kil\u00f3metros recorridos, llegar\u00e1n Los Caligaris al Palacio de los Deportes con el 'Show m\u00e1s feliz del mundo'.","og_url":"https:\/\/www.reconoce.mx\/?p=66367","og_site_name":"Reconoce MX","article_publisher":"https:\/\/es-la.facebook.com\/ReconoceMX\/","article_published_time":"2017-10-03T05:02:09+00:00","article_modified_time":"2017-10-03T19:04:29+00:00","og_image":[{"width":590,"height":380,"url":"https:\/\/www.reconoce.mx\/wp-content\/uploads\/2017\/10\/los-caligaris.png","type":"image\/png"}],"author":"Reconoce MX","twitter_card":"summary_large_image","twitter_creator":"@reconocemx","twitter_site":"@reconocemx","twitter_misc":{"Escrito por":"Reconoce MX","Tiempo de lectura":"1 minuto"},"schema":{"@context":"https:\/\/schema.org","@graph":[{"@type":"Article","@id":"https:\/\/www.reconoce.mx\/?p=66367#article","isPartOf":{"@id":"https:\/\/www.reconoce.mx\/?p=66367"},"author":{"name":"Reconoce MX","@id":"http:\/\/www.reconoce.mx\/#\/schema\/person\/2117e997d7051dc15d6880eaf9bca0b2"},"headline":"Los Caligaris regresan a M\u00e9xico para celebrar sus 20 a\u00f1os","datePublished":"2017-10-03T05:02:09+00:00","dateModified":"2017-10-03T19:04:29+00:00","mainEntityOfPage":{"@id":"https:\/\/www.reconoce.mx\/?p=66367"},"wordCount":234,"commentCount":0,"publisher":{"@id":"http:\/\/www.reconoce.mx\/#organization"},"image":{"@id":"https:\/\/www.reconoce.mx\/?p=66367#primaryimage"},"thumbnailUrl":"https:\/\/www.reconoce.mx\/wp-content\/uploads\/2017\/10\/los-caligaris.png","articleSection":["Cultura","M\u00fasica","Principal"],"inLanguage":"es","potentialAction":[{"@type":"CommentAction","name":"Comment","target":["https:\/\/www.reconoce.mx\/?p=66367#respond"]}]},{"@type":"WebPage","@id":"https:\/\/www.reconoce.mx\/?p=66367","url":"https:\/\/www.reconoce.mx\/?p=66367","name":"Los Caligaris regresan a M\u00e9xico para celebrar sus 20 a\u00f1os &#171; Reconoce MX","isPartOf":{"@id":"http:\/\/www.reconoce.mx\/#website"},"primaryImageOfPage":{"@id":"https:\/\/www.reconoce.mx\/?p=66367#primaryimage"},"image":{"@id":"https:\/\/www.reconoce.mx\/?p=66367#primaryimage"},"thumbnailUrl":"https:\/\/www.reconoce.mx\/wp-content\/uploads\/2017\/10\/los-caligaris.png","datePublished":"2017-10-03T05:02:09+00:00","dateModified":"2017-10-03T19:04:29+00:00","breadcrumb":{"@id":"https:\/\/www.reconoce.mx\/?p=66367#breadcrumb"},"inLanguage":"es","potentialAction":[{"@type":"ReadAction","target":["https:\/\/www.reconoce.mx\/?p=66367"]}]},{"@type":"ImageObject","inLanguage":"es","@id":"https:\/\/www.reconoce.mx\/?p=66367#primaryimage","url":"https:\/\/www.reconoce.mx\/wp-content\/uploads\/2017\/10\/los-caligaris.png","contentUrl":"https:\/\/www.reconoce.mx\/wp-content\/uploads\/2017\/10\/los-caligaris.png","width":590,"height":380},{"@type":"BreadcrumbList","@id":"https:\/\/www.reconoce.mx\/?p=66367#breadcrumb","itemListElement":[{"@type":"ListItem","position":1,"name":"Portada","item":"http:\/\/www.reconoce.mx\/"},{"@type":"ListItem","position":2,"name":"Los Caligaris regresan a M\u00e9xico para celebrar sus 20 a\u00f1os"}]},{"@type":"WebSite","@id":"http:\/\/www.reconoce.mx\/#website","url":"http:\/\/www.reconoce.mx\/","name":"Reconoce MX","description":"En Reconoce MX difundimos arte, cultura y conciencia social en M\u00e9xico. Tu ciudad en otra perspectiva.","publisher":{"@id":"http:\/\/www.reconoce.mx\/#organization"},"potentialAction":[{"@type":"SearchAction","target":{"@type":"EntryPoint","urlTemplate":"http:\/\/www.reconoce.mx\/?s={search_term_string}"},"query-input":{"@type":"PropertyValueSpecification","valueRequired":true,"valueName":"search_term_string"}}],"inLanguage":"es"},{"@type":"Organization","@id":"http:\/\/www.reconoce.mx\/#organization","name":"Reconoce MX","url":"http:\/\/www.reconoce.mx\/","logo":{"@type":"ImageObject","inLanguage":"es","@id":"http:\/\/www.reconoce.mx\/#\/schema\/logo\/image\/","url":"https:\/\/www.reconoce.mx\/wp-content\/uploads\/2019\/03\/logorcmx-good-1.png","contentUrl":"https:\/\/www.reconoce.mx\/wp-content\/uploads\/2019\/03\/logorcmx-good-1.png","width":280,"height":90,"caption":"Reconoce MX"},"image":{"@id":"http:\/\/www.reconoce.mx\/#\/schema\/logo\/image\/"},"sameAs":["https:\/\/es-la.facebook.com\/ReconoceMX\/","https:\/\/x.com\/reconocemx","http:\/\/@reconocemx"]},{"@type":"Person","@id":"http:\/\/www.reconoce.mx\/#\/schema\/person\/2117e997d7051dc15d6880eaf9bca0b2","name":"Reconoce MX","image":{"@type":"ImageObject","inLanguage":"es","@id":"http:\/\/www.reconoce.mx\/#\/schema\/person\/image\/","url":"https:\/\/secure.gravatar.com\/avatar\/6c8d4dc7569ca1c90c5fdcc349f839d5ddef6fe1e70b4337ead2ef1a4c43fc3a?s=96&d=identicon&r=g","contentUrl":"https:\/\/secure.gravatar.com\/avatar\/6c8d4dc7569ca1c90c5fdcc349f839d5ddef6fe1e70b4337ead2ef1a4c43fc3a?s=96&d=identicon&r=g","caption":"Reconoce MX"},"description":"Reconoce MX es un proyecto de difusi\u00f3n art\u00edstica, cultural y de conciencia social que est\u00e1 enfocado a difundir y fomentar el entretenimiento alternativo de calidad para todo el p\u00fablico que comparta el mismo entusiasmo.","sameAs":["http:\/\/www.reconoce.mx"],"url":"https:\/\/www.reconoce.mx\/?author=2"}]}},"_links":{"self":[{"href":"https:\/\/www.reconoce.mx\/index.php?rest_route=\/wp\/v2\/posts\/66367","targetHints":{"allow":["GET"]}}],"collection":[{"href":"https:\/\/www.reconoce.mx\/index.php?rest_route=\/wp\/v2\/posts"}],"about":[{"href":"https:\/\/www.reconoce.mx\/index.php?rest_route=\/wp\/v2\/types\/post"}],"author":[{"embeddable":true,"href":"https:\/\/www.reconoce.mx\/index.php?rest_route=\/wp\/v2\/users\/2"}],"replies":[{"embeddable":true,"href":"https:\/\/www.reconoce.mx\/index.php?rest_route=%2Fwp%2Fv2%2Fcomments&post=66367"}],"version-history":[{"count":2,"href":"https:\/\/www.reconoce.mx\/index.php?rest_route=\/wp\/v2\/posts\/66367\/revisions"}],"predecessor-version":[{"id":66373,"href":"https:\/\/www.reconoce.mx\/index.php?rest_route=\/wp\/v2\/posts\/66367\/revisions\/66373"}],"wp:featuredmedia":[{"embeddable":true,"href":"https:\/\/www.reconoce.mx\/index.php?rest_route=\/wp\/v2\/media\/66369"}],"wp:attachment":[{"href":"https:\/\/www.reconoce.mx\/index.php?rest_route=%2Fwp%2Fv2%2Fmedia&parent=66367"}],"wp:term":[{"taxonomy":"category","embeddable":true,"href":"https:\/\/www.reconoce.mx\/index.php?rest_route=%2Fwp%2Fv2%2Fcategories&post=66367"},{"taxonomy":"post_tag","embeddable":true,"href":"https:\/\/www.reconoce.mx\/index.php?rest_route=%2Fwp%2Fv2%2Ftags&post=66367"}],"curies":[{"name":"wp","href":"https:\/\/api.w.org\/{rel}","templated":true}]}}