{"id":66635,"date":"2017-10-16T00:01:47","date_gmt":"2017-10-16T05:01:47","guid":{"rendered":"http:\/\/www.reconoce.mx\/?p=66635"},"modified":"2017-10-16T02:53:22","modified_gmt":"2017-10-16T07:53:22","slug":"el-esperado-regreso-de-rabia-sorda","status":"publish","type":"post","link":"https:\/\/www.reconoce.mx\/?p=66635","title":{"rendered":"El esperado regreso de Rabia Sorda"},"content":{"rendered":"<p><strong>Por\u00a0<a href=\"https:\/\/twitter.com\/alice_freckles\" target=\"_blank\" rel=\"noopener noreferrer\">Alicia \u00c1vila Monroy<\/a><\/strong>.<\/p>\n<p>En octubre, uno de los mejores del a\u00f1o para los amantes de la m\u00fasica, nos llega un show m\u00e1s para celebrar: la presentaci\u00f3n por primera vez en M\u00e9xico de la banda formada por Erik Garc\u00eda, mejor conocido como Erk Aicrag (vocalista de la banda electro <strong>Hocico<\/strong>), con la alineaci\u00f3n completa de <strong>Rabia Sorda. <\/strong>Erik quiso demostrar a trav\u00e9s de este proyecto una perspectiva diferente a lo que hab\u00eda estado haciendo antes, present\u00e1ndose as\u00ed con una nueva entidad.<\/p>\n<p><a href=\"http:\/\/www.reconoce.mx\/wp-content\/uploads\/2017\/10\/Rabia_vertical_logo.jpg\"><img loading=\"lazy\" decoding=\"async\" class=\"aligncenter size-full wp-image-66637\" src=\"http:\/\/www.reconoce.mx\/wp-content\/uploads\/2017\/10\/Rabia_vertical_logo.jpg\" alt=\"\" width=\"800\" height=\"1200\" srcset=\"https:\/\/www.reconoce.mx\/wp-content\/uploads\/2017\/10\/Rabia_vertical_logo.jpg 800w, https:\/\/www.reconoce.mx\/wp-content\/uploads\/2017\/10\/Rabia_vertical_logo-200x300.jpg 200w, https:\/\/www.reconoce.mx\/wp-content\/uploads\/2017\/10\/Rabia_vertical_logo-768x1152.jpg 768w, https:\/\/www.reconoce.mx\/wp-content\/uploads\/2017\/10\/Rabia_vertical_logo-683x1024.jpg 683w, https:\/\/www.reconoce.mx\/wp-content\/uploads\/2017\/10\/Rabia_vertical_logo-150x225.jpg 150w, https:\/\/www.reconoce.mx\/wp-content\/uploads\/2017\/10\/Rabia_vertical_logo-700x1050.jpg 700w, https:\/\/www.reconoce.mx\/wp-content\/uploads\/2017\/10\/Rabia_vertical_logo-658x987.jpg 658w, https:\/\/www.reconoce.mx\/wp-content\/uploads\/2017\/10\/Rabia_vertical_logo-300x450.jpg 300w\" sizes=\"auto, (max-width: 800px) 100vw, 800px\" \/><\/a><\/p>\n<p>Despu\u00e9s de siete a\u00f1os del show que dieron en <strong>La Faena<\/strong> en donde presentaron \u00abNoise Diary\u00bb \u2013EP que se lanz\u00f3 en mayo de 2009\u2013, <strong>Rabia Sorda<\/strong> vuelve a la capital como parte de su gira \u00abAnimales Salvajes Tour 2017\u00bb por Am\u00e9rica Latina y Europa.<\/p>\n<p>Este show se llevar\u00e1 a cabo el pr\u00f3ximo s\u00e1bado 21 de octubre en <strong>Bajo Circuito<\/strong> (Bajo Puente de Circuito Interior S\/N, Cuauht\u00e9moc, Condesa) junto a <strong>Goth Brooks <\/strong>como invitados, banda originaria de Phoenix, Arizona. El show contar\u00e1 tambi\u00e9n con la participaci\u00f3n de <strong>Oxomaxoma<\/strong>, proyecto de Ciudad de M\u00e9xico, tambi\u00e9n invitados por la banda con los que degustar\u00e1s una mezcla de rock experimental.<\/p>\n<p>La banda mexicana <strong>Rabia Sorda<\/strong> conformada por Erk Aicrag (voz), Marcus Engel (Guitarra), Grigory Feil (Guitarra) y Jeans (bater\u00eda), se caracteriza por su <em>post-punk<\/em> y m\u00fasica industrial que ha logrado mantener un sonido peculiar dentro del g\u00e9nero electro en la escena musical del g\u00e9nero rock tambi\u00e9n experimental.<\/p>\n<p>Despu\u00e9s de su presentaci\u00f3n en la ciudad, la banda dar\u00e1 dos \u00faltimos shows (uno en Per\u00fa y otro en Chile) para dar por terminada su gira. En esta ocasi\u00f3n, <strong>Rabia Sorda<\/strong> estar\u00e1 presentando su m\u00e1s reciente EP \u00abAnimales Salvajes\u00bb, material de donde se desprende su m\u00e1s reciente sencillo \u00abKing of the Wasteland\u00bb<em>.<\/em><\/p>\n<p>El evento es de cupo limitado y cada ticket tiene un costo de $400.00 en preventa y de $500.00 en taquilla; puedes adquirirlos a trav\u00e9s del sistema <a href=\"https:\/\/bajocircuito.boletos.redticket.com.mx\/entradas\/es\/entradas-musica-rabia-sorda\" target=\"_blank\" rel=\"noopener\">Red Ticket<\/a> y en la taquilla del lugar.<\/p>\n<p>&nbsp;<\/p>\n<p>&nbsp;<\/p>\n","protected":false},"excerpt":{"rendered":"<p>En octubre, uno de los mejores del a\u00f1o para los amantes de la m\u00fasica, nos llega un show m\u00e1s para celebrar.<\/p>\n","protected":false},"author":2,"featured_media":66636,"comment_status":"open","ping_status":"open","sticky":false,"template":"","format":"standard","meta":{"footnotes":""},"categories":[1,18,17],"tags":[],"class_list":["post-66635","post","type-post","status-publish","format-standard","has-post-thumbnail","hentry","category-cultura","category-musica","category-principal"],"yoast_head":"<!-- This site is optimized with the Yoast SEO plugin v24.7 - https:\/\/yoast.com\/wordpress\/plugins\/seo\/ -->\n<title>El esperado regreso de Rabia Sorda &#171; Reconoce MX<\/title>\n<meta name=\"robots\" content=\"index, follow, max-snippet:-1, max-image-preview:large, max-video-preview:-1\" \/>\n<link rel=\"canonical\" href=\"http:\/\/www.reconoce.mx\/?p=66635\" \/>\n<meta property=\"og:locale\" content=\"es_ES\" \/>\n<meta property=\"og:type\" content=\"article\" \/>\n<meta property=\"og:title\" content=\"El esperado regreso de Rabia Sorda &#171; Reconoce MX\" \/>\n<meta property=\"og:description\" content=\"En octubre, uno de los mejores del a\u00f1o para los amantes de la m\u00fasica, nos llega un show m\u00e1s para celebrar.\" \/>\n<meta property=\"og:url\" content=\"http:\/\/www.reconoce.mx\/?p=66635\" \/>\n<meta property=\"og:site_name\" content=\"Reconoce MX\" \/>\n<meta property=\"article:publisher\" content=\"https:\/\/es-la.facebook.com\/ReconoceMX\/\" \/>\n<meta property=\"article:published_time\" content=\"2017-10-16T05:01:47+00:00\" \/>\n<meta property=\"article:modified_time\" content=\"2017-10-16T07:53:22+00:00\" \/>\n<meta property=\"og:image\" content=\"http:\/\/www.reconoce.mx\/wp-content\/uploads\/2017\/10\/rabia-sorda-cover.png\" \/>\n\t<meta property=\"og:image:width\" content=\"590\" \/>\n\t<meta property=\"og:image:height\" content=\"380\" \/>\n\t<meta property=\"og:image:type\" content=\"image\/png\" \/>\n<meta name=\"author\" content=\"Reconoce MX\" \/>\n<meta name=\"twitter:card\" content=\"summary_large_image\" \/>\n<meta name=\"twitter:creator\" content=\"@reconocemx\" \/>\n<meta name=\"twitter:site\" content=\"@reconocemx\" \/>\n<meta name=\"twitter:label1\" content=\"Escrito por\" \/>\n\t<meta name=\"twitter:data1\" content=\"Reconoce MX\" \/>\n\t<meta name=\"twitter:label2\" content=\"Tiempo de lectura\" \/>\n\t<meta name=\"twitter:data2\" content=\"2 minutos\" \/>\n<script type=\"application\/ld+json\" class=\"yoast-schema-graph\">{\"@context\":\"https:\/\/schema.org\",\"@graph\":[{\"@type\":\"Article\",\"@id\":\"http:\/\/www.reconoce.mx\/?p=66635#article\",\"isPartOf\":{\"@id\":\"http:\/\/www.reconoce.mx\/?p=66635\"},\"author\":{\"name\":\"Reconoce MX\",\"@id\":\"http:\/\/www.reconoce.mx\/#\/schema\/person\/2117e997d7051dc15d6880eaf9bca0b2\"},\"headline\":\"El esperado regreso de Rabia Sorda\",\"datePublished\":\"2017-10-16T05:01:47+00:00\",\"dateModified\":\"2017-10-16T07:53:22+00:00\",\"mainEntityOfPage\":{\"@id\":\"http:\/\/www.reconoce.mx\/?p=66635\"},\"wordCount\":357,\"commentCount\":0,\"publisher\":{\"@id\":\"http:\/\/www.reconoce.mx\/#organization\"},\"image\":{\"@id\":\"http:\/\/www.reconoce.mx\/?p=66635#primaryimage\"},\"thumbnailUrl\":\"https:\/\/www.reconoce.mx\/wp-content\/uploads\/2017\/10\/rabia-sorda-cover.png\",\"articleSection\":[\"Cultura\",\"M\u00fasica\",\"Principal\"],\"inLanguage\":\"es\",\"potentialAction\":[{\"@type\":\"CommentAction\",\"name\":\"Comment\",\"target\":[\"http:\/\/www.reconoce.mx\/?p=66635#respond\"]}]},{\"@type\":\"WebPage\",\"@id\":\"http:\/\/www.reconoce.mx\/?p=66635\",\"url\":\"http:\/\/www.reconoce.mx\/?p=66635\",\"name\":\"El esperado regreso de Rabia Sorda &#171; Reconoce MX\",\"isPartOf\":{\"@id\":\"http:\/\/www.reconoce.mx\/#website\"},\"primaryImageOfPage\":{\"@id\":\"http:\/\/www.reconoce.mx\/?p=66635#primaryimage\"},\"image\":{\"@id\":\"http:\/\/www.reconoce.mx\/?p=66635#primaryimage\"},\"thumbnailUrl\":\"https:\/\/www.reconoce.mx\/wp-content\/uploads\/2017\/10\/rabia-sorda-cover.png\",\"datePublished\":\"2017-10-16T05:01:47+00:00\",\"dateModified\":\"2017-10-16T07:53:22+00:00\",\"breadcrumb\":{\"@id\":\"http:\/\/www.reconoce.mx\/?p=66635#breadcrumb\"},\"inLanguage\":\"es\",\"potentialAction\":[{\"@type\":\"ReadAction\",\"target\":[\"http:\/\/www.reconoce.mx\/?p=66635\"]}]},{\"@type\":\"ImageObject\",\"inLanguage\":\"es\",\"@id\":\"http:\/\/www.reconoce.mx\/?p=66635#primaryimage\",\"url\":\"https:\/\/www.reconoce.mx\/wp-content\/uploads\/2017\/10\/rabia-sorda-cover.png\",\"contentUrl\":\"https:\/\/www.reconoce.mx\/wp-content\/uploads\/2017\/10\/rabia-sorda-cover.png\",\"width\":590,\"height\":380},{\"@type\":\"BreadcrumbList\",\"@id\":\"http:\/\/www.reconoce.mx\/?p=66635#breadcrumb\",\"itemListElement\":[{\"@type\":\"ListItem\",\"position\":1,\"name\":\"Portada\",\"item\":\"http:\/\/www.reconoce.mx\/\"},{\"@type\":\"ListItem\",\"position\":2,\"name\":\"El esperado regreso de Rabia Sorda\"}]},{\"@type\":\"WebSite\",\"@id\":\"http:\/\/www.reconoce.mx\/#website\",\"url\":\"http:\/\/www.reconoce.mx\/\",\"name\":\"Reconoce MX\",\"description\":\"En Reconoce MX difundimos arte, cultura y conciencia social en M\u00e9xico. Tu ciudad en otra perspectiva.\",\"publisher\":{\"@id\":\"http:\/\/www.reconoce.mx\/#organization\"},\"potentialAction\":[{\"@type\":\"SearchAction\",\"target\":{\"@type\":\"EntryPoint\",\"urlTemplate\":\"http:\/\/www.reconoce.mx\/?s={search_term_string}\"},\"query-input\":{\"@type\":\"PropertyValueSpecification\",\"valueRequired\":true,\"valueName\":\"search_term_string\"}}],\"inLanguage\":\"es\"},{\"@type\":\"Organization\",\"@id\":\"http:\/\/www.reconoce.mx\/#organization\",\"name\":\"Reconoce MX\",\"url\":\"http:\/\/www.reconoce.mx\/\",\"logo\":{\"@type\":\"ImageObject\",\"inLanguage\":\"es\",\"@id\":\"http:\/\/www.reconoce.mx\/#\/schema\/logo\/image\/\",\"url\":\"https:\/\/www.reconoce.mx\/wp-content\/uploads\/2019\/03\/logorcmx-good-1.png\",\"contentUrl\":\"https:\/\/www.reconoce.mx\/wp-content\/uploads\/2019\/03\/logorcmx-good-1.png\",\"width\":280,\"height\":90,\"caption\":\"Reconoce MX\"},\"image\":{\"@id\":\"http:\/\/www.reconoce.mx\/#\/schema\/logo\/image\/\"},\"sameAs\":[\"https:\/\/es-la.facebook.com\/ReconoceMX\/\",\"https:\/\/x.com\/reconocemx\",\"http:\/\/@reconocemx\"]},{\"@type\":\"Person\",\"@id\":\"http:\/\/www.reconoce.mx\/#\/schema\/person\/2117e997d7051dc15d6880eaf9bca0b2\",\"name\":\"Reconoce MX\",\"image\":{\"@type\":\"ImageObject\",\"inLanguage\":\"es\",\"@id\":\"http:\/\/www.reconoce.mx\/#\/schema\/person\/image\/\",\"url\":\"https:\/\/secure.gravatar.com\/avatar\/6c8d4dc7569ca1c90c5fdcc349f839d5ddef6fe1e70b4337ead2ef1a4c43fc3a?s=96&d=identicon&r=g\",\"contentUrl\":\"https:\/\/secure.gravatar.com\/avatar\/6c8d4dc7569ca1c90c5fdcc349f839d5ddef6fe1e70b4337ead2ef1a4c43fc3a?s=96&d=identicon&r=g\",\"caption\":\"Reconoce MX\"},\"description\":\"Reconoce MX es un proyecto de difusi\u00f3n art\u00edstica, cultural y de conciencia social que est\u00e1 enfocado a difundir y fomentar el entretenimiento alternativo de calidad para todo el p\u00fablico que comparta el mismo entusiasmo.\",\"sameAs\":[\"http:\/\/www.reconoce.mx\"],\"url\":\"https:\/\/www.reconoce.mx\/?author=2\"}]}<\/script>\n<!-- \/ Yoast SEO plugin. -->","yoast_head_json":{"title":"El esperado regreso de Rabia Sorda &#171; Reconoce MX","robots":{"index":"index","follow":"follow","max-snippet":"max-snippet:-1","max-image-preview":"max-image-preview:large","max-video-preview":"max-video-preview:-1"},"canonical":"http:\/\/www.reconoce.mx\/?p=66635","og_locale":"es_ES","og_type":"article","og_title":"El esperado regreso de Rabia Sorda &#171; Reconoce MX","og_description":"En octubre, uno de los mejores del a\u00f1o para los amantes de la m\u00fasica, nos llega un show m\u00e1s para celebrar.","og_url":"http:\/\/www.reconoce.mx\/?p=66635","og_site_name":"Reconoce MX","article_publisher":"https:\/\/es-la.facebook.com\/ReconoceMX\/","article_published_time":"2017-10-16T05:01:47+00:00","article_modified_time":"2017-10-16T07:53:22+00:00","og_image":[{"width":590,"height":380,"url":"http:\/\/www.reconoce.mx\/wp-content\/uploads\/2017\/10\/rabia-sorda-cover.png","type":"image\/png"}],"author":"Reconoce MX","twitter_card":"summary_large_image","twitter_creator":"@reconocemx","twitter_site":"@reconocemx","twitter_misc":{"Escrito por":"Reconoce MX","Tiempo de lectura":"2 minutos"},"schema":{"@context":"https:\/\/schema.org","@graph":[{"@type":"Article","@id":"http:\/\/www.reconoce.mx\/?p=66635#article","isPartOf":{"@id":"http:\/\/www.reconoce.mx\/?p=66635"},"author":{"name":"Reconoce MX","@id":"http:\/\/www.reconoce.mx\/#\/schema\/person\/2117e997d7051dc15d6880eaf9bca0b2"},"headline":"El esperado regreso de Rabia Sorda","datePublished":"2017-10-16T05:01:47+00:00","dateModified":"2017-10-16T07:53:22+00:00","mainEntityOfPage":{"@id":"http:\/\/www.reconoce.mx\/?p=66635"},"wordCount":357,"commentCount":0,"publisher":{"@id":"http:\/\/www.reconoce.mx\/#organization"},"image":{"@id":"http:\/\/www.reconoce.mx\/?p=66635#primaryimage"},"thumbnailUrl":"https:\/\/www.reconoce.mx\/wp-content\/uploads\/2017\/10\/rabia-sorda-cover.png","articleSection":["Cultura","M\u00fasica","Principal"],"inLanguage":"es","potentialAction":[{"@type":"CommentAction","name":"Comment","target":["http:\/\/www.reconoce.mx\/?p=66635#respond"]}]},{"@type":"WebPage","@id":"http:\/\/www.reconoce.mx\/?p=66635","url":"http:\/\/www.reconoce.mx\/?p=66635","name":"El esperado regreso de Rabia Sorda &#171; Reconoce MX","isPartOf":{"@id":"http:\/\/www.reconoce.mx\/#website"},"primaryImageOfPage":{"@id":"http:\/\/www.reconoce.mx\/?p=66635#primaryimage"},"image":{"@id":"http:\/\/www.reconoce.mx\/?p=66635#primaryimage"},"thumbnailUrl":"https:\/\/www.reconoce.mx\/wp-content\/uploads\/2017\/10\/rabia-sorda-cover.png","datePublished":"2017-10-16T05:01:47+00:00","dateModified":"2017-10-16T07:53:22+00:00","breadcrumb":{"@id":"http:\/\/www.reconoce.mx\/?p=66635#breadcrumb"},"inLanguage":"es","potentialAction":[{"@type":"ReadAction","target":["http:\/\/www.reconoce.mx\/?p=66635"]}]},{"@type":"ImageObject","inLanguage":"es","@id":"http:\/\/www.reconoce.mx\/?p=66635#primaryimage","url":"https:\/\/www.reconoce.mx\/wp-content\/uploads\/2017\/10\/rabia-sorda-cover.png","contentUrl":"https:\/\/www.reconoce.mx\/wp-content\/uploads\/2017\/10\/rabia-sorda-cover.png","width":590,"height":380},{"@type":"BreadcrumbList","@id":"http:\/\/www.reconoce.mx\/?p=66635#breadcrumb","itemListElement":[{"@type":"ListItem","position":1,"name":"Portada","item":"http:\/\/www.reconoce.mx\/"},{"@type":"ListItem","position":2,"name":"El esperado regreso de Rabia Sorda"}]},{"@type":"WebSite","@id":"http:\/\/www.reconoce.mx\/#website","url":"http:\/\/www.reconoce.mx\/","name":"Reconoce MX","description":"En Reconoce MX difundimos arte, cultura y conciencia social en M\u00e9xico. Tu ciudad en otra perspectiva.","publisher":{"@id":"http:\/\/www.reconoce.mx\/#organization"},"potentialAction":[{"@type":"SearchAction","target":{"@type":"EntryPoint","urlTemplate":"http:\/\/www.reconoce.mx\/?s={search_term_string}"},"query-input":{"@type":"PropertyValueSpecification","valueRequired":true,"valueName":"search_term_string"}}],"inLanguage":"es"},{"@type":"Organization","@id":"http:\/\/www.reconoce.mx\/#organization","name":"Reconoce MX","url":"http:\/\/www.reconoce.mx\/","logo":{"@type":"ImageObject","inLanguage":"es","@id":"http:\/\/www.reconoce.mx\/#\/schema\/logo\/image\/","url":"https:\/\/www.reconoce.mx\/wp-content\/uploads\/2019\/03\/logorcmx-good-1.png","contentUrl":"https:\/\/www.reconoce.mx\/wp-content\/uploads\/2019\/03\/logorcmx-good-1.png","width":280,"height":90,"caption":"Reconoce MX"},"image":{"@id":"http:\/\/www.reconoce.mx\/#\/schema\/logo\/image\/"},"sameAs":["https:\/\/es-la.facebook.com\/ReconoceMX\/","https:\/\/x.com\/reconocemx","http:\/\/@reconocemx"]},{"@type":"Person","@id":"http:\/\/www.reconoce.mx\/#\/schema\/person\/2117e997d7051dc15d6880eaf9bca0b2","name":"Reconoce MX","image":{"@type":"ImageObject","inLanguage":"es","@id":"http:\/\/www.reconoce.mx\/#\/schema\/person\/image\/","url":"https:\/\/secure.gravatar.com\/avatar\/6c8d4dc7569ca1c90c5fdcc349f839d5ddef6fe1e70b4337ead2ef1a4c43fc3a?s=96&d=identicon&r=g","contentUrl":"https:\/\/secure.gravatar.com\/avatar\/6c8d4dc7569ca1c90c5fdcc349f839d5ddef6fe1e70b4337ead2ef1a4c43fc3a?s=96&d=identicon&r=g","caption":"Reconoce MX"},"description":"Reconoce MX es un proyecto de difusi\u00f3n art\u00edstica, cultural y de conciencia social que est\u00e1 enfocado a difundir y fomentar el entretenimiento alternativo de calidad para todo el p\u00fablico que comparta el mismo entusiasmo.","sameAs":["http:\/\/www.reconoce.mx"],"url":"https:\/\/www.reconoce.mx\/?author=2"}]}},"_links":{"self":[{"href":"https:\/\/www.reconoce.mx\/index.php?rest_route=\/wp\/v2\/posts\/66635","targetHints":{"allow":["GET"]}}],"collection":[{"href":"https:\/\/www.reconoce.mx\/index.php?rest_route=\/wp\/v2\/posts"}],"about":[{"href":"https:\/\/www.reconoce.mx\/index.php?rest_route=\/wp\/v2\/types\/post"}],"author":[{"embeddable":true,"href":"https:\/\/www.reconoce.mx\/index.php?rest_route=\/wp\/v2\/users\/2"}],"replies":[{"embeddable":true,"href":"https:\/\/www.reconoce.mx\/index.php?rest_route=%2Fwp%2Fv2%2Fcomments&post=66635"}],"version-history":[{"count":1,"href":"https:\/\/www.reconoce.mx\/index.php?rest_route=\/wp\/v2\/posts\/66635\/revisions"}],"predecessor-version":[{"id":66638,"href":"https:\/\/www.reconoce.mx\/index.php?rest_route=\/wp\/v2\/posts\/66635\/revisions\/66638"}],"wp:featuredmedia":[{"embeddable":true,"href":"https:\/\/www.reconoce.mx\/index.php?rest_route=\/wp\/v2\/media\/66636"}],"wp:attachment":[{"href":"https:\/\/www.reconoce.mx\/index.php?rest_route=%2Fwp%2Fv2%2Fmedia&parent=66635"}],"wp:term":[{"taxonomy":"category","embeddable":true,"href":"https:\/\/www.reconoce.mx\/index.php?rest_route=%2Fwp%2Fv2%2Fcategories&post=66635"},{"taxonomy":"post_tag","embeddable":true,"href":"https:\/\/www.reconoce.mx\/index.php?rest_route=%2Fwp%2Fv2%2Ftags&post=66635"}],"curies":[{"name":"wp","href":"https:\/\/api.w.org\/{rel}","templated":true}]}}