{"id":66792,"date":"2017-10-13T00:05:42","date_gmt":"2017-10-13T05:05:42","guid":{"rendered":"http:\/\/www.reconoce.mx\/?p=66792"},"modified":"2017-10-12T23:12:22","modified_gmt":"2017-10-13T04:12:22","slug":"las-secuelas-del-19-s-y-el-drama-de-los-damnificados","status":"publish","type":"post","link":"https:\/\/www.reconoce.mx\/?p=66792","title":{"rendered":"Las secuelas del 19-S y el drama de los damnificados"},"content":{"rendered":"<p><strong>Por <a title=\"@danielhiga_al\" href=\"https:\/\/twitter.com\/danielhiga_al\" target=\"_blank\" rel=\"noopener noreferrer\">Daniel Higa Alquicira<\/a><\/strong>.<\/p>\n<p>Es evidente que la situaci\u00f3n de emergencia continua en Ciudad de M\u00e9xico, si bien ya no en las dimensiones de los primeros d\u00edas posteriores al sismo del pasado 19 de septiembre \u2013en donde las labores de rescate fueron la prioridad\u2013, con el paso de las semanas comienzan a surgir esas historias de los sobrevivientes que ahora literalmente han perdido su patrimonio y en algunos casos hasta sus familias.<\/p>\n<p><a href=\"http:\/\/www.reconoce.mx\/wp-content\/uploads\/2017\/10\/sismo-cdmx-2.png\"><img loading=\"lazy\" decoding=\"async\" class=\"aligncenter size-full wp-image-66793\" src=\"http:\/\/www.reconoce.mx\/wp-content\/uploads\/2017\/10\/sismo-cdmx-2.png\" alt=\"\" width=\"590\" height=\"380\" srcset=\"https:\/\/www.reconoce.mx\/wp-content\/uploads\/2017\/10\/sismo-cdmx-2.png 590w, https:\/\/www.reconoce.mx\/wp-content\/uploads\/2017\/10\/sismo-cdmx-2-300x193.png 300w, https:\/\/www.reconoce.mx\/wp-content\/uploads\/2017\/10\/sismo-cdmx-2-150x97.png 150w\" sizes=\"auto, (max-width: 590px) 100vw, 590px\" \/><\/a><\/p>\n<p>El tema del 19S sigue siendo una tendencia entre la sociedad, preguntarle a alguien m\u00e1s sobre c\u00f3mo lo vivi\u00f3 es una manera de confirmar que fue real y que la devastaci\u00f3n existi\u00f3, que no fue un invento de uno mismo o que el miedo hizo que sobredimension\u00e1ramos las cosas.<\/p>\n<p>En un sentido estricto y de manera particular, sigo sin asimilar lo ocurrido a pesar del paso de los d\u00edas. Pero las historias y las narraciones de las personas hacen que uno reviva las cosas desde una perspectiva diferente, sin la adrenalina que provocaba estar en las zonas de derrumbes.<\/p>\n<p>Una de estas historias es la de un taxista que viv\u00eda en la <strong>Unidad Habitacional Concordia<\/strong>, en Ignacio Zaragoza, un complejo donde \u2013seg\u00fan sus propias palabras\u2013 hay 78 edificios de los cuales 74 est\u00e1n da\u00f1ados.<\/p>\n<p>El edifico donde est\u00e1 el departamento que rentaba por tres mil pesos mensuales se inclin\u00f3 13 cent\u00edmetros y luego de los peritajes de <strong>Protecci\u00f3n Civil<\/strong>, las autoridades les informaron que pod\u00eda ser \u00abhabitado, pero con ciertos riesgos\u00bb -dijo el chofe\u2013, por lo cual se organizaron los vecinos para pedir un dictamen particular y seg\u00fan \u00e9ste \u00faltimo, solo ser\u00eda seguro si la inclinaci\u00f3n hubiera sido de 10 cent\u00edmetros; con el \u00e1ngulo que tiene actualmente es inhabitable.<\/p>\n<p>Pero el otro problema es que el edificio de enfrente result\u00f3 da\u00f1ado en su estructura y lo van a demoler y mientras esto no suceda, no podr\u00e1n entrar al departamento que habitaban hasta el 19 de septiembre pasado.<\/p>\n<p>Y a la pregunta obligada de d\u00f3nde se estaba quedando, la respuesta fue sorprendente: \u00abno me da verg\u00fcenza decir esto, me estoy quedando en el taxi.\u00bb<\/p>\n<p>Despu\u00e9s explic\u00f3 que hace un par de a\u00f1os su situaci\u00f3n econ\u00f3mica mejor\u00f3 y decidi\u00f3 comprar dos taxis que est\u00e1 pagando, pero el sismo modific\u00f3 toda su vida y adem\u00e1s de perder su casa, tambi\u00e9n se redujeron sus ingresos y esto lo oblig\u00f3 a tomar esta decisi\u00f3n de no gastar en nada que no fuera el pago de sus deudas.<\/p>\n<p>Tal vez resulte un poco extrema esta postura, pero dec\u00eda que llevaba d\u00edas en donde no \u00absal\u00eda ni para la gasolina, \u00bfc\u00f3mo voy a pagar un hotel o un departamento?\u00bb<\/p>\n<p>Pero tal vez esta sea parte de la realidad de las personas que siguen pernoctando en los 20 albergues instalados en Ciudad de M\u00e9xico y en donde, a pesar de que la cifra se reduce de manera constante \u2013seg\u00fan el gobierno de la capital\u2013, lo complicado de su situaci\u00f3n puede incluso obligarlos a tomar medidas como las del taxista.<\/p>\n<p>Para los que no perdimos nada con el sismo, supongo que es muy complicado dimensionar el hecho de quedarse sin nada en cuesti\u00f3n de segundos; o saber la manera en que uno reaccionar\u00eda ante esa situaci\u00f3n y lo racional que pueden llegar a ser las decisiones que uno tome bajo la presi\u00f3n y el estr\u00e9s de la situaci\u00f3n.<\/p>\n<p>Y cuando se habla de este tipo de desastre, pareciera que todo queda en el hecho de los edificios derrumbados, las muertes que se acumularon y la aplicaci\u00f3n de los programas de reconstrucci\u00f3n; pero hay algo encerrado en el ambiente que tiene que ver con la cuesti\u00f3n emocional y el da\u00f1o que ocasiona en las personas, que tal vez no sea evidente pero que es fundamental atenderlo para poder recuperarse plenamente de estas tragedias.<\/p>\n<p>Sin duda el evento del 19S fue devastador y no solo a nivel material, sino sobre todo a nivel emocional: un aspecto que tardaremos mucho tiempo en poder superar.<\/p>\n<p style=\"text-align: right;\">Fotos: <strong>Nancy Granados<\/strong>.<\/p>\n<p>&nbsp;<\/p>\n<p>&nbsp;<\/p>\n","protected":false},"excerpt":{"rendered":"<p>Es evidente que la situaci\u00f3n de emergencia continua en Ciudad de M\u00e9xico, si bien ya no en las dimensiones de los primeros d\u00edas posteriores al sismo del pasado 19 de septiembre, con el paso de las semanas comienzan a surgir esas historias de los sobrevivientes que ahora literalmente han perdido su patrimonio y en algunos casos hasta sus familias.<\/p>\n","protected":false},"author":2,"featured_media":66794,"comment_status":"open","ping_status":"open","sticky":false,"template":"","format":"standard","meta":{"footnotes":""},"categories":[43,275,17,2663],"tags":[563],"class_list":["post-66792","post","type-post","status-publish","format-standard","has-post-thumbnail","hentry","category-conciencia","category-derechos-humanos","category-principal","category-sismo-19-s","tag-sismo"],"yoast_head":"<!-- This site is optimized with the Yoast SEO plugin v24.7 - https:\/\/yoast.com\/wordpress\/plugins\/seo\/ -->\n<title>Las secuelas del 19-S y el drama de los damnificados &#171; Reconoce MX<\/title>\n<meta name=\"robots\" content=\"index, follow, max-snippet:-1, max-image-preview:large, max-video-preview:-1\" \/>\n<link rel=\"canonical\" href=\"http:\/\/www.reconoce.mx\/?p=66792\" \/>\n<meta property=\"og:locale\" content=\"es_ES\" \/>\n<meta property=\"og:type\" content=\"article\" \/>\n<meta property=\"og:title\" content=\"Las secuelas del 19-S y el drama de los damnificados &#171; Reconoce MX\" \/>\n<meta property=\"og:description\" content=\"Es evidente que la situaci\u00f3n de emergencia continua en Ciudad de M\u00e9xico, si bien ya no en las dimensiones de los primeros d\u00edas posteriores al sismo del pasado 19 de septiembre, con el paso de las semanas comienzan a surgir esas historias de los sobrevivientes que ahora literalmente han perdido su patrimonio y en algunos casos hasta sus familias.\" \/>\n<meta property=\"og:url\" content=\"http:\/\/www.reconoce.mx\/?p=66792\" \/>\n<meta property=\"og:site_name\" content=\"Reconoce MX\" \/>\n<meta property=\"article:publisher\" content=\"https:\/\/es-la.facebook.com\/ReconoceMX\/\" \/>\n<meta property=\"article:published_time\" content=\"2017-10-13T05:05:42+00:00\" \/>\n<meta property=\"og:image\" content=\"http:\/\/www.reconoce.mx\/wp-content\/uploads\/2017\/10\/sismo-cdmx.png\" \/>\n\t<meta property=\"og:image:width\" content=\"590\" \/>\n\t<meta property=\"og:image:height\" content=\"380\" \/>\n\t<meta property=\"og:image:type\" content=\"image\/png\" \/>\n<meta name=\"author\" content=\"Reconoce MX\" \/>\n<meta name=\"twitter:card\" content=\"summary_large_image\" \/>\n<meta name=\"twitter:creator\" content=\"@reconocemx\" \/>\n<meta name=\"twitter:site\" content=\"@reconocemx\" \/>\n<meta name=\"twitter:label1\" content=\"Escrito por\" \/>\n\t<meta name=\"twitter:data1\" content=\"Reconoce MX\" \/>\n\t<meta name=\"twitter:label2\" content=\"Tiempo de lectura\" \/>\n\t<meta name=\"twitter:data2\" content=\"3 minutos\" \/>\n<script type=\"application\/ld+json\" class=\"yoast-schema-graph\">{\"@context\":\"https:\/\/schema.org\",\"@graph\":[{\"@type\":\"Article\",\"@id\":\"http:\/\/www.reconoce.mx\/?p=66792#article\",\"isPartOf\":{\"@id\":\"http:\/\/www.reconoce.mx\/?p=66792\"},\"author\":{\"name\":\"Reconoce MX\",\"@id\":\"http:\/\/www.reconoce.mx\/#\/schema\/person\/2117e997d7051dc15d6880eaf9bca0b2\"},\"headline\":\"Las secuelas del 19-S y el drama de los damnificados\",\"datePublished\":\"2017-10-13T05:05:42+00:00\",\"mainEntityOfPage\":{\"@id\":\"http:\/\/www.reconoce.mx\/?p=66792\"},\"wordCount\":709,\"commentCount\":0,\"publisher\":{\"@id\":\"http:\/\/www.reconoce.mx\/#organization\"},\"image\":{\"@id\":\"http:\/\/www.reconoce.mx\/?p=66792#primaryimage\"},\"thumbnailUrl\":\"https:\/\/www.reconoce.mx\/wp-content\/uploads\/2017\/10\/sismo-cdmx.png\",\"keywords\":[\"sismo\"],\"articleSection\":[\"Conciencia\",\"Derechos Humanos\",\"Principal\",\"Sismo 19-S\"],\"inLanguage\":\"es\",\"potentialAction\":[{\"@type\":\"CommentAction\",\"name\":\"Comment\",\"target\":[\"http:\/\/www.reconoce.mx\/?p=66792#respond\"]}]},{\"@type\":\"WebPage\",\"@id\":\"http:\/\/www.reconoce.mx\/?p=66792\",\"url\":\"http:\/\/www.reconoce.mx\/?p=66792\",\"name\":\"Las secuelas del 19-S y el drama de los damnificados &#171; Reconoce MX\",\"isPartOf\":{\"@id\":\"http:\/\/www.reconoce.mx\/#website\"},\"primaryImageOfPage\":{\"@id\":\"http:\/\/www.reconoce.mx\/?p=66792#primaryimage\"},\"image\":{\"@id\":\"http:\/\/www.reconoce.mx\/?p=66792#primaryimage\"},\"thumbnailUrl\":\"https:\/\/www.reconoce.mx\/wp-content\/uploads\/2017\/10\/sismo-cdmx.png\",\"datePublished\":\"2017-10-13T05:05:42+00:00\",\"breadcrumb\":{\"@id\":\"http:\/\/www.reconoce.mx\/?p=66792#breadcrumb\"},\"inLanguage\":\"es\",\"potentialAction\":[{\"@type\":\"ReadAction\",\"target\":[\"http:\/\/www.reconoce.mx\/?p=66792\"]}]},{\"@type\":\"ImageObject\",\"inLanguage\":\"es\",\"@id\":\"http:\/\/www.reconoce.mx\/?p=66792#primaryimage\",\"url\":\"https:\/\/www.reconoce.mx\/wp-content\/uploads\/2017\/10\/sismo-cdmx.png\",\"contentUrl\":\"https:\/\/www.reconoce.mx\/wp-content\/uploads\/2017\/10\/sismo-cdmx.png\",\"width\":590,\"height\":380},{\"@type\":\"BreadcrumbList\",\"@id\":\"http:\/\/www.reconoce.mx\/?p=66792#breadcrumb\",\"itemListElement\":[{\"@type\":\"ListItem\",\"position\":1,\"name\":\"Portada\",\"item\":\"http:\/\/www.reconoce.mx\/\"},{\"@type\":\"ListItem\",\"position\":2,\"name\":\"Las secuelas del 19-S y el drama de los damnificados\"}]},{\"@type\":\"WebSite\",\"@id\":\"http:\/\/www.reconoce.mx\/#website\",\"url\":\"http:\/\/www.reconoce.mx\/\",\"name\":\"Reconoce MX\",\"description\":\"En Reconoce MX difundimos arte, cultura y conciencia social en M\u00e9xico. Tu ciudad en otra perspectiva.\",\"publisher\":{\"@id\":\"http:\/\/www.reconoce.mx\/#organization\"},\"potentialAction\":[{\"@type\":\"SearchAction\",\"target\":{\"@type\":\"EntryPoint\",\"urlTemplate\":\"http:\/\/www.reconoce.mx\/?s={search_term_string}\"},\"query-input\":{\"@type\":\"PropertyValueSpecification\",\"valueRequired\":true,\"valueName\":\"search_term_string\"}}],\"inLanguage\":\"es\"},{\"@type\":\"Organization\",\"@id\":\"http:\/\/www.reconoce.mx\/#organization\",\"name\":\"Reconoce MX\",\"url\":\"http:\/\/www.reconoce.mx\/\",\"logo\":{\"@type\":\"ImageObject\",\"inLanguage\":\"es\",\"@id\":\"http:\/\/www.reconoce.mx\/#\/schema\/logo\/image\/\",\"url\":\"https:\/\/www.reconoce.mx\/wp-content\/uploads\/2019\/03\/logorcmx-good-1.png\",\"contentUrl\":\"https:\/\/www.reconoce.mx\/wp-content\/uploads\/2019\/03\/logorcmx-good-1.png\",\"width\":280,\"height\":90,\"caption\":\"Reconoce MX\"},\"image\":{\"@id\":\"http:\/\/www.reconoce.mx\/#\/schema\/logo\/image\/\"},\"sameAs\":[\"https:\/\/es-la.facebook.com\/ReconoceMX\/\",\"https:\/\/x.com\/reconocemx\",\"http:\/\/@reconocemx\"]},{\"@type\":\"Person\",\"@id\":\"http:\/\/www.reconoce.mx\/#\/schema\/person\/2117e997d7051dc15d6880eaf9bca0b2\",\"name\":\"Reconoce MX\",\"image\":{\"@type\":\"ImageObject\",\"inLanguage\":\"es\",\"@id\":\"http:\/\/www.reconoce.mx\/#\/schema\/person\/image\/\",\"url\":\"https:\/\/secure.gravatar.com\/avatar\/6c8d4dc7569ca1c90c5fdcc349f839d5ddef6fe1e70b4337ead2ef1a4c43fc3a?s=96&d=identicon&r=g\",\"contentUrl\":\"https:\/\/secure.gravatar.com\/avatar\/6c8d4dc7569ca1c90c5fdcc349f839d5ddef6fe1e70b4337ead2ef1a4c43fc3a?s=96&d=identicon&r=g\",\"caption\":\"Reconoce MX\"},\"description\":\"Reconoce MX es un proyecto de difusi\u00f3n art\u00edstica, cultural y de conciencia social que est\u00e1 enfocado a difundir y fomentar el entretenimiento alternativo de calidad para todo el p\u00fablico que comparta el mismo entusiasmo.\",\"sameAs\":[\"http:\/\/www.reconoce.mx\"],\"url\":\"https:\/\/www.reconoce.mx\/?author=2\"}]}<\/script>\n<!-- \/ Yoast SEO plugin. -->","yoast_head_json":{"title":"Las secuelas del 19-S y el drama de los damnificados &#171; Reconoce MX","robots":{"index":"index","follow":"follow","max-snippet":"max-snippet:-1","max-image-preview":"max-image-preview:large","max-video-preview":"max-video-preview:-1"},"canonical":"http:\/\/www.reconoce.mx\/?p=66792","og_locale":"es_ES","og_type":"article","og_title":"Las secuelas del 19-S y el drama de los damnificados &#171; Reconoce MX","og_description":"Es evidente que la situaci\u00f3n de emergencia continua en Ciudad de M\u00e9xico, si bien ya no en las dimensiones de los primeros d\u00edas posteriores al sismo del pasado 19 de septiembre, con el paso de las semanas comienzan a surgir esas historias de los sobrevivientes que ahora literalmente han perdido su patrimonio y en algunos casos hasta sus familias.","og_url":"http:\/\/www.reconoce.mx\/?p=66792","og_site_name":"Reconoce MX","article_publisher":"https:\/\/es-la.facebook.com\/ReconoceMX\/","article_published_time":"2017-10-13T05:05:42+00:00","og_image":[{"width":590,"height":380,"url":"http:\/\/www.reconoce.mx\/wp-content\/uploads\/2017\/10\/sismo-cdmx.png","type":"image\/png"}],"author":"Reconoce MX","twitter_card":"summary_large_image","twitter_creator":"@reconocemx","twitter_site":"@reconocemx","twitter_misc":{"Escrito por":"Reconoce MX","Tiempo de lectura":"3 minutos"},"schema":{"@context":"https:\/\/schema.org","@graph":[{"@type":"Article","@id":"http:\/\/www.reconoce.mx\/?p=66792#article","isPartOf":{"@id":"http:\/\/www.reconoce.mx\/?p=66792"},"author":{"name":"Reconoce MX","@id":"http:\/\/www.reconoce.mx\/#\/schema\/person\/2117e997d7051dc15d6880eaf9bca0b2"},"headline":"Las secuelas del 19-S y el drama de los damnificados","datePublished":"2017-10-13T05:05:42+00:00","mainEntityOfPage":{"@id":"http:\/\/www.reconoce.mx\/?p=66792"},"wordCount":709,"commentCount":0,"publisher":{"@id":"http:\/\/www.reconoce.mx\/#organization"},"image":{"@id":"http:\/\/www.reconoce.mx\/?p=66792#primaryimage"},"thumbnailUrl":"https:\/\/www.reconoce.mx\/wp-content\/uploads\/2017\/10\/sismo-cdmx.png","keywords":["sismo"],"articleSection":["Conciencia","Derechos Humanos","Principal","Sismo 19-S"],"inLanguage":"es","potentialAction":[{"@type":"CommentAction","name":"Comment","target":["http:\/\/www.reconoce.mx\/?p=66792#respond"]}]},{"@type":"WebPage","@id":"http:\/\/www.reconoce.mx\/?p=66792","url":"http:\/\/www.reconoce.mx\/?p=66792","name":"Las secuelas del 19-S y el drama de los damnificados &#171; Reconoce MX","isPartOf":{"@id":"http:\/\/www.reconoce.mx\/#website"},"primaryImageOfPage":{"@id":"http:\/\/www.reconoce.mx\/?p=66792#primaryimage"},"image":{"@id":"http:\/\/www.reconoce.mx\/?p=66792#primaryimage"},"thumbnailUrl":"https:\/\/www.reconoce.mx\/wp-content\/uploads\/2017\/10\/sismo-cdmx.png","datePublished":"2017-10-13T05:05:42+00:00","breadcrumb":{"@id":"http:\/\/www.reconoce.mx\/?p=66792#breadcrumb"},"inLanguage":"es","potentialAction":[{"@type":"ReadAction","target":["http:\/\/www.reconoce.mx\/?p=66792"]}]},{"@type":"ImageObject","inLanguage":"es","@id":"http:\/\/www.reconoce.mx\/?p=66792#primaryimage","url":"https:\/\/www.reconoce.mx\/wp-content\/uploads\/2017\/10\/sismo-cdmx.png","contentUrl":"https:\/\/www.reconoce.mx\/wp-content\/uploads\/2017\/10\/sismo-cdmx.png","width":590,"height":380},{"@type":"BreadcrumbList","@id":"http:\/\/www.reconoce.mx\/?p=66792#breadcrumb","itemListElement":[{"@type":"ListItem","position":1,"name":"Portada","item":"http:\/\/www.reconoce.mx\/"},{"@type":"ListItem","position":2,"name":"Las secuelas del 19-S y el drama de los damnificados"}]},{"@type":"WebSite","@id":"http:\/\/www.reconoce.mx\/#website","url":"http:\/\/www.reconoce.mx\/","name":"Reconoce MX","description":"En Reconoce MX difundimos arte, cultura y conciencia social en M\u00e9xico. Tu ciudad en otra perspectiva.","publisher":{"@id":"http:\/\/www.reconoce.mx\/#organization"},"potentialAction":[{"@type":"SearchAction","target":{"@type":"EntryPoint","urlTemplate":"http:\/\/www.reconoce.mx\/?s={search_term_string}"},"query-input":{"@type":"PropertyValueSpecification","valueRequired":true,"valueName":"search_term_string"}}],"inLanguage":"es"},{"@type":"Organization","@id":"http:\/\/www.reconoce.mx\/#organization","name":"Reconoce MX","url":"http:\/\/www.reconoce.mx\/","logo":{"@type":"ImageObject","inLanguage":"es","@id":"http:\/\/www.reconoce.mx\/#\/schema\/logo\/image\/","url":"https:\/\/www.reconoce.mx\/wp-content\/uploads\/2019\/03\/logorcmx-good-1.png","contentUrl":"https:\/\/www.reconoce.mx\/wp-content\/uploads\/2019\/03\/logorcmx-good-1.png","width":280,"height":90,"caption":"Reconoce MX"},"image":{"@id":"http:\/\/www.reconoce.mx\/#\/schema\/logo\/image\/"},"sameAs":["https:\/\/es-la.facebook.com\/ReconoceMX\/","https:\/\/x.com\/reconocemx","http:\/\/@reconocemx"]},{"@type":"Person","@id":"http:\/\/www.reconoce.mx\/#\/schema\/person\/2117e997d7051dc15d6880eaf9bca0b2","name":"Reconoce MX","image":{"@type":"ImageObject","inLanguage":"es","@id":"http:\/\/www.reconoce.mx\/#\/schema\/person\/image\/","url":"https:\/\/secure.gravatar.com\/avatar\/6c8d4dc7569ca1c90c5fdcc349f839d5ddef6fe1e70b4337ead2ef1a4c43fc3a?s=96&d=identicon&r=g","contentUrl":"https:\/\/secure.gravatar.com\/avatar\/6c8d4dc7569ca1c90c5fdcc349f839d5ddef6fe1e70b4337ead2ef1a4c43fc3a?s=96&d=identicon&r=g","caption":"Reconoce MX"},"description":"Reconoce MX es un proyecto de difusi\u00f3n art\u00edstica, cultural y de conciencia social que est\u00e1 enfocado a difundir y fomentar el entretenimiento alternativo de calidad para todo el p\u00fablico que comparta el mismo entusiasmo.","sameAs":["http:\/\/www.reconoce.mx"],"url":"https:\/\/www.reconoce.mx\/?author=2"}]}},"_links":{"self":[{"href":"https:\/\/www.reconoce.mx\/index.php?rest_route=\/wp\/v2\/posts\/66792","targetHints":{"allow":["GET"]}}],"collection":[{"href":"https:\/\/www.reconoce.mx\/index.php?rest_route=\/wp\/v2\/posts"}],"about":[{"href":"https:\/\/www.reconoce.mx\/index.php?rest_route=\/wp\/v2\/types\/post"}],"author":[{"embeddable":true,"href":"https:\/\/www.reconoce.mx\/index.php?rest_route=\/wp\/v2\/users\/2"}],"replies":[{"embeddable":true,"href":"https:\/\/www.reconoce.mx\/index.php?rest_route=%2Fwp%2Fv2%2Fcomments&post=66792"}],"version-history":[{"count":2,"href":"https:\/\/www.reconoce.mx\/index.php?rest_route=\/wp\/v2\/posts\/66792\/revisions"}],"predecessor-version":[{"id":66796,"href":"https:\/\/www.reconoce.mx\/index.php?rest_route=\/wp\/v2\/posts\/66792\/revisions\/66796"}],"wp:featuredmedia":[{"embeddable":true,"href":"https:\/\/www.reconoce.mx\/index.php?rest_route=\/wp\/v2\/media\/66794"}],"wp:attachment":[{"href":"https:\/\/www.reconoce.mx\/index.php?rest_route=%2Fwp%2Fv2%2Fmedia&parent=66792"}],"wp:term":[{"taxonomy":"category","embeddable":true,"href":"https:\/\/www.reconoce.mx\/index.php?rest_route=%2Fwp%2Fv2%2Fcategories&post=66792"},{"taxonomy":"post_tag","embeddable":true,"href":"https:\/\/www.reconoce.mx\/index.php?rest_route=%2Fwp%2Fv2%2Ftags&post=66792"}],"curies":[{"name":"wp","href":"https:\/\/api.w.org\/{rel}","templated":true}]}}