{"id":66807,"date":"2017-10-17T00:04:20","date_gmt":"2017-10-17T05:04:20","guid":{"rendered":"http:\/\/www.reconoce.mx\/?p=66807"},"modified":"2017-10-16T23:56:20","modified_gmt":"2017-10-17T04:56:20","slug":"clasicos-del-cine-se-proyectaran-en-cinemex","status":"publish","type":"post","link":"https:\/\/www.reconoce.mx\/?p=66807","title":{"rendered":"Cl\u00e1sicos del cine se proyectar\u00e1n en Cinemex"},"content":{"rendered":"<p><strong> Por <a title=\"@AsfaltosTweets\" href=\"http:\/\/twitter.com\/AsfaltosTweets\" target=\"_blank\" rel=\"noopener noreferrer\">Asfaltos<\/a><\/strong>.<\/p>\n<p>Muchas de las pel\u00edculas cl\u00e1sicas las hemos visto muchos en formato de televisi\u00f3n; en pocas o en casi nulas ocasiones podremos disfrutarlas como fueron concebidas. Afortunadamente, cortes\u00eda de <strong>Cinemex<\/strong>, se nos presenta en octubre y noviembre del presente a\u00f1o, la cuarta temporada de cl\u00e1sicos del cine en pantalla grande. Algunos de los nombres presentes son los de <strong>Steven Spielberg<\/strong>, <strong>David Cronenberg<\/strong>, <strong>Wolfgang Petersen<\/strong> y <strong>John McTiernan<\/strong>.<\/p>\n<p><a href=\"http:\/\/www.reconoce.mx\/wp-content\/uploads\/2017\/10\/DLTt5VlUIAATjFL.jpg\"><img loading=\"lazy\" decoding=\"async\" class=\"aligncenter size-full wp-image-66808\" src=\"http:\/\/www.reconoce.mx\/wp-content\/uploads\/2017\/10\/DLTt5VlUIAATjFL.jpg\" alt=\"\" width=\"927\" height=\"1200\" srcset=\"https:\/\/www.reconoce.mx\/wp-content\/uploads\/2017\/10\/DLTt5VlUIAATjFL.jpg 927w, https:\/\/www.reconoce.mx\/wp-content\/uploads\/2017\/10\/DLTt5VlUIAATjFL-232x300.jpg 232w, https:\/\/www.reconoce.mx\/wp-content\/uploads\/2017\/10\/DLTt5VlUIAATjFL-768x994.jpg 768w, https:\/\/www.reconoce.mx\/wp-content\/uploads\/2017\/10\/DLTt5VlUIAATjFL-791x1024.jpg 791w, https:\/\/www.reconoce.mx\/wp-content\/uploads\/2017\/10\/DLTt5VlUIAATjFL-150x194.jpg 150w, https:\/\/www.reconoce.mx\/wp-content\/uploads\/2017\/10\/DLTt5VlUIAATjFL-700x906.jpg 700w, https:\/\/www.reconoce.mx\/wp-content\/uploads\/2017\/10\/DLTt5VlUIAATjFL-658x852.jpg 658w, https:\/\/www.reconoce.mx\/wp-content\/uploads\/2017\/10\/DLTt5VlUIAATjFL-300x388.jpg 300w\" sizes=\"auto, (max-width: 927px) 100vw, 927px\" \/><\/a><\/p>\n<p>Como parte del Espacio Alternatuivo de Cinemex, los cin\u00e9filos podremos ver cl\u00e1sicos de la talla de \u00abTibur\u00f3n\u00bb y \u00abEncuentros cercanos del tercer tipo\u00bb de Steven Spielberg; \u00abLa mosca\u00bb de David Cronenberg; \u00abLa historia sin fin\u00bb de Wolfgang Petersen; y \u00abDepredador\u00bb de John McTiernan\u2028.<\/p>\n<p>A continuaci\u00f3n la programaci\u00f3n completa. Boletos disponibles en taquillas de los complejos Cinemex, y en l\u00ednea a trav\u00e9s de su sitio web.<\/p>\n<h1><strong>\u00abTibur\u00f3n\u00bb, de Steven Spielberg<\/strong><\/h1>\n<p><strong>13, 14, 15 y 18 de octubre<\/strong><\/p>\n<p>Con apenas 27 a\u00f1os de edad, el joven Spielberg sorprendi\u00f3 a todos con esta cinta que aterroriz\u00f3 a toda una generaci\u00f3n y que definitivamente quit\u00f3 a muchas personas las ganas de nadar en el oc\u00e9ano.<\/p>\n<h1><strong>\u00abEncuentros cercanos del tercer tipo\u00bb, de Steven Spielberg<\/strong><\/h1>\n<p><strong>20, 21, 22 y 25 de octubre<\/strong><\/p>\n<p>Pel\u00edcula de ciencia ficci\u00f3n que narra la historia de Roy Neary, un electricista que experimenta un encuentro cercano con un impresionante y luminoso OVNI. Desde ese momento, su obsesi\u00f3n por dichos objetos voladores aumenta y lo lleva a investigar extra\u00f1as notas musicales e im\u00e1genes mentales con forma semejante a una monta\u00f1a.<\/p>\n<h1><strong>\u00abLa mosca\u00bb, de David Cronenberg<\/strong><\/h1>\n<p><strong>27, 28 y 29 de octubre, y 1 de noviembre<\/strong><\/p>\n<p>Cinta de 1986 que fusiona magistralmente suspenso y ciencia ficci\u00f3n. Excelente para quienes desean recordar la angustiosa metamorfosis del cient\u00edfico Seth Brundle (<strong>Jeff Goldblum<\/strong>), quien luego de experimentar con dos m\u00e1quinas de transportaci\u00f3n de materia sufre un desafortunado incidente que lo llevar\u00e1 a convertirse en un monstruoso ser.<\/p>\n<h1><strong>\u00abLa historia sin fin\u00bb, de Wolfgang Petersen\u2028<\/strong><\/h1>\n<p><strong>3, 4, 5 y 8 de noviembre<\/strong><\/p>\n<p>Esta hermosa pel\u00edcula narra la incre\u00edble historia de Bastian, ni\u00f1o de once a\u00f1os de edad que descubre un libro con poderes m\u00e1gicos titulado \u00abLa historia sin fin\u00bb. Al comenzar la lectura, el peque\u00f1o se adentrar\u00e1 en un mundo de fantas\u00eda, lleno de aventura y drama. \u00bfTe animas a acompa\u00f1arlo?<\/p>\n<h1><strong>\u00abDepredador\u00bb, de John McTiernan\u2028<\/strong><\/h1>\n<p><strong>10, 11, 12 y 15 de noviembre<\/strong><\/p>\n<p>Este cl\u00e1sico invita a los espectadores a acompa\u00f1ar a un grupo de operaciones especiales de Estados Unidos, a una peligrosa misi\u00f3n para rescatar a soldados que han sido secuestrados por la guerrilla en Centroam\u00e9rica. Sin embargo, el equipo liderado por Dutch Scheafer (<strong>Arnold Schwarzenegger<\/strong>) pronto descubrir\u00e1 que la jungla les tiene preparada una sorpresa.<\/p>\n<p>&nbsp;<\/p>\n<p>&nbsp;<\/p>\n","protected":false},"excerpt":{"rendered":"<p>Muchas de las pel\u00edculas cl\u00e1sicas las hemos visto muchos en formato de televisi\u00f3n; en pocas o en casi nulas ocasiones podremos disfrutarlas como fueron concebidas. Afortunadamente, cortes\u00eda de Cinemex, se nos presenta en octubre y noviembre del presente a\u00f1o, la cuarta temporada de cl\u00e1sicos del cine en pantalla grande.<\/p>\n","protected":false},"author":2,"featured_media":66809,"comment_status":"open","ping_status":"open","sticky":false,"template":"","format":"standard","meta":{"footnotes":""},"categories":[24,1,17],"tags":[],"class_list":["post-66807","post","type-post","status-publish","format-standard","has-post-thumbnail","hentry","category-cine","category-cultura","category-principal"],"yoast_head":"<!-- This site is optimized with the Yoast SEO plugin v24.7 - https:\/\/yoast.com\/wordpress\/plugins\/seo\/ -->\n<title>Cl\u00e1sicos del cine se proyectar\u00e1n en Cinemex &#171; Reconoce MX<\/title>\n<meta name=\"robots\" content=\"index, follow, max-snippet:-1, max-image-preview:large, max-video-preview:-1\" \/>\n<link rel=\"canonical\" href=\"https:\/\/www.reconoce.mx\/?p=66807\" \/>\n<meta property=\"og:locale\" content=\"es_ES\" \/>\n<meta property=\"og:type\" content=\"article\" \/>\n<meta property=\"og:title\" content=\"Cl\u00e1sicos del cine se proyectar\u00e1n en Cinemex &#171; Reconoce MX\" \/>\n<meta property=\"og:description\" content=\"Muchas de las pel\u00edculas cl\u00e1sicas las hemos visto muchos en formato de televisi\u00f3n; en pocas o en casi nulas ocasiones podremos disfrutarlas como fueron concebidas. Afortunadamente, cortes\u00eda de Cinemex, se nos presenta en octubre y noviembre del presente a\u00f1o, la cuarta temporada de cl\u00e1sicos del cine en pantalla grande.\" \/>\n<meta property=\"og:url\" content=\"https:\/\/www.reconoce.mx\/?p=66807\" \/>\n<meta property=\"og:site_name\" content=\"Reconoce MX\" \/>\n<meta property=\"article:publisher\" content=\"https:\/\/es-la.facebook.com\/ReconoceMX\/\" \/>\n<meta property=\"article:published_time\" content=\"2017-10-17T05:04:20+00:00\" \/>\n<meta property=\"og:image\" content=\"https:\/\/www.reconoce.mx\/wp-content\/uploads\/2017\/10\/cinemex.png\" \/>\n\t<meta property=\"og:image:width\" content=\"590\" \/>\n\t<meta property=\"og:image:height\" content=\"380\" \/>\n\t<meta property=\"og:image:type\" content=\"image\/png\" \/>\n<meta name=\"author\" content=\"Reconoce MX\" \/>\n<meta name=\"twitter:card\" content=\"summary_large_image\" \/>\n<meta name=\"twitter:creator\" content=\"@reconocemx\" \/>\n<meta name=\"twitter:site\" content=\"@reconocemx\" \/>\n<meta name=\"twitter:label1\" content=\"Escrito por\" \/>\n\t<meta name=\"twitter:data1\" content=\"Reconoce MX\" \/>\n\t<meta name=\"twitter:label2\" content=\"Tiempo de lectura\" \/>\n\t<meta name=\"twitter:data2\" content=\"2 minutos\" \/>\n<script type=\"application\/ld+json\" class=\"yoast-schema-graph\">{\"@context\":\"https:\/\/schema.org\",\"@graph\":[{\"@type\":\"Article\",\"@id\":\"https:\/\/www.reconoce.mx\/?p=66807#article\",\"isPartOf\":{\"@id\":\"https:\/\/www.reconoce.mx\/?p=66807\"},\"author\":{\"name\":\"Reconoce MX\",\"@id\":\"http:\/\/www.reconoce.mx\/#\/schema\/person\/2117e997d7051dc15d6880eaf9bca0b2\"},\"headline\":\"Cl\u00e1sicos del cine se proyectar\u00e1n en Cinemex\",\"datePublished\":\"2017-10-17T05:04:20+00:00\",\"mainEntityOfPage\":{\"@id\":\"https:\/\/www.reconoce.mx\/?p=66807\"},\"wordCount\":464,\"commentCount\":0,\"publisher\":{\"@id\":\"http:\/\/www.reconoce.mx\/#organization\"},\"image\":{\"@id\":\"https:\/\/www.reconoce.mx\/?p=66807#primaryimage\"},\"thumbnailUrl\":\"https:\/\/www.reconoce.mx\/wp-content\/uploads\/2017\/10\/cinemex.png\",\"articleSection\":[\"Cine\",\"Cultura\",\"Principal\"],\"inLanguage\":\"es\",\"potentialAction\":[{\"@type\":\"CommentAction\",\"name\":\"Comment\",\"target\":[\"https:\/\/www.reconoce.mx\/?p=66807#respond\"]}]},{\"@type\":\"WebPage\",\"@id\":\"https:\/\/www.reconoce.mx\/?p=66807\",\"url\":\"https:\/\/www.reconoce.mx\/?p=66807\",\"name\":\"Cl\u00e1sicos del cine se proyectar\u00e1n en Cinemex &#171; Reconoce MX\",\"isPartOf\":{\"@id\":\"http:\/\/www.reconoce.mx\/#website\"},\"primaryImageOfPage\":{\"@id\":\"https:\/\/www.reconoce.mx\/?p=66807#primaryimage\"},\"image\":{\"@id\":\"https:\/\/www.reconoce.mx\/?p=66807#primaryimage\"},\"thumbnailUrl\":\"https:\/\/www.reconoce.mx\/wp-content\/uploads\/2017\/10\/cinemex.png\",\"datePublished\":\"2017-10-17T05:04:20+00:00\",\"breadcrumb\":{\"@id\":\"https:\/\/www.reconoce.mx\/?p=66807#breadcrumb\"},\"inLanguage\":\"es\",\"potentialAction\":[{\"@type\":\"ReadAction\",\"target\":[\"https:\/\/www.reconoce.mx\/?p=66807\"]}]},{\"@type\":\"ImageObject\",\"inLanguage\":\"es\",\"@id\":\"https:\/\/www.reconoce.mx\/?p=66807#primaryimage\",\"url\":\"https:\/\/www.reconoce.mx\/wp-content\/uploads\/2017\/10\/cinemex.png\",\"contentUrl\":\"https:\/\/www.reconoce.mx\/wp-content\/uploads\/2017\/10\/cinemex.png\",\"width\":590,\"height\":380},{\"@type\":\"BreadcrumbList\",\"@id\":\"https:\/\/www.reconoce.mx\/?p=66807#breadcrumb\",\"itemListElement\":[{\"@type\":\"ListItem\",\"position\":1,\"name\":\"Portada\",\"item\":\"http:\/\/www.reconoce.mx\/\"},{\"@type\":\"ListItem\",\"position\":2,\"name\":\"Cl\u00e1sicos del cine se proyectar\u00e1n en Cinemex\"}]},{\"@type\":\"WebSite\",\"@id\":\"http:\/\/www.reconoce.mx\/#website\",\"url\":\"http:\/\/www.reconoce.mx\/\",\"name\":\"Reconoce MX\",\"description\":\"En Reconoce MX difundimos arte, cultura y conciencia social en M\u00e9xico. Tu ciudad en otra perspectiva.\",\"publisher\":{\"@id\":\"http:\/\/www.reconoce.mx\/#organization\"},\"potentialAction\":[{\"@type\":\"SearchAction\",\"target\":{\"@type\":\"EntryPoint\",\"urlTemplate\":\"http:\/\/www.reconoce.mx\/?s={search_term_string}\"},\"query-input\":{\"@type\":\"PropertyValueSpecification\",\"valueRequired\":true,\"valueName\":\"search_term_string\"}}],\"inLanguage\":\"es\"},{\"@type\":\"Organization\",\"@id\":\"http:\/\/www.reconoce.mx\/#organization\",\"name\":\"Reconoce MX\",\"url\":\"http:\/\/www.reconoce.mx\/\",\"logo\":{\"@type\":\"ImageObject\",\"inLanguage\":\"es\",\"@id\":\"http:\/\/www.reconoce.mx\/#\/schema\/logo\/image\/\",\"url\":\"https:\/\/www.reconoce.mx\/wp-content\/uploads\/2019\/03\/logorcmx-good-1.png\",\"contentUrl\":\"https:\/\/www.reconoce.mx\/wp-content\/uploads\/2019\/03\/logorcmx-good-1.png\",\"width\":280,\"height\":90,\"caption\":\"Reconoce MX\"},\"image\":{\"@id\":\"http:\/\/www.reconoce.mx\/#\/schema\/logo\/image\/\"},\"sameAs\":[\"https:\/\/es-la.facebook.com\/ReconoceMX\/\",\"https:\/\/x.com\/reconocemx\",\"http:\/\/@reconocemx\"]},{\"@type\":\"Person\",\"@id\":\"http:\/\/www.reconoce.mx\/#\/schema\/person\/2117e997d7051dc15d6880eaf9bca0b2\",\"name\":\"Reconoce MX\",\"image\":{\"@type\":\"ImageObject\",\"inLanguage\":\"es\",\"@id\":\"http:\/\/www.reconoce.mx\/#\/schema\/person\/image\/\",\"url\":\"https:\/\/secure.gravatar.com\/avatar\/6c8d4dc7569ca1c90c5fdcc349f839d5ddef6fe1e70b4337ead2ef1a4c43fc3a?s=96&d=identicon&r=g\",\"contentUrl\":\"https:\/\/secure.gravatar.com\/avatar\/6c8d4dc7569ca1c90c5fdcc349f839d5ddef6fe1e70b4337ead2ef1a4c43fc3a?s=96&d=identicon&r=g\",\"caption\":\"Reconoce MX\"},\"description\":\"Reconoce MX es un proyecto de difusi\u00f3n art\u00edstica, cultural y de conciencia social que est\u00e1 enfocado a difundir y fomentar el entretenimiento alternativo de calidad para todo el p\u00fablico que comparta el mismo entusiasmo.\",\"sameAs\":[\"http:\/\/www.reconoce.mx\"],\"url\":\"https:\/\/www.reconoce.mx\/?author=2\"}]}<\/script>\n<!-- \/ Yoast SEO plugin. -->","yoast_head_json":{"title":"Cl\u00e1sicos del cine se proyectar\u00e1n en Cinemex &#171; Reconoce MX","robots":{"index":"index","follow":"follow","max-snippet":"max-snippet:-1","max-image-preview":"max-image-preview:large","max-video-preview":"max-video-preview:-1"},"canonical":"https:\/\/www.reconoce.mx\/?p=66807","og_locale":"es_ES","og_type":"article","og_title":"Cl\u00e1sicos del cine se proyectar\u00e1n en Cinemex &#171; Reconoce MX","og_description":"Muchas de las pel\u00edculas cl\u00e1sicas las hemos visto muchos en formato de televisi\u00f3n; en pocas o en casi nulas ocasiones podremos disfrutarlas como fueron concebidas. Afortunadamente, cortes\u00eda de Cinemex, se nos presenta en octubre y noviembre del presente a\u00f1o, la cuarta temporada de cl\u00e1sicos del cine en pantalla grande.","og_url":"https:\/\/www.reconoce.mx\/?p=66807","og_site_name":"Reconoce MX","article_publisher":"https:\/\/es-la.facebook.com\/ReconoceMX\/","article_published_time":"2017-10-17T05:04:20+00:00","og_image":[{"width":590,"height":380,"url":"https:\/\/www.reconoce.mx\/wp-content\/uploads\/2017\/10\/cinemex.png","type":"image\/png"}],"author":"Reconoce MX","twitter_card":"summary_large_image","twitter_creator":"@reconocemx","twitter_site":"@reconocemx","twitter_misc":{"Escrito por":"Reconoce MX","Tiempo de lectura":"2 minutos"},"schema":{"@context":"https:\/\/schema.org","@graph":[{"@type":"Article","@id":"https:\/\/www.reconoce.mx\/?p=66807#article","isPartOf":{"@id":"https:\/\/www.reconoce.mx\/?p=66807"},"author":{"name":"Reconoce MX","@id":"http:\/\/www.reconoce.mx\/#\/schema\/person\/2117e997d7051dc15d6880eaf9bca0b2"},"headline":"Cl\u00e1sicos del cine se proyectar\u00e1n en Cinemex","datePublished":"2017-10-17T05:04:20+00:00","mainEntityOfPage":{"@id":"https:\/\/www.reconoce.mx\/?p=66807"},"wordCount":464,"commentCount":0,"publisher":{"@id":"http:\/\/www.reconoce.mx\/#organization"},"image":{"@id":"https:\/\/www.reconoce.mx\/?p=66807#primaryimage"},"thumbnailUrl":"https:\/\/www.reconoce.mx\/wp-content\/uploads\/2017\/10\/cinemex.png","articleSection":["Cine","Cultura","Principal"],"inLanguage":"es","potentialAction":[{"@type":"CommentAction","name":"Comment","target":["https:\/\/www.reconoce.mx\/?p=66807#respond"]}]},{"@type":"WebPage","@id":"https:\/\/www.reconoce.mx\/?p=66807","url":"https:\/\/www.reconoce.mx\/?p=66807","name":"Cl\u00e1sicos del cine se proyectar\u00e1n en Cinemex &#171; Reconoce MX","isPartOf":{"@id":"http:\/\/www.reconoce.mx\/#website"},"primaryImageOfPage":{"@id":"https:\/\/www.reconoce.mx\/?p=66807#primaryimage"},"image":{"@id":"https:\/\/www.reconoce.mx\/?p=66807#primaryimage"},"thumbnailUrl":"https:\/\/www.reconoce.mx\/wp-content\/uploads\/2017\/10\/cinemex.png","datePublished":"2017-10-17T05:04:20+00:00","breadcrumb":{"@id":"https:\/\/www.reconoce.mx\/?p=66807#breadcrumb"},"inLanguage":"es","potentialAction":[{"@type":"ReadAction","target":["https:\/\/www.reconoce.mx\/?p=66807"]}]},{"@type":"ImageObject","inLanguage":"es","@id":"https:\/\/www.reconoce.mx\/?p=66807#primaryimage","url":"https:\/\/www.reconoce.mx\/wp-content\/uploads\/2017\/10\/cinemex.png","contentUrl":"https:\/\/www.reconoce.mx\/wp-content\/uploads\/2017\/10\/cinemex.png","width":590,"height":380},{"@type":"BreadcrumbList","@id":"https:\/\/www.reconoce.mx\/?p=66807#breadcrumb","itemListElement":[{"@type":"ListItem","position":1,"name":"Portada","item":"http:\/\/www.reconoce.mx\/"},{"@type":"ListItem","position":2,"name":"Cl\u00e1sicos del cine se proyectar\u00e1n en Cinemex"}]},{"@type":"WebSite","@id":"http:\/\/www.reconoce.mx\/#website","url":"http:\/\/www.reconoce.mx\/","name":"Reconoce MX","description":"En Reconoce MX difundimos arte, cultura y conciencia social en M\u00e9xico. Tu ciudad en otra perspectiva.","publisher":{"@id":"http:\/\/www.reconoce.mx\/#organization"},"potentialAction":[{"@type":"SearchAction","target":{"@type":"EntryPoint","urlTemplate":"http:\/\/www.reconoce.mx\/?s={search_term_string}"},"query-input":{"@type":"PropertyValueSpecification","valueRequired":true,"valueName":"search_term_string"}}],"inLanguage":"es"},{"@type":"Organization","@id":"http:\/\/www.reconoce.mx\/#organization","name":"Reconoce MX","url":"http:\/\/www.reconoce.mx\/","logo":{"@type":"ImageObject","inLanguage":"es","@id":"http:\/\/www.reconoce.mx\/#\/schema\/logo\/image\/","url":"https:\/\/www.reconoce.mx\/wp-content\/uploads\/2019\/03\/logorcmx-good-1.png","contentUrl":"https:\/\/www.reconoce.mx\/wp-content\/uploads\/2019\/03\/logorcmx-good-1.png","width":280,"height":90,"caption":"Reconoce MX"},"image":{"@id":"http:\/\/www.reconoce.mx\/#\/schema\/logo\/image\/"},"sameAs":["https:\/\/es-la.facebook.com\/ReconoceMX\/","https:\/\/x.com\/reconocemx","http:\/\/@reconocemx"]},{"@type":"Person","@id":"http:\/\/www.reconoce.mx\/#\/schema\/person\/2117e997d7051dc15d6880eaf9bca0b2","name":"Reconoce MX","image":{"@type":"ImageObject","inLanguage":"es","@id":"http:\/\/www.reconoce.mx\/#\/schema\/person\/image\/","url":"https:\/\/secure.gravatar.com\/avatar\/6c8d4dc7569ca1c90c5fdcc349f839d5ddef6fe1e70b4337ead2ef1a4c43fc3a?s=96&d=identicon&r=g","contentUrl":"https:\/\/secure.gravatar.com\/avatar\/6c8d4dc7569ca1c90c5fdcc349f839d5ddef6fe1e70b4337ead2ef1a4c43fc3a?s=96&d=identicon&r=g","caption":"Reconoce MX"},"description":"Reconoce MX es un proyecto de difusi\u00f3n art\u00edstica, cultural y de conciencia social que est\u00e1 enfocado a difundir y fomentar el entretenimiento alternativo de calidad para todo el p\u00fablico que comparta el mismo entusiasmo.","sameAs":["http:\/\/www.reconoce.mx"],"url":"https:\/\/www.reconoce.mx\/?author=2"}]}},"_links":{"self":[{"href":"https:\/\/www.reconoce.mx\/index.php?rest_route=\/wp\/v2\/posts\/66807","targetHints":{"allow":["GET"]}}],"collection":[{"href":"https:\/\/www.reconoce.mx\/index.php?rest_route=\/wp\/v2\/posts"}],"about":[{"href":"https:\/\/www.reconoce.mx\/index.php?rest_route=\/wp\/v2\/types\/post"}],"author":[{"embeddable":true,"href":"https:\/\/www.reconoce.mx\/index.php?rest_route=\/wp\/v2\/users\/2"}],"replies":[{"embeddable":true,"href":"https:\/\/www.reconoce.mx\/index.php?rest_route=%2Fwp%2Fv2%2Fcomments&post=66807"}],"version-history":[{"count":1,"href":"https:\/\/www.reconoce.mx\/index.php?rest_route=\/wp\/v2\/posts\/66807\/revisions"}],"predecessor-version":[{"id":66810,"href":"https:\/\/www.reconoce.mx\/index.php?rest_route=\/wp\/v2\/posts\/66807\/revisions\/66810"}],"wp:featuredmedia":[{"embeddable":true,"href":"https:\/\/www.reconoce.mx\/index.php?rest_route=\/wp\/v2\/media\/66809"}],"wp:attachment":[{"href":"https:\/\/www.reconoce.mx\/index.php?rest_route=%2Fwp%2Fv2%2Fmedia&parent=66807"}],"wp:term":[{"taxonomy":"category","embeddable":true,"href":"https:\/\/www.reconoce.mx\/index.php?rest_route=%2Fwp%2Fv2%2Fcategories&post=66807"},{"taxonomy":"post_tag","embeddable":true,"href":"https:\/\/www.reconoce.mx\/index.php?rest_route=%2Fwp%2Fv2%2Ftags&post=66807"}],"curies":[{"name":"wp","href":"https:\/\/api.w.org\/{rel}","templated":true}]}}