{"id":66853,"date":"2017-10-20T00:02:18","date_gmt":"2017-10-20T05:02:18","guid":{"rendered":"http:\/\/www.reconoce.mx\/?p=66853"},"modified":"2017-10-19T22:15:55","modified_gmt":"2017-10-20T03:15:55","slug":"el-plaza-condesa-cartelera-del-20-al-26-de-octubre","status":"publish","type":"post","link":"https:\/\/www.reconoce.mx\/?p=66853","title":{"rendered":"El Plaza Condesa: Cartelera del 20 al 26 de octubre"},"content":{"rendered":"<p><strong>Por <a title=\"@AsfaltosTweets\" href=\"http:\/\/twitter.com\/AsfaltosTweets\" target=\"_blank\" rel=\"noopener noreferrer\">Asfaltos<\/a><\/strong>.<\/p>\n<p>Construido entre 1952 y 1973,<strong> El Plaza Condesa<\/strong> es hoy uno de los foros musicales m\u00e1s importantes de nuestro pa\u00eds y la capital. Ubicado en un sitio privilegiado, en la colonia Condesa rodeado de los parques Espa\u00f1a y M\u00e9xico, as\u00ed como rodeado de librer\u00edas, restaurantes y galer\u00edas de arte, la historia de <strong>El Plaza<\/strong> como foro musical inici\u00f3 el 14 de septiembre de 2011, d\u00eda en el que fue reinaugurado tras una importante remodelaci\u00f3n.<\/p>\n<p>En el mejor \u00e1nimo de que pasen un gran momento, ustedes amantes de la m\u00fasica, les compartimos de manera semanal la cartelera de <strong>El Plaza Condesa<\/strong>.<\/p>\n<h1><strong>Band of Horses<br \/>\n<\/strong><\/h1>\n<p>\/\/ octubre 20, viernes, 21:00h<br \/>\n\/\/ precios: balc\u00f3n $850.00; palco $750.00; pista general $625.00<\/p>\n<p><a href=\"http:\/\/www.reconoce.mx\/wp-content\/uploads\/2017\/10\/BAND_OF_HORSES_OK-e1508039035855.jpg\"><img loading=\"lazy\" decoding=\"async\" class=\"aligncenter size-full wp-image-66859\" src=\"http:\/\/www.reconoce.mx\/wp-content\/uploads\/2017\/10\/BAND_OF_HORSES_OK-e1508039035855.jpg\" alt=\"\" width=\"590\" height=\"912\" \/><\/a><br \/>\nLuego de su exitoso paso por el<strong> Festival Corona Capital 2016<\/strong>, <strong>Band of Horses<\/strong> regresa a Ciudad de M\u00e9xico como parte de la gira promocional de su quinta y m\u00e1s reciente producci\u00f3n titulada \u00abWhy are you OK\u00bb. Esta \u00fanica presentaci\u00f3n tendr\u00e1 lugar en <strong>El Plaza Condesa<\/strong> hoy 20 de octubre.<\/p>\n<p>\u00abWhy are you OK\u00bb es el nombre del m\u00e1s reciente material discogr\u00e1fico de <strong>Band of Horses<\/strong>, banda originaria de Seattle y asentada en Carolina del Sur en los Estados Unidos. El disco fue lanzado en junio de 2016 y est\u00e1 integrado por 12 temas, producidos por <strong>Jason Lytle<\/strong>. De este \u00e1lbum se desprenden los sencillos \u00abCasual Party\u00bb, \u00abIn A Drawer\u00bb y \u00abSolemn Oath\u00bb.<\/p>\n<p>Desde su primer LP \u00abEverything All The Time\u00bb, <strong>Band of Horses<\/strong> ha sido un pilar del indie rock por m\u00e1s de una d\u00e9cada. A lo largo de este tiempo han lanzado cinco \u00e1lbumes de estudio, incluyendo \u00abInfinite Arms\u00bb y \u00abMirage Rock\u00bb, nominados al <strong>Grammy 2010<\/strong>. Ambos discos fueron producidos por el legendario <strong>Glyn Johns<\/strong> (Led Zepellin, The Who).<\/p>\n<p>La agrupaci\u00f3n es liderada por el cantante y compositor <strong>Ben Bridwell<\/strong> quien ha lanzado singles entra\u00f1ables como \u00abThe Funeral\u00bb y \u00abNo One&#8217;s Gonna Love You\u00bb.<\/p>\n<p>Los boletos para ser parte de esta \u00fanica presentaci\u00f3n est\u00e1n disponibles en la red <a href=\"http:\/\/www.ticketmaster.com.mx\/band-of-horses-mexico-distrito-federal-20-10-2017\/event\/140052E5C0816DF9\" target=\"_blank\" rel=\"noopener\">Ticketmaster<\/a> y en taquillas del inmueble.<\/p>\n<h1><strong>Portugal The Man<br \/>\n<\/strong><\/h1>\n<p>\/\/ octubre 22, domingo, 19:00h<br \/>\n\/\/ precios: balc\u00f3n $910.00; palco $810.00; pista general $630.00<\/p>\n<p><a href=\"http:\/\/www.reconoce.mx\/wp-content\/uploads\/2017\/10\/20280389_1594845243900061_5338425303969415203_o.jpg\"><img loading=\"lazy\" decoding=\"async\" class=\"aligncenter size-full wp-image-66858\" src=\"http:\/\/www.reconoce.mx\/wp-content\/uploads\/2017\/10\/20280389_1594845243900061_5338425303969415203_o.jpg\" alt=\"\" width=\"1146\" height=\"1772\" srcset=\"https:\/\/www.reconoce.mx\/wp-content\/uploads\/2017\/10\/20280389_1594845243900061_5338425303969415203_o.jpg 1146w, https:\/\/www.reconoce.mx\/wp-content\/uploads\/2017\/10\/20280389_1594845243900061_5338425303969415203_o-194x300.jpg 194w, https:\/\/www.reconoce.mx\/wp-content\/uploads\/2017\/10\/20280389_1594845243900061_5338425303969415203_o-768x1188.jpg 768w, https:\/\/www.reconoce.mx\/wp-content\/uploads\/2017\/10\/20280389_1594845243900061_5338425303969415203_o-662x1024.jpg 662w, https:\/\/www.reconoce.mx\/wp-content\/uploads\/2017\/10\/20280389_1594845243900061_5338425303969415203_o-150x232.jpg 150w, https:\/\/www.reconoce.mx\/wp-content\/uploads\/2017\/10\/20280389_1594845243900061_5338425303969415203_o-700x1082.jpg 700w, https:\/\/www.reconoce.mx\/wp-content\/uploads\/2017\/10\/20280389_1594845243900061_5338425303969415203_o-658x1017.jpg 658w, https:\/\/www.reconoce.mx\/wp-content\/uploads\/2017\/10\/20280389_1594845243900061_5338425303969415203_o-300x464.jpg 300w\" sizes=\"auto, (max-width: 1146px) 100vw, 1146px\" \/><\/a><br \/>\n<strong>Portugal The Man<\/strong> regresa a Ciudad de M\u00e9xico para presentar en vivo los temas de su nuevo disco titulado \u00abWoodstock\u00bb, del cual se desprende el \u00e9xito mundial \u00abFeel it still\u00bb. Esta \u00fanica presentaci\u00f3n tendr\u00e1 lugar en <strong>El Plaza Condesa<\/strong> el pr\u00f3ximo 22 de octubre.<\/p>\n<p><strong>Portugal The Man<\/strong> es una banda que porta la bandera del indie rock por todo lo alto. Desde su creaci\u00f3n en 2004 han deleitado a los fans con sus letras obscuras y su impresionante habilidad en la guitarra.<\/p>\n<p>Este 2017, mientras el mundo contin\u00faa ardiendo, el grupo integrado por John Baldwin Gourley, Zachary Scott Carothers, Kyle O&#8217;Quin y Jason Sechrist lanza al mercado su noveno \u00e1lbum titulado \u00abWoodstock\u00bb. Lo anterior como un recordatorio de que no todo est\u00e1 tan mal. <strong>Portugal The Man<\/strong> se reinventan constantemente mientras interpreta en vivo temas cl\u00e1sicos \u00abModern Jesus\u00bb o \u00abPurple Yellow Red and Blue\u00bb, los cuales se han convertido en verdaderos himnos de su generaci\u00f3n.<\/p>\n<p>Los boletos para ser parte de esta \u00fanica presentaci\u00f3n est\u00e1n disponibles en la red <a href=\"http:\/\/www.ticketmaster.com.mx\/portugal-the-man-mexico-distrito-federal-22-10-2017\/event\/140052F2B7B17B3E?artistid=1130104&amp;majorcatid=10001&amp;minorcatid=826\" target=\"_blank\" rel=\"noopener\">Ticketmaster<\/a> y en taquillas del inmueble.<\/p>\n<h1><strong>Tarja<br \/>\n<\/strong><\/h1>\n<p>\/\/ octubre 24, martes, 21:00h<br \/>\n\/\/ precios: vip $1,200.00; pista general $850.00<\/p>\n<p><a href=\"http:\/\/www.reconoce.mx\/wp-content\/uploads\/2017\/10\/DEY-IZBXkAAqikT.jpg\"><img loading=\"lazy\" decoding=\"async\" class=\"aligncenter size-full wp-image-66860\" src=\"http:\/\/www.reconoce.mx\/wp-content\/uploads\/2017\/10\/DEY-IZBXkAAqikT.jpg\" alt=\"\" width=\"851\" height=\"1200\" srcset=\"https:\/\/www.reconoce.mx\/wp-content\/uploads\/2017\/10\/DEY-IZBXkAAqikT.jpg 851w, https:\/\/www.reconoce.mx\/wp-content\/uploads\/2017\/10\/DEY-IZBXkAAqikT-213x300.jpg 213w, https:\/\/www.reconoce.mx\/wp-content\/uploads\/2017\/10\/DEY-IZBXkAAqikT-768x1083.jpg 768w, https:\/\/www.reconoce.mx\/wp-content\/uploads\/2017\/10\/DEY-IZBXkAAqikT-726x1024.jpg 726w, https:\/\/www.reconoce.mx\/wp-content\/uploads\/2017\/10\/DEY-IZBXkAAqikT-150x212.jpg 150w, https:\/\/www.reconoce.mx\/wp-content\/uploads\/2017\/10\/DEY-IZBXkAAqikT-700x987.jpg 700w, https:\/\/www.reconoce.mx\/wp-content\/uploads\/2017\/10\/DEY-IZBXkAAqikT-658x928.jpg 658w, https:\/\/www.reconoce.mx\/wp-content\/uploads\/2017\/10\/DEY-IZBXkAAqikT-300x423.jpg 300w\" sizes=\"auto, (max-width: 851px) 100vw, 851px\" \/><\/a><br \/>\nLa inolvidable voz y personalidad de <strong>Tarja<\/strong> Turunen pisan suelo mexicano de nueva cuenta, la diva de Finlandia presentar\u00e1 los mejores temas de su carrera solista y \u00abThe Shadow Self\u00bb, su m\u00e1s reciente producci\u00f3n, como siempre acompa\u00f1ada de grandes m\u00fasicos y una producci\u00f3n espectacular por primera vez en <strong>El Plaza Condesa<\/strong>.<\/p>\n<p>Los boletos para vivir la experiencia de escuchar a <strong>Tarja<\/strong> en vivo est\u00e1n disponibles en taquillas y la red <a href=\"http:\/\/www.ticketmaster.com.mx\/tarja-mexico-distrito-federal-24-10-2017\/event\/14005278996C42E8\" target=\"_blank\" rel=\"noopener\">Ticketmaster<\/a>.<\/p>\n<h1><strong>Lucybell<br \/>\n<\/strong><\/h1>\n<p>\/\/ octubre 26, jueves, 21:00h<br \/>\n\/\/ precios: balc\u00f3n $700.00; palco $550.00; pista general $400.00<\/p>\n<p><a href=\"http:\/\/www.reconoce.mx\/wp-content\/uploads\/2017\/10\/LUCYBELL_baja-e1508039060750.jpg\"><img loading=\"lazy\" decoding=\"async\" class=\"aligncenter size-full wp-image-66861\" src=\"http:\/\/www.reconoce.mx\/wp-content\/uploads\/2017\/10\/LUCYBELL_baja-e1508039060750.jpg\" alt=\"\" width=\"590\" height=\"912\" \/><\/a><br \/>\nLa banda chilena, <strong>Lucybell<\/strong>, regresa a M\u00e9xico con un show completamente renovado, mismo que servir\u00e1 como lanzamiento de \u00abMagn\u00e9tico\u00bb, su octava producci\u00f3n discogr\u00e1fica. Este reencuentro con sus fans mexicanos tendr\u00e1 lugar en <strong>El Plaza Condesa<\/strong> el pr\u00f3ximo 26 de octubre.<\/p>\n<p><strong>Lucybell<\/strong>, es y ha sido todo un referente del rock latinoamericano desde su debut en 1991. La agrupaci\u00f3n integrada por Claudio Valenzuela, Eduardo Caces y Cote Foncea est\u00e1 de regreso en los escenarios como parte de la gira promocional del disco \u00abMagn\u00e9tico\u00bb, su primer disco en casi cuatro a\u00f1os desde el lanzamiento de su \u00faltimo \u00e1lbum, \u00abPoderoso\u00bb (2013).<\/p>\n<p>Con cerca de treinta a\u00f1os de carrera y un sonido que es una mezcla equilibrada de m\u00fasica de guitarra electr\u00f3nica, ac\u00fastica y rock, <strong>Lucybell<\/strong> ha lanzado al mercado ocho discos de estudio de donde se desprenden canciones que forman parte de la historia personal de cientos de fans alrededor del mundo.<\/p>\n<p><strong>Lucybell<\/strong> ya prepara una inolvidable presentaci\u00f3n en la que har\u00e1 un recorrido musical por las mejores canciones de su carrera as\u00ed como los temas de su m\u00e1s reciente disco. La cita ser\u00e1 este 26 de octubre en <strong>El Plaza Condesa<\/strong>. Los boletos est\u00e1n disponibles en taquillas y la red <a href=\"http:\/\/www.ticketmaster.com.mx\/lucybell-mexico-distrito-federal-26-10-2017\/event\/140052F293952931?artistid=936112&amp;majorcatid=10001&amp;minorcatid=826\" target=\"_blank\" rel=\"noopener\">Ticketmaster<\/a>.<\/p>\n<p><strong>El Plaza Condesa<\/strong> se encuentra ubicado en Juan Escutia #4, Condesa, Cuauht\u00e9moc, Ciudad de M\u00e9xico.<\/p>\n<p>&nbsp;<\/p>\n<p>&nbsp;<\/p>\n","protected":false},"excerpt":{"rendered":"<p>En el mejor \u00e1nimo de que pasen un gran momento, ustedes amantes de la m\u00fasica, les compartimos de manera semanal la cartelera de El Plaza Condesa.<\/p>\n","protected":false},"author":2,"featured_media":43737,"comment_status":"open","ping_status":"open","sticky":false,"template":"","format":"standard","meta":{"footnotes":""},"categories":[1,18,17],"tags":[],"class_list":["post-66853","post","type-post","status-publish","format-standard","has-post-thumbnail","hentry","category-cultura","category-musica","category-principal"],"yoast_head":"<!-- This site is optimized with the Yoast SEO plugin v24.7 - https:\/\/yoast.com\/wordpress\/plugins\/seo\/ -->\n<title>El Plaza Condesa: Cartelera del 20 al 26 de octubre &#171; Reconoce MX<\/title>\n<meta name=\"robots\" content=\"index, follow, max-snippet:-1, max-image-preview:large, max-video-preview:-1\" \/>\n<link rel=\"canonical\" href=\"https:\/\/www.reconoce.mx\/?p=66853\" \/>\n<meta property=\"og:locale\" content=\"es_ES\" \/>\n<meta property=\"og:type\" content=\"article\" \/>\n<meta property=\"og:title\" content=\"El Plaza Condesa: Cartelera del 20 al 26 de octubre &#171; Reconoce MX\" \/>\n<meta property=\"og:description\" content=\"En el mejor \u00e1nimo de que pasen un gran momento, ustedes amantes de la m\u00fasica, les compartimos de manera semanal la cartelera de El Plaza Condesa.\" \/>\n<meta property=\"og:url\" content=\"https:\/\/www.reconoce.mx\/?p=66853\" \/>\n<meta property=\"og:site_name\" content=\"Reconoce MX\" \/>\n<meta property=\"article:publisher\" content=\"https:\/\/es-la.facebook.com\/ReconoceMX\/\" \/>\n<meta property=\"article:published_time\" content=\"2017-10-20T05:02:18+00:00\" \/>\n<meta property=\"og:image\" content=\"https:\/\/www.reconoce.mx\/wp-content\/uploads\/2016\/01\/elplaza-condesa.png\" \/>\n\t<meta property=\"og:image:width\" content=\"570\" \/>\n\t<meta property=\"og:image:height\" content=\"360\" \/>\n\t<meta property=\"og:image:type\" content=\"image\/png\" \/>\n<meta name=\"author\" content=\"Reconoce MX\" \/>\n<meta name=\"twitter:card\" content=\"summary_large_image\" \/>\n<meta name=\"twitter:creator\" content=\"@reconocemx\" \/>\n<meta name=\"twitter:site\" content=\"@reconocemx\" \/>\n<meta name=\"twitter:label1\" content=\"Escrito por\" \/>\n\t<meta name=\"twitter:data1\" content=\"Reconoce MX\" \/>\n\t<meta name=\"twitter:label2\" content=\"Tiempo de lectura\" \/>\n\t<meta name=\"twitter:data2\" content=\"4 minutos\" \/>\n<script type=\"application\/ld+json\" class=\"yoast-schema-graph\">{\"@context\":\"https:\/\/schema.org\",\"@graph\":[{\"@type\":\"Article\",\"@id\":\"https:\/\/www.reconoce.mx\/?p=66853#article\",\"isPartOf\":{\"@id\":\"https:\/\/www.reconoce.mx\/?p=66853\"},\"author\":{\"name\":\"Reconoce MX\",\"@id\":\"http:\/\/www.reconoce.mx\/#\/schema\/person\/2117e997d7051dc15d6880eaf9bca0b2\"},\"headline\":\"El Plaza Condesa: Cartelera del 20 al 26 de octubre\",\"datePublished\":\"2017-10-20T05:02:18+00:00\",\"mainEntityOfPage\":{\"@id\":\"https:\/\/www.reconoce.mx\/?p=66853\"},\"wordCount\":866,\"commentCount\":0,\"publisher\":{\"@id\":\"http:\/\/www.reconoce.mx\/#organization\"},\"image\":{\"@id\":\"https:\/\/www.reconoce.mx\/?p=66853#primaryimage\"},\"thumbnailUrl\":\"https:\/\/www.reconoce.mx\/wp-content\/uploads\/2016\/01\/elplaza-condesa.png\",\"articleSection\":[\"Cultura\",\"M\u00fasica\",\"Principal\"],\"inLanguage\":\"es\",\"potentialAction\":[{\"@type\":\"CommentAction\",\"name\":\"Comment\",\"target\":[\"https:\/\/www.reconoce.mx\/?p=66853#respond\"]}]},{\"@type\":\"WebPage\",\"@id\":\"https:\/\/www.reconoce.mx\/?p=66853\",\"url\":\"https:\/\/www.reconoce.mx\/?p=66853\",\"name\":\"El Plaza Condesa: Cartelera del 20 al 26 de octubre &#171; Reconoce MX\",\"isPartOf\":{\"@id\":\"http:\/\/www.reconoce.mx\/#website\"},\"primaryImageOfPage\":{\"@id\":\"https:\/\/www.reconoce.mx\/?p=66853#primaryimage\"},\"image\":{\"@id\":\"https:\/\/www.reconoce.mx\/?p=66853#primaryimage\"},\"thumbnailUrl\":\"https:\/\/www.reconoce.mx\/wp-content\/uploads\/2016\/01\/elplaza-condesa.png\",\"datePublished\":\"2017-10-20T05:02:18+00:00\",\"breadcrumb\":{\"@id\":\"https:\/\/www.reconoce.mx\/?p=66853#breadcrumb\"},\"inLanguage\":\"es\",\"potentialAction\":[{\"@type\":\"ReadAction\",\"target\":[\"https:\/\/www.reconoce.mx\/?p=66853\"]}]},{\"@type\":\"ImageObject\",\"inLanguage\":\"es\",\"@id\":\"https:\/\/www.reconoce.mx\/?p=66853#primaryimage\",\"url\":\"https:\/\/www.reconoce.mx\/wp-content\/uploads\/2016\/01\/elplaza-condesa.png\",\"contentUrl\":\"https:\/\/www.reconoce.mx\/wp-content\/uploads\/2016\/01\/elplaza-condesa.png\",\"width\":570,\"height\":360},{\"@type\":\"BreadcrumbList\",\"@id\":\"https:\/\/www.reconoce.mx\/?p=66853#breadcrumb\",\"itemListElement\":[{\"@type\":\"ListItem\",\"position\":1,\"name\":\"Portada\",\"item\":\"http:\/\/www.reconoce.mx\/\"},{\"@type\":\"ListItem\",\"position\":2,\"name\":\"El Plaza Condesa: Cartelera del 20 al 26 de octubre\"}]},{\"@type\":\"WebSite\",\"@id\":\"http:\/\/www.reconoce.mx\/#website\",\"url\":\"http:\/\/www.reconoce.mx\/\",\"name\":\"Reconoce MX\",\"description\":\"En Reconoce MX difundimos arte, cultura y conciencia social en M\u00e9xico. Tu ciudad en otra perspectiva.\",\"publisher\":{\"@id\":\"http:\/\/www.reconoce.mx\/#organization\"},\"potentialAction\":[{\"@type\":\"SearchAction\",\"target\":{\"@type\":\"EntryPoint\",\"urlTemplate\":\"http:\/\/www.reconoce.mx\/?s={search_term_string}\"},\"query-input\":{\"@type\":\"PropertyValueSpecification\",\"valueRequired\":true,\"valueName\":\"search_term_string\"}}],\"inLanguage\":\"es\"},{\"@type\":\"Organization\",\"@id\":\"http:\/\/www.reconoce.mx\/#organization\",\"name\":\"Reconoce MX\",\"url\":\"http:\/\/www.reconoce.mx\/\",\"logo\":{\"@type\":\"ImageObject\",\"inLanguage\":\"es\",\"@id\":\"http:\/\/www.reconoce.mx\/#\/schema\/logo\/image\/\",\"url\":\"https:\/\/www.reconoce.mx\/wp-content\/uploads\/2019\/03\/logorcmx-good-1.png\",\"contentUrl\":\"https:\/\/www.reconoce.mx\/wp-content\/uploads\/2019\/03\/logorcmx-good-1.png\",\"width\":280,\"height\":90,\"caption\":\"Reconoce MX\"},\"image\":{\"@id\":\"http:\/\/www.reconoce.mx\/#\/schema\/logo\/image\/\"},\"sameAs\":[\"https:\/\/es-la.facebook.com\/ReconoceMX\/\",\"https:\/\/x.com\/reconocemx\",\"http:\/\/@reconocemx\"]},{\"@type\":\"Person\",\"@id\":\"http:\/\/www.reconoce.mx\/#\/schema\/person\/2117e997d7051dc15d6880eaf9bca0b2\",\"name\":\"Reconoce MX\",\"image\":{\"@type\":\"ImageObject\",\"inLanguage\":\"es\",\"@id\":\"http:\/\/www.reconoce.mx\/#\/schema\/person\/image\/\",\"url\":\"https:\/\/secure.gravatar.com\/avatar\/6c8d4dc7569ca1c90c5fdcc349f839d5ddef6fe1e70b4337ead2ef1a4c43fc3a?s=96&d=identicon&r=g\",\"contentUrl\":\"https:\/\/secure.gravatar.com\/avatar\/6c8d4dc7569ca1c90c5fdcc349f839d5ddef6fe1e70b4337ead2ef1a4c43fc3a?s=96&d=identicon&r=g\",\"caption\":\"Reconoce MX\"},\"description\":\"Reconoce MX es un proyecto de difusi\u00f3n art\u00edstica, cultural y de conciencia social que est\u00e1 enfocado a difundir y fomentar el entretenimiento alternativo de calidad para todo el p\u00fablico que comparta el mismo entusiasmo.\",\"sameAs\":[\"http:\/\/www.reconoce.mx\"],\"url\":\"https:\/\/www.reconoce.mx\/?author=2\"}]}<\/script>\n<!-- \/ Yoast SEO plugin. -->","yoast_head_json":{"title":"El Plaza Condesa: Cartelera del 20 al 26 de octubre &#171; Reconoce MX","robots":{"index":"index","follow":"follow","max-snippet":"max-snippet:-1","max-image-preview":"max-image-preview:large","max-video-preview":"max-video-preview:-1"},"canonical":"https:\/\/www.reconoce.mx\/?p=66853","og_locale":"es_ES","og_type":"article","og_title":"El Plaza Condesa: Cartelera del 20 al 26 de octubre &#171; Reconoce MX","og_description":"En el mejor \u00e1nimo de que pasen un gran momento, ustedes amantes de la m\u00fasica, les compartimos de manera semanal la cartelera de El Plaza Condesa.","og_url":"https:\/\/www.reconoce.mx\/?p=66853","og_site_name":"Reconoce MX","article_publisher":"https:\/\/es-la.facebook.com\/ReconoceMX\/","article_published_time":"2017-10-20T05:02:18+00:00","og_image":[{"width":570,"height":360,"url":"https:\/\/www.reconoce.mx\/wp-content\/uploads\/2016\/01\/elplaza-condesa.png","type":"image\/png"}],"author":"Reconoce MX","twitter_card":"summary_large_image","twitter_creator":"@reconocemx","twitter_site":"@reconocemx","twitter_misc":{"Escrito por":"Reconoce MX","Tiempo de lectura":"4 minutos"},"schema":{"@context":"https:\/\/schema.org","@graph":[{"@type":"Article","@id":"https:\/\/www.reconoce.mx\/?p=66853#article","isPartOf":{"@id":"https:\/\/www.reconoce.mx\/?p=66853"},"author":{"name":"Reconoce MX","@id":"http:\/\/www.reconoce.mx\/#\/schema\/person\/2117e997d7051dc15d6880eaf9bca0b2"},"headline":"El Plaza Condesa: Cartelera del 20 al 26 de octubre","datePublished":"2017-10-20T05:02:18+00:00","mainEntityOfPage":{"@id":"https:\/\/www.reconoce.mx\/?p=66853"},"wordCount":866,"commentCount":0,"publisher":{"@id":"http:\/\/www.reconoce.mx\/#organization"},"image":{"@id":"https:\/\/www.reconoce.mx\/?p=66853#primaryimage"},"thumbnailUrl":"https:\/\/www.reconoce.mx\/wp-content\/uploads\/2016\/01\/elplaza-condesa.png","articleSection":["Cultura","M\u00fasica","Principal"],"inLanguage":"es","potentialAction":[{"@type":"CommentAction","name":"Comment","target":["https:\/\/www.reconoce.mx\/?p=66853#respond"]}]},{"@type":"WebPage","@id":"https:\/\/www.reconoce.mx\/?p=66853","url":"https:\/\/www.reconoce.mx\/?p=66853","name":"El Plaza Condesa: Cartelera del 20 al 26 de octubre &#171; Reconoce MX","isPartOf":{"@id":"http:\/\/www.reconoce.mx\/#website"},"primaryImageOfPage":{"@id":"https:\/\/www.reconoce.mx\/?p=66853#primaryimage"},"image":{"@id":"https:\/\/www.reconoce.mx\/?p=66853#primaryimage"},"thumbnailUrl":"https:\/\/www.reconoce.mx\/wp-content\/uploads\/2016\/01\/elplaza-condesa.png","datePublished":"2017-10-20T05:02:18+00:00","breadcrumb":{"@id":"https:\/\/www.reconoce.mx\/?p=66853#breadcrumb"},"inLanguage":"es","potentialAction":[{"@type":"ReadAction","target":["https:\/\/www.reconoce.mx\/?p=66853"]}]},{"@type":"ImageObject","inLanguage":"es","@id":"https:\/\/www.reconoce.mx\/?p=66853#primaryimage","url":"https:\/\/www.reconoce.mx\/wp-content\/uploads\/2016\/01\/elplaza-condesa.png","contentUrl":"https:\/\/www.reconoce.mx\/wp-content\/uploads\/2016\/01\/elplaza-condesa.png","width":570,"height":360},{"@type":"BreadcrumbList","@id":"https:\/\/www.reconoce.mx\/?p=66853#breadcrumb","itemListElement":[{"@type":"ListItem","position":1,"name":"Portada","item":"http:\/\/www.reconoce.mx\/"},{"@type":"ListItem","position":2,"name":"El Plaza Condesa: Cartelera del 20 al 26 de octubre"}]},{"@type":"WebSite","@id":"http:\/\/www.reconoce.mx\/#website","url":"http:\/\/www.reconoce.mx\/","name":"Reconoce MX","description":"En Reconoce MX difundimos arte, cultura y conciencia social en M\u00e9xico. Tu ciudad en otra perspectiva.","publisher":{"@id":"http:\/\/www.reconoce.mx\/#organization"},"potentialAction":[{"@type":"SearchAction","target":{"@type":"EntryPoint","urlTemplate":"http:\/\/www.reconoce.mx\/?s={search_term_string}"},"query-input":{"@type":"PropertyValueSpecification","valueRequired":true,"valueName":"search_term_string"}}],"inLanguage":"es"},{"@type":"Organization","@id":"http:\/\/www.reconoce.mx\/#organization","name":"Reconoce MX","url":"http:\/\/www.reconoce.mx\/","logo":{"@type":"ImageObject","inLanguage":"es","@id":"http:\/\/www.reconoce.mx\/#\/schema\/logo\/image\/","url":"https:\/\/www.reconoce.mx\/wp-content\/uploads\/2019\/03\/logorcmx-good-1.png","contentUrl":"https:\/\/www.reconoce.mx\/wp-content\/uploads\/2019\/03\/logorcmx-good-1.png","width":280,"height":90,"caption":"Reconoce MX"},"image":{"@id":"http:\/\/www.reconoce.mx\/#\/schema\/logo\/image\/"},"sameAs":["https:\/\/es-la.facebook.com\/ReconoceMX\/","https:\/\/x.com\/reconocemx","http:\/\/@reconocemx"]},{"@type":"Person","@id":"http:\/\/www.reconoce.mx\/#\/schema\/person\/2117e997d7051dc15d6880eaf9bca0b2","name":"Reconoce MX","image":{"@type":"ImageObject","inLanguage":"es","@id":"http:\/\/www.reconoce.mx\/#\/schema\/person\/image\/","url":"https:\/\/secure.gravatar.com\/avatar\/6c8d4dc7569ca1c90c5fdcc349f839d5ddef6fe1e70b4337ead2ef1a4c43fc3a?s=96&d=identicon&r=g","contentUrl":"https:\/\/secure.gravatar.com\/avatar\/6c8d4dc7569ca1c90c5fdcc349f839d5ddef6fe1e70b4337ead2ef1a4c43fc3a?s=96&d=identicon&r=g","caption":"Reconoce MX"},"description":"Reconoce MX es un proyecto de difusi\u00f3n art\u00edstica, cultural y de conciencia social que est\u00e1 enfocado a difundir y fomentar el entretenimiento alternativo de calidad para todo el p\u00fablico que comparta el mismo entusiasmo.","sameAs":["http:\/\/www.reconoce.mx"],"url":"https:\/\/www.reconoce.mx\/?author=2"}]}},"_links":{"self":[{"href":"https:\/\/www.reconoce.mx\/index.php?rest_route=\/wp\/v2\/posts\/66853","targetHints":{"allow":["GET"]}}],"collection":[{"href":"https:\/\/www.reconoce.mx\/index.php?rest_route=\/wp\/v2\/posts"}],"about":[{"href":"https:\/\/www.reconoce.mx\/index.php?rest_route=\/wp\/v2\/types\/post"}],"author":[{"embeddable":true,"href":"https:\/\/www.reconoce.mx\/index.php?rest_route=\/wp\/v2\/users\/2"}],"replies":[{"embeddable":true,"href":"https:\/\/www.reconoce.mx\/index.php?rest_route=%2Fwp%2Fv2%2Fcomments&post=66853"}],"version-history":[{"count":4,"href":"https:\/\/www.reconoce.mx\/index.php?rest_route=\/wp\/v2\/posts\/66853\/revisions"}],"predecessor-version":[{"id":66863,"href":"https:\/\/www.reconoce.mx\/index.php?rest_route=\/wp\/v2\/posts\/66853\/revisions\/66863"}],"wp:featuredmedia":[{"embeddable":true,"href":"https:\/\/www.reconoce.mx\/index.php?rest_route=\/wp\/v2\/media\/43737"}],"wp:attachment":[{"href":"https:\/\/www.reconoce.mx\/index.php?rest_route=%2Fwp%2Fv2%2Fmedia&parent=66853"}],"wp:term":[{"taxonomy":"category","embeddable":true,"href":"https:\/\/www.reconoce.mx\/index.php?rest_route=%2Fwp%2Fv2%2Fcategories&post=66853"},{"taxonomy":"post_tag","embeddable":true,"href":"https:\/\/www.reconoce.mx\/index.php?rest_route=%2Fwp%2Fv2%2Ftags&post=66853"}],"curies":[{"name":"wp","href":"https:\/\/api.w.org\/{rel}","templated":true}]}}