{"id":66876,"date":"2017-10-18T00:01:00","date_gmt":"2017-10-18T05:01:00","guid":{"rendered":"http:\/\/www.reconoce.mx\/?p=66876"},"modified":"2017-10-18T03:07:46","modified_gmt":"2017-10-18T08:07:46","slug":"humboldt-en-mexico-se-presentara-en-el-15ficm","status":"publish","type":"post","link":"https:\/\/www.reconoce.mx\/?p=66876","title":{"rendered":"\u00abHumboldt en M\u00e9xico\u00bb se presentar\u00e1 en el #15FICM"},"content":{"rendered":"<p><strong>Por <a title=\"@AsfaltosTweets\" href=\"http:\/\/twitter.com\/AsfaltosTweets\" target=\"_blank\" rel=\"noopener noreferrer\">Asfaltos<\/a><\/strong>.<\/p>\n<p>El documental \u00ab<a href=\"http:\/\/www.reconoce.mx\/giff2017-dia-4-guanajuato-muchos-anos-mas-por-delante\/\" target=\"_blank\" rel=\"noopener\">Humboldt en M\u00e9xico. La mirada del explorador<\/a>\u00bb de la realizadora <strong>Ana Cruz<\/strong>, tendr\u00e1 una funci\u00f3n especial el pr\u00f3ximo domingo 22 de octubre en el <strong>Teatro Melchor Ocampo<\/strong> de Morelia, Michoac\u00e1n, como parte del <a href=\"http:\/\/www.reconoce.mx\/15ficm-el-festival-de-cine-mas-importante-en-mexico-celebra-sus-xv-anos\/\" target=\"_blank\" rel=\"noopener\"><strong>Festival Internacional de Cine de Morelia 2017<\/strong><\/a>.<\/p>\n<p><a href=\"http:\/\/www.reconoce.mx\/wp-content\/uploads\/2017\/10\/humboldt-en-mexico-2.png\"><img loading=\"lazy\" decoding=\"async\" class=\"aligncenter size-full wp-image-66878\" src=\"http:\/\/www.reconoce.mx\/wp-content\/uploads\/2017\/10\/humboldt-en-mexico-2.png\" alt=\"\" width=\"590\" height=\"380\" srcset=\"https:\/\/www.reconoce.mx\/wp-content\/uploads\/2017\/10\/humboldt-en-mexico-2.png 590w, https:\/\/www.reconoce.mx\/wp-content\/uploads\/2017\/10\/humboldt-en-mexico-2-300x193.png 300w, https:\/\/www.reconoce.mx\/wp-content\/uploads\/2017\/10\/humboldt-en-mexico-2-150x97.png 150w\" sizes=\"auto, (max-width: 590px) 100vw, 590px\" \/><\/a><\/p>\n<p>El trabajo que sigue a <strong>Alexander von Humboldt<\/strong> en su paso por lo que hoy es M\u00e9xico, retrata en un formato de <em>road movie<\/em> los pasos del explorador en su traves\u00eda por la Nueva Espa\u00f1a. El documental inicia en 1834 en la Biblioteca de Humboldt, en Berl\u00edn, cuando \u00e9l tiene 65 a\u00f1os y todav\u00eda est\u00e1 lleno de energ\u00eda y entusiasmo para empezar a escribir su magna obra, Cosmos, en donde revive sus recuerdos de las Am\u00e9ricas.<\/p>\n<p>\u00abHumboldt en M\u00e9xico. La mirada del explorador\u00bb cont\u00f3 con el apoyo del <strong>CONACYT<\/strong>, los gobiernos de Guanajuato y Guerrero, la <strong>Asociaci\u00f3n del Colegio Alem\u00e1n Alexander von Humboldt<\/strong> y <strong>CONABIO<\/strong>. La directora, productora y guionista <strong>Ana Cruz<\/strong>, rod\u00f3 entre noviembre de 2015 y abril de 2016 en locaciones de M\u00e9xico, Alemania y Francia. A mediados de 2016, entr\u00f3 a la etapa de edici\u00f3n e inici\u00f3 la ilustraci\u00f3n digital de los mapas, los bocetos de las plantas, flores y dem\u00e1s hallazgos cient\u00edficos que Humboldt registr\u00f3 con su pu\u00f1o y letra sobre la geograf\u00eda de M\u00e9xico.<\/p>\n<style>.embed-container { position: relative; padding-bottom: 56.25%; height: 0; overflow: hidden; max-width: 100%; } .embed-container iframe, .embed-container object, .embed-container embed { position: absolute; top: 0; left: 0; width: 100%; height: 100%; }<\/style>\n<div class=\"embed-container\"><iframe loading=\"lazy\" src=\"https:\/\/player.vimeo.com\/video\/165530559\" width=\"300\" height=\"150\" frameborder=\"0\" allowfullscreen=\"allowfullscreen\"><\/iframe><\/div>\n<p>&nbsp;<\/p>\n<p>\u00abHumboldt en M\u00e9xico. La mirada del explorador\u00bb de <strong>Ana Cruz<\/strong>, tendr\u00e1 una funci\u00f3n especial el domingo 22 de octubre a las 12:00 horas en el Teatro Melchor Ocampo, en el marco del <strong>Festival Internacional de Cine de Morelia<\/strong>. La compra de boletos de se puede hacer en taquilla o en l\u00ednea. El <strong>Teatro Melchor Ocampo<\/strong> fungir\u00e1 como sala 6 de <strong>Cin\u00e9polis Centro de Michoac\u00e1n<\/strong>.<\/p>\n<p style=\"text-align: right;\">Con informaci\u00f3n cortes\u00eda de <strong>Mariana Padilla<\/strong>.<\/p>\n<p>&nbsp;<\/p>\n<p>&nbsp;<\/p>\n","protected":false},"excerpt":{"rendered":"<p>El documental \u00abHumboldt en M\u00e9xico. La mirada del explorador\u00bb de la realizadora Ana Cruz, tendr\u00e1 una funci\u00f3n especial el pr\u00f3ximo domingo 22 de octubre en el Teatro Melchor Ocampo de Morelia, Michoac\u00e1n, como parte del Festival Internacional de Cine de Morelia 2017.<\/p>\n","protected":false},"author":2,"featured_media":66877,"comment_status":"open","ping_status":"open","sticky":false,"template":"","format":"standard","meta":{"footnotes":""},"categories":[24,1,17],"tags":[],"class_list":["post-66876","post","type-post","status-publish","format-standard","has-post-thumbnail","hentry","category-cine","category-cultura","category-principal"],"yoast_head":"<!-- This site is optimized with the Yoast SEO plugin v24.7 - https:\/\/yoast.com\/wordpress\/plugins\/seo\/ -->\n<title>&quot;Humboldt en M\u00e9xico&quot; se presentar\u00e1 en el #15FICM &#171; Reconoce MX<\/title>\n<meta name=\"robots\" content=\"index, follow, max-snippet:-1, max-image-preview:large, max-video-preview:-1\" \/>\n<link rel=\"canonical\" href=\"http:\/\/www.reconoce.mx\/?p=66876\" \/>\n<meta property=\"og:locale\" content=\"es_ES\" \/>\n<meta property=\"og:type\" content=\"article\" \/>\n<meta property=\"og:title\" content=\"&quot;Humboldt en M\u00e9xico&quot; se presentar\u00e1 en el #15FICM &#171; Reconoce MX\" \/>\n<meta property=\"og:description\" content=\"El documental &quot;Humboldt en M\u00e9xico. La mirada del explorador&quot; de la realizadora Ana Cruz, tendr\u00e1 una funci\u00f3n especial el pr\u00f3ximo domingo 22 de octubre en el Teatro Melchor Ocampo de Morelia, Michoac\u00e1n, como parte del Festival Internacional de Cine de Morelia 2017.\" \/>\n<meta property=\"og:url\" content=\"http:\/\/www.reconoce.mx\/?p=66876\" \/>\n<meta property=\"og:site_name\" content=\"Reconoce MX\" \/>\n<meta property=\"article:publisher\" content=\"https:\/\/es-la.facebook.com\/ReconoceMX\/\" \/>\n<meta property=\"article:published_time\" content=\"2017-10-18T05:01:00+00:00\" \/>\n<meta property=\"article:modified_time\" content=\"2017-10-18T08:07:46+00:00\" \/>\n<meta property=\"og:image\" content=\"http:\/\/www.reconoce.mx\/wp-content\/uploads\/2017\/10\/humboldt-en-mexico-1.png\" \/>\n\t<meta property=\"og:image:width\" content=\"590\" \/>\n\t<meta property=\"og:image:height\" content=\"380\" \/>\n\t<meta property=\"og:image:type\" content=\"image\/png\" \/>\n<meta name=\"author\" content=\"Reconoce MX\" \/>\n<meta name=\"twitter:card\" content=\"summary_large_image\" \/>\n<meta name=\"twitter:creator\" content=\"@reconocemx\" \/>\n<meta name=\"twitter:site\" content=\"@reconocemx\" \/>\n<meta name=\"twitter:label1\" content=\"Escrito por\" \/>\n\t<meta name=\"twitter:data1\" content=\"Reconoce MX\" \/>\n\t<meta name=\"twitter:label2\" content=\"Tiempo de lectura\" \/>\n\t<meta name=\"twitter:data2\" content=\"2 minutos\" \/>\n<script type=\"application\/ld+json\" class=\"yoast-schema-graph\">{\"@context\":\"https:\/\/schema.org\",\"@graph\":[{\"@type\":\"Article\",\"@id\":\"http:\/\/www.reconoce.mx\/?p=66876#article\",\"isPartOf\":{\"@id\":\"http:\/\/www.reconoce.mx\/?p=66876\"},\"author\":{\"name\":\"Reconoce MX\",\"@id\":\"http:\/\/www.reconoce.mx\/#\/schema\/person\/2117e997d7051dc15d6880eaf9bca0b2\"},\"headline\":\"\u00abHumboldt en M\u00e9xico\u00bb se presentar\u00e1 en el #15FICM\",\"datePublished\":\"2017-10-18T05:01:00+00:00\",\"dateModified\":\"2017-10-18T08:07:46+00:00\",\"mainEntityOfPage\":{\"@id\":\"http:\/\/www.reconoce.mx\/?p=66876\"},\"wordCount\":315,\"commentCount\":0,\"publisher\":{\"@id\":\"http:\/\/www.reconoce.mx\/#organization\"},\"image\":{\"@id\":\"http:\/\/www.reconoce.mx\/?p=66876#primaryimage\"},\"thumbnailUrl\":\"https:\/\/www.reconoce.mx\/wp-content\/uploads\/2017\/10\/humboldt-en-mexico-1.png\",\"articleSection\":[\"Cine\",\"Cultura\",\"Principal\"],\"inLanguage\":\"es\",\"potentialAction\":[{\"@type\":\"CommentAction\",\"name\":\"Comment\",\"target\":[\"http:\/\/www.reconoce.mx\/?p=66876#respond\"]}]},{\"@type\":\"WebPage\",\"@id\":\"http:\/\/www.reconoce.mx\/?p=66876\",\"url\":\"http:\/\/www.reconoce.mx\/?p=66876\",\"name\":\"\\\"Humboldt en M\u00e9xico\\\" se presentar\u00e1 en el #15FICM &#171; Reconoce MX\",\"isPartOf\":{\"@id\":\"http:\/\/www.reconoce.mx\/#website\"},\"primaryImageOfPage\":{\"@id\":\"http:\/\/www.reconoce.mx\/?p=66876#primaryimage\"},\"image\":{\"@id\":\"http:\/\/www.reconoce.mx\/?p=66876#primaryimage\"},\"thumbnailUrl\":\"https:\/\/www.reconoce.mx\/wp-content\/uploads\/2017\/10\/humboldt-en-mexico-1.png\",\"datePublished\":\"2017-10-18T05:01:00+00:00\",\"dateModified\":\"2017-10-18T08:07:46+00:00\",\"breadcrumb\":{\"@id\":\"http:\/\/www.reconoce.mx\/?p=66876#breadcrumb\"},\"inLanguage\":\"es\",\"potentialAction\":[{\"@type\":\"ReadAction\",\"target\":[\"http:\/\/www.reconoce.mx\/?p=66876\"]}]},{\"@type\":\"ImageObject\",\"inLanguage\":\"es\",\"@id\":\"http:\/\/www.reconoce.mx\/?p=66876#primaryimage\",\"url\":\"https:\/\/www.reconoce.mx\/wp-content\/uploads\/2017\/10\/humboldt-en-mexico-1.png\",\"contentUrl\":\"https:\/\/www.reconoce.mx\/wp-content\/uploads\/2017\/10\/humboldt-en-mexico-1.png\",\"width\":590,\"height\":380},{\"@type\":\"BreadcrumbList\",\"@id\":\"http:\/\/www.reconoce.mx\/?p=66876#breadcrumb\",\"itemListElement\":[{\"@type\":\"ListItem\",\"position\":1,\"name\":\"Portada\",\"item\":\"http:\/\/www.reconoce.mx\/\"},{\"@type\":\"ListItem\",\"position\":2,\"name\":\"\u00abHumboldt en M\u00e9xico\u00bb se presentar\u00e1 en el #15FICM\"}]},{\"@type\":\"WebSite\",\"@id\":\"http:\/\/www.reconoce.mx\/#website\",\"url\":\"http:\/\/www.reconoce.mx\/\",\"name\":\"Reconoce MX\",\"description\":\"En Reconoce MX difundimos arte, cultura y conciencia social en M\u00e9xico. Tu ciudad en otra perspectiva.\",\"publisher\":{\"@id\":\"http:\/\/www.reconoce.mx\/#organization\"},\"potentialAction\":[{\"@type\":\"SearchAction\",\"target\":{\"@type\":\"EntryPoint\",\"urlTemplate\":\"http:\/\/www.reconoce.mx\/?s={search_term_string}\"},\"query-input\":{\"@type\":\"PropertyValueSpecification\",\"valueRequired\":true,\"valueName\":\"search_term_string\"}}],\"inLanguage\":\"es\"},{\"@type\":\"Organization\",\"@id\":\"http:\/\/www.reconoce.mx\/#organization\",\"name\":\"Reconoce MX\",\"url\":\"http:\/\/www.reconoce.mx\/\",\"logo\":{\"@type\":\"ImageObject\",\"inLanguage\":\"es\",\"@id\":\"http:\/\/www.reconoce.mx\/#\/schema\/logo\/image\/\",\"url\":\"https:\/\/www.reconoce.mx\/wp-content\/uploads\/2019\/03\/logorcmx-good-1.png\",\"contentUrl\":\"https:\/\/www.reconoce.mx\/wp-content\/uploads\/2019\/03\/logorcmx-good-1.png\",\"width\":280,\"height\":90,\"caption\":\"Reconoce MX\"},\"image\":{\"@id\":\"http:\/\/www.reconoce.mx\/#\/schema\/logo\/image\/\"},\"sameAs\":[\"https:\/\/es-la.facebook.com\/ReconoceMX\/\",\"https:\/\/x.com\/reconocemx\",\"http:\/\/@reconocemx\"]},{\"@type\":\"Person\",\"@id\":\"http:\/\/www.reconoce.mx\/#\/schema\/person\/2117e997d7051dc15d6880eaf9bca0b2\",\"name\":\"Reconoce MX\",\"image\":{\"@type\":\"ImageObject\",\"inLanguage\":\"es\",\"@id\":\"http:\/\/www.reconoce.mx\/#\/schema\/person\/image\/\",\"url\":\"https:\/\/secure.gravatar.com\/avatar\/6c8d4dc7569ca1c90c5fdcc349f839d5ddef6fe1e70b4337ead2ef1a4c43fc3a?s=96&d=identicon&r=g\",\"contentUrl\":\"https:\/\/secure.gravatar.com\/avatar\/6c8d4dc7569ca1c90c5fdcc349f839d5ddef6fe1e70b4337ead2ef1a4c43fc3a?s=96&d=identicon&r=g\",\"caption\":\"Reconoce MX\"},\"description\":\"Reconoce MX es un proyecto de difusi\u00f3n art\u00edstica, cultural y de conciencia social que est\u00e1 enfocado a difundir y fomentar el entretenimiento alternativo de calidad para todo el p\u00fablico que comparta el mismo entusiasmo.\",\"sameAs\":[\"http:\/\/www.reconoce.mx\"],\"url\":\"https:\/\/www.reconoce.mx\/?author=2\"}]}<\/script>\n<!-- \/ Yoast SEO plugin. -->","yoast_head_json":{"title":"\"Humboldt en M\u00e9xico\" se presentar\u00e1 en el #15FICM &#171; Reconoce MX","robots":{"index":"index","follow":"follow","max-snippet":"max-snippet:-1","max-image-preview":"max-image-preview:large","max-video-preview":"max-video-preview:-1"},"canonical":"http:\/\/www.reconoce.mx\/?p=66876","og_locale":"es_ES","og_type":"article","og_title":"\"Humboldt en M\u00e9xico\" se presentar\u00e1 en el #15FICM &#171; Reconoce MX","og_description":"El documental \"Humboldt en M\u00e9xico. La mirada del explorador\" de la realizadora Ana Cruz, tendr\u00e1 una funci\u00f3n especial el pr\u00f3ximo domingo 22 de octubre en el Teatro Melchor Ocampo de Morelia, Michoac\u00e1n, como parte del Festival Internacional de Cine de Morelia 2017.","og_url":"http:\/\/www.reconoce.mx\/?p=66876","og_site_name":"Reconoce MX","article_publisher":"https:\/\/es-la.facebook.com\/ReconoceMX\/","article_published_time":"2017-10-18T05:01:00+00:00","article_modified_time":"2017-10-18T08:07:46+00:00","og_image":[{"width":590,"height":380,"url":"http:\/\/www.reconoce.mx\/wp-content\/uploads\/2017\/10\/humboldt-en-mexico-1.png","type":"image\/png"}],"author":"Reconoce MX","twitter_card":"summary_large_image","twitter_creator":"@reconocemx","twitter_site":"@reconocemx","twitter_misc":{"Escrito por":"Reconoce MX","Tiempo de lectura":"2 minutos"},"schema":{"@context":"https:\/\/schema.org","@graph":[{"@type":"Article","@id":"http:\/\/www.reconoce.mx\/?p=66876#article","isPartOf":{"@id":"http:\/\/www.reconoce.mx\/?p=66876"},"author":{"name":"Reconoce MX","@id":"http:\/\/www.reconoce.mx\/#\/schema\/person\/2117e997d7051dc15d6880eaf9bca0b2"},"headline":"\u00abHumboldt en M\u00e9xico\u00bb se presentar\u00e1 en el #15FICM","datePublished":"2017-10-18T05:01:00+00:00","dateModified":"2017-10-18T08:07:46+00:00","mainEntityOfPage":{"@id":"http:\/\/www.reconoce.mx\/?p=66876"},"wordCount":315,"commentCount":0,"publisher":{"@id":"http:\/\/www.reconoce.mx\/#organization"},"image":{"@id":"http:\/\/www.reconoce.mx\/?p=66876#primaryimage"},"thumbnailUrl":"https:\/\/www.reconoce.mx\/wp-content\/uploads\/2017\/10\/humboldt-en-mexico-1.png","articleSection":["Cine","Cultura","Principal"],"inLanguage":"es","potentialAction":[{"@type":"CommentAction","name":"Comment","target":["http:\/\/www.reconoce.mx\/?p=66876#respond"]}]},{"@type":"WebPage","@id":"http:\/\/www.reconoce.mx\/?p=66876","url":"http:\/\/www.reconoce.mx\/?p=66876","name":"\"Humboldt en M\u00e9xico\" se presentar\u00e1 en el #15FICM &#171; Reconoce MX","isPartOf":{"@id":"http:\/\/www.reconoce.mx\/#website"},"primaryImageOfPage":{"@id":"http:\/\/www.reconoce.mx\/?p=66876#primaryimage"},"image":{"@id":"http:\/\/www.reconoce.mx\/?p=66876#primaryimage"},"thumbnailUrl":"https:\/\/www.reconoce.mx\/wp-content\/uploads\/2017\/10\/humboldt-en-mexico-1.png","datePublished":"2017-10-18T05:01:00+00:00","dateModified":"2017-10-18T08:07:46+00:00","breadcrumb":{"@id":"http:\/\/www.reconoce.mx\/?p=66876#breadcrumb"},"inLanguage":"es","potentialAction":[{"@type":"ReadAction","target":["http:\/\/www.reconoce.mx\/?p=66876"]}]},{"@type":"ImageObject","inLanguage":"es","@id":"http:\/\/www.reconoce.mx\/?p=66876#primaryimage","url":"https:\/\/www.reconoce.mx\/wp-content\/uploads\/2017\/10\/humboldt-en-mexico-1.png","contentUrl":"https:\/\/www.reconoce.mx\/wp-content\/uploads\/2017\/10\/humboldt-en-mexico-1.png","width":590,"height":380},{"@type":"BreadcrumbList","@id":"http:\/\/www.reconoce.mx\/?p=66876#breadcrumb","itemListElement":[{"@type":"ListItem","position":1,"name":"Portada","item":"http:\/\/www.reconoce.mx\/"},{"@type":"ListItem","position":2,"name":"\u00abHumboldt en M\u00e9xico\u00bb se presentar\u00e1 en el #15FICM"}]},{"@type":"WebSite","@id":"http:\/\/www.reconoce.mx\/#website","url":"http:\/\/www.reconoce.mx\/","name":"Reconoce MX","description":"En Reconoce MX difundimos arte, cultura y conciencia social en M\u00e9xico. Tu ciudad en otra perspectiva.","publisher":{"@id":"http:\/\/www.reconoce.mx\/#organization"},"potentialAction":[{"@type":"SearchAction","target":{"@type":"EntryPoint","urlTemplate":"http:\/\/www.reconoce.mx\/?s={search_term_string}"},"query-input":{"@type":"PropertyValueSpecification","valueRequired":true,"valueName":"search_term_string"}}],"inLanguage":"es"},{"@type":"Organization","@id":"http:\/\/www.reconoce.mx\/#organization","name":"Reconoce MX","url":"http:\/\/www.reconoce.mx\/","logo":{"@type":"ImageObject","inLanguage":"es","@id":"http:\/\/www.reconoce.mx\/#\/schema\/logo\/image\/","url":"https:\/\/www.reconoce.mx\/wp-content\/uploads\/2019\/03\/logorcmx-good-1.png","contentUrl":"https:\/\/www.reconoce.mx\/wp-content\/uploads\/2019\/03\/logorcmx-good-1.png","width":280,"height":90,"caption":"Reconoce MX"},"image":{"@id":"http:\/\/www.reconoce.mx\/#\/schema\/logo\/image\/"},"sameAs":["https:\/\/es-la.facebook.com\/ReconoceMX\/","https:\/\/x.com\/reconocemx","http:\/\/@reconocemx"]},{"@type":"Person","@id":"http:\/\/www.reconoce.mx\/#\/schema\/person\/2117e997d7051dc15d6880eaf9bca0b2","name":"Reconoce MX","image":{"@type":"ImageObject","inLanguage":"es","@id":"http:\/\/www.reconoce.mx\/#\/schema\/person\/image\/","url":"https:\/\/secure.gravatar.com\/avatar\/6c8d4dc7569ca1c90c5fdcc349f839d5ddef6fe1e70b4337ead2ef1a4c43fc3a?s=96&d=identicon&r=g","contentUrl":"https:\/\/secure.gravatar.com\/avatar\/6c8d4dc7569ca1c90c5fdcc349f839d5ddef6fe1e70b4337ead2ef1a4c43fc3a?s=96&d=identicon&r=g","caption":"Reconoce MX"},"description":"Reconoce MX es un proyecto de difusi\u00f3n art\u00edstica, cultural y de conciencia social que est\u00e1 enfocado a difundir y fomentar el entretenimiento alternativo de calidad para todo el p\u00fablico que comparta el mismo entusiasmo.","sameAs":["http:\/\/www.reconoce.mx"],"url":"https:\/\/www.reconoce.mx\/?author=2"}]}},"_links":{"self":[{"href":"https:\/\/www.reconoce.mx\/index.php?rest_route=\/wp\/v2\/posts\/66876","targetHints":{"allow":["GET"]}}],"collection":[{"href":"https:\/\/www.reconoce.mx\/index.php?rest_route=\/wp\/v2\/posts"}],"about":[{"href":"https:\/\/www.reconoce.mx\/index.php?rest_route=\/wp\/v2\/types\/post"}],"author":[{"embeddable":true,"href":"https:\/\/www.reconoce.mx\/index.php?rest_route=\/wp\/v2\/users\/2"}],"replies":[{"embeddable":true,"href":"https:\/\/www.reconoce.mx\/index.php?rest_route=%2Fwp%2Fv2%2Fcomments&post=66876"}],"version-history":[{"count":1,"href":"https:\/\/www.reconoce.mx\/index.php?rest_route=\/wp\/v2\/posts\/66876\/revisions"}],"predecessor-version":[{"id":66879,"href":"https:\/\/www.reconoce.mx\/index.php?rest_route=\/wp\/v2\/posts\/66876\/revisions\/66879"}],"wp:featuredmedia":[{"embeddable":true,"href":"https:\/\/www.reconoce.mx\/index.php?rest_route=\/wp\/v2\/media\/66877"}],"wp:attachment":[{"href":"https:\/\/www.reconoce.mx\/index.php?rest_route=%2Fwp%2Fv2%2Fmedia&parent=66876"}],"wp:term":[{"taxonomy":"category","embeddable":true,"href":"https:\/\/www.reconoce.mx\/index.php?rest_route=%2Fwp%2Fv2%2Fcategories&post=66876"},{"taxonomy":"post_tag","embeddable":true,"href":"https:\/\/www.reconoce.mx\/index.php?rest_route=%2Fwp%2Fv2%2Ftags&post=66876"}],"curies":[{"name":"wp","href":"https:\/\/api.w.org\/{rel}","templated":true}]}}