{"id":66940,"date":"2017-10-17T00:06:15","date_gmt":"2017-10-17T05:06:15","guid":{"rendered":"http:\/\/www.reconoce.mx\/?p=66940"},"modified":"2017-10-16T23:56:57","modified_gmt":"2017-10-17T04:56:57","slug":"artesania-de-lirio-acuatico-mas-alla-de-lo-utilitario","status":"publish","type":"post","link":"https:\/\/www.reconoce.mx\/?p=66940","title":{"rendered":"Artesan\u00eda de lirio acu\u00e1tico, m\u00e1s all\u00e1 de lo utilitario"},"content":{"rendered":"<p><a href=\"http:\/\/art32.mx\/\" target=\"_blank\" rel=\"noopener noreferrer\"><img loading=\"lazy\" decoding=\"async\" class=\"aligncenter size-full wp-image-42011\" src=\"http:\/\/www.reconoce.mx\/wp-content\/uploads\/2017\/06\/Banner_art32.mxparaRMX.png\" alt=\"art32\" width=\"570\" height=\"70\" \/><\/a><strong><br \/>\nTexto y fotos por Yemmy Sierra<\/strong>.<\/p>\n<p>\u00bfEn d\u00f3nde creen que encontr\u00e9 a esta artesana? \u00a1Si! En el <strong>Museo Nacional de las Culturas Populares<\/strong>. Creo que la maravilla de los museos dedicados al arte popular es lo vivo que est\u00e1n y que en cada evento podemos empaparnos con todos los sentidos de lo que es parte de nuestra cultura. En esta ocasi\u00f3n se presentaron artesanos del estado de Veracruz de Ignacio de la Llave, en la expo artesanal <strong>Manos Veracruzanas<\/strong>; aqu\u00ed me encontr\u00e9 con <strong>Roberta Rodr\u00edguez San Gabriel<\/strong>, quien realiza artesan\u00edas elaboradas con lirio acu\u00e1tico.<\/p>\n<p><a href=\"http:\/\/www.reconoce.mx\/wp-content\/uploads\/2017\/10\/RobertaRodr\u00edguez-e1508162677817.jpg\"><img loading=\"lazy\" decoding=\"async\" src=\"http:\/\/www.reconoce.mx\/wp-content\/uploads\/2017\/10\/RobertaRodr\u00edguez-e1508162677817.jpg\" alt=\"\" width=\"590\" height=\"532\" class=\"aligncenter size-full wp-image-67041\" \/><\/a><\/p>\n<p style=\"text-align: right;\">Foto: <strong>Roberta Rodr\u00edguez San Gabriel<\/strong> mostrando las artesan\u00edas elaboradas con lirio acu\u00e1tico.<\/p>\n<p>Roberta forma parte del grupo de artesanas <strong>Flor de Lirio<\/strong> que est\u00e1 conformado por 10 artesanas y se encuentra legalmente constituido. Ellas viven en Ojoxapan que se localiza en el municipio de Catemaco en el estado de Veracruz de Ignacio de la Llave.<\/p>\n<p><a href=\"http:\/\/www.reconoce.mx\/wp-content\/uploads\/2017\/10\/Catemaco.png\"><img loading=\"lazy\" decoding=\"async\" src=\"http:\/\/www.reconoce.mx\/wp-content\/uploads\/2017\/10\/Catemaco.png\" alt=\"\" width=\"755\" height=\"818\" class=\"aligncenter size-full wp-image-67040\" srcset=\"https:\/\/www.reconoce.mx\/wp-content\/uploads\/2017\/10\/Catemaco.png 755w, https:\/\/www.reconoce.mx\/wp-content\/uploads\/2017\/10\/Catemaco-277x300.png 277w, https:\/\/www.reconoce.mx\/wp-content\/uploads\/2017\/10\/Catemaco-150x163.png 150w, https:\/\/www.reconoce.mx\/wp-content\/uploads\/2017\/10\/Catemaco-700x758.png 700w, https:\/\/www.reconoce.mx\/wp-content\/uploads\/2017\/10\/Catemaco-658x713.png 658w, https:\/\/www.reconoce.mx\/wp-content\/uploads\/2017\/10\/Catemaco-300x325.png 300w\" sizes=\"auto, (max-width: 755px) 100vw, 755px\" \/><\/a><\/p>\n<p style=\"text-align: right;\">Mapa: Ubicaci\u00f3n de Catemaco en el estado de Veracruz de Ignacio de la Llave.<\/p>\n<p>El proyecto nace por parte de la reserva de la bi\u00f3sfera de Catemaco hace aproximadamente 15 a\u00f1os. Buscaron a 20 mujeres que quisieran elaborar artesan\u00edas utilizando lirio acu\u00e1tico, les dieron asesor\u00eda para crear la base del tejido y costuras; a partir de esto ellas han desarrollado su propia forma de tejer el lirio y han logrado crear una gran variedad de productos, entramados y dise\u00f1os.<\/p>\n<p>El proceso comienza con la recolecci\u00f3n del lirio acu\u00e1tico que sirve como limpieza para la laguna de Catemaco. Cada una de las artesanas entra y se llena de lodo hasta la cintura, es una labor que lleva cierto riesgo ya que se topan con culebras, sanguijuelas, cocodrilos, entre otros. Hasta el momento s\u00f3lo han sido encuentros con las culebras y los cocodrilos, pero no se puede decir lo mismo de las sanguijuelas que se les pegan.<\/p>\n<p>S\u00f3lo una vez al a\u00f1o se puede realizar la recolecci\u00f3n del lirio en los meses de marzo, abril y mayo; si se recolecta a mitad del ciclo no tienen la misma consistencia y no se puede utilizar para tejer.<\/p>\n<p>Se lava para quitar el lodo, se tiende en los techos y esperan aproximadamente 8 d\u00edas, cuando el calor es intenso; a que seque. Una vez seco lo guardan en bolsas negras para que no le d\u00e9 el sol.<\/p>\n<p>Las piezas se elaboran a partir de un molde que hace la funci\u00f3n de base sobre la cual se va tejiendo. Cada artesana inventa su dise\u00f1o, colocan cierres y accesorios para adornar como son semillas de la regi\u00f3n o flores elaboradas con el mismo lirio. Al terminarlo sellan con un barniz comercial que puede o no contener color para crear una tonalidad m\u00e1s obscura.<\/p>\n<p>Algo que me sorprendi\u00f3 mucho es lo ligeras y resistentes que resultan las piezas.<\/p>\n<p>Elaboran una gran cantidad de productos como son: bolsas, sombreros, carteras, tortilleros, cajas, pulseras, cigarreras, juegos de ba\u00f1o, juegos de mesa, alhajeros, etc.<\/p>\n<p><a href=\"http:\/\/www.reconoce.mx\/wp-content\/uploads\/2017\/10\/ArtesaniaLirio-Final-e1508162660930.png\"><img loading=\"lazy\" decoding=\"async\" src=\"http:\/\/www.reconoce.mx\/wp-content\/uploads\/2017\/10\/ArtesaniaLirio-Final-e1508162660930.png\" alt=\"\" width=\"590\" height=\"885\" class=\"aligncenter size-full wp-image-67039\" \/><\/a><\/p>\n<p>Para estas mujeres artesanas la venta es un apoyo, mas no su \u00fanico sustento; ya s\u00f3lo quedan la mitad de las mujeres que iniciaron este proyecto porque a las dem\u00e1s no les gust\u00f3.<\/p>\n<p>Tienen su tienda en Ojoxapan y salen a ferias a vender. En una buena \u00e9poca venden todo lo que elaboran antes de que sea momento de volver a recolectar.<\/p>\n<p>Roberta considera que la mayor satisfacci\u00f3n que ha tenido como artesana, es la cantidad de lugares que ha conocido ya que han recorrido la rep\u00fablica en expos y han hecho buenas amistades.<\/p>\n<p>Le pregunto a Roberta: \u00ab\u00bfCon qu\u00e9 mensaje le gustar\u00eda que se quedaran las personas que conocen su trabajo?\u00bb Me responde: \u00abQue sigan comprando nuestras artesan\u00edas para que nosotras sigamos limpiando la laguna, el lirio es una plaga y con cada compra se ayuda a combatirla.\u00bb<\/p>\n<blockquote><p><a href=\"http:\/\/www.reconoce.mx\/wp-content\/uploads\/2017\/06\/YemmyCBN.jpg\" rel=\"lightbox[62647]\"><img loading=\"lazy\" decoding=\"async\" class=\"alignleft size-thumbnail wp-image-39872\" src=\"http:\/\/www.reconoce.mx\/wp-content\/uploads\/2017\/06\/YemmyCBN.jpg\" alt=\"IMG_5743\" width=\"150\" height=\"150\" \/><\/a><strong>Yemmy Sierra<\/strong>. Amante de la artesan\u00eda, la comida, la vida y la buena compa\u00f1\u00eda por lo que a menudo me encuentran en ferias y exposiciones junto a mi familia. Apasionada del aprendizaje, siento repentinos e intensos llamados que me han llevado desde estudiar japon\u00e9s hasta loditos uno en cer\u00e1mica. Me gusta sobreanalizar la vida, sumergirme en mis pensamientos, encontrar nuevos caminos, recorrerlos y desrecorrerlos. A\u00fan conservo la esperanza en la humanidad y creo que cuando cambie yo, cambiar\u00e1 el mundo: he encontrado en el emprendimiento la manera de sublimarme.<\/p><\/blockquote>\n<p>&nbsp;<\/p>\n<p>&nbsp;<\/p>\n","protected":false},"excerpt":{"rendered":"<p>\u00bfEn d\u00f3nde creen que encontr\u00e9 a esta artesana? \u00a1Si! En el Museo Nacional de las Culturas Populares. Creo que la maravilla de los museos dedicados al arte popular es lo vivo que est\u00e1n y que en cada evento podemos empaparnos con todos los sentidos de lo que es parte de nuestra cultura.<\/p>\n","protected":false},"author":2,"featured_media":66942,"comment_status":"open","ping_status":"open","sticky":false,"template":"","format":"standard","meta":{"footnotes":""},"categories":[2659,16,17],"tags":[],"class_list":["post-66940","post","type-post","status-publish","format-standard","has-post-thumbnail","hentry","category-art32-mx","category-columnistas","category-principal"],"yoast_head":"<!-- This site is optimized with the Yoast SEO plugin v24.7 - https:\/\/yoast.com\/wordpress\/plugins\/seo\/ -->\n<title>Artesan\u00eda de lirio acu\u00e1tico, m\u00e1s all\u00e1 de lo utilitario &#171; Reconoce MX<\/title>\n<meta name=\"robots\" content=\"index, follow, max-snippet:-1, max-image-preview:large, max-video-preview:-1\" \/>\n<link rel=\"canonical\" href=\"http:\/\/www.reconoce.mx\/?p=66940\" \/>\n<meta property=\"og:locale\" content=\"es_ES\" \/>\n<meta property=\"og:type\" content=\"article\" \/>\n<meta property=\"og:title\" content=\"Artesan\u00eda de lirio acu\u00e1tico, m\u00e1s all\u00e1 de lo utilitario &#171; Reconoce MX\" \/>\n<meta property=\"og:description\" content=\"\u00bfEn d\u00f3nde creen que encontr\u00e9 a esta artesana? \u00a1Si! En el Museo Nacional de las Culturas Populares. Creo que la maravilla de los museos dedicados al arte popular es lo vivo que est\u00e1n y que en cada evento podemos empaparnos con todos los sentidos de lo que es parte de nuestra cultura.\" \/>\n<meta property=\"og:url\" content=\"http:\/\/www.reconoce.mx\/?p=66940\" \/>\n<meta property=\"og:site_name\" content=\"Reconoce MX\" \/>\n<meta property=\"article:publisher\" content=\"https:\/\/es-la.facebook.com\/ReconoceMX\/\" \/>\n<meta property=\"article:published_time\" content=\"2017-10-17T05:06:15+00:00\" \/>\n<meta property=\"og:image\" content=\"http:\/\/www.reconoce.mx\/wp-content\/uploads\/2017\/10\/artesania-de-lirio.png\" \/>\n\t<meta property=\"og:image:width\" content=\"590\" \/>\n\t<meta property=\"og:image:height\" content=\"380\" \/>\n\t<meta property=\"og:image:type\" content=\"image\/png\" \/>\n<meta name=\"author\" content=\"Reconoce MX\" \/>\n<meta name=\"twitter:card\" content=\"summary_large_image\" \/>\n<meta name=\"twitter:creator\" content=\"@reconocemx\" \/>\n<meta name=\"twitter:site\" content=\"@reconocemx\" \/>\n<meta name=\"twitter:label1\" content=\"Escrito por\" \/>\n\t<meta name=\"twitter:data1\" content=\"Reconoce MX\" \/>\n\t<meta name=\"twitter:label2\" content=\"Tiempo de lectura\" \/>\n\t<meta name=\"twitter:data2\" content=\"4 minutos\" \/>\n<script type=\"application\/ld+json\" class=\"yoast-schema-graph\">{\"@context\":\"https:\/\/schema.org\",\"@graph\":[{\"@type\":\"Article\",\"@id\":\"http:\/\/www.reconoce.mx\/?p=66940#article\",\"isPartOf\":{\"@id\":\"http:\/\/www.reconoce.mx\/?p=66940\"},\"author\":{\"name\":\"Reconoce MX\",\"@id\":\"http:\/\/www.reconoce.mx\/#\/schema\/person\/2117e997d7051dc15d6880eaf9bca0b2\"},\"headline\":\"Artesan\u00eda de lirio acu\u00e1tico, m\u00e1s all\u00e1 de lo utilitario\",\"datePublished\":\"2017-10-17T05:06:15+00:00\",\"mainEntityOfPage\":{\"@id\":\"http:\/\/www.reconoce.mx\/?p=66940\"},\"wordCount\":760,\"commentCount\":0,\"publisher\":{\"@id\":\"http:\/\/www.reconoce.mx\/#organization\"},\"image\":{\"@id\":\"http:\/\/www.reconoce.mx\/?p=66940#primaryimage\"},\"thumbnailUrl\":\"https:\/\/www.reconoce.mx\/wp-content\/uploads\/2017\/10\/artesania-de-lirio.png\",\"articleSection\":[\"Art32.mx\",\"Columnistas\",\"Principal\"],\"inLanguage\":\"es\",\"potentialAction\":[{\"@type\":\"CommentAction\",\"name\":\"Comment\",\"target\":[\"http:\/\/www.reconoce.mx\/?p=66940#respond\"]}]},{\"@type\":\"WebPage\",\"@id\":\"http:\/\/www.reconoce.mx\/?p=66940\",\"url\":\"http:\/\/www.reconoce.mx\/?p=66940\",\"name\":\"Artesan\u00eda de lirio acu\u00e1tico, m\u00e1s all\u00e1 de lo utilitario &#171; Reconoce MX\",\"isPartOf\":{\"@id\":\"http:\/\/www.reconoce.mx\/#website\"},\"primaryImageOfPage\":{\"@id\":\"http:\/\/www.reconoce.mx\/?p=66940#primaryimage\"},\"image\":{\"@id\":\"http:\/\/www.reconoce.mx\/?p=66940#primaryimage\"},\"thumbnailUrl\":\"https:\/\/www.reconoce.mx\/wp-content\/uploads\/2017\/10\/artesania-de-lirio.png\",\"datePublished\":\"2017-10-17T05:06:15+00:00\",\"breadcrumb\":{\"@id\":\"http:\/\/www.reconoce.mx\/?p=66940#breadcrumb\"},\"inLanguage\":\"es\",\"potentialAction\":[{\"@type\":\"ReadAction\",\"target\":[\"http:\/\/www.reconoce.mx\/?p=66940\"]}]},{\"@type\":\"ImageObject\",\"inLanguage\":\"es\",\"@id\":\"http:\/\/www.reconoce.mx\/?p=66940#primaryimage\",\"url\":\"https:\/\/www.reconoce.mx\/wp-content\/uploads\/2017\/10\/artesania-de-lirio.png\",\"contentUrl\":\"https:\/\/www.reconoce.mx\/wp-content\/uploads\/2017\/10\/artesania-de-lirio.png\",\"width\":590,\"height\":380},{\"@type\":\"BreadcrumbList\",\"@id\":\"http:\/\/www.reconoce.mx\/?p=66940#breadcrumb\",\"itemListElement\":[{\"@type\":\"ListItem\",\"position\":1,\"name\":\"Portada\",\"item\":\"http:\/\/www.reconoce.mx\/\"},{\"@type\":\"ListItem\",\"position\":2,\"name\":\"Artesan\u00eda de lirio acu\u00e1tico, m\u00e1s all\u00e1 de lo utilitario\"}]},{\"@type\":\"WebSite\",\"@id\":\"http:\/\/www.reconoce.mx\/#website\",\"url\":\"http:\/\/www.reconoce.mx\/\",\"name\":\"Reconoce MX\",\"description\":\"En Reconoce MX difundimos arte, cultura y conciencia social en M\u00e9xico. Tu ciudad en otra perspectiva.\",\"publisher\":{\"@id\":\"http:\/\/www.reconoce.mx\/#organization\"},\"potentialAction\":[{\"@type\":\"SearchAction\",\"target\":{\"@type\":\"EntryPoint\",\"urlTemplate\":\"http:\/\/www.reconoce.mx\/?s={search_term_string}\"},\"query-input\":{\"@type\":\"PropertyValueSpecification\",\"valueRequired\":true,\"valueName\":\"search_term_string\"}}],\"inLanguage\":\"es\"},{\"@type\":\"Organization\",\"@id\":\"http:\/\/www.reconoce.mx\/#organization\",\"name\":\"Reconoce MX\",\"url\":\"http:\/\/www.reconoce.mx\/\",\"logo\":{\"@type\":\"ImageObject\",\"inLanguage\":\"es\",\"@id\":\"http:\/\/www.reconoce.mx\/#\/schema\/logo\/image\/\",\"url\":\"https:\/\/www.reconoce.mx\/wp-content\/uploads\/2019\/03\/logorcmx-good-1.png\",\"contentUrl\":\"https:\/\/www.reconoce.mx\/wp-content\/uploads\/2019\/03\/logorcmx-good-1.png\",\"width\":280,\"height\":90,\"caption\":\"Reconoce MX\"},\"image\":{\"@id\":\"http:\/\/www.reconoce.mx\/#\/schema\/logo\/image\/\"},\"sameAs\":[\"https:\/\/es-la.facebook.com\/ReconoceMX\/\",\"https:\/\/x.com\/reconocemx\",\"http:\/\/@reconocemx\"]},{\"@type\":\"Person\",\"@id\":\"http:\/\/www.reconoce.mx\/#\/schema\/person\/2117e997d7051dc15d6880eaf9bca0b2\",\"name\":\"Reconoce MX\",\"image\":{\"@type\":\"ImageObject\",\"inLanguage\":\"es\",\"@id\":\"http:\/\/www.reconoce.mx\/#\/schema\/person\/image\/\",\"url\":\"https:\/\/secure.gravatar.com\/avatar\/6c8d4dc7569ca1c90c5fdcc349f839d5ddef6fe1e70b4337ead2ef1a4c43fc3a?s=96&d=identicon&r=g\",\"contentUrl\":\"https:\/\/secure.gravatar.com\/avatar\/6c8d4dc7569ca1c90c5fdcc349f839d5ddef6fe1e70b4337ead2ef1a4c43fc3a?s=96&d=identicon&r=g\",\"caption\":\"Reconoce MX\"},\"description\":\"Reconoce MX es un proyecto de difusi\u00f3n art\u00edstica, cultural y de conciencia social que est\u00e1 enfocado a difundir y fomentar el entretenimiento alternativo de calidad para todo el p\u00fablico que comparta el mismo entusiasmo.\",\"sameAs\":[\"http:\/\/www.reconoce.mx\"],\"url\":\"https:\/\/www.reconoce.mx\/?author=2\"}]}<\/script>\n<!-- \/ Yoast SEO plugin. -->","yoast_head_json":{"title":"Artesan\u00eda de lirio acu\u00e1tico, m\u00e1s all\u00e1 de lo utilitario &#171; Reconoce MX","robots":{"index":"index","follow":"follow","max-snippet":"max-snippet:-1","max-image-preview":"max-image-preview:large","max-video-preview":"max-video-preview:-1"},"canonical":"http:\/\/www.reconoce.mx\/?p=66940","og_locale":"es_ES","og_type":"article","og_title":"Artesan\u00eda de lirio acu\u00e1tico, m\u00e1s all\u00e1 de lo utilitario &#171; Reconoce MX","og_description":"\u00bfEn d\u00f3nde creen que encontr\u00e9 a esta artesana? \u00a1Si! En el Museo Nacional de las Culturas Populares. Creo que la maravilla de los museos dedicados al arte popular es lo vivo que est\u00e1n y que en cada evento podemos empaparnos con todos los sentidos de lo que es parte de nuestra cultura.","og_url":"http:\/\/www.reconoce.mx\/?p=66940","og_site_name":"Reconoce MX","article_publisher":"https:\/\/es-la.facebook.com\/ReconoceMX\/","article_published_time":"2017-10-17T05:06:15+00:00","og_image":[{"width":590,"height":380,"url":"http:\/\/www.reconoce.mx\/wp-content\/uploads\/2017\/10\/artesania-de-lirio.png","type":"image\/png"}],"author":"Reconoce MX","twitter_card":"summary_large_image","twitter_creator":"@reconocemx","twitter_site":"@reconocemx","twitter_misc":{"Escrito por":"Reconoce MX","Tiempo de lectura":"4 minutos"},"schema":{"@context":"https:\/\/schema.org","@graph":[{"@type":"Article","@id":"http:\/\/www.reconoce.mx\/?p=66940#article","isPartOf":{"@id":"http:\/\/www.reconoce.mx\/?p=66940"},"author":{"name":"Reconoce MX","@id":"http:\/\/www.reconoce.mx\/#\/schema\/person\/2117e997d7051dc15d6880eaf9bca0b2"},"headline":"Artesan\u00eda de lirio acu\u00e1tico, m\u00e1s all\u00e1 de lo utilitario","datePublished":"2017-10-17T05:06:15+00:00","mainEntityOfPage":{"@id":"http:\/\/www.reconoce.mx\/?p=66940"},"wordCount":760,"commentCount":0,"publisher":{"@id":"http:\/\/www.reconoce.mx\/#organization"},"image":{"@id":"http:\/\/www.reconoce.mx\/?p=66940#primaryimage"},"thumbnailUrl":"https:\/\/www.reconoce.mx\/wp-content\/uploads\/2017\/10\/artesania-de-lirio.png","articleSection":["Art32.mx","Columnistas","Principal"],"inLanguage":"es","potentialAction":[{"@type":"CommentAction","name":"Comment","target":["http:\/\/www.reconoce.mx\/?p=66940#respond"]}]},{"@type":"WebPage","@id":"http:\/\/www.reconoce.mx\/?p=66940","url":"http:\/\/www.reconoce.mx\/?p=66940","name":"Artesan\u00eda de lirio acu\u00e1tico, m\u00e1s all\u00e1 de lo utilitario &#171; Reconoce MX","isPartOf":{"@id":"http:\/\/www.reconoce.mx\/#website"},"primaryImageOfPage":{"@id":"http:\/\/www.reconoce.mx\/?p=66940#primaryimage"},"image":{"@id":"http:\/\/www.reconoce.mx\/?p=66940#primaryimage"},"thumbnailUrl":"https:\/\/www.reconoce.mx\/wp-content\/uploads\/2017\/10\/artesania-de-lirio.png","datePublished":"2017-10-17T05:06:15+00:00","breadcrumb":{"@id":"http:\/\/www.reconoce.mx\/?p=66940#breadcrumb"},"inLanguage":"es","potentialAction":[{"@type":"ReadAction","target":["http:\/\/www.reconoce.mx\/?p=66940"]}]},{"@type":"ImageObject","inLanguage":"es","@id":"http:\/\/www.reconoce.mx\/?p=66940#primaryimage","url":"https:\/\/www.reconoce.mx\/wp-content\/uploads\/2017\/10\/artesania-de-lirio.png","contentUrl":"https:\/\/www.reconoce.mx\/wp-content\/uploads\/2017\/10\/artesania-de-lirio.png","width":590,"height":380},{"@type":"BreadcrumbList","@id":"http:\/\/www.reconoce.mx\/?p=66940#breadcrumb","itemListElement":[{"@type":"ListItem","position":1,"name":"Portada","item":"http:\/\/www.reconoce.mx\/"},{"@type":"ListItem","position":2,"name":"Artesan\u00eda de lirio acu\u00e1tico, m\u00e1s all\u00e1 de lo utilitario"}]},{"@type":"WebSite","@id":"http:\/\/www.reconoce.mx\/#website","url":"http:\/\/www.reconoce.mx\/","name":"Reconoce MX","description":"En Reconoce MX difundimos arte, cultura y conciencia social en M\u00e9xico. Tu ciudad en otra perspectiva.","publisher":{"@id":"http:\/\/www.reconoce.mx\/#organization"},"potentialAction":[{"@type":"SearchAction","target":{"@type":"EntryPoint","urlTemplate":"http:\/\/www.reconoce.mx\/?s={search_term_string}"},"query-input":{"@type":"PropertyValueSpecification","valueRequired":true,"valueName":"search_term_string"}}],"inLanguage":"es"},{"@type":"Organization","@id":"http:\/\/www.reconoce.mx\/#organization","name":"Reconoce MX","url":"http:\/\/www.reconoce.mx\/","logo":{"@type":"ImageObject","inLanguage":"es","@id":"http:\/\/www.reconoce.mx\/#\/schema\/logo\/image\/","url":"https:\/\/www.reconoce.mx\/wp-content\/uploads\/2019\/03\/logorcmx-good-1.png","contentUrl":"https:\/\/www.reconoce.mx\/wp-content\/uploads\/2019\/03\/logorcmx-good-1.png","width":280,"height":90,"caption":"Reconoce MX"},"image":{"@id":"http:\/\/www.reconoce.mx\/#\/schema\/logo\/image\/"},"sameAs":["https:\/\/es-la.facebook.com\/ReconoceMX\/","https:\/\/x.com\/reconocemx","http:\/\/@reconocemx"]},{"@type":"Person","@id":"http:\/\/www.reconoce.mx\/#\/schema\/person\/2117e997d7051dc15d6880eaf9bca0b2","name":"Reconoce MX","image":{"@type":"ImageObject","inLanguage":"es","@id":"http:\/\/www.reconoce.mx\/#\/schema\/person\/image\/","url":"https:\/\/secure.gravatar.com\/avatar\/6c8d4dc7569ca1c90c5fdcc349f839d5ddef6fe1e70b4337ead2ef1a4c43fc3a?s=96&d=identicon&r=g","contentUrl":"https:\/\/secure.gravatar.com\/avatar\/6c8d4dc7569ca1c90c5fdcc349f839d5ddef6fe1e70b4337ead2ef1a4c43fc3a?s=96&d=identicon&r=g","caption":"Reconoce MX"},"description":"Reconoce MX es un proyecto de difusi\u00f3n art\u00edstica, cultural y de conciencia social que est\u00e1 enfocado a difundir y fomentar el entretenimiento alternativo de calidad para todo el p\u00fablico que comparta el mismo entusiasmo.","sameAs":["http:\/\/www.reconoce.mx"],"url":"https:\/\/www.reconoce.mx\/?author=2"}]}},"_links":{"self":[{"href":"https:\/\/www.reconoce.mx\/index.php?rest_route=\/wp\/v2\/posts\/66940","targetHints":{"allow":["GET"]}}],"collection":[{"href":"https:\/\/www.reconoce.mx\/index.php?rest_route=\/wp\/v2\/posts"}],"about":[{"href":"https:\/\/www.reconoce.mx\/index.php?rest_route=\/wp\/v2\/types\/post"}],"author":[{"embeddable":true,"href":"https:\/\/www.reconoce.mx\/index.php?rest_route=\/wp\/v2\/users\/2"}],"replies":[{"embeddable":true,"href":"https:\/\/www.reconoce.mx\/index.php?rest_route=%2Fwp%2Fv2%2Fcomments&post=66940"}],"version-history":[{"count":4,"href":"https:\/\/www.reconoce.mx\/index.php?rest_route=\/wp\/v2\/posts\/66940\/revisions"}],"predecessor-version":[{"id":67042,"href":"https:\/\/www.reconoce.mx\/index.php?rest_route=\/wp\/v2\/posts\/66940\/revisions\/67042"}],"wp:featuredmedia":[{"embeddable":true,"href":"https:\/\/www.reconoce.mx\/index.php?rest_route=\/wp\/v2\/media\/66942"}],"wp:attachment":[{"href":"https:\/\/www.reconoce.mx\/index.php?rest_route=%2Fwp%2Fv2%2Fmedia&parent=66940"}],"wp:term":[{"taxonomy":"category","embeddable":true,"href":"https:\/\/www.reconoce.mx\/index.php?rest_route=%2Fwp%2Fv2%2Fcategories&post=66940"},{"taxonomy":"post_tag","embeddable":true,"href":"https:\/\/www.reconoce.mx\/index.php?rest_route=%2Fwp%2Fv2%2Ftags&post=66940"}],"curies":[{"name":"wp","href":"https:\/\/api.w.org\/{rel}","templated":true}]}}