{"id":66957,"date":"2017-10-18T00:05:59","date_gmt":"2017-10-18T05:05:59","guid":{"rendered":"http:\/\/www.reconoce.mx\/?p=66957"},"modified":"2017-10-18T03:09:09","modified_gmt":"2017-10-18T08:09:09","slug":"vicio-de-camilo-septimo","status":"publish","type":"post","link":"https:\/\/www.reconoce.mx\/?p=66957","title":{"rendered":"&#8216;Vicio&#8217;, de Camilo S\u00e9ptimo"},"content":{"rendered":"<p><a href=\"http:\/\/www.reconoce.mx\/category\/cultura\/musica\/video-de-la-semana\/\"><img loading=\"lazy\" decoding=\"async\" class=\"aligncenter size-full wp-image-38360\" src=\"http:\/\/www.reconoce.mx\/wp-content\/uploads\/2015\/06\/videodelasemana.png\" alt=\"Martes\" width=\"550\" height=\"70\" \/><\/a><strong><br \/>\nPor <a title=\"@AsfaltosTweets\" href=\"http:\/\/twitter.com\/AsfaltosTweets\" target=\"_blank\" rel=\"noopener noreferrer\">Asfaltos<\/a><\/strong>.<\/p>\n<p>Nos encontramos a 2 meses de que en <strong>Reconoce MX<\/strong> elijamos lo que a nuestro parecer es lo mejor que nos ha dejado 2017, entre ello, los mejores videos musicales. Mientras eso sucede, el <a href=\"http:\/\/www.reconoce.mx\/category\/cultura\/musica\/video-de-la-semana\/\" target=\"_blank\" rel=\"noopener\">Video de la semana<\/a> lo vuelven a protagonizar una banda que se ha colado anteriormente con sus espectaculares trabajos \u00ab<a href=\"http:\/\/www.reconoce.mx\/ser-humano-de-camilo-septimo\/\" target=\"_blank\" rel=\"noopener\">Ser humano<\/a>\u00bb y \u00ab<a href=\"http:\/\/www.reconoce.mx\/fusion-de-camilo-septimo\/\" target=\"_blank\" rel=\"noopener\">Fusi\u00f3n<\/a>\u00ab, dos fuertes contendintes. Con \u00abVicio\u00bb, su nuevo audiovisual, lo vuelven a hacer.<\/p>\n<style>.embed-container { position: relative; padding-bottom: 56.25%; height: 0; overflow: hidden; max-width: 100%; } .embed-container iframe, .embed-container object, .embed-container embed { position: absolute; top: 0; left: 0; width: 100%; height: 100%; }<\/style>\n<div class=\"embed-container\"><iframe loading=\"lazy\" src=\"https:\/\/www.youtube.com\/embed\/St2MAMAqGXE\" width=\"300\" height=\"150\" frameborder=\"0\" allowfullscreen=\"allowfullscreen\"><\/iframe><\/div>\n<p>&nbsp;<\/p>\n<p>Desprendida del \u00ab\u00d3leos\u00bb del grupo, \u00abVicio\u00bb es en lo que respecta a la m\u00fasica, una evoluci\u00f3n de lo que era su anterior material \u00abMaya\u00bb. \u00ab&#8216;Vicio&#8217; fue la \u00faltima canci\u00f3n que compusimos para &#8216;\u00d3leos'\u00bb, destaca Manuel Mendoza de <strong>Camilo S\u00e9ptimo<\/strong>. \u00abSe convierte en una canci\u00f3n especial porque se plasm\u00f3 muy bien la energ\u00eda que quer\u00edamos transmitir a la gente. Adem\u00e1s es una de las canciones que m\u00e1s nos gusta tocar en vivo y que nos divierte\u00bb.<\/p>\n<p>La canci\u00f3n, tanto en su letra, como en el video, trata sobre c\u00f3mo la dependencia a alguien o a algo puede resultar en un efecto no esperado. En el video el mensaje se nos muestra con una pareja a la que en principio vemos que es el amor lo que les hace dependientes, pero conforme van avanzando las im\u00e1genes nos queda claro tambi\u00e9n que es adem\u00e1s de lo anterior la combinaci\u00f3n con algunas sustancias.<\/p>\n<p>Con coreograf\u00edas, juegos de luces y de c\u00e1mara que terminan por conseguir el efecto alucin\u00f3geno que los dos protagonistas viven, la productora juarense <strong>Autumn Leave Films<\/strong>, con la direcci\u00f3n de <strong>Julio Abad<\/strong> y la fotograf\u00eda de <strong>Mundo Luj\u00e1n<\/strong>, consiguen un audiovisual que da continuidad a los anteriores videos musicales de la banda, \u00ab<a href=\"http:\/\/www.reconoce.mx\/ser-humano-de-camilo-septimo\/\" target=\"_blank\" rel=\"noopener\">Ser humano<\/a>\u00bb y \u00ab<a href=\"http:\/\/www.reconoce.mx\/fusion-de-camilo-septimo\/\" target=\"_blank\" rel=\"noopener\">Fusi\u00f3n<\/a>\u00ab, con los que los mismos <strong>Camilo S\u00e9ptimo<\/strong> han logrado un trabajo redondo que se complementa de manera perfecta con el arte del material, la m\u00fasica y lo que se vive en los shows en vivo.<\/p>\n<p>Recuerden que <strong>Camilo S\u00e9ptimo<\/strong> se presentar\u00e1n en el <strong>Teatro Metrop\u00f3litan<\/strong> los d\u00edas 29 y 30 de noviembre. Los boletos est\u00e1n a la venta a trav\u00e9s del <a href=\"http:\/\/www.ticketmaster.com.mx\/Camilo-Septimo-boletos\/artist\/2067611\" target=\"_blank\" rel=\"noopener\">Sistema Ticketmaster<\/a>.<\/p>\n<p>&nbsp;<\/p>\n<p>&nbsp;<\/p>\n","protected":false},"excerpt":{"rendered":"<p>Nos encontramos a 2 meses de que en Reconoce MX elijamos lo que a nuestro parecer es lo mejor que nos ha dejado 2017, entre ello, los mejores videos musicales. Mientras eso sucede, el Video de la semana lo vuelven a protagonizar una banda que se ha colado anteriormente con sus espectaculares trabajos \u00abSer humano\u00bb y \u00abFusi\u00f3n\u00bb, dos fuertes contendintes.<\/p>\n","protected":false},"author":2,"featured_media":66960,"comment_status":"open","ping_status":"open","sticky":false,"template":"","format":"standard","meta":{"footnotes":""},"categories":[1,18,17,2575],"tags":[],"class_list":["post-66957","post","type-post","status-publish","format-standard","has-post-thumbnail","hentry","category-cultura","category-musica","category-principal","category-video-de-la-semana"],"yoast_head":"<!-- This site is optimized with the Yoast SEO plugin v24.7 - https:\/\/yoast.com\/wordpress\/plugins\/seo\/ -->\n<title>&#039;Vicio&#039;, de Camilo S\u00e9ptimo &#171; Reconoce MX<\/title>\n<meta name=\"robots\" content=\"index, follow, max-snippet:-1, max-image-preview:large, max-video-preview:-1\" \/>\n<link rel=\"canonical\" href=\"https:\/\/www.reconoce.mx\/?p=66957\" \/>\n<meta property=\"og:locale\" content=\"es_ES\" \/>\n<meta property=\"og:type\" content=\"article\" \/>\n<meta property=\"og:title\" content=\"&#039;Vicio&#039;, de Camilo S\u00e9ptimo &#171; Reconoce MX\" \/>\n<meta property=\"og:description\" content=\"Nos encontramos a 2 meses de que en Reconoce MX elijamos lo que a nuestro parecer es lo mejor que nos ha dejado 2017, entre ello, los mejores videos musicales. Mientras eso sucede, el Video de la semana lo vuelven a protagonizar una banda que se ha colado anteriormente con sus espectaculares trabajos &quot;Ser humano&quot; y &quot;Fusi\u00f3n&quot;, dos fuertes contendintes.\" \/>\n<meta property=\"og:url\" content=\"https:\/\/www.reconoce.mx\/?p=66957\" \/>\n<meta property=\"og:site_name\" content=\"Reconoce MX\" \/>\n<meta property=\"article:publisher\" content=\"https:\/\/es-la.facebook.com\/ReconoceMX\/\" \/>\n<meta property=\"article:published_time\" content=\"2017-10-18T05:05:59+00:00\" \/>\n<meta property=\"article:modified_time\" content=\"2017-10-18T08:09:09+00:00\" \/>\n<meta property=\"og:image\" content=\"https:\/\/www.reconoce.mx\/wp-content\/uploads\/2017\/10\/vicio-camilo-septimo.png\" \/>\n\t<meta property=\"og:image:width\" content=\"590\" \/>\n\t<meta property=\"og:image:height\" content=\"380\" \/>\n\t<meta property=\"og:image:type\" content=\"image\/png\" \/>\n<meta name=\"author\" content=\"Reconoce MX\" \/>\n<meta name=\"twitter:card\" content=\"summary_large_image\" \/>\n<meta name=\"twitter:creator\" content=\"@reconocemx\" \/>\n<meta name=\"twitter:site\" content=\"@reconocemx\" \/>\n<meta name=\"twitter:label1\" content=\"Escrito por\" \/>\n\t<meta name=\"twitter:data1\" content=\"Reconoce MX\" \/>\n\t<meta name=\"twitter:label2\" content=\"Tiempo de lectura\" \/>\n\t<meta name=\"twitter:data2\" content=\"2 minutos\" \/>\n<script type=\"application\/ld+json\" class=\"yoast-schema-graph\">{\"@context\":\"https:\/\/schema.org\",\"@graph\":[{\"@type\":\"Article\",\"@id\":\"https:\/\/www.reconoce.mx\/?p=66957#article\",\"isPartOf\":{\"@id\":\"https:\/\/www.reconoce.mx\/?p=66957\"},\"author\":{\"name\":\"Reconoce MX\",\"@id\":\"http:\/\/www.reconoce.mx\/#\/schema\/person\/2117e997d7051dc15d6880eaf9bca0b2\"},\"headline\":\"&#8216;Vicio&#8217;, de Camilo S\u00e9ptimo\",\"datePublished\":\"2017-10-18T05:05:59+00:00\",\"dateModified\":\"2017-10-18T08:09:09+00:00\",\"mainEntityOfPage\":{\"@id\":\"https:\/\/www.reconoce.mx\/?p=66957\"},\"wordCount\":375,\"commentCount\":0,\"publisher\":{\"@id\":\"http:\/\/www.reconoce.mx\/#organization\"},\"image\":{\"@id\":\"https:\/\/www.reconoce.mx\/?p=66957#primaryimage\"},\"thumbnailUrl\":\"https:\/\/www.reconoce.mx\/wp-content\/uploads\/2017\/10\/vicio-camilo-septimo.png\",\"articleSection\":[\"Cultura\",\"M\u00fasica\",\"Principal\",\"Video de la semana\"],\"inLanguage\":\"es\",\"potentialAction\":[{\"@type\":\"CommentAction\",\"name\":\"Comment\",\"target\":[\"https:\/\/www.reconoce.mx\/?p=66957#respond\"]}]},{\"@type\":\"WebPage\",\"@id\":\"https:\/\/www.reconoce.mx\/?p=66957\",\"url\":\"https:\/\/www.reconoce.mx\/?p=66957\",\"name\":\"'Vicio', de Camilo S\u00e9ptimo &#171; Reconoce MX\",\"isPartOf\":{\"@id\":\"http:\/\/www.reconoce.mx\/#website\"},\"primaryImageOfPage\":{\"@id\":\"https:\/\/www.reconoce.mx\/?p=66957#primaryimage\"},\"image\":{\"@id\":\"https:\/\/www.reconoce.mx\/?p=66957#primaryimage\"},\"thumbnailUrl\":\"https:\/\/www.reconoce.mx\/wp-content\/uploads\/2017\/10\/vicio-camilo-septimo.png\",\"datePublished\":\"2017-10-18T05:05:59+00:00\",\"dateModified\":\"2017-10-18T08:09:09+00:00\",\"breadcrumb\":{\"@id\":\"https:\/\/www.reconoce.mx\/?p=66957#breadcrumb\"},\"inLanguage\":\"es\",\"potentialAction\":[{\"@type\":\"ReadAction\",\"target\":[\"https:\/\/www.reconoce.mx\/?p=66957\"]}]},{\"@type\":\"ImageObject\",\"inLanguage\":\"es\",\"@id\":\"https:\/\/www.reconoce.mx\/?p=66957#primaryimage\",\"url\":\"https:\/\/www.reconoce.mx\/wp-content\/uploads\/2017\/10\/vicio-camilo-septimo.png\",\"contentUrl\":\"https:\/\/www.reconoce.mx\/wp-content\/uploads\/2017\/10\/vicio-camilo-septimo.png\",\"width\":590,\"height\":380},{\"@type\":\"BreadcrumbList\",\"@id\":\"https:\/\/www.reconoce.mx\/?p=66957#breadcrumb\",\"itemListElement\":[{\"@type\":\"ListItem\",\"position\":1,\"name\":\"Portada\",\"item\":\"http:\/\/www.reconoce.mx\/\"},{\"@type\":\"ListItem\",\"position\":2,\"name\":\"&#8216;Vicio&#8217;, de Camilo S\u00e9ptimo\"}]},{\"@type\":\"WebSite\",\"@id\":\"http:\/\/www.reconoce.mx\/#website\",\"url\":\"http:\/\/www.reconoce.mx\/\",\"name\":\"Reconoce MX\",\"description\":\"En Reconoce MX difundimos arte, cultura y conciencia social en M\u00e9xico. Tu ciudad en otra perspectiva.\",\"publisher\":{\"@id\":\"http:\/\/www.reconoce.mx\/#organization\"},\"potentialAction\":[{\"@type\":\"SearchAction\",\"target\":{\"@type\":\"EntryPoint\",\"urlTemplate\":\"http:\/\/www.reconoce.mx\/?s={search_term_string}\"},\"query-input\":{\"@type\":\"PropertyValueSpecification\",\"valueRequired\":true,\"valueName\":\"search_term_string\"}}],\"inLanguage\":\"es\"},{\"@type\":\"Organization\",\"@id\":\"http:\/\/www.reconoce.mx\/#organization\",\"name\":\"Reconoce MX\",\"url\":\"http:\/\/www.reconoce.mx\/\",\"logo\":{\"@type\":\"ImageObject\",\"inLanguage\":\"es\",\"@id\":\"http:\/\/www.reconoce.mx\/#\/schema\/logo\/image\/\",\"url\":\"https:\/\/www.reconoce.mx\/wp-content\/uploads\/2019\/03\/logorcmx-good-1.png\",\"contentUrl\":\"https:\/\/www.reconoce.mx\/wp-content\/uploads\/2019\/03\/logorcmx-good-1.png\",\"width\":280,\"height\":90,\"caption\":\"Reconoce MX\"},\"image\":{\"@id\":\"http:\/\/www.reconoce.mx\/#\/schema\/logo\/image\/\"},\"sameAs\":[\"https:\/\/es-la.facebook.com\/ReconoceMX\/\",\"https:\/\/x.com\/reconocemx\",\"http:\/\/@reconocemx\"]},{\"@type\":\"Person\",\"@id\":\"http:\/\/www.reconoce.mx\/#\/schema\/person\/2117e997d7051dc15d6880eaf9bca0b2\",\"name\":\"Reconoce MX\",\"image\":{\"@type\":\"ImageObject\",\"inLanguage\":\"es\",\"@id\":\"http:\/\/www.reconoce.mx\/#\/schema\/person\/image\/\",\"url\":\"https:\/\/secure.gravatar.com\/avatar\/6c8d4dc7569ca1c90c5fdcc349f839d5ddef6fe1e70b4337ead2ef1a4c43fc3a?s=96&d=identicon&r=g\",\"contentUrl\":\"https:\/\/secure.gravatar.com\/avatar\/6c8d4dc7569ca1c90c5fdcc349f839d5ddef6fe1e70b4337ead2ef1a4c43fc3a?s=96&d=identicon&r=g\",\"caption\":\"Reconoce MX\"},\"description\":\"Reconoce MX es un proyecto de difusi\u00f3n art\u00edstica, cultural y de conciencia social que est\u00e1 enfocado a difundir y fomentar el entretenimiento alternativo de calidad para todo el p\u00fablico que comparta el mismo entusiasmo.\",\"sameAs\":[\"http:\/\/www.reconoce.mx\"],\"url\":\"https:\/\/www.reconoce.mx\/?author=2\"}]}<\/script>\n<!-- \/ Yoast SEO plugin. -->","yoast_head_json":{"title":"'Vicio', de Camilo S\u00e9ptimo &#171; Reconoce MX","robots":{"index":"index","follow":"follow","max-snippet":"max-snippet:-1","max-image-preview":"max-image-preview:large","max-video-preview":"max-video-preview:-1"},"canonical":"https:\/\/www.reconoce.mx\/?p=66957","og_locale":"es_ES","og_type":"article","og_title":"'Vicio', de Camilo S\u00e9ptimo &#171; Reconoce MX","og_description":"Nos encontramos a 2 meses de que en Reconoce MX elijamos lo que a nuestro parecer es lo mejor que nos ha dejado 2017, entre ello, los mejores videos musicales. Mientras eso sucede, el Video de la semana lo vuelven a protagonizar una banda que se ha colado anteriormente con sus espectaculares trabajos \"Ser humano\" y \"Fusi\u00f3n\", dos fuertes contendintes.","og_url":"https:\/\/www.reconoce.mx\/?p=66957","og_site_name":"Reconoce MX","article_publisher":"https:\/\/es-la.facebook.com\/ReconoceMX\/","article_published_time":"2017-10-18T05:05:59+00:00","article_modified_time":"2017-10-18T08:09:09+00:00","og_image":[{"width":590,"height":380,"url":"https:\/\/www.reconoce.mx\/wp-content\/uploads\/2017\/10\/vicio-camilo-septimo.png","type":"image\/png"}],"author":"Reconoce MX","twitter_card":"summary_large_image","twitter_creator":"@reconocemx","twitter_site":"@reconocemx","twitter_misc":{"Escrito por":"Reconoce MX","Tiempo de lectura":"2 minutos"},"schema":{"@context":"https:\/\/schema.org","@graph":[{"@type":"Article","@id":"https:\/\/www.reconoce.mx\/?p=66957#article","isPartOf":{"@id":"https:\/\/www.reconoce.mx\/?p=66957"},"author":{"name":"Reconoce MX","@id":"http:\/\/www.reconoce.mx\/#\/schema\/person\/2117e997d7051dc15d6880eaf9bca0b2"},"headline":"&#8216;Vicio&#8217;, de Camilo S\u00e9ptimo","datePublished":"2017-10-18T05:05:59+00:00","dateModified":"2017-10-18T08:09:09+00:00","mainEntityOfPage":{"@id":"https:\/\/www.reconoce.mx\/?p=66957"},"wordCount":375,"commentCount":0,"publisher":{"@id":"http:\/\/www.reconoce.mx\/#organization"},"image":{"@id":"https:\/\/www.reconoce.mx\/?p=66957#primaryimage"},"thumbnailUrl":"https:\/\/www.reconoce.mx\/wp-content\/uploads\/2017\/10\/vicio-camilo-septimo.png","articleSection":["Cultura","M\u00fasica","Principal","Video de la semana"],"inLanguage":"es","potentialAction":[{"@type":"CommentAction","name":"Comment","target":["https:\/\/www.reconoce.mx\/?p=66957#respond"]}]},{"@type":"WebPage","@id":"https:\/\/www.reconoce.mx\/?p=66957","url":"https:\/\/www.reconoce.mx\/?p=66957","name":"'Vicio', de Camilo S\u00e9ptimo &#171; Reconoce MX","isPartOf":{"@id":"http:\/\/www.reconoce.mx\/#website"},"primaryImageOfPage":{"@id":"https:\/\/www.reconoce.mx\/?p=66957#primaryimage"},"image":{"@id":"https:\/\/www.reconoce.mx\/?p=66957#primaryimage"},"thumbnailUrl":"https:\/\/www.reconoce.mx\/wp-content\/uploads\/2017\/10\/vicio-camilo-septimo.png","datePublished":"2017-10-18T05:05:59+00:00","dateModified":"2017-10-18T08:09:09+00:00","breadcrumb":{"@id":"https:\/\/www.reconoce.mx\/?p=66957#breadcrumb"},"inLanguage":"es","potentialAction":[{"@type":"ReadAction","target":["https:\/\/www.reconoce.mx\/?p=66957"]}]},{"@type":"ImageObject","inLanguage":"es","@id":"https:\/\/www.reconoce.mx\/?p=66957#primaryimage","url":"https:\/\/www.reconoce.mx\/wp-content\/uploads\/2017\/10\/vicio-camilo-septimo.png","contentUrl":"https:\/\/www.reconoce.mx\/wp-content\/uploads\/2017\/10\/vicio-camilo-septimo.png","width":590,"height":380},{"@type":"BreadcrumbList","@id":"https:\/\/www.reconoce.mx\/?p=66957#breadcrumb","itemListElement":[{"@type":"ListItem","position":1,"name":"Portada","item":"http:\/\/www.reconoce.mx\/"},{"@type":"ListItem","position":2,"name":"&#8216;Vicio&#8217;, de Camilo S\u00e9ptimo"}]},{"@type":"WebSite","@id":"http:\/\/www.reconoce.mx\/#website","url":"http:\/\/www.reconoce.mx\/","name":"Reconoce MX","description":"En Reconoce MX difundimos arte, cultura y conciencia social en M\u00e9xico. Tu ciudad en otra perspectiva.","publisher":{"@id":"http:\/\/www.reconoce.mx\/#organization"},"potentialAction":[{"@type":"SearchAction","target":{"@type":"EntryPoint","urlTemplate":"http:\/\/www.reconoce.mx\/?s={search_term_string}"},"query-input":{"@type":"PropertyValueSpecification","valueRequired":true,"valueName":"search_term_string"}}],"inLanguage":"es"},{"@type":"Organization","@id":"http:\/\/www.reconoce.mx\/#organization","name":"Reconoce MX","url":"http:\/\/www.reconoce.mx\/","logo":{"@type":"ImageObject","inLanguage":"es","@id":"http:\/\/www.reconoce.mx\/#\/schema\/logo\/image\/","url":"https:\/\/www.reconoce.mx\/wp-content\/uploads\/2019\/03\/logorcmx-good-1.png","contentUrl":"https:\/\/www.reconoce.mx\/wp-content\/uploads\/2019\/03\/logorcmx-good-1.png","width":280,"height":90,"caption":"Reconoce MX"},"image":{"@id":"http:\/\/www.reconoce.mx\/#\/schema\/logo\/image\/"},"sameAs":["https:\/\/es-la.facebook.com\/ReconoceMX\/","https:\/\/x.com\/reconocemx","http:\/\/@reconocemx"]},{"@type":"Person","@id":"http:\/\/www.reconoce.mx\/#\/schema\/person\/2117e997d7051dc15d6880eaf9bca0b2","name":"Reconoce MX","image":{"@type":"ImageObject","inLanguage":"es","@id":"http:\/\/www.reconoce.mx\/#\/schema\/person\/image\/","url":"https:\/\/secure.gravatar.com\/avatar\/6c8d4dc7569ca1c90c5fdcc349f839d5ddef6fe1e70b4337ead2ef1a4c43fc3a?s=96&d=identicon&r=g","contentUrl":"https:\/\/secure.gravatar.com\/avatar\/6c8d4dc7569ca1c90c5fdcc349f839d5ddef6fe1e70b4337ead2ef1a4c43fc3a?s=96&d=identicon&r=g","caption":"Reconoce MX"},"description":"Reconoce MX es un proyecto de difusi\u00f3n art\u00edstica, cultural y de conciencia social que est\u00e1 enfocado a difundir y fomentar el entretenimiento alternativo de calidad para todo el p\u00fablico que comparta el mismo entusiasmo.","sameAs":["http:\/\/www.reconoce.mx"],"url":"https:\/\/www.reconoce.mx\/?author=2"}]}},"_links":{"self":[{"href":"https:\/\/www.reconoce.mx\/index.php?rest_route=\/wp\/v2\/posts\/66957","targetHints":{"allow":["GET"]}}],"collection":[{"href":"https:\/\/www.reconoce.mx\/index.php?rest_route=\/wp\/v2\/posts"}],"about":[{"href":"https:\/\/www.reconoce.mx\/index.php?rest_route=\/wp\/v2\/types\/post"}],"author":[{"embeddable":true,"href":"https:\/\/www.reconoce.mx\/index.php?rest_route=\/wp\/v2\/users\/2"}],"replies":[{"embeddable":true,"href":"https:\/\/www.reconoce.mx\/index.php?rest_route=%2Fwp%2Fv2%2Fcomments&post=66957"}],"version-history":[{"count":4,"href":"https:\/\/www.reconoce.mx\/index.php?rest_route=\/wp\/v2\/posts\/66957\/revisions"}],"predecessor-version":[{"id":66962,"href":"https:\/\/www.reconoce.mx\/index.php?rest_route=\/wp\/v2\/posts\/66957\/revisions\/66962"}],"wp:featuredmedia":[{"embeddable":true,"href":"https:\/\/www.reconoce.mx\/index.php?rest_route=\/wp\/v2\/media\/66960"}],"wp:attachment":[{"href":"https:\/\/www.reconoce.mx\/index.php?rest_route=%2Fwp%2Fv2%2Fmedia&parent=66957"}],"wp:term":[{"taxonomy":"category","embeddable":true,"href":"https:\/\/www.reconoce.mx\/index.php?rest_route=%2Fwp%2Fv2%2Fcategories&post=66957"},{"taxonomy":"post_tag","embeddable":true,"href":"https:\/\/www.reconoce.mx\/index.php?rest_route=%2Fwp%2Fv2%2Ftags&post=66957"}],"curies":[{"name":"wp","href":"https:\/\/api.w.org\/{rel}","templated":true}]}}